{"id":28345,"date":"2019-11-02T03:00:09","date_gmt":"2019-11-02T02:00:09","guid":{"rendered":"https:\/\/www.cde.ual.es\/?p=28345"},"modified":"2020-01-13T13:11:30","modified_gmt":"2020-01-13T12:11:30","slug":"the-commission-and-kosovo-close-to-an-agreement-on-counterterrorism","status":"publish","type":"post","link":"https:\/\/www.cde.ual.es\/en\/the-commission-and-kosovo-close-to-an-agreement-on-counterterrorism\/","title":{"rendered":"The Commission and Kosovo close to an agreement on counterterrorism"},"content":{"rendered":"<p id=\"page-title\" class=\"title\"><em><strong>Commission and the authorities of Kosovo endorse an arrangement on counterterrorism.<\/strong><\/em><\/p>\n<p><a href=\"https:\/\/www.cde.ual.es\/wp-content\/uploads\/2018\/11\/agreement-black-business-943630-e1542357220839.jpg\"><img decoding=\"async\" class=\"size-medium wp-image-9929 aligncenter\" src=\"https:\/\/www.cde.ual.es\/wp-content\/uploads\/2018\/11\/agreement-black-business-943630-300x200.jpg\" alt=\"\" width=\"300\" height=\"200\" \/><\/a><\/p>\n<p>Commissioner for Migration, Home Affairs and Citizenship, Dimitris\u00a0Avramopoulos\u00a0endorsed an arrangement for the implementation of the Joint Action Plan on Counter-Terrorism for the Western Balkans with the Minister of Internal Affairs of Kosovo, Ekrem\u00a0Mustafa.<br \/>\nThe arrangement identifies concrete priority actions, which the Kosovan authorities should take in the course of 2019 and 2020, and covers all five objectives of the\u00a0Joint Action Plan (PDF), which was endorsed by the EU and its Western Balkans partners in October 2018.<\/p>\n<h3>The agreement<\/h3>\n<p>The priority actions include:<\/p>\n<ul>\n<li>Focussing on addressing the challenges posed by returning Foreign Terrorist Fighters and their family members. This includes the systematic investigation and prosecution of criminal acts committed by Foreign Terrorist Fighters; disengagement, rehabilitation and reintegration programmes inside and outside prisons; the sharing of available information on Foreign Terrorist Fighters returning to Kosovo with EU Member States.<\/li>\n<li>Supporting structural measures, such as a Coordinator for Counterterrorism and for Countering Violent Extremism, an improved structure to Kosovo\u2019s threat assessment analysis and putting in place a coordination mechanism for new local projects on the prevention of violent extremism.<\/li>\n<li>Focussing on anti-money laundering and countering terrorist financing, including by rectifying deficiencies in the current regulatory framework, a comprehensive risk assessment on money laundering and terrorist financing, as well as measures to encourage the investigation and prosecution of the financing aspects of terrorism cases.<\/li>\n<\/ul>\n<h3>Current situation<\/h3>\n<p>The authorities of Kosovo intend to report biannually to the Commission on the state of implementation, including in terms of any difficulties they might be facing. The arrangement also indicates envisaged Commission support in this regard.<\/p>\n<h3>More information<\/h3>\n<p><a href=\"https:\/\/ec.europa.eu\/home-affairs\/news\/20191030_commission-authorities-kosovo-endorse-arrangement-counterterrorism_en\">Press release<\/a><\/p>\n<p><a href=\"https:\/\/ec.europa.eu\/home-affairs\/sites\/homeaffairs\/files\/news\/docs\/20181005_joint-action-plan-counter-terrorism-western-balkans.pdf\">Joint Action Plan<\/a><\/p>\n<p><a href=\"https:\/\/www.cde.ual.es\/en\/defense-and-security\/\">Defence and Security Section<\/a><\/p>\n","protected":false},"excerpt":{"rendered":"<p>Commission and the authorities of Kosovo endorse an arrangement on counterterrorism. Commissioner for Migration, Home Affairs and Citizenship, Dimitris\u00a0Avramopoulos\u00a0endorsed an arrangement for the implementation of the Joint Action Plan on Counter-Terrorism for the Western Balkans with the Minister of Internal Affairs of Kosovo, Ekrem\u00a0Mustafa. The arrangement identifies concrete priority actions, which the Kosovan authorities should [&hellip;]<\/p>\n","protected":false},"author":101012,"featured_media":18770,"comment_status":"open","ping_status":"open","sticky":false,"template":"","format":"standard","meta":{"_acf_changed":false,"_relevanssi_hide_post":"","_relevanssi_hide_content":"","_relevanssi_pin_for_all":"","_relevanssi_pin_keywords":"","_relevanssi_unpin_keywords":"","_relevanssi_related_keywords":"","_relevanssi_related_include_ids":"","_relevanssi_related_exclude_ids":"","_relevanssi_related_no_append":"","_relevanssi_related_not_related":"","_relevanssi_related_posts":"","_relevanssi_noindex_reason":"","_monsterinsights_skip_tracking":false,"_monsterinsights_sitenote_active":false,"_monsterinsights_sitenote_note":"","_monsterinsights_sitenote_category":0,"_genesis_hide_title":false,"_genesis_hide_breadcrumbs":false,"_genesis_hide_singular_image":false,"_genesis_hide_footer_widgets":false,"_genesis_custom_body_class":"","_genesis_custom_post_class":"","_genesis_layout":"","footnotes":""},"categories":[346],"tags":[368,515,351],"class_list":{"0":"post-28345","1":"post","2":"type-post","3":"status-publish","4":"format-standard","5":"has-post-thumbnail","7":"category-eu-news","8":"tag-european-union","9":"tag-terrorism","10":"tag-union-europea-en","11":"entry"},"acf":[],"yoast_head":"<!-- This site is optimized with the Yoast SEO plugin v27.4 - https:\/\/yoast.com\/product\/yoast-seo-wordpress\/ -->\n<title>The Commission and Kosovo close to an agreement on counterterrorism | CDE Almer\u00eda - Centro de Documentaci\u00f3n Europea - Universidad de Almer\u00eda<\/title>\n<meta name=\"robots\" content=\"index, follow, max-snippet:-1, max-image-preview:large, max-video-preview:-1\" \/>\n<link rel=\"canonical\" href=\"https:\/\/www.cde.ual.es\/en\/the-commission-and-kosovo-close-to-an-agreement-on-counterterrorism\/\" \/>\n<meta property=\"og:locale\" content=\"en_US\" \/>\n<meta property=\"og:type\" content=\"article\" \/>\n<meta property=\"og:title\" content=\"The Commission and Kosovo close to an agreement on counterterrorism | CDE Almer\u00eda - Centro de Documentaci\u00f3n Europea - Universidad de Almer\u00eda\" \/>\n<meta property=\"og:description\" content=\"Commission and the authorities of Kosovo endorse an arrangement on counterterrorism. Commissioner for Migration, Home Affairs and Citizenship, Dimitris\u00a0Avramopoulos\u00a0endorsed an arrangement for the implementation of the Joint Action Plan on Counter-Terrorism for the Western Balkans with the Minister of Internal Affairs of Kosovo, Ekrem\u00a0Mustafa. The arrangement identifies concrete priority actions, which the Kosovan authorities should [&hellip;]\" \/>\n<meta property=\"og:url\" content=\"https:\/\/www.cde.ual.es\/en\/the-commission-and-kosovo-close-to-an-agreement-on-counterterrorism\/\" \/>\n<meta property=\"og:site_name\" content=\"CDE Almer\u00eda - Centro de Documentaci\u00f3n Europea - Universidad de Almer\u00eda\" \/>\n<meta property=\"article:publisher\" content=\"https:\/\/www.facebook.com\/cdeuniversidadalmeria\/\" \/>\n<meta property=\"article:published_time\" content=\"2019-11-02T02:00:09+00:00\" \/>\n<meta property=\"article:modified_time\" content=\"2020-01-13T12:11:30+00:00\" \/>\n<meta property=\"og:image\" content=\"https:\/\/www.cde.ual.es\/wp-content\/uploads\/2018\/11\/agreement-black-business-943630-e1542357220839.jpg\" \/>\n\t<meta property=\"og:image:width\" content=\"600\" \/>\n\t<meta property=\"og:image:height\" content=\"401\" \/>\n\t<meta property=\"og:image:type\" content=\"image\/jpeg\" \/>\n<meta name=\"author\" content=\"BECACDE1\" \/>\n<meta name=\"twitter:card\" content=\"summary_large_image\" \/>\n<meta name=\"twitter:creator\" content=\"@cdeualmeria\" \/>\n<meta name=\"twitter:site\" content=\"@cdeualmeria\" \/>\n<meta name=\"twitter:label1\" content=\"Written by\" \/>\n\t<meta name=\"twitter:data1\" content=\"BECACDE1\" \/>\n\t<meta name=\"twitter:label2\" content=\"Est. reading time\" \/>\n\t<meta name=\"twitter:data2\" content=\"1 minute\" \/>\n<script type=\"application\/ld+json\" class=\"yoast-schema-graph\">{\"@context\":\"https:\\\/\\\/schema.org\",\"@graph\":[{\"@type\":\"Article\",\"@id\":\"https:\\\/\\\/www.cde.ual.es\\\/en\\\/the-commission-and-kosovo-close-to-an-agreement-on-counterterrorism\\\/#article\",\"isPartOf\":{\"@id\":\"https:\\\/\\\/www.cde.ual.es\\\/en\\\/the-commission-and-kosovo-close-to-an-agreement-on-counterterrorism\\\/\"},\"author\":{\"name\":\"BECACDE1\",\"@id\":\"https:\\\/\\\/www.cde.ual.es\\\/#\\\/schema\\\/person\\\/bf2f837cf3353e2161fe1087adbd728f\"},\"headline\":\"The Commission and Kosovo close to an agreement on counterterrorism\",\"datePublished\":\"2019-11-02T02:00:09+00:00\",\"dateModified\":\"2020-01-13T12:11:30+00:00\",\"mainEntityOfPage\":{\"@id\":\"https:\\\/\\\/www.cde.ual.es\\\/en\\\/the-commission-and-kosovo-close-to-an-agreement-on-counterterrorism\\\/\"},\"wordCount\":292,\"commentCount\":0,\"publisher\":{\"@id\":\"https:\\\/\\\/www.cde.ual.es\\\/#organization\"},\"image\":{\"@id\":\"https:\\\/\\\/www.cde.ual.es\\\/en\\\/the-commission-and-kosovo-close-to-an-agreement-on-counterterrorism\\\/#primaryimage\"},\"thumbnailUrl\":\"https:\\\/\\\/www.cde.ual.es\\\/wp-content\\\/uploads\\\/2018\\\/11\\\/agreement-black-business-943630-e1542357220839.jpg\",\"keywords\":[\"European Union\",\"Terrorism\",\"Uni\u00f3n Europea\"],\"articleSection\":[\"EU News\"],\"inLanguage\":\"en-US\",\"potentialAction\":[{\"@type\":\"CommentAction\",\"name\":\"Comment\",\"target\":[\"https:\\\/\\\/www.cde.ual.es\\\/en\\\/the-commission-and-kosovo-close-to-an-agreement-on-counterterrorism\\\/#respond\"]}]},{\"@type\":\"WebPage\",\"@id\":\"https:\\\/\\\/www.cde.ual.es\\\/en\\\/the-commission-and-kosovo-close-to-an-agreement-on-counterterrorism\\\/\",\"url\":\"https:\\\/\\\/www.cde.ual.es\\\/en\\\/the-commission-and-kosovo-close-to-an-agreement-on-counterterrorism\\\/\",\"name\":\"The Commission and Kosovo close to an agreement on counterterrorism | CDE Almer\u00eda - Centro de Documentaci\u00f3n Europea - Universidad de Almer\u00eda\",\"isPartOf\":{\"@id\":\"https:\\\/\\\/www.cde.ual.es\\\/#website\"},\"primaryImageOfPage\":{\"@id\":\"https:\\\/\\\/www.cde.ual.es\\\/en\\\/the-commission-and-kosovo-close-to-an-agreement-on-counterterrorism\\\/#primaryimage\"},\"image\":{\"@id\":\"https:\\\/\\\/www.cde.ual.es\\\/en\\\/the-commission-and-kosovo-close-to-an-agreement-on-counterterrorism\\\/#primaryimage\"},\"thumbnailUrl\":\"https:\\\/\\\/www.cde.ual.es\\\/wp-content\\\/uploads\\\/2018\\\/11\\\/agreement-black-business-943630-e1542357220839.jpg\",\"datePublished\":\"2019-11-02T02:00:09+00:00\",\"dateModified\":\"2020-01-13T12:11:30+00:00\",\"breadcrumb\":{\"@id\":\"https:\\\/\\\/www.cde.ual.es\\\/en\\\/the-commission-and-kosovo-close-to-an-agreement-on-counterterrorism\\\/#breadcrumb\"},\"inLanguage\":\"en-US\",\"potentialAction\":[{\"@type\":\"ReadAction\",\"target\":[\"https:\\\/\\\/www.cde.ual.es\\\/en\\\/the-commission-and-kosovo-close-to-an-agreement-on-counterterrorism\\\/\"]}]},{\"@type\":\"ImageObject\",\"inLanguage\":\"en-US\",\"@id\":\"https:\\\/\\\/www.cde.ual.es\\\/en\\\/the-commission-and-kosovo-close-to-an-agreement-on-counterterrorism\\\/#primaryimage\",\"url\":\"https:\\\/\\\/www.cde.ual.es\\\/wp-content\\\/uploads\\\/2018\\\/11\\\/agreement-black-business-943630-e1542357220839.jpg\",\"contentUrl\":\"https:\\\/\\\/www.cde.ual.es\\\/wp-content\\\/uploads\\\/2018\\\/11\\\/agreement-black-business-943630-e1542357220839.jpg\",\"width\":600,\"height\":401},{\"@type\":\"BreadcrumbList\",\"@id\":\"https:\\\/\\\/www.cde.ual.es\\\/en\\\/the-commission-and-kosovo-close-to-an-agreement-on-counterterrorism\\\/#breadcrumb\",\"itemListElement\":[{\"@type\":\"ListItem\",\"position\":1,\"name\":\"Inicio\",\"item\":\"https:\\\/\\\/www.cde.ual.es\\\/en\\\/\"},{\"@type\":\"ListItem\",\"position\":2,\"name\":\"EU News\",\"item\":\"https:\\\/\\\/www.cde.ual.es\\\/en\\\/category\\\/eu-news\\\/\"},{\"@type\":\"ListItem\",\"position\":3,\"name\":\"The Commission and Kosovo close to an agreement on counterterrorism\"}]},{\"@type\":\"WebSite\",\"@id\":\"https:\\\/\\\/www.cde.ual.es\\\/#website\",\"url\":\"https:\\\/\\\/www.cde.ual.es\\\/\",\"name\":\"CDE Almer\u00eda - Centro de Documentaci\u00f3n Europea - Universidad de Almer\u00eda\",\"description\":\"Centro de Documentaci\u00f3n Europea de la Universidad de Almer\u00eda\",\"publisher\":{\"@id\":\"https:\\\/\\\/www.cde.ual.es\\\/#organization\"},\"alternateName\":\"CDE Almer\u00eda\",\"potentialAction\":[{\"@type\":\"SearchAction\",\"target\":{\"@type\":\"EntryPoint\",\"urlTemplate\":\"https:\\\/\\\/www.cde.ual.es\\\/?s={search_term_string}\"},\"query-input\":{\"@type\":\"PropertyValueSpecification\",\"valueRequired\":true,\"valueName\":\"search_term_string\"}}],\"inLanguage\":\"en-US\"},{\"@type\":\"Organization\",\"@id\":\"https:\\\/\\\/www.cde.ual.es\\\/#organization\",\"name\":\"Centro de Documentaci\u00f3n Europea de Almer\u00eda\",\"url\":\"https:\\\/\\\/www.cde.ual.es\\\/\",\"logo\":{\"@type\":\"ImageObject\",\"inLanguage\":\"en-US\",\"@id\":\"https:\\\/\\\/www.cde.ual.es\\\/#\\\/schema\\\/logo\\\/image\\\/\",\"url\":\"https:\\\/\\\/www.cde.ual.es\\\/wp-content\\\/uploads\\\/2025\\\/07\\\/cde-logo-3.png\",\"contentUrl\":\"https:\\\/\\\/www.cde.ual.es\\\/wp-content\\\/uploads\\\/2025\\\/07\\\/cde-logo-3.png\",\"width\":1400,\"height\":300,\"caption\":\"Centro de Documentaci\u00f3n Europea de Almer\u00eda\"},\"image\":{\"@id\":\"https:\\\/\\\/www.cde.ual.es\\\/#\\\/schema\\\/logo\\\/image\\\/\"},\"sameAs\":[\"https:\\\/\\\/www.facebook.com\\\/cdeuniversidadalmeria\\\/\",\"https:\\\/\\\/x.com\\\/cdeualmeria\",\"https:\\\/\\\/www.tiktok.com\\\/@cdealmeria\",\"https:\\\/\\\/www.instagram.com\\\/cdealmeria\\\/\",\"https:\\\/\\\/www.linkedin.com\\\/in\\\/cde-almera-812b26a9\\\/\"]},{\"@type\":\"Person\",\"@id\":\"https:\\\/\\\/www.cde.ual.es\\\/#\\\/schema\\\/person\\\/bf2f837cf3353e2161fe1087adbd728f\",\"name\":\"BECACDE1\",\"image\":{\"@type\":\"ImageObject\",\"inLanguage\":\"en-US\",\"@id\":\"https:\\\/\\\/secure.gravatar.com\\\/avatar\\\/16a4c1e422b5dec818ee13eab3353b19db9cfd278cc10f9b0e1188a37671d9d4?s=96&d=mm&r=g\",\"url\":\"https:\\\/\\\/secure.gravatar.com\\\/avatar\\\/16a4c1e422b5dec818ee13eab3353b19db9cfd278cc10f9b0e1188a37671d9d4?s=96&d=mm&r=g\",\"contentUrl\":\"https:\\\/\\\/secure.gravatar.com\\\/avatar\\\/16a4c1e422b5dec818ee13eab3353b19db9cfd278cc10f9b0e1188a37671d9d4?s=96&d=mm&r=g\",\"caption\":\"BECACDE1\"},\"sameAs\":[\"http:\\\/\\\/www.cdealmeria.com\"]}]}<\/script>\n<!-- \/ Yoast SEO plugin. -->","yoast_head_json":{"title":"The Commission and Kosovo close to an agreement on counterterrorism | CDE Almer\u00eda - Centro de Documentaci\u00f3n Europea - Universidad de Almer\u00eda","robots":{"index":"index","follow":"follow","max-snippet":"max-snippet:-1","max-image-preview":"max-image-preview:large","max-video-preview":"max-video-preview:-1"},"canonical":"https:\/\/www.cde.ual.es\/en\/the-commission-and-kosovo-close-to-an-agreement-on-counterterrorism\/","og_locale":"en_US","og_type":"article","og_title":"The Commission and Kosovo close to an agreement on counterterrorism | CDE Almer\u00eda - Centro de Documentaci\u00f3n Europea - Universidad de Almer\u00eda","og_description":"Commission and the authorities of Kosovo endorse an arrangement on counterterrorism. Commissioner for Migration, Home Affairs and Citizenship, Dimitris\u00a0Avramopoulos\u00a0endorsed an arrangement for the implementation of the Joint Action Plan on Counter-Terrorism for the Western Balkans with the Minister of Internal Affairs of Kosovo, Ekrem\u00a0Mustafa. The arrangement identifies concrete priority actions, which the Kosovan authorities should [&hellip;]","og_url":"https:\/\/www.cde.ual.es\/en\/the-commission-and-kosovo-close-to-an-agreement-on-counterterrorism\/","og_site_name":"CDE Almer\u00eda - Centro de Documentaci\u00f3n Europea - Universidad de Almer\u00eda","article_publisher":"https:\/\/www.facebook.com\/cdeuniversidadalmeria\/","article_published_time":"2019-11-02T02:00:09+00:00","article_modified_time":"2020-01-13T12:11:30+00:00","og_image":[{"width":600,"height":401,"url":"https:\/\/www.cde.ual.es\/wp-content\/uploads\/2018\/11\/agreement-black-business-943630-e1542357220839.jpg","type":"image\/jpeg"}],"author":"BECACDE1","twitter_card":"summary_large_image","twitter_creator":"@cdeualmeria","twitter_site":"@cdeualmeria","twitter_misc":{"Written by":"BECACDE1","Est. reading time":"1 minute"},"schema":{"@context":"https:\/\/schema.org","@graph":[{"@type":"Article","@id":"https:\/\/www.cde.ual.es\/en\/the-commission-and-kosovo-close-to-an-agreement-on-counterterrorism\/#article","isPartOf":{"@id":"https:\/\/www.cde.ual.es\/en\/the-commission-and-kosovo-close-to-an-agreement-on-counterterrorism\/"},"author":{"name":"BECACDE1","@id":"https:\/\/www.cde.ual.es\/#\/schema\/person\/bf2f837cf3353e2161fe1087adbd728f"},"headline":"The Commission and Kosovo close to an agreement on counterterrorism","datePublished":"2019-11-02T02:00:09+00:00","dateModified":"2020-01-13T12:11:30+00:00","mainEntityOfPage":{"@id":"https:\/\/www.cde.ual.es\/en\/the-commission-and-kosovo-close-to-an-agreement-on-counterterrorism\/"},"wordCount":292,"commentCount":0,"publisher":{"@id":"https:\/\/www.cde.ual.es\/#organization"},"image":{"@id":"https:\/\/www.cde.ual.es\/en\/the-commission-and-kosovo-close-to-an-agreement-on-counterterrorism\/#primaryimage"},"thumbnailUrl":"https:\/\/www.cde.ual.es\/wp-content\/uploads\/2018\/11\/agreement-black-business-943630-e1542357220839.jpg","keywords":["European Union","Terrorism","Uni\u00f3n Europea"],"articleSection":["EU News"],"inLanguage":"en-US","potentialAction":[{"@type":"CommentAction","name":"Comment","target":["https:\/\/www.cde.ual.es\/en\/the-commission-and-kosovo-close-to-an-agreement-on-counterterrorism\/#respond"]}]},{"@type":"WebPage","@id":"https:\/\/www.cde.ual.es\/en\/the-commission-and-kosovo-close-to-an-agreement-on-counterterrorism\/","url":"https:\/\/www.cde.ual.es\/en\/the-commission-and-kosovo-close-to-an-agreement-on-counterterrorism\/","name":"The Commission and Kosovo close to an agreement on counterterrorism | CDE Almer\u00eda - Centro de Documentaci\u00f3n Europea - Universidad de Almer\u00eda","isPartOf":{"@id":"https:\/\/www.cde.ual.es\/#website"},"primaryImageOfPage":{"@id":"https:\/\/www.cde.ual.es\/en\/the-commission-and-kosovo-close-to-an-agreement-on-counterterrorism\/#primaryimage"},"image":{"@id":"https:\/\/www.cde.ual.es\/en\/the-commission-and-kosovo-close-to-an-agreement-on-counterterrorism\/#primaryimage"},"thumbnailUrl":"https:\/\/www.cde.ual.es\/wp-content\/uploads\/2018\/11\/agreement-black-business-943630-e1542357220839.jpg","datePublished":"2019-11-02T02:00:09+00:00","dateModified":"2020-01-13T12:11:30+00:00","breadcrumb":{"@id":"https:\/\/www.cde.ual.es\/en\/the-commission-and-kosovo-close-to-an-agreement-on-counterterrorism\/#breadcrumb"},"inLanguage":"en-US","potentialAction":[{"@type":"ReadAction","target":["https:\/\/www.cde.ual.es\/en\/the-commission-and-kosovo-close-to-an-agreement-on-counterterrorism\/"]}]},{"@type":"ImageObject","inLanguage":"en-US","@id":"https:\/\/www.cde.ual.es\/en\/the-commission-and-kosovo-close-to-an-agreement-on-counterterrorism\/#primaryimage","url":"https:\/\/www.cde.ual.es\/wp-content\/uploads\/2018\/11\/agreement-black-business-943630-e1542357220839.jpg","contentUrl":"https:\/\/www.cde.ual.es\/wp-content\/uploads\/2018\/11\/agreement-black-business-943630-e1542357220839.jpg","width":600,"height":401},{"@type":"BreadcrumbList","@id":"https:\/\/www.cde.ual.es\/en\/the-commission-and-kosovo-close-to-an-agreement-on-counterterrorism\/#breadcrumb","itemListElement":[{"@type":"ListItem","position":1,"name":"Inicio","item":"https:\/\/www.cde.ual.es\/en\/"},{"@type":"ListItem","position":2,"name":"EU News","item":"https:\/\/www.cde.ual.es\/en\/category\/eu-news\/"},{"@type":"ListItem","position":3,"name":"The Commission and Kosovo close to an agreement on counterterrorism"}]},{"@type":"WebSite","@id":"https:\/\/www.cde.ual.es\/#website","url":"https:\/\/www.cde.ual.es\/","name":"CDE Almer\u00eda - Centro de Documentaci\u00f3n Europea - Universidad de Almer\u00eda","description":"Centro de Documentaci\u00f3n Europea de la Universidad de Almer\u00eda","publisher":{"@id":"https:\/\/www.cde.ual.es\/#organization"},"alternateName":"CDE Almer\u00eda","potentialAction":[{"@type":"SearchAction","target":{"@type":"EntryPoint","urlTemplate":"https:\/\/www.cde.ual.es\/?s={search_term_string}"},"query-input":{"@type":"PropertyValueSpecification","valueRequired":true,"valueName":"search_term_string"}}],"inLanguage":"en-US"},{"@type":"Organization","@id":"https:\/\/www.cde.ual.es\/#organization","name":"Centro de Documentaci\u00f3n Europea de Almer\u00eda","url":"https:\/\/www.cde.ual.es\/","logo":{"@type":"ImageObject","inLanguage":"en-US","@id":"https:\/\/www.cde.ual.es\/#\/schema\/logo\/image\/","url":"https:\/\/www.cde.ual.es\/wp-content\/uploads\/2025\/07\/cde-logo-3.png","contentUrl":"https:\/\/www.cde.ual.es\/wp-content\/uploads\/2025\/07\/cde-logo-3.png","width":1400,"height":300,"caption":"Centro de Documentaci\u00f3n Europea de Almer\u00eda"},"image":{"@id":"https:\/\/www.cde.ual.es\/#\/schema\/logo\/image\/"},"sameAs":["https:\/\/www.facebook.com\/cdeuniversidadalmeria\/","https:\/\/x.com\/cdeualmeria","https:\/\/www.tiktok.com\/@cdealmeria","https:\/\/www.instagram.com\/cdealmeria\/","https:\/\/www.linkedin.com\/in\/cde-almera-812b26a9\/"]},{"@type":"Person","@id":"https:\/\/www.cde.ual.es\/#\/schema\/person\/bf2f837cf3353e2161fe1087adbd728f","name":"BECACDE1","image":{"@type":"ImageObject","inLanguage":"en-US","@id":"https:\/\/secure.gravatar.com\/avatar\/16a4c1e422b5dec818ee13eab3353b19db9cfd278cc10f9b0e1188a37671d9d4?s=96&d=mm&r=g","url":"https:\/\/secure.gravatar.com\/avatar\/16a4c1e422b5dec818ee13eab3353b19db9cfd278cc10f9b0e1188a37671d9d4?s=96&d=mm&r=g","contentUrl":"https:\/\/secure.gravatar.com\/avatar\/16a4c1e422b5dec818ee13eab3353b19db9cfd278cc10f9b0e1188a37671d9d4?s=96&d=mm&r=g","caption":"BECACDE1"},"sameAs":["http:\/\/www.cdealmeria.com"]}]}},"_links":{"self":[{"href":"https:\/\/www.cde.ual.es\/en\/wp-json\/wp\/v2\/posts\/28345","targetHints":{"allow":["GET"]}}],"collection":[{"href":"https:\/\/www.cde.ual.es\/en\/wp-json\/wp\/v2\/posts"}],"about":[{"href":"https:\/\/www.cde.ual.es\/en\/wp-json\/wp\/v2\/types\/post"}],"author":[{"embeddable":true,"href":"https:\/\/www.cde.ual.es\/en\/wp-json\/wp\/v2\/users\/101012"}],"replies":[{"embeddable":true,"href":"https:\/\/www.cde.ual.es\/en\/wp-json\/wp\/v2\/comments?post=28345"}],"version-history":[{"count":0,"href":"https:\/\/www.cde.ual.es\/en\/wp-json\/wp\/v2\/posts\/28345\/revisions"}],"wp:featuredmedia":[{"embeddable":true,"href":"https:\/\/www.cde.ual.es\/en\/wp-json\/wp\/v2\/media\/18770"}],"wp:attachment":[{"href":"https:\/\/www.cde.ual.es\/en\/wp-json\/wp\/v2\/media?parent=28345"}],"wp:term":[{"taxonomy":"category","embeddable":true,"href":"https:\/\/www.cde.ual.es\/en\/wp-json\/wp\/v2\/categories?post=28345"},{"taxonomy":"post_tag","embeddable":true,"href":"https:\/\/www.cde.ual.es\/en\/wp-json\/wp\/v2\/tags?post=28345"}],"curies":[{"name":"wp","href":"https:\/\/api.w.org\/{rel}","templated":true}]}}