{"id":27829,"date":"2019-10-23T14:22:48","date_gmt":"2019-10-23T12:22:48","guid":{"rendered":"https:\/\/www.cde.ual.es\/?p=27829"},"modified":"2019-10-23T14:22:48","modified_gmt":"2019-10-23T12:22:48","slug":"donald-tusk-presents-eu-summit-conclusions-for-last-time","status":"publish","type":"post","link":"https:\/\/www.cde.ual.es\/en\/donald-tusk-presents-eu-summit-conclusions-for-last-time\/","title":{"rendered":"Donald Tusk presents EU summit conclusions for last time"},"content":{"rendered":"<div class=\"ep_gridcolumn ep-m_product\" data-view1200=\"6\" data-view1020=\"6\" data-view750=\"10\" data-view640=\"6\" data-view480=\"8\" data-view320=\"4\">\n<div class=\"ep_gridcolumn-content\">\n<div class=\"ep-a_media\">\n<figure>\n<div class=\"ep_media ep-layout_image\">\n<div class=\"ep-p_image ep-layout_original\"><\/div>\n<\/div><figcaption class=\"ep_text\">\n<div class=\"ep-p_text ep-layout_legend\" style=\"text-align: center;\"><a href=\"https:\/\/www.cde.ual.es\/wp-content\/uploads\/2019\/10\/Tusk-Conclusiones.png\"><img decoding=\"async\" class=\"alignnone size-medium wp-image-27827\" src=\"https:\/\/www.cde.ual.es\/wp-content\/uploads\/2019\/10\/Tusk-Conclusiones-300x195.png\" alt=\"\" width=\"300\" height=\"195\" srcset=\"https:\/\/www.cde.ual.es\/wp-content\/uploads\/2019\/10\/Tusk-Conclusiones-300x195.png 300w, https:\/\/www.cde.ual.es\/wp-content\/uploads\/2019\/10\/Tusk-Conclusiones.png 562w\" sizes=\"(max-width: 300px) 100vw, 300px\" \/><\/a><\/div>\n<\/figcaption><\/figure>\n<\/div>\n<\/div>\n<\/div>\n<div class=\"ep_gridcolumn ep-m_product\" data-view1200=\"6\" data-view1020=\"6\" data-view750=\"10\" data-view640=\"6\" data-view480=\"8\" data-view320=\"4\">\n<div class=\"ep_gridcolumn-content\">\n<div class=\"ep-a_text ep-layout_chapo\">\n<p><em><strong>MEPs discussed the conclusions of the 17-18 October EU summit in plenary this morning with Presidents Juncker and Tusk.<\/strong><\/em><\/p>\n<\/div>\n<\/div>\n<\/div>\n<div class=\"ep_gridcolumn ep-m_product\" data-view1200=\"6\" data-view1020=\"6\" data-view750=\"10\" data-view640=\"6\" data-view480=\"8\" data-view320=\"4\">\n<div class=\"ep_gridcolumn-content\">\n<div class=\"ep-a_text\">\n<p>During his\u00a0<a href=\"https:\/\/www.consilium.europa.eu\/en\/press\/press-releases\/2019\/10\/22\/report-by-president-donald-tusk-to-the-european-parliament-on-european-council-meetings-on-17-and-18-october-2019\/\" target=\"_blank\" rel=\"noopener\">introductory speech<\/a>, his last in Parliament as European Council President, Donald Tusk:<\/p>\n<ul>\n<li>Condemned Turkish unilateral military action in north-east Syria and called on Turkey to withdraw its troops and respect international humanitarian law.<\/li>\n<li>Confirmed the EU\u2019s solidarity with Cyprus, faced with Turkey\u2019s illegal drilling off its coast.<\/li>\n<li>On the Brexit deal, he stressed that \u201ca no-deal scenario will never be our decision\u201d.<\/li>\n<li>On the \u201cdifficult debate on enlargement\u201d, President Tusk called the decision not to start accession talks with North Macedonia and Albania \u201ca mistake\u201d.<\/li>\n<\/ul>\n<p>The outgoing Commission President\u00a0<a href=\"https:\/\/ec.europa.eu\/commission\/presscorner\/detail\/en\/SPEECH_19_6143\" target=\"_blank\" rel=\"noopener\">Jean-Claude Juncker stated<\/a>\u00a0that the Brexit deal provides legal certainty and complies with Parliament\u2019s wishes. On the EU budget, he highlighted that, despite imminent difficulties, the Council\u2019s latest proposals remain unacceptable: \u201cyou cannot shape Europe with 1% of GDP\u201d.<\/p>\n<p>All political group leaders stressed that condemning Turkey is not enough and asked for the Council, the Commission or the member states to take specific action. A majority among them reaffirmed that having a Brexit deal for an orderly departure of the United Kingdom is a positive development, confirmed that Parliament should do its part only after the agreement is ratified in the UK, and stressed the importance of enough time for elected representatives in the UK and the EU alike to review the deal.<\/p>\n<h3>More information<\/h3>\n<p><a href=\"https:\/\/www.europarl.europa.eu\/news\/en\/press-room\/20191017IPR64564\/donald-tusk-presents-eu-summit-conclusions-for-last-time\">Press release<\/a><\/p>\n<p><a href=\"https:\/\/multimedia.europarl.europa.eu\/en\/conclusions-of-the-european-council-meeting-of-17-and-18-october-2019-council-and-commission-statements_I179769-V_rv\" target=\"_blank\" rel=\"noopener\">Opening statements<\/a>\u00a0by Donald Tusk and by Jean-Claude Juncker<\/p>\n<p><a href=\"https:\/\/multimedia.europarl.europa.eu\/en\/conclusions-of-the-european-council-meeting-of-17-and-18-october-2019-meps-debate_I179240-V_rv\" target=\"_blank\" rel=\"noopener\">MEPs debate<\/a>, first round<\/p>\n<p><a href=\"https:\/\/multimedia.europarl.europa.eu\/en\/-ep-plenary-session-conclusions-of-the-european-council-meeting-of-17-and-18-october-2019-closing-statements_I179241-V_rv\" target=\"_blank\" rel=\"noopener\">Closing statements<\/a>\u00a0by Michel Barnier, EU Chief Negotiator for Brexit, and Donald Tusk<\/p>\n<\/div>\n<\/div>\n<\/div>\n","protected":false},"excerpt":{"rendered":"<p>MEPs discussed the conclusions of the 17-18 October EU summit in plenary this morning with Presidents Juncker and Tusk. During his\u00a0introductory speech, his last in Parliament as European Council President, Donald Tusk: Condemned Turkish unilateral military action in north-east Syria and called on Turkey to withdraw its troops and respect international humanitarian law. Confirmed the [&hellip;]<\/p>\n","protected":false},"author":1,"featured_media":27827,"comment_status":"open","ping_status":"open","sticky":false,"template":"","format":"standard","meta":{"_acf_changed":false,"_relevanssi_hide_post":"","_relevanssi_hide_content":"","_relevanssi_pin_for_all":"","_relevanssi_pin_keywords":"","_relevanssi_unpin_keywords":"","_relevanssi_related_keywords":"","_relevanssi_related_include_ids":"","_relevanssi_related_exclude_ids":"","_relevanssi_related_no_append":"","_relevanssi_related_not_related":"","_relevanssi_related_posts":"","_relevanssi_noindex_reason":"","_monsterinsights_skip_tracking":false,"_monsterinsights_sitenote_active":false,"_monsterinsights_sitenote_note":"","_monsterinsights_sitenote_category":0,"_genesis_hide_title":false,"_genesis_hide_breadcrumbs":false,"_genesis_hide_singular_image":false,"_genesis_hide_footer_widgets":false,"_genesis_custom_body_class":"","_genesis_custom_post_class":"","_genesis_layout":"","footnotes":""},"categories":[346],"tags":[524],"class_list":{"0":"post-27829","1":"post","2":"type-post","3":"status-publish","4":"format-standard","5":"has-post-thumbnail","7":"category-eu-news","8":"tag-european-institutions","9":"entry"},"acf":[],"yoast_head":"<!-- This site is optimized with the Yoast SEO plugin v27.5 - https:\/\/yoast.com\/product\/yoast-seo-wordpress\/ -->\n<title>Donald Tusk presents EU summit conclusions for last time | CDE Almer\u00eda - Centro de Documentaci\u00f3n Europea - Universidad de Almer\u00eda<\/title>\n<meta name=\"robots\" content=\"index, follow, max-snippet:-1, max-image-preview:large, max-video-preview:-1\" \/>\n<link rel=\"canonical\" href=\"https:\/\/www.cde.ual.es\/en\/donald-tusk-presents-eu-summit-conclusions-for-last-time\/\" \/>\n<meta property=\"og:locale\" content=\"en_US\" \/>\n<meta property=\"og:type\" content=\"article\" \/>\n<meta property=\"og:title\" content=\"Donald Tusk presents EU summit conclusions for last time | CDE Almer\u00eda - Centro de Documentaci\u00f3n Europea - Universidad de Almer\u00eda\" \/>\n<meta property=\"og:description\" content=\"MEPs discussed the conclusions of the 17-18 October EU summit in plenary this morning with Presidents Juncker and Tusk. During his\u00a0introductory speech, his last in Parliament as European Council President, Donald Tusk: Condemned Turkish unilateral military action in north-east Syria and called on Turkey to withdraw its troops and respect international humanitarian law. Confirmed the [&hellip;]\" \/>\n<meta property=\"og:url\" content=\"https:\/\/www.cde.ual.es\/en\/donald-tusk-presents-eu-summit-conclusions-for-last-time\/\" \/>\n<meta property=\"og:site_name\" content=\"CDE Almer\u00eda - Centro de Documentaci\u00f3n Europea - Universidad de Almer\u00eda\" \/>\n<meta property=\"article:publisher\" content=\"https:\/\/www.facebook.com\/cdeuniversidadalmeria\/\" \/>\n<meta property=\"article:published_time\" content=\"2019-10-23T12:22:48+00:00\" \/>\n<meta property=\"og:image\" content=\"https:\/\/www.cde.ual.es\/wp-content\/uploads\/2019\/10\/Tusk-Conclusiones.png\" \/>\n\t<meta property=\"og:image:width\" content=\"562\" \/>\n\t<meta property=\"og:image:height\" content=\"366\" \/>\n\t<meta property=\"og:image:type\" content=\"image\/png\" \/>\n<meta name=\"author\" content=\"AdminCDE\" \/>\n<meta name=\"twitter:card\" content=\"summary_large_image\" \/>\n<meta name=\"twitter:creator\" content=\"@cdeualmeria\" \/>\n<meta name=\"twitter:site\" content=\"@cdeualmeria\" \/>\n<meta name=\"twitter:label1\" content=\"Written by\" \/>\n\t<meta name=\"twitter:data1\" content=\"AdminCDE\" \/>\n\t<meta name=\"twitter:label2\" content=\"Est. reading time\" \/>\n\t<meta name=\"twitter:data2\" content=\"1 minute\" \/>\n<script type=\"application\/ld+json\" class=\"yoast-schema-graph\">{\"@context\":\"https:\\\/\\\/schema.org\",\"@graph\":[{\"@type\":\"Article\",\"@id\":\"https:\\\/\\\/www.cde.ual.es\\\/en\\\/donald-tusk-presents-eu-summit-conclusions-for-last-time\\\/#article\",\"isPartOf\":{\"@id\":\"https:\\\/\\\/www.cde.ual.es\\\/en\\\/donald-tusk-presents-eu-summit-conclusions-for-last-time\\\/\"},\"author\":{\"name\":\"AdminCDE\",\"@id\":\"https:\\\/\\\/www.cde.ual.es\\\/#\\\/schema\\\/person\\\/224ef08c8bcc005f319d2713ce37ee5f\"},\"headline\":\"Donald Tusk presents EU summit conclusions for last time\",\"datePublished\":\"2019-10-23T12:22:48+00:00\",\"mainEntityOfPage\":{\"@id\":\"https:\\\/\\\/www.cde.ual.es\\\/en\\\/donald-tusk-presents-eu-summit-conclusions-for-last-time\\\/\"},\"wordCount\":276,\"commentCount\":0,\"publisher\":{\"@id\":\"https:\\\/\\\/www.cde.ual.es\\\/#organization\"},\"image\":{\"@id\":\"https:\\\/\\\/www.cde.ual.es\\\/en\\\/donald-tusk-presents-eu-summit-conclusions-for-last-time\\\/#primaryimage\"},\"thumbnailUrl\":\"https:\\\/\\\/www.cde.ual.es\\\/wp-content\\\/uploads\\\/2019\\\/10\\\/Tusk-Conclusiones.png\",\"keywords\":[\"European Institutions\"],\"articleSection\":[\"EU News\"],\"inLanguage\":\"en-US\",\"potentialAction\":[{\"@type\":\"CommentAction\",\"name\":\"Comment\",\"target\":[\"https:\\\/\\\/www.cde.ual.es\\\/en\\\/donald-tusk-presents-eu-summit-conclusions-for-last-time\\\/#respond\"]}]},{\"@type\":\"WebPage\",\"@id\":\"https:\\\/\\\/www.cde.ual.es\\\/en\\\/donald-tusk-presents-eu-summit-conclusions-for-last-time\\\/\",\"url\":\"https:\\\/\\\/www.cde.ual.es\\\/en\\\/donald-tusk-presents-eu-summit-conclusions-for-last-time\\\/\",\"name\":\"Donald Tusk presents EU summit conclusions for last time | CDE Almer\u00eda - Centro de Documentaci\u00f3n Europea - Universidad de Almer\u00eda\",\"isPartOf\":{\"@id\":\"https:\\\/\\\/www.cde.ual.es\\\/#website\"},\"primaryImageOfPage\":{\"@id\":\"https:\\\/\\\/www.cde.ual.es\\\/en\\\/donald-tusk-presents-eu-summit-conclusions-for-last-time\\\/#primaryimage\"},\"image\":{\"@id\":\"https:\\\/\\\/www.cde.ual.es\\\/en\\\/donald-tusk-presents-eu-summit-conclusions-for-last-time\\\/#primaryimage\"},\"thumbnailUrl\":\"https:\\\/\\\/www.cde.ual.es\\\/wp-content\\\/uploads\\\/2019\\\/10\\\/Tusk-Conclusiones.png\",\"datePublished\":\"2019-10-23T12:22:48+00:00\",\"breadcrumb\":{\"@id\":\"https:\\\/\\\/www.cde.ual.es\\\/en\\\/donald-tusk-presents-eu-summit-conclusions-for-last-time\\\/#breadcrumb\"},\"inLanguage\":\"en-US\",\"potentialAction\":[{\"@type\":\"ReadAction\",\"target\":[\"https:\\\/\\\/www.cde.ual.es\\\/en\\\/donald-tusk-presents-eu-summit-conclusions-for-last-time\\\/\"]}]},{\"@type\":\"ImageObject\",\"inLanguage\":\"en-US\",\"@id\":\"https:\\\/\\\/www.cde.ual.es\\\/en\\\/donald-tusk-presents-eu-summit-conclusions-for-last-time\\\/#primaryimage\",\"url\":\"https:\\\/\\\/www.cde.ual.es\\\/wp-content\\\/uploads\\\/2019\\\/10\\\/Tusk-Conclusiones.png\",\"contentUrl\":\"https:\\\/\\\/www.cde.ual.es\\\/wp-content\\\/uploads\\\/2019\\\/10\\\/Tusk-Conclusiones.png\",\"width\":562,\"height\":366},{\"@type\":\"BreadcrumbList\",\"@id\":\"https:\\\/\\\/www.cde.ual.es\\\/en\\\/donald-tusk-presents-eu-summit-conclusions-for-last-time\\\/#breadcrumb\",\"itemListElement\":[{\"@type\":\"ListItem\",\"position\":1,\"name\":\"Inicio\",\"item\":\"https:\\\/\\\/www.cde.ual.es\\\/en\\\/\"},{\"@type\":\"ListItem\",\"position\":2,\"name\":\"EU News\",\"item\":\"https:\\\/\\\/www.cde.ual.es\\\/en\\\/category\\\/eu-news\\\/\"},{\"@type\":\"ListItem\",\"position\":3,\"name\":\"Donald Tusk presents EU summit conclusions for last time\"}]},{\"@type\":\"WebSite\",\"@id\":\"https:\\\/\\\/www.cde.ual.es\\\/#website\",\"url\":\"https:\\\/\\\/www.cde.ual.es\\\/\",\"name\":\"CDE Almer\u00eda - Centro de Documentaci\u00f3n Europea - Universidad de Almer\u00eda\",\"description\":\"Centro de Documentaci\u00f3n Europea de la Universidad de Almer\u00eda\",\"publisher\":{\"@id\":\"https:\\\/\\\/www.cde.ual.es\\\/#organization\"},\"alternateName\":\"CDE Almer\u00eda\",\"potentialAction\":[{\"@type\":\"SearchAction\",\"target\":{\"@type\":\"EntryPoint\",\"urlTemplate\":\"https:\\\/\\\/www.cde.ual.es\\\/?s={search_term_string}\"},\"query-input\":{\"@type\":\"PropertyValueSpecification\",\"valueRequired\":true,\"valueName\":\"search_term_string\"}}],\"inLanguage\":\"en-US\"},{\"@type\":\"Organization\",\"@id\":\"https:\\\/\\\/www.cde.ual.es\\\/#organization\",\"name\":\"Centro de Documentaci\u00f3n Europea de Almer\u00eda\",\"url\":\"https:\\\/\\\/www.cde.ual.es\\\/\",\"logo\":{\"@type\":\"ImageObject\",\"inLanguage\":\"en-US\",\"@id\":\"https:\\\/\\\/www.cde.ual.es\\\/#\\\/schema\\\/logo\\\/image\\\/\",\"url\":\"https:\\\/\\\/www.cde.ual.es\\\/wp-content\\\/uploads\\\/2025\\\/07\\\/cde-logo-3.png\",\"contentUrl\":\"https:\\\/\\\/www.cde.ual.es\\\/wp-content\\\/uploads\\\/2025\\\/07\\\/cde-logo-3.png\",\"width\":1400,\"height\":300,\"caption\":\"Centro de Documentaci\u00f3n Europea de Almer\u00eda\"},\"image\":{\"@id\":\"https:\\\/\\\/www.cde.ual.es\\\/#\\\/schema\\\/logo\\\/image\\\/\"},\"sameAs\":[\"https:\\\/\\\/www.facebook.com\\\/cdeuniversidadalmeria\\\/\",\"https:\\\/\\\/x.com\\\/cdeualmeria\",\"https:\\\/\\\/www.tiktok.com\\\/@cdealmeria\",\"https:\\\/\\\/www.instagram.com\\\/cdealmeria\\\/\",\"https:\\\/\\\/www.linkedin.com\\\/in\\\/cde-almera-812b26a9\\\/\"]},{\"@type\":\"Person\",\"@id\":\"https:\\\/\\\/www.cde.ual.es\\\/#\\\/schema\\\/person\\\/224ef08c8bcc005f319d2713ce37ee5f\",\"name\":\"AdminCDE\",\"image\":{\"@type\":\"ImageObject\",\"inLanguage\":\"en-US\",\"@id\":\"https:\\\/\\\/secure.gravatar.com\\\/avatar\\\/a72d038d371f995cd13706fac32274b7952a52e8fb0a84b5f80c85426f2a98a8?s=96&d=mm&r=g\",\"url\":\"https:\\\/\\\/secure.gravatar.com\\\/avatar\\\/a72d038d371f995cd13706fac32274b7952a52e8fb0a84b5f80c85426f2a98a8?s=96&d=mm&r=g\",\"contentUrl\":\"https:\\\/\\\/secure.gravatar.com\\\/avatar\\\/a72d038d371f995cd13706fac32274b7952a52e8fb0a84b5f80c85426f2a98a8?s=96&d=mm&r=g\",\"caption\":\"AdminCDE\"}}]}<\/script>\n<!-- \/ Yoast SEO plugin. -->","yoast_head_json":{"title":"Donald Tusk presents EU summit conclusions for last time | CDE Almer\u00eda - Centro de Documentaci\u00f3n Europea - Universidad de Almer\u00eda","robots":{"index":"index","follow":"follow","max-snippet":"max-snippet:-1","max-image-preview":"max-image-preview:large","max-video-preview":"max-video-preview:-1"},"canonical":"https:\/\/www.cde.ual.es\/en\/donald-tusk-presents-eu-summit-conclusions-for-last-time\/","og_locale":"en_US","og_type":"article","og_title":"Donald Tusk presents EU summit conclusions for last time | CDE Almer\u00eda - Centro de Documentaci\u00f3n Europea - Universidad de Almer\u00eda","og_description":"MEPs discussed the conclusions of the 17-18 October EU summit in plenary this morning with Presidents Juncker and Tusk. During his\u00a0introductory speech, his last in Parliament as European Council President, Donald Tusk: Condemned Turkish unilateral military action in north-east Syria and called on Turkey to withdraw its troops and respect international humanitarian law. Confirmed the [&hellip;]","og_url":"https:\/\/www.cde.ual.es\/en\/donald-tusk-presents-eu-summit-conclusions-for-last-time\/","og_site_name":"CDE Almer\u00eda - Centro de Documentaci\u00f3n Europea - Universidad de Almer\u00eda","article_publisher":"https:\/\/www.facebook.com\/cdeuniversidadalmeria\/","article_published_time":"2019-10-23T12:22:48+00:00","og_image":[{"width":562,"height":366,"url":"https:\/\/www.cde.ual.es\/wp-content\/uploads\/2019\/10\/Tusk-Conclusiones.png","type":"image\/png"}],"author":"AdminCDE","twitter_card":"summary_large_image","twitter_creator":"@cdeualmeria","twitter_site":"@cdeualmeria","twitter_misc":{"Written by":"AdminCDE","Est. reading time":"1 minute"},"schema":{"@context":"https:\/\/schema.org","@graph":[{"@type":"Article","@id":"https:\/\/www.cde.ual.es\/en\/donald-tusk-presents-eu-summit-conclusions-for-last-time\/#article","isPartOf":{"@id":"https:\/\/www.cde.ual.es\/en\/donald-tusk-presents-eu-summit-conclusions-for-last-time\/"},"author":{"name":"AdminCDE","@id":"https:\/\/www.cde.ual.es\/#\/schema\/person\/224ef08c8bcc005f319d2713ce37ee5f"},"headline":"Donald Tusk presents EU summit conclusions for last time","datePublished":"2019-10-23T12:22:48+00:00","mainEntityOfPage":{"@id":"https:\/\/www.cde.ual.es\/en\/donald-tusk-presents-eu-summit-conclusions-for-last-time\/"},"wordCount":276,"commentCount":0,"publisher":{"@id":"https:\/\/www.cde.ual.es\/#organization"},"image":{"@id":"https:\/\/www.cde.ual.es\/en\/donald-tusk-presents-eu-summit-conclusions-for-last-time\/#primaryimage"},"thumbnailUrl":"https:\/\/www.cde.ual.es\/wp-content\/uploads\/2019\/10\/Tusk-Conclusiones.png","keywords":["European Institutions"],"articleSection":["EU News"],"inLanguage":"en-US","potentialAction":[{"@type":"CommentAction","name":"Comment","target":["https:\/\/www.cde.ual.es\/en\/donald-tusk-presents-eu-summit-conclusions-for-last-time\/#respond"]}]},{"@type":"WebPage","@id":"https:\/\/www.cde.ual.es\/en\/donald-tusk-presents-eu-summit-conclusions-for-last-time\/","url":"https:\/\/www.cde.ual.es\/en\/donald-tusk-presents-eu-summit-conclusions-for-last-time\/","name":"Donald Tusk presents EU summit conclusions for last time | CDE Almer\u00eda - Centro de Documentaci\u00f3n Europea - Universidad de Almer\u00eda","isPartOf":{"@id":"https:\/\/www.cde.ual.es\/#website"},"primaryImageOfPage":{"@id":"https:\/\/www.cde.ual.es\/en\/donald-tusk-presents-eu-summit-conclusions-for-last-time\/#primaryimage"},"image":{"@id":"https:\/\/www.cde.ual.es\/en\/donald-tusk-presents-eu-summit-conclusions-for-last-time\/#primaryimage"},"thumbnailUrl":"https:\/\/www.cde.ual.es\/wp-content\/uploads\/2019\/10\/Tusk-Conclusiones.png","datePublished":"2019-10-23T12:22:48+00:00","breadcrumb":{"@id":"https:\/\/www.cde.ual.es\/en\/donald-tusk-presents-eu-summit-conclusions-for-last-time\/#breadcrumb"},"inLanguage":"en-US","potentialAction":[{"@type":"ReadAction","target":["https:\/\/www.cde.ual.es\/en\/donald-tusk-presents-eu-summit-conclusions-for-last-time\/"]}]},{"@type":"ImageObject","inLanguage":"en-US","@id":"https:\/\/www.cde.ual.es\/en\/donald-tusk-presents-eu-summit-conclusions-for-last-time\/#primaryimage","url":"https:\/\/www.cde.ual.es\/wp-content\/uploads\/2019\/10\/Tusk-Conclusiones.png","contentUrl":"https:\/\/www.cde.ual.es\/wp-content\/uploads\/2019\/10\/Tusk-Conclusiones.png","width":562,"height":366},{"@type":"BreadcrumbList","@id":"https:\/\/www.cde.ual.es\/en\/donald-tusk-presents-eu-summit-conclusions-for-last-time\/#breadcrumb","itemListElement":[{"@type":"ListItem","position":1,"name":"Inicio","item":"https:\/\/www.cde.ual.es\/en\/"},{"@type":"ListItem","position":2,"name":"EU News","item":"https:\/\/www.cde.ual.es\/en\/category\/eu-news\/"},{"@type":"ListItem","position":3,"name":"Donald Tusk presents EU summit conclusions for last time"}]},{"@type":"WebSite","@id":"https:\/\/www.cde.ual.es\/#website","url":"https:\/\/www.cde.ual.es\/","name":"CDE Almer\u00eda - Centro de Documentaci\u00f3n Europea - Universidad de Almer\u00eda","description":"Centro de Documentaci\u00f3n Europea de la Universidad de Almer\u00eda","publisher":{"@id":"https:\/\/www.cde.ual.es\/#organization"},"alternateName":"CDE Almer\u00eda","potentialAction":[{"@type":"SearchAction","target":{"@type":"EntryPoint","urlTemplate":"https:\/\/www.cde.ual.es\/?s={search_term_string}"},"query-input":{"@type":"PropertyValueSpecification","valueRequired":true,"valueName":"search_term_string"}}],"inLanguage":"en-US"},{"@type":"Organization","@id":"https:\/\/www.cde.ual.es\/#organization","name":"Centro de Documentaci\u00f3n Europea de Almer\u00eda","url":"https:\/\/www.cde.ual.es\/","logo":{"@type":"ImageObject","inLanguage":"en-US","@id":"https:\/\/www.cde.ual.es\/#\/schema\/logo\/image\/","url":"https:\/\/www.cde.ual.es\/wp-content\/uploads\/2025\/07\/cde-logo-3.png","contentUrl":"https:\/\/www.cde.ual.es\/wp-content\/uploads\/2025\/07\/cde-logo-3.png","width":1400,"height":300,"caption":"Centro de Documentaci\u00f3n Europea de Almer\u00eda"},"image":{"@id":"https:\/\/www.cde.ual.es\/#\/schema\/logo\/image\/"},"sameAs":["https:\/\/www.facebook.com\/cdeuniversidadalmeria\/","https:\/\/x.com\/cdeualmeria","https:\/\/www.tiktok.com\/@cdealmeria","https:\/\/www.instagram.com\/cdealmeria\/","https:\/\/www.linkedin.com\/in\/cde-almera-812b26a9\/"]},{"@type":"Person","@id":"https:\/\/www.cde.ual.es\/#\/schema\/person\/224ef08c8bcc005f319d2713ce37ee5f","name":"AdminCDE","image":{"@type":"ImageObject","inLanguage":"en-US","@id":"https:\/\/secure.gravatar.com\/avatar\/a72d038d371f995cd13706fac32274b7952a52e8fb0a84b5f80c85426f2a98a8?s=96&d=mm&r=g","url":"https:\/\/secure.gravatar.com\/avatar\/a72d038d371f995cd13706fac32274b7952a52e8fb0a84b5f80c85426f2a98a8?s=96&d=mm&r=g","contentUrl":"https:\/\/secure.gravatar.com\/avatar\/a72d038d371f995cd13706fac32274b7952a52e8fb0a84b5f80c85426f2a98a8?s=96&d=mm&r=g","caption":"AdminCDE"}}]}},"_links":{"self":[{"href":"https:\/\/www.cde.ual.es\/en\/wp-json\/wp\/v2\/posts\/27829","targetHints":{"allow":["GET"]}}],"collection":[{"href":"https:\/\/www.cde.ual.es\/en\/wp-json\/wp\/v2\/posts"}],"about":[{"href":"https:\/\/www.cde.ual.es\/en\/wp-json\/wp\/v2\/types\/post"}],"author":[{"embeddable":true,"href":"https:\/\/www.cde.ual.es\/en\/wp-json\/wp\/v2\/users\/1"}],"replies":[{"embeddable":true,"href":"https:\/\/www.cde.ual.es\/en\/wp-json\/wp\/v2\/comments?post=27829"}],"version-history":[{"count":0,"href":"https:\/\/www.cde.ual.es\/en\/wp-json\/wp\/v2\/posts\/27829\/revisions"}],"wp:featuredmedia":[{"embeddable":true,"href":"https:\/\/www.cde.ual.es\/en\/wp-json\/wp\/v2\/media\/27827"}],"wp:attachment":[{"href":"https:\/\/www.cde.ual.es\/en\/wp-json\/wp\/v2\/media?parent=27829"}],"wp:term":[{"taxonomy":"category","embeddable":true,"href":"https:\/\/www.cde.ual.es\/en\/wp-json\/wp\/v2\/categories?post=27829"},{"taxonomy":"post_tag","embeddable":true,"href":"https:\/\/www.cde.ual.es\/en\/wp-json\/wp\/v2\/tags?post=27829"}],"curies":[{"name":"wp","href":"https:\/\/api.w.org\/{rel}","templated":true}]}}