{"id":27622,"date":"2019-10-22T03:00:50","date_gmt":"2019-10-22T01:00:50","guid":{"rendered":"https:\/\/www.cde.ual.es\/?p=27622"},"modified":"2019-10-21T10:50:12","modified_gmt":"2019-10-21T08:50:12","slug":"creative-europe-support-for-the-distribution-of-non-national-films","status":"publish","type":"post","link":"https:\/\/www.cde.ual.es\/en\/creative-europe-support-for-the-distribution-of-non-national-films\/","title":{"rendered":"Creative Europe: Support for the Distribution of non-national films"},"content":{"rendered":"<p><em><strong>Within the specific objective of promoting non-national circulation, one of the priorities of the MEDIA Sub-programme shall be supporting theatrical distribution through non-national marketing, branding, distribution and exhibition of audiovisual works.<\/strong><\/em><\/p>\n<p dir=\"ltr\" data-placeholder=\"Traducci\u00f3n\"><a href=\"https:\/\/www.cde.ual.es\/wp-content\/uploads\/2018\/10\/Europa-Creativa.png\"><img decoding=\"async\" class=\"size-medium wp-image-9303 aligncenter\" src=\"https:\/\/www.cde.ual.es\/wp-content\/uploads\/2018\/10\/Europa-Creativa-300x177.png\" alt=\"\" width=\"300\" height=\"177\" srcset=\"https:\/\/www.cde.ual.es\/wp-content\/uploads\/2018\/10\/Europa-Creativa-300x177.png 300w, https:\/\/www.cde.ual.es\/wp-content\/uploads\/2018\/10\/Europa-Creativa-768x453.png 768w, https:\/\/www.cde.ual.es\/wp-content\/uploads\/2018\/10\/Europa-Creativa-1024x604.png 1024w, https:\/\/www.cde.ual.es\/wp-content\/uploads\/2018\/10\/Europa-Creativa.png 1126w\" sizes=\"(max-width: 300px) 100vw, 300px\" \/><\/a><\/p>\n<h3 id=\"tw-target-text\" class=\"tw-data-text tw-text-large tw-ta\" dir=\"ltr\" data-placeholder=\"Traducci\u00f3n\"><span lang=\"es\" tabindex=\"0\">Scope<\/span><\/h3>\n<p class=\"tw-data-text tw-text-large tw-ta\" dir=\"ltr\" data-placeholder=\"Traducci\u00f3n\">The MEDIA Sub-programme shall provide support for the following:<\/p>\n<ul>\n<li>establishing systems of support for the distribution of non-national European films through theatrical distribution and on all other platforms as well as for international sales activities; in particular the subtitling, dubbing and audio-description of audiovisual works.<\/li>\n<\/ul>\n<p>The aim of creating a \u201cSelective scheme\u201d is to encourage and support the wider distribution of recent non-national European films by encouraging sales agents and theatrical distributors in particular to invest in promotion and adequate distribution of non-national European films.<\/p>\n<div id=\"tw-target-text-container\" class=\"tw-ta-container tw-nfl\">\n<p id=\"tw-target-text\" class=\"tw-data-text tw-text-large tw-ta\" dir=\"ltr\" data-placeholder=\"Traducci\u00f3n\">As the financial support is the primary aim of the EU grant, the maximum amount of the grant that can be allocated to third parties is fixed at the limit of <strong>150.000\u20ac<\/strong>.<\/p>\n<\/div>\n<h3>Expected results<\/h3>\n<ul>\n<li>Development of pan-European distribution strategies for non-national European films<\/li>\n<li>Increase in the investment in promotion and distribution of non-national European films.<\/li>\n<li>Develop links between the production and distribution sector thus improving the competitive position of non-national European films.<\/li>\n<\/ul>\n<h3>Deadline<\/h3>\n<p><strong>10 December<\/strong> 2019 at 17:00 Brussels time<\/p>\n<h3>More information<\/h3>\n<p><a href=\"https:\/\/ec.europa.eu\/info\/funding-tenders\/opportunities\/portal\/screen\/opportunities\/topic-details\/crea-distsel-2020;freeTextSearchKeyword=;typeCodes=1;statusCodes=31094502;programCode=null;programDivisionCode=null;focusAreaCode=null;crossCuttingPriorityCode=null;callCode=Default;sortQuery=openingDate;orderBy=desc;onlyTenders=false;topicListKey=topicSearchTablePageState\">Convocatoria<\/a><\/p>\n","protected":false},"excerpt":{"rendered":"<p>Within the specific objective of promoting non-national circulation, one of the priorities of the MEDIA Sub-programme shall be supporting theatrical distribution through non-national marketing, branding, distribution and exhibition of audiovisual works. Scope The MEDIA Sub-programme shall provide support for the following: establishing systems of support for the distribution of non-national European films through theatrical distribution [&hellip;]<\/p>\n","protected":false},"author":101012,"featured_media":27623,"comment_status":"open","ping_status":"open","sticky":false,"template":"","format":"standard","meta":{"_acf_changed":false,"_relevanssi_hide_post":"","_relevanssi_hide_content":"","_relevanssi_pin_for_all":"","_relevanssi_pin_keywords":"","_relevanssi_unpin_keywords":"","_relevanssi_related_keywords":"","_relevanssi_related_include_ids":"","_relevanssi_related_exclude_ids":"","_relevanssi_related_no_append":"","_relevanssi_related_not_related":"","_relevanssi_related_posts":"","_relevanssi_noindex_reason":"","_monsterinsights_skip_tracking":false,"_monsterinsights_sitenote_active":false,"_monsterinsights_sitenote_note":"","_monsterinsights_sitenote_category":0,"_genesis_hide_title":false,"_genesis_hide_breadcrumbs":false,"_genesis_hide_singular_image":false,"_genesis_hide_footer_widgets":false,"_genesis_custom_body_class":"","_genesis_custom_post_class":"","_genesis_layout":"","footnotes":""},"categories":[366],"tags":[409],"class_list":{"0":"post-27622","1":"post","2":"type-post","3":"status-publish","4":"format-standard","5":"has-post-thumbnail","7":"category-eu-calls-and-awards","8":"tag-call","9":"entry"},"acf":[],"yoast_head":"<!-- This site is optimized with the Yoast SEO plugin v27.5 - https:\/\/yoast.com\/product\/yoast-seo-wordpress\/ -->\n<title>Creative Europe: Support for the Distribution of non-national films | CDE Almer\u00eda - Centro de Documentaci\u00f3n Europea - Universidad de Almer\u00eda<\/title>\n<meta name=\"robots\" content=\"index, follow, max-snippet:-1, max-image-preview:large, max-video-preview:-1\" \/>\n<link rel=\"canonical\" href=\"https:\/\/www.cde.ual.es\/en\/creative-europe-support-for-the-distribution-of-non-national-films\/\" \/>\n<meta property=\"og:locale\" content=\"en_US\" \/>\n<meta property=\"og:type\" content=\"article\" \/>\n<meta property=\"og:title\" content=\"Creative Europe: Support for the Distribution of non-national films | CDE Almer\u00eda - Centro de Documentaci\u00f3n Europea - Universidad de Almer\u00eda\" \/>\n<meta property=\"og:description\" content=\"Within the specific objective of promoting non-national circulation, one of the priorities of the MEDIA Sub-programme shall be supporting theatrical distribution through non-national marketing, branding, distribution and exhibition of audiovisual works. Scope The MEDIA Sub-programme shall provide support for the following: establishing systems of support for the distribution of non-national European films through theatrical distribution [&hellip;]\" \/>\n<meta property=\"og:url\" content=\"https:\/\/www.cde.ual.es\/en\/creative-europe-support-for-the-distribution-of-non-national-films\/\" \/>\n<meta property=\"og:site_name\" content=\"CDE Almer\u00eda - Centro de Documentaci\u00f3n Europea - Universidad de Almer\u00eda\" \/>\n<meta property=\"article:publisher\" content=\"https:\/\/www.facebook.com\/cdeuniversidadalmeria\/\" \/>\n<meta property=\"article:published_time\" content=\"2019-10-22T01:00:50+00:00\" \/>\n<meta property=\"og:image\" content=\"https:\/\/www.cde.ual.es\/wp-content\/uploads\/2018\/10\/Europa-Creativa.png\" \/>\n\t<meta property=\"og:image:width\" content=\"1126\" \/>\n\t<meta property=\"og:image:height\" content=\"664\" \/>\n\t<meta property=\"og:image:type\" content=\"image\/png\" \/>\n<meta name=\"author\" content=\"BECACDE1\" \/>\n<meta name=\"twitter:card\" content=\"summary_large_image\" \/>\n<meta name=\"twitter:creator\" content=\"@cdeualmeria\" \/>\n<meta name=\"twitter:site\" content=\"@cdeualmeria\" \/>\n<meta name=\"twitter:label1\" content=\"Written by\" \/>\n\t<meta name=\"twitter:data1\" content=\"BECACDE1\" \/>\n\t<meta name=\"twitter:label2\" content=\"Est. reading time\" \/>\n\t<meta name=\"twitter:data2\" content=\"1 minute\" \/>\n<script type=\"application\/ld+json\" class=\"yoast-schema-graph\">{\"@context\":\"https:\\\/\\\/schema.org\",\"@graph\":[{\"@type\":\"Article\",\"@id\":\"https:\\\/\\\/www.cde.ual.es\\\/en\\\/creative-europe-support-for-the-distribution-of-non-national-films\\\/#article\",\"isPartOf\":{\"@id\":\"https:\\\/\\\/www.cde.ual.es\\\/en\\\/creative-europe-support-for-the-distribution-of-non-national-films\\\/\"},\"author\":{\"name\":\"BECACDE1\",\"@id\":\"https:\\\/\\\/www.cde.ual.es\\\/#\\\/schema\\\/person\\\/bf2f837cf3353e2161fe1087adbd728f\"},\"headline\":\"Creative Europe: Support for the Distribution of non-national films\",\"datePublished\":\"2019-10-22T01:00:50+00:00\",\"mainEntityOfPage\":{\"@id\":\"https:\\\/\\\/www.cde.ual.es\\\/en\\\/creative-europe-support-for-the-distribution-of-non-national-films\\\/\"},\"wordCount\":205,\"commentCount\":0,\"publisher\":{\"@id\":\"https:\\\/\\\/www.cde.ual.es\\\/#organization\"},\"image\":{\"@id\":\"https:\\\/\\\/www.cde.ual.es\\\/en\\\/creative-europe-support-for-the-distribution-of-non-national-films\\\/#primaryimage\"},\"thumbnailUrl\":\"https:\\\/\\\/www.cde.ual.es\\\/wp-content\\\/uploads\\\/2018\\\/10\\\/Europa-Creativa.png\",\"keywords\":[\"call\"],\"articleSection\":[\"EU Calls and Awards\"],\"inLanguage\":\"en-US\",\"potentialAction\":[{\"@type\":\"CommentAction\",\"name\":\"Comment\",\"target\":[\"https:\\\/\\\/www.cde.ual.es\\\/en\\\/creative-europe-support-for-the-distribution-of-non-national-films\\\/#respond\"]}]},{\"@type\":\"WebPage\",\"@id\":\"https:\\\/\\\/www.cde.ual.es\\\/en\\\/creative-europe-support-for-the-distribution-of-non-national-films\\\/\",\"url\":\"https:\\\/\\\/www.cde.ual.es\\\/en\\\/creative-europe-support-for-the-distribution-of-non-national-films\\\/\",\"name\":\"Creative Europe: Support for the Distribution of non-national films | CDE Almer\u00eda - Centro de Documentaci\u00f3n Europea - Universidad de Almer\u00eda\",\"isPartOf\":{\"@id\":\"https:\\\/\\\/www.cde.ual.es\\\/#website\"},\"primaryImageOfPage\":{\"@id\":\"https:\\\/\\\/www.cde.ual.es\\\/en\\\/creative-europe-support-for-the-distribution-of-non-national-films\\\/#primaryimage\"},\"image\":{\"@id\":\"https:\\\/\\\/www.cde.ual.es\\\/en\\\/creative-europe-support-for-the-distribution-of-non-national-films\\\/#primaryimage\"},\"thumbnailUrl\":\"https:\\\/\\\/www.cde.ual.es\\\/wp-content\\\/uploads\\\/2018\\\/10\\\/Europa-Creativa.png\",\"datePublished\":\"2019-10-22T01:00:50+00:00\",\"breadcrumb\":{\"@id\":\"https:\\\/\\\/www.cde.ual.es\\\/en\\\/creative-europe-support-for-the-distribution-of-non-national-films\\\/#breadcrumb\"},\"inLanguage\":\"en-US\",\"potentialAction\":[{\"@type\":\"ReadAction\",\"target\":[\"https:\\\/\\\/www.cde.ual.es\\\/en\\\/creative-europe-support-for-the-distribution-of-non-national-films\\\/\"]}]},{\"@type\":\"ImageObject\",\"inLanguage\":\"en-US\",\"@id\":\"https:\\\/\\\/www.cde.ual.es\\\/en\\\/creative-europe-support-for-the-distribution-of-non-national-films\\\/#primaryimage\",\"url\":\"https:\\\/\\\/www.cde.ual.es\\\/wp-content\\\/uploads\\\/2018\\\/10\\\/Europa-Creativa.png\",\"contentUrl\":\"https:\\\/\\\/www.cde.ual.es\\\/wp-content\\\/uploads\\\/2018\\\/10\\\/Europa-Creativa.png\",\"width\":1126,\"height\":664},{\"@type\":\"BreadcrumbList\",\"@id\":\"https:\\\/\\\/www.cde.ual.es\\\/en\\\/creative-europe-support-for-the-distribution-of-non-national-films\\\/#breadcrumb\",\"itemListElement\":[{\"@type\":\"ListItem\",\"position\":1,\"name\":\"Inicio\",\"item\":\"https:\\\/\\\/www.cde.ual.es\\\/en\\\/\"},{\"@type\":\"ListItem\",\"position\":2,\"name\":\"EU Calls and Awards\",\"item\":\"https:\\\/\\\/www.cde.ual.es\\\/en\\\/category\\\/eu-calls-and-awards\\\/\"},{\"@type\":\"ListItem\",\"position\":3,\"name\":\"Creative Europe: Support for the Distribution of non-national films\"}]},{\"@type\":\"WebSite\",\"@id\":\"https:\\\/\\\/www.cde.ual.es\\\/#website\",\"url\":\"https:\\\/\\\/www.cde.ual.es\\\/\",\"name\":\"CDE Almer\u00eda - Centro de Documentaci\u00f3n Europea - Universidad de Almer\u00eda\",\"description\":\"Centro de Documentaci\u00f3n Europea de la Universidad de Almer\u00eda\",\"publisher\":{\"@id\":\"https:\\\/\\\/www.cde.ual.es\\\/#organization\"},\"alternateName\":\"CDE Almer\u00eda\",\"potentialAction\":[{\"@type\":\"SearchAction\",\"target\":{\"@type\":\"EntryPoint\",\"urlTemplate\":\"https:\\\/\\\/www.cde.ual.es\\\/?s={search_term_string}\"},\"query-input\":{\"@type\":\"PropertyValueSpecification\",\"valueRequired\":true,\"valueName\":\"search_term_string\"}}],\"inLanguage\":\"en-US\"},{\"@type\":\"Organization\",\"@id\":\"https:\\\/\\\/www.cde.ual.es\\\/#organization\",\"name\":\"Centro de Documentaci\u00f3n Europea de Almer\u00eda\",\"url\":\"https:\\\/\\\/www.cde.ual.es\\\/\",\"logo\":{\"@type\":\"ImageObject\",\"inLanguage\":\"en-US\",\"@id\":\"https:\\\/\\\/www.cde.ual.es\\\/#\\\/schema\\\/logo\\\/image\\\/\",\"url\":\"https:\\\/\\\/www.cde.ual.es\\\/wp-content\\\/uploads\\\/2025\\\/07\\\/cde-logo-3.png\",\"contentUrl\":\"https:\\\/\\\/www.cde.ual.es\\\/wp-content\\\/uploads\\\/2025\\\/07\\\/cde-logo-3.png\",\"width\":1400,\"height\":300,\"caption\":\"Centro de Documentaci\u00f3n Europea de Almer\u00eda\"},\"image\":{\"@id\":\"https:\\\/\\\/www.cde.ual.es\\\/#\\\/schema\\\/logo\\\/image\\\/\"},\"sameAs\":[\"https:\\\/\\\/www.facebook.com\\\/cdeuniversidadalmeria\\\/\",\"https:\\\/\\\/x.com\\\/cdeualmeria\",\"https:\\\/\\\/www.tiktok.com\\\/@cdealmeria\",\"https:\\\/\\\/www.instagram.com\\\/cdealmeria\\\/\",\"https:\\\/\\\/www.linkedin.com\\\/in\\\/cde-almera-812b26a9\\\/\"]},{\"@type\":\"Person\",\"@id\":\"https:\\\/\\\/www.cde.ual.es\\\/#\\\/schema\\\/person\\\/bf2f837cf3353e2161fe1087adbd728f\",\"name\":\"BECACDE1\",\"image\":{\"@type\":\"ImageObject\",\"inLanguage\":\"en-US\",\"@id\":\"https:\\\/\\\/secure.gravatar.com\\\/avatar\\\/16a4c1e422b5dec818ee13eab3353b19db9cfd278cc10f9b0e1188a37671d9d4?s=96&d=mm&r=g\",\"url\":\"https:\\\/\\\/secure.gravatar.com\\\/avatar\\\/16a4c1e422b5dec818ee13eab3353b19db9cfd278cc10f9b0e1188a37671d9d4?s=96&d=mm&r=g\",\"contentUrl\":\"https:\\\/\\\/secure.gravatar.com\\\/avatar\\\/16a4c1e422b5dec818ee13eab3353b19db9cfd278cc10f9b0e1188a37671d9d4?s=96&d=mm&r=g\",\"caption\":\"BECACDE1\"},\"sameAs\":[\"http:\\\/\\\/www.cdealmeria.com\"]}]}<\/script>\n<!-- \/ Yoast SEO plugin. -->","yoast_head_json":{"title":"Creative Europe: Support for the Distribution of non-national films | CDE Almer\u00eda - Centro de Documentaci\u00f3n Europea - Universidad de Almer\u00eda","robots":{"index":"index","follow":"follow","max-snippet":"max-snippet:-1","max-image-preview":"max-image-preview:large","max-video-preview":"max-video-preview:-1"},"canonical":"https:\/\/www.cde.ual.es\/en\/creative-europe-support-for-the-distribution-of-non-national-films\/","og_locale":"en_US","og_type":"article","og_title":"Creative Europe: Support for the Distribution of non-national films | CDE Almer\u00eda - Centro de Documentaci\u00f3n Europea - Universidad de Almer\u00eda","og_description":"Within the specific objective of promoting non-national circulation, one of the priorities of the MEDIA Sub-programme shall be supporting theatrical distribution through non-national marketing, branding, distribution and exhibition of audiovisual works. Scope The MEDIA Sub-programme shall provide support for the following: establishing systems of support for the distribution of non-national European films through theatrical distribution [&hellip;]","og_url":"https:\/\/www.cde.ual.es\/en\/creative-europe-support-for-the-distribution-of-non-national-films\/","og_site_name":"CDE Almer\u00eda - Centro de Documentaci\u00f3n Europea - Universidad de Almer\u00eda","article_publisher":"https:\/\/www.facebook.com\/cdeuniversidadalmeria\/","article_published_time":"2019-10-22T01:00:50+00:00","og_image":[{"width":1126,"height":664,"url":"https:\/\/www.cde.ual.es\/wp-content\/uploads\/2018\/10\/Europa-Creativa.png","type":"image\/png"}],"author":"BECACDE1","twitter_card":"summary_large_image","twitter_creator":"@cdeualmeria","twitter_site":"@cdeualmeria","twitter_misc":{"Written by":"BECACDE1","Est. reading time":"1 minute"},"schema":{"@context":"https:\/\/schema.org","@graph":[{"@type":"Article","@id":"https:\/\/www.cde.ual.es\/en\/creative-europe-support-for-the-distribution-of-non-national-films\/#article","isPartOf":{"@id":"https:\/\/www.cde.ual.es\/en\/creative-europe-support-for-the-distribution-of-non-national-films\/"},"author":{"name":"BECACDE1","@id":"https:\/\/www.cde.ual.es\/#\/schema\/person\/bf2f837cf3353e2161fe1087adbd728f"},"headline":"Creative Europe: Support for the Distribution of non-national films","datePublished":"2019-10-22T01:00:50+00:00","mainEntityOfPage":{"@id":"https:\/\/www.cde.ual.es\/en\/creative-europe-support-for-the-distribution-of-non-national-films\/"},"wordCount":205,"commentCount":0,"publisher":{"@id":"https:\/\/www.cde.ual.es\/#organization"},"image":{"@id":"https:\/\/www.cde.ual.es\/en\/creative-europe-support-for-the-distribution-of-non-national-films\/#primaryimage"},"thumbnailUrl":"https:\/\/www.cde.ual.es\/wp-content\/uploads\/2018\/10\/Europa-Creativa.png","keywords":["call"],"articleSection":["EU Calls and Awards"],"inLanguage":"en-US","potentialAction":[{"@type":"CommentAction","name":"Comment","target":["https:\/\/www.cde.ual.es\/en\/creative-europe-support-for-the-distribution-of-non-national-films\/#respond"]}]},{"@type":"WebPage","@id":"https:\/\/www.cde.ual.es\/en\/creative-europe-support-for-the-distribution-of-non-national-films\/","url":"https:\/\/www.cde.ual.es\/en\/creative-europe-support-for-the-distribution-of-non-national-films\/","name":"Creative Europe: Support for the Distribution of non-national films | CDE Almer\u00eda - Centro de Documentaci\u00f3n Europea - Universidad de Almer\u00eda","isPartOf":{"@id":"https:\/\/www.cde.ual.es\/#website"},"primaryImageOfPage":{"@id":"https:\/\/www.cde.ual.es\/en\/creative-europe-support-for-the-distribution-of-non-national-films\/#primaryimage"},"image":{"@id":"https:\/\/www.cde.ual.es\/en\/creative-europe-support-for-the-distribution-of-non-national-films\/#primaryimage"},"thumbnailUrl":"https:\/\/www.cde.ual.es\/wp-content\/uploads\/2018\/10\/Europa-Creativa.png","datePublished":"2019-10-22T01:00:50+00:00","breadcrumb":{"@id":"https:\/\/www.cde.ual.es\/en\/creative-europe-support-for-the-distribution-of-non-national-films\/#breadcrumb"},"inLanguage":"en-US","potentialAction":[{"@type":"ReadAction","target":["https:\/\/www.cde.ual.es\/en\/creative-europe-support-for-the-distribution-of-non-national-films\/"]}]},{"@type":"ImageObject","inLanguage":"en-US","@id":"https:\/\/www.cde.ual.es\/en\/creative-europe-support-for-the-distribution-of-non-national-films\/#primaryimage","url":"https:\/\/www.cde.ual.es\/wp-content\/uploads\/2018\/10\/Europa-Creativa.png","contentUrl":"https:\/\/www.cde.ual.es\/wp-content\/uploads\/2018\/10\/Europa-Creativa.png","width":1126,"height":664},{"@type":"BreadcrumbList","@id":"https:\/\/www.cde.ual.es\/en\/creative-europe-support-for-the-distribution-of-non-national-films\/#breadcrumb","itemListElement":[{"@type":"ListItem","position":1,"name":"Inicio","item":"https:\/\/www.cde.ual.es\/en\/"},{"@type":"ListItem","position":2,"name":"EU Calls and Awards","item":"https:\/\/www.cde.ual.es\/en\/category\/eu-calls-and-awards\/"},{"@type":"ListItem","position":3,"name":"Creative Europe: Support for the Distribution of non-national films"}]},{"@type":"WebSite","@id":"https:\/\/www.cde.ual.es\/#website","url":"https:\/\/www.cde.ual.es\/","name":"CDE Almer\u00eda - Centro de Documentaci\u00f3n Europea - Universidad de Almer\u00eda","description":"Centro de Documentaci\u00f3n Europea de la Universidad de Almer\u00eda","publisher":{"@id":"https:\/\/www.cde.ual.es\/#organization"},"alternateName":"CDE Almer\u00eda","potentialAction":[{"@type":"SearchAction","target":{"@type":"EntryPoint","urlTemplate":"https:\/\/www.cde.ual.es\/?s={search_term_string}"},"query-input":{"@type":"PropertyValueSpecification","valueRequired":true,"valueName":"search_term_string"}}],"inLanguage":"en-US"},{"@type":"Organization","@id":"https:\/\/www.cde.ual.es\/#organization","name":"Centro de Documentaci\u00f3n Europea de Almer\u00eda","url":"https:\/\/www.cde.ual.es\/","logo":{"@type":"ImageObject","inLanguage":"en-US","@id":"https:\/\/www.cde.ual.es\/#\/schema\/logo\/image\/","url":"https:\/\/www.cde.ual.es\/wp-content\/uploads\/2025\/07\/cde-logo-3.png","contentUrl":"https:\/\/www.cde.ual.es\/wp-content\/uploads\/2025\/07\/cde-logo-3.png","width":1400,"height":300,"caption":"Centro de Documentaci\u00f3n Europea de Almer\u00eda"},"image":{"@id":"https:\/\/www.cde.ual.es\/#\/schema\/logo\/image\/"},"sameAs":["https:\/\/www.facebook.com\/cdeuniversidadalmeria\/","https:\/\/x.com\/cdeualmeria","https:\/\/www.tiktok.com\/@cdealmeria","https:\/\/www.instagram.com\/cdealmeria\/","https:\/\/www.linkedin.com\/in\/cde-almera-812b26a9\/"]},{"@type":"Person","@id":"https:\/\/www.cde.ual.es\/#\/schema\/person\/bf2f837cf3353e2161fe1087adbd728f","name":"BECACDE1","image":{"@type":"ImageObject","inLanguage":"en-US","@id":"https:\/\/secure.gravatar.com\/avatar\/16a4c1e422b5dec818ee13eab3353b19db9cfd278cc10f9b0e1188a37671d9d4?s=96&d=mm&r=g","url":"https:\/\/secure.gravatar.com\/avatar\/16a4c1e422b5dec818ee13eab3353b19db9cfd278cc10f9b0e1188a37671d9d4?s=96&d=mm&r=g","contentUrl":"https:\/\/secure.gravatar.com\/avatar\/16a4c1e422b5dec818ee13eab3353b19db9cfd278cc10f9b0e1188a37671d9d4?s=96&d=mm&r=g","caption":"BECACDE1"},"sameAs":["http:\/\/www.cdealmeria.com"]}]}},"_links":{"self":[{"href":"https:\/\/www.cde.ual.es\/en\/wp-json\/wp\/v2\/posts\/27622","targetHints":{"allow":["GET"]}}],"collection":[{"href":"https:\/\/www.cde.ual.es\/en\/wp-json\/wp\/v2\/posts"}],"about":[{"href":"https:\/\/www.cde.ual.es\/en\/wp-json\/wp\/v2\/types\/post"}],"author":[{"embeddable":true,"href":"https:\/\/www.cde.ual.es\/en\/wp-json\/wp\/v2\/users\/101012"}],"replies":[{"embeddable":true,"href":"https:\/\/www.cde.ual.es\/en\/wp-json\/wp\/v2\/comments?post=27622"}],"version-history":[{"count":0,"href":"https:\/\/www.cde.ual.es\/en\/wp-json\/wp\/v2\/posts\/27622\/revisions"}],"wp:featuredmedia":[{"embeddable":true,"href":"https:\/\/www.cde.ual.es\/en\/wp-json\/wp\/v2\/media\/27623"}],"wp:attachment":[{"href":"https:\/\/www.cde.ual.es\/en\/wp-json\/wp\/v2\/media?parent=27622"}],"wp:term":[{"taxonomy":"category","embeddable":true,"href":"https:\/\/www.cde.ual.es\/en\/wp-json\/wp\/v2\/categories?post=27622"},{"taxonomy":"post_tag","embeddable":true,"href":"https:\/\/www.cde.ual.es\/en\/wp-json\/wp\/v2\/tags?post=27622"}],"curies":[{"name":"wp","href":"https:\/\/api.w.org\/{rel}","templated":true}]}}