{"id":27458,"date":"2019-10-18T03:00:33","date_gmt":"2019-10-18T01:00:33","guid":{"rendered":"https:\/\/www.cde.ual.es\/?p=27458"},"modified":"2019-10-16T20:07:46","modified_gmt":"2019-10-16T18:07:46","slug":"creative-europe-support-to-television-programming-of-audiovisual-european-works","status":"publish","type":"post","link":"https:\/\/www.cde.ual.es\/en\/creative-europe-support-to-television-programming-of-audiovisual-european-works\/","title":{"rendered":"Creative Europe : Support to Television Programming of Audiovisual European Works"},"content":{"rendered":"<p><em><strong>Within Creative Europe, the MEDIA subprogramme is aimed at strengthening and supporting the European film and audiovisual industry.<\/strong><\/em><\/p>\n<p><a href=\"https:\/\/www.cde.ual.es\/wp-content\/uploads\/2018\/12\/Creative-Europe.png\"><img decoding=\"async\" class=\"size-medium wp-image-11092 aligncenter\" src=\"https:\/\/www.cde.ual.es\/wp-content\/uploads\/2018\/12\/Creative-Europe-300x174.png\" alt=\"\" width=\"300\" height=\"174\" srcset=\"https:\/\/www.cde.ual.es\/wp-content\/uploads\/2018\/12\/Creative-Europe-300x174.png 300w, https:\/\/www.cde.ual.es\/wp-content\/uploads\/2018\/12\/Creative-Europe.png 712w\" sizes=\"(max-width: 300px) 100vw, 300px\" \/><\/a><\/p>\n<h3>Objectives<\/h3>\n<p>The objective of the Support to TV Programming is to increase the capacity of audiovisual producers to develop strong projects with significant potential to circulate throughout Europe and beyond, and to facilitate European and international co-productions within the television sector.<\/p>\n<h3>What are they looking for?<\/h3>\n<p>The works may have one or several episodes, and should be:<\/p>\n<ul>\n<li>Fiction works (for a minimum of 90 minutes), including sequels, second or third seasons.<\/li>\n<li>Animations (for a minimum of 24 minutes).<\/li>\n<li>Creative documentaries (for a minimum of 50 minutes).<\/li>\n<\/ul>\n<h3>Expected results<\/h3>\n<ul>\n<li>Increased production of high quality European works for the television market.<\/li>\n<li>Enhanced cooperation between operators from different countries participating in the MEDIA Sub-programme as well as between broadcasters.<\/li>\n<li>Increase co-productions and circulation of high profile European television drama series.<\/li>\n<li>Increased audience for European works through linear and non-linear broadcasting.<\/li>\n<\/ul>\n<h3>Deadline<\/h3>\n<p><strong>28 November 2019<\/strong> at 17:00 Brussels time<\/p>\n<h3>More information<\/h3>\n<p><a href=\"https:\/\/ec.europa.eu\/info\/funding-tenders\/opportunities\/portal\/screen\/opportunities\/topic-details\/crea-tv-2020;freeTextSearchKeyword=;typeCodes=1;statusCodes=31094502;programCode=null;programDivisionCode=null;focusAreaCode=null;crossCuttingPriorityCode=null;callCode=Default;sortQuery=openingDate;orderBy=desc;onlyTenders=false;topicListKey=topicSearchTablePageState\">Call<\/a><\/p>\n","protected":false},"excerpt":{"rendered":"<p>Within Creative Europe, the MEDIA subprogramme is aimed at strengthening and supporting the European film and audiovisual industry. Objectives The objective of the Support to TV Programming is to increase the capacity of audiovisual producers to develop strong projects with significant potential to circulate throughout Europe and beyond, and to facilitate European and international co-productions [&hellip;]<\/p>\n","protected":false},"author":101012,"featured_media":26263,"comment_status":"open","ping_status":"open","sticky":false,"template":"","format":"standard","meta":{"_acf_changed":false,"_relevanssi_hide_post":"","_relevanssi_hide_content":"","_relevanssi_pin_for_all":"","_relevanssi_pin_keywords":"","_relevanssi_unpin_keywords":"","_relevanssi_related_keywords":"","_relevanssi_related_include_ids":"","_relevanssi_related_exclude_ids":"","_relevanssi_related_no_append":"","_relevanssi_related_not_related":"","_relevanssi_related_posts":"","_relevanssi_noindex_reason":"","_monsterinsights_skip_tracking":false,"_monsterinsights_sitenote_active":false,"_monsterinsights_sitenote_note":"","_monsterinsights_sitenote_category":0,"_genesis_hide_title":false,"_genesis_hide_breadcrumbs":false,"_genesis_hide_singular_image":false,"_genesis_hide_footer_widgets":false,"_genesis_custom_body_class":"","_genesis_custom_post_class":"","_genesis_layout":"","footnotes":""},"categories":[366],"tags":[409],"class_list":{"0":"post-27458","1":"post","2":"type-post","3":"status-publish","4":"format-standard","5":"has-post-thumbnail","7":"category-eu-calls-and-awards","8":"tag-call","9":"entry"},"acf":[],"yoast_head":"<!-- This site is optimized with the Yoast SEO plugin v27.4 - https:\/\/yoast.com\/product\/yoast-seo-wordpress\/ -->\n<title>Creative Europe : Support to Television Programming of Audiovisual European Works | CDE Almer\u00eda - Centro de Documentaci\u00f3n Europea - Universidad de Almer\u00eda<\/title>\n<meta name=\"robots\" content=\"index, follow, max-snippet:-1, max-image-preview:large, max-video-preview:-1\" \/>\n<link rel=\"canonical\" href=\"https:\/\/www.cde.ual.es\/en\/creative-europe-support-to-television-programming-of-audiovisual-european-works\/\" \/>\n<meta property=\"og:locale\" content=\"en_US\" \/>\n<meta property=\"og:type\" content=\"article\" \/>\n<meta property=\"og:title\" content=\"Creative Europe : Support to Television Programming of Audiovisual European Works | CDE Almer\u00eda - Centro de Documentaci\u00f3n Europea - Universidad de Almer\u00eda\" \/>\n<meta property=\"og:description\" content=\"Within Creative Europe, the MEDIA subprogramme is aimed at strengthening and supporting the European film and audiovisual industry. Objectives The objective of the Support to TV Programming is to increase the capacity of audiovisual producers to develop strong projects with significant potential to circulate throughout Europe and beyond, and to facilitate European and international co-productions [&hellip;]\" \/>\n<meta property=\"og:url\" content=\"https:\/\/www.cde.ual.es\/en\/creative-europe-support-to-television-programming-of-audiovisual-european-works\/\" \/>\n<meta property=\"og:site_name\" content=\"CDE Almer\u00eda - Centro de Documentaci\u00f3n Europea - Universidad de Almer\u00eda\" \/>\n<meta property=\"article:publisher\" content=\"https:\/\/www.facebook.com\/cdeuniversidadalmeria\/\" \/>\n<meta property=\"article:published_time\" content=\"2019-10-18T01:00:33+00:00\" \/>\n<meta property=\"og:image\" content=\"https:\/\/www.cde.ual.es\/wp-content\/uploads\/2018\/12\/Creative-Europe.png\" \/>\n\t<meta property=\"og:image:width\" content=\"712\" \/>\n\t<meta property=\"og:image:height\" content=\"412\" \/>\n\t<meta property=\"og:image:type\" content=\"image\/png\" \/>\n<meta name=\"author\" content=\"BECACDE1\" \/>\n<meta name=\"twitter:card\" content=\"summary_large_image\" \/>\n<meta name=\"twitter:creator\" content=\"@cdeualmeria\" \/>\n<meta name=\"twitter:site\" content=\"@cdeualmeria\" \/>\n<meta name=\"twitter:label1\" content=\"Written by\" \/>\n\t<meta name=\"twitter:data1\" content=\"BECACDE1\" \/>\n\t<meta name=\"twitter:label2\" content=\"Est. reading time\" \/>\n\t<meta name=\"twitter:data2\" content=\"1 minute\" \/>\n<script type=\"application\/ld+json\" class=\"yoast-schema-graph\">{\"@context\":\"https:\\\/\\\/schema.org\",\"@graph\":[{\"@type\":\"Article\",\"@id\":\"https:\\\/\\\/www.cde.ual.es\\\/en\\\/creative-europe-support-to-television-programming-of-audiovisual-european-works\\\/#article\",\"isPartOf\":{\"@id\":\"https:\\\/\\\/www.cde.ual.es\\\/en\\\/creative-europe-support-to-television-programming-of-audiovisual-european-works\\\/\"},\"author\":{\"name\":\"BECACDE1\",\"@id\":\"https:\\\/\\\/www.cde.ual.es\\\/#\\\/schema\\\/person\\\/bf2f837cf3353e2161fe1087adbd728f\"},\"headline\":\"Creative Europe : Support to Television Programming of Audiovisual European Works\",\"datePublished\":\"2019-10-18T01:00:33+00:00\",\"mainEntityOfPage\":{\"@id\":\"https:\\\/\\\/www.cde.ual.es\\\/en\\\/creative-europe-support-to-television-programming-of-audiovisual-european-works\\\/\"},\"wordCount\":170,\"commentCount\":0,\"publisher\":{\"@id\":\"https:\\\/\\\/www.cde.ual.es\\\/#organization\"},\"image\":{\"@id\":\"https:\\\/\\\/www.cde.ual.es\\\/en\\\/creative-europe-support-to-television-programming-of-audiovisual-european-works\\\/#primaryimage\"},\"thumbnailUrl\":\"https:\\\/\\\/www.cde.ual.es\\\/wp-content\\\/uploads\\\/2018\\\/12\\\/Creative-Europe.png\",\"keywords\":[\"call\"],\"articleSection\":[\"EU Calls and Awards\"],\"inLanguage\":\"en-US\",\"potentialAction\":[{\"@type\":\"CommentAction\",\"name\":\"Comment\",\"target\":[\"https:\\\/\\\/www.cde.ual.es\\\/en\\\/creative-europe-support-to-television-programming-of-audiovisual-european-works\\\/#respond\"]}]},{\"@type\":\"WebPage\",\"@id\":\"https:\\\/\\\/www.cde.ual.es\\\/en\\\/creative-europe-support-to-television-programming-of-audiovisual-european-works\\\/\",\"url\":\"https:\\\/\\\/www.cde.ual.es\\\/en\\\/creative-europe-support-to-television-programming-of-audiovisual-european-works\\\/\",\"name\":\"Creative Europe : Support to Television Programming of Audiovisual European Works | CDE Almer\u00eda - Centro de Documentaci\u00f3n Europea - Universidad de Almer\u00eda\",\"isPartOf\":{\"@id\":\"https:\\\/\\\/www.cde.ual.es\\\/#website\"},\"primaryImageOfPage\":{\"@id\":\"https:\\\/\\\/www.cde.ual.es\\\/en\\\/creative-europe-support-to-television-programming-of-audiovisual-european-works\\\/#primaryimage\"},\"image\":{\"@id\":\"https:\\\/\\\/www.cde.ual.es\\\/en\\\/creative-europe-support-to-television-programming-of-audiovisual-european-works\\\/#primaryimage\"},\"thumbnailUrl\":\"https:\\\/\\\/www.cde.ual.es\\\/wp-content\\\/uploads\\\/2018\\\/12\\\/Creative-Europe.png\",\"datePublished\":\"2019-10-18T01:00:33+00:00\",\"breadcrumb\":{\"@id\":\"https:\\\/\\\/www.cde.ual.es\\\/en\\\/creative-europe-support-to-television-programming-of-audiovisual-european-works\\\/#breadcrumb\"},\"inLanguage\":\"en-US\",\"potentialAction\":[{\"@type\":\"ReadAction\",\"target\":[\"https:\\\/\\\/www.cde.ual.es\\\/en\\\/creative-europe-support-to-television-programming-of-audiovisual-european-works\\\/\"]}]},{\"@type\":\"ImageObject\",\"inLanguage\":\"en-US\",\"@id\":\"https:\\\/\\\/www.cde.ual.es\\\/en\\\/creative-europe-support-to-television-programming-of-audiovisual-european-works\\\/#primaryimage\",\"url\":\"https:\\\/\\\/www.cde.ual.es\\\/wp-content\\\/uploads\\\/2018\\\/12\\\/Creative-Europe.png\",\"contentUrl\":\"https:\\\/\\\/www.cde.ual.es\\\/wp-content\\\/uploads\\\/2018\\\/12\\\/Creative-Europe.png\",\"width\":712,\"height\":412},{\"@type\":\"BreadcrumbList\",\"@id\":\"https:\\\/\\\/www.cde.ual.es\\\/en\\\/creative-europe-support-to-television-programming-of-audiovisual-european-works\\\/#breadcrumb\",\"itemListElement\":[{\"@type\":\"ListItem\",\"position\":1,\"name\":\"Inicio\",\"item\":\"https:\\\/\\\/www.cde.ual.es\\\/en\\\/\"},{\"@type\":\"ListItem\",\"position\":2,\"name\":\"EU Calls and Awards\",\"item\":\"https:\\\/\\\/www.cde.ual.es\\\/en\\\/category\\\/eu-calls-and-awards\\\/\"},{\"@type\":\"ListItem\",\"position\":3,\"name\":\"Creative Europe : Support to Television Programming of Audiovisual European Works\"}]},{\"@type\":\"WebSite\",\"@id\":\"https:\\\/\\\/www.cde.ual.es\\\/#website\",\"url\":\"https:\\\/\\\/www.cde.ual.es\\\/\",\"name\":\"CDE Almer\u00eda - Centro de Documentaci\u00f3n Europea - Universidad de Almer\u00eda\",\"description\":\"Centro de Documentaci\u00f3n Europea de la Universidad de Almer\u00eda\",\"publisher\":{\"@id\":\"https:\\\/\\\/www.cde.ual.es\\\/#organization\"},\"alternateName\":\"CDE Almer\u00eda\",\"potentialAction\":[{\"@type\":\"SearchAction\",\"target\":{\"@type\":\"EntryPoint\",\"urlTemplate\":\"https:\\\/\\\/www.cde.ual.es\\\/?s={search_term_string}\"},\"query-input\":{\"@type\":\"PropertyValueSpecification\",\"valueRequired\":true,\"valueName\":\"search_term_string\"}}],\"inLanguage\":\"en-US\"},{\"@type\":\"Organization\",\"@id\":\"https:\\\/\\\/www.cde.ual.es\\\/#organization\",\"name\":\"Centro de Documentaci\u00f3n Europea de Almer\u00eda\",\"url\":\"https:\\\/\\\/www.cde.ual.es\\\/\",\"logo\":{\"@type\":\"ImageObject\",\"inLanguage\":\"en-US\",\"@id\":\"https:\\\/\\\/www.cde.ual.es\\\/#\\\/schema\\\/logo\\\/image\\\/\",\"url\":\"https:\\\/\\\/www.cde.ual.es\\\/wp-content\\\/uploads\\\/2025\\\/07\\\/cde-logo-3.png\",\"contentUrl\":\"https:\\\/\\\/www.cde.ual.es\\\/wp-content\\\/uploads\\\/2025\\\/07\\\/cde-logo-3.png\",\"width\":1400,\"height\":300,\"caption\":\"Centro de Documentaci\u00f3n Europea de Almer\u00eda\"},\"image\":{\"@id\":\"https:\\\/\\\/www.cde.ual.es\\\/#\\\/schema\\\/logo\\\/image\\\/\"},\"sameAs\":[\"https:\\\/\\\/www.facebook.com\\\/cdeuniversidadalmeria\\\/\",\"https:\\\/\\\/x.com\\\/cdeualmeria\",\"https:\\\/\\\/www.tiktok.com\\\/@cdealmeria\",\"https:\\\/\\\/www.instagram.com\\\/cdealmeria\\\/\",\"https:\\\/\\\/www.linkedin.com\\\/in\\\/cde-almera-812b26a9\\\/\"]},{\"@type\":\"Person\",\"@id\":\"https:\\\/\\\/www.cde.ual.es\\\/#\\\/schema\\\/person\\\/bf2f837cf3353e2161fe1087adbd728f\",\"name\":\"BECACDE1\",\"image\":{\"@type\":\"ImageObject\",\"inLanguage\":\"en-US\",\"@id\":\"https:\\\/\\\/secure.gravatar.com\\\/avatar\\\/16a4c1e422b5dec818ee13eab3353b19db9cfd278cc10f9b0e1188a37671d9d4?s=96&d=mm&r=g\",\"url\":\"https:\\\/\\\/secure.gravatar.com\\\/avatar\\\/16a4c1e422b5dec818ee13eab3353b19db9cfd278cc10f9b0e1188a37671d9d4?s=96&d=mm&r=g\",\"contentUrl\":\"https:\\\/\\\/secure.gravatar.com\\\/avatar\\\/16a4c1e422b5dec818ee13eab3353b19db9cfd278cc10f9b0e1188a37671d9d4?s=96&d=mm&r=g\",\"caption\":\"BECACDE1\"},\"sameAs\":[\"http:\\\/\\\/www.cdealmeria.com\"]}]}<\/script>\n<!-- \/ Yoast SEO plugin. -->","yoast_head_json":{"title":"Creative Europe : Support to Television Programming of Audiovisual European Works | CDE Almer\u00eda - Centro de Documentaci\u00f3n Europea - Universidad de Almer\u00eda","robots":{"index":"index","follow":"follow","max-snippet":"max-snippet:-1","max-image-preview":"max-image-preview:large","max-video-preview":"max-video-preview:-1"},"canonical":"https:\/\/www.cde.ual.es\/en\/creative-europe-support-to-television-programming-of-audiovisual-european-works\/","og_locale":"en_US","og_type":"article","og_title":"Creative Europe : Support to Television Programming of Audiovisual European Works | CDE Almer\u00eda - Centro de Documentaci\u00f3n Europea - Universidad de Almer\u00eda","og_description":"Within Creative Europe, the MEDIA subprogramme is aimed at strengthening and supporting the European film and audiovisual industry. Objectives The objective of the Support to TV Programming is to increase the capacity of audiovisual producers to develop strong projects with significant potential to circulate throughout Europe and beyond, and to facilitate European and international co-productions [&hellip;]","og_url":"https:\/\/www.cde.ual.es\/en\/creative-europe-support-to-television-programming-of-audiovisual-european-works\/","og_site_name":"CDE Almer\u00eda - Centro de Documentaci\u00f3n Europea - Universidad de Almer\u00eda","article_publisher":"https:\/\/www.facebook.com\/cdeuniversidadalmeria\/","article_published_time":"2019-10-18T01:00:33+00:00","og_image":[{"width":712,"height":412,"url":"https:\/\/www.cde.ual.es\/wp-content\/uploads\/2018\/12\/Creative-Europe.png","type":"image\/png"}],"author":"BECACDE1","twitter_card":"summary_large_image","twitter_creator":"@cdeualmeria","twitter_site":"@cdeualmeria","twitter_misc":{"Written by":"BECACDE1","Est. reading time":"1 minute"},"schema":{"@context":"https:\/\/schema.org","@graph":[{"@type":"Article","@id":"https:\/\/www.cde.ual.es\/en\/creative-europe-support-to-television-programming-of-audiovisual-european-works\/#article","isPartOf":{"@id":"https:\/\/www.cde.ual.es\/en\/creative-europe-support-to-television-programming-of-audiovisual-european-works\/"},"author":{"name":"BECACDE1","@id":"https:\/\/www.cde.ual.es\/#\/schema\/person\/bf2f837cf3353e2161fe1087adbd728f"},"headline":"Creative Europe : Support to Television Programming of Audiovisual European Works","datePublished":"2019-10-18T01:00:33+00:00","mainEntityOfPage":{"@id":"https:\/\/www.cde.ual.es\/en\/creative-europe-support-to-television-programming-of-audiovisual-european-works\/"},"wordCount":170,"commentCount":0,"publisher":{"@id":"https:\/\/www.cde.ual.es\/#organization"},"image":{"@id":"https:\/\/www.cde.ual.es\/en\/creative-europe-support-to-television-programming-of-audiovisual-european-works\/#primaryimage"},"thumbnailUrl":"https:\/\/www.cde.ual.es\/wp-content\/uploads\/2018\/12\/Creative-Europe.png","keywords":["call"],"articleSection":["EU Calls and Awards"],"inLanguage":"en-US","potentialAction":[{"@type":"CommentAction","name":"Comment","target":["https:\/\/www.cde.ual.es\/en\/creative-europe-support-to-television-programming-of-audiovisual-european-works\/#respond"]}]},{"@type":"WebPage","@id":"https:\/\/www.cde.ual.es\/en\/creative-europe-support-to-television-programming-of-audiovisual-european-works\/","url":"https:\/\/www.cde.ual.es\/en\/creative-europe-support-to-television-programming-of-audiovisual-european-works\/","name":"Creative Europe : Support to Television Programming of Audiovisual European Works | CDE Almer\u00eda - Centro de Documentaci\u00f3n Europea - Universidad de Almer\u00eda","isPartOf":{"@id":"https:\/\/www.cde.ual.es\/#website"},"primaryImageOfPage":{"@id":"https:\/\/www.cde.ual.es\/en\/creative-europe-support-to-television-programming-of-audiovisual-european-works\/#primaryimage"},"image":{"@id":"https:\/\/www.cde.ual.es\/en\/creative-europe-support-to-television-programming-of-audiovisual-european-works\/#primaryimage"},"thumbnailUrl":"https:\/\/www.cde.ual.es\/wp-content\/uploads\/2018\/12\/Creative-Europe.png","datePublished":"2019-10-18T01:00:33+00:00","breadcrumb":{"@id":"https:\/\/www.cde.ual.es\/en\/creative-europe-support-to-television-programming-of-audiovisual-european-works\/#breadcrumb"},"inLanguage":"en-US","potentialAction":[{"@type":"ReadAction","target":["https:\/\/www.cde.ual.es\/en\/creative-europe-support-to-television-programming-of-audiovisual-european-works\/"]}]},{"@type":"ImageObject","inLanguage":"en-US","@id":"https:\/\/www.cde.ual.es\/en\/creative-europe-support-to-television-programming-of-audiovisual-european-works\/#primaryimage","url":"https:\/\/www.cde.ual.es\/wp-content\/uploads\/2018\/12\/Creative-Europe.png","contentUrl":"https:\/\/www.cde.ual.es\/wp-content\/uploads\/2018\/12\/Creative-Europe.png","width":712,"height":412},{"@type":"BreadcrumbList","@id":"https:\/\/www.cde.ual.es\/en\/creative-europe-support-to-television-programming-of-audiovisual-european-works\/#breadcrumb","itemListElement":[{"@type":"ListItem","position":1,"name":"Inicio","item":"https:\/\/www.cde.ual.es\/en\/"},{"@type":"ListItem","position":2,"name":"EU Calls and Awards","item":"https:\/\/www.cde.ual.es\/en\/category\/eu-calls-and-awards\/"},{"@type":"ListItem","position":3,"name":"Creative Europe : Support to Television Programming of Audiovisual European Works"}]},{"@type":"WebSite","@id":"https:\/\/www.cde.ual.es\/#website","url":"https:\/\/www.cde.ual.es\/","name":"CDE Almer\u00eda - Centro de Documentaci\u00f3n Europea - Universidad de Almer\u00eda","description":"Centro de Documentaci\u00f3n Europea de la Universidad de Almer\u00eda","publisher":{"@id":"https:\/\/www.cde.ual.es\/#organization"},"alternateName":"CDE Almer\u00eda","potentialAction":[{"@type":"SearchAction","target":{"@type":"EntryPoint","urlTemplate":"https:\/\/www.cde.ual.es\/?s={search_term_string}"},"query-input":{"@type":"PropertyValueSpecification","valueRequired":true,"valueName":"search_term_string"}}],"inLanguage":"en-US"},{"@type":"Organization","@id":"https:\/\/www.cde.ual.es\/#organization","name":"Centro de Documentaci\u00f3n Europea de Almer\u00eda","url":"https:\/\/www.cde.ual.es\/","logo":{"@type":"ImageObject","inLanguage":"en-US","@id":"https:\/\/www.cde.ual.es\/#\/schema\/logo\/image\/","url":"https:\/\/www.cde.ual.es\/wp-content\/uploads\/2025\/07\/cde-logo-3.png","contentUrl":"https:\/\/www.cde.ual.es\/wp-content\/uploads\/2025\/07\/cde-logo-3.png","width":1400,"height":300,"caption":"Centro de Documentaci\u00f3n Europea de Almer\u00eda"},"image":{"@id":"https:\/\/www.cde.ual.es\/#\/schema\/logo\/image\/"},"sameAs":["https:\/\/www.facebook.com\/cdeuniversidadalmeria\/","https:\/\/x.com\/cdeualmeria","https:\/\/www.tiktok.com\/@cdealmeria","https:\/\/www.instagram.com\/cdealmeria\/","https:\/\/www.linkedin.com\/in\/cde-almera-812b26a9\/"]},{"@type":"Person","@id":"https:\/\/www.cde.ual.es\/#\/schema\/person\/bf2f837cf3353e2161fe1087adbd728f","name":"BECACDE1","image":{"@type":"ImageObject","inLanguage":"en-US","@id":"https:\/\/secure.gravatar.com\/avatar\/16a4c1e422b5dec818ee13eab3353b19db9cfd278cc10f9b0e1188a37671d9d4?s=96&d=mm&r=g","url":"https:\/\/secure.gravatar.com\/avatar\/16a4c1e422b5dec818ee13eab3353b19db9cfd278cc10f9b0e1188a37671d9d4?s=96&d=mm&r=g","contentUrl":"https:\/\/secure.gravatar.com\/avatar\/16a4c1e422b5dec818ee13eab3353b19db9cfd278cc10f9b0e1188a37671d9d4?s=96&d=mm&r=g","caption":"BECACDE1"},"sameAs":["http:\/\/www.cdealmeria.com"]}]}},"_links":{"self":[{"href":"https:\/\/www.cde.ual.es\/en\/wp-json\/wp\/v2\/posts\/27458","targetHints":{"allow":["GET"]}}],"collection":[{"href":"https:\/\/www.cde.ual.es\/en\/wp-json\/wp\/v2\/posts"}],"about":[{"href":"https:\/\/www.cde.ual.es\/en\/wp-json\/wp\/v2\/types\/post"}],"author":[{"embeddable":true,"href":"https:\/\/www.cde.ual.es\/en\/wp-json\/wp\/v2\/users\/101012"}],"replies":[{"embeddable":true,"href":"https:\/\/www.cde.ual.es\/en\/wp-json\/wp\/v2\/comments?post=27458"}],"version-history":[{"count":0,"href":"https:\/\/www.cde.ual.es\/en\/wp-json\/wp\/v2\/posts\/27458\/revisions"}],"wp:featuredmedia":[{"embeddable":true,"href":"https:\/\/www.cde.ual.es\/en\/wp-json\/wp\/v2\/media\/26263"}],"wp:attachment":[{"href":"https:\/\/www.cde.ual.es\/en\/wp-json\/wp\/v2\/media?parent=27458"}],"wp:term":[{"taxonomy":"category","embeddable":true,"href":"https:\/\/www.cde.ual.es\/en\/wp-json\/wp\/v2\/categories?post=27458"},{"taxonomy":"post_tag","embeddable":true,"href":"https:\/\/www.cde.ual.es\/en\/wp-json\/wp\/v2\/tags?post=27458"}],"curies":[{"name":"wp","href":"https:\/\/api.w.org\/{rel}","templated":true}]}}