{"id":26988,"date":"2019-10-10T10:01:27","date_gmt":"2019-10-10T08:01:27","guid":{"rendered":"https:\/\/www.cde.ual.es\/?p=26988"},"modified":"2019-10-10T10:03:11","modified_gmt":"2019-10-10T08:03:11","slug":"the-acting-agricuture-minister-underlines-the-need-to-maintain-european-unity-and-firmness-against-the-sanctions-announced-by-the-us","status":"publish","type":"post","link":"https:\/\/www.cde.ual.es\/en\/the-acting-agricuture-minister-underlines-the-need-to-maintain-european-unity-and-firmness-against-the-sanctions-announced-by-the-us\/","title":{"rendered":"The acting Agriculture Minister underlines the need to maintain European unity and firmness against the sanctions announced by the US"},"content":{"rendered":"<p style=\"text-align: center;\"><a href=\"https:\/\/www.cde.ual.es\/wp-content\/uploads\/2019\/10\/Reuni\u00f3n-Planas.jpg\"><img decoding=\"async\" class=\"alignnone size-medium wp-image-26978\" src=\"https:\/\/www.cde.ual.es\/wp-content\/uploads\/2019\/10\/Reuni\u00f3n-Planas-300x199.jpg\" alt=\"\" width=\"300\" height=\"199\" srcset=\"https:\/\/www.cde.ual.es\/wp-content\/uploads\/2019\/10\/Reuni\u00f3n-Planas-300x199.jpg 300w, https:\/\/www.cde.ual.es\/wp-content\/uploads\/2019\/10\/Reuni\u00f3n-Planas.jpg 512w\" sizes=\"(max-width: 300px) 100vw, 300px\" \/><\/a><\/p>\n<p><em><strong>The acting Agriculture, Fisheries and Food Minister Luis Planas, accompanied by the Secretary of State for Commerce, Xiana M\u00e9ndez, has met in Brussels with the European Commissioners of Commerce, Cecilia Malstr\u00f6m, and Agriculture and Rural Development, Phil Hogan, in a meeting that the minister has described as &#8220;positive.&#8221;<\/strong><\/em><\/p>\n<p><span lang=\"en\" tabindex=\"0\">The minister stressed the importance of maintaining European unity in the defense of our common interests. In this context, Planas has ensured that Spain will firmly defend the interests of its producers and its exporters. For this, the Government has the support expressed by the autonomous communities and by the agri-food sector as a whole in the meetings held by the minister this week.<\/span><\/p>\n<p><span lang=\"en\" tabindex=\"0\">Specifically, Planas has asked Commissioner Malstr\u00f6m firmness to face the announcement of &#8220;unfair&#8221; sanctions from the United States to agrifood products, for an amount close to 7.5 billion dollars at the community level. In this regard, Planas has highlighted the great effort that the Commission is making to ensure that the panel for the Airbus case can be crossed in the immediate future with which the European Union has against the United States for the Boeing issue and, therefore, so much, that the agri-food sector of this commercial conflict is left aside. In addition to transmitting the same message, Planas has addressed the situation of each of the sectors with Commissioner Hogan.<\/span><\/p>\n<h3>Olive oil<\/h3>\n<p><span lang=\"en\" tabindex=\"0\">In the case of olive oil, the economic impact of tariffs would be serious and would add to the price crisis experienced by the sector, as a result of a record harvest last season. In this regard, the Government has requested the private storage of olive oil. Although the reference threshold for activating it has not been reached, Planas considers that at this time there are special circumstances for the Commission to be sensitive and adopt this measure. Before this request, the commissioner has pledged to examine the Spanish petition and give him an answer in the next few days.<\/span><\/p>\n<h3>Table olives<\/h3>\n<p><span lang=\"en\" tabindex=\"0\">In relation to table olives, the minister recalled that as a result of the procedure against black olives, the sector has already lost around 40% of its market in the United States in just one year. At this point, Planas has requested not only promotional measures but also the possibility of examining the possibility of alternative measures.<\/span><\/p>\n<h3>More information<\/h3>\n<p><a href=\"https:\/\/www.lamoncloa.gob.es\/serviciosdeprensa\/notasprensa\/agricultura\/Paginas\/2019\/091019-planas.aspx\">Press release<\/a><\/p>\n","protected":false},"excerpt":{"rendered":"<p>The acting Agriculture, Fisheries and Food Minister Luis Planas, accompanied by the Secretary of State for Commerce, Xiana M\u00e9ndez, has met in Brussels with the European Commissioners of Commerce, Cecilia Malstr\u00f6m, and Agriculture and Rural Development, Phil Hogan, in a meeting that the minister has described as &#8220;positive.&#8221; The minister stressed the importance of maintaining [&hellip;]<\/p>\n","protected":false},"author":1,"featured_media":26978,"comment_status":"open","ping_status":"open","sticky":false,"template":"","format":"standard","meta":{"_acf_changed":false,"_relevanssi_hide_post":"","_relevanssi_hide_content":"","_relevanssi_pin_for_all":"","_relevanssi_pin_keywords":"","_relevanssi_unpin_keywords":"","_relevanssi_related_keywords":"","_relevanssi_related_include_ids":"","_relevanssi_related_exclude_ids":"","_relevanssi_related_no_append":"","_relevanssi_related_not_related":"","_relevanssi_related_posts":"","_relevanssi_noindex_reason":"","_monsterinsights_skip_tracking":false,"_monsterinsights_sitenote_active":false,"_monsterinsights_sitenote_note":"","_monsterinsights_sitenote_category":0,"_genesis_hide_title":false,"_genesis_hide_breadcrumbs":false,"_genesis_hide_singular_image":false,"_genesis_hide_footer_widgets":false,"_genesis_custom_body_class":"","_genesis_custom_post_class":"","_genesis_layout":"","footnotes":""},"categories":[346],"tags":[],"class_list":{"0":"post-26988","1":"post","2":"type-post","3":"status-publish","4":"format-standard","5":"has-post-thumbnail","7":"category-eu-news","8":"entry"},"acf":[],"yoast_head":"<!-- This site is optimized with the Yoast SEO plugin v27.5 - https:\/\/yoast.com\/product\/yoast-seo-wordpress\/ -->\n<title>The acting Agriculture Minister underlines the need to maintain European unity and firmness against the sanctions announced by the US | CDE Almer\u00eda - Centro de Documentaci\u00f3n Europea - Universidad de Almer\u00eda<\/title>\n<meta name=\"robots\" content=\"index, follow, max-snippet:-1, max-image-preview:large, max-video-preview:-1\" \/>\n<link rel=\"canonical\" href=\"https:\/\/www.cde.ual.es\/en\/the-acting-agricuture-minister-underlines-the-need-to-maintain-european-unity-and-firmness-against-the-sanctions-announced-by-the-us\/\" \/>\n<meta property=\"og:locale\" content=\"en_US\" \/>\n<meta property=\"og:type\" content=\"article\" \/>\n<meta property=\"og:title\" content=\"The acting Agriculture Minister underlines the need to maintain European unity and firmness against the sanctions announced by the US | CDE Almer\u00eda - Centro de Documentaci\u00f3n Europea - Universidad de Almer\u00eda\" \/>\n<meta property=\"og:description\" content=\"The acting Agriculture, Fisheries and Food Minister Luis Planas, accompanied by the Secretary of State for Commerce, Xiana M\u00e9ndez, has met in Brussels with the European Commissioners of Commerce, Cecilia Malstr\u00f6m, and Agriculture and Rural Development, Phil Hogan, in a meeting that the minister has described as &#8220;positive.&#8221; The minister stressed the importance of maintaining [&hellip;]\" \/>\n<meta property=\"og:url\" content=\"https:\/\/www.cde.ual.es\/en\/the-acting-agricuture-minister-underlines-the-need-to-maintain-european-unity-and-firmness-against-the-sanctions-announced-by-the-us\/\" \/>\n<meta property=\"og:site_name\" content=\"CDE Almer\u00eda - Centro de Documentaci\u00f3n Europea - Universidad de Almer\u00eda\" \/>\n<meta property=\"article:publisher\" content=\"https:\/\/www.facebook.com\/cdeuniversidadalmeria\/\" \/>\n<meta property=\"article:published_time\" content=\"2019-10-10T08:01:27+00:00\" \/>\n<meta property=\"article:modified_time\" content=\"2019-10-10T08:03:11+00:00\" \/>\n<meta property=\"og:image\" content=\"https:\/\/www.cde.ual.es\/wp-content\/uploads\/2019\/10\/Reuni\u00f3n-Planas.jpg\" \/>\n\t<meta property=\"og:image:width\" content=\"512\" \/>\n\t<meta property=\"og:image:height\" content=\"340\" \/>\n\t<meta property=\"og:image:type\" content=\"image\/jpeg\" \/>\n<meta name=\"author\" content=\"AdminCDE\" \/>\n<meta name=\"twitter:card\" content=\"summary_large_image\" \/>\n<meta name=\"twitter:creator\" content=\"@cdeualmeria\" \/>\n<meta name=\"twitter:site\" content=\"@cdeualmeria\" \/>\n<meta name=\"twitter:label1\" content=\"Written by\" \/>\n\t<meta name=\"twitter:data1\" content=\"AdminCDE\" \/>\n\t<meta name=\"twitter:label2\" content=\"Est. reading time\" \/>\n\t<meta name=\"twitter:data2\" content=\"2 minutes\" \/>\n<script type=\"application\/ld+json\" class=\"yoast-schema-graph\">{\"@context\":\"https:\\\/\\\/schema.org\",\"@graph\":[{\"@type\":\"Article\",\"@id\":\"https:\\\/\\\/www.cde.ual.es\\\/en\\\/the-acting-agricuture-minister-underlines-the-need-to-maintain-european-unity-and-firmness-against-the-sanctions-announced-by-the-us\\\/#article\",\"isPartOf\":{\"@id\":\"https:\\\/\\\/www.cde.ual.es\\\/en\\\/the-acting-agricuture-minister-underlines-the-need-to-maintain-european-unity-and-firmness-against-the-sanctions-announced-by-the-us\\\/\"},\"author\":{\"name\":\"AdminCDE\",\"@id\":\"https:\\\/\\\/www.cde.ual.es\\\/#\\\/schema\\\/person\\\/224ef08c8bcc005f319d2713ce37ee5f\"},\"headline\":\"The acting Agriculture Minister underlines the need to maintain European unity and firmness against the sanctions announced by the US\",\"datePublished\":\"2019-10-10T08:01:27+00:00\",\"dateModified\":\"2019-10-10T08:03:11+00:00\",\"mainEntityOfPage\":{\"@id\":\"https:\\\/\\\/www.cde.ual.es\\\/en\\\/the-acting-agricuture-minister-underlines-the-need-to-maintain-european-unity-and-firmness-against-the-sanctions-announced-by-the-us\\\/\"},\"wordCount\":410,\"commentCount\":0,\"publisher\":{\"@id\":\"https:\\\/\\\/www.cde.ual.es\\\/#organization\"},\"image\":{\"@id\":\"https:\\\/\\\/www.cde.ual.es\\\/en\\\/the-acting-agricuture-minister-underlines-the-need-to-maintain-european-unity-and-firmness-against-the-sanctions-announced-by-the-us\\\/#primaryimage\"},\"thumbnailUrl\":\"https:\\\/\\\/www.cde.ual.es\\\/wp-content\\\/uploads\\\/2019\\\/10\\\/Reuni\u00f3n-Planas.jpg\",\"articleSection\":[\"EU News\"],\"inLanguage\":\"en-US\",\"potentialAction\":[{\"@type\":\"CommentAction\",\"name\":\"Comment\",\"target\":[\"https:\\\/\\\/www.cde.ual.es\\\/en\\\/the-acting-agricuture-minister-underlines-the-need-to-maintain-european-unity-and-firmness-against-the-sanctions-announced-by-the-us\\\/#respond\"]}]},{\"@type\":\"WebPage\",\"@id\":\"https:\\\/\\\/www.cde.ual.es\\\/en\\\/the-acting-agricuture-minister-underlines-the-need-to-maintain-european-unity-and-firmness-against-the-sanctions-announced-by-the-us\\\/\",\"url\":\"https:\\\/\\\/www.cde.ual.es\\\/en\\\/the-acting-agricuture-minister-underlines-the-need-to-maintain-european-unity-and-firmness-against-the-sanctions-announced-by-the-us\\\/\",\"name\":\"The acting Agriculture Minister underlines the need to maintain European unity and firmness against the sanctions announced by the US | CDE Almer\u00eda - Centro de Documentaci\u00f3n Europea - Universidad de Almer\u00eda\",\"isPartOf\":{\"@id\":\"https:\\\/\\\/www.cde.ual.es\\\/#website\"},\"primaryImageOfPage\":{\"@id\":\"https:\\\/\\\/www.cde.ual.es\\\/en\\\/the-acting-agricuture-minister-underlines-the-need-to-maintain-european-unity-and-firmness-against-the-sanctions-announced-by-the-us\\\/#primaryimage\"},\"image\":{\"@id\":\"https:\\\/\\\/www.cde.ual.es\\\/en\\\/the-acting-agricuture-minister-underlines-the-need-to-maintain-european-unity-and-firmness-against-the-sanctions-announced-by-the-us\\\/#primaryimage\"},\"thumbnailUrl\":\"https:\\\/\\\/www.cde.ual.es\\\/wp-content\\\/uploads\\\/2019\\\/10\\\/Reuni\u00f3n-Planas.jpg\",\"datePublished\":\"2019-10-10T08:01:27+00:00\",\"dateModified\":\"2019-10-10T08:03:11+00:00\",\"breadcrumb\":{\"@id\":\"https:\\\/\\\/www.cde.ual.es\\\/en\\\/the-acting-agricuture-minister-underlines-the-need-to-maintain-european-unity-and-firmness-against-the-sanctions-announced-by-the-us\\\/#breadcrumb\"},\"inLanguage\":\"en-US\",\"potentialAction\":[{\"@type\":\"ReadAction\",\"target\":[\"https:\\\/\\\/www.cde.ual.es\\\/en\\\/the-acting-agricuture-minister-underlines-the-need-to-maintain-european-unity-and-firmness-against-the-sanctions-announced-by-the-us\\\/\"]}]},{\"@type\":\"ImageObject\",\"inLanguage\":\"en-US\",\"@id\":\"https:\\\/\\\/www.cde.ual.es\\\/en\\\/the-acting-agricuture-minister-underlines-the-need-to-maintain-european-unity-and-firmness-against-the-sanctions-announced-by-the-us\\\/#primaryimage\",\"url\":\"https:\\\/\\\/www.cde.ual.es\\\/wp-content\\\/uploads\\\/2019\\\/10\\\/Reuni\u00f3n-Planas.jpg\",\"contentUrl\":\"https:\\\/\\\/www.cde.ual.es\\\/wp-content\\\/uploads\\\/2019\\\/10\\\/Reuni\u00f3n-Planas.jpg\",\"width\":512,\"height\":340},{\"@type\":\"BreadcrumbList\",\"@id\":\"https:\\\/\\\/www.cde.ual.es\\\/en\\\/the-acting-agricuture-minister-underlines-the-need-to-maintain-european-unity-and-firmness-against-the-sanctions-announced-by-the-us\\\/#breadcrumb\",\"itemListElement\":[{\"@type\":\"ListItem\",\"position\":1,\"name\":\"Inicio\",\"item\":\"https:\\\/\\\/www.cde.ual.es\\\/en\\\/\"},{\"@type\":\"ListItem\",\"position\":2,\"name\":\"EU News\",\"item\":\"https:\\\/\\\/www.cde.ual.es\\\/en\\\/category\\\/eu-news\\\/\"},{\"@type\":\"ListItem\",\"position\":3,\"name\":\"The acting Agriculture Minister underlines the need to maintain European unity and firmness against the sanctions announced by the US\"}]},{\"@type\":\"WebSite\",\"@id\":\"https:\\\/\\\/www.cde.ual.es\\\/#website\",\"url\":\"https:\\\/\\\/www.cde.ual.es\\\/\",\"name\":\"CDE Almer\u00eda - Centro de Documentaci\u00f3n Europea - Universidad de Almer\u00eda\",\"description\":\"Centro de Documentaci\u00f3n Europea de la Universidad de Almer\u00eda\",\"publisher\":{\"@id\":\"https:\\\/\\\/www.cde.ual.es\\\/#organization\"},\"alternateName\":\"CDE Almer\u00eda\",\"potentialAction\":[{\"@type\":\"SearchAction\",\"target\":{\"@type\":\"EntryPoint\",\"urlTemplate\":\"https:\\\/\\\/www.cde.ual.es\\\/?s={search_term_string}\"},\"query-input\":{\"@type\":\"PropertyValueSpecification\",\"valueRequired\":true,\"valueName\":\"search_term_string\"}}],\"inLanguage\":\"en-US\"},{\"@type\":\"Organization\",\"@id\":\"https:\\\/\\\/www.cde.ual.es\\\/#organization\",\"name\":\"Centro de Documentaci\u00f3n Europea de Almer\u00eda\",\"url\":\"https:\\\/\\\/www.cde.ual.es\\\/\",\"logo\":{\"@type\":\"ImageObject\",\"inLanguage\":\"en-US\",\"@id\":\"https:\\\/\\\/www.cde.ual.es\\\/#\\\/schema\\\/logo\\\/image\\\/\",\"url\":\"https:\\\/\\\/www.cde.ual.es\\\/wp-content\\\/uploads\\\/2025\\\/07\\\/cde-logo-3.png\",\"contentUrl\":\"https:\\\/\\\/www.cde.ual.es\\\/wp-content\\\/uploads\\\/2025\\\/07\\\/cde-logo-3.png\",\"width\":1400,\"height\":300,\"caption\":\"Centro de Documentaci\u00f3n Europea de Almer\u00eda\"},\"image\":{\"@id\":\"https:\\\/\\\/www.cde.ual.es\\\/#\\\/schema\\\/logo\\\/image\\\/\"},\"sameAs\":[\"https:\\\/\\\/www.facebook.com\\\/cdeuniversidadalmeria\\\/\",\"https:\\\/\\\/x.com\\\/cdeualmeria\",\"https:\\\/\\\/www.tiktok.com\\\/@cdealmeria\",\"https:\\\/\\\/www.instagram.com\\\/cdealmeria\\\/\",\"https:\\\/\\\/www.linkedin.com\\\/in\\\/cde-almera-812b26a9\\\/\"]},{\"@type\":\"Person\",\"@id\":\"https:\\\/\\\/www.cde.ual.es\\\/#\\\/schema\\\/person\\\/224ef08c8bcc005f319d2713ce37ee5f\",\"name\":\"AdminCDE\",\"image\":{\"@type\":\"ImageObject\",\"inLanguage\":\"en-US\",\"@id\":\"https:\\\/\\\/secure.gravatar.com\\\/avatar\\\/a72d038d371f995cd13706fac32274b7952a52e8fb0a84b5f80c85426f2a98a8?s=96&d=mm&r=g\",\"url\":\"https:\\\/\\\/secure.gravatar.com\\\/avatar\\\/a72d038d371f995cd13706fac32274b7952a52e8fb0a84b5f80c85426f2a98a8?s=96&d=mm&r=g\",\"contentUrl\":\"https:\\\/\\\/secure.gravatar.com\\\/avatar\\\/a72d038d371f995cd13706fac32274b7952a52e8fb0a84b5f80c85426f2a98a8?s=96&d=mm&r=g\",\"caption\":\"AdminCDE\"}}]}<\/script>\n<!-- \/ Yoast SEO plugin. -->","yoast_head_json":{"title":"The acting Agriculture Minister underlines the need to maintain European unity and firmness against the sanctions announced by the US | CDE Almer\u00eda - Centro de Documentaci\u00f3n Europea - Universidad de Almer\u00eda","robots":{"index":"index","follow":"follow","max-snippet":"max-snippet:-1","max-image-preview":"max-image-preview:large","max-video-preview":"max-video-preview:-1"},"canonical":"https:\/\/www.cde.ual.es\/en\/the-acting-agricuture-minister-underlines-the-need-to-maintain-european-unity-and-firmness-against-the-sanctions-announced-by-the-us\/","og_locale":"en_US","og_type":"article","og_title":"The acting Agriculture Minister underlines the need to maintain European unity and firmness against the sanctions announced by the US | CDE Almer\u00eda - Centro de Documentaci\u00f3n Europea - Universidad de Almer\u00eda","og_description":"The acting Agriculture, Fisheries and Food Minister Luis Planas, accompanied by the Secretary of State for Commerce, Xiana M\u00e9ndez, has met in Brussels with the European Commissioners of Commerce, Cecilia Malstr\u00f6m, and Agriculture and Rural Development, Phil Hogan, in a meeting that the minister has described as &#8220;positive.&#8221; The minister stressed the importance of maintaining [&hellip;]","og_url":"https:\/\/www.cde.ual.es\/en\/the-acting-agricuture-minister-underlines-the-need-to-maintain-european-unity-and-firmness-against-the-sanctions-announced-by-the-us\/","og_site_name":"CDE Almer\u00eda - Centro de Documentaci\u00f3n Europea - Universidad de Almer\u00eda","article_publisher":"https:\/\/www.facebook.com\/cdeuniversidadalmeria\/","article_published_time":"2019-10-10T08:01:27+00:00","article_modified_time":"2019-10-10T08:03:11+00:00","og_image":[{"width":512,"height":340,"url":"https:\/\/www.cde.ual.es\/wp-content\/uploads\/2019\/10\/Reuni\u00f3n-Planas.jpg","type":"image\/jpeg"}],"author":"AdminCDE","twitter_card":"summary_large_image","twitter_creator":"@cdeualmeria","twitter_site":"@cdeualmeria","twitter_misc":{"Written by":"AdminCDE","Est. reading time":"2 minutes"},"schema":{"@context":"https:\/\/schema.org","@graph":[{"@type":"Article","@id":"https:\/\/www.cde.ual.es\/en\/the-acting-agricuture-minister-underlines-the-need-to-maintain-european-unity-and-firmness-against-the-sanctions-announced-by-the-us\/#article","isPartOf":{"@id":"https:\/\/www.cde.ual.es\/en\/the-acting-agricuture-minister-underlines-the-need-to-maintain-european-unity-and-firmness-against-the-sanctions-announced-by-the-us\/"},"author":{"name":"AdminCDE","@id":"https:\/\/www.cde.ual.es\/#\/schema\/person\/224ef08c8bcc005f319d2713ce37ee5f"},"headline":"The acting Agriculture Minister underlines the need to maintain European unity and firmness against the sanctions announced by the US","datePublished":"2019-10-10T08:01:27+00:00","dateModified":"2019-10-10T08:03:11+00:00","mainEntityOfPage":{"@id":"https:\/\/www.cde.ual.es\/en\/the-acting-agricuture-minister-underlines-the-need-to-maintain-european-unity-and-firmness-against-the-sanctions-announced-by-the-us\/"},"wordCount":410,"commentCount":0,"publisher":{"@id":"https:\/\/www.cde.ual.es\/#organization"},"image":{"@id":"https:\/\/www.cde.ual.es\/en\/the-acting-agricuture-minister-underlines-the-need-to-maintain-european-unity-and-firmness-against-the-sanctions-announced-by-the-us\/#primaryimage"},"thumbnailUrl":"https:\/\/www.cde.ual.es\/wp-content\/uploads\/2019\/10\/Reuni\u00f3n-Planas.jpg","articleSection":["EU News"],"inLanguage":"en-US","potentialAction":[{"@type":"CommentAction","name":"Comment","target":["https:\/\/www.cde.ual.es\/en\/the-acting-agricuture-minister-underlines-the-need-to-maintain-european-unity-and-firmness-against-the-sanctions-announced-by-the-us\/#respond"]}]},{"@type":"WebPage","@id":"https:\/\/www.cde.ual.es\/en\/the-acting-agricuture-minister-underlines-the-need-to-maintain-european-unity-and-firmness-against-the-sanctions-announced-by-the-us\/","url":"https:\/\/www.cde.ual.es\/en\/the-acting-agricuture-minister-underlines-the-need-to-maintain-european-unity-and-firmness-against-the-sanctions-announced-by-the-us\/","name":"The acting Agriculture Minister underlines the need to maintain European unity and firmness against the sanctions announced by the US | CDE Almer\u00eda - Centro de Documentaci\u00f3n Europea - Universidad de Almer\u00eda","isPartOf":{"@id":"https:\/\/www.cde.ual.es\/#website"},"primaryImageOfPage":{"@id":"https:\/\/www.cde.ual.es\/en\/the-acting-agricuture-minister-underlines-the-need-to-maintain-european-unity-and-firmness-against-the-sanctions-announced-by-the-us\/#primaryimage"},"image":{"@id":"https:\/\/www.cde.ual.es\/en\/the-acting-agricuture-minister-underlines-the-need-to-maintain-european-unity-and-firmness-against-the-sanctions-announced-by-the-us\/#primaryimage"},"thumbnailUrl":"https:\/\/www.cde.ual.es\/wp-content\/uploads\/2019\/10\/Reuni\u00f3n-Planas.jpg","datePublished":"2019-10-10T08:01:27+00:00","dateModified":"2019-10-10T08:03:11+00:00","breadcrumb":{"@id":"https:\/\/www.cde.ual.es\/en\/the-acting-agricuture-minister-underlines-the-need-to-maintain-european-unity-and-firmness-against-the-sanctions-announced-by-the-us\/#breadcrumb"},"inLanguage":"en-US","potentialAction":[{"@type":"ReadAction","target":["https:\/\/www.cde.ual.es\/en\/the-acting-agricuture-minister-underlines-the-need-to-maintain-european-unity-and-firmness-against-the-sanctions-announced-by-the-us\/"]}]},{"@type":"ImageObject","inLanguage":"en-US","@id":"https:\/\/www.cde.ual.es\/en\/the-acting-agricuture-minister-underlines-the-need-to-maintain-european-unity-and-firmness-against-the-sanctions-announced-by-the-us\/#primaryimage","url":"https:\/\/www.cde.ual.es\/wp-content\/uploads\/2019\/10\/Reuni\u00f3n-Planas.jpg","contentUrl":"https:\/\/www.cde.ual.es\/wp-content\/uploads\/2019\/10\/Reuni\u00f3n-Planas.jpg","width":512,"height":340},{"@type":"BreadcrumbList","@id":"https:\/\/www.cde.ual.es\/en\/the-acting-agricuture-minister-underlines-the-need-to-maintain-european-unity-and-firmness-against-the-sanctions-announced-by-the-us\/#breadcrumb","itemListElement":[{"@type":"ListItem","position":1,"name":"Inicio","item":"https:\/\/www.cde.ual.es\/en\/"},{"@type":"ListItem","position":2,"name":"EU News","item":"https:\/\/www.cde.ual.es\/en\/category\/eu-news\/"},{"@type":"ListItem","position":3,"name":"The acting Agriculture Minister underlines the need to maintain European unity and firmness against the sanctions announced by the US"}]},{"@type":"WebSite","@id":"https:\/\/www.cde.ual.es\/#website","url":"https:\/\/www.cde.ual.es\/","name":"CDE Almer\u00eda - Centro de Documentaci\u00f3n Europea - Universidad de Almer\u00eda","description":"Centro de Documentaci\u00f3n Europea de la Universidad de Almer\u00eda","publisher":{"@id":"https:\/\/www.cde.ual.es\/#organization"},"alternateName":"CDE Almer\u00eda","potentialAction":[{"@type":"SearchAction","target":{"@type":"EntryPoint","urlTemplate":"https:\/\/www.cde.ual.es\/?s={search_term_string}"},"query-input":{"@type":"PropertyValueSpecification","valueRequired":true,"valueName":"search_term_string"}}],"inLanguage":"en-US"},{"@type":"Organization","@id":"https:\/\/www.cde.ual.es\/#organization","name":"Centro de Documentaci\u00f3n Europea de Almer\u00eda","url":"https:\/\/www.cde.ual.es\/","logo":{"@type":"ImageObject","inLanguage":"en-US","@id":"https:\/\/www.cde.ual.es\/#\/schema\/logo\/image\/","url":"https:\/\/www.cde.ual.es\/wp-content\/uploads\/2025\/07\/cde-logo-3.png","contentUrl":"https:\/\/www.cde.ual.es\/wp-content\/uploads\/2025\/07\/cde-logo-3.png","width":1400,"height":300,"caption":"Centro de Documentaci\u00f3n Europea de Almer\u00eda"},"image":{"@id":"https:\/\/www.cde.ual.es\/#\/schema\/logo\/image\/"},"sameAs":["https:\/\/www.facebook.com\/cdeuniversidadalmeria\/","https:\/\/x.com\/cdeualmeria","https:\/\/www.tiktok.com\/@cdealmeria","https:\/\/www.instagram.com\/cdealmeria\/","https:\/\/www.linkedin.com\/in\/cde-almera-812b26a9\/"]},{"@type":"Person","@id":"https:\/\/www.cde.ual.es\/#\/schema\/person\/224ef08c8bcc005f319d2713ce37ee5f","name":"AdminCDE","image":{"@type":"ImageObject","inLanguage":"en-US","@id":"https:\/\/secure.gravatar.com\/avatar\/a72d038d371f995cd13706fac32274b7952a52e8fb0a84b5f80c85426f2a98a8?s=96&d=mm&r=g","url":"https:\/\/secure.gravatar.com\/avatar\/a72d038d371f995cd13706fac32274b7952a52e8fb0a84b5f80c85426f2a98a8?s=96&d=mm&r=g","contentUrl":"https:\/\/secure.gravatar.com\/avatar\/a72d038d371f995cd13706fac32274b7952a52e8fb0a84b5f80c85426f2a98a8?s=96&d=mm&r=g","caption":"AdminCDE"}}]}},"_links":{"self":[{"href":"https:\/\/www.cde.ual.es\/en\/wp-json\/wp\/v2\/posts\/26988","targetHints":{"allow":["GET"]}}],"collection":[{"href":"https:\/\/www.cde.ual.es\/en\/wp-json\/wp\/v2\/posts"}],"about":[{"href":"https:\/\/www.cde.ual.es\/en\/wp-json\/wp\/v2\/types\/post"}],"author":[{"embeddable":true,"href":"https:\/\/www.cde.ual.es\/en\/wp-json\/wp\/v2\/users\/1"}],"replies":[{"embeddable":true,"href":"https:\/\/www.cde.ual.es\/en\/wp-json\/wp\/v2\/comments?post=26988"}],"version-history":[{"count":0,"href":"https:\/\/www.cde.ual.es\/en\/wp-json\/wp\/v2\/posts\/26988\/revisions"}],"wp:featuredmedia":[{"embeddable":true,"href":"https:\/\/www.cde.ual.es\/en\/wp-json\/wp\/v2\/media\/26978"}],"wp:attachment":[{"href":"https:\/\/www.cde.ual.es\/en\/wp-json\/wp\/v2\/media?parent=26988"}],"wp:term":[{"taxonomy":"category","embeddable":true,"href":"https:\/\/www.cde.ual.es\/en\/wp-json\/wp\/v2\/categories?post=26988"},{"taxonomy":"post_tag","embeddable":true,"href":"https:\/\/www.cde.ual.es\/en\/wp-json\/wp\/v2\/tags?post=26988"}],"curies":[{"name":"wp","href":"https:\/\/api.w.org\/{rel}","templated":true}]}}