{"id":26675,"date":"2019-10-05T05:00:31","date_gmt":"2019-10-05T03:00:31","guid":{"rendered":"https:\/\/www.cde.ual.es\/?p=26675"},"modified":"2019-10-04T12:10:34","modified_gmt":"2019-10-04T10:10:34","slug":"statement-by-the-european-commission-following-president-jean-claude-junckers-phone-call-with-prime-minister-boris-johnson","status":"publish","type":"post","link":"https:\/\/www.cde.ual.es\/en\/statement-by-the-european-commission-following-president-jean-claude-junckers-phone-call-with-prime-minister-boris-johnson\/","title":{"rendered":"Statement by the European Commission following President Jean-Claude Juncker&#8217;s phone call with Prime Minister Boris Johnson"},"content":{"rendered":"<p><a href=\"https:\/\/www.cde.ual.es\/wp-content\/uploads\/2017\/12\/Slider-Brexit-1.png\"><img decoding=\"async\" class=\"size-medium wp-image-13693 aligncenter\" src=\"https:\/\/www.cde.ual.es\/wp-content\/uploads\/2017\/12\/Slider-Brexit-1-300x147.png\" alt=\"\" width=\"300\" height=\"147\" srcset=\"https:\/\/www.cde.ual.es\/wp-content\/uploads\/2017\/12\/Slider-Brexit-1-300x147.png 300w, https:\/\/www.cde.ual.es\/wp-content\/uploads\/2017\/12\/Slider-Brexit-1-768x375.png 768w, https:\/\/www.cde.ual.es\/wp-content\/uploads\/2017\/12\/Slider-Brexit-1.png 952w\" sizes=\"(max-width: 300px) 100vw, 300px\" \/><\/a><\/p>\n<p><em><strong>President Jean-Claude\u00a0Juncker\u00a0spoke to Prime Minister Johnson on the phone on thursday. <\/strong><\/em><\/p>\n<p>The Prime Minister informed the President about the contents of the UK&#8217;s latest proposal \u2013 which includes a legal text, explanatory note and letter from Prime Minister Johnson.<\/p>\n<p>President\u00a0<strong>Juncker<\/strong>\u00a0welcomed Prime Minister Johnson&#8217;s determination to advance the talks ahead of the October European Council and make progress towards a deal. He acknowledged the positive advances, notably with regards to the full regulatory alignment for all goods and the control of goods entering Northern Ireland from Great Britain. However, the President also noted that there are still some problematic points that will need further work in the coming days, notably with regards to the governance of the backstop. The delicate balance struck by the Good Friday Agreement must be preserved. Another concern that needs to be addressed are the substantive customs rules. He also stressed that we must have a legally operational solution that meets all the objectives of the backstop: preventing a hard border, preserving North-South cooperation and the all-island economy, and protecting the EU&#8217;s Single Market and Ireland&#8217;s place in it.<\/p>\n<p>President\u00a0<strong>Juncker<\/strong>\u00a0confirmed to Prime Minister Johnson that the Commission will now examine the legal text objectively, and in light of our well-known criteria.<\/p>\n<p>The EU wants a deal. We remain united and ready to work 24\/7 to make this happen \u2013 as we have been for over three years now.<\/p>\n<h3><strong>Next steps<\/strong><\/h3>\n<p>Meetings between the EU and UK negotiation teams will take place in Brussels over the coming days.<\/p>\n<p>In keeping with the EU&#8217;s transparency policy, we will inform the European Parliament and the Council at every step of the way. The European Commission&#8217;s Chief Negotiator Michel Barnier and his team will update the European Parliament and the Council this evening. President\u00a0<strong>Juncker<\/strong>\u00a0will also speak to Taoiseach Leo Varadkar and will listen carefully to his views.<\/p>\n<h3>More information<\/h3>\n<p><a href=\"https:\/\/europa.eu\/rapid\/press-release_STATEMENT-19-5978_en.htm\">Statement<\/a><\/p>\n<p><a href=\"https:\/\/www.cde.ual.es\/ficha\/brexit-what-you-need-to-know-as-an-eu-citizen-living-in-the-uk\/\">Brexit. What you need to know as an EU citizen living in the UK<\/a><\/p>\n<p class=\"entry-title\"><a href=\"https:\/\/www.cde.ual.es\/en\/eu-financial-regulators-highlight-risks-of-a-no-deal-brexit-and-search-for-yield\/\">EU financial regulators highlight risks of a no-deal Brexit and search for yield<\/a><\/p>\n<p>&nbsp;<\/p>\n","protected":false},"excerpt":{"rendered":"<p>President Jean-Claude\u00a0Juncker\u00a0spoke to Prime Minister Johnson on the phone on thursday. The Prime Minister informed the President about the contents of the UK&#8217;s latest proposal \u2013 which includes a legal text, explanatory note and letter from Prime Minister Johnson. President\u00a0Juncker\u00a0welcomed Prime Minister Johnson&#8217;s determination to advance the talks ahead of the October European Council and [&hellip;]<\/p>\n","protected":false},"author":1,"featured_media":13693,"comment_status":"open","ping_status":"open","sticky":false,"template":"","format":"standard","meta":{"_acf_changed":false,"_relevanssi_hide_post":"","_relevanssi_hide_content":"","_relevanssi_pin_for_all":"","_relevanssi_pin_keywords":"","_relevanssi_unpin_keywords":"","_relevanssi_related_keywords":"","_relevanssi_related_include_ids":"","_relevanssi_related_exclude_ids":"","_relevanssi_related_no_append":"","_relevanssi_related_not_related":"","_relevanssi_related_posts":"","_relevanssi_noindex_reason":"","_monsterinsights_skip_tracking":false,"_monsterinsights_sitenote_active":false,"_monsterinsights_sitenote_note":"","_monsterinsights_sitenote_category":0,"_genesis_hide_title":false,"_genesis_hide_breadcrumbs":false,"_genesis_hide_singular_image":false,"_genesis_hide_footer_widgets":false,"_genesis_custom_body_class":"","_genesis_custom_post_class":"","_genesis_layout":"","footnotes":""},"categories":[346],"tags":[369],"class_list":{"0":"post-26675","1":"post","2":"type-post","3":"status-publish","4":"format-standard","5":"has-post-thumbnail","7":"category-eu-news","8":"tag-brexit-en","9":"entry"},"acf":[],"yoast_head":"<!-- This site is optimized with the Yoast SEO plugin v27.5 - https:\/\/yoast.com\/product\/yoast-seo-wordpress\/ -->\n<title>Statement by the European Commission following President Jean-Claude Juncker&#039;s phone call with Prime Minister Boris Johnson | CDE Almer\u00eda - Centro de Documentaci\u00f3n Europea - Universidad de Almer\u00eda<\/title>\n<meta name=\"robots\" content=\"index, follow, max-snippet:-1, max-image-preview:large, max-video-preview:-1\" \/>\n<link rel=\"canonical\" href=\"https:\/\/www.cde.ual.es\/en\/statement-by-the-european-commission-following-president-jean-claude-junckers-phone-call-with-prime-minister-boris-johnson\/\" \/>\n<meta property=\"og:locale\" content=\"en_US\" \/>\n<meta property=\"og:type\" content=\"article\" \/>\n<meta property=\"og:title\" content=\"Statement by the European Commission following President Jean-Claude Juncker&#039;s phone call with Prime Minister Boris Johnson | CDE Almer\u00eda - Centro de Documentaci\u00f3n Europea - Universidad de Almer\u00eda\" \/>\n<meta property=\"og:description\" content=\"President Jean-Claude\u00a0Juncker\u00a0spoke to Prime Minister Johnson on the phone on thursday. The Prime Minister informed the President about the contents of the UK&#8217;s latest proposal \u2013 which includes a legal text, explanatory note and letter from Prime Minister Johnson. President\u00a0Juncker\u00a0welcomed Prime Minister Johnson&#8217;s determination to advance the talks ahead of the October European Council and [&hellip;]\" \/>\n<meta property=\"og:url\" content=\"https:\/\/www.cde.ual.es\/en\/statement-by-the-european-commission-following-president-jean-claude-junckers-phone-call-with-prime-minister-boris-johnson\/\" \/>\n<meta property=\"og:site_name\" content=\"CDE Almer\u00eda - Centro de Documentaci\u00f3n Europea - Universidad de Almer\u00eda\" \/>\n<meta property=\"article:publisher\" content=\"https:\/\/www.facebook.com\/cdeuniversidadalmeria\/\" \/>\n<meta property=\"article:published_time\" content=\"2019-10-05T03:00:31+00:00\" \/>\n<meta property=\"og:image\" content=\"https:\/\/www.cde.ual.es\/wp-content\/uploads\/2017\/12\/Slider-Brexit-1.png\" \/>\n\t<meta property=\"og:image:width\" content=\"952\" \/>\n\t<meta property=\"og:image:height\" content=\"465\" \/>\n\t<meta property=\"og:image:type\" content=\"image\/png\" \/>\n<meta name=\"author\" content=\"AdminCDE\" \/>\n<meta name=\"twitter:card\" content=\"summary_large_image\" \/>\n<meta name=\"twitter:creator\" content=\"@cdeualmeria\" \/>\n<meta name=\"twitter:site\" content=\"@cdeualmeria\" \/>\n<meta name=\"twitter:label1\" content=\"Written by\" \/>\n\t<meta name=\"twitter:data1\" content=\"AdminCDE\" \/>\n\t<meta name=\"twitter:label2\" content=\"Est. reading time\" \/>\n\t<meta name=\"twitter:data2\" content=\"2 minutes\" \/>\n<script type=\"application\/ld+json\" class=\"yoast-schema-graph\">{\"@context\":\"https:\\\/\\\/schema.org\",\"@graph\":[{\"@type\":\"Article\",\"@id\":\"https:\\\/\\\/www.cde.ual.es\\\/en\\\/statement-by-the-european-commission-following-president-jean-claude-junckers-phone-call-with-prime-minister-boris-johnson\\\/#article\",\"isPartOf\":{\"@id\":\"https:\\\/\\\/www.cde.ual.es\\\/en\\\/statement-by-the-european-commission-following-president-jean-claude-junckers-phone-call-with-prime-minister-boris-johnson\\\/\"},\"author\":{\"name\":\"AdminCDE\",\"@id\":\"https:\\\/\\\/www.cde.ual.es\\\/#\\\/schema\\\/person\\\/224ef08c8bcc005f319d2713ce37ee5f\"},\"headline\":\"Statement by the European Commission following President Jean-Claude Juncker&#8217;s phone call with Prime Minister Boris Johnson\",\"datePublished\":\"2019-10-05T03:00:31+00:00\",\"mainEntityOfPage\":{\"@id\":\"https:\\\/\\\/www.cde.ual.es\\\/en\\\/statement-by-the-european-commission-following-president-jean-claude-junckers-phone-call-with-prime-minister-boris-johnson\\\/\"},\"wordCount\":365,\"commentCount\":0,\"publisher\":{\"@id\":\"https:\\\/\\\/www.cde.ual.es\\\/#organization\"},\"image\":{\"@id\":\"https:\\\/\\\/www.cde.ual.es\\\/en\\\/statement-by-the-european-commission-following-president-jean-claude-junckers-phone-call-with-prime-minister-boris-johnson\\\/#primaryimage\"},\"thumbnailUrl\":\"https:\\\/\\\/www.cde.ual.es\\\/wp-content\\\/uploads\\\/2017\\\/12\\\/Slider-Brexit-1.png\",\"keywords\":[\"Brexit\"],\"articleSection\":[\"EU News\"],\"inLanguage\":\"en-US\",\"potentialAction\":[{\"@type\":\"CommentAction\",\"name\":\"Comment\",\"target\":[\"https:\\\/\\\/www.cde.ual.es\\\/en\\\/statement-by-the-european-commission-following-president-jean-claude-junckers-phone-call-with-prime-minister-boris-johnson\\\/#respond\"]}]},{\"@type\":\"WebPage\",\"@id\":\"https:\\\/\\\/www.cde.ual.es\\\/en\\\/statement-by-the-european-commission-following-president-jean-claude-junckers-phone-call-with-prime-minister-boris-johnson\\\/\",\"url\":\"https:\\\/\\\/www.cde.ual.es\\\/en\\\/statement-by-the-european-commission-following-president-jean-claude-junckers-phone-call-with-prime-minister-boris-johnson\\\/\",\"name\":\"Statement by the European Commission following President Jean-Claude Juncker's phone call with Prime Minister Boris Johnson | CDE Almer\u00eda - Centro de Documentaci\u00f3n Europea - Universidad de Almer\u00eda\",\"isPartOf\":{\"@id\":\"https:\\\/\\\/www.cde.ual.es\\\/#website\"},\"primaryImageOfPage\":{\"@id\":\"https:\\\/\\\/www.cde.ual.es\\\/en\\\/statement-by-the-european-commission-following-president-jean-claude-junckers-phone-call-with-prime-minister-boris-johnson\\\/#primaryimage\"},\"image\":{\"@id\":\"https:\\\/\\\/www.cde.ual.es\\\/en\\\/statement-by-the-european-commission-following-president-jean-claude-junckers-phone-call-with-prime-minister-boris-johnson\\\/#primaryimage\"},\"thumbnailUrl\":\"https:\\\/\\\/www.cde.ual.es\\\/wp-content\\\/uploads\\\/2017\\\/12\\\/Slider-Brexit-1.png\",\"datePublished\":\"2019-10-05T03:00:31+00:00\",\"breadcrumb\":{\"@id\":\"https:\\\/\\\/www.cde.ual.es\\\/en\\\/statement-by-the-european-commission-following-president-jean-claude-junckers-phone-call-with-prime-minister-boris-johnson\\\/#breadcrumb\"},\"inLanguage\":\"en-US\",\"potentialAction\":[{\"@type\":\"ReadAction\",\"target\":[\"https:\\\/\\\/www.cde.ual.es\\\/en\\\/statement-by-the-european-commission-following-president-jean-claude-junckers-phone-call-with-prime-minister-boris-johnson\\\/\"]}]},{\"@type\":\"ImageObject\",\"inLanguage\":\"en-US\",\"@id\":\"https:\\\/\\\/www.cde.ual.es\\\/en\\\/statement-by-the-european-commission-following-president-jean-claude-junckers-phone-call-with-prime-minister-boris-johnson\\\/#primaryimage\",\"url\":\"https:\\\/\\\/www.cde.ual.es\\\/wp-content\\\/uploads\\\/2017\\\/12\\\/Slider-Brexit-1.png\",\"contentUrl\":\"https:\\\/\\\/www.cde.ual.es\\\/wp-content\\\/uploads\\\/2017\\\/12\\\/Slider-Brexit-1.png\",\"width\":952,\"height\":465},{\"@type\":\"BreadcrumbList\",\"@id\":\"https:\\\/\\\/www.cde.ual.es\\\/en\\\/statement-by-the-european-commission-following-president-jean-claude-junckers-phone-call-with-prime-minister-boris-johnson\\\/#breadcrumb\",\"itemListElement\":[{\"@type\":\"ListItem\",\"position\":1,\"name\":\"Inicio\",\"item\":\"https:\\\/\\\/www.cde.ual.es\\\/en\\\/\"},{\"@type\":\"ListItem\",\"position\":2,\"name\":\"EU News\",\"item\":\"https:\\\/\\\/www.cde.ual.es\\\/en\\\/category\\\/eu-news\\\/\"},{\"@type\":\"ListItem\",\"position\":3,\"name\":\"Statement by the European Commission following President Jean-Claude Juncker&#8217;s phone call with Prime Minister Boris Johnson\"}]},{\"@type\":\"WebSite\",\"@id\":\"https:\\\/\\\/www.cde.ual.es\\\/#website\",\"url\":\"https:\\\/\\\/www.cde.ual.es\\\/\",\"name\":\"CDE Almer\u00eda - Centro de Documentaci\u00f3n Europea - Universidad de Almer\u00eda\",\"description\":\"Centro de Documentaci\u00f3n Europea de la Universidad de Almer\u00eda\",\"publisher\":{\"@id\":\"https:\\\/\\\/www.cde.ual.es\\\/#organization\"},\"alternateName\":\"CDE Almer\u00eda\",\"potentialAction\":[{\"@type\":\"SearchAction\",\"target\":{\"@type\":\"EntryPoint\",\"urlTemplate\":\"https:\\\/\\\/www.cde.ual.es\\\/?s={search_term_string}\"},\"query-input\":{\"@type\":\"PropertyValueSpecification\",\"valueRequired\":true,\"valueName\":\"search_term_string\"}}],\"inLanguage\":\"en-US\"},{\"@type\":\"Organization\",\"@id\":\"https:\\\/\\\/www.cde.ual.es\\\/#organization\",\"name\":\"Centro de Documentaci\u00f3n Europea de Almer\u00eda\",\"url\":\"https:\\\/\\\/www.cde.ual.es\\\/\",\"logo\":{\"@type\":\"ImageObject\",\"inLanguage\":\"en-US\",\"@id\":\"https:\\\/\\\/www.cde.ual.es\\\/#\\\/schema\\\/logo\\\/image\\\/\",\"url\":\"https:\\\/\\\/www.cde.ual.es\\\/wp-content\\\/uploads\\\/2025\\\/07\\\/cde-logo-3.png\",\"contentUrl\":\"https:\\\/\\\/www.cde.ual.es\\\/wp-content\\\/uploads\\\/2025\\\/07\\\/cde-logo-3.png\",\"width\":1400,\"height\":300,\"caption\":\"Centro de Documentaci\u00f3n Europea de Almer\u00eda\"},\"image\":{\"@id\":\"https:\\\/\\\/www.cde.ual.es\\\/#\\\/schema\\\/logo\\\/image\\\/\"},\"sameAs\":[\"https:\\\/\\\/www.facebook.com\\\/cdeuniversidadalmeria\\\/\",\"https:\\\/\\\/x.com\\\/cdeualmeria\",\"https:\\\/\\\/www.tiktok.com\\\/@cdealmeria\",\"https:\\\/\\\/www.instagram.com\\\/cdealmeria\\\/\",\"https:\\\/\\\/www.linkedin.com\\\/in\\\/cde-almera-812b26a9\\\/\"]},{\"@type\":\"Person\",\"@id\":\"https:\\\/\\\/www.cde.ual.es\\\/#\\\/schema\\\/person\\\/224ef08c8bcc005f319d2713ce37ee5f\",\"name\":\"AdminCDE\",\"image\":{\"@type\":\"ImageObject\",\"inLanguage\":\"en-US\",\"@id\":\"https:\\\/\\\/secure.gravatar.com\\\/avatar\\\/a72d038d371f995cd13706fac32274b7952a52e8fb0a84b5f80c85426f2a98a8?s=96&d=mm&r=g\",\"url\":\"https:\\\/\\\/secure.gravatar.com\\\/avatar\\\/a72d038d371f995cd13706fac32274b7952a52e8fb0a84b5f80c85426f2a98a8?s=96&d=mm&r=g\",\"contentUrl\":\"https:\\\/\\\/secure.gravatar.com\\\/avatar\\\/a72d038d371f995cd13706fac32274b7952a52e8fb0a84b5f80c85426f2a98a8?s=96&d=mm&r=g\",\"caption\":\"AdminCDE\"}}]}<\/script>\n<!-- \/ Yoast SEO plugin. -->","yoast_head_json":{"title":"Statement by the European Commission following President Jean-Claude Juncker's phone call with Prime Minister Boris Johnson | CDE Almer\u00eda - Centro de Documentaci\u00f3n Europea - Universidad de Almer\u00eda","robots":{"index":"index","follow":"follow","max-snippet":"max-snippet:-1","max-image-preview":"max-image-preview:large","max-video-preview":"max-video-preview:-1"},"canonical":"https:\/\/www.cde.ual.es\/en\/statement-by-the-european-commission-following-president-jean-claude-junckers-phone-call-with-prime-minister-boris-johnson\/","og_locale":"en_US","og_type":"article","og_title":"Statement by the European Commission following President Jean-Claude Juncker's phone call with Prime Minister Boris Johnson | CDE Almer\u00eda - Centro de Documentaci\u00f3n Europea - Universidad de Almer\u00eda","og_description":"President Jean-Claude\u00a0Juncker\u00a0spoke to Prime Minister Johnson on the phone on thursday. The Prime Minister informed the President about the contents of the UK&#8217;s latest proposal \u2013 which includes a legal text, explanatory note and letter from Prime Minister Johnson. President\u00a0Juncker\u00a0welcomed Prime Minister Johnson&#8217;s determination to advance the talks ahead of the October European Council and [&hellip;]","og_url":"https:\/\/www.cde.ual.es\/en\/statement-by-the-european-commission-following-president-jean-claude-junckers-phone-call-with-prime-minister-boris-johnson\/","og_site_name":"CDE Almer\u00eda - Centro de Documentaci\u00f3n Europea - Universidad de Almer\u00eda","article_publisher":"https:\/\/www.facebook.com\/cdeuniversidadalmeria\/","article_published_time":"2019-10-05T03:00:31+00:00","og_image":[{"width":952,"height":465,"url":"https:\/\/www.cde.ual.es\/wp-content\/uploads\/2017\/12\/Slider-Brexit-1.png","type":"image\/png"}],"author":"AdminCDE","twitter_card":"summary_large_image","twitter_creator":"@cdeualmeria","twitter_site":"@cdeualmeria","twitter_misc":{"Written by":"AdminCDE","Est. reading time":"2 minutes"},"schema":{"@context":"https:\/\/schema.org","@graph":[{"@type":"Article","@id":"https:\/\/www.cde.ual.es\/en\/statement-by-the-european-commission-following-president-jean-claude-junckers-phone-call-with-prime-minister-boris-johnson\/#article","isPartOf":{"@id":"https:\/\/www.cde.ual.es\/en\/statement-by-the-european-commission-following-president-jean-claude-junckers-phone-call-with-prime-minister-boris-johnson\/"},"author":{"name":"AdminCDE","@id":"https:\/\/www.cde.ual.es\/#\/schema\/person\/224ef08c8bcc005f319d2713ce37ee5f"},"headline":"Statement by the European Commission following President Jean-Claude Juncker&#8217;s phone call with Prime Minister Boris Johnson","datePublished":"2019-10-05T03:00:31+00:00","mainEntityOfPage":{"@id":"https:\/\/www.cde.ual.es\/en\/statement-by-the-european-commission-following-president-jean-claude-junckers-phone-call-with-prime-minister-boris-johnson\/"},"wordCount":365,"commentCount":0,"publisher":{"@id":"https:\/\/www.cde.ual.es\/#organization"},"image":{"@id":"https:\/\/www.cde.ual.es\/en\/statement-by-the-european-commission-following-president-jean-claude-junckers-phone-call-with-prime-minister-boris-johnson\/#primaryimage"},"thumbnailUrl":"https:\/\/www.cde.ual.es\/wp-content\/uploads\/2017\/12\/Slider-Brexit-1.png","keywords":["Brexit"],"articleSection":["EU News"],"inLanguage":"en-US","potentialAction":[{"@type":"CommentAction","name":"Comment","target":["https:\/\/www.cde.ual.es\/en\/statement-by-the-european-commission-following-president-jean-claude-junckers-phone-call-with-prime-minister-boris-johnson\/#respond"]}]},{"@type":"WebPage","@id":"https:\/\/www.cde.ual.es\/en\/statement-by-the-european-commission-following-president-jean-claude-junckers-phone-call-with-prime-minister-boris-johnson\/","url":"https:\/\/www.cde.ual.es\/en\/statement-by-the-european-commission-following-president-jean-claude-junckers-phone-call-with-prime-minister-boris-johnson\/","name":"Statement by the European Commission following President Jean-Claude Juncker's phone call with Prime Minister Boris Johnson | CDE Almer\u00eda - Centro de Documentaci\u00f3n Europea - Universidad de Almer\u00eda","isPartOf":{"@id":"https:\/\/www.cde.ual.es\/#website"},"primaryImageOfPage":{"@id":"https:\/\/www.cde.ual.es\/en\/statement-by-the-european-commission-following-president-jean-claude-junckers-phone-call-with-prime-minister-boris-johnson\/#primaryimage"},"image":{"@id":"https:\/\/www.cde.ual.es\/en\/statement-by-the-european-commission-following-president-jean-claude-junckers-phone-call-with-prime-minister-boris-johnson\/#primaryimage"},"thumbnailUrl":"https:\/\/www.cde.ual.es\/wp-content\/uploads\/2017\/12\/Slider-Brexit-1.png","datePublished":"2019-10-05T03:00:31+00:00","breadcrumb":{"@id":"https:\/\/www.cde.ual.es\/en\/statement-by-the-european-commission-following-president-jean-claude-junckers-phone-call-with-prime-minister-boris-johnson\/#breadcrumb"},"inLanguage":"en-US","potentialAction":[{"@type":"ReadAction","target":["https:\/\/www.cde.ual.es\/en\/statement-by-the-european-commission-following-president-jean-claude-junckers-phone-call-with-prime-minister-boris-johnson\/"]}]},{"@type":"ImageObject","inLanguage":"en-US","@id":"https:\/\/www.cde.ual.es\/en\/statement-by-the-european-commission-following-president-jean-claude-junckers-phone-call-with-prime-minister-boris-johnson\/#primaryimage","url":"https:\/\/www.cde.ual.es\/wp-content\/uploads\/2017\/12\/Slider-Brexit-1.png","contentUrl":"https:\/\/www.cde.ual.es\/wp-content\/uploads\/2017\/12\/Slider-Brexit-1.png","width":952,"height":465},{"@type":"BreadcrumbList","@id":"https:\/\/www.cde.ual.es\/en\/statement-by-the-european-commission-following-president-jean-claude-junckers-phone-call-with-prime-minister-boris-johnson\/#breadcrumb","itemListElement":[{"@type":"ListItem","position":1,"name":"Inicio","item":"https:\/\/www.cde.ual.es\/en\/"},{"@type":"ListItem","position":2,"name":"EU News","item":"https:\/\/www.cde.ual.es\/en\/category\/eu-news\/"},{"@type":"ListItem","position":3,"name":"Statement by the European Commission following President Jean-Claude Juncker&#8217;s phone call with Prime Minister Boris Johnson"}]},{"@type":"WebSite","@id":"https:\/\/www.cde.ual.es\/#website","url":"https:\/\/www.cde.ual.es\/","name":"CDE Almer\u00eda - Centro de Documentaci\u00f3n Europea - Universidad de Almer\u00eda","description":"Centro de Documentaci\u00f3n Europea de la Universidad de Almer\u00eda","publisher":{"@id":"https:\/\/www.cde.ual.es\/#organization"},"alternateName":"CDE Almer\u00eda","potentialAction":[{"@type":"SearchAction","target":{"@type":"EntryPoint","urlTemplate":"https:\/\/www.cde.ual.es\/?s={search_term_string}"},"query-input":{"@type":"PropertyValueSpecification","valueRequired":true,"valueName":"search_term_string"}}],"inLanguage":"en-US"},{"@type":"Organization","@id":"https:\/\/www.cde.ual.es\/#organization","name":"Centro de Documentaci\u00f3n Europea de Almer\u00eda","url":"https:\/\/www.cde.ual.es\/","logo":{"@type":"ImageObject","inLanguage":"en-US","@id":"https:\/\/www.cde.ual.es\/#\/schema\/logo\/image\/","url":"https:\/\/www.cde.ual.es\/wp-content\/uploads\/2025\/07\/cde-logo-3.png","contentUrl":"https:\/\/www.cde.ual.es\/wp-content\/uploads\/2025\/07\/cde-logo-3.png","width":1400,"height":300,"caption":"Centro de Documentaci\u00f3n Europea de Almer\u00eda"},"image":{"@id":"https:\/\/www.cde.ual.es\/#\/schema\/logo\/image\/"},"sameAs":["https:\/\/www.facebook.com\/cdeuniversidadalmeria\/","https:\/\/x.com\/cdeualmeria","https:\/\/www.tiktok.com\/@cdealmeria","https:\/\/www.instagram.com\/cdealmeria\/","https:\/\/www.linkedin.com\/in\/cde-almera-812b26a9\/"]},{"@type":"Person","@id":"https:\/\/www.cde.ual.es\/#\/schema\/person\/224ef08c8bcc005f319d2713ce37ee5f","name":"AdminCDE","image":{"@type":"ImageObject","inLanguage":"en-US","@id":"https:\/\/secure.gravatar.com\/avatar\/a72d038d371f995cd13706fac32274b7952a52e8fb0a84b5f80c85426f2a98a8?s=96&d=mm&r=g","url":"https:\/\/secure.gravatar.com\/avatar\/a72d038d371f995cd13706fac32274b7952a52e8fb0a84b5f80c85426f2a98a8?s=96&d=mm&r=g","contentUrl":"https:\/\/secure.gravatar.com\/avatar\/a72d038d371f995cd13706fac32274b7952a52e8fb0a84b5f80c85426f2a98a8?s=96&d=mm&r=g","caption":"AdminCDE"}}]}},"_links":{"self":[{"href":"https:\/\/www.cde.ual.es\/en\/wp-json\/wp\/v2\/posts\/26675","targetHints":{"allow":["GET"]}}],"collection":[{"href":"https:\/\/www.cde.ual.es\/en\/wp-json\/wp\/v2\/posts"}],"about":[{"href":"https:\/\/www.cde.ual.es\/en\/wp-json\/wp\/v2\/types\/post"}],"author":[{"embeddable":true,"href":"https:\/\/www.cde.ual.es\/en\/wp-json\/wp\/v2\/users\/1"}],"replies":[{"embeddable":true,"href":"https:\/\/www.cde.ual.es\/en\/wp-json\/wp\/v2\/comments?post=26675"}],"version-history":[{"count":0,"href":"https:\/\/www.cde.ual.es\/en\/wp-json\/wp\/v2\/posts\/26675\/revisions"}],"wp:featuredmedia":[{"embeddable":true,"href":"https:\/\/www.cde.ual.es\/en\/wp-json\/wp\/v2\/media\/13693"}],"wp:attachment":[{"href":"https:\/\/www.cde.ual.es\/en\/wp-json\/wp\/v2\/media?parent=26675"}],"wp:term":[{"taxonomy":"category","embeddable":true,"href":"https:\/\/www.cde.ual.es\/en\/wp-json\/wp\/v2\/categories?post=26675"},{"taxonomy":"post_tag","embeddable":true,"href":"https:\/\/www.cde.ual.es\/en\/wp-json\/wp\/v2\/tags?post=26675"}],"curies":[{"name":"wp","href":"https:\/\/api.w.org\/{rel}","templated":true}]}}