{"id":26661,"date":"2019-10-05T11:04:44","date_gmt":"2019-10-05T09:04:44","guid":{"rendered":"https:\/\/www.cde.ual.es\/?p=26661"},"modified":"2019-10-04T11:06:56","modified_gmt":"2019-10-04T09:06:56","slug":"visual-identities-vintage-newspaper-mastheads-from-across-europe","status":"publish","type":"post","link":"https:\/\/www.cde.ual.es\/en\/visual-identities-vintage-newspaper-mastheads-from-across-europe\/","title":{"rendered":"Visual identities: vintage newspaper mastheads from across Europe"},"content":{"rendered":"<p style=\"text-align: center;\"><a href=\"https:\/\/www.cde.ual.es\/wp-content\/uploads\/2019\/10\/Visual-Identities.png\"><img decoding=\"async\" class=\"alignnone size-medium wp-image-26659\" src=\"https:\/\/www.cde.ual.es\/wp-content\/uploads\/2019\/10\/Visual-Identities-300x176.png\" alt=\"\" width=\"300\" height=\"176\" srcset=\"https:\/\/www.cde.ual.es\/wp-content\/uploads\/2019\/10\/Visual-Identities-300x176.png 300w, https:\/\/www.cde.ual.es\/wp-content\/uploads\/2019\/10\/Visual-Identities-768x452.png 768w, https:\/\/www.cde.ual.es\/wp-content\/uploads\/2019\/10\/Visual-Identities.png 867w\" sizes=\"(max-width: 300px) 100vw, 300px\" \/><\/a><\/p>\n<p><em><strong>Mastheads are one of the most striking features of newspapers. <\/strong><\/em><\/p>\n<p>Often the first thing we see, they are designed to catch our attention and communicate the newspaper\u2019s identity and attract readers.<\/p>\n<p>Within the thousands of digitised historic newspaper titles in\u00a0<a href=\"https:\/\/newspapers.europeana.eu\/\">Europeana Newspapers<\/a>, there\u2019s a lot of variety in their mastheads \u2013 from simple text to more elaborate fonts, from what seem like hand-drawn sketches to ornate engravings.<\/p>\n<p>There\u2019s a lot to explore!!!<\/p>\n<p>The designs are visual representations of local and national identity, some with political purpose, others following contemporary art and design trends.<\/p>\n<p>What we think of today as newspapers have been published in various formats since the 1600s. Mastheads have been an important part of newspaper front pages since the 17th century. Called\u00a0<em>corantos<\/em>, the first newspapers in Amsterdam developed a newspaper format from Germany, removing an illustrated front page, replacing that with a title on the top of the front page \u2013 and thus the masthead was born.<\/p>\n<h3>More information<\/h3>\n<p><a href=\"https:\/\/blog.europeana.eu\/2019\/07\/visual-identities-vintage-newspaper-mastheads-from-across-europe\/\">Complete article<\/a><\/p>\n<p><a href=\"https:\/\/nl.pinterest.com\/europeana\/newspaper-mastheads\/\">Pinterest board.<\/a><\/p>\n<p>&nbsp;<\/p>\n","protected":false},"excerpt":{"rendered":"<p>Mastheads are one of the most striking features of newspapers. Often the first thing we see, they are designed to catch our attention and communicate the newspaper\u2019s identity and attract readers. Within the thousands of digitised historic newspaper titles in\u00a0Europeana Newspapers, there\u2019s a lot of variety in their mastheads \u2013 from simple text to more [&hellip;]<\/p>\n","protected":false},"author":1,"featured_media":26659,"comment_status":"open","ping_status":"open","sticky":false,"template":"","format":"standard","meta":{"_acf_changed":false,"_relevanssi_hide_post":"","_relevanssi_hide_content":"","_relevanssi_pin_for_all":"","_relevanssi_pin_keywords":"","_relevanssi_unpin_keywords":"","_relevanssi_related_keywords":"","_relevanssi_related_include_ids":"","_relevanssi_related_exclude_ids":"","_relevanssi_related_no_append":"","_relevanssi_related_not_related":"","_relevanssi_related_posts":"","_relevanssi_noindex_reason":"","_monsterinsights_skip_tracking":false,"_monsterinsights_sitenote_active":false,"_monsterinsights_sitenote_note":"","_monsterinsights_sitenote_category":0,"_genesis_hide_title":false,"_genesis_hide_breadcrumbs":false,"_genesis_hide_singular_image":false,"_genesis_hide_footer_widgets":false,"_genesis_custom_body_class":"","_genesis_custom_post_class":"","_genesis_layout":"","footnotes":""},"categories":[346],"tags":[527,679],"class_list":{"0":"post-26661","1":"post","2":"type-post","3":"status-publish","4":"format-standard","5":"has-post-thumbnail","7":"category-eu-news","8":"tag-culture","9":"tag-heritage","10":"entry"},"acf":[],"yoast_head":"<!-- This site is optimized with the Yoast SEO plugin v27.5 - https:\/\/yoast.com\/product\/yoast-seo-wordpress\/ -->\n<title>Visual identities: vintage newspaper mastheads from across Europe | CDE Almer\u00eda - Centro de Documentaci\u00f3n Europea - Universidad de Almer\u00eda<\/title>\n<meta name=\"robots\" content=\"index, follow, max-snippet:-1, max-image-preview:large, max-video-preview:-1\" \/>\n<link rel=\"canonical\" href=\"https:\/\/www.cde.ual.es\/en\/visual-identities-vintage-newspaper-mastheads-from-across-europe\/\" \/>\n<meta property=\"og:locale\" content=\"en_US\" \/>\n<meta property=\"og:type\" content=\"article\" \/>\n<meta property=\"og:title\" content=\"Visual identities: vintage newspaper mastheads from across Europe | CDE Almer\u00eda - Centro de Documentaci\u00f3n Europea - Universidad de Almer\u00eda\" \/>\n<meta property=\"og:description\" content=\"Mastheads are one of the most striking features of newspapers. Often the first thing we see, they are designed to catch our attention and communicate the newspaper\u2019s identity and attract readers. Within the thousands of digitised historic newspaper titles in\u00a0Europeana Newspapers, there\u2019s a lot of variety in their mastheads \u2013 from simple text to more [&hellip;]\" \/>\n<meta property=\"og:url\" content=\"https:\/\/www.cde.ual.es\/en\/visual-identities-vintage-newspaper-mastheads-from-across-europe\/\" \/>\n<meta property=\"og:site_name\" content=\"CDE Almer\u00eda - Centro de Documentaci\u00f3n Europea - Universidad de Almer\u00eda\" \/>\n<meta property=\"article:publisher\" content=\"https:\/\/www.facebook.com\/cdeuniversidadalmeria\/\" \/>\n<meta property=\"article:published_time\" content=\"2019-10-05T09:04:44+00:00\" \/>\n<meta property=\"og:image\" content=\"https:\/\/www.cde.ual.es\/wp-content\/uploads\/2019\/10\/Visual-Identities.png\" \/>\n\t<meta property=\"og:image:width\" content=\"867\" \/>\n\t<meta property=\"og:image:height\" content=\"510\" \/>\n\t<meta property=\"og:image:type\" content=\"image\/png\" \/>\n<meta name=\"author\" content=\"AdminCDE\" \/>\n<meta name=\"twitter:card\" content=\"summary_large_image\" \/>\n<meta name=\"twitter:creator\" content=\"@cdeualmeria\" \/>\n<meta name=\"twitter:site\" content=\"@cdeualmeria\" \/>\n<meta name=\"twitter:label1\" content=\"Written by\" \/>\n\t<meta name=\"twitter:data1\" content=\"AdminCDE\" \/>\n\t<meta name=\"twitter:label2\" content=\"Est. reading time\" \/>\n\t<meta name=\"twitter:data2\" content=\"1 minute\" \/>\n<script type=\"application\/ld+json\" class=\"yoast-schema-graph\">{\"@context\":\"https:\\\/\\\/schema.org\",\"@graph\":[{\"@type\":\"Article\",\"@id\":\"https:\\\/\\\/www.cde.ual.es\\\/en\\\/visual-identities-vintage-newspaper-mastheads-from-across-europe\\\/#article\",\"isPartOf\":{\"@id\":\"https:\\\/\\\/www.cde.ual.es\\\/en\\\/visual-identities-vintage-newspaper-mastheads-from-across-europe\\\/\"},\"author\":{\"name\":\"AdminCDE\",\"@id\":\"https:\\\/\\\/www.cde.ual.es\\\/#\\\/schema\\\/person\\\/224ef08c8bcc005f319d2713ce37ee5f\"},\"headline\":\"Visual identities: vintage newspaper mastheads from across Europe\",\"datePublished\":\"2019-10-05T09:04:44+00:00\",\"mainEntityOfPage\":{\"@id\":\"https:\\\/\\\/www.cde.ual.es\\\/en\\\/visual-identities-vintage-newspaper-mastheads-from-across-europe\\\/\"},\"wordCount\":176,\"commentCount\":0,\"publisher\":{\"@id\":\"https:\\\/\\\/www.cde.ual.es\\\/#organization\"},\"image\":{\"@id\":\"https:\\\/\\\/www.cde.ual.es\\\/en\\\/visual-identities-vintage-newspaper-mastheads-from-across-europe\\\/#primaryimage\"},\"thumbnailUrl\":\"https:\\\/\\\/www.cde.ual.es\\\/wp-content\\\/uploads\\\/2019\\\/10\\\/Visual-Identities.png\",\"keywords\":[\"culture\",\"Heritage\"],\"articleSection\":[\"EU News\"],\"inLanguage\":\"en-US\",\"potentialAction\":[{\"@type\":\"CommentAction\",\"name\":\"Comment\",\"target\":[\"https:\\\/\\\/www.cde.ual.es\\\/en\\\/visual-identities-vintage-newspaper-mastheads-from-across-europe\\\/#respond\"]}]},{\"@type\":\"WebPage\",\"@id\":\"https:\\\/\\\/www.cde.ual.es\\\/en\\\/visual-identities-vintage-newspaper-mastheads-from-across-europe\\\/\",\"url\":\"https:\\\/\\\/www.cde.ual.es\\\/en\\\/visual-identities-vintage-newspaper-mastheads-from-across-europe\\\/\",\"name\":\"Visual identities: vintage newspaper mastheads from across Europe | CDE Almer\u00eda - Centro de Documentaci\u00f3n Europea - Universidad de Almer\u00eda\",\"isPartOf\":{\"@id\":\"https:\\\/\\\/www.cde.ual.es\\\/#website\"},\"primaryImageOfPage\":{\"@id\":\"https:\\\/\\\/www.cde.ual.es\\\/en\\\/visual-identities-vintage-newspaper-mastheads-from-across-europe\\\/#primaryimage\"},\"image\":{\"@id\":\"https:\\\/\\\/www.cde.ual.es\\\/en\\\/visual-identities-vintage-newspaper-mastheads-from-across-europe\\\/#primaryimage\"},\"thumbnailUrl\":\"https:\\\/\\\/www.cde.ual.es\\\/wp-content\\\/uploads\\\/2019\\\/10\\\/Visual-Identities.png\",\"datePublished\":\"2019-10-05T09:04:44+00:00\",\"breadcrumb\":{\"@id\":\"https:\\\/\\\/www.cde.ual.es\\\/en\\\/visual-identities-vintage-newspaper-mastheads-from-across-europe\\\/#breadcrumb\"},\"inLanguage\":\"en-US\",\"potentialAction\":[{\"@type\":\"ReadAction\",\"target\":[\"https:\\\/\\\/www.cde.ual.es\\\/en\\\/visual-identities-vintage-newspaper-mastheads-from-across-europe\\\/\"]}]},{\"@type\":\"ImageObject\",\"inLanguage\":\"en-US\",\"@id\":\"https:\\\/\\\/www.cde.ual.es\\\/en\\\/visual-identities-vintage-newspaper-mastheads-from-across-europe\\\/#primaryimage\",\"url\":\"https:\\\/\\\/www.cde.ual.es\\\/wp-content\\\/uploads\\\/2019\\\/10\\\/Visual-Identities.png\",\"contentUrl\":\"https:\\\/\\\/www.cde.ual.es\\\/wp-content\\\/uploads\\\/2019\\\/10\\\/Visual-Identities.png\",\"width\":867,\"height\":510},{\"@type\":\"BreadcrumbList\",\"@id\":\"https:\\\/\\\/www.cde.ual.es\\\/en\\\/visual-identities-vintage-newspaper-mastheads-from-across-europe\\\/#breadcrumb\",\"itemListElement\":[{\"@type\":\"ListItem\",\"position\":1,\"name\":\"Inicio\",\"item\":\"https:\\\/\\\/www.cde.ual.es\\\/en\\\/\"},{\"@type\":\"ListItem\",\"position\":2,\"name\":\"EU News\",\"item\":\"https:\\\/\\\/www.cde.ual.es\\\/en\\\/category\\\/eu-news\\\/\"},{\"@type\":\"ListItem\",\"position\":3,\"name\":\"Visual identities: vintage newspaper mastheads from across Europe\"}]},{\"@type\":\"WebSite\",\"@id\":\"https:\\\/\\\/www.cde.ual.es\\\/#website\",\"url\":\"https:\\\/\\\/www.cde.ual.es\\\/\",\"name\":\"CDE Almer\u00eda - Centro de Documentaci\u00f3n Europea - Universidad de Almer\u00eda\",\"description\":\"Centro de Documentaci\u00f3n Europea de la Universidad de Almer\u00eda\",\"publisher\":{\"@id\":\"https:\\\/\\\/www.cde.ual.es\\\/#organization\"},\"alternateName\":\"CDE Almer\u00eda\",\"potentialAction\":[{\"@type\":\"SearchAction\",\"target\":{\"@type\":\"EntryPoint\",\"urlTemplate\":\"https:\\\/\\\/www.cde.ual.es\\\/?s={search_term_string}\"},\"query-input\":{\"@type\":\"PropertyValueSpecification\",\"valueRequired\":true,\"valueName\":\"search_term_string\"}}],\"inLanguage\":\"en-US\"},{\"@type\":\"Organization\",\"@id\":\"https:\\\/\\\/www.cde.ual.es\\\/#organization\",\"name\":\"Centro de Documentaci\u00f3n Europea de Almer\u00eda\",\"url\":\"https:\\\/\\\/www.cde.ual.es\\\/\",\"logo\":{\"@type\":\"ImageObject\",\"inLanguage\":\"en-US\",\"@id\":\"https:\\\/\\\/www.cde.ual.es\\\/#\\\/schema\\\/logo\\\/image\\\/\",\"url\":\"https:\\\/\\\/www.cde.ual.es\\\/wp-content\\\/uploads\\\/2025\\\/07\\\/cde-logo-3.png\",\"contentUrl\":\"https:\\\/\\\/www.cde.ual.es\\\/wp-content\\\/uploads\\\/2025\\\/07\\\/cde-logo-3.png\",\"width\":1400,\"height\":300,\"caption\":\"Centro de Documentaci\u00f3n Europea de Almer\u00eda\"},\"image\":{\"@id\":\"https:\\\/\\\/www.cde.ual.es\\\/#\\\/schema\\\/logo\\\/image\\\/\"},\"sameAs\":[\"https:\\\/\\\/www.facebook.com\\\/cdeuniversidadalmeria\\\/\",\"https:\\\/\\\/x.com\\\/cdeualmeria\",\"https:\\\/\\\/www.tiktok.com\\\/@cdealmeria\",\"https:\\\/\\\/www.instagram.com\\\/cdealmeria\\\/\",\"https:\\\/\\\/www.linkedin.com\\\/in\\\/cde-almera-812b26a9\\\/\"]},{\"@type\":\"Person\",\"@id\":\"https:\\\/\\\/www.cde.ual.es\\\/#\\\/schema\\\/person\\\/224ef08c8bcc005f319d2713ce37ee5f\",\"name\":\"AdminCDE\",\"image\":{\"@type\":\"ImageObject\",\"inLanguage\":\"en-US\",\"@id\":\"https:\\\/\\\/secure.gravatar.com\\\/avatar\\\/a72d038d371f995cd13706fac32274b7952a52e8fb0a84b5f80c85426f2a98a8?s=96&d=mm&r=g\",\"url\":\"https:\\\/\\\/secure.gravatar.com\\\/avatar\\\/a72d038d371f995cd13706fac32274b7952a52e8fb0a84b5f80c85426f2a98a8?s=96&d=mm&r=g\",\"contentUrl\":\"https:\\\/\\\/secure.gravatar.com\\\/avatar\\\/a72d038d371f995cd13706fac32274b7952a52e8fb0a84b5f80c85426f2a98a8?s=96&d=mm&r=g\",\"caption\":\"AdminCDE\"}}]}<\/script>\n<!-- \/ Yoast SEO plugin. -->","yoast_head_json":{"title":"Visual identities: vintage newspaper mastheads from across Europe | CDE Almer\u00eda - Centro de Documentaci\u00f3n Europea - Universidad de Almer\u00eda","robots":{"index":"index","follow":"follow","max-snippet":"max-snippet:-1","max-image-preview":"max-image-preview:large","max-video-preview":"max-video-preview:-1"},"canonical":"https:\/\/www.cde.ual.es\/en\/visual-identities-vintage-newspaper-mastheads-from-across-europe\/","og_locale":"en_US","og_type":"article","og_title":"Visual identities: vintage newspaper mastheads from across Europe | CDE Almer\u00eda - Centro de Documentaci\u00f3n Europea - Universidad de Almer\u00eda","og_description":"Mastheads are one of the most striking features of newspapers. Often the first thing we see, they are designed to catch our attention and communicate the newspaper\u2019s identity and attract readers. Within the thousands of digitised historic newspaper titles in\u00a0Europeana Newspapers, there\u2019s a lot of variety in their mastheads \u2013 from simple text to more [&hellip;]","og_url":"https:\/\/www.cde.ual.es\/en\/visual-identities-vintage-newspaper-mastheads-from-across-europe\/","og_site_name":"CDE Almer\u00eda - Centro de Documentaci\u00f3n Europea - Universidad de Almer\u00eda","article_publisher":"https:\/\/www.facebook.com\/cdeuniversidadalmeria\/","article_published_time":"2019-10-05T09:04:44+00:00","og_image":[{"width":867,"height":510,"url":"https:\/\/www.cde.ual.es\/wp-content\/uploads\/2019\/10\/Visual-Identities.png","type":"image\/png"}],"author":"AdminCDE","twitter_card":"summary_large_image","twitter_creator":"@cdeualmeria","twitter_site":"@cdeualmeria","twitter_misc":{"Written by":"AdminCDE","Est. reading time":"1 minute"},"schema":{"@context":"https:\/\/schema.org","@graph":[{"@type":"Article","@id":"https:\/\/www.cde.ual.es\/en\/visual-identities-vintage-newspaper-mastheads-from-across-europe\/#article","isPartOf":{"@id":"https:\/\/www.cde.ual.es\/en\/visual-identities-vintage-newspaper-mastheads-from-across-europe\/"},"author":{"name":"AdminCDE","@id":"https:\/\/www.cde.ual.es\/#\/schema\/person\/224ef08c8bcc005f319d2713ce37ee5f"},"headline":"Visual identities: vintage newspaper mastheads from across Europe","datePublished":"2019-10-05T09:04:44+00:00","mainEntityOfPage":{"@id":"https:\/\/www.cde.ual.es\/en\/visual-identities-vintage-newspaper-mastheads-from-across-europe\/"},"wordCount":176,"commentCount":0,"publisher":{"@id":"https:\/\/www.cde.ual.es\/#organization"},"image":{"@id":"https:\/\/www.cde.ual.es\/en\/visual-identities-vintage-newspaper-mastheads-from-across-europe\/#primaryimage"},"thumbnailUrl":"https:\/\/www.cde.ual.es\/wp-content\/uploads\/2019\/10\/Visual-Identities.png","keywords":["culture","Heritage"],"articleSection":["EU News"],"inLanguage":"en-US","potentialAction":[{"@type":"CommentAction","name":"Comment","target":["https:\/\/www.cde.ual.es\/en\/visual-identities-vintage-newspaper-mastheads-from-across-europe\/#respond"]}]},{"@type":"WebPage","@id":"https:\/\/www.cde.ual.es\/en\/visual-identities-vintage-newspaper-mastheads-from-across-europe\/","url":"https:\/\/www.cde.ual.es\/en\/visual-identities-vintage-newspaper-mastheads-from-across-europe\/","name":"Visual identities: vintage newspaper mastheads from across Europe | CDE Almer\u00eda - Centro de Documentaci\u00f3n Europea - Universidad de Almer\u00eda","isPartOf":{"@id":"https:\/\/www.cde.ual.es\/#website"},"primaryImageOfPage":{"@id":"https:\/\/www.cde.ual.es\/en\/visual-identities-vintage-newspaper-mastheads-from-across-europe\/#primaryimage"},"image":{"@id":"https:\/\/www.cde.ual.es\/en\/visual-identities-vintage-newspaper-mastheads-from-across-europe\/#primaryimage"},"thumbnailUrl":"https:\/\/www.cde.ual.es\/wp-content\/uploads\/2019\/10\/Visual-Identities.png","datePublished":"2019-10-05T09:04:44+00:00","breadcrumb":{"@id":"https:\/\/www.cde.ual.es\/en\/visual-identities-vintage-newspaper-mastheads-from-across-europe\/#breadcrumb"},"inLanguage":"en-US","potentialAction":[{"@type":"ReadAction","target":["https:\/\/www.cde.ual.es\/en\/visual-identities-vintage-newspaper-mastheads-from-across-europe\/"]}]},{"@type":"ImageObject","inLanguage":"en-US","@id":"https:\/\/www.cde.ual.es\/en\/visual-identities-vintage-newspaper-mastheads-from-across-europe\/#primaryimage","url":"https:\/\/www.cde.ual.es\/wp-content\/uploads\/2019\/10\/Visual-Identities.png","contentUrl":"https:\/\/www.cde.ual.es\/wp-content\/uploads\/2019\/10\/Visual-Identities.png","width":867,"height":510},{"@type":"BreadcrumbList","@id":"https:\/\/www.cde.ual.es\/en\/visual-identities-vintage-newspaper-mastheads-from-across-europe\/#breadcrumb","itemListElement":[{"@type":"ListItem","position":1,"name":"Inicio","item":"https:\/\/www.cde.ual.es\/en\/"},{"@type":"ListItem","position":2,"name":"EU News","item":"https:\/\/www.cde.ual.es\/en\/category\/eu-news\/"},{"@type":"ListItem","position":3,"name":"Visual identities: vintage newspaper mastheads from across Europe"}]},{"@type":"WebSite","@id":"https:\/\/www.cde.ual.es\/#website","url":"https:\/\/www.cde.ual.es\/","name":"CDE Almer\u00eda - Centro de Documentaci\u00f3n Europea - Universidad de Almer\u00eda","description":"Centro de Documentaci\u00f3n Europea de la Universidad de Almer\u00eda","publisher":{"@id":"https:\/\/www.cde.ual.es\/#organization"},"alternateName":"CDE Almer\u00eda","potentialAction":[{"@type":"SearchAction","target":{"@type":"EntryPoint","urlTemplate":"https:\/\/www.cde.ual.es\/?s={search_term_string}"},"query-input":{"@type":"PropertyValueSpecification","valueRequired":true,"valueName":"search_term_string"}}],"inLanguage":"en-US"},{"@type":"Organization","@id":"https:\/\/www.cde.ual.es\/#organization","name":"Centro de Documentaci\u00f3n Europea de Almer\u00eda","url":"https:\/\/www.cde.ual.es\/","logo":{"@type":"ImageObject","inLanguage":"en-US","@id":"https:\/\/www.cde.ual.es\/#\/schema\/logo\/image\/","url":"https:\/\/www.cde.ual.es\/wp-content\/uploads\/2025\/07\/cde-logo-3.png","contentUrl":"https:\/\/www.cde.ual.es\/wp-content\/uploads\/2025\/07\/cde-logo-3.png","width":1400,"height":300,"caption":"Centro de Documentaci\u00f3n Europea de Almer\u00eda"},"image":{"@id":"https:\/\/www.cde.ual.es\/#\/schema\/logo\/image\/"},"sameAs":["https:\/\/www.facebook.com\/cdeuniversidadalmeria\/","https:\/\/x.com\/cdeualmeria","https:\/\/www.tiktok.com\/@cdealmeria","https:\/\/www.instagram.com\/cdealmeria\/","https:\/\/www.linkedin.com\/in\/cde-almera-812b26a9\/"]},{"@type":"Person","@id":"https:\/\/www.cde.ual.es\/#\/schema\/person\/224ef08c8bcc005f319d2713ce37ee5f","name":"AdminCDE","image":{"@type":"ImageObject","inLanguage":"en-US","@id":"https:\/\/secure.gravatar.com\/avatar\/a72d038d371f995cd13706fac32274b7952a52e8fb0a84b5f80c85426f2a98a8?s=96&d=mm&r=g","url":"https:\/\/secure.gravatar.com\/avatar\/a72d038d371f995cd13706fac32274b7952a52e8fb0a84b5f80c85426f2a98a8?s=96&d=mm&r=g","contentUrl":"https:\/\/secure.gravatar.com\/avatar\/a72d038d371f995cd13706fac32274b7952a52e8fb0a84b5f80c85426f2a98a8?s=96&d=mm&r=g","caption":"AdminCDE"}}]}},"_links":{"self":[{"href":"https:\/\/www.cde.ual.es\/en\/wp-json\/wp\/v2\/posts\/26661","targetHints":{"allow":["GET"]}}],"collection":[{"href":"https:\/\/www.cde.ual.es\/en\/wp-json\/wp\/v2\/posts"}],"about":[{"href":"https:\/\/www.cde.ual.es\/en\/wp-json\/wp\/v2\/types\/post"}],"author":[{"embeddable":true,"href":"https:\/\/www.cde.ual.es\/en\/wp-json\/wp\/v2\/users\/1"}],"replies":[{"embeddable":true,"href":"https:\/\/www.cde.ual.es\/en\/wp-json\/wp\/v2\/comments?post=26661"}],"version-history":[{"count":0,"href":"https:\/\/www.cde.ual.es\/en\/wp-json\/wp\/v2\/posts\/26661\/revisions"}],"wp:featuredmedia":[{"embeddable":true,"href":"https:\/\/www.cde.ual.es\/en\/wp-json\/wp\/v2\/media\/26659"}],"wp:attachment":[{"href":"https:\/\/www.cde.ual.es\/en\/wp-json\/wp\/v2\/media?parent=26661"}],"wp:term":[{"taxonomy":"category","embeddable":true,"href":"https:\/\/www.cde.ual.es\/en\/wp-json\/wp\/v2\/categories?post=26661"},{"taxonomy":"post_tag","embeddable":true,"href":"https:\/\/www.cde.ual.es\/en\/wp-json\/wp\/v2\/tags?post=26661"}],"curies":[{"name":"wp","href":"https:\/\/api.w.org\/{rel}","templated":true}]}}