{"id":26335,"date":"2019-10-01T03:00:23","date_gmt":"2019-10-01T01:00:23","guid":{"rendered":"https:\/\/www.cde.ual.es\/?p=26335"},"modified":"2019-09-30T09:11:21","modified_gmt":"2019-09-30T07:11:21","slug":"new-africa-caribbean-pacific-european-union-partnership-chief-negotiators-agree-on-economic-priorities-for-future-agreement","status":"publish","type":"post","link":"https:\/\/www.cde.ual.es\/en\/new-africa-caribbean-pacific-european-union-partnership-chief-negotiators-agree-on-economic-priorities-for-future-agreement\/","title":{"rendered":"New Africa-Caribbean-Pacific\/European Union Partnership"},"content":{"rendered":"<p><em><strong><a href=\"https:\/\/www.cde.ual.es\/wp-content\/uploads\/2019\/09\/mapa-mundo.jpg\"><img decoding=\"async\" class=\"size-medium wp-image-26332 aligncenter\" src=\"https:\/\/www.cde.ual.es\/wp-content\/uploads\/2019\/09\/mapa-mundo-300x200.jpg\" alt=\"\" width=\"300\" height=\"200\" srcset=\"https:\/\/www.cde.ual.es\/wp-content\/uploads\/2019\/09\/mapa-mundo-300x200.jpg 300w, https:\/\/www.cde.ual.es\/wp-content\/uploads\/2019\/09\/mapa-mundo-768x512.jpg 768w, https:\/\/www.cde.ual.es\/wp-content\/uploads\/2019\/09\/mapa-mundo.jpg 960w\" sizes=\"(max-width: 300px) 100vw, 300px\" \/><\/a><\/strong><\/em><\/p>\n<p><em><strong>Meeting in New York held in the margins of the United Nations General Assembly. The chief negotiators Commissioner\u00a0Mimica\u00a0and Togolese Minister Robert Dussey further specified the economic framework of future relations between African, Caribbean and Pacific countries with the European Union after 2020.<\/strong><\/em><\/p>\n<p>Robert\u00a0<strong>Dussey<\/strong>, Togo&#8217;s Minister for Foreign Affairs, Cooperation and Africa Integration, the ACP&#8217;s Chief Negotiator and Chair of the Ministerial Central Negotiating Group, said: &#8220;<em>We are delighted with the work our negotiators have done since our last meeting. We have made excellent progress together, and I thank all those who have worked steadfastly to advance the common foundation and the regional protocols. We uphold our commitment to conclude an Agreement that will produce a win-win outcome for both the ACP and the EU.<\/em>\u201d<\/p>\n<h3>Next steps<\/h3>\n<p>Negotiations will continue on the remaining parts of the agreement in the coming weeks. Discussions on the so-called \u201ccommon foundation\u201d for all countries cover the general provisions, international cooperation, the means of cooperation, the institutional framework and the final provisions.<\/p>\n<p>At the same time, talks on the three partnerships with each region will intensify. The chief negotiators are expected to discuss progress on the three regional pillars at their next meeting, scheduled for October.<\/p>\n<h3>Background<\/h3>\n<p>The Cotonou Agreement currently governing EU-ACP relations is due to expire in 2020. Negotiations on a new ACP-EU Partnership were launched in September 2018.<\/p>\n<p>The initial rounds of talks mainly focused on the \u201ccommon foundation\u201d, which sets out the values and principles that bring the EU and ACP countries together and indicates the strategic priority areas that both sides intend to work on together.<\/p>\n<p>In addition, the future agreement is due to include specific, action-oriented regional pillars focusing on each region&#8217;s needs. The first round of consultations on the regional pillars was concluded in spring 2019.<\/p>\n<p>The future ACP-EU Partnership will serve to further cement the close political ties between the EU and ACP countries on the world stage. Together, the ACP countries and the EU represent more than half of UN member countries and over 1.5 billion people.<\/p>\n<h3>For more information<\/h3>\n<p><a href=\"https:\/\/europa.eu\/rapid\/press-release_IP-19-5913_en.htm\">Press release<\/a><\/p>\n<p><a href=\"http:\/\/www.acp.int\/sites\/acpsec.waw.be\/files\/acpdoc\/public-documents\/ACP0001118_%20ACP_Negotiating_Mandate_EN.pdf\">ACP Negotiating mandate<\/a><\/p>\n<p><a href=\"http:\/\/data.consilium.europa.eu\/doc\/document\/ST-8094-2018-ADD-1\/en\/pdf\">EU Negotiating directives<\/a><\/p>\n<p><span class=\"prdnormal\"><a href=\"https:\/\/ec.europa.eu\/commission\/presscorner\/detail\/en\/qanda_18_5903\">Questions and answers: New ACP-EU Partnership after 2020<\/a><\/span><\/p>\n","protected":false},"excerpt":{"rendered":"<p>Meeting in New York held in the margins of the United Nations General Assembly. The chief negotiators Commissioner\u00a0Mimica\u00a0and Togolese Minister Robert Dussey further specified the economic framework of future relations between African, Caribbean and Pacific countries with the European Union after 2020. Robert\u00a0Dussey, Togo&#8217;s Minister for Foreign Affairs, Cooperation and Africa Integration, the ACP&#8217;s Chief [&hellip;]<\/p>\n","protected":false},"author":1,"featured_media":26332,"comment_status":"open","ping_status":"open","sticky":false,"template":"","format":"standard","meta":{"_acf_changed":false,"_relevanssi_hide_post":"","_relevanssi_hide_content":"","_relevanssi_pin_for_all":"","_relevanssi_pin_keywords":"","_relevanssi_unpin_keywords":"","_relevanssi_related_keywords":"","_relevanssi_related_include_ids":"","_relevanssi_related_exclude_ids":"","_relevanssi_related_no_append":"","_relevanssi_related_not_related":"","_relevanssi_related_posts":"","_relevanssi_noindex_reason":"","_monsterinsights_skip_tracking":false,"_monsterinsights_sitenote_active":false,"_monsterinsights_sitenote_note":"","_monsterinsights_sitenote_category":0,"_genesis_hide_title":false,"_genesis_hide_breadcrumbs":false,"_genesis_hide_singular_image":false,"_genesis_hide_footer_widgets":false,"_genesis_custom_body_class":"","_genesis_custom_post_class":"","_genesis_layout":"","footnotes":""},"categories":[346],"tags":[440],"class_list":{"0":"post-26335","1":"post","2":"type-post","3":"status-publish","4":"format-standard","5":"has-post-thumbnail","7":"category-eu-news","8":"tag-international-affairs","9":"entry"},"acf":[],"yoast_head":"<!-- This site is optimized with the Yoast SEO plugin v27.4 - https:\/\/yoast.com\/product\/yoast-seo-wordpress\/ -->\n<title>New Africa-Caribbean-Pacific\/European Union Partnership | CDE Almer\u00eda - Centro de Documentaci\u00f3n Europea - Universidad de Almer\u00eda<\/title>\n<meta name=\"robots\" content=\"index, follow, max-snippet:-1, max-image-preview:large, max-video-preview:-1\" \/>\n<link rel=\"canonical\" href=\"https:\/\/www.cde.ual.es\/en\/new-africa-caribbean-pacific-european-union-partnership-chief-negotiators-agree-on-economic-priorities-for-future-agreement\/\" \/>\n<meta property=\"og:locale\" content=\"en_US\" \/>\n<meta property=\"og:type\" content=\"article\" \/>\n<meta property=\"og:title\" content=\"New Africa-Caribbean-Pacific\/European Union Partnership | CDE Almer\u00eda - Centro de Documentaci\u00f3n Europea - Universidad de Almer\u00eda\" \/>\n<meta property=\"og:description\" content=\"Meeting in New York held in the margins of the United Nations General Assembly. The chief negotiators Commissioner\u00a0Mimica\u00a0and Togolese Minister Robert Dussey further specified the economic framework of future relations between African, Caribbean and Pacific countries with the European Union after 2020. Robert\u00a0Dussey, Togo&#8217;s Minister for Foreign Affairs, Cooperation and Africa Integration, the ACP&#8217;s Chief [&hellip;]\" \/>\n<meta property=\"og:url\" content=\"https:\/\/www.cde.ual.es\/en\/new-africa-caribbean-pacific-european-union-partnership-chief-negotiators-agree-on-economic-priorities-for-future-agreement\/\" \/>\n<meta property=\"og:site_name\" content=\"CDE Almer\u00eda - Centro de Documentaci\u00f3n Europea - Universidad de Almer\u00eda\" \/>\n<meta property=\"article:publisher\" content=\"https:\/\/www.facebook.com\/cdeuniversidadalmeria\/\" \/>\n<meta property=\"article:published_time\" content=\"2019-10-01T01:00:23+00:00\" \/>\n<meta property=\"og:image\" content=\"https:\/\/www.cde.ual.es\/wp-content\/uploads\/2019\/09\/mapa-mundo.jpg\" \/>\n\t<meta property=\"og:image:width\" content=\"960\" \/>\n\t<meta property=\"og:image:height\" content=\"640\" \/>\n\t<meta property=\"og:image:type\" content=\"image\/jpeg\" \/>\n<meta name=\"author\" content=\"AdminCDE\" \/>\n<meta name=\"twitter:card\" content=\"summary_large_image\" \/>\n<meta name=\"twitter:creator\" content=\"@cdeualmeria\" \/>\n<meta name=\"twitter:site\" content=\"@cdeualmeria\" \/>\n<meta name=\"twitter:label1\" content=\"Written by\" \/>\n\t<meta name=\"twitter:data1\" content=\"AdminCDE\" \/>\n\t<meta name=\"twitter:label2\" content=\"Est. reading time\" \/>\n\t<meta name=\"twitter:data2\" content=\"2 minutes\" \/>\n<script type=\"application\/ld+json\" class=\"yoast-schema-graph\">{\"@context\":\"https:\\\/\\\/schema.org\",\"@graph\":[{\"@type\":\"Article\",\"@id\":\"https:\\\/\\\/www.cde.ual.es\\\/en\\\/new-africa-caribbean-pacific-european-union-partnership-chief-negotiators-agree-on-economic-priorities-for-future-agreement\\\/#article\",\"isPartOf\":{\"@id\":\"https:\\\/\\\/www.cde.ual.es\\\/en\\\/new-africa-caribbean-pacific-european-union-partnership-chief-negotiators-agree-on-economic-priorities-for-future-agreement\\\/\"},\"author\":{\"name\":\"AdminCDE\",\"@id\":\"https:\\\/\\\/www.cde.ual.es\\\/#\\\/schema\\\/person\\\/224ef08c8bcc005f319d2713ce37ee5f\"},\"headline\":\"New Africa-Caribbean-Pacific\\\/European Union Partnership\",\"datePublished\":\"2019-10-01T01:00:23+00:00\",\"mainEntityOfPage\":{\"@id\":\"https:\\\/\\\/www.cde.ual.es\\\/en\\\/new-africa-caribbean-pacific-european-union-partnership-chief-negotiators-agree-on-economic-priorities-for-future-agreement\\\/\"},\"wordCount\":364,\"commentCount\":0,\"publisher\":{\"@id\":\"https:\\\/\\\/www.cde.ual.es\\\/#organization\"},\"image\":{\"@id\":\"https:\\\/\\\/www.cde.ual.es\\\/en\\\/new-africa-caribbean-pacific-european-union-partnership-chief-negotiators-agree-on-economic-priorities-for-future-agreement\\\/#primaryimage\"},\"thumbnailUrl\":\"https:\\\/\\\/www.cde.ual.es\\\/wp-content\\\/uploads\\\/2019\\\/09\\\/mapa-mundo.jpg\",\"keywords\":[\"International Affairs\"],\"articleSection\":[\"EU News\"],\"inLanguage\":\"en-US\",\"potentialAction\":[{\"@type\":\"CommentAction\",\"name\":\"Comment\",\"target\":[\"https:\\\/\\\/www.cde.ual.es\\\/en\\\/new-africa-caribbean-pacific-european-union-partnership-chief-negotiators-agree-on-economic-priorities-for-future-agreement\\\/#respond\"]}]},{\"@type\":\"WebPage\",\"@id\":\"https:\\\/\\\/www.cde.ual.es\\\/en\\\/new-africa-caribbean-pacific-european-union-partnership-chief-negotiators-agree-on-economic-priorities-for-future-agreement\\\/\",\"url\":\"https:\\\/\\\/www.cde.ual.es\\\/en\\\/new-africa-caribbean-pacific-european-union-partnership-chief-negotiators-agree-on-economic-priorities-for-future-agreement\\\/\",\"name\":\"New Africa-Caribbean-Pacific\\\/European Union Partnership | CDE Almer\u00eda - Centro de Documentaci\u00f3n Europea - Universidad de Almer\u00eda\",\"isPartOf\":{\"@id\":\"https:\\\/\\\/www.cde.ual.es\\\/#website\"},\"primaryImageOfPage\":{\"@id\":\"https:\\\/\\\/www.cde.ual.es\\\/en\\\/new-africa-caribbean-pacific-european-union-partnership-chief-negotiators-agree-on-economic-priorities-for-future-agreement\\\/#primaryimage\"},\"image\":{\"@id\":\"https:\\\/\\\/www.cde.ual.es\\\/en\\\/new-africa-caribbean-pacific-european-union-partnership-chief-negotiators-agree-on-economic-priorities-for-future-agreement\\\/#primaryimage\"},\"thumbnailUrl\":\"https:\\\/\\\/www.cde.ual.es\\\/wp-content\\\/uploads\\\/2019\\\/09\\\/mapa-mundo.jpg\",\"datePublished\":\"2019-10-01T01:00:23+00:00\",\"breadcrumb\":{\"@id\":\"https:\\\/\\\/www.cde.ual.es\\\/en\\\/new-africa-caribbean-pacific-european-union-partnership-chief-negotiators-agree-on-economic-priorities-for-future-agreement\\\/#breadcrumb\"},\"inLanguage\":\"en-US\",\"potentialAction\":[{\"@type\":\"ReadAction\",\"target\":[\"https:\\\/\\\/www.cde.ual.es\\\/en\\\/new-africa-caribbean-pacific-european-union-partnership-chief-negotiators-agree-on-economic-priorities-for-future-agreement\\\/\"]}]},{\"@type\":\"ImageObject\",\"inLanguage\":\"en-US\",\"@id\":\"https:\\\/\\\/www.cde.ual.es\\\/en\\\/new-africa-caribbean-pacific-european-union-partnership-chief-negotiators-agree-on-economic-priorities-for-future-agreement\\\/#primaryimage\",\"url\":\"https:\\\/\\\/www.cde.ual.es\\\/wp-content\\\/uploads\\\/2019\\\/09\\\/mapa-mundo.jpg\",\"contentUrl\":\"https:\\\/\\\/www.cde.ual.es\\\/wp-content\\\/uploads\\\/2019\\\/09\\\/mapa-mundo.jpg\",\"width\":960,\"height\":640},{\"@type\":\"BreadcrumbList\",\"@id\":\"https:\\\/\\\/www.cde.ual.es\\\/en\\\/new-africa-caribbean-pacific-european-union-partnership-chief-negotiators-agree-on-economic-priorities-for-future-agreement\\\/#breadcrumb\",\"itemListElement\":[{\"@type\":\"ListItem\",\"position\":1,\"name\":\"Inicio\",\"item\":\"https:\\\/\\\/www.cde.ual.es\\\/en\\\/\"},{\"@type\":\"ListItem\",\"position\":2,\"name\":\"EU News\",\"item\":\"https:\\\/\\\/www.cde.ual.es\\\/en\\\/category\\\/eu-news\\\/\"},{\"@type\":\"ListItem\",\"position\":3,\"name\":\"New Africa-Caribbean-Pacific\\\/European Union Partnership\"}]},{\"@type\":\"WebSite\",\"@id\":\"https:\\\/\\\/www.cde.ual.es\\\/#website\",\"url\":\"https:\\\/\\\/www.cde.ual.es\\\/\",\"name\":\"CDE Almer\u00eda - Centro de Documentaci\u00f3n Europea - Universidad de Almer\u00eda\",\"description\":\"Centro de Documentaci\u00f3n Europea de la Universidad de Almer\u00eda\",\"publisher\":{\"@id\":\"https:\\\/\\\/www.cde.ual.es\\\/#organization\"},\"alternateName\":\"CDE Almer\u00eda\",\"potentialAction\":[{\"@type\":\"SearchAction\",\"target\":{\"@type\":\"EntryPoint\",\"urlTemplate\":\"https:\\\/\\\/www.cde.ual.es\\\/?s={search_term_string}\"},\"query-input\":{\"@type\":\"PropertyValueSpecification\",\"valueRequired\":true,\"valueName\":\"search_term_string\"}}],\"inLanguage\":\"en-US\"},{\"@type\":\"Organization\",\"@id\":\"https:\\\/\\\/www.cde.ual.es\\\/#organization\",\"name\":\"Centro de Documentaci\u00f3n Europea de Almer\u00eda\",\"url\":\"https:\\\/\\\/www.cde.ual.es\\\/\",\"logo\":{\"@type\":\"ImageObject\",\"inLanguage\":\"en-US\",\"@id\":\"https:\\\/\\\/www.cde.ual.es\\\/#\\\/schema\\\/logo\\\/image\\\/\",\"url\":\"https:\\\/\\\/www.cde.ual.es\\\/wp-content\\\/uploads\\\/2025\\\/07\\\/cde-logo-3.png\",\"contentUrl\":\"https:\\\/\\\/www.cde.ual.es\\\/wp-content\\\/uploads\\\/2025\\\/07\\\/cde-logo-3.png\",\"width\":1400,\"height\":300,\"caption\":\"Centro de Documentaci\u00f3n Europea de Almer\u00eda\"},\"image\":{\"@id\":\"https:\\\/\\\/www.cde.ual.es\\\/#\\\/schema\\\/logo\\\/image\\\/\"},\"sameAs\":[\"https:\\\/\\\/www.facebook.com\\\/cdeuniversidadalmeria\\\/\",\"https:\\\/\\\/x.com\\\/cdeualmeria\",\"https:\\\/\\\/www.tiktok.com\\\/@cdealmeria\",\"https:\\\/\\\/www.instagram.com\\\/cdealmeria\\\/\",\"https:\\\/\\\/www.linkedin.com\\\/in\\\/cde-almera-812b26a9\\\/\"]},{\"@type\":\"Person\",\"@id\":\"https:\\\/\\\/www.cde.ual.es\\\/#\\\/schema\\\/person\\\/224ef08c8bcc005f319d2713ce37ee5f\",\"name\":\"AdminCDE\",\"image\":{\"@type\":\"ImageObject\",\"inLanguage\":\"en-US\",\"@id\":\"https:\\\/\\\/secure.gravatar.com\\\/avatar\\\/a72d038d371f995cd13706fac32274b7952a52e8fb0a84b5f80c85426f2a98a8?s=96&d=mm&r=g\",\"url\":\"https:\\\/\\\/secure.gravatar.com\\\/avatar\\\/a72d038d371f995cd13706fac32274b7952a52e8fb0a84b5f80c85426f2a98a8?s=96&d=mm&r=g\",\"contentUrl\":\"https:\\\/\\\/secure.gravatar.com\\\/avatar\\\/a72d038d371f995cd13706fac32274b7952a52e8fb0a84b5f80c85426f2a98a8?s=96&d=mm&r=g\",\"caption\":\"AdminCDE\"}}]}<\/script>\n<!-- \/ Yoast SEO plugin. -->","yoast_head_json":{"title":"New Africa-Caribbean-Pacific\/European Union Partnership | CDE Almer\u00eda - Centro de Documentaci\u00f3n Europea - Universidad de Almer\u00eda","robots":{"index":"index","follow":"follow","max-snippet":"max-snippet:-1","max-image-preview":"max-image-preview:large","max-video-preview":"max-video-preview:-1"},"canonical":"https:\/\/www.cde.ual.es\/en\/new-africa-caribbean-pacific-european-union-partnership-chief-negotiators-agree-on-economic-priorities-for-future-agreement\/","og_locale":"en_US","og_type":"article","og_title":"New Africa-Caribbean-Pacific\/European Union Partnership | CDE Almer\u00eda - Centro de Documentaci\u00f3n Europea - Universidad de Almer\u00eda","og_description":"Meeting in New York held in the margins of the United Nations General Assembly. The chief negotiators Commissioner\u00a0Mimica\u00a0and Togolese Minister Robert Dussey further specified the economic framework of future relations between African, Caribbean and Pacific countries with the European Union after 2020. Robert\u00a0Dussey, Togo&#8217;s Minister for Foreign Affairs, Cooperation and Africa Integration, the ACP&#8217;s Chief [&hellip;]","og_url":"https:\/\/www.cde.ual.es\/en\/new-africa-caribbean-pacific-european-union-partnership-chief-negotiators-agree-on-economic-priorities-for-future-agreement\/","og_site_name":"CDE Almer\u00eda - Centro de Documentaci\u00f3n Europea - Universidad de Almer\u00eda","article_publisher":"https:\/\/www.facebook.com\/cdeuniversidadalmeria\/","article_published_time":"2019-10-01T01:00:23+00:00","og_image":[{"width":960,"height":640,"url":"https:\/\/www.cde.ual.es\/wp-content\/uploads\/2019\/09\/mapa-mundo.jpg","type":"image\/jpeg"}],"author":"AdminCDE","twitter_card":"summary_large_image","twitter_creator":"@cdeualmeria","twitter_site":"@cdeualmeria","twitter_misc":{"Written by":"AdminCDE","Est. reading time":"2 minutes"},"schema":{"@context":"https:\/\/schema.org","@graph":[{"@type":"Article","@id":"https:\/\/www.cde.ual.es\/en\/new-africa-caribbean-pacific-european-union-partnership-chief-negotiators-agree-on-economic-priorities-for-future-agreement\/#article","isPartOf":{"@id":"https:\/\/www.cde.ual.es\/en\/new-africa-caribbean-pacific-european-union-partnership-chief-negotiators-agree-on-economic-priorities-for-future-agreement\/"},"author":{"name":"AdminCDE","@id":"https:\/\/www.cde.ual.es\/#\/schema\/person\/224ef08c8bcc005f319d2713ce37ee5f"},"headline":"New Africa-Caribbean-Pacific\/European Union Partnership","datePublished":"2019-10-01T01:00:23+00:00","mainEntityOfPage":{"@id":"https:\/\/www.cde.ual.es\/en\/new-africa-caribbean-pacific-european-union-partnership-chief-negotiators-agree-on-economic-priorities-for-future-agreement\/"},"wordCount":364,"commentCount":0,"publisher":{"@id":"https:\/\/www.cde.ual.es\/#organization"},"image":{"@id":"https:\/\/www.cde.ual.es\/en\/new-africa-caribbean-pacific-european-union-partnership-chief-negotiators-agree-on-economic-priorities-for-future-agreement\/#primaryimage"},"thumbnailUrl":"https:\/\/www.cde.ual.es\/wp-content\/uploads\/2019\/09\/mapa-mundo.jpg","keywords":["International Affairs"],"articleSection":["EU News"],"inLanguage":"en-US","potentialAction":[{"@type":"CommentAction","name":"Comment","target":["https:\/\/www.cde.ual.es\/en\/new-africa-caribbean-pacific-european-union-partnership-chief-negotiators-agree-on-economic-priorities-for-future-agreement\/#respond"]}]},{"@type":"WebPage","@id":"https:\/\/www.cde.ual.es\/en\/new-africa-caribbean-pacific-european-union-partnership-chief-negotiators-agree-on-economic-priorities-for-future-agreement\/","url":"https:\/\/www.cde.ual.es\/en\/new-africa-caribbean-pacific-european-union-partnership-chief-negotiators-agree-on-economic-priorities-for-future-agreement\/","name":"New Africa-Caribbean-Pacific\/European Union Partnership | CDE Almer\u00eda - Centro de Documentaci\u00f3n Europea - Universidad de Almer\u00eda","isPartOf":{"@id":"https:\/\/www.cde.ual.es\/#website"},"primaryImageOfPage":{"@id":"https:\/\/www.cde.ual.es\/en\/new-africa-caribbean-pacific-european-union-partnership-chief-negotiators-agree-on-economic-priorities-for-future-agreement\/#primaryimage"},"image":{"@id":"https:\/\/www.cde.ual.es\/en\/new-africa-caribbean-pacific-european-union-partnership-chief-negotiators-agree-on-economic-priorities-for-future-agreement\/#primaryimage"},"thumbnailUrl":"https:\/\/www.cde.ual.es\/wp-content\/uploads\/2019\/09\/mapa-mundo.jpg","datePublished":"2019-10-01T01:00:23+00:00","breadcrumb":{"@id":"https:\/\/www.cde.ual.es\/en\/new-africa-caribbean-pacific-european-union-partnership-chief-negotiators-agree-on-economic-priorities-for-future-agreement\/#breadcrumb"},"inLanguage":"en-US","potentialAction":[{"@type":"ReadAction","target":["https:\/\/www.cde.ual.es\/en\/new-africa-caribbean-pacific-european-union-partnership-chief-negotiators-agree-on-economic-priorities-for-future-agreement\/"]}]},{"@type":"ImageObject","inLanguage":"en-US","@id":"https:\/\/www.cde.ual.es\/en\/new-africa-caribbean-pacific-european-union-partnership-chief-negotiators-agree-on-economic-priorities-for-future-agreement\/#primaryimage","url":"https:\/\/www.cde.ual.es\/wp-content\/uploads\/2019\/09\/mapa-mundo.jpg","contentUrl":"https:\/\/www.cde.ual.es\/wp-content\/uploads\/2019\/09\/mapa-mundo.jpg","width":960,"height":640},{"@type":"BreadcrumbList","@id":"https:\/\/www.cde.ual.es\/en\/new-africa-caribbean-pacific-european-union-partnership-chief-negotiators-agree-on-economic-priorities-for-future-agreement\/#breadcrumb","itemListElement":[{"@type":"ListItem","position":1,"name":"Inicio","item":"https:\/\/www.cde.ual.es\/en\/"},{"@type":"ListItem","position":2,"name":"EU News","item":"https:\/\/www.cde.ual.es\/en\/category\/eu-news\/"},{"@type":"ListItem","position":3,"name":"New Africa-Caribbean-Pacific\/European Union Partnership"}]},{"@type":"WebSite","@id":"https:\/\/www.cde.ual.es\/#website","url":"https:\/\/www.cde.ual.es\/","name":"CDE Almer\u00eda - Centro de Documentaci\u00f3n Europea - Universidad de Almer\u00eda","description":"Centro de Documentaci\u00f3n Europea de la Universidad de Almer\u00eda","publisher":{"@id":"https:\/\/www.cde.ual.es\/#organization"},"alternateName":"CDE Almer\u00eda","potentialAction":[{"@type":"SearchAction","target":{"@type":"EntryPoint","urlTemplate":"https:\/\/www.cde.ual.es\/?s={search_term_string}"},"query-input":{"@type":"PropertyValueSpecification","valueRequired":true,"valueName":"search_term_string"}}],"inLanguage":"en-US"},{"@type":"Organization","@id":"https:\/\/www.cde.ual.es\/#organization","name":"Centro de Documentaci\u00f3n Europea de Almer\u00eda","url":"https:\/\/www.cde.ual.es\/","logo":{"@type":"ImageObject","inLanguage":"en-US","@id":"https:\/\/www.cde.ual.es\/#\/schema\/logo\/image\/","url":"https:\/\/www.cde.ual.es\/wp-content\/uploads\/2025\/07\/cde-logo-3.png","contentUrl":"https:\/\/www.cde.ual.es\/wp-content\/uploads\/2025\/07\/cde-logo-3.png","width":1400,"height":300,"caption":"Centro de Documentaci\u00f3n Europea de Almer\u00eda"},"image":{"@id":"https:\/\/www.cde.ual.es\/#\/schema\/logo\/image\/"},"sameAs":["https:\/\/www.facebook.com\/cdeuniversidadalmeria\/","https:\/\/x.com\/cdeualmeria","https:\/\/www.tiktok.com\/@cdealmeria","https:\/\/www.instagram.com\/cdealmeria\/","https:\/\/www.linkedin.com\/in\/cde-almera-812b26a9\/"]},{"@type":"Person","@id":"https:\/\/www.cde.ual.es\/#\/schema\/person\/224ef08c8bcc005f319d2713ce37ee5f","name":"AdminCDE","image":{"@type":"ImageObject","inLanguage":"en-US","@id":"https:\/\/secure.gravatar.com\/avatar\/a72d038d371f995cd13706fac32274b7952a52e8fb0a84b5f80c85426f2a98a8?s=96&d=mm&r=g","url":"https:\/\/secure.gravatar.com\/avatar\/a72d038d371f995cd13706fac32274b7952a52e8fb0a84b5f80c85426f2a98a8?s=96&d=mm&r=g","contentUrl":"https:\/\/secure.gravatar.com\/avatar\/a72d038d371f995cd13706fac32274b7952a52e8fb0a84b5f80c85426f2a98a8?s=96&d=mm&r=g","caption":"AdminCDE"}}]}},"_links":{"self":[{"href":"https:\/\/www.cde.ual.es\/en\/wp-json\/wp\/v2\/posts\/26335","targetHints":{"allow":["GET"]}}],"collection":[{"href":"https:\/\/www.cde.ual.es\/en\/wp-json\/wp\/v2\/posts"}],"about":[{"href":"https:\/\/www.cde.ual.es\/en\/wp-json\/wp\/v2\/types\/post"}],"author":[{"embeddable":true,"href":"https:\/\/www.cde.ual.es\/en\/wp-json\/wp\/v2\/users\/1"}],"replies":[{"embeddable":true,"href":"https:\/\/www.cde.ual.es\/en\/wp-json\/wp\/v2\/comments?post=26335"}],"version-history":[{"count":0,"href":"https:\/\/www.cde.ual.es\/en\/wp-json\/wp\/v2\/posts\/26335\/revisions"}],"wp:featuredmedia":[{"embeddable":true,"href":"https:\/\/www.cde.ual.es\/en\/wp-json\/wp\/v2\/media\/26332"}],"wp:attachment":[{"href":"https:\/\/www.cde.ual.es\/en\/wp-json\/wp\/v2\/media?parent=26335"}],"wp:term":[{"taxonomy":"category","embeddable":true,"href":"https:\/\/www.cde.ual.es\/en\/wp-json\/wp\/v2\/categories?post=26335"},{"taxonomy":"post_tag","embeddable":true,"href":"https:\/\/www.cde.ual.es\/en\/wp-json\/wp\/v2\/tags?post=26335"}],"curies":[{"name":"wp","href":"https:\/\/api.w.org\/{rel}","templated":true}]}}