{"id":26138,"date":"2019-09-25T03:00:21","date_gmt":"2019-09-25T01:00:21","guid":{"rendered":"https:\/\/www.cde.ual.es\/?p=26138"},"modified":"2019-09-24T11:00:15","modified_gmt":"2019-09-24T09:00:15","slug":"a-week-of-events-open-to-citizens-will-focus-on-future-eu-research-and-scientific-excellence","status":"publish","type":"post","link":"https:\/\/www.cde.ual.es\/en\/a-week-of-events-open-to-citizens-will-focus-on-future-eu-research-and-scientific-excellence\/","title":{"rendered":"A week of events open to citizens will focus on future EU research and scientific excellence"},"content":{"rendered":"<p><strong><em>From 24 until 26 September 2019, the first European Research and Innovation Days will be opened in Brussels. 4,000 participants are expected to take part, including Commissioners, government representatives, researchers, academics and businesses, who will take stock of the achievements of EU-funded research and European scientific excellence and discuss future developments in the field.<\/em><\/strong><\/p>\n<p><a href=\"https:\/\/www.cde.ual.es\/wp-content\/uploads\/2019\/09\/European_Researcher_and_Innovation_Days-1.png\"><img decoding=\"async\" class=\" wp-image-26133 aligncenter\" src=\"https:\/\/www.cde.ual.es\/wp-content\/uploads\/2019\/09\/European_Researcher_and_Innovation_Days-1-300x97.png\" alt=\"\" width=\"318\" height=\"103\" srcset=\"https:\/\/www.cde.ual.es\/wp-content\/uploads\/2019\/09\/European_Researcher_and_Innovation_Days-1-300x97.png 300w, https:\/\/www.cde.ual.es\/wp-content\/uploads\/2019\/09\/European_Researcher_and_Innovation_Days-1-768x249.png 768w, https:\/\/www.cde.ual.es\/wp-content\/uploads\/2019\/09\/European_Researcher_and_Innovation_Days-1-1024x332.png 1024w, https:\/\/www.cde.ual.es\/wp-content\/uploads\/2019\/09\/European_Researcher_and_Innovation_Days-1.png 1140w\" sizes=\"(max-width: 318px) 100vw, 318px\" \/><\/a><\/p>\n<p>The event includes a policy conference, the <a href=\"https:\/\/ec.europa.eu\/research\/mariecurieactions\/events\/science-wonder-ful_en\">\u2018Science is Wonderful!&#8217;<\/a> exhibition and prize ceremonies such as the European Capital of Innovation (iCapital) Award, the Horizon Prize for Social Innovation, the Horizon Impact Award as well as the Innovation Radar Prize.<\/p>\n<p>The week will end with the 14th edition of the popular <a href=\"https:\/\/ec.europa.eu\/research\/mariecurieactions\/actions\/european-researchers-night_en\">European Researchers&#8217; Night<\/a> on 27 September, with events in more than 370 cities in 29 EU and neighbouring countries that will enable people to discover science in an engaging way.<\/p>\n<p>Carlos Moedas, Commissioner for Research, Science and Innovation, said: <em>\u201cResearch and innovation are key to the success of the economic, ecological and societal transition that we are facing. The first Research and Innovation Days are, therefore, an opportunity to come together to discuss ways of addressing societal challenges, spurring innovation and triggering investment, all of which will help us shape the next research and innovation framework programme, Horizon Europe.\u201d<\/em> Commissioner for Education, Culture, Youth and Sport, Tibor Navracsics, said: <em>&#8220;Science impacts our daily lives. Initiatives like the European Researchers&#8217; Night and \u2018Science is Wonderful!&#8217; offer fun ways to engage with research and innovation and can help inspire more young people to study science, technology, engineering and maths, and to potentially pursue related careers.&#8221;<\/em><\/p>\n<p>In addition to Commissioners Navracsics and Moedas, Vice-President Maro\u0161 \u0160ef\u010dovi\u010d and Commissioners Karmenu Vella, Phil Hogan, and Mariya Gabriel will participate in the event. Side events include, \u2014on 25 September\u2014, the 3rd edition of the Falling Walls Lab-Marie Sk\u0142odowska-Curie Actions, a scientific competition reserved for Marie Sk\u0142odowska-Curie Actions fellows.<\/p>\n<p>The Commission supports all these events as part of the <a href=\"https:\/\/ec.europa.eu\/programmes\/horizon2020\/en\/h2020-section\/marie-sklodowska-curie-actions\">Marie Sk\u0142odowska-Curie Actions<\/a> (more information in this factsheet and recent publication). Finally, on Friday 27 September, Commissioner Moedas will discuss the importance of European research and innovation for the economy and for tackling climate change in a Competitiveness Council meeting in Brussels.<\/p>\n<h3>More information<\/h3>\n<p>Access the <a href=\"https:\/\/europa.eu\/rapid\/press-release_MEX-19-5790_en.htm\">full news<\/a><\/p>\n<p><a href=\"https:\/\/www.cde.ual.es\/en\/european-researchers-night-2019\/\">European Researchers&#8217; Night<\/a><\/p>\n<p><a href=\"https:\/\/ec.europa.eu\/programmes\/horizon2020\/en\/h2020-section\/marie-sklodowska-curie-actions\">Marie Sk\u0142odowska-Curie Actions<\/a><\/p>\n","protected":false},"excerpt":{"rendered":"<p>From 24 until 26 September 2019, the first European Research and Innovation Days will be opened in Brussels. 4,000 participants are expected to take part, including Commissioners, government representatives, researchers, academics and businesses, who will take stock of the achievements of EU-funded research and European scientific excellence and discuss future developments in the field. The [&hellip;]<\/p>\n","protected":false},"author":101012,"featured_media":26134,"comment_status":"open","ping_status":"open","sticky":false,"template":"","format":"standard","meta":{"_acf_changed":false,"_relevanssi_hide_post":"","_relevanssi_hide_content":"","_relevanssi_pin_for_all":"","_relevanssi_pin_keywords":"","_relevanssi_unpin_keywords":"","_relevanssi_related_keywords":"","_relevanssi_related_include_ids":"","_relevanssi_related_exclude_ids":"","_relevanssi_related_no_append":"","_relevanssi_related_not_related":"","_relevanssi_related_posts":"","_relevanssi_noindex_reason":"","_monsterinsights_skip_tracking":false,"_monsterinsights_sitenote_active":false,"_monsterinsights_sitenote_note":"","_monsterinsights_sitenote_category":0,"_genesis_hide_title":false,"_genesis_hide_breadcrumbs":false,"_genesis_hide_singular_image":false,"_genesis_hide_footer_widgets":false,"_genesis_custom_body_class":"","_genesis_custom_post_class":"","_genesis_layout":"","footnotes":""},"categories":[346],"tags":[368,354,404,350,433,351],"class_list":{"0":"post-26138","1":"post","2":"type-post","3":"status-publish","4":"format-standard","5":"has-post-thumbnail","7":"category-eu-news","8":"tag-european-union","9":"tag-innovacion-en","10":"tag-innovation","11":"tag-investigacion-en","12":"tag-research","13":"tag-union-europea-en","14":"entry"},"acf":[],"yoast_head":"<!-- This site is optimized with the Yoast SEO plugin v27.4 - https:\/\/yoast.com\/product\/yoast-seo-wordpress\/ -->\n<title>A week of events open to citizens will focus on future EU research and scientific excellence | CDE Almer\u00eda - Centro de Documentaci\u00f3n Europea - Universidad de Almer\u00eda<\/title>\n<meta name=\"robots\" content=\"index, follow, max-snippet:-1, max-image-preview:large, max-video-preview:-1\" \/>\n<link rel=\"canonical\" href=\"https:\/\/www.cde.ual.es\/en\/a-week-of-events-open-to-citizens-will-focus-on-future-eu-research-and-scientific-excellence\/\" \/>\n<meta property=\"og:locale\" content=\"en_US\" \/>\n<meta property=\"og:type\" content=\"article\" \/>\n<meta property=\"og:title\" content=\"A week of events open to citizens will focus on future EU research and scientific excellence | CDE Almer\u00eda - Centro de Documentaci\u00f3n Europea - Universidad de Almer\u00eda\" \/>\n<meta property=\"og:description\" content=\"From 24 until 26 September 2019, the first European Research and Innovation Days will be opened in Brussels. 4,000 participants are expected to take part, including Commissioners, government representatives, researchers, academics and businesses, who will take stock of the achievements of EU-funded research and European scientific excellence and discuss future developments in the field. The [&hellip;]\" \/>\n<meta property=\"og:url\" content=\"https:\/\/www.cde.ual.es\/en\/a-week-of-events-open-to-citizens-will-focus-on-future-eu-research-and-scientific-excellence\/\" \/>\n<meta property=\"og:site_name\" content=\"CDE Almer\u00eda - Centro de Documentaci\u00f3n Europea - Universidad de Almer\u00eda\" \/>\n<meta property=\"article:publisher\" content=\"https:\/\/www.facebook.com\/cdeuniversidadalmeria\/\" \/>\n<meta property=\"article:published_time\" content=\"2019-09-25T01:00:21+00:00\" \/>\n<meta property=\"og:image\" content=\"https:\/\/www.cde.ual.es\/wp-content\/uploads\/2019\/09\/European_Researcher_and_Innovation_Days-1.png\" \/>\n\t<meta property=\"og:image:width\" content=\"1140\" \/>\n\t<meta property=\"og:image:height\" content=\"370\" \/>\n\t<meta property=\"og:image:type\" content=\"image\/png\" \/>\n<meta name=\"author\" content=\"BECACDE1\" \/>\n<meta name=\"twitter:card\" content=\"summary_large_image\" \/>\n<meta name=\"twitter:creator\" content=\"@cdeualmeria\" \/>\n<meta name=\"twitter:site\" content=\"@cdeualmeria\" \/>\n<meta name=\"twitter:label1\" content=\"Written by\" \/>\n\t<meta name=\"twitter:data1\" content=\"BECACDE1\" \/>\n\t<meta name=\"twitter:label2\" content=\"Est. reading time\" \/>\n\t<meta name=\"twitter:data2\" content=\"2 minutes\" \/>\n<script type=\"application\/ld+json\" class=\"yoast-schema-graph\">{\"@context\":\"https:\\\/\\\/schema.org\",\"@graph\":[{\"@type\":\"Article\",\"@id\":\"https:\\\/\\\/www.cde.ual.es\\\/en\\\/a-week-of-events-open-to-citizens-will-focus-on-future-eu-research-and-scientific-excellence\\\/#article\",\"isPartOf\":{\"@id\":\"https:\\\/\\\/www.cde.ual.es\\\/en\\\/a-week-of-events-open-to-citizens-will-focus-on-future-eu-research-and-scientific-excellence\\\/\"},\"author\":{\"name\":\"BECACDE1\",\"@id\":\"https:\\\/\\\/www.cde.ual.es\\\/#\\\/schema\\\/person\\\/bf2f837cf3353e2161fe1087adbd728f\"},\"headline\":\"A week of events open to citizens will focus on future EU research and scientific excellence\",\"datePublished\":\"2019-09-25T01:00:21+00:00\",\"mainEntityOfPage\":{\"@id\":\"https:\\\/\\\/www.cde.ual.es\\\/en\\\/a-week-of-events-open-to-citizens-will-focus-on-future-eu-research-and-scientific-excellence\\\/\"},\"wordCount\":383,\"commentCount\":0,\"publisher\":{\"@id\":\"https:\\\/\\\/www.cde.ual.es\\\/#organization\"},\"image\":{\"@id\":\"https:\\\/\\\/www.cde.ual.es\\\/en\\\/a-week-of-events-open-to-citizens-will-focus-on-future-eu-research-and-scientific-excellence\\\/#primaryimage\"},\"thumbnailUrl\":\"https:\\\/\\\/www.cde.ual.es\\\/wp-content\\\/uploads\\\/2019\\\/09\\\/European_Researcher_and_Innovation_Days-1.png\",\"keywords\":[\"European Union\",\"Innovaci\u00f3n\",\"innovation\",\"Investigaci\u00f3n\",\"Research\",\"Uni\u00f3n Europea\"],\"articleSection\":[\"EU News\"],\"inLanguage\":\"en-US\",\"potentialAction\":[{\"@type\":\"CommentAction\",\"name\":\"Comment\",\"target\":[\"https:\\\/\\\/www.cde.ual.es\\\/en\\\/a-week-of-events-open-to-citizens-will-focus-on-future-eu-research-and-scientific-excellence\\\/#respond\"]}]},{\"@type\":\"WebPage\",\"@id\":\"https:\\\/\\\/www.cde.ual.es\\\/en\\\/a-week-of-events-open-to-citizens-will-focus-on-future-eu-research-and-scientific-excellence\\\/\",\"url\":\"https:\\\/\\\/www.cde.ual.es\\\/en\\\/a-week-of-events-open-to-citizens-will-focus-on-future-eu-research-and-scientific-excellence\\\/\",\"name\":\"A week of events open to citizens will focus on future EU research and scientific excellence | CDE Almer\u00eda - Centro de Documentaci\u00f3n Europea - Universidad de Almer\u00eda\",\"isPartOf\":{\"@id\":\"https:\\\/\\\/www.cde.ual.es\\\/#website\"},\"primaryImageOfPage\":{\"@id\":\"https:\\\/\\\/www.cde.ual.es\\\/en\\\/a-week-of-events-open-to-citizens-will-focus-on-future-eu-research-and-scientific-excellence\\\/#primaryimage\"},\"image\":{\"@id\":\"https:\\\/\\\/www.cde.ual.es\\\/en\\\/a-week-of-events-open-to-citizens-will-focus-on-future-eu-research-and-scientific-excellence\\\/#primaryimage\"},\"thumbnailUrl\":\"https:\\\/\\\/www.cde.ual.es\\\/wp-content\\\/uploads\\\/2019\\\/09\\\/European_Researcher_and_Innovation_Days-1.png\",\"datePublished\":\"2019-09-25T01:00:21+00:00\",\"breadcrumb\":{\"@id\":\"https:\\\/\\\/www.cde.ual.es\\\/en\\\/a-week-of-events-open-to-citizens-will-focus-on-future-eu-research-and-scientific-excellence\\\/#breadcrumb\"},\"inLanguage\":\"en-US\",\"potentialAction\":[{\"@type\":\"ReadAction\",\"target\":[\"https:\\\/\\\/www.cde.ual.es\\\/en\\\/a-week-of-events-open-to-citizens-will-focus-on-future-eu-research-and-scientific-excellence\\\/\"]}]},{\"@type\":\"ImageObject\",\"inLanguage\":\"en-US\",\"@id\":\"https:\\\/\\\/www.cde.ual.es\\\/en\\\/a-week-of-events-open-to-citizens-will-focus-on-future-eu-research-and-scientific-excellence\\\/#primaryimage\",\"url\":\"https:\\\/\\\/www.cde.ual.es\\\/wp-content\\\/uploads\\\/2019\\\/09\\\/European_Researcher_and_Innovation_Days-1.png\",\"contentUrl\":\"https:\\\/\\\/www.cde.ual.es\\\/wp-content\\\/uploads\\\/2019\\\/09\\\/European_Researcher_and_Innovation_Days-1.png\",\"width\":1140,\"height\":370},{\"@type\":\"BreadcrumbList\",\"@id\":\"https:\\\/\\\/www.cde.ual.es\\\/en\\\/a-week-of-events-open-to-citizens-will-focus-on-future-eu-research-and-scientific-excellence\\\/#breadcrumb\",\"itemListElement\":[{\"@type\":\"ListItem\",\"position\":1,\"name\":\"Inicio\",\"item\":\"https:\\\/\\\/www.cde.ual.es\\\/en\\\/\"},{\"@type\":\"ListItem\",\"position\":2,\"name\":\"EU News\",\"item\":\"https:\\\/\\\/www.cde.ual.es\\\/en\\\/category\\\/eu-news\\\/\"},{\"@type\":\"ListItem\",\"position\":3,\"name\":\"A week of events open to citizens will focus on future EU research and scientific excellence\"}]},{\"@type\":\"WebSite\",\"@id\":\"https:\\\/\\\/www.cde.ual.es\\\/#website\",\"url\":\"https:\\\/\\\/www.cde.ual.es\\\/\",\"name\":\"CDE Almer\u00eda - Centro de Documentaci\u00f3n Europea - Universidad de Almer\u00eda\",\"description\":\"Centro de Documentaci\u00f3n Europea de la Universidad de Almer\u00eda\",\"publisher\":{\"@id\":\"https:\\\/\\\/www.cde.ual.es\\\/#organization\"},\"alternateName\":\"CDE Almer\u00eda\",\"potentialAction\":[{\"@type\":\"SearchAction\",\"target\":{\"@type\":\"EntryPoint\",\"urlTemplate\":\"https:\\\/\\\/www.cde.ual.es\\\/?s={search_term_string}\"},\"query-input\":{\"@type\":\"PropertyValueSpecification\",\"valueRequired\":true,\"valueName\":\"search_term_string\"}}],\"inLanguage\":\"en-US\"},{\"@type\":\"Organization\",\"@id\":\"https:\\\/\\\/www.cde.ual.es\\\/#organization\",\"name\":\"Centro de Documentaci\u00f3n Europea de Almer\u00eda\",\"url\":\"https:\\\/\\\/www.cde.ual.es\\\/\",\"logo\":{\"@type\":\"ImageObject\",\"inLanguage\":\"en-US\",\"@id\":\"https:\\\/\\\/www.cde.ual.es\\\/#\\\/schema\\\/logo\\\/image\\\/\",\"url\":\"https:\\\/\\\/www.cde.ual.es\\\/wp-content\\\/uploads\\\/2025\\\/07\\\/cde-logo-3.png\",\"contentUrl\":\"https:\\\/\\\/www.cde.ual.es\\\/wp-content\\\/uploads\\\/2025\\\/07\\\/cde-logo-3.png\",\"width\":1400,\"height\":300,\"caption\":\"Centro de Documentaci\u00f3n Europea de Almer\u00eda\"},\"image\":{\"@id\":\"https:\\\/\\\/www.cde.ual.es\\\/#\\\/schema\\\/logo\\\/image\\\/\"},\"sameAs\":[\"https:\\\/\\\/www.facebook.com\\\/cdeuniversidadalmeria\\\/\",\"https:\\\/\\\/x.com\\\/cdeualmeria\",\"https:\\\/\\\/www.tiktok.com\\\/@cdealmeria\",\"https:\\\/\\\/www.instagram.com\\\/cdealmeria\\\/\",\"https:\\\/\\\/www.linkedin.com\\\/in\\\/cde-almera-812b26a9\\\/\"]},{\"@type\":\"Person\",\"@id\":\"https:\\\/\\\/www.cde.ual.es\\\/#\\\/schema\\\/person\\\/bf2f837cf3353e2161fe1087adbd728f\",\"name\":\"BECACDE1\",\"image\":{\"@type\":\"ImageObject\",\"inLanguage\":\"en-US\",\"@id\":\"https:\\\/\\\/secure.gravatar.com\\\/avatar\\\/16a4c1e422b5dec818ee13eab3353b19db9cfd278cc10f9b0e1188a37671d9d4?s=96&d=mm&r=g\",\"url\":\"https:\\\/\\\/secure.gravatar.com\\\/avatar\\\/16a4c1e422b5dec818ee13eab3353b19db9cfd278cc10f9b0e1188a37671d9d4?s=96&d=mm&r=g\",\"contentUrl\":\"https:\\\/\\\/secure.gravatar.com\\\/avatar\\\/16a4c1e422b5dec818ee13eab3353b19db9cfd278cc10f9b0e1188a37671d9d4?s=96&d=mm&r=g\",\"caption\":\"BECACDE1\"},\"sameAs\":[\"http:\\\/\\\/www.cdealmeria.com\"]}]}<\/script>\n<!-- \/ Yoast SEO plugin. -->","yoast_head_json":{"title":"A week of events open to citizens will focus on future EU research and scientific excellence | CDE Almer\u00eda - Centro de Documentaci\u00f3n Europea - Universidad de Almer\u00eda","robots":{"index":"index","follow":"follow","max-snippet":"max-snippet:-1","max-image-preview":"max-image-preview:large","max-video-preview":"max-video-preview:-1"},"canonical":"https:\/\/www.cde.ual.es\/en\/a-week-of-events-open-to-citizens-will-focus-on-future-eu-research-and-scientific-excellence\/","og_locale":"en_US","og_type":"article","og_title":"A week of events open to citizens will focus on future EU research and scientific excellence | CDE Almer\u00eda - Centro de Documentaci\u00f3n Europea - Universidad de Almer\u00eda","og_description":"From 24 until 26 September 2019, the first European Research and Innovation Days will be opened in Brussels. 4,000 participants are expected to take part, including Commissioners, government representatives, researchers, academics and businesses, who will take stock of the achievements of EU-funded research and European scientific excellence and discuss future developments in the field. The [&hellip;]","og_url":"https:\/\/www.cde.ual.es\/en\/a-week-of-events-open-to-citizens-will-focus-on-future-eu-research-and-scientific-excellence\/","og_site_name":"CDE Almer\u00eda - Centro de Documentaci\u00f3n Europea - Universidad de Almer\u00eda","article_publisher":"https:\/\/www.facebook.com\/cdeuniversidadalmeria\/","article_published_time":"2019-09-25T01:00:21+00:00","og_image":[{"width":1140,"height":370,"url":"https:\/\/www.cde.ual.es\/wp-content\/uploads\/2019\/09\/European_Researcher_and_Innovation_Days-1.png","type":"image\/png"}],"author":"BECACDE1","twitter_card":"summary_large_image","twitter_creator":"@cdeualmeria","twitter_site":"@cdeualmeria","twitter_misc":{"Written by":"BECACDE1","Est. reading time":"2 minutes"},"schema":{"@context":"https:\/\/schema.org","@graph":[{"@type":"Article","@id":"https:\/\/www.cde.ual.es\/en\/a-week-of-events-open-to-citizens-will-focus-on-future-eu-research-and-scientific-excellence\/#article","isPartOf":{"@id":"https:\/\/www.cde.ual.es\/en\/a-week-of-events-open-to-citizens-will-focus-on-future-eu-research-and-scientific-excellence\/"},"author":{"name":"BECACDE1","@id":"https:\/\/www.cde.ual.es\/#\/schema\/person\/bf2f837cf3353e2161fe1087adbd728f"},"headline":"A week of events open to citizens will focus on future EU research and scientific excellence","datePublished":"2019-09-25T01:00:21+00:00","mainEntityOfPage":{"@id":"https:\/\/www.cde.ual.es\/en\/a-week-of-events-open-to-citizens-will-focus-on-future-eu-research-and-scientific-excellence\/"},"wordCount":383,"commentCount":0,"publisher":{"@id":"https:\/\/www.cde.ual.es\/#organization"},"image":{"@id":"https:\/\/www.cde.ual.es\/en\/a-week-of-events-open-to-citizens-will-focus-on-future-eu-research-and-scientific-excellence\/#primaryimage"},"thumbnailUrl":"https:\/\/www.cde.ual.es\/wp-content\/uploads\/2019\/09\/European_Researcher_and_Innovation_Days-1.png","keywords":["European Union","Innovaci\u00f3n","innovation","Investigaci\u00f3n","Research","Uni\u00f3n Europea"],"articleSection":["EU News"],"inLanguage":"en-US","potentialAction":[{"@type":"CommentAction","name":"Comment","target":["https:\/\/www.cde.ual.es\/en\/a-week-of-events-open-to-citizens-will-focus-on-future-eu-research-and-scientific-excellence\/#respond"]}]},{"@type":"WebPage","@id":"https:\/\/www.cde.ual.es\/en\/a-week-of-events-open-to-citizens-will-focus-on-future-eu-research-and-scientific-excellence\/","url":"https:\/\/www.cde.ual.es\/en\/a-week-of-events-open-to-citizens-will-focus-on-future-eu-research-and-scientific-excellence\/","name":"A week of events open to citizens will focus on future EU research and scientific excellence | CDE Almer\u00eda - Centro de Documentaci\u00f3n Europea - Universidad de Almer\u00eda","isPartOf":{"@id":"https:\/\/www.cde.ual.es\/#website"},"primaryImageOfPage":{"@id":"https:\/\/www.cde.ual.es\/en\/a-week-of-events-open-to-citizens-will-focus-on-future-eu-research-and-scientific-excellence\/#primaryimage"},"image":{"@id":"https:\/\/www.cde.ual.es\/en\/a-week-of-events-open-to-citizens-will-focus-on-future-eu-research-and-scientific-excellence\/#primaryimage"},"thumbnailUrl":"https:\/\/www.cde.ual.es\/wp-content\/uploads\/2019\/09\/European_Researcher_and_Innovation_Days-1.png","datePublished":"2019-09-25T01:00:21+00:00","breadcrumb":{"@id":"https:\/\/www.cde.ual.es\/en\/a-week-of-events-open-to-citizens-will-focus-on-future-eu-research-and-scientific-excellence\/#breadcrumb"},"inLanguage":"en-US","potentialAction":[{"@type":"ReadAction","target":["https:\/\/www.cde.ual.es\/en\/a-week-of-events-open-to-citizens-will-focus-on-future-eu-research-and-scientific-excellence\/"]}]},{"@type":"ImageObject","inLanguage":"en-US","@id":"https:\/\/www.cde.ual.es\/en\/a-week-of-events-open-to-citizens-will-focus-on-future-eu-research-and-scientific-excellence\/#primaryimage","url":"https:\/\/www.cde.ual.es\/wp-content\/uploads\/2019\/09\/European_Researcher_and_Innovation_Days-1.png","contentUrl":"https:\/\/www.cde.ual.es\/wp-content\/uploads\/2019\/09\/European_Researcher_and_Innovation_Days-1.png","width":1140,"height":370},{"@type":"BreadcrumbList","@id":"https:\/\/www.cde.ual.es\/en\/a-week-of-events-open-to-citizens-will-focus-on-future-eu-research-and-scientific-excellence\/#breadcrumb","itemListElement":[{"@type":"ListItem","position":1,"name":"Inicio","item":"https:\/\/www.cde.ual.es\/en\/"},{"@type":"ListItem","position":2,"name":"EU News","item":"https:\/\/www.cde.ual.es\/en\/category\/eu-news\/"},{"@type":"ListItem","position":3,"name":"A week of events open to citizens will focus on future EU research and scientific excellence"}]},{"@type":"WebSite","@id":"https:\/\/www.cde.ual.es\/#website","url":"https:\/\/www.cde.ual.es\/","name":"CDE Almer\u00eda - Centro de Documentaci\u00f3n Europea - Universidad de Almer\u00eda","description":"Centro de Documentaci\u00f3n Europea de la Universidad de Almer\u00eda","publisher":{"@id":"https:\/\/www.cde.ual.es\/#organization"},"alternateName":"CDE Almer\u00eda","potentialAction":[{"@type":"SearchAction","target":{"@type":"EntryPoint","urlTemplate":"https:\/\/www.cde.ual.es\/?s={search_term_string}"},"query-input":{"@type":"PropertyValueSpecification","valueRequired":true,"valueName":"search_term_string"}}],"inLanguage":"en-US"},{"@type":"Organization","@id":"https:\/\/www.cde.ual.es\/#organization","name":"Centro de Documentaci\u00f3n Europea de Almer\u00eda","url":"https:\/\/www.cde.ual.es\/","logo":{"@type":"ImageObject","inLanguage":"en-US","@id":"https:\/\/www.cde.ual.es\/#\/schema\/logo\/image\/","url":"https:\/\/www.cde.ual.es\/wp-content\/uploads\/2025\/07\/cde-logo-3.png","contentUrl":"https:\/\/www.cde.ual.es\/wp-content\/uploads\/2025\/07\/cde-logo-3.png","width":1400,"height":300,"caption":"Centro de Documentaci\u00f3n Europea de Almer\u00eda"},"image":{"@id":"https:\/\/www.cde.ual.es\/#\/schema\/logo\/image\/"},"sameAs":["https:\/\/www.facebook.com\/cdeuniversidadalmeria\/","https:\/\/x.com\/cdeualmeria","https:\/\/www.tiktok.com\/@cdealmeria","https:\/\/www.instagram.com\/cdealmeria\/","https:\/\/www.linkedin.com\/in\/cde-almera-812b26a9\/"]},{"@type":"Person","@id":"https:\/\/www.cde.ual.es\/#\/schema\/person\/bf2f837cf3353e2161fe1087adbd728f","name":"BECACDE1","image":{"@type":"ImageObject","inLanguage":"en-US","@id":"https:\/\/secure.gravatar.com\/avatar\/16a4c1e422b5dec818ee13eab3353b19db9cfd278cc10f9b0e1188a37671d9d4?s=96&d=mm&r=g","url":"https:\/\/secure.gravatar.com\/avatar\/16a4c1e422b5dec818ee13eab3353b19db9cfd278cc10f9b0e1188a37671d9d4?s=96&d=mm&r=g","contentUrl":"https:\/\/secure.gravatar.com\/avatar\/16a4c1e422b5dec818ee13eab3353b19db9cfd278cc10f9b0e1188a37671d9d4?s=96&d=mm&r=g","caption":"BECACDE1"},"sameAs":["http:\/\/www.cdealmeria.com"]}]}},"_links":{"self":[{"href":"https:\/\/www.cde.ual.es\/en\/wp-json\/wp\/v2\/posts\/26138","targetHints":{"allow":["GET"]}}],"collection":[{"href":"https:\/\/www.cde.ual.es\/en\/wp-json\/wp\/v2\/posts"}],"about":[{"href":"https:\/\/www.cde.ual.es\/en\/wp-json\/wp\/v2\/types\/post"}],"author":[{"embeddable":true,"href":"https:\/\/www.cde.ual.es\/en\/wp-json\/wp\/v2\/users\/101012"}],"replies":[{"embeddable":true,"href":"https:\/\/www.cde.ual.es\/en\/wp-json\/wp\/v2\/comments?post=26138"}],"version-history":[{"count":0,"href":"https:\/\/www.cde.ual.es\/en\/wp-json\/wp\/v2\/posts\/26138\/revisions"}],"wp:featuredmedia":[{"embeddable":true,"href":"https:\/\/www.cde.ual.es\/en\/wp-json\/wp\/v2\/media\/26134"}],"wp:attachment":[{"href":"https:\/\/www.cde.ual.es\/en\/wp-json\/wp\/v2\/media?parent=26138"}],"wp:term":[{"taxonomy":"category","embeddable":true,"href":"https:\/\/www.cde.ual.es\/en\/wp-json\/wp\/v2\/categories?post=26138"},{"taxonomy":"post_tag","embeddable":true,"href":"https:\/\/www.cde.ual.es\/en\/wp-json\/wp\/v2\/tags?post=26138"}],"curies":[{"name":"wp","href":"https:\/\/api.w.org\/{rel}","templated":true}]}}