{"id":25906,"date":"2019-09-20T03:00:53","date_gmt":"2019-09-20T01:00:53","guid":{"rendered":"https:\/\/www.cde.ual.es\/?p=25906"},"modified":"2019-09-19T12:08:18","modified_gmt":"2019-09-19T10:08:18","slug":"tenure-eligible-lecturer-position-in-didactics-of-language-and-literature-at-the-university-of-barcelona-ub","status":"publish","type":"post","link":"https:\/\/www.cde.ual.es\/en\/tenure-eligible-lecturer-position-in-didactics-of-language-and-literature-at-the-university-of-barcelona-ub\/","title":{"rendered":"Tenure-eligible lecturer position in Didactics of Language and Literature at the University of Barcelona (UB)"},"content":{"rendered":"<p style=\"text-align: center;\"><a href=\"https:\/\/www.cde.ual.es\/wp-content\/uploads\/2019\/09\/Serra-Hunter.jpg\"><img decoding=\"async\" class=\"size-medium wp-image-25903 aligncenter\" src=\"https:\/\/www.cde.ual.es\/wp-content\/uploads\/2019\/09\/Serra-Hunter-300x178.jpg\" alt=\"\" width=\"300\" height=\"178\" srcset=\"https:\/\/www.cde.ual.es\/wp-content\/uploads\/2019\/09\/Serra-Hunter-300x178.jpg 300w, https:\/\/www.cde.ual.es\/wp-content\/uploads\/2019\/09\/Serra-Hunter.jpg 680w\" sizes=\"(max-width: 300px) 100vw, 300px\" \/><\/a><\/p>\n<p><em><strong>The Serra H\u00fanter Programme (SHP) is offering\u00a0110 contracts as tenure-eligible lecturer and 2 as associate professor\u00a0in different fields of study at the public universities of Catalonia (Spain).<\/strong><\/em><\/p>\n<p>Successful candidates will be hired by the university offering the position and are expected to cooperate with existing groups and\/or develop new lines of research, complementary to those already in place. Please note that these positions also entail teaching obligations.<\/p>\n<h3>Requirements<\/h3>\n<p>In order to participate,\u00a0<strong>candidates must hold a PhD and have an excellent research and teaching record<\/strong>. For a complete list of available positions, please check the section Second call for applications 2019 of our website.<\/p>\n<h3 class=\"field-label\">Benefits<\/h3>\n<div class=\"longtext field-benefits\">\n<p>A\u00a0<strong>fixed-term full-time contract is offered for a period of up to five years<\/strong>. This category is the entry point to a teaching career. At the end of the contract, the university undertakes a process to open a permanent position as associate professor provided that the candidate passes a positive evaluation. Salaries will be set according to Catalan university regulations. The annual starting salary for a lecturer is currently 34021.03 euros, before taxes. Lecturers may receive salary supplements for teaching and research merits provided they receive positive assessment. In addition to salary, contracts include health, retirement and unemployment benefits.<\/p>\n<h3>Dead line<\/h3>\n<p>30 September 2019<\/p>\n<h3>More information<\/h3>\n<p><a href=\"https:\/\/euraxess.ec.europa.eu\/jobs\/435793\">Euraxess<\/a><\/p>\n<p><a href=\"http:\/\/serrahunter.gencat.cat\/en\/inici\/index.html\">SerraHunter<\/a><\/p>\n<p>&nbsp;<\/p>\n<\/div>\n","protected":false},"excerpt":{"rendered":"<p>The Serra H\u00fanter Programme (SHP) is offering\u00a0110 contracts as tenure-eligible lecturer and 2 as associate professor\u00a0in different fields of study at the public universities of Catalonia (Spain). Successful candidates will be hired by the university offering the position and are expected to cooperate with existing groups and\/or develop new lines of research, complementary to those [&hellip;]<\/p>\n","protected":false},"author":1,"featured_media":25903,"comment_status":"open","ping_status":"open","sticky":false,"template":"","format":"standard","meta":{"_acf_changed":false,"_relevanssi_hide_post":"","_relevanssi_hide_content":"","_relevanssi_pin_for_all":"","_relevanssi_pin_keywords":"","_relevanssi_unpin_keywords":"","_relevanssi_related_keywords":"","_relevanssi_related_include_ids":"","_relevanssi_related_exclude_ids":"","_relevanssi_related_no_append":"","_relevanssi_related_not_related":"","_relevanssi_related_posts":"","_relevanssi_noindex_reason":"","_monsterinsights_skip_tracking":false,"_monsterinsights_sitenote_active":false,"_monsterinsights_sitenote_note":"","_monsterinsights_sitenote_category":0,"_genesis_hide_title":false,"_genesis_hide_breadcrumbs":false,"_genesis_hide_singular_image":false,"_genesis_hide_footer_widgets":false,"_genesis_custom_body_class":"","_genesis_custom_post_class":"","_genesis_layout":"","footnotes":""},"categories":[366],"tags":[352,493,539],"class_list":{"0":"post-25906","1":"post","2":"type-post","3":"status-publish","4":"format-standard","5":"has-post-thumbnail","7":"category-eu-calls-and-awards","8":"tag-cultura-educacion-en","9":"tag-culture-and-education","10":"tag-higher-education","11":"entry"},"acf":[],"yoast_head":"<!-- This site is optimized with the Yoast SEO plugin v27.4 - https:\/\/yoast.com\/product\/yoast-seo-wordpress\/ -->\n<title>Tenure-eligible lecturer position in Didactics of Language and Literature at the University of Barcelona (UB) | CDE Almer\u00eda - Centro de Documentaci\u00f3n Europea - Universidad de Almer\u00eda<\/title>\n<meta name=\"robots\" content=\"index, follow, max-snippet:-1, max-image-preview:large, max-video-preview:-1\" \/>\n<link rel=\"canonical\" href=\"https:\/\/www.cde.ual.es\/en\/tenure-eligible-lecturer-position-in-didactics-of-language-and-literature-at-the-university-of-barcelona-ub\/\" \/>\n<meta property=\"og:locale\" content=\"en_US\" \/>\n<meta property=\"og:type\" content=\"article\" \/>\n<meta property=\"og:title\" content=\"Tenure-eligible lecturer position in Didactics of Language and Literature at the University of Barcelona (UB) | CDE Almer\u00eda - Centro de Documentaci\u00f3n Europea - Universidad de Almer\u00eda\" \/>\n<meta property=\"og:description\" content=\"The Serra H\u00fanter Programme (SHP) is offering\u00a0110 contracts as tenure-eligible lecturer and 2 as associate professor\u00a0in different fields of study at the public universities of Catalonia (Spain). Successful candidates will be hired by the university offering the position and are expected to cooperate with existing groups and\/or develop new lines of research, complementary to those [&hellip;]\" \/>\n<meta property=\"og:url\" content=\"https:\/\/www.cde.ual.es\/en\/tenure-eligible-lecturer-position-in-didactics-of-language-and-literature-at-the-university-of-barcelona-ub\/\" \/>\n<meta property=\"og:site_name\" content=\"CDE Almer\u00eda - Centro de Documentaci\u00f3n Europea - Universidad de Almer\u00eda\" \/>\n<meta property=\"article:publisher\" content=\"https:\/\/www.facebook.com\/cdeuniversidadalmeria\/\" \/>\n<meta property=\"article:published_time\" content=\"2019-09-20T01:00:53+00:00\" \/>\n<meta property=\"og:image\" content=\"https:\/\/www.cde.ual.es\/wp-content\/uploads\/2019\/09\/Serra-Hunter.jpg\" \/>\n\t<meta property=\"og:image:width\" content=\"680\" \/>\n\t<meta property=\"og:image:height\" content=\"404\" \/>\n\t<meta property=\"og:image:type\" content=\"image\/jpeg\" \/>\n<meta name=\"author\" content=\"AdminCDE\" \/>\n<meta name=\"twitter:card\" content=\"summary_large_image\" \/>\n<meta name=\"twitter:creator\" content=\"@cdeualmeria\" \/>\n<meta name=\"twitter:site\" content=\"@cdeualmeria\" \/>\n<meta name=\"twitter:label1\" content=\"Written by\" \/>\n\t<meta name=\"twitter:data1\" content=\"AdminCDE\" \/>\n\t<meta name=\"twitter:label2\" content=\"Est. reading time\" \/>\n\t<meta name=\"twitter:data2\" content=\"1 minute\" \/>\n<script type=\"application\/ld+json\" class=\"yoast-schema-graph\">{\"@context\":\"https:\\\/\\\/schema.org\",\"@graph\":[{\"@type\":\"Article\",\"@id\":\"https:\\\/\\\/www.cde.ual.es\\\/en\\\/tenure-eligible-lecturer-position-in-didactics-of-language-and-literature-at-the-university-of-barcelona-ub\\\/#article\",\"isPartOf\":{\"@id\":\"https:\\\/\\\/www.cde.ual.es\\\/en\\\/tenure-eligible-lecturer-position-in-didactics-of-language-and-literature-at-the-university-of-barcelona-ub\\\/\"},\"author\":{\"name\":\"AdminCDE\",\"@id\":\"https:\\\/\\\/www.cde.ual.es\\\/#\\\/schema\\\/person\\\/224ef08c8bcc005f319d2713ce37ee5f\"},\"headline\":\"Tenure-eligible lecturer position in Didactics of Language and Literature at the University of Barcelona (UB)\",\"datePublished\":\"2019-09-20T01:00:53+00:00\",\"mainEntityOfPage\":{\"@id\":\"https:\\\/\\\/www.cde.ual.es\\\/en\\\/tenure-eligible-lecturer-position-in-didactics-of-language-and-literature-at-the-university-of-barcelona-ub\\\/\"},\"wordCount\":227,\"commentCount\":0,\"publisher\":{\"@id\":\"https:\\\/\\\/www.cde.ual.es\\\/#organization\"},\"image\":{\"@id\":\"https:\\\/\\\/www.cde.ual.es\\\/en\\\/tenure-eligible-lecturer-position-in-didactics-of-language-and-literature-at-the-university-of-barcelona-ub\\\/#primaryimage\"},\"thumbnailUrl\":\"https:\\\/\\\/www.cde.ual.es\\\/wp-content\\\/uploads\\\/2019\\\/09\\\/Serra-Hunter.jpg\",\"keywords\":[\"Cultura y Educaci\u00f3n\",\"Culture and Education\",\"Higher Education\"],\"articleSection\":[\"EU Calls and Awards\"],\"inLanguage\":\"en-US\",\"potentialAction\":[{\"@type\":\"CommentAction\",\"name\":\"Comment\",\"target\":[\"https:\\\/\\\/www.cde.ual.es\\\/en\\\/tenure-eligible-lecturer-position-in-didactics-of-language-and-literature-at-the-university-of-barcelona-ub\\\/#respond\"]}]},{\"@type\":\"WebPage\",\"@id\":\"https:\\\/\\\/www.cde.ual.es\\\/en\\\/tenure-eligible-lecturer-position-in-didactics-of-language-and-literature-at-the-university-of-barcelona-ub\\\/\",\"url\":\"https:\\\/\\\/www.cde.ual.es\\\/en\\\/tenure-eligible-lecturer-position-in-didactics-of-language-and-literature-at-the-university-of-barcelona-ub\\\/\",\"name\":\"Tenure-eligible lecturer position in Didactics of Language and Literature at the University of Barcelona (UB) | CDE Almer\u00eda - Centro de Documentaci\u00f3n Europea - Universidad de Almer\u00eda\",\"isPartOf\":{\"@id\":\"https:\\\/\\\/www.cde.ual.es\\\/#website\"},\"primaryImageOfPage\":{\"@id\":\"https:\\\/\\\/www.cde.ual.es\\\/en\\\/tenure-eligible-lecturer-position-in-didactics-of-language-and-literature-at-the-university-of-barcelona-ub\\\/#primaryimage\"},\"image\":{\"@id\":\"https:\\\/\\\/www.cde.ual.es\\\/en\\\/tenure-eligible-lecturer-position-in-didactics-of-language-and-literature-at-the-university-of-barcelona-ub\\\/#primaryimage\"},\"thumbnailUrl\":\"https:\\\/\\\/www.cde.ual.es\\\/wp-content\\\/uploads\\\/2019\\\/09\\\/Serra-Hunter.jpg\",\"datePublished\":\"2019-09-20T01:00:53+00:00\",\"breadcrumb\":{\"@id\":\"https:\\\/\\\/www.cde.ual.es\\\/en\\\/tenure-eligible-lecturer-position-in-didactics-of-language-and-literature-at-the-university-of-barcelona-ub\\\/#breadcrumb\"},\"inLanguage\":\"en-US\",\"potentialAction\":[{\"@type\":\"ReadAction\",\"target\":[\"https:\\\/\\\/www.cde.ual.es\\\/en\\\/tenure-eligible-lecturer-position-in-didactics-of-language-and-literature-at-the-university-of-barcelona-ub\\\/\"]}]},{\"@type\":\"ImageObject\",\"inLanguage\":\"en-US\",\"@id\":\"https:\\\/\\\/www.cde.ual.es\\\/en\\\/tenure-eligible-lecturer-position-in-didactics-of-language-and-literature-at-the-university-of-barcelona-ub\\\/#primaryimage\",\"url\":\"https:\\\/\\\/www.cde.ual.es\\\/wp-content\\\/uploads\\\/2019\\\/09\\\/Serra-Hunter.jpg\",\"contentUrl\":\"https:\\\/\\\/www.cde.ual.es\\\/wp-content\\\/uploads\\\/2019\\\/09\\\/Serra-Hunter.jpg\",\"width\":680,\"height\":404},{\"@type\":\"BreadcrumbList\",\"@id\":\"https:\\\/\\\/www.cde.ual.es\\\/en\\\/tenure-eligible-lecturer-position-in-didactics-of-language-and-literature-at-the-university-of-barcelona-ub\\\/#breadcrumb\",\"itemListElement\":[{\"@type\":\"ListItem\",\"position\":1,\"name\":\"Inicio\",\"item\":\"https:\\\/\\\/www.cde.ual.es\\\/en\\\/\"},{\"@type\":\"ListItem\",\"position\":2,\"name\":\"EU Calls and Awards\",\"item\":\"https:\\\/\\\/www.cde.ual.es\\\/en\\\/category\\\/eu-calls-and-awards\\\/\"},{\"@type\":\"ListItem\",\"position\":3,\"name\":\"Tenure-eligible lecturer position in Didactics of Language and Literature at the University of Barcelona (UB)\"}]},{\"@type\":\"WebSite\",\"@id\":\"https:\\\/\\\/www.cde.ual.es\\\/#website\",\"url\":\"https:\\\/\\\/www.cde.ual.es\\\/\",\"name\":\"CDE Almer\u00eda - Centro de Documentaci\u00f3n Europea - Universidad de Almer\u00eda\",\"description\":\"Centro de Documentaci\u00f3n Europea de la Universidad de Almer\u00eda\",\"publisher\":{\"@id\":\"https:\\\/\\\/www.cde.ual.es\\\/#organization\"},\"alternateName\":\"CDE Almer\u00eda\",\"potentialAction\":[{\"@type\":\"SearchAction\",\"target\":{\"@type\":\"EntryPoint\",\"urlTemplate\":\"https:\\\/\\\/www.cde.ual.es\\\/?s={search_term_string}\"},\"query-input\":{\"@type\":\"PropertyValueSpecification\",\"valueRequired\":true,\"valueName\":\"search_term_string\"}}],\"inLanguage\":\"en-US\"},{\"@type\":\"Organization\",\"@id\":\"https:\\\/\\\/www.cde.ual.es\\\/#organization\",\"name\":\"Centro de Documentaci\u00f3n Europea de Almer\u00eda\",\"url\":\"https:\\\/\\\/www.cde.ual.es\\\/\",\"logo\":{\"@type\":\"ImageObject\",\"inLanguage\":\"en-US\",\"@id\":\"https:\\\/\\\/www.cde.ual.es\\\/#\\\/schema\\\/logo\\\/image\\\/\",\"url\":\"https:\\\/\\\/www.cde.ual.es\\\/wp-content\\\/uploads\\\/2025\\\/07\\\/cde-logo-3.png\",\"contentUrl\":\"https:\\\/\\\/www.cde.ual.es\\\/wp-content\\\/uploads\\\/2025\\\/07\\\/cde-logo-3.png\",\"width\":1400,\"height\":300,\"caption\":\"Centro de Documentaci\u00f3n Europea de Almer\u00eda\"},\"image\":{\"@id\":\"https:\\\/\\\/www.cde.ual.es\\\/#\\\/schema\\\/logo\\\/image\\\/\"},\"sameAs\":[\"https:\\\/\\\/www.facebook.com\\\/cdeuniversidadalmeria\\\/\",\"https:\\\/\\\/x.com\\\/cdeualmeria\",\"https:\\\/\\\/www.tiktok.com\\\/@cdealmeria\",\"https:\\\/\\\/www.instagram.com\\\/cdealmeria\\\/\",\"https:\\\/\\\/www.linkedin.com\\\/in\\\/cde-almera-812b26a9\\\/\"]},{\"@type\":\"Person\",\"@id\":\"https:\\\/\\\/www.cde.ual.es\\\/#\\\/schema\\\/person\\\/224ef08c8bcc005f319d2713ce37ee5f\",\"name\":\"AdminCDE\",\"image\":{\"@type\":\"ImageObject\",\"inLanguage\":\"en-US\",\"@id\":\"https:\\\/\\\/secure.gravatar.com\\\/avatar\\\/a72d038d371f995cd13706fac32274b7952a52e8fb0a84b5f80c85426f2a98a8?s=96&d=mm&r=g\",\"url\":\"https:\\\/\\\/secure.gravatar.com\\\/avatar\\\/a72d038d371f995cd13706fac32274b7952a52e8fb0a84b5f80c85426f2a98a8?s=96&d=mm&r=g\",\"contentUrl\":\"https:\\\/\\\/secure.gravatar.com\\\/avatar\\\/a72d038d371f995cd13706fac32274b7952a52e8fb0a84b5f80c85426f2a98a8?s=96&d=mm&r=g\",\"caption\":\"AdminCDE\"}}]}<\/script>\n<!-- \/ Yoast SEO plugin. -->","yoast_head_json":{"title":"Tenure-eligible lecturer position in Didactics of Language and Literature at the University of Barcelona (UB) | CDE Almer\u00eda - Centro de Documentaci\u00f3n Europea - Universidad de Almer\u00eda","robots":{"index":"index","follow":"follow","max-snippet":"max-snippet:-1","max-image-preview":"max-image-preview:large","max-video-preview":"max-video-preview:-1"},"canonical":"https:\/\/www.cde.ual.es\/en\/tenure-eligible-lecturer-position-in-didactics-of-language-and-literature-at-the-university-of-barcelona-ub\/","og_locale":"en_US","og_type":"article","og_title":"Tenure-eligible lecturer position in Didactics of Language and Literature at the University of Barcelona (UB) | CDE Almer\u00eda - Centro de Documentaci\u00f3n Europea - Universidad de Almer\u00eda","og_description":"The Serra H\u00fanter Programme (SHP) is offering\u00a0110 contracts as tenure-eligible lecturer and 2 as associate professor\u00a0in different fields of study at the public universities of Catalonia (Spain). Successful candidates will be hired by the university offering the position and are expected to cooperate with existing groups and\/or develop new lines of research, complementary to those [&hellip;]","og_url":"https:\/\/www.cde.ual.es\/en\/tenure-eligible-lecturer-position-in-didactics-of-language-and-literature-at-the-university-of-barcelona-ub\/","og_site_name":"CDE Almer\u00eda - Centro de Documentaci\u00f3n Europea - Universidad de Almer\u00eda","article_publisher":"https:\/\/www.facebook.com\/cdeuniversidadalmeria\/","article_published_time":"2019-09-20T01:00:53+00:00","og_image":[{"width":680,"height":404,"url":"https:\/\/www.cde.ual.es\/wp-content\/uploads\/2019\/09\/Serra-Hunter.jpg","type":"image\/jpeg"}],"author":"AdminCDE","twitter_card":"summary_large_image","twitter_creator":"@cdeualmeria","twitter_site":"@cdeualmeria","twitter_misc":{"Written by":"AdminCDE","Est. reading time":"1 minute"},"schema":{"@context":"https:\/\/schema.org","@graph":[{"@type":"Article","@id":"https:\/\/www.cde.ual.es\/en\/tenure-eligible-lecturer-position-in-didactics-of-language-and-literature-at-the-university-of-barcelona-ub\/#article","isPartOf":{"@id":"https:\/\/www.cde.ual.es\/en\/tenure-eligible-lecturer-position-in-didactics-of-language-and-literature-at-the-university-of-barcelona-ub\/"},"author":{"name":"AdminCDE","@id":"https:\/\/www.cde.ual.es\/#\/schema\/person\/224ef08c8bcc005f319d2713ce37ee5f"},"headline":"Tenure-eligible lecturer position in Didactics of Language and Literature at the University of Barcelona (UB)","datePublished":"2019-09-20T01:00:53+00:00","mainEntityOfPage":{"@id":"https:\/\/www.cde.ual.es\/en\/tenure-eligible-lecturer-position-in-didactics-of-language-and-literature-at-the-university-of-barcelona-ub\/"},"wordCount":227,"commentCount":0,"publisher":{"@id":"https:\/\/www.cde.ual.es\/#organization"},"image":{"@id":"https:\/\/www.cde.ual.es\/en\/tenure-eligible-lecturer-position-in-didactics-of-language-and-literature-at-the-university-of-barcelona-ub\/#primaryimage"},"thumbnailUrl":"https:\/\/www.cde.ual.es\/wp-content\/uploads\/2019\/09\/Serra-Hunter.jpg","keywords":["Cultura y Educaci\u00f3n","Culture and Education","Higher Education"],"articleSection":["EU Calls and Awards"],"inLanguage":"en-US","potentialAction":[{"@type":"CommentAction","name":"Comment","target":["https:\/\/www.cde.ual.es\/en\/tenure-eligible-lecturer-position-in-didactics-of-language-and-literature-at-the-university-of-barcelona-ub\/#respond"]}]},{"@type":"WebPage","@id":"https:\/\/www.cde.ual.es\/en\/tenure-eligible-lecturer-position-in-didactics-of-language-and-literature-at-the-university-of-barcelona-ub\/","url":"https:\/\/www.cde.ual.es\/en\/tenure-eligible-lecturer-position-in-didactics-of-language-and-literature-at-the-university-of-barcelona-ub\/","name":"Tenure-eligible lecturer position in Didactics of Language and Literature at the University of Barcelona (UB) | CDE Almer\u00eda - Centro de Documentaci\u00f3n Europea - Universidad de Almer\u00eda","isPartOf":{"@id":"https:\/\/www.cde.ual.es\/#website"},"primaryImageOfPage":{"@id":"https:\/\/www.cde.ual.es\/en\/tenure-eligible-lecturer-position-in-didactics-of-language-and-literature-at-the-university-of-barcelona-ub\/#primaryimage"},"image":{"@id":"https:\/\/www.cde.ual.es\/en\/tenure-eligible-lecturer-position-in-didactics-of-language-and-literature-at-the-university-of-barcelona-ub\/#primaryimage"},"thumbnailUrl":"https:\/\/www.cde.ual.es\/wp-content\/uploads\/2019\/09\/Serra-Hunter.jpg","datePublished":"2019-09-20T01:00:53+00:00","breadcrumb":{"@id":"https:\/\/www.cde.ual.es\/en\/tenure-eligible-lecturer-position-in-didactics-of-language-and-literature-at-the-university-of-barcelona-ub\/#breadcrumb"},"inLanguage":"en-US","potentialAction":[{"@type":"ReadAction","target":["https:\/\/www.cde.ual.es\/en\/tenure-eligible-lecturer-position-in-didactics-of-language-and-literature-at-the-university-of-barcelona-ub\/"]}]},{"@type":"ImageObject","inLanguage":"en-US","@id":"https:\/\/www.cde.ual.es\/en\/tenure-eligible-lecturer-position-in-didactics-of-language-and-literature-at-the-university-of-barcelona-ub\/#primaryimage","url":"https:\/\/www.cde.ual.es\/wp-content\/uploads\/2019\/09\/Serra-Hunter.jpg","contentUrl":"https:\/\/www.cde.ual.es\/wp-content\/uploads\/2019\/09\/Serra-Hunter.jpg","width":680,"height":404},{"@type":"BreadcrumbList","@id":"https:\/\/www.cde.ual.es\/en\/tenure-eligible-lecturer-position-in-didactics-of-language-and-literature-at-the-university-of-barcelona-ub\/#breadcrumb","itemListElement":[{"@type":"ListItem","position":1,"name":"Inicio","item":"https:\/\/www.cde.ual.es\/en\/"},{"@type":"ListItem","position":2,"name":"EU Calls and Awards","item":"https:\/\/www.cde.ual.es\/en\/category\/eu-calls-and-awards\/"},{"@type":"ListItem","position":3,"name":"Tenure-eligible lecturer position in Didactics of Language and Literature at the University of Barcelona (UB)"}]},{"@type":"WebSite","@id":"https:\/\/www.cde.ual.es\/#website","url":"https:\/\/www.cde.ual.es\/","name":"CDE Almer\u00eda - Centro de Documentaci\u00f3n Europea - Universidad de Almer\u00eda","description":"Centro de Documentaci\u00f3n Europea de la Universidad de Almer\u00eda","publisher":{"@id":"https:\/\/www.cde.ual.es\/#organization"},"alternateName":"CDE Almer\u00eda","potentialAction":[{"@type":"SearchAction","target":{"@type":"EntryPoint","urlTemplate":"https:\/\/www.cde.ual.es\/?s={search_term_string}"},"query-input":{"@type":"PropertyValueSpecification","valueRequired":true,"valueName":"search_term_string"}}],"inLanguage":"en-US"},{"@type":"Organization","@id":"https:\/\/www.cde.ual.es\/#organization","name":"Centro de Documentaci\u00f3n Europea de Almer\u00eda","url":"https:\/\/www.cde.ual.es\/","logo":{"@type":"ImageObject","inLanguage":"en-US","@id":"https:\/\/www.cde.ual.es\/#\/schema\/logo\/image\/","url":"https:\/\/www.cde.ual.es\/wp-content\/uploads\/2025\/07\/cde-logo-3.png","contentUrl":"https:\/\/www.cde.ual.es\/wp-content\/uploads\/2025\/07\/cde-logo-3.png","width":1400,"height":300,"caption":"Centro de Documentaci\u00f3n Europea de Almer\u00eda"},"image":{"@id":"https:\/\/www.cde.ual.es\/#\/schema\/logo\/image\/"},"sameAs":["https:\/\/www.facebook.com\/cdeuniversidadalmeria\/","https:\/\/x.com\/cdeualmeria","https:\/\/www.tiktok.com\/@cdealmeria","https:\/\/www.instagram.com\/cdealmeria\/","https:\/\/www.linkedin.com\/in\/cde-almera-812b26a9\/"]},{"@type":"Person","@id":"https:\/\/www.cde.ual.es\/#\/schema\/person\/224ef08c8bcc005f319d2713ce37ee5f","name":"AdminCDE","image":{"@type":"ImageObject","inLanguage":"en-US","@id":"https:\/\/secure.gravatar.com\/avatar\/a72d038d371f995cd13706fac32274b7952a52e8fb0a84b5f80c85426f2a98a8?s=96&d=mm&r=g","url":"https:\/\/secure.gravatar.com\/avatar\/a72d038d371f995cd13706fac32274b7952a52e8fb0a84b5f80c85426f2a98a8?s=96&d=mm&r=g","contentUrl":"https:\/\/secure.gravatar.com\/avatar\/a72d038d371f995cd13706fac32274b7952a52e8fb0a84b5f80c85426f2a98a8?s=96&d=mm&r=g","caption":"AdminCDE"}}]}},"_links":{"self":[{"href":"https:\/\/www.cde.ual.es\/en\/wp-json\/wp\/v2\/posts\/25906","targetHints":{"allow":["GET"]}}],"collection":[{"href":"https:\/\/www.cde.ual.es\/en\/wp-json\/wp\/v2\/posts"}],"about":[{"href":"https:\/\/www.cde.ual.es\/en\/wp-json\/wp\/v2\/types\/post"}],"author":[{"embeddable":true,"href":"https:\/\/www.cde.ual.es\/en\/wp-json\/wp\/v2\/users\/1"}],"replies":[{"embeddable":true,"href":"https:\/\/www.cde.ual.es\/en\/wp-json\/wp\/v2\/comments?post=25906"}],"version-history":[{"count":0,"href":"https:\/\/www.cde.ual.es\/en\/wp-json\/wp\/v2\/posts\/25906\/revisions"}],"wp:featuredmedia":[{"embeddable":true,"href":"https:\/\/www.cde.ual.es\/en\/wp-json\/wp\/v2\/media\/25903"}],"wp:attachment":[{"href":"https:\/\/www.cde.ual.es\/en\/wp-json\/wp\/v2\/media?parent=25906"}],"wp:term":[{"taxonomy":"category","embeddable":true,"href":"https:\/\/www.cde.ual.es\/en\/wp-json\/wp\/v2\/categories?post=25906"},{"taxonomy":"post_tag","embeddable":true,"href":"https:\/\/www.cde.ual.es\/en\/wp-json\/wp\/v2\/tags?post=25906"}],"curies":[{"name":"wp","href":"https:\/\/api.w.org\/{rel}","templated":true}]}}