{"id":25106,"date":"2019-09-10T14:58:34","date_gmt":"2019-09-10T12:58:34","guid":{"rendered":"https:\/\/www.cde.ual.es\/?p=25106"},"modified":"2019-09-10T14:59:19","modified_gmt":"2019-09-10T12:59:19","slug":"the-von-der-leyen-commission-for-a-union-that-strives-for-more","status":"publish","type":"post","link":"https:\/\/www.cde.ual.es\/en\/the-von-der-leyen-commission-for-a-union-that-strives-for-more\/","title":{"rendered":"The von der Leyen Commission: for a Union that strives for more"},"content":{"rendered":"<p><strong><em>Today, President-elect Ursula von der Leyen presented her team and the new structure of the next European Commission. The new Commission will reflect the priorities and ambitions set out in the Political Guidelines. The Commission is structured around the objectives President-elect von der Leyen was elected on by the European Parliament.<\/em><\/strong><\/p>\n<p><a href=\"https:\/\/www.cde.ual.es\/wp-content\/uploads\/2017\/12\/ursula-von-der-leyen.png\"><img decoding=\"async\" class=\"size-medium wp-image-22182 aligncenter\" src=\"https:\/\/www.cde.ual.es\/wp-content\/uploads\/2017\/12\/ursula-von-der-leyen-300x199.png\" alt=\"\" width=\"300\" height=\"199\" srcset=\"https:\/\/www.cde.ual.es\/wp-content\/uploads\/2017\/12\/ursula-von-der-leyen-300x199.png 300w, https:\/\/www.cde.ual.es\/wp-content\/uploads\/2017\/12\/ursula-von-der-leyen-768x508.png 768w, https:\/\/www.cde.ual.es\/wp-content\/uploads\/2017\/12\/ursula-von-der-leyen-1024x678.png 1024w, https:\/\/www.cde.ual.es\/wp-content\/uploads\/2017\/12\/ursula-von-der-leyen.png 1458w\" sizes=\"(max-width: 300px) 100vw, 300px\" \/><\/a><\/p>\n<p>At the heart of our work is the need to address the changes in climate, technology and demography that are transforming our societies and way of life. Existing powers are going down new paths alone. New powers are emerging and consolidating. This has left a feeling of unease and anxiety in many communities across Europe. The EU must lead the transition to a healthy planet and a new digital world. But it can only do so by bringing people together and upgrading our unique social market economy to fit today&#8217;s new ambitions.<\/p>\n<h2>A new structure, tailored to what we want to achieve<\/h2>\n<p>The new College will have eight Vice-Presidents, including the High-Representative of the Union for Foreign Policy and Security Policy (Josep Borrell). The Vice-Presidents are responsible for the top priorities in the Political Guidelines. They will steer our work on the most important overarching issues, such as the European Green Deal, a Europe fit for the digital age, an economy that works for people, protecting our European way of life, a stronger Europe in the world and a new push for European democracy. The Commissioners are at the centre of the structure of the new College. They will manage the expertise provided by the Directorates-General.<\/p>\n<p>Three Executive Vice-Presidents will have a double function. They will be both Vice-President responsible for one of three core topics of the President-elect&#8217;s agenda and Commissioners.<\/p>\n<ul>\n<li>Executive Vice-President <strong>Frans Timmermans<\/strong> (Netherlands) will coordinate the work on the<em> European Green Deal<\/em>. He will also manage climate action policy, supported by the Directorate-General for <em>Climate Action.<\/em><\/li>\n<li>Executive Vice-President<strong> Margrethe Vestager<\/strong> (Denmark) will coordinate our whole agenda on a Europe fit for the<em> digital age and be the Commissioner for Competition<\/em>, supported by the Directorate-General for Competition.<\/li>\n<li>Executive Vice-President <strong>Valdis Dombrovskis<\/strong> (Latvia) will coordinate the work on an <em>Economy that Works for People<\/em> and be the Commissioner for<em> financial services<\/em>, supported by the Directorate-General for Financial Stability, Financial Services and Capital Markets Union.<\/li>\n<\/ul>\n<p>The five other Vice-Presidents are:<\/p>\n<ul>\n<li><em>Josep Borrell (<\/em>Spain, current Spanish Foreign Minister)<em>: HR\/VP-designate,<\/em> A Stronger Europe in the World;<\/li>\n<li><em>V\u011bra Jourov\u00e1<\/em> (Czech Republic, Commissioner in the Juncker Commission): <em>Values and Transparency;<\/em><\/li>\n<li><em>Margaritis Schinas<\/em> (Greece, former Member of the European Parliament, long-serving official of the European Commission): P<em>rotecting our European Way of Life;<\/em><\/li>\n<li><em>Maro\u0161 \u0160ef\u010dovi\u010d<\/em> (Slovakia, Vice-President in the Juncker Commission):<em> Interinstitutional Relations and Foresight;<\/em><\/li>\n<li><em>Dubravka \u0160uica<\/em> (Croatia, Member of the European Parliament): <em>Democracy and Demography.<\/em><\/li>\n<\/ul>\n<h2>Nuevos Comisarios<\/h2>\n<ul>\n<li><strong>Johannes Hahn<\/strong> (Austria) will be in charge of <em>\u2018Budget and Administration&#8217;.<\/em><\/li>\n<li><strong>Didier Reynders<\/strong> (Belgium) will be responsible for \u2018<em>Justice<\/em>&#8216; (including the topic of the rule of law).<\/li>\n<li><strong>Mariya Gabriel<\/strong> (Bulgaria) is now moving on to create new perspectives for the young generation (<em>\u2018Innovation and Youth&#8217;<\/em> portfolio).<\/li>\n<li><strong>Stella Kyriakides<\/strong> (Cyprus) will lead the \u2018<em>Health<\/em>&#8216; portfolio.<\/li>\n<li><strong>Kadri Simson<\/strong> (Estonia) will be in charge of the \u2018<em>Energy<\/em>&#8216; portfolio.<\/li>\n<li><strong>Jutta Urpilainen<\/strong> (Finland) will take over responsibility for <em>\u2018International Partnerships&#8217;.<\/em><\/li>\n<li><strong>Sylvie Goulard<\/strong> (France) will also be responsible for the new<em> Directorate-General for Defence Industry and Space<\/em>.<\/li>\n<li><strong>L\u00e1szl\u00f3 Tr\u00f3cs\u00e1nyi <\/strong>(Hungary)\u00a0will bring his experience to the new Commission in the \u2018<em>Trade<\/em>&#8216; portfolio.<\/li>\n<li><strong>Paolo Gentiloni<\/strong> (Italy) will be sharing his vast experience in the \u2018<em>Economy<\/em>&#8216; portfolio.<\/li>\n<li><strong>Virginijus Sinkevi\u010dius<\/strong> (Lithuania) will be responsible for<em> \u2018Environment and Oceans&#8217;.<\/em><\/li>\n<li><strong>Nicolas Schmit<\/strong> (Luxembourg) will now be responsible for the \u2018<em>Jobs<\/em>&#8216; portfolio.<\/li>\n<li><strong>Helena Dalli<\/strong> (Malta) will lead the \u2018<em>Equality<\/em>&#8216; portfolio.<\/li>\n<li><strong>Janusz Wojciechowski<\/strong> (Poland) will be in charge of the portfolio \u2018<em>Agriculture<\/em>&#8216;.<\/li>\n<li><strong>Elisa Ferreira<\/strong> (Portugal) will lead the <em>\u2018Cohesion and Reforms&#8217;<\/em> portfolio.<\/li>\n<li><strong>Rovana Plumb<\/strong> (Romania) will be in charge of the \u2018<em>Transport<\/em>&#8216; portfolio.<\/li>\n<li><strong>Janez Lenar\u010di\u010d<\/strong> (Slovenia) will be in charge of the \u2018<em>Crisis Management<\/em>&#8216; portfolio.<\/li>\n<li><strong>Ylva Johansson<\/strong> (Sweden) will take over responsibility for the \u2018<em>Home Affairs<\/em>&#8216; portfolio.<\/li>\n<\/ul>\n<h2>More information<\/h2>\n<p>Access the\u00a0<a href=\"https:\/\/ec.europa.eu\/commission\/presscorner\/detail\/en\/IP_19_5542\">full news<\/a><\/p>\n<p>More in the\u00a0<a href=\"https:\/\/www.cde.ual.es\/en\/european-union\/\">European Union section<\/a><\/p>\n","protected":false},"excerpt":{"rendered":"<p>Today, President-elect Ursula von der Leyen presented her team and the new structure of the next European Commission. The new Commission will reflect the priorities and ambitions set out in the Political Guidelines. The Commission is structured around the objectives President-elect von der Leyen was elected on by the European Parliament. At the heart of [&hellip;]<\/p>\n","protected":false},"author":101011,"featured_media":22183,"comment_status":"open","ping_status":"open","sticky":false,"template":"","format":"standard","meta":{"_acf_changed":false,"_relevanssi_hide_post":"","_relevanssi_hide_content":"","_relevanssi_pin_for_all":"","_relevanssi_pin_keywords":"","_relevanssi_unpin_keywords":"","_relevanssi_related_keywords":"","_relevanssi_related_include_ids":"","_relevanssi_related_exclude_ids":"","_relevanssi_related_no_append":"","_relevanssi_related_not_related":"","_relevanssi_related_posts":"","_relevanssi_noindex_reason":"","_monsterinsights_skip_tracking":false,"_monsterinsights_sitenote_active":false,"_monsterinsights_sitenote_note":"","_monsterinsights_sitenote_category":0,"_genesis_hide_title":false,"_genesis_hide_breadcrumbs":false,"_genesis_hide_singular_image":false,"_genesis_hide_footer_widgets":false,"_genesis_custom_body_class":"","_genesis_custom_post_class":"","_genesis_layout":"","footnotes":""},"categories":[346],"tags":[524],"class_list":{"0":"post-25106","1":"post","2":"type-post","3":"status-publish","4":"format-standard","5":"has-post-thumbnail","7":"category-eu-news","8":"tag-european-institutions","9":"entry"},"acf":[],"yoast_head":"<!-- This site is optimized with the Yoast SEO plugin v27.5 - https:\/\/yoast.com\/product\/yoast-seo-wordpress\/ -->\n<title>The von der Leyen Commission: for a Union that strives for more | CDE Almer\u00eda - Centro de Documentaci\u00f3n Europea - Universidad de Almer\u00eda<\/title>\n<meta name=\"robots\" content=\"index, follow, max-snippet:-1, max-image-preview:large, max-video-preview:-1\" \/>\n<link rel=\"canonical\" href=\"https:\/\/www.cde.ual.es\/en\/the-von-der-leyen-commission-for-a-union-that-strives-for-more\/\" \/>\n<meta property=\"og:locale\" content=\"en_US\" \/>\n<meta property=\"og:type\" content=\"article\" \/>\n<meta property=\"og:title\" content=\"The von der Leyen Commission: for a Union that strives for more | CDE Almer\u00eda - Centro de Documentaci\u00f3n Europea - Universidad de Almer\u00eda\" \/>\n<meta property=\"og:description\" content=\"Today, President-elect Ursula von der Leyen presented her team and the new structure of the next European Commission. The new Commission will reflect the priorities and ambitions set out in the Political Guidelines. The Commission is structured around the objectives President-elect von der Leyen was elected on by the European Parliament. At the heart of [&hellip;]\" \/>\n<meta property=\"og:url\" content=\"https:\/\/www.cde.ual.es\/en\/the-von-der-leyen-commission-for-a-union-that-strives-for-more\/\" \/>\n<meta property=\"og:site_name\" content=\"CDE Almer\u00eda - Centro de Documentaci\u00f3n Europea - Universidad de Almer\u00eda\" \/>\n<meta property=\"article:publisher\" content=\"https:\/\/www.facebook.com\/cdeuniversidadalmeria\/\" \/>\n<meta property=\"article:published_time\" content=\"2019-09-10T12:58:34+00:00\" \/>\n<meta property=\"article:modified_time\" content=\"2019-09-10T12:59:19+00:00\" \/>\n<meta property=\"og:image\" content=\"https:\/\/www.cde.ual.es\/wp-content\/uploads\/2017\/12\/ursula-von-der-leyen.png\" \/>\n\t<meta property=\"og:image:width\" content=\"1458\" \/>\n\t<meta property=\"og:image:height\" content=\"965\" \/>\n\t<meta property=\"og:image:type\" content=\"image\/png\" \/>\n<meta name=\"author\" content=\"BECA 2 CDE\" \/>\n<meta name=\"twitter:card\" content=\"summary_large_image\" \/>\n<meta name=\"twitter:creator\" content=\"@cdeualmeria\" \/>\n<meta name=\"twitter:site\" content=\"@cdeualmeria\" \/>\n<meta name=\"twitter:label1\" content=\"Written by\" \/>\n\t<meta name=\"twitter:data1\" content=\"BECA 2 CDE\" \/>\n\t<meta name=\"twitter:label2\" content=\"Est. reading time\" \/>\n\t<meta name=\"twitter:data2\" content=\"3 minutes\" \/>\n<script type=\"application\/ld+json\" class=\"yoast-schema-graph\">{\"@context\":\"https:\\\/\\\/schema.org\",\"@graph\":[{\"@type\":\"Article\",\"@id\":\"https:\\\/\\\/www.cde.ual.es\\\/en\\\/the-von-der-leyen-commission-for-a-union-that-strives-for-more\\\/#article\",\"isPartOf\":{\"@id\":\"https:\\\/\\\/www.cde.ual.es\\\/en\\\/the-von-der-leyen-commission-for-a-union-that-strives-for-more\\\/\"},\"author\":{\"name\":\"BECA 2 CDE\",\"@id\":\"https:\\\/\\\/www.cde.ual.es\\\/#\\\/schema\\\/person\\\/ee46ebc19edfa19598c02cff83335acc\"},\"headline\":\"The von der Leyen Commission: for a Union that strives for more\",\"datePublished\":\"2019-09-10T12:58:34+00:00\",\"dateModified\":\"2019-09-10T12:59:19+00:00\",\"mainEntityOfPage\":{\"@id\":\"https:\\\/\\\/www.cde.ual.es\\\/en\\\/the-von-der-leyen-commission-for-a-union-that-strives-for-more\\\/\"},\"wordCount\":692,\"commentCount\":0,\"publisher\":{\"@id\":\"https:\\\/\\\/www.cde.ual.es\\\/#organization\"},\"image\":{\"@id\":\"https:\\\/\\\/www.cde.ual.es\\\/en\\\/the-von-der-leyen-commission-for-a-union-that-strives-for-more\\\/#primaryimage\"},\"thumbnailUrl\":\"https:\\\/\\\/www.cde.ual.es\\\/wp-content\\\/uploads\\\/2017\\\/12\\\/ursula-von-der-leyen.png\",\"keywords\":[\"European Institutions\"],\"articleSection\":[\"EU News\"],\"inLanguage\":\"en-US\",\"potentialAction\":[{\"@type\":\"CommentAction\",\"name\":\"Comment\",\"target\":[\"https:\\\/\\\/www.cde.ual.es\\\/en\\\/the-von-der-leyen-commission-for-a-union-that-strives-for-more\\\/#respond\"]}]},{\"@type\":\"WebPage\",\"@id\":\"https:\\\/\\\/www.cde.ual.es\\\/en\\\/the-von-der-leyen-commission-for-a-union-that-strives-for-more\\\/\",\"url\":\"https:\\\/\\\/www.cde.ual.es\\\/en\\\/the-von-der-leyen-commission-for-a-union-that-strives-for-more\\\/\",\"name\":\"The von der Leyen Commission: for a Union that strives for more | CDE Almer\u00eda - Centro de Documentaci\u00f3n Europea - Universidad de Almer\u00eda\",\"isPartOf\":{\"@id\":\"https:\\\/\\\/www.cde.ual.es\\\/#website\"},\"primaryImageOfPage\":{\"@id\":\"https:\\\/\\\/www.cde.ual.es\\\/en\\\/the-von-der-leyen-commission-for-a-union-that-strives-for-more\\\/#primaryimage\"},\"image\":{\"@id\":\"https:\\\/\\\/www.cde.ual.es\\\/en\\\/the-von-der-leyen-commission-for-a-union-that-strives-for-more\\\/#primaryimage\"},\"thumbnailUrl\":\"https:\\\/\\\/www.cde.ual.es\\\/wp-content\\\/uploads\\\/2017\\\/12\\\/ursula-von-der-leyen.png\",\"datePublished\":\"2019-09-10T12:58:34+00:00\",\"dateModified\":\"2019-09-10T12:59:19+00:00\",\"breadcrumb\":{\"@id\":\"https:\\\/\\\/www.cde.ual.es\\\/en\\\/the-von-der-leyen-commission-for-a-union-that-strives-for-more\\\/#breadcrumb\"},\"inLanguage\":\"en-US\",\"potentialAction\":[{\"@type\":\"ReadAction\",\"target\":[\"https:\\\/\\\/www.cde.ual.es\\\/en\\\/the-von-der-leyen-commission-for-a-union-that-strives-for-more\\\/\"]}]},{\"@type\":\"ImageObject\",\"inLanguage\":\"en-US\",\"@id\":\"https:\\\/\\\/www.cde.ual.es\\\/en\\\/the-von-der-leyen-commission-for-a-union-that-strives-for-more\\\/#primaryimage\",\"url\":\"https:\\\/\\\/www.cde.ual.es\\\/wp-content\\\/uploads\\\/2017\\\/12\\\/ursula-von-der-leyen.png\",\"contentUrl\":\"https:\\\/\\\/www.cde.ual.es\\\/wp-content\\\/uploads\\\/2017\\\/12\\\/ursula-von-der-leyen.png\",\"width\":1458,\"height\":965,\"caption\":\"SOTEU Ursula Von der Leyen Europa\"},{\"@type\":\"BreadcrumbList\",\"@id\":\"https:\\\/\\\/www.cde.ual.es\\\/en\\\/the-von-der-leyen-commission-for-a-union-that-strives-for-more\\\/#breadcrumb\",\"itemListElement\":[{\"@type\":\"ListItem\",\"position\":1,\"name\":\"Inicio\",\"item\":\"https:\\\/\\\/www.cde.ual.es\\\/en\\\/\"},{\"@type\":\"ListItem\",\"position\":2,\"name\":\"EU News\",\"item\":\"https:\\\/\\\/www.cde.ual.es\\\/en\\\/category\\\/eu-news\\\/\"},{\"@type\":\"ListItem\",\"position\":3,\"name\":\"The von der Leyen Commission: for a Union that strives for more\"}]},{\"@type\":\"WebSite\",\"@id\":\"https:\\\/\\\/www.cde.ual.es\\\/#website\",\"url\":\"https:\\\/\\\/www.cde.ual.es\\\/\",\"name\":\"CDE Almer\u00eda - Centro de Documentaci\u00f3n Europea - Universidad de Almer\u00eda\",\"description\":\"Centro de Documentaci\u00f3n Europea de la Universidad de Almer\u00eda\",\"publisher\":{\"@id\":\"https:\\\/\\\/www.cde.ual.es\\\/#organization\"},\"alternateName\":\"CDE Almer\u00eda\",\"potentialAction\":[{\"@type\":\"SearchAction\",\"target\":{\"@type\":\"EntryPoint\",\"urlTemplate\":\"https:\\\/\\\/www.cde.ual.es\\\/?s={search_term_string}\"},\"query-input\":{\"@type\":\"PropertyValueSpecification\",\"valueRequired\":true,\"valueName\":\"search_term_string\"}}],\"inLanguage\":\"en-US\"},{\"@type\":\"Organization\",\"@id\":\"https:\\\/\\\/www.cde.ual.es\\\/#organization\",\"name\":\"Centro de Documentaci\u00f3n Europea de Almer\u00eda\",\"url\":\"https:\\\/\\\/www.cde.ual.es\\\/\",\"logo\":{\"@type\":\"ImageObject\",\"inLanguage\":\"en-US\",\"@id\":\"https:\\\/\\\/www.cde.ual.es\\\/#\\\/schema\\\/logo\\\/image\\\/\",\"url\":\"https:\\\/\\\/www.cde.ual.es\\\/wp-content\\\/uploads\\\/2025\\\/07\\\/cde-logo-3.png\",\"contentUrl\":\"https:\\\/\\\/www.cde.ual.es\\\/wp-content\\\/uploads\\\/2025\\\/07\\\/cde-logo-3.png\",\"width\":1400,\"height\":300,\"caption\":\"Centro de Documentaci\u00f3n Europea de Almer\u00eda\"},\"image\":{\"@id\":\"https:\\\/\\\/www.cde.ual.es\\\/#\\\/schema\\\/logo\\\/image\\\/\"},\"sameAs\":[\"https:\\\/\\\/www.facebook.com\\\/cdeuniversidadalmeria\\\/\",\"https:\\\/\\\/x.com\\\/cdeualmeria\",\"https:\\\/\\\/www.tiktok.com\\\/@cdealmeria\",\"https:\\\/\\\/www.instagram.com\\\/cdealmeria\\\/\",\"https:\\\/\\\/www.linkedin.com\\\/in\\\/cde-almera-812b26a9\\\/\"]},{\"@type\":\"Person\",\"@id\":\"https:\\\/\\\/www.cde.ual.es\\\/#\\\/schema\\\/person\\\/ee46ebc19edfa19598c02cff83335acc\",\"name\":\"BECA 2 CDE\",\"image\":{\"@type\":\"ImageObject\",\"inLanguage\":\"en-US\",\"@id\":\"https:\\\/\\\/secure.gravatar.com\\\/avatar\\\/35a481bbc04bbd90e91bdfa3b0b5541036c222a49b9ad37b6889a2afcb5311a5?s=96&d=mm&r=g\",\"url\":\"https:\\\/\\\/secure.gravatar.com\\\/avatar\\\/35a481bbc04bbd90e91bdfa3b0b5541036c222a49b9ad37b6889a2afcb5311a5?s=96&d=mm&r=g\",\"contentUrl\":\"https:\\\/\\\/secure.gravatar.com\\\/avatar\\\/35a481bbc04bbd90e91bdfa3b0b5541036c222a49b9ad37b6889a2afcb5311a5?s=96&d=mm&r=g\",\"caption\":\"BECA 2 CDE\"},\"sameAs\":[\"http:\\\/\\\/www.cdealmeria.com\"]}]}<\/script>\n<!-- \/ Yoast SEO plugin. -->","yoast_head_json":{"title":"The von der Leyen Commission: for a Union that strives for more | CDE Almer\u00eda - Centro de Documentaci\u00f3n Europea - Universidad de Almer\u00eda","robots":{"index":"index","follow":"follow","max-snippet":"max-snippet:-1","max-image-preview":"max-image-preview:large","max-video-preview":"max-video-preview:-1"},"canonical":"https:\/\/www.cde.ual.es\/en\/the-von-der-leyen-commission-for-a-union-that-strives-for-more\/","og_locale":"en_US","og_type":"article","og_title":"The von der Leyen Commission: for a Union that strives for more | CDE Almer\u00eda - Centro de Documentaci\u00f3n Europea - Universidad de Almer\u00eda","og_description":"Today, President-elect Ursula von der Leyen presented her team and the new structure of the next European Commission. The new Commission will reflect the priorities and ambitions set out in the Political Guidelines. The Commission is structured around the objectives President-elect von der Leyen was elected on by the European Parliament. At the heart of [&hellip;]","og_url":"https:\/\/www.cde.ual.es\/en\/the-von-der-leyen-commission-for-a-union-that-strives-for-more\/","og_site_name":"CDE Almer\u00eda - Centro de Documentaci\u00f3n Europea - Universidad de Almer\u00eda","article_publisher":"https:\/\/www.facebook.com\/cdeuniversidadalmeria\/","article_published_time":"2019-09-10T12:58:34+00:00","article_modified_time":"2019-09-10T12:59:19+00:00","og_image":[{"width":1458,"height":965,"url":"https:\/\/www.cde.ual.es\/wp-content\/uploads\/2017\/12\/ursula-von-der-leyen.png","type":"image\/png"}],"author":"BECA 2 CDE","twitter_card":"summary_large_image","twitter_creator":"@cdeualmeria","twitter_site":"@cdeualmeria","twitter_misc":{"Written by":"BECA 2 CDE","Est. reading time":"3 minutes"},"schema":{"@context":"https:\/\/schema.org","@graph":[{"@type":"Article","@id":"https:\/\/www.cde.ual.es\/en\/the-von-der-leyen-commission-for-a-union-that-strives-for-more\/#article","isPartOf":{"@id":"https:\/\/www.cde.ual.es\/en\/the-von-der-leyen-commission-for-a-union-that-strives-for-more\/"},"author":{"name":"BECA 2 CDE","@id":"https:\/\/www.cde.ual.es\/#\/schema\/person\/ee46ebc19edfa19598c02cff83335acc"},"headline":"The von der Leyen Commission: for a Union that strives for more","datePublished":"2019-09-10T12:58:34+00:00","dateModified":"2019-09-10T12:59:19+00:00","mainEntityOfPage":{"@id":"https:\/\/www.cde.ual.es\/en\/the-von-der-leyen-commission-for-a-union-that-strives-for-more\/"},"wordCount":692,"commentCount":0,"publisher":{"@id":"https:\/\/www.cde.ual.es\/#organization"},"image":{"@id":"https:\/\/www.cde.ual.es\/en\/the-von-der-leyen-commission-for-a-union-that-strives-for-more\/#primaryimage"},"thumbnailUrl":"https:\/\/www.cde.ual.es\/wp-content\/uploads\/2017\/12\/ursula-von-der-leyen.png","keywords":["European Institutions"],"articleSection":["EU News"],"inLanguage":"en-US","potentialAction":[{"@type":"CommentAction","name":"Comment","target":["https:\/\/www.cde.ual.es\/en\/the-von-der-leyen-commission-for-a-union-that-strives-for-more\/#respond"]}]},{"@type":"WebPage","@id":"https:\/\/www.cde.ual.es\/en\/the-von-der-leyen-commission-for-a-union-that-strives-for-more\/","url":"https:\/\/www.cde.ual.es\/en\/the-von-der-leyen-commission-for-a-union-that-strives-for-more\/","name":"The von der Leyen Commission: for a Union that strives for more | CDE Almer\u00eda - Centro de Documentaci\u00f3n Europea - Universidad de Almer\u00eda","isPartOf":{"@id":"https:\/\/www.cde.ual.es\/#website"},"primaryImageOfPage":{"@id":"https:\/\/www.cde.ual.es\/en\/the-von-der-leyen-commission-for-a-union-that-strives-for-more\/#primaryimage"},"image":{"@id":"https:\/\/www.cde.ual.es\/en\/the-von-der-leyen-commission-for-a-union-that-strives-for-more\/#primaryimage"},"thumbnailUrl":"https:\/\/www.cde.ual.es\/wp-content\/uploads\/2017\/12\/ursula-von-der-leyen.png","datePublished":"2019-09-10T12:58:34+00:00","dateModified":"2019-09-10T12:59:19+00:00","breadcrumb":{"@id":"https:\/\/www.cde.ual.es\/en\/the-von-der-leyen-commission-for-a-union-that-strives-for-more\/#breadcrumb"},"inLanguage":"en-US","potentialAction":[{"@type":"ReadAction","target":["https:\/\/www.cde.ual.es\/en\/the-von-der-leyen-commission-for-a-union-that-strives-for-more\/"]}]},{"@type":"ImageObject","inLanguage":"en-US","@id":"https:\/\/www.cde.ual.es\/en\/the-von-der-leyen-commission-for-a-union-that-strives-for-more\/#primaryimage","url":"https:\/\/www.cde.ual.es\/wp-content\/uploads\/2017\/12\/ursula-von-der-leyen.png","contentUrl":"https:\/\/www.cde.ual.es\/wp-content\/uploads\/2017\/12\/ursula-von-der-leyen.png","width":1458,"height":965,"caption":"SOTEU Ursula Von der Leyen Europa"},{"@type":"BreadcrumbList","@id":"https:\/\/www.cde.ual.es\/en\/the-von-der-leyen-commission-for-a-union-that-strives-for-more\/#breadcrumb","itemListElement":[{"@type":"ListItem","position":1,"name":"Inicio","item":"https:\/\/www.cde.ual.es\/en\/"},{"@type":"ListItem","position":2,"name":"EU News","item":"https:\/\/www.cde.ual.es\/en\/category\/eu-news\/"},{"@type":"ListItem","position":3,"name":"The von der Leyen Commission: for a Union that strives for more"}]},{"@type":"WebSite","@id":"https:\/\/www.cde.ual.es\/#website","url":"https:\/\/www.cde.ual.es\/","name":"CDE Almer\u00eda - Centro de Documentaci\u00f3n Europea - Universidad de Almer\u00eda","description":"Centro de Documentaci\u00f3n Europea de la Universidad de Almer\u00eda","publisher":{"@id":"https:\/\/www.cde.ual.es\/#organization"},"alternateName":"CDE Almer\u00eda","potentialAction":[{"@type":"SearchAction","target":{"@type":"EntryPoint","urlTemplate":"https:\/\/www.cde.ual.es\/?s={search_term_string}"},"query-input":{"@type":"PropertyValueSpecification","valueRequired":true,"valueName":"search_term_string"}}],"inLanguage":"en-US"},{"@type":"Organization","@id":"https:\/\/www.cde.ual.es\/#organization","name":"Centro de Documentaci\u00f3n Europea de Almer\u00eda","url":"https:\/\/www.cde.ual.es\/","logo":{"@type":"ImageObject","inLanguage":"en-US","@id":"https:\/\/www.cde.ual.es\/#\/schema\/logo\/image\/","url":"https:\/\/www.cde.ual.es\/wp-content\/uploads\/2025\/07\/cde-logo-3.png","contentUrl":"https:\/\/www.cde.ual.es\/wp-content\/uploads\/2025\/07\/cde-logo-3.png","width":1400,"height":300,"caption":"Centro de Documentaci\u00f3n Europea de Almer\u00eda"},"image":{"@id":"https:\/\/www.cde.ual.es\/#\/schema\/logo\/image\/"},"sameAs":["https:\/\/www.facebook.com\/cdeuniversidadalmeria\/","https:\/\/x.com\/cdeualmeria","https:\/\/www.tiktok.com\/@cdealmeria","https:\/\/www.instagram.com\/cdealmeria\/","https:\/\/www.linkedin.com\/in\/cde-almera-812b26a9\/"]},{"@type":"Person","@id":"https:\/\/www.cde.ual.es\/#\/schema\/person\/ee46ebc19edfa19598c02cff83335acc","name":"BECA 2 CDE","image":{"@type":"ImageObject","inLanguage":"en-US","@id":"https:\/\/secure.gravatar.com\/avatar\/35a481bbc04bbd90e91bdfa3b0b5541036c222a49b9ad37b6889a2afcb5311a5?s=96&d=mm&r=g","url":"https:\/\/secure.gravatar.com\/avatar\/35a481bbc04bbd90e91bdfa3b0b5541036c222a49b9ad37b6889a2afcb5311a5?s=96&d=mm&r=g","contentUrl":"https:\/\/secure.gravatar.com\/avatar\/35a481bbc04bbd90e91bdfa3b0b5541036c222a49b9ad37b6889a2afcb5311a5?s=96&d=mm&r=g","caption":"BECA 2 CDE"},"sameAs":["http:\/\/www.cdealmeria.com"]}]}},"_links":{"self":[{"href":"https:\/\/www.cde.ual.es\/en\/wp-json\/wp\/v2\/posts\/25106","targetHints":{"allow":["GET"]}}],"collection":[{"href":"https:\/\/www.cde.ual.es\/en\/wp-json\/wp\/v2\/posts"}],"about":[{"href":"https:\/\/www.cde.ual.es\/en\/wp-json\/wp\/v2\/types\/post"}],"author":[{"embeddable":true,"href":"https:\/\/www.cde.ual.es\/en\/wp-json\/wp\/v2\/users\/101011"}],"replies":[{"embeddable":true,"href":"https:\/\/www.cde.ual.es\/en\/wp-json\/wp\/v2\/comments?post=25106"}],"version-history":[{"count":0,"href":"https:\/\/www.cde.ual.es\/en\/wp-json\/wp\/v2\/posts\/25106\/revisions"}],"wp:featuredmedia":[{"embeddable":true,"href":"https:\/\/www.cde.ual.es\/en\/wp-json\/wp\/v2\/media\/22183"}],"wp:attachment":[{"href":"https:\/\/www.cde.ual.es\/en\/wp-json\/wp\/v2\/media?parent=25106"}],"wp:term":[{"taxonomy":"category","embeddable":true,"href":"https:\/\/www.cde.ual.es\/en\/wp-json\/wp\/v2\/categories?post=25106"},{"taxonomy":"post_tag","embeddable":true,"href":"https:\/\/www.cde.ual.es\/en\/wp-json\/wp\/v2\/tags?post=25106"}],"curies":[{"name":"wp","href":"https:\/\/api.w.org\/{rel}","templated":true}]}}