{"id":25033,"date":"2019-09-11T03:00:22","date_gmt":"2019-09-11T01:00:22","guid":{"rendered":"https:\/\/www.cde.ual.es\/?p=25033"},"modified":"2019-09-10T09:02:31","modified_gmt":"2019-09-10T07:02:31","slug":"h2020-5g-for-connected-and-automated-mobility-cam","status":"publish","type":"post","link":"https:\/\/www.cde.ual.es\/en\/h2020-5g-for-connected-and-automated-mobility-cam\/","title":{"rendered":"H2020: 5G for Connected and Automated Mobility (CAM)"},"content":{"rendered":"<p><strong><em>This call (ICT-53-2020), which aims to qualify and characterize the latest version of 5G available in the context of its implementation in the context of complete ecosystems enabled for connectivity around cars and vehicles, is part of the Information and Communication Technologies sub-programme of the H2020 Programme.<\/em><\/strong><\/p>\n<p><a href=\"https:\/\/www.cde.ual.es\/wp-content\/uploads\/2018\/12\/Red-5G.png\"><img decoding=\"async\" class=\"size-medium wp-image-10876 aligncenter\" src=\"https:\/\/www.cde.ual.es\/wp-content\/uploads\/2018\/12\/Red-5G-300x147.png\" alt=\"\" width=\"300\" height=\"147\" srcset=\"https:\/\/www.cde.ual.es\/wp-content\/uploads\/2018\/12\/Red-5G-300x147.png 300w, https:\/\/www.cde.ual.es\/wp-content\/uploads\/2018\/12\/Red-5G-768x377.png 768w, https:\/\/www.cde.ual.es\/wp-content\/uploads\/2018\/12\/Red-5G.png 934w\" sizes=\"(max-width: 300px) 100vw, 300px\" \/><\/a><\/p>\n<p>The challenge is to qualify and characterise the latest version of 5G specifications as available from 3G PP release 16 early 2020 (5G NR-V2X and beyond) in the context of advanced use cases deployment in Europe of CAM that may also benefit from Artificial Intelligence (AI) solutions. It targets use cases beyond C-ITS safety applications in view of enabling use cases in the context of complete connectivity-enabled ecosystems around cars and vehicles. It supports the realisation of the strategic objective of having all major transport paths covered with 5G connectivity by 2025 through cross-border trials along major transport paths planned for CAM deployment (&#8220;5G corridors&#8221;) and paves the way towards operational deployment as envisaged with the Connecting Europe Facility proposal. The work is also relevant to cross border railway corridors in view of providing services to trains, including in the context of the planned Future Railways Mobile Communication Systems (FRMCS) planned to replace GSM-R around 2030.<\/p>\n<h2>\u00c1mbito de aplicaci\u00f3n<\/h2>\n<p>The validation of the latest available 5G specification in the context of innovative CAM applications under realistic conditions and seamlessly functioning across borders. This is realised through cross-border trials along 5G corridors covering significant portions of roads or railways and including the core technological innovation expected from 5G release 16 including positioning services, or beyond. Relevant work takes a broad innovation perspective covering use cases in the vehicle-to-vehicle (V2V), vehicle-to-infrastructure (V2I), vehicle-to-pedestrian (V2P), and vehicle-to-network (V2N) domains including the supporting service infrastructure.<\/p>\n<p>The work is also expected to provide a clear co-existence between multiple technologies (IEEE 802.11p, C-V2X, 5G-V2X) and migration path towards the use of 5G as the technology for CAM. It targets implementation across different business domains through coverage of cross border 5G corridors as supported by groups of neighbouring Member States. Projects should complement the deployment plans for the 5G CAM trials along the cross-border corridors in scope of the project with long-term roadmaps for the deployment of the 5G infrastructure along the relevant corridors in view of larger-scale testing and early introduction of 5G-based CAM services along these corridors.<\/p>\n<p>The work may include advanced services on board of international trains covering passenger services, train traffic management services, as well as other operational services in preparation for the advent of the FRMCS, including migration from previous generation issues (GSM-R) and spectrum sharing aspects. Aspects of service and infrastructure sharing or coordination for both the automotive and railway use cases, notably in cities, is in scope, as well as multimodal solutions for passengers with the view to offering business continuity to users of the different means of public and private transportation.<\/p>\n<h2>Expected impact<\/h2>\n<ul>\n<li>Validation of latest version of 5G technologies and architecture in a CAM context, including validation of innovative business models and applicable standards.<\/li>\n<li>Validated cost\/benefit analysis of cross border 5G deployment enabling CAM along 5G corridors potentially including several business domains.<\/li>\n<li>Characterisation of 5G Release 16 or beyond for the most advanced CAM use cases (see through, sensor sharing, high density platooning, etc.) including innovative spectrum use.<\/li>\n<li>Validation of sustainable models combining 5G and AI features to support most advanced CAM use cases.<\/li>\n<li>Technological validation of 5G introduction for train\/railways use cases including FRMCS aspects, migration, spectrum, and co-existence issues with the automotive case.<\/li>\n<li>Development of a sustainable model for a pan-European cloud infrastructure supporting CAM services at European scale.<\/li>\n<li>Support to sustainable deployment models paving the way towards deployment actions across pan European 5G corridors envisaged for CEF Digital.<\/li>\n<li>Participation of key European industrial partners of both the ICT and the automotive sectors and with high standardisation impact is desired.<\/li>\n<\/ul>\n<h2>Deadline<\/h2>\n<p>November 13, 2019<\/p>\n<h3>More information<\/h3>\n<p><a href=\"https:\/\/ec.europa.eu\/info\/funding-tenders\/opportunities\/portal\/screen\/opportunities\/topic-details\/ict-53-2020;freeTextSearchKeyword=;typeCodes=1;statusCodes=31094502;programCode=H2020;programDivisionCode=31047847;focusAreaCode=null;crossCuttingPriorityCode=null;callCode=Default;sortQuery=openingDate;orderBy=asc;onlyTenders=false;topicListKey=topicSearchTablePageState\">Funding &amp; tenders<\/a><\/p>\n","protected":false},"excerpt":{"rendered":"<p>This call (ICT-53-2020), which aims to qualify and characterize the latest version of 5G available in the context of its implementation in the context of complete ecosystems enabled for connectivity around cars and vehicles, is part of the Information and Communication Technologies sub-programme of the H2020 Programme. The challenge is to qualify and characterise the [&hellip;]<\/p>\n","protected":false},"author":101011,"featured_media":22527,"comment_status":"open","ping_status":"open","sticky":false,"template":"","format":"standard","meta":{"_acf_changed":false,"_relevanssi_hide_post":"","_relevanssi_hide_content":"","_relevanssi_pin_for_all":"","_relevanssi_pin_keywords":"","_relevanssi_unpin_keywords":"","_relevanssi_related_keywords":"","_relevanssi_related_include_ids":"","_relevanssi_related_exclude_ids":"","_relevanssi_related_no_append":"","_relevanssi_related_not_related":"","_relevanssi_related_posts":"","_relevanssi_noindex_reason":"","_monsterinsights_skip_tracking":false,"_monsterinsights_sitenote_active":false,"_monsterinsights_sitenote_note":"","_monsterinsights_sitenote_category":0,"_genesis_hide_title":false,"_genesis_hide_breadcrumbs":false,"_genesis_hide_singular_image":false,"_genesis_hide_footer_widgets":false,"_genesis_custom_body_class":"","_genesis_custom_post_class":"","_genesis_layout":"","footnotes":""},"categories":[366],"tags":[667,431,350,433],"class_list":{"0":"post-25033","1":"post","2":"type-post","3":"status-publish","4":"format-standard","5":"has-post-thumbnail","7":"category-eu-calls-and-awards","8":"tag-5g-en","9":"tag-connectivity","10":"tag-investigacion-en","11":"tag-research","12":"entry"},"acf":[],"yoast_head":"<!-- This site is optimized with the Yoast SEO plugin v27.5 - https:\/\/yoast.com\/product\/yoast-seo-wordpress\/ -->\n<title>H2020: 5G for Connected and Automated Mobility (CAM) | CDE Almer\u00eda - Centro de Documentaci\u00f3n Europea - Universidad de Almer\u00eda<\/title>\n<meta name=\"robots\" content=\"index, follow, max-snippet:-1, max-image-preview:large, max-video-preview:-1\" \/>\n<link rel=\"canonical\" href=\"https:\/\/www.cde.ual.es\/en\/h2020-5g-for-connected-and-automated-mobility-cam\/\" \/>\n<meta property=\"og:locale\" content=\"en_US\" \/>\n<meta property=\"og:type\" content=\"article\" \/>\n<meta property=\"og:title\" content=\"H2020: 5G for Connected and Automated Mobility (CAM) | CDE Almer\u00eda - Centro de Documentaci\u00f3n Europea - Universidad de Almer\u00eda\" \/>\n<meta property=\"og:description\" content=\"This call (ICT-53-2020), which aims to qualify and characterize the latest version of 5G available in the context of its implementation in the context of complete ecosystems enabled for connectivity around cars and vehicles, is part of the Information and Communication Technologies sub-programme of the H2020 Programme. The challenge is to qualify and characterise the [&hellip;]\" \/>\n<meta property=\"og:url\" content=\"https:\/\/www.cde.ual.es\/en\/h2020-5g-for-connected-and-automated-mobility-cam\/\" \/>\n<meta property=\"og:site_name\" content=\"CDE Almer\u00eda - Centro de Documentaci\u00f3n Europea - Universidad de Almer\u00eda\" \/>\n<meta property=\"article:publisher\" content=\"https:\/\/www.facebook.com\/cdeuniversidadalmeria\/\" \/>\n<meta property=\"article:published_time\" content=\"2019-09-11T01:00:22+00:00\" \/>\n<meta property=\"og:image\" content=\"https:\/\/www.cde.ual.es\/wp-content\/uploads\/2018\/12\/Red-5G.png\" \/>\n\t<meta property=\"og:image:width\" content=\"934\" \/>\n\t<meta property=\"og:image:height\" content=\"458\" \/>\n\t<meta property=\"og:image:type\" content=\"image\/png\" \/>\n<meta name=\"author\" content=\"BECA 2 CDE\" \/>\n<meta name=\"twitter:card\" content=\"summary_large_image\" \/>\n<meta name=\"twitter:creator\" content=\"@cdeualmeria\" \/>\n<meta name=\"twitter:site\" content=\"@cdeualmeria\" \/>\n<meta name=\"twitter:label1\" content=\"Written by\" \/>\n\t<meta name=\"twitter:data1\" content=\"BECA 2 CDE\" \/>\n\t<meta name=\"twitter:label2\" content=\"Est. reading time\" \/>\n\t<meta name=\"twitter:data2\" content=\"3 minutes\" \/>\n<script type=\"application\/ld+json\" class=\"yoast-schema-graph\">{\"@context\":\"https:\\\/\\\/schema.org\",\"@graph\":[{\"@type\":\"Article\",\"@id\":\"https:\\\/\\\/www.cde.ual.es\\\/en\\\/h2020-5g-for-connected-and-automated-mobility-cam\\\/#article\",\"isPartOf\":{\"@id\":\"https:\\\/\\\/www.cde.ual.es\\\/en\\\/h2020-5g-for-connected-and-automated-mobility-cam\\\/\"},\"author\":{\"name\":\"BECA 2 CDE\",\"@id\":\"https:\\\/\\\/www.cde.ual.es\\\/#\\\/schema\\\/person\\\/ee46ebc19edfa19598c02cff83335acc\"},\"headline\":\"H2020: 5G for Connected and Automated Mobility (CAM)\",\"datePublished\":\"2019-09-11T01:00:22+00:00\",\"mainEntityOfPage\":{\"@id\":\"https:\\\/\\\/www.cde.ual.es\\\/en\\\/h2020-5g-for-connected-and-automated-mobility-cam\\\/\"},\"wordCount\":661,\"commentCount\":0,\"publisher\":{\"@id\":\"https:\\\/\\\/www.cde.ual.es\\\/#organization\"},\"image\":{\"@id\":\"https:\\\/\\\/www.cde.ual.es\\\/en\\\/h2020-5g-for-connected-and-automated-mobility-cam\\\/#primaryimage\"},\"thumbnailUrl\":\"https:\\\/\\\/www.cde.ual.es\\\/wp-content\\\/uploads\\\/2018\\\/12\\\/Red-5G.png\",\"keywords\":[\"5G\",\"Connectivity\",\"Investigaci\u00f3n\",\"Research\"],\"articleSection\":[\"EU Calls and Awards\"],\"inLanguage\":\"en-US\",\"potentialAction\":[{\"@type\":\"CommentAction\",\"name\":\"Comment\",\"target\":[\"https:\\\/\\\/www.cde.ual.es\\\/en\\\/h2020-5g-for-connected-and-automated-mobility-cam\\\/#respond\"]}]},{\"@type\":\"WebPage\",\"@id\":\"https:\\\/\\\/www.cde.ual.es\\\/en\\\/h2020-5g-for-connected-and-automated-mobility-cam\\\/\",\"url\":\"https:\\\/\\\/www.cde.ual.es\\\/en\\\/h2020-5g-for-connected-and-automated-mobility-cam\\\/\",\"name\":\"H2020: 5G for Connected and Automated Mobility (CAM) | CDE Almer\u00eda - Centro de Documentaci\u00f3n Europea - Universidad de Almer\u00eda\",\"isPartOf\":{\"@id\":\"https:\\\/\\\/www.cde.ual.es\\\/#website\"},\"primaryImageOfPage\":{\"@id\":\"https:\\\/\\\/www.cde.ual.es\\\/en\\\/h2020-5g-for-connected-and-automated-mobility-cam\\\/#primaryimage\"},\"image\":{\"@id\":\"https:\\\/\\\/www.cde.ual.es\\\/en\\\/h2020-5g-for-connected-and-automated-mobility-cam\\\/#primaryimage\"},\"thumbnailUrl\":\"https:\\\/\\\/www.cde.ual.es\\\/wp-content\\\/uploads\\\/2018\\\/12\\\/Red-5G.png\",\"datePublished\":\"2019-09-11T01:00:22+00:00\",\"breadcrumb\":{\"@id\":\"https:\\\/\\\/www.cde.ual.es\\\/en\\\/h2020-5g-for-connected-and-automated-mobility-cam\\\/#breadcrumb\"},\"inLanguage\":\"en-US\",\"potentialAction\":[{\"@type\":\"ReadAction\",\"target\":[\"https:\\\/\\\/www.cde.ual.es\\\/en\\\/h2020-5g-for-connected-and-automated-mobility-cam\\\/\"]}]},{\"@type\":\"ImageObject\",\"inLanguage\":\"en-US\",\"@id\":\"https:\\\/\\\/www.cde.ual.es\\\/en\\\/h2020-5g-for-connected-and-automated-mobility-cam\\\/#primaryimage\",\"url\":\"https:\\\/\\\/www.cde.ual.es\\\/wp-content\\\/uploads\\\/2018\\\/12\\\/Red-5G.png\",\"contentUrl\":\"https:\\\/\\\/www.cde.ual.es\\\/wp-content\\\/uploads\\\/2018\\\/12\\\/Red-5G.png\",\"width\":934,\"height\":458},{\"@type\":\"BreadcrumbList\",\"@id\":\"https:\\\/\\\/www.cde.ual.es\\\/en\\\/h2020-5g-for-connected-and-automated-mobility-cam\\\/#breadcrumb\",\"itemListElement\":[{\"@type\":\"ListItem\",\"position\":1,\"name\":\"Inicio\",\"item\":\"https:\\\/\\\/www.cde.ual.es\\\/en\\\/\"},{\"@type\":\"ListItem\",\"position\":2,\"name\":\"EU Calls and Awards\",\"item\":\"https:\\\/\\\/www.cde.ual.es\\\/en\\\/category\\\/eu-calls-and-awards\\\/\"},{\"@type\":\"ListItem\",\"position\":3,\"name\":\"H2020: 5G for Connected and Automated Mobility (CAM)\"}]},{\"@type\":\"WebSite\",\"@id\":\"https:\\\/\\\/www.cde.ual.es\\\/#website\",\"url\":\"https:\\\/\\\/www.cde.ual.es\\\/\",\"name\":\"CDE Almer\u00eda - Centro de Documentaci\u00f3n Europea - Universidad de Almer\u00eda\",\"description\":\"Centro de Documentaci\u00f3n Europea de la Universidad de Almer\u00eda\",\"publisher\":{\"@id\":\"https:\\\/\\\/www.cde.ual.es\\\/#organization\"},\"alternateName\":\"CDE Almer\u00eda\",\"potentialAction\":[{\"@type\":\"SearchAction\",\"target\":{\"@type\":\"EntryPoint\",\"urlTemplate\":\"https:\\\/\\\/www.cde.ual.es\\\/?s={search_term_string}\"},\"query-input\":{\"@type\":\"PropertyValueSpecification\",\"valueRequired\":true,\"valueName\":\"search_term_string\"}}],\"inLanguage\":\"en-US\"},{\"@type\":\"Organization\",\"@id\":\"https:\\\/\\\/www.cde.ual.es\\\/#organization\",\"name\":\"Centro de Documentaci\u00f3n Europea de Almer\u00eda\",\"url\":\"https:\\\/\\\/www.cde.ual.es\\\/\",\"logo\":{\"@type\":\"ImageObject\",\"inLanguage\":\"en-US\",\"@id\":\"https:\\\/\\\/www.cde.ual.es\\\/#\\\/schema\\\/logo\\\/image\\\/\",\"url\":\"https:\\\/\\\/www.cde.ual.es\\\/wp-content\\\/uploads\\\/2025\\\/07\\\/cde-logo-3.png\",\"contentUrl\":\"https:\\\/\\\/www.cde.ual.es\\\/wp-content\\\/uploads\\\/2025\\\/07\\\/cde-logo-3.png\",\"width\":1400,\"height\":300,\"caption\":\"Centro de Documentaci\u00f3n Europea de Almer\u00eda\"},\"image\":{\"@id\":\"https:\\\/\\\/www.cde.ual.es\\\/#\\\/schema\\\/logo\\\/image\\\/\"},\"sameAs\":[\"https:\\\/\\\/www.facebook.com\\\/cdeuniversidadalmeria\\\/\",\"https:\\\/\\\/x.com\\\/cdeualmeria\",\"https:\\\/\\\/www.tiktok.com\\\/@cdealmeria\",\"https:\\\/\\\/www.instagram.com\\\/cdealmeria\\\/\",\"https:\\\/\\\/www.linkedin.com\\\/in\\\/cde-almera-812b26a9\\\/\"]},{\"@type\":\"Person\",\"@id\":\"https:\\\/\\\/www.cde.ual.es\\\/#\\\/schema\\\/person\\\/ee46ebc19edfa19598c02cff83335acc\",\"name\":\"BECA 2 CDE\",\"image\":{\"@type\":\"ImageObject\",\"inLanguage\":\"en-US\",\"@id\":\"https:\\\/\\\/secure.gravatar.com\\\/avatar\\\/35a481bbc04bbd90e91bdfa3b0b5541036c222a49b9ad37b6889a2afcb5311a5?s=96&d=mm&r=g\",\"url\":\"https:\\\/\\\/secure.gravatar.com\\\/avatar\\\/35a481bbc04bbd90e91bdfa3b0b5541036c222a49b9ad37b6889a2afcb5311a5?s=96&d=mm&r=g\",\"contentUrl\":\"https:\\\/\\\/secure.gravatar.com\\\/avatar\\\/35a481bbc04bbd90e91bdfa3b0b5541036c222a49b9ad37b6889a2afcb5311a5?s=96&d=mm&r=g\",\"caption\":\"BECA 2 CDE\"},\"sameAs\":[\"http:\\\/\\\/www.cdealmeria.com\"]}]}<\/script>\n<!-- \/ Yoast SEO plugin. -->","yoast_head_json":{"title":"H2020: 5G for Connected and Automated Mobility (CAM) | CDE Almer\u00eda - Centro de Documentaci\u00f3n Europea - Universidad de Almer\u00eda","robots":{"index":"index","follow":"follow","max-snippet":"max-snippet:-1","max-image-preview":"max-image-preview:large","max-video-preview":"max-video-preview:-1"},"canonical":"https:\/\/www.cde.ual.es\/en\/h2020-5g-for-connected-and-automated-mobility-cam\/","og_locale":"en_US","og_type":"article","og_title":"H2020: 5G for Connected and Automated Mobility (CAM) | CDE Almer\u00eda - Centro de Documentaci\u00f3n Europea - Universidad de Almer\u00eda","og_description":"This call (ICT-53-2020), which aims to qualify and characterize the latest version of 5G available in the context of its implementation in the context of complete ecosystems enabled for connectivity around cars and vehicles, is part of the Information and Communication Technologies sub-programme of the H2020 Programme. The challenge is to qualify and characterise the [&hellip;]","og_url":"https:\/\/www.cde.ual.es\/en\/h2020-5g-for-connected-and-automated-mobility-cam\/","og_site_name":"CDE Almer\u00eda - Centro de Documentaci\u00f3n Europea - Universidad de Almer\u00eda","article_publisher":"https:\/\/www.facebook.com\/cdeuniversidadalmeria\/","article_published_time":"2019-09-11T01:00:22+00:00","og_image":[{"width":934,"height":458,"url":"https:\/\/www.cde.ual.es\/wp-content\/uploads\/2018\/12\/Red-5G.png","type":"image\/png"}],"author":"BECA 2 CDE","twitter_card":"summary_large_image","twitter_creator":"@cdeualmeria","twitter_site":"@cdeualmeria","twitter_misc":{"Written by":"BECA 2 CDE","Est. reading time":"3 minutes"},"schema":{"@context":"https:\/\/schema.org","@graph":[{"@type":"Article","@id":"https:\/\/www.cde.ual.es\/en\/h2020-5g-for-connected-and-automated-mobility-cam\/#article","isPartOf":{"@id":"https:\/\/www.cde.ual.es\/en\/h2020-5g-for-connected-and-automated-mobility-cam\/"},"author":{"name":"BECA 2 CDE","@id":"https:\/\/www.cde.ual.es\/#\/schema\/person\/ee46ebc19edfa19598c02cff83335acc"},"headline":"H2020: 5G for Connected and Automated Mobility (CAM)","datePublished":"2019-09-11T01:00:22+00:00","mainEntityOfPage":{"@id":"https:\/\/www.cde.ual.es\/en\/h2020-5g-for-connected-and-automated-mobility-cam\/"},"wordCount":661,"commentCount":0,"publisher":{"@id":"https:\/\/www.cde.ual.es\/#organization"},"image":{"@id":"https:\/\/www.cde.ual.es\/en\/h2020-5g-for-connected-and-automated-mobility-cam\/#primaryimage"},"thumbnailUrl":"https:\/\/www.cde.ual.es\/wp-content\/uploads\/2018\/12\/Red-5G.png","keywords":["5G","Connectivity","Investigaci\u00f3n","Research"],"articleSection":["EU Calls and Awards"],"inLanguage":"en-US","potentialAction":[{"@type":"CommentAction","name":"Comment","target":["https:\/\/www.cde.ual.es\/en\/h2020-5g-for-connected-and-automated-mobility-cam\/#respond"]}]},{"@type":"WebPage","@id":"https:\/\/www.cde.ual.es\/en\/h2020-5g-for-connected-and-automated-mobility-cam\/","url":"https:\/\/www.cde.ual.es\/en\/h2020-5g-for-connected-and-automated-mobility-cam\/","name":"H2020: 5G for Connected and Automated Mobility (CAM) | CDE Almer\u00eda - Centro de Documentaci\u00f3n Europea - Universidad de Almer\u00eda","isPartOf":{"@id":"https:\/\/www.cde.ual.es\/#website"},"primaryImageOfPage":{"@id":"https:\/\/www.cde.ual.es\/en\/h2020-5g-for-connected-and-automated-mobility-cam\/#primaryimage"},"image":{"@id":"https:\/\/www.cde.ual.es\/en\/h2020-5g-for-connected-and-automated-mobility-cam\/#primaryimage"},"thumbnailUrl":"https:\/\/www.cde.ual.es\/wp-content\/uploads\/2018\/12\/Red-5G.png","datePublished":"2019-09-11T01:00:22+00:00","breadcrumb":{"@id":"https:\/\/www.cde.ual.es\/en\/h2020-5g-for-connected-and-automated-mobility-cam\/#breadcrumb"},"inLanguage":"en-US","potentialAction":[{"@type":"ReadAction","target":["https:\/\/www.cde.ual.es\/en\/h2020-5g-for-connected-and-automated-mobility-cam\/"]}]},{"@type":"ImageObject","inLanguage":"en-US","@id":"https:\/\/www.cde.ual.es\/en\/h2020-5g-for-connected-and-automated-mobility-cam\/#primaryimage","url":"https:\/\/www.cde.ual.es\/wp-content\/uploads\/2018\/12\/Red-5G.png","contentUrl":"https:\/\/www.cde.ual.es\/wp-content\/uploads\/2018\/12\/Red-5G.png","width":934,"height":458},{"@type":"BreadcrumbList","@id":"https:\/\/www.cde.ual.es\/en\/h2020-5g-for-connected-and-automated-mobility-cam\/#breadcrumb","itemListElement":[{"@type":"ListItem","position":1,"name":"Inicio","item":"https:\/\/www.cde.ual.es\/en\/"},{"@type":"ListItem","position":2,"name":"EU Calls and Awards","item":"https:\/\/www.cde.ual.es\/en\/category\/eu-calls-and-awards\/"},{"@type":"ListItem","position":3,"name":"H2020: 5G for Connected and Automated Mobility (CAM)"}]},{"@type":"WebSite","@id":"https:\/\/www.cde.ual.es\/#website","url":"https:\/\/www.cde.ual.es\/","name":"CDE Almer\u00eda - Centro de Documentaci\u00f3n Europea - Universidad de Almer\u00eda","description":"Centro de Documentaci\u00f3n Europea de la Universidad de Almer\u00eda","publisher":{"@id":"https:\/\/www.cde.ual.es\/#organization"},"alternateName":"CDE Almer\u00eda","potentialAction":[{"@type":"SearchAction","target":{"@type":"EntryPoint","urlTemplate":"https:\/\/www.cde.ual.es\/?s={search_term_string}"},"query-input":{"@type":"PropertyValueSpecification","valueRequired":true,"valueName":"search_term_string"}}],"inLanguage":"en-US"},{"@type":"Organization","@id":"https:\/\/www.cde.ual.es\/#organization","name":"Centro de Documentaci\u00f3n Europea de Almer\u00eda","url":"https:\/\/www.cde.ual.es\/","logo":{"@type":"ImageObject","inLanguage":"en-US","@id":"https:\/\/www.cde.ual.es\/#\/schema\/logo\/image\/","url":"https:\/\/www.cde.ual.es\/wp-content\/uploads\/2025\/07\/cde-logo-3.png","contentUrl":"https:\/\/www.cde.ual.es\/wp-content\/uploads\/2025\/07\/cde-logo-3.png","width":1400,"height":300,"caption":"Centro de Documentaci\u00f3n Europea de Almer\u00eda"},"image":{"@id":"https:\/\/www.cde.ual.es\/#\/schema\/logo\/image\/"},"sameAs":["https:\/\/www.facebook.com\/cdeuniversidadalmeria\/","https:\/\/x.com\/cdeualmeria","https:\/\/www.tiktok.com\/@cdealmeria","https:\/\/www.instagram.com\/cdealmeria\/","https:\/\/www.linkedin.com\/in\/cde-almera-812b26a9\/"]},{"@type":"Person","@id":"https:\/\/www.cde.ual.es\/#\/schema\/person\/ee46ebc19edfa19598c02cff83335acc","name":"BECA 2 CDE","image":{"@type":"ImageObject","inLanguage":"en-US","@id":"https:\/\/secure.gravatar.com\/avatar\/35a481bbc04bbd90e91bdfa3b0b5541036c222a49b9ad37b6889a2afcb5311a5?s=96&d=mm&r=g","url":"https:\/\/secure.gravatar.com\/avatar\/35a481bbc04bbd90e91bdfa3b0b5541036c222a49b9ad37b6889a2afcb5311a5?s=96&d=mm&r=g","contentUrl":"https:\/\/secure.gravatar.com\/avatar\/35a481bbc04bbd90e91bdfa3b0b5541036c222a49b9ad37b6889a2afcb5311a5?s=96&d=mm&r=g","caption":"BECA 2 CDE"},"sameAs":["http:\/\/www.cdealmeria.com"]}]}},"_links":{"self":[{"href":"https:\/\/www.cde.ual.es\/en\/wp-json\/wp\/v2\/posts\/25033","targetHints":{"allow":["GET"]}}],"collection":[{"href":"https:\/\/www.cde.ual.es\/en\/wp-json\/wp\/v2\/posts"}],"about":[{"href":"https:\/\/www.cde.ual.es\/en\/wp-json\/wp\/v2\/types\/post"}],"author":[{"embeddable":true,"href":"https:\/\/www.cde.ual.es\/en\/wp-json\/wp\/v2\/users\/101011"}],"replies":[{"embeddable":true,"href":"https:\/\/www.cde.ual.es\/en\/wp-json\/wp\/v2\/comments?post=25033"}],"version-history":[{"count":0,"href":"https:\/\/www.cde.ual.es\/en\/wp-json\/wp\/v2\/posts\/25033\/revisions"}],"wp:featuredmedia":[{"embeddable":true,"href":"https:\/\/www.cde.ual.es\/en\/wp-json\/wp\/v2\/media\/22527"}],"wp:attachment":[{"href":"https:\/\/www.cde.ual.es\/en\/wp-json\/wp\/v2\/media?parent=25033"}],"wp:term":[{"taxonomy":"category","embeddable":true,"href":"https:\/\/www.cde.ual.es\/en\/wp-json\/wp\/v2\/categories?post=25033"},{"taxonomy":"post_tag","embeddable":true,"href":"https:\/\/www.cde.ual.es\/en\/wp-json\/wp\/v2\/tags?post=25033"}],"curies":[{"name":"wp","href":"https:\/\/api.w.org\/{rel}","templated":true}]}}