{"id":24917,"date":"2019-09-10T03:00:55","date_gmt":"2019-09-10T01:00:55","guid":{"rendered":"https:\/\/www.cde.ual.es\/?p=24917"},"modified":"2019-11-08T12:14:59","modified_gmt":"2019-11-08T11:14:59","slug":"social-inclusion-recent-policy-developments-in-pain-belgium-czechia-and-lithuania","status":"publish","type":"post","link":"https:\/\/www.cde.ual.es\/en\/social-inclusion-recent-policy-developments-in-pain-belgium-czechia-and-lithuania\/","title":{"rendered":"Social inclusion: recent policy developments in Spain, Belgium, Czechia and Lithuania"},"content":{"rendered":"<p><strong><em>La\u00a0Red Europea de Pol\u00edtica Social (ESPN, por sus siglas en ingl\u00e9s) ha publicado cuatro nuevos informes Flash que proporcionan informaci\u00f3n sobre la evoluci\u00f3n reciente de la pol\u00edtica social en B\u00e9lgica, la Rep\u00fablica Checa, Espa\u00f1a y Lituania.<\/em><\/strong><\/p>\n<p><a href=\"https:\/\/www.cde.ual.es\/wp-content\/uploads\/2019\/09\/abandoned-architecture-building-889042.jpg\"><img decoding=\"async\" class=\"size-medium wp-image-24914 aligncenter\" src=\"https:\/\/www.cde.ual.es\/wp-content\/uploads\/2019\/09\/abandoned-architecture-building-889042-300x201.jpg\" alt=\"Fachada frontal de un edificio viejo \" width=\"300\" height=\"201\" srcset=\"https:\/\/www.cde.ual.es\/wp-content\/uploads\/2019\/09\/abandoned-architecture-building-889042-300x201.jpg 300w, https:\/\/www.cde.ual.es\/wp-content\/uploads\/2019\/09\/abandoned-architecture-building-889042-768x514.jpg 768w, https:\/\/www.cde.ual.es\/wp-content\/uploads\/2019\/09\/abandoned-architecture-building-889042-1024x685.jpg 1024w, https:\/\/www.cde.ual.es\/wp-content\/uploads\/2019\/09\/abandoned-architecture-building-889042.jpg 1280w\" sizes=\"(max-width: 300px) 100vw, 300px\" \/><\/a><\/p>\n<h3>Spain<\/h3>\n<p>In March 2019, the Spanish government adopted a new <strong><em>\u201cNational Strategy to Prevent and Combat Poverty and Social Exclusion\u201d<\/em><\/strong>. This includes measures aimed at improving the income guarantee system and combating child poverty which have been positively assessed by non-governmental organisations. As it does not have a specific budget, its implementation will depend on the effective fund allocation and the degree of cooperation between the different levels of public administration.<\/p>\n<h3>Belgium<\/h3>\n<p>A Belgian law introduced in January 2019 provides the possibility for associations defending the interests of vulnerable groups to bring <em>\u201ccollective judicial actions\u201d<\/em> before ordinary courts against private or public measures that risk undermining fundamental rights and freedoms. This opens up new possibilities for civil society organisations fighting against poverty.<\/p>\n<h3>Czech Republic<\/h3>\n<p>In June 2019, the Czech Ministry of Labour and Social Affairs completed the drafting of a new law, the Housing Allowance Act, which would merge the two current housing benefits from 2021. The aim is to end the so-called \u201cpoverty business\u201d, to simplify the system and to better target those in need. However, the draft law<strong> includes controversial elements<\/strong> (e.g. very restrictive conditions and increased bureaucracy for assessing claims) that could hinder the next stages of the legislative process.<\/p>\n<h3>Lithuania<\/h3>\n<p>A new proposal aimed at increasing the marginal personal income tax rate and lowering the pace of increase of tax allowances in Lithuania was put forward by the members of the ruling coalition in late June 2019. The proposal is an important step towards preventing potential <strong>adverse effects of the recent tax reform on income inequality and the financing of social protection.<\/strong><\/p>\n<h2>European Social Policy Network (ESPN)<\/h2>\n<p>The European Social Policy Network (ESPN) provides high-quality and timely independent information, advice, analysis and expertise on social policy issues in the EU, in neighbouring countries and in third countries. It was established in 2014. In particular, ESPN supports the Commission in monitoring progress towards the EU&#8217;s social protection and social inclusion objectives set out in the Europe 2020 Strategy, including the European Pillar of Social Rights, and in the European Semester.<\/p>\n<p>ESPN assists the Commission and the participating countries:<\/p>\n<ul>\n<li>strengthen and promote the role of social policies in national and European policy-making.<br \/>\nensure that economic and financial policies take better account of the objectives of social protection and social inclusion.<\/li>\n<li>It gives the Commission an overview of social protection (i.e. pensions, health care and long-term care) and social inclusion policies in the countries covered, including their strengths and weaknesses, and identifies areas where greater social investment is most needed.<\/li>\n<\/ul>\n<h2>More information<\/h2>\n<p>Access the\u00a0<a href=\"https:\/\/ec.europa.eu\/social\/main.jsp?catId=89&amp;furtherNews=yes&amp;newsId=9420&amp;langId=en#navItem-relatedLinks\">news<\/a><\/p>\n<p><a href=\"https:\/\/ec.europa.eu\/social\/main.jsp?langId=en&amp;catId=1135\">European Social Policy Network (ESPN)<\/a><\/p>\n<p>&nbsp;<\/p>\n","protected":false},"excerpt":{"rendered":"<p>La\u00a0Red Europea de Pol\u00edtica Social (ESPN, por sus siglas en ingl\u00e9s) ha publicado cuatro nuevos informes Flash que proporcionan informaci\u00f3n sobre la evoluci\u00f3n reciente de la pol\u00edtica social en B\u00e9lgica, la Rep\u00fablica Checa, Espa\u00f1a y Lituania. Spain In March 2019, the Spanish government adopted a new \u201cNational Strategy to Prevent and Combat Poverty and Social [&hellip;]<\/p>\n","protected":false},"author":101011,"featured_media":24915,"comment_status":"open","ping_status":"open","sticky":false,"template":"","format":"standard","meta":{"_acf_changed":false,"_relevanssi_hide_post":"","_relevanssi_hide_content":"","_relevanssi_pin_for_all":"","_relevanssi_pin_keywords":"","_relevanssi_unpin_keywords":"","_relevanssi_related_keywords":"","_relevanssi_related_include_ids":"","_relevanssi_related_exclude_ids":"","_relevanssi_related_no_append":"","_relevanssi_related_not_related":"","_relevanssi_related_posts":"","_relevanssi_noindex_reason":"","_monsterinsights_skip_tracking":false,"_monsterinsights_sitenote_active":false,"_monsterinsights_sitenote_note":"","_monsterinsights_sitenote_category":0,"_genesis_hide_title":false,"_genesis_hide_breadcrumbs":false,"_genesis_hide_singular_image":false,"_genesis_hide_footer_widgets":false,"_genesis_custom_body_class":"","_genesis_custom_post_class":"","_genesis_layout":"","footnotes":""},"categories":[346],"tags":[423,457],"class_list":{"0":"post-24917","1":"post","2":"type-post","3":"status-publish","4":"format-standard","5":"has-post-thumbnail","7":"category-eu-news","8":"tag-development-cooperation","9":"tag-social-affairs","10":"entry"},"acf":[],"yoast_head":"<!-- This site is optimized with the Yoast SEO plugin v27.4 - https:\/\/yoast.com\/product\/yoast-seo-wordpress\/ -->\n<title>Social inclusion: recent policy developments in Spain, Belgium, Czechia and Lithuania | CDE Almer\u00eda - Centro de Documentaci\u00f3n Europea - Universidad de Almer\u00eda<\/title>\n<meta name=\"robots\" content=\"index, follow, max-snippet:-1, max-image-preview:large, max-video-preview:-1\" \/>\n<link rel=\"canonical\" href=\"https:\/\/www.cde.ual.es\/en\/social-inclusion-recent-policy-developments-in-pain-belgium-czechia-and-lithuania\/\" \/>\n<meta property=\"og:locale\" content=\"en_US\" \/>\n<meta property=\"og:type\" content=\"article\" \/>\n<meta property=\"og:title\" content=\"Social inclusion: recent policy developments in Spain, Belgium, Czechia and Lithuania | CDE Almer\u00eda - Centro de Documentaci\u00f3n Europea - Universidad de Almer\u00eda\" \/>\n<meta property=\"og:description\" content=\"La\u00a0Red Europea de Pol\u00edtica Social (ESPN, por sus siglas en ingl\u00e9s) ha publicado cuatro nuevos informes Flash que proporcionan informaci\u00f3n sobre la evoluci\u00f3n reciente de la pol\u00edtica social en B\u00e9lgica, la Rep\u00fablica Checa, Espa\u00f1a y Lituania. Spain In March 2019, the Spanish government adopted a new \u201cNational Strategy to Prevent and Combat Poverty and Social [&hellip;]\" \/>\n<meta property=\"og:url\" content=\"https:\/\/www.cde.ual.es\/en\/social-inclusion-recent-policy-developments-in-pain-belgium-czechia-and-lithuania\/\" \/>\n<meta property=\"og:site_name\" content=\"CDE Almer\u00eda - Centro de Documentaci\u00f3n Europea - Universidad de Almer\u00eda\" \/>\n<meta property=\"article:publisher\" content=\"https:\/\/www.facebook.com\/cdeuniversidadalmeria\/\" \/>\n<meta property=\"article:published_time\" content=\"2019-09-10T01:00:55+00:00\" \/>\n<meta property=\"article:modified_time\" content=\"2019-11-08T11:14:59+00:00\" \/>\n<meta property=\"og:image\" content=\"https:\/\/www.cde.ual.es\/wp-content\/uploads\/2019\/09\/abandoned-architecture-building-889042.jpg\" \/>\n\t<meta property=\"og:image:width\" content=\"1280\" \/>\n\t<meta property=\"og:image:height\" content=\"856\" \/>\n\t<meta property=\"og:image:type\" content=\"image\/jpeg\" \/>\n<meta name=\"author\" content=\"BECA 2 CDE\" \/>\n<meta name=\"twitter:card\" content=\"summary_large_image\" \/>\n<meta name=\"twitter:creator\" content=\"@cdeualmeria\" \/>\n<meta name=\"twitter:site\" content=\"@cdeualmeria\" \/>\n<meta name=\"twitter:label1\" content=\"Written by\" \/>\n\t<meta name=\"twitter:data1\" content=\"BECA 2 CDE\" \/>\n\t<meta name=\"twitter:label2\" content=\"Est. reading time\" \/>\n\t<meta name=\"twitter:data2\" content=\"2 minutes\" \/>\n<script type=\"application\/ld+json\" class=\"yoast-schema-graph\">{\"@context\":\"https:\\\/\\\/schema.org\",\"@graph\":[{\"@type\":\"Article\",\"@id\":\"https:\\\/\\\/www.cde.ual.es\\\/en\\\/social-inclusion-recent-policy-developments-in-pain-belgium-czechia-and-lithuania\\\/#article\",\"isPartOf\":{\"@id\":\"https:\\\/\\\/www.cde.ual.es\\\/en\\\/social-inclusion-recent-policy-developments-in-pain-belgium-czechia-and-lithuania\\\/\"},\"author\":{\"name\":\"BECA 2 CDE\",\"@id\":\"https:\\\/\\\/www.cde.ual.es\\\/#\\\/schema\\\/person\\\/ee46ebc19edfa19598c02cff83335acc\"},\"headline\":\"Social inclusion: recent policy developments in Spain, Belgium, Czechia and Lithuania\",\"datePublished\":\"2019-09-10T01:00:55+00:00\",\"dateModified\":\"2019-11-08T11:14:59+00:00\",\"mainEntityOfPage\":{\"@id\":\"https:\\\/\\\/www.cde.ual.es\\\/en\\\/social-inclusion-recent-policy-developments-in-pain-belgium-czechia-and-lithuania\\\/\"},\"wordCount\":484,\"commentCount\":0,\"publisher\":{\"@id\":\"https:\\\/\\\/www.cde.ual.es\\\/#organization\"},\"image\":{\"@id\":\"https:\\\/\\\/www.cde.ual.es\\\/en\\\/social-inclusion-recent-policy-developments-in-pain-belgium-czechia-and-lithuania\\\/#primaryimage\"},\"thumbnailUrl\":\"https:\\\/\\\/www.cde.ual.es\\\/wp-content\\\/uploads\\\/2019\\\/09\\\/abandoned-architecture-building-889042.jpg\",\"keywords\":[\"Development Cooperation\",\"Social Affairs\"],\"articleSection\":[\"EU News\"],\"inLanguage\":\"en-US\",\"potentialAction\":[{\"@type\":\"CommentAction\",\"name\":\"Comment\",\"target\":[\"https:\\\/\\\/www.cde.ual.es\\\/en\\\/social-inclusion-recent-policy-developments-in-pain-belgium-czechia-and-lithuania\\\/#respond\"]}]},{\"@type\":\"WebPage\",\"@id\":\"https:\\\/\\\/www.cde.ual.es\\\/en\\\/social-inclusion-recent-policy-developments-in-pain-belgium-czechia-and-lithuania\\\/\",\"url\":\"https:\\\/\\\/www.cde.ual.es\\\/en\\\/social-inclusion-recent-policy-developments-in-pain-belgium-czechia-and-lithuania\\\/\",\"name\":\"Social inclusion: recent policy developments in Spain, Belgium, Czechia and Lithuania | CDE Almer\u00eda - Centro de Documentaci\u00f3n Europea - Universidad de Almer\u00eda\",\"isPartOf\":{\"@id\":\"https:\\\/\\\/www.cde.ual.es\\\/#website\"},\"primaryImageOfPage\":{\"@id\":\"https:\\\/\\\/www.cde.ual.es\\\/en\\\/social-inclusion-recent-policy-developments-in-pain-belgium-czechia-and-lithuania\\\/#primaryimage\"},\"image\":{\"@id\":\"https:\\\/\\\/www.cde.ual.es\\\/en\\\/social-inclusion-recent-policy-developments-in-pain-belgium-czechia-and-lithuania\\\/#primaryimage\"},\"thumbnailUrl\":\"https:\\\/\\\/www.cde.ual.es\\\/wp-content\\\/uploads\\\/2019\\\/09\\\/abandoned-architecture-building-889042.jpg\",\"datePublished\":\"2019-09-10T01:00:55+00:00\",\"dateModified\":\"2019-11-08T11:14:59+00:00\",\"breadcrumb\":{\"@id\":\"https:\\\/\\\/www.cde.ual.es\\\/en\\\/social-inclusion-recent-policy-developments-in-pain-belgium-czechia-and-lithuania\\\/#breadcrumb\"},\"inLanguage\":\"en-US\",\"potentialAction\":[{\"@type\":\"ReadAction\",\"target\":[\"https:\\\/\\\/www.cde.ual.es\\\/en\\\/social-inclusion-recent-policy-developments-in-pain-belgium-czechia-and-lithuania\\\/\"]}]},{\"@type\":\"ImageObject\",\"inLanguage\":\"en-US\",\"@id\":\"https:\\\/\\\/www.cde.ual.es\\\/en\\\/social-inclusion-recent-policy-developments-in-pain-belgium-czechia-and-lithuania\\\/#primaryimage\",\"url\":\"https:\\\/\\\/www.cde.ual.es\\\/wp-content\\\/uploads\\\/2019\\\/09\\\/abandoned-architecture-building-889042.jpg\",\"contentUrl\":\"https:\\\/\\\/www.cde.ual.es\\\/wp-content\\\/uploads\\\/2019\\\/09\\\/abandoned-architecture-building-889042.jpg\",\"width\":1280,\"height\":856,\"caption\":\"Fachada frontal de un edificio viejo\"},{\"@type\":\"BreadcrumbList\",\"@id\":\"https:\\\/\\\/www.cde.ual.es\\\/en\\\/social-inclusion-recent-policy-developments-in-pain-belgium-czechia-and-lithuania\\\/#breadcrumb\",\"itemListElement\":[{\"@type\":\"ListItem\",\"position\":1,\"name\":\"Inicio\",\"item\":\"https:\\\/\\\/www.cde.ual.es\\\/en\\\/\"},{\"@type\":\"ListItem\",\"position\":2,\"name\":\"EU News\",\"item\":\"https:\\\/\\\/www.cde.ual.es\\\/en\\\/category\\\/eu-news\\\/\"},{\"@type\":\"ListItem\",\"position\":3,\"name\":\"Social inclusion: recent policy developments in Spain, Belgium, Czechia and Lithuania\"}]},{\"@type\":\"WebSite\",\"@id\":\"https:\\\/\\\/www.cde.ual.es\\\/#website\",\"url\":\"https:\\\/\\\/www.cde.ual.es\\\/\",\"name\":\"CDE Almer\u00eda - Centro de Documentaci\u00f3n Europea - Universidad de Almer\u00eda\",\"description\":\"Centro de Documentaci\u00f3n Europea de la Universidad de Almer\u00eda\",\"publisher\":{\"@id\":\"https:\\\/\\\/www.cde.ual.es\\\/#organization\"},\"alternateName\":\"CDE Almer\u00eda\",\"potentialAction\":[{\"@type\":\"SearchAction\",\"target\":{\"@type\":\"EntryPoint\",\"urlTemplate\":\"https:\\\/\\\/www.cde.ual.es\\\/?s={search_term_string}\"},\"query-input\":{\"@type\":\"PropertyValueSpecification\",\"valueRequired\":true,\"valueName\":\"search_term_string\"}}],\"inLanguage\":\"en-US\"},{\"@type\":\"Organization\",\"@id\":\"https:\\\/\\\/www.cde.ual.es\\\/#organization\",\"name\":\"Centro de Documentaci\u00f3n Europea de Almer\u00eda\",\"url\":\"https:\\\/\\\/www.cde.ual.es\\\/\",\"logo\":{\"@type\":\"ImageObject\",\"inLanguage\":\"en-US\",\"@id\":\"https:\\\/\\\/www.cde.ual.es\\\/#\\\/schema\\\/logo\\\/image\\\/\",\"url\":\"https:\\\/\\\/www.cde.ual.es\\\/wp-content\\\/uploads\\\/2025\\\/07\\\/cde-logo-3.png\",\"contentUrl\":\"https:\\\/\\\/www.cde.ual.es\\\/wp-content\\\/uploads\\\/2025\\\/07\\\/cde-logo-3.png\",\"width\":1400,\"height\":300,\"caption\":\"Centro de Documentaci\u00f3n Europea de Almer\u00eda\"},\"image\":{\"@id\":\"https:\\\/\\\/www.cde.ual.es\\\/#\\\/schema\\\/logo\\\/image\\\/\"},\"sameAs\":[\"https:\\\/\\\/www.facebook.com\\\/cdeuniversidadalmeria\\\/\",\"https:\\\/\\\/x.com\\\/cdeualmeria\",\"https:\\\/\\\/www.tiktok.com\\\/@cdealmeria\",\"https:\\\/\\\/www.instagram.com\\\/cdealmeria\\\/\",\"https:\\\/\\\/www.linkedin.com\\\/in\\\/cde-almera-812b26a9\\\/\"]},{\"@type\":\"Person\",\"@id\":\"https:\\\/\\\/www.cde.ual.es\\\/#\\\/schema\\\/person\\\/ee46ebc19edfa19598c02cff83335acc\",\"name\":\"BECA 2 CDE\",\"image\":{\"@type\":\"ImageObject\",\"inLanguage\":\"en-US\",\"@id\":\"https:\\\/\\\/secure.gravatar.com\\\/avatar\\\/35a481bbc04bbd90e91bdfa3b0b5541036c222a49b9ad37b6889a2afcb5311a5?s=96&d=mm&r=g\",\"url\":\"https:\\\/\\\/secure.gravatar.com\\\/avatar\\\/35a481bbc04bbd90e91bdfa3b0b5541036c222a49b9ad37b6889a2afcb5311a5?s=96&d=mm&r=g\",\"contentUrl\":\"https:\\\/\\\/secure.gravatar.com\\\/avatar\\\/35a481bbc04bbd90e91bdfa3b0b5541036c222a49b9ad37b6889a2afcb5311a5?s=96&d=mm&r=g\",\"caption\":\"BECA 2 CDE\"},\"sameAs\":[\"http:\\\/\\\/www.cdealmeria.com\"]}]}<\/script>\n<!-- \/ Yoast SEO plugin. -->","yoast_head_json":{"title":"Social inclusion: recent policy developments in Spain, Belgium, Czechia and Lithuania | CDE Almer\u00eda - Centro de Documentaci\u00f3n Europea - Universidad de Almer\u00eda","robots":{"index":"index","follow":"follow","max-snippet":"max-snippet:-1","max-image-preview":"max-image-preview:large","max-video-preview":"max-video-preview:-1"},"canonical":"https:\/\/www.cde.ual.es\/en\/social-inclusion-recent-policy-developments-in-pain-belgium-czechia-and-lithuania\/","og_locale":"en_US","og_type":"article","og_title":"Social inclusion: recent policy developments in Spain, Belgium, Czechia and Lithuania | CDE Almer\u00eda - Centro de Documentaci\u00f3n Europea - Universidad de Almer\u00eda","og_description":"La\u00a0Red Europea de Pol\u00edtica Social (ESPN, por sus siglas en ingl\u00e9s) ha publicado cuatro nuevos informes Flash que proporcionan informaci\u00f3n sobre la evoluci\u00f3n reciente de la pol\u00edtica social en B\u00e9lgica, la Rep\u00fablica Checa, Espa\u00f1a y Lituania. Spain In March 2019, the Spanish government adopted a new \u201cNational Strategy to Prevent and Combat Poverty and Social [&hellip;]","og_url":"https:\/\/www.cde.ual.es\/en\/social-inclusion-recent-policy-developments-in-pain-belgium-czechia-and-lithuania\/","og_site_name":"CDE Almer\u00eda - Centro de Documentaci\u00f3n Europea - Universidad de Almer\u00eda","article_publisher":"https:\/\/www.facebook.com\/cdeuniversidadalmeria\/","article_published_time":"2019-09-10T01:00:55+00:00","article_modified_time":"2019-11-08T11:14:59+00:00","og_image":[{"width":1280,"height":856,"url":"https:\/\/www.cde.ual.es\/wp-content\/uploads\/2019\/09\/abandoned-architecture-building-889042.jpg","type":"image\/jpeg"}],"author":"BECA 2 CDE","twitter_card":"summary_large_image","twitter_creator":"@cdeualmeria","twitter_site":"@cdeualmeria","twitter_misc":{"Written by":"BECA 2 CDE","Est. reading time":"2 minutes"},"schema":{"@context":"https:\/\/schema.org","@graph":[{"@type":"Article","@id":"https:\/\/www.cde.ual.es\/en\/social-inclusion-recent-policy-developments-in-pain-belgium-czechia-and-lithuania\/#article","isPartOf":{"@id":"https:\/\/www.cde.ual.es\/en\/social-inclusion-recent-policy-developments-in-pain-belgium-czechia-and-lithuania\/"},"author":{"name":"BECA 2 CDE","@id":"https:\/\/www.cde.ual.es\/#\/schema\/person\/ee46ebc19edfa19598c02cff83335acc"},"headline":"Social inclusion: recent policy developments in Spain, Belgium, Czechia and Lithuania","datePublished":"2019-09-10T01:00:55+00:00","dateModified":"2019-11-08T11:14:59+00:00","mainEntityOfPage":{"@id":"https:\/\/www.cde.ual.es\/en\/social-inclusion-recent-policy-developments-in-pain-belgium-czechia-and-lithuania\/"},"wordCount":484,"commentCount":0,"publisher":{"@id":"https:\/\/www.cde.ual.es\/#organization"},"image":{"@id":"https:\/\/www.cde.ual.es\/en\/social-inclusion-recent-policy-developments-in-pain-belgium-czechia-and-lithuania\/#primaryimage"},"thumbnailUrl":"https:\/\/www.cde.ual.es\/wp-content\/uploads\/2019\/09\/abandoned-architecture-building-889042.jpg","keywords":["Development Cooperation","Social Affairs"],"articleSection":["EU News"],"inLanguage":"en-US","potentialAction":[{"@type":"CommentAction","name":"Comment","target":["https:\/\/www.cde.ual.es\/en\/social-inclusion-recent-policy-developments-in-pain-belgium-czechia-and-lithuania\/#respond"]}]},{"@type":"WebPage","@id":"https:\/\/www.cde.ual.es\/en\/social-inclusion-recent-policy-developments-in-pain-belgium-czechia-and-lithuania\/","url":"https:\/\/www.cde.ual.es\/en\/social-inclusion-recent-policy-developments-in-pain-belgium-czechia-and-lithuania\/","name":"Social inclusion: recent policy developments in Spain, Belgium, Czechia and Lithuania | CDE Almer\u00eda - Centro de Documentaci\u00f3n Europea - Universidad de Almer\u00eda","isPartOf":{"@id":"https:\/\/www.cde.ual.es\/#website"},"primaryImageOfPage":{"@id":"https:\/\/www.cde.ual.es\/en\/social-inclusion-recent-policy-developments-in-pain-belgium-czechia-and-lithuania\/#primaryimage"},"image":{"@id":"https:\/\/www.cde.ual.es\/en\/social-inclusion-recent-policy-developments-in-pain-belgium-czechia-and-lithuania\/#primaryimage"},"thumbnailUrl":"https:\/\/www.cde.ual.es\/wp-content\/uploads\/2019\/09\/abandoned-architecture-building-889042.jpg","datePublished":"2019-09-10T01:00:55+00:00","dateModified":"2019-11-08T11:14:59+00:00","breadcrumb":{"@id":"https:\/\/www.cde.ual.es\/en\/social-inclusion-recent-policy-developments-in-pain-belgium-czechia-and-lithuania\/#breadcrumb"},"inLanguage":"en-US","potentialAction":[{"@type":"ReadAction","target":["https:\/\/www.cde.ual.es\/en\/social-inclusion-recent-policy-developments-in-pain-belgium-czechia-and-lithuania\/"]}]},{"@type":"ImageObject","inLanguage":"en-US","@id":"https:\/\/www.cde.ual.es\/en\/social-inclusion-recent-policy-developments-in-pain-belgium-czechia-and-lithuania\/#primaryimage","url":"https:\/\/www.cde.ual.es\/wp-content\/uploads\/2019\/09\/abandoned-architecture-building-889042.jpg","contentUrl":"https:\/\/www.cde.ual.es\/wp-content\/uploads\/2019\/09\/abandoned-architecture-building-889042.jpg","width":1280,"height":856,"caption":"Fachada frontal de un edificio viejo"},{"@type":"BreadcrumbList","@id":"https:\/\/www.cde.ual.es\/en\/social-inclusion-recent-policy-developments-in-pain-belgium-czechia-and-lithuania\/#breadcrumb","itemListElement":[{"@type":"ListItem","position":1,"name":"Inicio","item":"https:\/\/www.cde.ual.es\/en\/"},{"@type":"ListItem","position":2,"name":"EU News","item":"https:\/\/www.cde.ual.es\/en\/category\/eu-news\/"},{"@type":"ListItem","position":3,"name":"Social inclusion: recent policy developments in Spain, Belgium, Czechia and Lithuania"}]},{"@type":"WebSite","@id":"https:\/\/www.cde.ual.es\/#website","url":"https:\/\/www.cde.ual.es\/","name":"CDE Almer\u00eda - Centro de Documentaci\u00f3n Europea - Universidad de Almer\u00eda","description":"Centro de Documentaci\u00f3n Europea de la Universidad de Almer\u00eda","publisher":{"@id":"https:\/\/www.cde.ual.es\/#organization"},"alternateName":"CDE Almer\u00eda","potentialAction":[{"@type":"SearchAction","target":{"@type":"EntryPoint","urlTemplate":"https:\/\/www.cde.ual.es\/?s={search_term_string}"},"query-input":{"@type":"PropertyValueSpecification","valueRequired":true,"valueName":"search_term_string"}}],"inLanguage":"en-US"},{"@type":"Organization","@id":"https:\/\/www.cde.ual.es\/#organization","name":"Centro de Documentaci\u00f3n Europea de Almer\u00eda","url":"https:\/\/www.cde.ual.es\/","logo":{"@type":"ImageObject","inLanguage":"en-US","@id":"https:\/\/www.cde.ual.es\/#\/schema\/logo\/image\/","url":"https:\/\/www.cde.ual.es\/wp-content\/uploads\/2025\/07\/cde-logo-3.png","contentUrl":"https:\/\/www.cde.ual.es\/wp-content\/uploads\/2025\/07\/cde-logo-3.png","width":1400,"height":300,"caption":"Centro de Documentaci\u00f3n Europea de Almer\u00eda"},"image":{"@id":"https:\/\/www.cde.ual.es\/#\/schema\/logo\/image\/"},"sameAs":["https:\/\/www.facebook.com\/cdeuniversidadalmeria\/","https:\/\/x.com\/cdeualmeria","https:\/\/www.tiktok.com\/@cdealmeria","https:\/\/www.instagram.com\/cdealmeria\/","https:\/\/www.linkedin.com\/in\/cde-almera-812b26a9\/"]},{"@type":"Person","@id":"https:\/\/www.cde.ual.es\/#\/schema\/person\/ee46ebc19edfa19598c02cff83335acc","name":"BECA 2 CDE","image":{"@type":"ImageObject","inLanguage":"en-US","@id":"https:\/\/secure.gravatar.com\/avatar\/35a481bbc04bbd90e91bdfa3b0b5541036c222a49b9ad37b6889a2afcb5311a5?s=96&d=mm&r=g","url":"https:\/\/secure.gravatar.com\/avatar\/35a481bbc04bbd90e91bdfa3b0b5541036c222a49b9ad37b6889a2afcb5311a5?s=96&d=mm&r=g","contentUrl":"https:\/\/secure.gravatar.com\/avatar\/35a481bbc04bbd90e91bdfa3b0b5541036c222a49b9ad37b6889a2afcb5311a5?s=96&d=mm&r=g","caption":"BECA 2 CDE"},"sameAs":["http:\/\/www.cdealmeria.com"]}]}},"_links":{"self":[{"href":"https:\/\/www.cde.ual.es\/en\/wp-json\/wp\/v2\/posts\/24917","targetHints":{"allow":["GET"]}}],"collection":[{"href":"https:\/\/www.cde.ual.es\/en\/wp-json\/wp\/v2\/posts"}],"about":[{"href":"https:\/\/www.cde.ual.es\/en\/wp-json\/wp\/v2\/types\/post"}],"author":[{"embeddable":true,"href":"https:\/\/www.cde.ual.es\/en\/wp-json\/wp\/v2\/users\/101011"}],"replies":[{"embeddable":true,"href":"https:\/\/www.cde.ual.es\/en\/wp-json\/wp\/v2\/comments?post=24917"}],"version-history":[{"count":0,"href":"https:\/\/www.cde.ual.es\/en\/wp-json\/wp\/v2\/posts\/24917\/revisions"}],"wp:featuredmedia":[{"embeddable":true,"href":"https:\/\/www.cde.ual.es\/en\/wp-json\/wp\/v2\/media\/24915"}],"wp:attachment":[{"href":"https:\/\/www.cde.ual.es\/en\/wp-json\/wp\/v2\/media?parent=24917"}],"wp:term":[{"taxonomy":"category","embeddable":true,"href":"https:\/\/www.cde.ual.es\/en\/wp-json\/wp\/v2\/categories?post=24917"},{"taxonomy":"post_tag","embeddable":true,"href":"https:\/\/www.cde.ual.es\/en\/wp-json\/wp\/v2\/tags?post=24917"}],"curies":[{"name":"wp","href":"https:\/\/api.w.org\/{rel}","templated":true}]}}