{"id":2424,"date":"2018-02-05T17:18:38","date_gmt":"2018-02-05T16:18:38","guid":{"rendered":"http:\/\/www.cde.ual.es\/?p=2424"},"modified":"2018-02-05T17:20:33","modified_gmt":"2018-02-05T16:20:33","slug":"premio-de-periodismo-lorenzo-natali","status":"publish","type":"post","link":"https:\/\/www.cde.ual.es\/en\/premio-de-periodismo-lorenzo-natali\/","title":{"rendered":"Premio de Periodismo Lorenzo Natali"},"content":{"rendered":"<p>&nbsp;<\/p>\n<p><span lang=\"ES\">La desinformaci\u00f3n y las noticias falsas parecen ser la m\u00e1xima en algunos medios de comunicaci\u00f3n y espacios dedicados a\u00a0 la informaci\u00f3n. Es por ello, que desde la Uni\u00f3n Europea se ha hecho patente la necesidad de dar visibilidad a profesionales que informan e inspiran con sus cr\u00f3nicas a una sociedad con ganas de cambio.\u00a0El <em><strong>Premio de Periodismo Lorenzo Natali<\/strong> <\/em>se concede a periodistas que informen sobre cuestiones como la erradicaci\u00f3n de la pobreza y las dimensiones econ\u00f3micas, sociales y medioambientales del desarrollo sostenible. Si te interesa a continuaci\u00f3n te dejamos las bases de la convocatoria:<\/span><\/p>\n<p><b><span lang=\"ES\">Plazo: <\/span><\/b><\/p>\n<p><span lang=\"ES\">5 de febrero al 9 de marzo para obras audiovisuales, impresas y en l\u00ednea.<\/span><u><\/u><u><\/u><\/p>\n<p><b><span lang=\"ES\">C\u00f3mo presentar la candidatura<\/span><\/b><u><\/u><u><\/u><\/p>\n<p><span lang=\"ES\">Se invita a los periodistas a que\u00a0<\/span><a href=\"http:\/\/www.phrenos.eu\/lorenzo-natali-prize\/\" target=\"_blank\" rel=\"noopener\" data-saferedirecturl=\"https:\/\/www.google.com\/url?hl=es&amp;q=http:\/\/www.phrenos.eu\/lorenzo-natali-prize\/&amp;source=gmail&amp;ust=1517932803457000&amp;usg=AFQjCNGf0N5TP-zDYEKZqSm66SikQt6Efw\"><span lang=\"ES\">presenten sus trabajos<\/span><\/a><span lang=\"ES\">, en formato impreso, digital, de radio o televisi\u00f3n. Se puede encontrar en l\u00ednea informaci\u00f3n detallada sobre las\u00a0<\/span><a href=\"https:\/\/ec.europa.eu\/europeaid\/lnp_en\" target=\"_blank\" rel=\"noopener\" data-saferedirecturl=\"https:\/\/www.google.com\/url?hl=es&amp;q=https:\/\/ec.europa.eu\/europeaid\/lnp_en&amp;source=gmail&amp;ust=1517932803457000&amp;usg=AFQjCNHmhr0yYL2y66V0YqYWo-UuAIb9UQ\"><span lang=\"ES\">normas y criterios concretos<\/span><\/a><span lang=\"ES\">.<u><\/u><u><\/u><\/span><\/p>\n<p><b><span lang=\"ES\">Categor\u00edas de premios<\/span><\/b><u><\/u><u><\/u><\/p>\n<p><span lang=\"ES\">El premio tiene dos categor\u00edas seg\u00fan grupos de edad: de 21 a 26 a\u00f1os, y a partir de 27 a\u00f1os. Para cada categor\u00eda habr\u00e1 un ganador de cada regi\u00f3n: \u00c1frica, el mundo \u00e1rabe y el Oriente Pr\u00f3ximo, Asia y el Pac\u00edfico, Am\u00e9rica Latina y el Caribe, y Europa.<u><\/u><u><\/u><\/span><\/p>\n<p><span lang=\"ES\">Se seleccionar\u00e1 al ganador absoluto de entre los galardonados de cada regi\u00f3n y se conceder\u00e1 un premio tem\u00e1tico adicional para un trabajo centrado en la erradicaci\u00f3n de la violencia contra las mujeres y las ni\u00f1as.<u><\/u><u><\/u><\/span><\/p>\n<p><span lang=\"ES\">La selecci\u00f3n la realizar\u00e1 un \u00abgran jurado\u00bb compuesto de periodistas de renombre de todo el mundo. Algunos miembros del jurado de este a\u00f1o son Bruce Shapiro (Columbia School of Journalism), Isabel Recavarren (periodista peruana y fundadora de\u00a0<i>Panor\u00e1mica Lationamericana<\/i>), Mahendra Ved (periodista de Nueva Deli y presidenta de la Commonwealth Journalists Association), Maroun Labaki (peri\u00f3dico\u00a0<i>Le Soir<\/i>) y Mary Harper (directora para \u00c1frica del BBC World Service).<u><\/u><u><\/u><\/span><\/p>\n<p><span lang=\"ES\">Los 11 ganadores recibir\u00e1n sus premios en una ceremonia durante las\u00a0<\/span><a href=\"https:\/\/eudevdays.eu\/\" target=\"_blank\" rel=\"noopener\" data-saferedirecturl=\"https:\/\/www.google.com\/url?hl=es&amp;q=https:\/\/eudevdays.eu\/&amp;source=gmail&amp;ust=1517932803457000&amp;usg=AFQjCNHTbxnPFkQ-H7ksqdNWAnVnfGl6iw\"><span lang=\"ES\">Jornadas Europeas del Desarrollo<\/span><\/a><span lang=\"ES\">\u00a0de 2018, que se celebrar\u00e1n en Bruselas en junio.<u><\/u><u><\/u><\/span><\/p>\n<p><b><span lang=\"ES\">Antecedentes<\/span><\/b><u><\/u><u><\/u><\/p>\n<p><span lang=\"ES\">Este premio, creado en 1992, se concede en memoria de Lorenzo Natali, que fue comisario europeo durante doce a\u00f1os y responsable, entre otras cosas, de la cartera de Cooperaci\u00f3n Internacional y Asuntos de Desarrollo entre 1985 y 1989. Fue un firme defensor de la libertad de expresi\u00f3n, la democracia, los derechos humanos y el desarrollo.<u><\/u><u><\/u><\/span><\/p>\n<p><b><span lang=\"ES\">M\u00e1s informaci\u00f3n<\/span><\/b><u><\/u><u><\/u><\/p>\n<p><a href=\"http:\/\/ec.europa.eu\/europeaid\/lnp\" target=\"_blank\" rel=\"noopener\" data-saferedirecturl=\"https:\/\/www.google.com\/url?hl=es&amp;q=http:\/\/ec.europa.eu\/europeaid\/lnp&amp;source=gmail&amp;ust=1517932803457000&amp;usg=AFQjCNF88Z0Yxv0rsftrk8akOvVuels3gg\"><span lang=\"ES\">Premio de Periodismo Lorenzo Natali<\/span><\/a><u><\/u><u><\/u><\/p>\n<p><a href=\"http:\/\/www.phrenos.eu\/lorenzo-natali-prize\/\" target=\"_blank\" rel=\"noopener\" data-saferedirecturl=\"https:\/\/www.google.com\/url?hl=es&amp;q=http:\/\/www.phrenos.eu\/lorenzo-natali-prize\/&amp;source=gmail&amp;ust=1517932803457000&amp;usg=AFQjCNGf0N5TP-zDYEKZqSm66SikQt6Efw\">Candidaturas<\/a><u><\/u><u><\/u><\/p>\n<p><a href=\"https:\/\/www.eudevdays.eu\/\" target=\"_blank\" rel=\"noopener\" data-saferedirecturl=\"https:\/\/www.google.com\/url?hl=es&amp;q=https:\/\/www.eudevdays.eu\/&amp;source=gmail&amp;ust=1517932803457000&amp;usg=AFQjCNEbmObhNXQ0M7HTIrPidO2vh1RDmA\">Jornadas Europeas del Desarrollo<\/a><u><\/u><u><\/u><\/p>\n<p>Etiqueta: #NataliPrize<\/p>\n","protected":false},"excerpt":{"rendered":"<p>&nbsp; La desinformaci\u00f3n y las noticias falsas parecen ser la m\u00e1xima en algunos medios de comunicaci\u00f3n y espacios dedicados a\u00a0 la informaci\u00f3n. Es por ello, que desde la Uni\u00f3n Europea se ha hecho patente la necesidad de dar visibilidad a profesionales que informan e inspiran con sus cr\u00f3nicas a una sociedad con ganas de cambio.\u00a0El [&hellip;]<\/p>\n","protected":false},"author":1,"featured_media":2425,"comment_status":"open","ping_status":"open","sticky":false,"template":"","format":"standard","meta":{"_acf_changed":false,"_relevanssi_hide_post":"","_relevanssi_hide_content":"","_relevanssi_pin_for_all":"","_relevanssi_pin_keywords":"","_relevanssi_unpin_keywords":"","_relevanssi_related_keywords":"","_relevanssi_related_include_ids":"","_relevanssi_related_exclude_ids":"","_relevanssi_related_no_append":"","_relevanssi_related_not_related":"","_relevanssi_related_posts":"","_relevanssi_noindex_reason":"","_monsterinsights_skip_tracking":false,"_monsterinsights_sitenote_active":false,"_monsterinsights_sitenote_note":"","_monsterinsights_sitenote_category":0,"_genesis_hide_title":false,"_genesis_hide_breadcrumbs":false,"_genesis_hide_singular_image":false,"_genesis_hide_footer_widgets":false,"_genesis_custom_body_class":"","_genesis_custom_post_class":"","_genesis_layout":"","footnotes":""},"categories":[1],"tags":[],"class_list":{"0":"post-2424","1":"post","2":"type-post","3":"status-publish","4":"format-standard","5":"has-post-thumbnail","7":"category-sin-categorizar","8":"entry"},"acf":[],"yoast_head":"<!-- This site is optimized with the Yoast SEO plugin v27.4 - https:\/\/yoast.com\/product\/yoast-seo-wordpress\/ -->\n<title>Premio de Periodismo Lorenzo Natali | CDE Almer\u00eda - Centro de Documentaci\u00f3n Europea - Universidad de Almer\u00eda<\/title>\n<meta name=\"robots\" content=\"index, follow, max-snippet:-1, max-image-preview:large, max-video-preview:-1\" \/>\n<link rel=\"canonical\" href=\"https:\/\/www.cde.ual.es\/premio-de-periodismo-lorenzo-natali\/\" \/>\n<meta property=\"og:locale\" content=\"en_US\" \/>\n<meta property=\"og:type\" content=\"article\" \/>\n<meta property=\"og:title\" content=\"Premio de Periodismo Lorenzo Natali | CDE Almer\u00eda - Centro de Documentaci\u00f3n Europea - Universidad de Almer\u00eda\" \/>\n<meta property=\"og:description\" content=\"&nbsp; La desinformaci\u00f3n y las noticias falsas parecen ser la m\u00e1xima en algunos medios de comunicaci\u00f3n y espacios dedicados a\u00a0 la informaci\u00f3n. Es por ello, que desde la Uni\u00f3n Europea se ha hecho patente la necesidad de dar visibilidad a profesionales que informan e inspiran con sus cr\u00f3nicas a una sociedad con ganas de cambio.\u00a0El [&hellip;]\" \/>\n<meta property=\"og:url\" content=\"https:\/\/www.cde.ual.es\/premio-de-periodismo-lorenzo-natali\/\" \/>\n<meta property=\"og:site_name\" content=\"CDE Almer\u00eda - Centro de Documentaci\u00f3n Europea - Universidad de Almer\u00eda\" \/>\n<meta property=\"article:publisher\" content=\"https:\/\/www.facebook.com\/cdeuniversidadalmeria\/\" \/>\n<meta property=\"article:published_time\" content=\"2018-02-05T16:18:38+00:00\" \/>\n<meta property=\"article:modified_time\" content=\"2018-02-05T16:20:33+00:00\" \/>\n<meta property=\"og:image\" content=\"https:\/\/www.cde.ual.es\/wp-content\/uploads\/2018\/02\/periodismo-natali.jpg\" \/>\n\t<meta property=\"og:image:width\" content=\"510\" \/>\n\t<meta property=\"og:image:height\" content=\"340\" \/>\n\t<meta property=\"og:image:type\" content=\"image\/jpeg\" \/>\n<meta name=\"author\" content=\"AdminCDE\" \/>\n<meta name=\"twitter:card\" content=\"summary_large_image\" \/>\n<meta name=\"twitter:creator\" content=\"@cdeualmeria\" \/>\n<meta name=\"twitter:site\" content=\"@cdeualmeria\" \/>\n<meta name=\"twitter:label1\" content=\"Written by\" \/>\n\t<meta name=\"twitter:data1\" content=\"AdminCDE\" \/>\n\t<meta name=\"twitter:label2\" content=\"Est. reading time\" \/>\n\t<meta name=\"twitter:data2\" content=\"2 minutes\" \/>\n<script type=\"application\/ld+json\" class=\"yoast-schema-graph\">{\"@context\":\"https:\\\/\\\/schema.org\",\"@graph\":[{\"@type\":\"Article\",\"@id\":\"https:\\\/\\\/www.cde.ual.es\\\/premio-de-periodismo-lorenzo-natali\\\/#article\",\"isPartOf\":{\"@id\":\"https:\\\/\\\/www.cde.ual.es\\\/premio-de-periodismo-lorenzo-natali\\\/\"},\"author\":{\"name\":\"AdminCDE\",\"@id\":\"https:\\\/\\\/www.cde.ual.es\\\/#\\\/schema\\\/person\\\/224ef08c8bcc005f319d2713ce37ee5f\"},\"headline\":\"Premio de Periodismo Lorenzo Natali\",\"datePublished\":\"2018-02-05T16:18:38+00:00\",\"dateModified\":\"2018-02-05T16:20:33+00:00\",\"mainEntityOfPage\":{\"@id\":\"https:\\\/\\\/www.cde.ual.es\\\/premio-de-periodismo-lorenzo-natali\\\/\"},\"wordCount\":428,\"commentCount\":0,\"publisher\":{\"@id\":\"https:\\\/\\\/www.cde.ual.es\\\/#organization\"},\"image\":{\"@id\":\"https:\\\/\\\/www.cde.ual.es\\\/premio-de-periodismo-lorenzo-natali\\\/#primaryimage\"},\"thumbnailUrl\":\"https:\\\/\\\/www.cde.ual.es\\\/wp-content\\\/uploads\\\/2018\\\/02\\\/periodismo-natali.jpg\",\"articleSection\":[\"Sin categorizar\"],\"inLanguage\":\"en-US\",\"potentialAction\":[{\"@type\":\"CommentAction\",\"name\":\"Comment\",\"target\":[\"https:\\\/\\\/www.cde.ual.es\\\/premio-de-periodismo-lorenzo-natali\\\/#respond\"]}]},{\"@type\":\"WebPage\",\"@id\":\"https:\\\/\\\/www.cde.ual.es\\\/premio-de-periodismo-lorenzo-natali\\\/\",\"url\":\"https:\\\/\\\/www.cde.ual.es\\\/premio-de-periodismo-lorenzo-natali\\\/\",\"name\":\"Premio de Periodismo Lorenzo Natali | CDE Almer\u00eda - Centro de Documentaci\u00f3n Europea - Universidad de Almer\u00eda\",\"isPartOf\":{\"@id\":\"https:\\\/\\\/www.cde.ual.es\\\/#website\"},\"primaryImageOfPage\":{\"@id\":\"https:\\\/\\\/www.cde.ual.es\\\/premio-de-periodismo-lorenzo-natali\\\/#primaryimage\"},\"image\":{\"@id\":\"https:\\\/\\\/www.cde.ual.es\\\/premio-de-periodismo-lorenzo-natali\\\/#primaryimage\"},\"thumbnailUrl\":\"https:\\\/\\\/www.cde.ual.es\\\/wp-content\\\/uploads\\\/2018\\\/02\\\/periodismo-natali.jpg\",\"datePublished\":\"2018-02-05T16:18:38+00:00\",\"dateModified\":\"2018-02-05T16:20:33+00:00\",\"breadcrumb\":{\"@id\":\"https:\\\/\\\/www.cde.ual.es\\\/premio-de-periodismo-lorenzo-natali\\\/#breadcrumb\"},\"inLanguage\":\"en-US\",\"potentialAction\":[{\"@type\":\"ReadAction\",\"target\":[\"https:\\\/\\\/www.cde.ual.es\\\/premio-de-periodismo-lorenzo-natali\\\/\"]}]},{\"@type\":\"ImageObject\",\"inLanguage\":\"en-US\",\"@id\":\"https:\\\/\\\/www.cde.ual.es\\\/premio-de-periodismo-lorenzo-natali\\\/#primaryimage\",\"url\":\"https:\\\/\\\/www.cde.ual.es\\\/wp-content\\\/uploads\\\/2018\\\/02\\\/periodismo-natali.jpg\",\"contentUrl\":\"https:\\\/\\\/www.cde.ual.es\\\/wp-content\\\/uploads\\\/2018\\\/02\\\/periodismo-natali.jpg\",\"width\":510,\"height\":340},{\"@type\":\"BreadcrumbList\",\"@id\":\"https:\\\/\\\/www.cde.ual.es\\\/premio-de-periodismo-lorenzo-natali\\\/#breadcrumb\",\"itemListElement\":[{\"@type\":\"ListItem\",\"position\":1,\"name\":\"Inicio\",\"item\":\"https:\\\/\\\/www.cde.ual.es\\\/en\\\/\"},{\"@type\":\"ListItem\",\"position\":2,\"name\":\"Sin categorizar\",\"item\":\"https:\\\/\\\/www.cde.ual.es\\\/category\\\/sin-categorizar\\\/\"},{\"@type\":\"ListItem\",\"position\":3,\"name\":\"Premio de Periodismo Lorenzo Natali\"}]},{\"@type\":\"WebSite\",\"@id\":\"https:\\\/\\\/www.cde.ual.es\\\/#website\",\"url\":\"https:\\\/\\\/www.cde.ual.es\\\/\",\"name\":\"CDE Almer\u00eda - Centro de Documentaci\u00f3n Europea - Universidad de Almer\u00eda\",\"description\":\"Centro de Documentaci\u00f3n Europea de la Universidad de Almer\u00eda\",\"publisher\":{\"@id\":\"https:\\\/\\\/www.cde.ual.es\\\/#organization\"},\"alternateName\":\"CDE Almer\u00eda\",\"potentialAction\":[{\"@type\":\"SearchAction\",\"target\":{\"@type\":\"EntryPoint\",\"urlTemplate\":\"https:\\\/\\\/www.cde.ual.es\\\/?s={search_term_string}\"},\"query-input\":{\"@type\":\"PropertyValueSpecification\",\"valueRequired\":true,\"valueName\":\"search_term_string\"}}],\"inLanguage\":\"en-US\"},{\"@type\":\"Organization\",\"@id\":\"https:\\\/\\\/www.cde.ual.es\\\/#organization\",\"name\":\"Centro de Documentaci\u00f3n Europea de Almer\u00eda\",\"url\":\"https:\\\/\\\/www.cde.ual.es\\\/\",\"logo\":{\"@type\":\"ImageObject\",\"inLanguage\":\"en-US\",\"@id\":\"https:\\\/\\\/www.cde.ual.es\\\/#\\\/schema\\\/logo\\\/image\\\/\",\"url\":\"https:\\\/\\\/www.cde.ual.es\\\/wp-content\\\/uploads\\\/2025\\\/07\\\/cde-logo-3.png\",\"contentUrl\":\"https:\\\/\\\/www.cde.ual.es\\\/wp-content\\\/uploads\\\/2025\\\/07\\\/cde-logo-3.png\",\"width\":1400,\"height\":300,\"caption\":\"Centro de Documentaci\u00f3n Europea de Almer\u00eda\"},\"image\":{\"@id\":\"https:\\\/\\\/www.cde.ual.es\\\/#\\\/schema\\\/logo\\\/image\\\/\"},\"sameAs\":[\"https:\\\/\\\/www.facebook.com\\\/cdeuniversidadalmeria\\\/\",\"https:\\\/\\\/x.com\\\/cdeualmeria\",\"https:\\\/\\\/www.tiktok.com\\\/@cdealmeria\",\"https:\\\/\\\/www.instagram.com\\\/cdealmeria\\\/\",\"https:\\\/\\\/www.linkedin.com\\\/in\\\/cde-almera-812b26a9\\\/\"]},{\"@type\":\"Person\",\"@id\":\"https:\\\/\\\/www.cde.ual.es\\\/#\\\/schema\\\/person\\\/224ef08c8bcc005f319d2713ce37ee5f\",\"name\":\"AdminCDE\",\"image\":{\"@type\":\"ImageObject\",\"inLanguage\":\"en-US\",\"@id\":\"https:\\\/\\\/secure.gravatar.com\\\/avatar\\\/a72d038d371f995cd13706fac32274b7952a52e8fb0a84b5f80c85426f2a98a8?s=96&d=mm&r=g\",\"url\":\"https:\\\/\\\/secure.gravatar.com\\\/avatar\\\/a72d038d371f995cd13706fac32274b7952a52e8fb0a84b5f80c85426f2a98a8?s=96&d=mm&r=g\",\"contentUrl\":\"https:\\\/\\\/secure.gravatar.com\\\/avatar\\\/a72d038d371f995cd13706fac32274b7952a52e8fb0a84b5f80c85426f2a98a8?s=96&d=mm&r=g\",\"caption\":\"AdminCDE\"}}]}<\/script>\n<!-- \/ Yoast SEO plugin. -->","yoast_head_json":{"title":"Premio de Periodismo Lorenzo Natali | CDE Almer\u00eda - Centro de Documentaci\u00f3n Europea - Universidad de Almer\u00eda","robots":{"index":"index","follow":"follow","max-snippet":"max-snippet:-1","max-image-preview":"max-image-preview:large","max-video-preview":"max-video-preview:-1"},"canonical":"https:\/\/www.cde.ual.es\/premio-de-periodismo-lorenzo-natali\/","og_locale":"en_US","og_type":"article","og_title":"Premio de Periodismo Lorenzo Natali | CDE Almer\u00eda - Centro de Documentaci\u00f3n Europea - Universidad de Almer\u00eda","og_description":"&nbsp; La desinformaci\u00f3n y las noticias falsas parecen ser la m\u00e1xima en algunos medios de comunicaci\u00f3n y espacios dedicados a\u00a0 la informaci\u00f3n. Es por ello, que desde la Uni\u00f3n Europea se ha hecho patente la necesidad de dar visibilidad a profesionales que informan e inspiran con sus cr\u00f3nicas a una sociedad con ganas de cambio.\u00a0El [&hellip;]","og_url":"https:\/\/www.cde.ual.es\/premio-de-periodismo-lorenzo-natali\/","og_site_name":"CDE Almer\u00eda - Centro de Documentaci\u00f3n Europea - Universidad de Almer\u00eda","article_publisher":"https:\/\/www.facebook.com\/cdeuniversidadalmeria\/","article_published_time":"2018-02-05T16:18:38+00:00","article_modified_time":"2018-02-05T16:20:33+00:00","og_image":[{"width":510,"height":340,"url":"https:\/\/www.cde.ual.es\/wp-content\/uploads\/2018\/02\/periodismo-natali.jpg","type":"image\/jpeg"}],"author":"AdminCDE","twitter_card":"summary_large_image","twitter_creator":"@cdeualmeria","twitter_site":"@cdeualmeria","twitter_misc":{"Written by":"AdminCDE","Est. reading time":"2 minutes"},"schema":{"@context":"https:\/\/schema.org","@graph":[{"@type":"Article","@id":"https:\/\/www.cde.ual.es\/premio-de-periodismo-lorenzo-natali\/#article","isPartOf":{"@id":"https:\/\/www.cde.ual.es\/premio-de-periodismo-lorenzo-natali\/"},"author":{"name":"AdminCDE","@id":"https:\/\/www.cde.ual.es\/#\/schema\/person\/224ef08c8bcc005f319d2713ce37ee5f"},"headline":"Premio de Periodismo Lorenzo Natali","datePublished":"2018-02-05T16:18:38+00:00","dateModified":"2018-02-05T16:20:33+00:00","mainEntityOfPage":{"@id":"https:\/\/www.cde.ual.es\/premio-de-periodismo-lorenzo-natali\/"},"wordCount":428,"commentCount":0,"publisher":{"@id":"https:\/\/www.cde.ual.es\/#organization"},"image":{"@id":"https:\/\/www.cde.ual.es\/premio-de-periodismo-lorenzo-natali\/#primaryimage"},"thumbnailUrl":"https:\/\/www.cde.ual.es\/wp-content\/uploads\/2018\/02\/periodismo-natali.jpg","articleSection":["Sin categorizar"],"inLanguage":"en-US","potentialAction":[{"@type":"CommentAction","name":"Comment","target":["https:\/\/www.cde.ual.es\/premio-de-periodismo-lorenzo-natali\/#respond"]}]},{"@type":"WebPage","@id":"https:\/\/www.cde.ual.es\/premio-de-periodismo-lorenzo-natali\/","url":"https:\/\/www.cde.ual.es\/premio-de-periodismo-lorenzo-natali\/","name":"Premio de Periodismo Lorenzo Natali | CDE Almer\u00eda - Centro de Documentaci\u00f3n Europea - Universidad de Almer\u00eda","isPartOf":{"@id":"https:\/\/www.cde.ual.es\/#website"},"primaryImageOfPage":{"@id":"https:\/\/www.cde.ual.es\/premio-de-periodismo-lorenzo-natali\/#primaryimage"},"image":{"@id":"https:\/\/www.cde.ual.es\/premio-de-periodismo-lorenzo-natali\/#primaryimage"},"thumbnailUrl":"https:\/\/www.cde.ual.es\/wp-content\/uploads\/2018\/02\/periodismo-natali.jpg","datePublished":"2018-02-05T16:18:38+00:00","dateModified":"2018-02-05T16:20:33+00:00","breadcrumb":{"@id":"https:\/\/www.cde.ual.es\/premio-de-periodismo-lorenzo-natali\/#breadcrumb"},"inLanguage":"en-US","potentialAction":[{"@type":"ReadAction","target":["https:\/\/www.cde.ual.es\/premio-de-periodismo-lorenzo-natali\/"]}]},{"@type":"ImageObject","inLanguage":"en-US","@id":"https:\/\/www.cde.ual.es\/premio-de-periodismo-lorenzo-natali\/#primaryimage","url":"https:\/\/www.cde.ual.es\/wp-content\/uploads\/2018\/02\/periodismo-natali.jpg","contentUrl":"https:\/\/www.cde.ual.es\/wp-content\/uploads\/2018\/02\/periodismo-natali.jpg","width":510,"height":340},{"@type":"BreadcrumbList","@id":"https:\/\/www.cde.ual.es\/premio-de-periodismo-lorenzo-natali\/#breadcrumb","itemListElement":[{"@type":"ListItem","position":1,"name":"Inicio","item":"https:\/\/www.cde.ual.es\/en\/"},{"@type":"ListItem","position":2,"name":"Sin categorizar","item":"https:\/\/www.cde.ual.es\/category\/sin-categorizar\/"},{"@type":"ListItem","position":3,"name":"Premio de Periodismo Lorenzo Natali"}]},{"@type":"WebSite","@id":"https:\/\/www.cde.ual.es\/#website","url":"https:\/\/www.cde.ual.es\/","name":"CDE Almer\u00eda - Centro de Documentaci\u00f3n Europea - Universidad de Almer\u00eda","description":"Centro de Documentaci\u00f3n Europea de la Universidad de Almer\u00eda","publisher":{"@id":"https:\/\/www.cde.ual.es\/#organization"},"alternateName":"CDE Almer\u00eda","potentialAction":[{"@type":"SearchAction","target":{"@type":"EntryPoint","urlTemplate":"https:\/\/www.cde.ual.es\/?s={search_term_string}"},"query-input":{"@type":"PropertyValueSpecification","valueRequired":true,"valueName":"search_term_string"}}],"inLanguage":"en-US"},{"@type":"Organization","@id":"https:\/\/www.cde.ual.es\/#organization","name":"Centro de Documentaci\u00f3n Europea de Almer\u00eda","url":"https:\/\/www.cde.ual.es\/","logo":{"@type":"ImageObject","inLanguage":"en-US","@id":"https:\/\/www.cde.ual.es\/#\/schema\/logo\/image\/","url":"https:\/\/www.cde.ual.es\/wp-content\/uploads\/2025\/07\/cde-logo-3.png","contentUrl":"https:\/\/www.cde.ual.es\/wp-content\/uploads\/2025\/07\/cde-logo-3.png","width":1400,"height":300,"caption":"Centro de Documentaci\u00f3n Europea de Almer\u00eda"},"image":{"@id":"https:\/\/www.cde.ual.es\/#\/schema\/logo\/image\/"},"sameAs":["https:\/\/www.facebook.com\/cdeuniversidadalmeria\/","https:\/\/x.com\/cdeualmeria","https:\/\/www.tiktok.com\/@cdealmeria","https:\/\/www.instagram.com\/cdealmeria\/","https:\/\/www.linkedin.com\/in\/cde-almera-812b26a9\/"]},{"@type":"Person","@id":"https:\/\/www.cde.ual.es\/#\/schema\/person\/224ef08c8bcc005f319d2713ce37ee5f","name":"AdminCDE","image":{"@type":"ImageObject","inLanguage":"en-US","@id":"https:\/\/secure.gravatar.com\/avatar\/a72d038d371f995cd13706fac32274b7952a52e8fb0a84b5f80c85426f2a98a8?s=96&d=mm&r=g","url":"https:\/\/secure.gravatar.com\/avatar\/a72d038d371f995cd13706fac32274b7952a52e8fb0a84b5f80c85426f2a98a8?s=96&d=mm&r=g","contentUrl":"https:\/\/secure.gravatar.com\/avatar\/a72d038d371f995cd13706fac32274b7952a52e8fb0a84b5f80c85426f2a98a8?s=96&d=mm&r=g","caption":"AdminCDE"}}]}},"_links":{"self":[{"href":"https:\/\/www.cde.ual.es\/en\/wp-json\/wp\/v2\/posts\/2424","targetHints":{"allow":["GET"]}}],"collection":[{"href":"https:\/\/www.cde.ual.es\/en\/wp-json\/wp\/v2\/posts"}],"about":[{"href":"https:\/\/www.cde.ual.es\/en\/wp-json\/wp\/v2\/types\/post"}],"author":[{"embeddable":true,"href":"https:\/\/www.cde.ual.es\/en\/wp-json\/wp\/v2\/users\/1"}],"replies":[{"embeddable":true,"href":"https:\/\/www.cde.ual.es\/en\/wp-json\/wp\/v2\/comments?post=2424"}],"version-history":[{"count":0,"href":"https:\/\/www.cde.ual.es\/en\/wp-json\/wp\/v2\/posts\/2424\/revisions"}],"wp:featuredmedia":[{"embeddable":true,"href":"https:\/\/www.cde.ual.es\/en\/wp-json\/wp\/v2\/media\/2425"}],"wp:attachment":[{"href":"https:\/\/www.cde.ual.es\/en\/wp-json\/wp\/v2\/media?parent=2424"}],"wp:term":[{"taxonomy":"category","embeddable":true,"href":"https:\/\/www.cde.ual.es\/en\/wp-json\/wp\/v2\/categories?post=2424"},{"taxonomy":"post_tag","embeddable":true,"href":"https:\/\/www.cde.ual.es\/en\/wp-json\/wp\/v2\/tags?post=2424"}],"curies":[{"name":"wp","href":"https:\/\/api.w.org\/{rel}","templated":true}]}}