{"id":24214,"date":"2019-08-29T00:01:49","date_gmt":"2019-08-28T22:01:49","guid":{"rendered":"https:\/\/www.cde.ual.es\/?p=24214"},"modified":"2019-08-28T12:30:06","modified_gmt":"2019-08-28T10:30:06","slug":"agreements-reached-at-g7-summit-iran-amazon-and-world-trade","status":"publish","type":"post","link":"https:\/\/www.cde.ual.es\/en\/agreements-reached-at-g7-summit-iran-amazon-and-world-trade\/","title":{"rendered":"Agreements reached at G7 summit: Iran, Amazon and world trade"},"content":{"rendered":"<p><strong><em>President Donald Tusk represented the EU at the G7 summit, where leaders discussed global challenges such as Iran, trade tensions, the fight against inequality and climate change. They also discussed the problem of forest fires in the globally important Amazon. At the end of the summit, they adopted the G-7 Leaders&#8217; Declaration.<\/em><\/strong><\/p>\n<p style=\"text-align: center;\"><a href=\"https:\/\/www.cde.ual.es\/wp-content\/uploads\/2019\/08\/C0B2F48A-BE6E-6B43-A0F2-A005059D7263.jpg\"><img decoding=\"async\" class=\"alignnone size-medium wp-image-24205\" src=\"https:\/\/www.cde.ual.es\/wp-content\/uploads\/2019\/08\/C0B2F48A-BE6E-6B43-A0F2-A005059D7263-300x200.jpg\" alt=\"\" width=\"300\" height=\"200\" srcset=\"https:\/\/www.cde.ual.es\/wp-content\/uploads\/2019\/08\/C0B2F48A-BE6E-6B43-A0F2-A005059D7263-300x200.jpg 300w, https:\/\/www.cde.ual.es\/wp-content\/uploads\/2019\/08\/C0B2F48A-BE6E-6B43-A0F2-A005059D7263-768x511.jpg 768w, https:\/\/www.cde.ual.es\/wp-content\/uploads\/2019\/08\/C0B2F48A-BE6E-6B43-A0F2-A005059D7263-1024x682.jpg 1024w, https:\/\/www.cde.ual.es\/wp-content\/uploads\/2019\/08\/C0B2F48A-BE6E-6B43-A0F2-A005059D7263.jpg 1200w\" sizes=\"(max-width: 300px) 100vw, 300px\" \/><\/a><\/p>\n<p>The summit was held under the French Presidency of the G7, which revolves around the fight against inequality. With this objective in mind, the French Presidency of the G-7 has adapted the format of the G-7 to involve international partners and representatives of civil society.<\/p>\n<p>During the summit, the EU&#8217;s priority was to defend the rules-based order and the organisations underpinning it as the most appropriate approach to global governance.<\/p>\n<h2>Foreign and security policy issues<\/h2>\n<p>Leaders have addressed several pressing foreign and security policy issues, such as Iran, Ukraine, Russia, the situation in Syria and the Middle East, Libya, the Korean peninsula and Hong Kong.<\/p>\n<p>They have focused the debate on relations with Iran, in view of Iran&#8217;s decision to limit the application of certain clauses of the nuclear agreement. They discussed an initiative presented by France to enter into talks with the Iranian authorities or to defuse tensions.<\/p>\n<p>The leaders have also agreed to allocate EUR\u00a020\u00a0million to finance aircraft to fight forest fires in the Amazon rainforest, in recognition of the global scale of this environmental catastrophe.<\/p>\n<p>The G-7 leaders also reaffirmed the existence and importance of the 1984 China-British Joint Declaration on Hong Kong and called for the prevention of violence.<\/p>\n<h2>Trade<\/h2>\n<p>Leaders have examined the global economic landscape and various issues related to trade tensions. They have also addressed international taxation, especially with regard to a coordinated approach to the taxation of the digital sector.<\/p>\n<p>Leaders exchanged views on how to safeguard the rules-based trading system and defuse current trade tensions. They also instructed the G-7 Finance Ministers to keep a close eye on the state of the world economy.<\/p>\n<p>The G-7 summit in Biarritz also addressed issues such as G-7\/Africa relations, humanitarian aid, combating inequalities and empowering women, climate change and the Paris Agreement, microplastic pollution and digital transformation.<\/p>\n<h2>More information<\/h2>\n<p>Access the <a href=\"https:\/\/www.consilium.europa.eu\/en\/meetings\/international-summit\/2019\/08\/24-26\/\">full news<\/a><\/p>\n<p>Related video:\u00a0<a href=\"https:\/\/www.cde.ual.es\/aspectos-destacados-de-la-cumbre-del-g7\/\">G-7 Summit Highlights<\/a><\/p>\n","protected":false},"excerpt":{"rendered":"<p>President Donald Tusk represented the EU at the G7 summit, where leaders discussed global challenges such as Iran, trade tensions, the fight against inequality and climate change. They also discussed the problem of forest fires in the globally important Amazon. At the end of the summit, they adopted the G-7 Leaders&#8217; Declaration. The summit was [&hellip;]<\/p>\n","protected":false},"author":101011,"featured_media":24206,"comment_status":"open","ping_status":"open","sticky":false,"template":"","format":"standard","meta":{"_acf_changed":false,"_relevanssi_hide_post":"","_relevanssi_hide_content":"","_relevanssi_pin_for_all":"","_relevanssi_pin_keywords":"","_relevanssi_unpin_keywords":"","_relevanssi_related_keywords":"","_relevanssi_related_include_ids":"","_relevanssi_related_exclude_ids":"","_relevanssi_related_no_append":"","_relevanssi_related_not_related":"","_relevanssi_related_posts":"","_relevanssi_noindex_reason":"","_monsterinsights_skip_tracking":false,"_monsterinsights_sitenote_active":false,"_monsterinsights_sitenote_note":"","_monsterinsights_sitenote_category":0,"_genesis_hide_title":false,"_genesis_hide_breadcrumbs":false,"_genesis_hide_singular_image":false,"_genesis_hide_footer_widgets":false,"_genesis_custom_body_class":"","_genesis_custom_post_class":"","_genesis_layout":"","footnotes":""},"categories":[346],"tags":[440,351],"class_list":{"0":"post-24214","1":"post","2":"type-post","3":"status-publish","4":"format-standard","5":"has-post-thumbnail","7":"category-eu-news","8":"tag-international-affairs","9":"tag-union-europea-en","10":"entry"},"acf":[],"yoast_head":"<!-- This site is optimized with the Yoast SEO plugin v27.4 - https:\/\/yoast.com\/product\/yoast-seo-wordpress\/ -->\n<title>Agreements reached at G7 summit: Iran, Amazon and world trade | CDE Almer\u00eda - Centro de Documentaci\u00f3n Europea - Universidad de Almer\u00eda<\/title>\n<meta name=\"robots\" content=\"index, follow, max-snippet:-1, max-image-preview:large, max-video-preview:-1\" \/>\n<link rel=\"canonical\" href=\"https:\/\/www.cde.ual.es\/en\/agreements-reached-at-g7-summit-iran-amazon-and-world-trade\/\" \/>\n<meta property=\"og:locale\" content=\"en_US\" \/>\n<meta property=\"og:type\" content=\"article\" \/>\n<meta property=\"og:title\" content=\"Agreements reached at G7 summit: Iran, Amazon and world trade | CDE Almer\u00eda - Centro de Documentaci\u00f3n Europea - Universidad de Almer\u00eda\" \/>\n<meta property=\"og:description\" content=\"President Donald Tusk represented the EU at the G7 summit, where leaders discussed global challenges such as Iran, trade tensions, the fight against inequality and climate change. They also discussed the problem of forest fires in the globally important Amazon. At the end of the summit, they adopted the G-7 Leaders&#8217; Declaration. The summit was [&hellip;]\" \/>\n<meta property=\"og:url\" content=\"https:\/\/www.cde.ual.es\/en\/agreements-reached-at-g7-summit-iran-amazon-and-world-trade\/\" \/>\n<meta property=\"og:site_name\" content=\"CDE Almer\u00eda - Centro de Documentaci\u00f3n Europea - Universidad de Almer\u00eda\" \/>\n<meta property=\"article:publisher\" content=\"https:\/\/www.facebook.com\/cdeuniversidadalmeria\/\" \/>\n<meta property=\"article:published_time\" content=\"2019-08-28T22:01:49+00:00\" \/>\n<meta property=\"og:image\" content=\"https:\/\/www.cde.ual.es\/wp-content\/uploads\/2019\/08\/C0B2F48A-BE6E-6B43-A0F2-A005059D7263.jpg\" \/>\n\t<meta property=\"og:image:width\" content=\"1200\" \/>\n\t<meta property=\"og:image:height\" content=\"799\" \/>\n\t<meta property=\"og:image:type\" content=\"image\/jpeg\" \/>\n<meta name=\"author\" content=\"BECA 2 CDE\" \/>\n<meta name=\"twitter:card\" content=\"summary_large_image\" \/>\n<meta name=\"twitter:creator\" content=\"@cdeualmeria\" \/>\n<meta name=\"twitter:site\" content=\"@cdeualmeria\" \/>\n<meta name=\"twitter:label1\" content=\"Written by\" \/>\n\t<meta name=\"twitter:data1\" content=\"BECA 2 CDE\" \/>\n\t<meta name=\"twitter:label2\" content=\"Est. reading time\" \/>\n\t<meta name=\"twitter:data2\" content=\"2 minutes\" \/>\n<script type=\"application\/ld+json\" class=\"yoast-schema-graph\">{\"@context\":\"https:\\\/\\\/schema.org\",\"@graph\":[{\"@type\":\"Article\",\"@id\":\"https:\\\/\\\/www.cde.ual.es\\\/en\\\/agreements-reached-at-g7-summit-iran-amazon-and-world-trade\\\/#article\",\"isPartOf\":{\"@id\":\"https:\\\/\\\/www.cde.ual.es\\\/en\\\/agreements-reached-at-g7-summit-iran-amazon-and-world-trade\\\/\"},\"author\":{\"name\":\"BECA 2 CDE\",\"@id\":\"https:\\\/\\\/www.cde.ual.es\\\/#\\\/schema\\\/person\\\/ee46ebc19edfa19598c02cff83335acc\"},\"headline\":\"Agreements reached at G7 summit: Iran, Amazon and world trade\",\"datePublished\":\"2019-08-28T22:01:49+00:00\",\"mainEntityOfPage\":{\"@id\":\"https:\\\/\\\/www.cde.ual.es\\\/en\\\/agreements-reached-at-g7-summit-iran-amazon-and-world-trade\\\/\"},\"wordCount\":379,\"commentCount\":0,\"publisher\":{\"@id\":\"https:\\\/\\\/www.cde.ual.es\\\/#organization\"},\"image\":{\"@id\":\"https:\\\/\\\/www.cde.ual.es\\\/en\\\/agreements-reached-at-g7-summit-iran-amazon-and-world-trade\\\/#primaryimage\"},\"thumbnailUrl\":\"https:\\\/\\\/www.cde.ual.es\\\/wp-content\\\/uploads\\\/2019\\\/08\\\/C0B2F48A-BE6E-6B43-A0F2-A005059D7263.jpg\",\"keywords\":[\"International Affairs\",\"Uni\u00f3n Europea\"],\"articleSection\":[\"EU News\"],\"inLanguage\":\"en-US\",\"potentialAction\":[{\"@type\":\"CommentAction\",\"name\":\"Comment\",\"target\":[\"https:\\\/\\\/www.cde.ual.es\\\/en\\\/agreements-reached-at-g7-summit-iran-amazon-and-world-trade\\\/#respond\"]}]},{\"@type\":\"WebPage\",\"@id\":\"https:\\\/\\\/www.cde.ual.es\\\/en\\\/agreements-reached-at-g7-summit-iran-amazon-and-world-trade\\\/\",\"url\":\"https:\\\/\\\/www.cde.ual.es\\\/en\\\/agreements-reached-at-g7-summit-iran-amazon-and-world-trade\\\/\",\"name\":\"Agreements reached at G7 summit: Iran, Amazon and world trade | CDE Almer\u00eda - Centro de Documentaci\u00f3n Europea - Universidad de Almer\u00eda\",\"isPartOf\":{\"@id\":\"https:\\\/\\\/www.cde.ual.es\\\/#website\"},\"primaryImageOfPage\":{\"@id\":\"https:\\\/\\\/www.cde.ual.es\\\/en\\\/agreements-reached-at-g7-summit-iran-amazon-and-world-trade\\\/#primaryimage\"},\"image\":{\"@id\":\"https:\\\/\\\/www.cde.ual.es\\\/en\\\/agreements-reached-at-g7-summit-iran-amazon-and-world-trade\\\/#primaryimage\"},\"thumbnailUrl\":\"https:\\\/\\\/www.cde.ual.es\\\/wp-content\\\/uploads\\\/2019\\\/08\\\/C0B2F48A-BE6E-6B43-A0F2-A005059D7263.jpg\",\"datePublished\":\"2019-08-28T22:01:49+00:00\",\"breadcrumb\":{\"@id\":\"https:\\\/\\\/www.cde.ual.es\\\/en\\\/agreements-reached-at-g7-summit-iran-amazon-and-world-trade\\\/#breadcrumb\"},\"inLanguage\":\"en-US\",\"potentialAction\":[{\"@type\":\"ReadAction\",\"target\":[\"https:\\\/\\\/www.cde.ual.es\\\/en\\\/agreements-reached-at-g7-summit-iran-amazon-and-world-trade\\\/\"]}]},{\"@type\":\"ImageObject\",\"inLanguage\":\"en-US\",\"@id\":\"https:\\\/\\\/www.cde.ual.es\\\/en\\\/agreements-reached-at-g7-summit-iran-amazon-and-world-trade\\\/#primaryimage\",\"url\":\"https:\\\/\\\/www.cde.ual.es\\\/wp-content\\\/uploads\\\/2019\\\/08\\\/C0B2F48A-BE6E-6B43-A0F2-A005059D7263.jpg\",\"contentUrl\":\"https:\\\/\\\/www.cde.ual.es\\\/wp-content\\\/uploads\\\/2019\\\/08\\\/C0B2F48A-BE6E-6B43-A0F2-A005059D7263.jpg\",\"width\":1200,\"height\":799},{\"@type\":\"BreadcrumbList\",\"@id\":\"https:\\\/\\\/www.cde.ual.es\\\/en\\\/agreements-reached-at-g7-summit-iran-amazon-and-world-trade\\\/#breadcrumb\",\"itemListElement\":[{\"@type\":\"ListItem\",\"position\":1,\"name\":\"Inicio\",\"item\":\"https:\\\/\\\/www.cde.ual.es\\\/en\\\/\"},{\"@type\":\"ListItem\",\"position\":2,\"name\":\"EU News\",\"item\":\"https:\\\/\\\/www.cde.ual.es\\\/en\\\/category\\\/eu-news\\\/\"},{\"@type\":\"ListItem\",\"position\":3,\"name\":\"Agreements reached at G7 summit: Iran, Amazon and world trade\"}]},{\"@type\":\"WebSite\",\"@id\":\"https:\\\/\\\/www.cde.ual.es\\\/#website\",\"url\":\"https:\\\/\\\/www.cde.ual.es\\\/\",\"name\":\"CDE Almer\u00eda - Centro de Documentaci\u00f3n Europea - Universidad de Almer\u00eda\",\"description\":\"Centro de Documentaci\u00f3n Europea de la Universidad de Almer\u00eda\",\"publisher\":{\"@id\":\"https:\\\/\\\/www.cde.ual.es\\\/#organization\"},\"alternateName\":\"CDE Almer\u00eda\",\"potentialAction\":[{\"@type\":\"SearchAction\",\"target\":{\"@type\":\"EntryPoint\",\"urlTemplate\":\"https:\\\/\\\/www.cde.ual.es\\\/?s={search_term_string}\"},\"query-input\":{\"@type\":\"PropertyValueSpecification\",\"valueRequired\":true,\"valueName\":\"search_term_string\"}}],\"inLanguage\":\"en-US\"},{\"@type\":\"Organization\",\"@id\":\"https:\\\/\\\/www.cde.ual.es\\\/#organization\",\"name\":\"Centro de Documentaci\u00f3n Europea de Almer\u00eda\",\"url\":\"https:\\\/\\\/www.cde.ual.es\\\/\",\"logo\":{\"@type\":\"ImageObject\",\"inLanguage\":\"en-US\",\"@id\":\"https:\\\/\\\/www.cde.ual.es\\\/#\\\/schema\\\/logo\\\/image\\\/\",\"url\":\"https:\\\/\\\/www.cde.ual.es\\\/wp-content\\\/uploads\\\/2025\\\/07\\\/cde-logo-3.png\",\"contentUrl\":\"https:\\\/\\\/www.cde.ual.es\\\/wp-content\\\/uploads\\\/2025\\\/07\\\/cde-logo-3.png\",\"width\":1400,\"height\":300,\"caption\":\"Centro de Documentaci\u00f3n Europea de Almer\u00eda\"},\"image\":{\"@id\":\"https:\\\/\\\/www.cde.ual.es\\\/#\\\/schema\\\/logo\\\/image\\\/\"},\"sameAs\":[\"https:\\\/\\\/www.facebook.com\\\/cdeuniversidadalmeria\\\/\",\"https:\\\/\\\/x.com\\\/cdeualmeria\",\"https:\\\/\\\/www.tiktok.com\\\/@cdealmeria\",\"https:\\\/\\\/www.instagram.com\\\/cdealmeria\\\/\",\"https:\\\/\\\/www.linkedin.com\\\/in\\\/cde-almera-812b26a9\\\/\"]},{\"@type\":\"Person\",\"@id\":\"https:\\\/\\\/www.cde.ual.es\\\/#\\\/schema\\\/person\\\/ee46ebc19edfa19598c02cff83335acc\",\"name\":\"BECA 2 CDE\",\"image\":{\"@type\":\"ImageObject\",\"inLanguage\":\"en-US\",\"@id\":\"https:\\\/\\\/secure.gravatar.com\\\/avatar\\\/35a481bbc04bbd90e91bdfa3b0b5541036c222a49b9ad37b6889a2afcb5311a5?s=96&d=mm&r=g\",\"url\":\"https:\\\/\\\/secure.gravatar.com\\\/avatar\\\/35a481bbc04bbd90e91bdfa3b0b5541036c222a49b9ad37b6889a2afcb5311a5?s=96&d=mm&r=g\",\"contentUrl\":\"https:\\\/\\\/secure.gravatar.com\\\/avatar\\\/35a481bbc04bbd90e91bdfa3b0b5541036c222a49b9ad37b6889a2afcb5311a5?s=96&d=mm&r=g\",\"caption\":\"BECA 2 CDE\"},\"sameAs\":[\"http:\\\/\\\/www.cdealmeria.com\"]}]}<\/script>\n<!-- \/ Yoast SEO plugin. -->","yoast_head_json":{"title":"Agreements reached at G7 summit: Iran, Amazon and world trade | CDE Almer\u00eda - Centro de Documentaci\u00f3n Europea - Universidad de Almer\u00eda","robots":{"index":"index","follow":"follow","max-snippet":"max-snippet:-1","max-image-preview":"max-image-preview:large","max-video-preview":"max-video-preview:-1"},"canonical":"https:\/\/www.cde.ual.es\/en\/agreements-reached-at-g7-summit-iran-amazon-and-world-trade\/","og_locale":"en_US","og_type":"article","og_title":"Agreements reached at G7 summit: Iran, Amazon and world trade | CDE Almer\u00eda - Centro de Documentaci\u00f3n Europea - Universidad de Almer\u00eda","og_description":"President Donald Tusk represented the EU at the G7 summit, where leaders discussed global challenges such as Iran, trade tensions, the fight against inequality and climate change. They also discussed the problem of forest fires in the globally important Amazon. At the end of the summit, they adopted the G-7 Leaders&#8217; Declaration. The summit was [&hellip;]","og_url":"https:\/\/www.cde.ual.es\/en\/agreements-reached-at-g7-summit-iran-amazon-and-world-trade\/","og_site_name":"CDE Almer\u00eda - Centro de Documentaci\u00f3n Europea - Universidad de Almer\u00eda","article_publisher":"https:\/\/www.facebook.com\/cdeuniversidadalmeria\/","article_published_time":"2019-08-28T22:01:49+00:00","og_image":[{"width":1200,"height":799,"url":"https:\/\/www.cde.ual.es\/wp-content\/uploads\/2019\/08\/C0B2F48A-BE6E-6B43-A0F2-A005059D7263.jpg","type":"image\/jpeg"}],"author":"BECA 2 CDE","twitter_card":"summary_large_image","twitter_creator":"@cdeualmeria","twitter_site":"@cdeualmeria","twitter_misc":{"Written by":"BECA 2 CDE","Est. reading time":"2 minutes"},"schema":{"@context":"https:\/\/schema.org","@graph":[{"@type":"Article","@id":"https:\/\/www.cde.ual.es\/en\/agreements-reached-at-g7-summit-iran-amazon-and-world-trade\/#article","isPartOf":{"@id":"https:\/\/www.cde.ual.es\/en\/agreements-reached-at-g7-summit-iran-amazon-and-world-trade\/"},"author":{"name":"BECA 2 CDE","@id":"https:\/\/www.cde.ual.es\/#\/schema\/person\/ee46ebc19edfa19598c02cff83335acc"},"headline":"Agreements reached at G7 summit: Iran, Amazon and world trade","datePublished":"2019-08-28T22:01:49+00:00","mainEntityOfPage":{"@id":"https:\/\/www.cde.ual.es\/en\/agreements-reached-at-g7-summit-iran-amazon-and-world-trade\/"},"wordCount":379,"commentCount":0,"publisher":{"@id":"https:\/\/www.cde.ual.es\/#organization"},"image":{"@id":"https:\/\/www.cde.ual.es\/en\/agreements-reached-at-g7-summit-iran-amazon-and-world-trade\/#primaryimage"},"thumbnailUrl":"https:\/\/www.cde.ual.es\/wp-content\/uploads\/2019\/08\/C0B2F48A-BE6E-6B43-A0F2-A005059D7263.jpg","keywords":["International Affairs","Uni\u00f3n Europea"],"articleSection":["EU News"],"inLanguage":"en-US","potentialAction":[{"@type":"CommentAction","name":"Comment","target":["https:\/\/www.cde.ual.es\/en\/agreements-reached-at-g7-summit-iran-amazon-and-world-trade\/#respond"]}]},{"@type":"WebPage","@id":"https:\/\/www.cde.ual.es\/en\/agreements-reached-at-g7-summit-iran-amazon-and-world-trade\/","url":"https:\/\/www.cde.ual.es\/en\/agreements-reached-at-g7-summit-iran-amazon-and-world-trade\/","name":"Agreements reached at G7 summit: Iran, Amazon and world trade | CDE Almer\u00eda - Centro de Documentaci\u00f3n Europea - Universidad de Almer\u00eda","isPartOf":{"@id":"https:\/\/www.cde.ual.es\/#website"},"primaryImageOfPage":{"@id":"https:\/\/www.cde.ual.es\/en\/agreements-reached-at-g7-summit-iran-amazon-and-world-trade\/#primaryimage"},"image":{"@id":"https:\/\/www.cde.ual.es\/en\/agreements-reached-at-g7-summit-iran-amazon-and-world-trade\/#primaryimage"},"thumbnailUrl":"https:\/\/www.cde.ual.es\/wp-content\/uploads\/2019\/08\/C0B2F48A-BE6E-6B43-A0F2-A005059D7263.jpg","datePublished":"2019-08-28T22:01:49+00:00","breadcrumb":{"@id":"https:\/\/www.cde.ual.es\/en\/agreements-reached-at-g7-summit-iran-amazon-and-world-trade\/#breadcrumb"},"inLanguage":"en-US","potentialAction":[{"@type":"ReadAction","target":["https:\/\/www.cde.ual.es\/en\/agreements-reached-at-g7-summit-iran-amazon-and-world-trade\/"]}]},{"@type":"ImageObject","inLanguage":"en-US","@id":"https:\/\/www.cde.ual.es\/en\/agreements-reached-at-g7-summit-iran-amazon-and-world-trade\/#primaryimage","url":"https:\/\/www.cde.ual.es\/wp-content\/uploads\/2019\/08\/C0B2F48A-BE6E-6B43-A0F2-A005059D7263.jpg","contentUrl":"https:\/\/www.cde.ual.es\/wp-content\/uploads\/2019\/08\/C0B2F48A-BE6E-6B43-A0F2-A005059D7263.jpg","width":1200,"height":799},{"@type":"BreadcrumbList","@id":"https:\/\/www.cde.ual.es\/en\/agreements-reached-at-g7-summit-iran-amazon-and-world-trade\/#breadcrumb","itemListElement":[{"@type":"ListItem","position":1,"name":"Inicio","item":"https:\/\/www.cde.ual.es\/en\/"},{"@type":"ListItem","position":2,"name":"EU News","item":"https:\/\/www.cde.ual.es\/en\/category\/eu-news\/"},{"@type":"ListItem","position":3,"name":"Agreements reached at G7 summit: Iran, Amazon and world trade"}]},{"@type":"WebSite","@id":"https:\/\/www.cde.ual.es\/#website","url":"https:\/\/www.cde.ual.es\/","name":"CDE Almer\u00eda - Centro de Documentaci\u00f3n Europea - Universidad de Almer\u00eda","description":"Centro de Documentaci\u00f3n Europea de la Universidad de Almer\u00eda","publisher":{"@id":"https:\/\/www.cde.ual.es\/#organization"},"alternateName":"CDE Almer\u00eda","potentialAction":[{"@type":"SearchAction","target":{"@type":"EntryPoint","urlTemplate":"https:\/\/www.cde.ual.es\/?s={search_term_string}"},"query-input":{"@type":"PropertyValueSpecification","valueRequired":true,"valueName":"search_term_string"}}],"inLanguage":"en-US"},{"@type":"Organization","@id":"https:\/\/www.cde.ual.es\/#organization","name":"Centro de Documentaci\u00f3n Europea de Almer\u00eda","url":"https:\/\/www.cde.ual.es\/","logo":{"@type":"ImageObject","inLanguage":"en-US","@id":"https:\/\/www.cde.ual.es\/#\/schema\/logo\/image\/","url":"https:\/\/www.cde.ual.es\/wp-content\/uploads\/2025\/07\/cde-logo-3.png","contentUrl":"https:\/\/www.cde.ual.es\/wp-content\/uploads\/2025\/07\/cde-logo-3.png","width":1400,"height":300,"caption":"Centro de Documentaci\u00f3n Europea de Almer\u00eda"},"image":{"@id":"https:\/\/www.cde.ual.es\/#\/schema\/logo\/image\/"},"sameAs":["https:\/\/www.facebook.com\/cdeuniversidadalmeria\/","https:\/\/x.com\/cdeualmeria","https:\/\/www.tiktok.com\/@cdealmeria","https:\/\/www.instagram.com\/cdealmeria\/","https:\/\/www.linkedin.com\/in\/cde-almera-812b26a9\/"]},{"@type":"Person","@id":"https:\/\/www.cde.ual.es\/#\/schema\/person\/ee46ebc19edfa19598c02cff83335acc","name":"BECA 2 CDE","image":{"@type":"ImageObject","inLanguage":"en-US","@id":"https:\/\/secure.gravatar.com\/avatar\/35a481bbc04bbd90e91bdfa3b0b5541036c222a49b9ad37b6889a2afcb5311a5?s=96&d=mm&r=g","url":"https:\/\/secure.gravatar.com\/avatar\/35a481bbc04bbd90e91bdfa3b0b5541036c222a49b9ad37b6889a2afcb5311a5?s=96&d=mm&r=g","contentUrl":"https:\/\/secure.gravatar.com\/avatar\/35a481bbc04bbd90e91bdfa3b0b5541036c222a49b9ad37b6889a2afcb5311a5?s=96&d=mm&r=g","caption":"BECA 2 CDE"},"sameAs":["http:\/\/www.cdealmeria.com"]}]}},"_links":{"self":[{"href":"https:\/\/www.cde.ual.es\/en\/wp-json\/wp\/v2\/posts\/24214","targetHints":{"allow":["GET"]}}],"collection":[{"href":"https:\/\/www.cde.ual.es\/en\/wp-json\/wp\/v2\/posts"}],"about":[{"href":"https:\/\/www.cde.ual.es\/en\/wp-json\/wp\/v2\/types\/post"}],"author":[{"embeddable":true,"href":"https:\/\/www.cde.ual.es\/en\/wp-json\/wp\/v2\/users\/101011"}],"replies":[{"embeddable":true,"href":"https:\/\/www.cde.ual.es\/en\/wp-json\/wp\/v2\/comments?post=24214"}],"version-history":[{"count":0,"href":"https:\/\/www.cde.ual.es\/en\/wp-json\/wp\/v2\/posts\/24214\/revisions"}],"wp:featuredmedia":[{"embeddable":true,"href":"https:\/\/www.cde.ual.es\/en\/wp-json\/wp\/v2\/media\/24206"}],"wp:attachment":[{"href":"https:\/\/www.cde.ual.es\/en\/wp-json\/wp\/v2\/media?parent=24214"}],"wp:term":[{"taxonomy":"category","embeddable":true,"href":"https:\/\/www.cde.ual.es\/en\/wp-json\/wp\/v2\/categories?post=24214"},{"taxonomy":"post_tag","embeddable":true,"href":"https:\/\/www.cde.ual.es\/en\/wp-json\/wp\/v2\/tags?post=24214"}],"curies":[{"name":"wp","href":"https:\/\/api.w.org\/{rel}","templated":true}]}}