{"id":24209,"date":"2019-08-29T00:01:04","date_gmt":"2019-08-28T22:01:04","guid":{"rendered":"https:\/\/www.cde.ual.es\/?p=24209"},"modified":"2019-08-28T12:25:39","modified_gmt":"2019-08-28T10:25:39","slug":"aspectos-destacados-de-la-cumbre-del-g7","status":"publish","type":"post","link":"https:\/\/www.cde.ual.es\/en\/aspectos-destacados-de-la-cumbre-del-g7\/","title":{"rendered":"Aspectos destacados de la Cumbre del G7"},"content":{"rendered":"<p>T\u00edtulo: Aspectos destacados de la Cumbre del G7<\/p>\n<p>Autor: Consejo de la UE<\/p>\n<p>Duraci\u00f3n: 01:46<\/p>\n<p>Resumen: Destacados de la rueda de prensa de Donald TUSK, Presidente del Consejo Europeo, sobre la cumbre del G7, que tendr\u00e1 lugar del 24 al 26 de agosto de 2019 en Biarritz.<\/p>\n<p>Fecha de Publicaci\u00f3n: 24-08-2017<\/p>\n<p><a href=\"https:\/\/newsroom.consilium.europa.eu\/permalink\/213101\"><img decoding=\"async\" class=\"size-medium wp-image-24210 aligncenter\" src=\"https:\/\/www.cde.ual.es\/wp-content\/uploads\/2019\/08\/00f415e2-2036-b24b-bab5-ddbc9cddbe1d-300x200.jpg\" alt=\"\" width=\"300\" height=\"200\" srcset=\"https:\/\/www.cde.ual.es\/wp-content\/uploads\/2019\/08\/00f415e2-2036-b24b-bab5-ddbc9cddbe1d-300x200.jpg 300w, https:\/\/www.cde.ual.es\/wp-content\/uploads\/2019\/08\/00f415e2-2036-b24b-bab5-ddbc9cddbe1d-768x512.jpg 768w, https:\/\/www.cde.ual.es\/wp-content\/uploads\/2019\/08\/00f415e2-2036-b24b-bab5-ddbc9cddbe1d-1024x683.jpg 1024w\" sizes=\"(max-width: 300px) 100vw, 300px\" \/><\/a><\/p>\n","protected":false},"excerpt":{"rendered":"<p>T\u00edtulo: Aspectos destacados de la Cumbre del G7 Autor: Consejo de la UE Duraci\u00f3n: 01:46 Resumen: Destacados de la rueda de prensa de Donald TUSK, Presidente del Consejo Europeo, sobre la cumbre del G7, que tendr\u00e1 lugar del 24 al 26 de agosto de 2019 en Biarritz. Fecha de Publicaci\u00f3n: 24-08-2017<\/p>\n","protected":false},"author":101011,"featured_media":24210,"comment_status":"open","ping_status":"open","sticky":false,"template":"","format":"standard","meta":{"_acf_changed":false,"_relevanssi_hide_post":"","_relevanssi_hide_content":"","_relevanssi_pin_for_all":"","_relevanssi_pin_keywords":"","_relevanssi_unpin_keywords":"","_relevanssi_related_keywords":"","_relevanssi_related_include_ids":"","_relevanssi_related_exclude_ids":"","_relevanssi_related_no_append":"","_relevanssi_related_not_related":"","_relevanssi_related_posts":"","_relevanssi_noindex_reason":"","_monsterinsights_skip_tracking":false,"_monsterinsights_sitenote_active":false,"_monsterinsights_sitenote_note":"","_monsterinsights_sitenote_category":0,"_genesis_hide_title":false,"_genesis_hide_breadcrumbs":false,"_genesis_hide_singular_image":false,"_genesis_hide_footer_widgets":false,"_genesis_custom_body_class":"","_genesis_custom_post_class":"","_genesis_layout":"","footnotes":""},"categories":[125,115],"tags":[242],"class_list":{"0":"post-24209","1":"post","2":"type-post","3":"status-publish","4":"format-standard","5":"has-post-thumbnail","7":"category-mediateca-union-europea","8":"category-repositorio-mediateca","9":"tag-asuntos-internacionales","10":"entry"},"acf":[],"yoast_head":"<!-- This site is optimized with the Yoast SEO plugin v27.4 - https:\/\/yoast.com\/product\/yoast-seo-wordpress\/ -->\n<title>Aspectos destacados de la Cumbre del G7 | CDE Almer\u00eda - Centro de Documentaci\u00f3n Europea - Universidad de Almer\u00eda<\/title>\n<meta name=\"robots\" content=\"index, follow, max-snippet:-1, max-image-preview:large, max-video-preview:-1\" \/>\n<link rel=\"canonical\" href=\"https:\/\/www.cde.ual.es\/en\/aspectos-destacados-de-la-cumbre-del-g7\/\" \/>\n<meta property=\"og:locale\" content=\"en_US\" \/>\n<meta property=\"og:type\" content=\"article\" \/>\n<meta property=\"og:title\" content=\"Aspectos destacados de la Cumbre del G7 | CDE Almer\u00eda - Centro de Documentaci\u00f3n Europea - Universidad de Almer\u00eda\" \/>\n<meta property=\"og:description\" content=\"T\u00edtulo: Aspectos destacados de la Cumbre del G7 Autor: Consejo de la UE Duraci\u00f3n: 01:46 Resumen: Destacados de la rueda de prensa de Donald TUSK, Presidente del Consejo Europeo, sobre la cumbre del G7, que tendr\u00e1 lugar del 24 al 26 de agosto de 2019 en Biarritz. Fecha de Publicaci\u00f3n: 24-08-2017\" \/>\n<meta property=\"og:url\" content=\"https:\/\/www.cde.ual.es\/en\/aspectos-destacados-de-la-cumbre-del-g7\/\" \/>\n<meta property=\"og:site_name\" content=\"CDE Almer\u00eda - Centro de Documentaci\u00f3n Europea - Universidad de Almer\u00eda\" \/>\n<meta property=\"article:publisher\" content=\"https:\/\/www.facebook.com\/cdeuniversidadalmeria\/\" \/>\n<meta property=\"article:published_time\" content=\"2019-08-28T22:01:04+00:00\" \/>\n<meta property=\"og:image\" content=\"https:\/\/www.cde.ual.es\/wp-content\/uploads\/2019\/08\/00f415e2-2036-b24b-bab5-ddbc9cddbe1d.jpg\" \/>\n\t<meta property=\"og:image:width\" content=\"6124\" \/>\n\t<meta property=\"og:image:height\" content=\"4082\" \/>\n\t<meta property=\"og:image:type\" content=\"image\/jpeg\" \/>\n<meta name=\"author\" content=\"BECA 2 CDE\" \/>\n<meta name=\"twitter:card\" content=\"summary_large_image\" \/>\n<meta name=\"twitter:creator\" content=\"@cdeualmeria\" \/>\n<meta name=\"twitter:site\" content=\"@cdeualmeria\" \/>\n<meta name=\"twitter:label1\" content=\"Written by\" \/>\n\t<meta name=\"twitter:data1\" content=\"BECA 2 CDE\" \/>\n<script type=\"application\/ld+json\" class=\"yoast-schema-graph\">{\"@context\":\"https:\\\/\\\/schema.org\",\"@graph\":[{\"@type\":\"Article\",\"@id\":\"https:\\\/\\\/www.cde.ual.es\\\/en\\\/aspectos-destacados-de-la-cumbre-del-g7\\\/#article\",\"isPartOf\":{\"@id\":\"https:\\\/\\\/www.cde.ual.es\\\/en\\\/aspectos-destacados-de-la-cumbre-del-g7\\\/\"},\"author\":{\"name\":\"BECA 2 CDE\",\"@id\":\"https:\\\/\\\/www.cde.ual.es\\\/#\\\/schema\\\/person\\\/ee46ebc19edfa19598c02cff83335acc\"},\"headline\":\"Aspectos destacados de la Cumbre del G7\",\"datePublished\":\"2019-08-28T22:01:04+00:00\",\"mainEntityOfPage\":{\"@id\":\"https:\\\/\\\/www.cde.ual.es\\\/en\\\/aspectos-destacados-de-la-cumbre-del-g7\\\/\"},\"wordCount\":58,\"commentCount\":0,\"publisher\":{\"@id\":\"https:\\\/\\\/www.cde.ual.es\\\/#organization\"},\"image\":{\"@id\":\"https:\\\/\\\/www.cde.ual.es\\\/en\\\/aspectos-destacados-de-la-cumbre-del-g7\\\/#primaryimage\"},\"thumbnailUrl\":\"https:\\\/\\\/www.cde.ual.es\\\/wp-content\\\/uploads\\\/2019\\\/08\\\/00f415e2-2036-b24b-bab5-ddbc9cddbe1d.jpg\",\"keywords\":[\"Asuntos Internacionales\"],\"articleSection\":[\"Mediateca - Uni\u00f3n Europea\",\"Repositorio Mediateca\"],\"inLanguage\":\"en-US\",\"potentialAction\":[{\"@type\":\"CommentAction\",\"name\":\"Comment\",\"target\":[\"https:\\\/\\\/www.cde.ual.es\\\/en\\\/aspectos-destacados-de-la-cumbre-del-g7\\\/#respond\"]}]},{\"@type\":\"WebPage\",\"@id\":\"https:\\\/\\\/www.cde.ual.es\\\/en\\\/aspectos-destacados-de-la-cumbre-del-g7\\\/\",\"url\":\"https:\\\/\\\/www.cde.ual.es\\\/en\\\/aspectos-destacados-de-la-cumbre-del-g7\\\/\",\"name\":\"Aspectos destacados de la Cumbre del G7 | CDE Almer\u00eda - Centro de Documentaci\u00f3n Europea - Universidad de Almer\u00eda\",\"isPartOf\":{\"@id\":\"https:\\\/\\\/www.cde.ual.es\\\/#website\"},\"primaryImageOfPage\":{\"@id\":\"https:\\\/\\\/www.cde.ual.es\\\/en\\\/aspectos-destacados-de-la-cumbre-del-g7\\\/#primaryimage\"},\"image\":{\"@id\":\"https:\\\/\\\/www.cde.ual.es\\\/en\\\/aspectos-destacados-de-la-cumbre-del-g7\\\/#primaryimage\"},\"thumbnailUrl\":\"https:\\\/\\\/www.cde.ual.es\\\/wp-content\\\/uploads\\\/2019\\\/08\\\/00f415e2-2036-b24b-bab5-ddbc9cddbe1d.jpg\",\"datePublished\":\"2019-08-28T22:01:04+00:00\",\"breadcrumb\":{\"@id\":\"https:\\\/\\\/www.cde.ual.es\\\/en\\\/aspectos-destacados-de-la-cumbre-del-g7\\\/#breadcrumb\"},\"inLanguage\":\"en-US\",\"potentialAction\":[{\"@type\":\"ReadAction\",\"target\":[\"https:\\\/\\\/www.cde.ual.es\\\/en\\\/aspectos-destacados-de-la-cumbre-del-g7\\\/\"]}]},{\"@type\":\"ImageObject\",\"inLanguage\":\"en-US\",\"@id\":\"https:\\\/\\\/www.cde.ual.es\\\/en\\\/aspectos-destacados-de-la-cumbre-del-g7\\\/#primaryimage\",\"url\":\"https:\\\/\\\/www.cde.ual.es\\\/wp-content\\\/uploads\\\/2019\\\/08\\\/00f415e2-2036-b24b-bab5-ddbc9cddbe1d.jpg\",\"contentUrl\":\"https:\\\/\\\/www.cde.ual.es\\\/wp-content\\\/uploads\\\/2019\\\/08\\\/00f415e2-2036-b24b-bab5-ddbc9cddbe1d.jpg\",\"width\":6124,\"height\":4082},{\"@type\":\"BreadcrumbList\",\"@id\":\"https:\\\/\\\/www.cde.ual.es\\\/en\\\/aspectos-destacados-de-la-cumbre-del-g7\\\/#breadcrumb\",\"itemListElement\":[{\"@type\":\"ListItem\",\"position\":1,\"name\":\"Inicio\",\"item\":\"https:\\\/\\\/www.cde.ual.es\\\/en\\\/\"},{\"@type\":\"ListItem\",\"position\":2,\"name\":\"Media Collection Catalogue\",\"item\":\"https:\\\/\\\/www.cde.ual.es\\\/en\\\/category\\\/media-collection-catalogue\\\/\"},{\"@type\":\"ListItem\",\"position\":3,\"name\":\"Media Collection - European Union\",\"item\":\"https:\\\/\\\/www.cde.ual.es\\\/en\\\/category\\\/media-collection-catalogue\\\/media-collection-european-union\\\/\"},{\"@type\":\"ListItem\",\"position\":4,\"name\":\"Aspectos destacados de la Cumbre del G7\"}]},{\"@type\":\"WebSite\",\"@id\":\"https:\\\/\\\/www.cde.ual.es\\\/#website\",\"url\":\"https:\\\/\\\/www.cde.ual.es\\\/\",\"name\":\"CDE Almer\u00eda - Centro de Documentaci\u00f3n Europea - Universidad de Almer\u00eda\",\"description\":\"Centro de Documentaci\u00f3n Europea de la Universidad de Almer\u00eda\",\"publisher\":{\"@id\":\"https:\\\/\\\/www.cde.ual.es\\\/#organization\"},\"alternateName\":\"CDE Almer\u00eda\",\"potentialAction\":[{\"@type\":\"SearchAction\",\"target\":{\"@type\":\"EntryPoint\",\"urlTemplate\":\"https:\\\/\\\/www.cde.ual.es\\\/?s={search_term_string}\"},\"query-input\":{\"@type\":\"PropertyValueSpecification\",\"valueRequired\":true,\"valueName\":\"search_term_string\"}}],\"inLanguage\":\"en-US\"},{\"@type\":\"Organization\",\"@id\":\"https:\\\/\\\/www.cde.ual.es\\\/#organization\",\"name\":\"Centro de Documentaci\u00f3n Europea de Almer\u00eda\",\"url\":\"https:\\\/\\\/www.cde.ual.es\\\/\",\"logo\":{\"@type\":\"ImageObject\",\"inLanguage\":\"en-US\",\"@id\":\"https:\\\/\\\/www.cde.ual.es\\\/#\\\/schema\\\/logo\\\/image\\\/\",\"url\":\"https:\\\/\\\/www.cde.ual.es\\\/wp-content\\\/uploads\\\/2025\\\/07\\\/cde-logo-3.png\",\"contentUrl\":\"https:\\\/\\\/www.cde.ual.es\\\/wp-content\\\/uploads\\\/2025\\\/07\\\/cde-logo-3.png\",\"width\":1400,\"height\":300,\"caption\":\"Centro de Documentaci\u00f3n Europea de Almer\u00eda\"},\"image\":{\"@id\":\"https:\\\/\\\/www.cde.ual.es\\\/#\\\/schema\\\/logo\\\/image\\\/\"},\"sameAs\":[\"https:\\\/\\\/www.facebook.com\\\/cdeuniversidadalmeria\\\/\",\"https:\\\/\\\/x.com\\\/cdeualmeria\",\"https:\\\/\\\/www.tiktok.com\\\/@cdealmeria\",\"https:\\\/\\\/www.instagram.com\\\/cdealmeria\\\/\",\"https:\\\/\\\/www.linkedin.com\\\/in\\\/cde-almera-812b26a9\\\/\"]},{\"@type\":\"Person\",\"@id\":\"https:\\\/\\\/www.cde.ual.es\\\/#\\\/schema\\\/person\\\/ee46ebc19edfa19598c02cff83335acc\",\"name\":\"BECA 2 CDE\",\"image\":{\"@type\":\"ImageObject\",\"inLanguage\":\"en-US\",\"@id\":\"https:\\\/\\\/secure.gravatar.com\\\/avatar\\\/35a481bbc04bbd90e91bdfa3b0b5541036c222a49b9ad37b6889a2afcb5311a5?s=96&d=mm&r=g\",\"url\":\"https:\\\/\\\/secure.gravatar.com\\\/avatar\\\/35a481bbc04bbd90e91bdfa3b0b5541036c222a49b9ad37b6889a2afcb5311a5?s=96&d=mm&r=g\",\"contentUrl\":\"https:\\\/\\\/secure.gravatar.com\\\/avatar\\\/35a481bbc04bbd90e91bdfa3b0b5541036c222a49b9ad37b6889a2afcb5311a5?s=96&d=mm&r=g\",\"caption\":\"BECA 2 CDE\"},\"sameAs\":[\"http:\\\/\\\/www.cdealmeria.com\"]}]}<\/script>\n<!-- \/ Yoast SEO plugin. -->","yoast_head_json":{"title":"Aspectos destacados de la Cumbre del G7 | CDE Almer\u00eda - Centro de Documentaci\u00f3n Europea - Universidad de Almer\u00eda","robots":{"index":"index","follow":"follow","max-snippet":"max-snippet:-1","max-image-preview":"max-image-preview:large","max-video-preview":"max-video-preview:-1"},"canonical":"https:\/\/www.cde.ual.es\/en\/aspectos-destacados-de-la-cumbre-del-g7\/","og_locale":"en_US","og_type":"article","og_title":"Aspectos destacados de la Cumbre del G7 | CDE Almer\u00eda - Centro de Documentaci\u00f3n Europea - Universidad de Almer\u00eda","og_description":"T\u00edtulo: Aspectos destacados de la Cumbre del G7 Autor: Consejo de la UE Duraci\u00f3n: 01:46 Resumen: Destacados de la rueda de prensa de Donald TUSK, Presidente del Consejo Europeo, sobre la cumbre del G7, que tendr\u00e1 lugar del 24 al 26 de agosto de 2019 en Biarritz. Fecha de Publicaci\u00f3n: 24-08-2017","og_url":"https:\/\/www.cde.ual.es\/en\/aspectos-destacados-de-la-cumbre-del-g7\/","og_site_name":"CDE Almer\u00eda - Centro de Documentaci\u00f3n Europea - Universidad de Almer\u00eda","article_publisher":"https:\/\/www.facebook.com\/cdeuniversidadalmeria\/","article_published_time":"2019-08-28T22:01:04+00:00","og_image":[{"width":6124,"height":4082,"url":"https:\/\/www.cde.ual.es\/wp-content\/uploads\/2019\/08\/00f415e2-2036-b24b-bab5-ddbc9cddbe1d.jpg","type":"image\/jpeg"}],"author":"BECA 2 CDE","twitter_card":"summary_large_image","twitter_creator":"@cdeualmeria","twitter_site":"@cdeualmeria","twitter_misc":{"Written by":"BECA 2 CDE"},"schema":{"@context":"https:\/\/schema.org","@graph":[{"@type":"Article","@id":"https:\/\/www.cde.ual.es\/en\/aspectos-destacados-de-la-cumbre-del-g7\/#article","isPartOf":{"@id":"https:\/\/www.cde.ual.es\/en\/aspectos-destacados-de-la-cumbre-del-g7\/"},"author":{"name":"BECA 2 CDE","@id":"https:\/\/www.cde.ual.es\/#\/schema\/person\/ee46ebc19edfa19598c02cff83335acc"},"headline":"Aspectos destacados de la Cumbre del G7","datePublished":"2019-08-28T22:01:04+00:00","mainEntityOfPage":{"@id":"https:\/\/www.cde.ual.es\/en\/aspectos-destacados-de-la-cumbre-del-g7\/"},"wordCount":58,"commentCount":0,"publisher":{"@id":"https:\/\/www.cde.ual.es\/#organization"},"image":{"@id":"https:\/\/www.cde.ual.es\/en\/aspectos-destacados-de-la-cumbre-del-g7\/#primaryimage"},"thumbnailUrl":"https:\/\/www.cde.ual.es\/wp-content\/uploads\/2019\/08\/00f415e2-2036-b24b-bab5-ddbc9cddbe1d.jpg","keywords":["Asuntos Internacionales"],"articleSection":["Mediateca - Uni\u00f3n Europea","Repositorio Mediateca"],"inLanguage":"en-US","potentialAction":[{"@type":"CommentAction","name":"Comment","target":["https:\/\/www.cde.ual.es\/en\/aspectos-destacados-de-la-cumbre-del-g7\/#respond"]}]},{"@type":"WebPage","@id":"https:\/\/www.cde.ual.es\/en\/aspectos-destacados-de-la-cumbre-del-g7\/","url":"https:\/\/www.cde.ual.es\/en\/aspectos-destacados-de-la-cumbre-del-g7\/","name":"Aspectos destacados de la Cumbre del G7 | CDE Almer\u00eda - Centro de Documentaci\u00f3n Europea - Universidad de Almer\u00eda","isPartOf":{"@id":"https:\/\/www.cde.ual.es\/#website"},"primaryImageOfPage":{"@id":"https:\/\/www.cde.ual.es\/en\/aspectos-destacados-de-la-cumbre-del-g7\/#primaryimage"},"image":{"@id":"https:\/\/www.cde.ual.es\/en\/aspectos-destacados-de-la-cumbre-del-g7\/#primaryimage"},"thumbnailUrl":"https:\/\/www.cde.ual.es\/wp-content\/uploads\/2019\/08\/00f415e2-2036-b24b-bab5-ddbc9cddbe1d.jpg","datePublished":"2019-08-28T22:01:04+00:00","breadcrumb":{"@id":"https:\/\/www.cde.ual.es\/en\/aspectos-destacados-de-la-cumbre-del-g7\/#breadcrumb"},"inLanguage":"en-US","potentialAction":[{"@type":"ReadAction","target":["https:\/\/www.cde.ual.es\/en\/aspectos-destacados-de-la-cumbre-del-g7\/"]}]},{"@type":"ImageObject","inLanguage":"en-US","@id":"https:\/\/www.cde.ual.es\/en\/aspectos-destacados-de-la-cumbre-del-g7\/#primaryimage","url":"https:\/\/www.cde.ual.es\/wp-content\/uploads\/2019\/08\/00f415e2-2036-b24b-bab5-ddbc9cddbe1d.jpg","contentUrl":"https:\/\/www.cde.ual.es\/wp-content\/uploads\/2019\/08\/00f415e2-2036-b24b-bab5-ddbc9cddbe1d.jpg","width":6124,"height":4082},{"@type":"BreadcrumbList","@id":"https:\/\/www.cde.ual.es\/en\/aspectos-destacados-de-la-cumbre-del-g7\/#breadcrumb","itemListElement":[{"@type":"ListItem","position":1,"name":"Inicio","item":"https:\/\/www.cde.ual.es\/en\/"},{"@type":"ListItem","position":2,"name":"Media Collection Catalogue","item":"https:\/\/www.cde.ual.es\/en\/category\/media-collection-catalogue\/"},{"@type":"ListItem","position":3,"name":"Media Collection - European Union","item":"https:\/\/www.cde.ual.es\/en\/category\/media-collection-catalogue\/media-collection-european-union\/"},{"@type":"ListItem","position":4,"name":"Aspectos destacados de la Cumbre del G7"}]},{"@type":"WebSite","@id":"https:\/\/www.cde.ual.es\/#website","url":"https:\/\/www.cde.ual.es\/","name":"CDE Almer\u00eda - Centro de Documentaci\u00f3n Europea - Universidad de Almer\u00eda","description":"Centro de Documentaci\u00f3n Europea de la Universidad de Almer\u00eda","publisher":{"@id":"https:\/\/www.cde.ual.es\/#organization"},"alternateName":"CDE Almer\u00eda","potentialAction":[{"@type":"SearchAction","target":{"@type":"EntryPoint","urlTemplate":"https:\/\/www.cde.ual.es\/?s={search_term_string}"},"query-input":{"@type":"PropertyValueSpecification","valueRequired":true,"valueName":"search_term_string"}}],"inLanguage":"en-US"},{"@type":"Organization","@id":"https:\/\/www.cde.ual.es\/#organization","name":"Centro de Documentaci\u00f3n Europea de Almer\u00eda","url":"https:\/\/www.cde.ual.es\/","logo":{"@type":"ImageObject","inLanguage":"en-US","@id":"https:\/\/www.cde.ual.es\/#\/schema\/logo\/image\/","url":"https:\/\/www.cde.ual.es\/wp-content\/uploads\/2025\/07\/cde-logo-3.png","contentUrl":"https:\/\/www.cde.ual.es\/wp-content\/uploads\/2025\/07\/cde-logo-3.png","width":1400,"height":300,"caption":"Centro de Documentaci\u00f3n Europea de Almer\u00eda"},"image":{"@id":"https:\/\/www.cde.ual.es\/#\/schema\/logo\/image\/"},"sameAs":["https:\/\/www.facebook.com\/cdeuniversidadalmeria\/","https:\/\/x.com\/cdeualmeria","https:\/\/www.tiktok.com\/@cdealmeria","https:\/\/www.instagram.com\/cdealmeria\/","https:\/\/www.linkedin.com\/in\/cde-almera-812b26a9\/"]},{"@type":"Person","@id":"https:\/\/www.cde.ual.es\/#\/schema\/person\/ee46ebc19edfa19598c02cff83335acc","name":"BECA 2 CDE","image":{"@type":"ImageObject","inLanguage":"en-US","@id":"https:\/\/secure.gravatar.com\/avatar\/35a481bbc04bbd90e91bdfa3b0b5541036c222a49b9ad37b6889a2afcb5311a5?s=96&d=mm&r=g","url":"https:\/\/secure.gravatar.com\/avatar\/35a481bbc04bbd90e91bdfa3b0b5541036c222a49b9ad37b6889a2afcb5311a5?s=96&d=mm&r=g","contentUrl":"https:\/\/secure.gravatar.com\/avatar\/35a481bbc04bbd90e91bdfa3b0b5541036c222a49b9ad37b6889a2afcb5311a5?s=96&d=mm&r=g","caption":"BECA 2 CDE"},"sameAs":["http:\/\/www.cdealmeria.com"]}]}},"_links":{"self":[{"href":"https:\/\/www.cde.ual.es\/en\/wp-json\/wp\/v2\/posts\/24209","targetHints":{"allow":["GET"]}}],"collection":[{"href":"https:\/\/www.cde.ual.es\/en\/wp-json\/wp\/v2\/posts"}],"about":[{"href":"https:\/\/www.cde.ual.es\/en\/wp-json\/wp\/v2\/types\/post"}],"author":[{"embeddable":true,"href":"https:\/\/www.cde.ual.es\/en\/wp-json\/wp\/v2\/users\/101011"}],"replies":[{"embeddable":true,"href":"https:\/\/www.cde.ual.es\/en\/wp-json\/wp\/v2\/comments?post=24209"}],"version-history":[{"count":0,"href":"https:\/\/www.cde.ual.es\/en\/wp-json\/wp\/v2\/posts\/24209\/revisions"}],"wp:featuredmedia":[{"embeddable":true,"href":"https:\/\/www.cde.ual.es\/en\/wp-json\/wp\/v2\/media\/24210"}],"wp:attachment":[{"href":"https:\/\/www.cde.ual.es\/en\/wp-json\/wp\/v2\/media?parent=24209"}],"wp:term":[{"taxonomy":"category","embeddable":true,"href":"https:\/\/www.cde.ual.es\/en\/wp-json\/wp\/v2\/categories?post=24209"},{"taxonomy":"post_tag","embeddable":true,"href":"https:\/\/www.cde.ual.es\/en\/wp-json\/wp\/v2\/tags?post=24209"}],"curies":[{"name":"wp","href":"https:\/\/api.w.org\/{rel}","templated":true}]}}