{"id":23865,"date":"2019-08-13T01:30:36","date_gmt":"2019-08-12T23:30:36","guid":{"rendered":"https:\/\/www.cde.ual.es\/?p=23865"},"modified":"2019-08-12T13:33:38","modified_gmt":"2019-08-12T11:33:38","slug":"protecting-endangered-languages-key-to-save-millennia-old-cultures","status":"publish","type":"post","link":"https:\/\/www.cde.ual.es\/en\/protecting-endangered-languages-key-to-save-millennia-old-cultures\/","title":{"rendered":"Protecting endangered languages, key to save millennia-old cultures"},"content":{"rendered":"<p><strong><em>This year&#8217;s International Day of the World\u2019s Indigenous Peoples, celebrated the past 9th of August, was dedicated to Indigenous Peoples\u2019 Languages. Around 5,000 of the 7,000 languages spoken in the world are indigenous, and one of them dies every two weeks. The EU invests \u20ac500 million every year on education programmes to revitalize these ancient communication tools in 60 countries across the world.<\/em><\/strong><\/p>\n<p style=\"text-align: center;\"><a href=\"https:\/\/www.cde.ual.es\/wp-content\/uploads\/2019\/08\/iyil2019_visual_extra3_en-1100x733.jpg\"><img decoding=\"async\" class=\"alignnone size-medium wp-image-23862\" src=\"https:\/\/www.cde.ual.es\/wp-content\/uploads\/2019\/08\/iyil2019_visual_extra3_en-1100x733-300x200.jpg\" alt=\"Hombre esquimal sobre un trineo rodeado de nieve\" width=\"300\" height=\"200\" srcset=\"https:\/\/www.cde.ual.es\/wp-content\/uploads\/2019\/08\/iyil2019_visual_extra3_en-1100x733-300x200.jpg 300w, https:\/\/www.cde.ual.es\/wp-content\/uploads\/2019\/08\/iyil2019_visual_extra3_en-1100x733-768x512.jpg 768w, https:\/\/www.cde.ual.es\/wp-content\/uploads\/2019\/08\/iyil2019_visual_extra3_en-1100x733-1024x682.jpg 1024w, https:\/\/www.cde.ual.es\/wp-content\/uploads\/2019\/08\/iyil2019_visual_extra3_en-1100x733.jpg 1100w\" sizes=\"(max-width: 300px) 100vw, 300px\" \/><\/a><\/p>\n<p>According to the UN, one of these languages dies every 15 days. That means a whole worldview, possibly a millennia-old culture and folklore passed on from father to son for generations, gone\u2026 lost in time\u2026 &#8220;like tears in rain&#8221;. In a declaration on behalf of the EU, on<a href=\"https:\/\/www.un.org\/development\/desa\/indigenouspeoples\/international-day-of-the-worlds-indigenous-peoples\/international-day-2019.html\"> International Day of the World\u2019s Indigenous Peoples,<\/a> High Representative Federica Mogherini remarked: <em>&#8220;Of the 7,000 languages spoken in the world, 5,000 are indigenous, and most of the world\u2019s 2,680 endangered languages are indigenous. This is one of the direct consequences of the continued violation of indigenous people&#8217;s rights to their traditional lands, territories, resources and to self-determination.&#8221;<\/em><\/p>\n<p><strong>Only 6% of the global population are indigenous people \u2014370 million<\/strong> living across 90 countries \u2014 but they do <strong>speak 71% of the living languages in the world.<\/strong> And they are threatened: estimates suggest that more than half of the existing languages will become extinct by 2100. This is why this year the International Day of the World\u2019s Indigenous Peoples, in view of the<a href=\"https:\/\/en.iyil2019.org\/\"> International Year of Indigenous Languages,<\/a> aims to <em>&#8220;highlight the critical need to revitalize, preserve, and promote&#8221; these ancient and minority communication tools.<\/em><\/p>\n<p><strong>The indigenous languages, oral traditions and literatures are officially protected within the EU<\/strong>. The Charter of Fundamental Rights of the European Union <strong>prohibits discrimination based on language<\/strong>, and underlines the right of indigenous children to practice their own language and culture. Of course, <strong>multilingualism<\/strong> is natural in a continent founded on &#8216;<strong><em>unity in diversity<\/em><\/strong>&#8216; where, besides the 24 official languages of the Union, there are over<strong> 60 regional or minority languages spoken by some 40 million people:<\/strong> Basque, Catalan, Frisian, Saami, Welsh and Yiddish, just to mention a few.<\/p>\n<p>However, this is not always the case in other regions of the world. That is why, since the issue was included in the EU agenda in 1997, the Union has focused on <a href=\"https:\/\/ec.europa.eu\/europeaid\/sectors\/human-rights-and-governance\/democracy-and-human-rights\/anti-discrimination-movements-1_en\">the protection of the 370 million people that define themselves as indigenous worldwide.<\/a> In 2007, the EU adopted the UN Declaration on the Rights of Indigenous Peoples, and it has been a priority to integrate the support to these minorities in the EU&#8217;s implementation of the 2030 Agenda for Sustainable Development.<\/p>\n<h2>More information<\/h2>\n<p>Access the\u00a0<a href=\"https:\/\/eeas.europa.eu\/headquarters\/headquarters-homepage\/66046\/protecting-endangered-languages-key-save-millennia-old-cultures_en\">full news<\/a><\/p>\n","protected":false},"excerpt":{"rendered":"<p>This year&#8217;s International Day of the World\u2019s Indigenous Peoples, celebrated the past 9th of August, was dedicated to Indigenous Peoples\u2019 Languages. Around 5,000 of the 7,000 languages spoken in the world are indigenous, and one of them dies every two weeks. The EU invests \u20ac500 million every year on education programmes to revitalize these ancient [&hellip;]<\/p>\n","protected":false},"author":101011,"featured_media":23863,"comment_status":"open","ping_status":"open","sticky":false,"template":"","format":"standard","meta":{"_acf_changed":false,"_relevanssi_hide_post":"","_relevanssi_hide_content":"","_relevanssi_pin_for_all":"","_relevanssi_pin_keywords":"","_relevanssi_unpin_keywords":"","_relevanssi_related_keywords":"","_relevanssi_related_include_ids":"","_relevanssi_related_exclude_ids":"","_relevanssi_related_no_append":"","_relevanssi_related_not_related":"","_relevanssi_related_posts":"","_relevanssi_noindex_reason":"","_monsterinsights_skip_tracking":false,"_monsterinsights_sitenote_active":false,"_monsterinsights_sitenote_note":"","_monsterinsights_sitenote_category":0,"_genesis_hide_title":false,"_genesis_hide_breadcrumbs":false,"_genesis_hide_singular_image":false,"_genesis_hide_footer_widgets":false,"_genesis_custom_body_class":"","_genesis_custom_post_class":"","_genesis_layout":"","footnotes":""},"categories":[346],"tags":[527],"class_list":{"0":"post-23865","1":"post","2":"type-post","3":"status-publish","4":"format-standard","5":"has-post-thumbnail","7":"category-eu-news","8":"tag-culture","9":"entry"},"acf":[],"yoast_head":"<!-- This site is optimized with the Yoast SEO plugin v27.5 - https:\/\/yoast.com\/product\/yoast-seo-wordpress\/ -->\n<title>Protecting endangered languages, key to save millennia-old cultures | CDE Almer\u00eda - Centro de Documentaci\u00f3n Europea - Universidad de Almer\u00eda<\/title>\n<meta name=\"robots\" content=\"index, follow, max-snippet:-1, max-image-preview:large, max-video-preview:-1\" \/>\n<link rel=\"canonical\" href=\"https:\/\/www.cde.ual.es\/en\/protecting-endangered-languages-key-to-save-millennia-old-cultures\/\" \/>\n<meta property=\"og:locale\" content=\"en_US\" \/>\n<meta property=\"og:type\" content=\"article\" \/>\n<meta property=\"og:title\" content=\"Protecting endangered languages, key to save millennia-old cultures | CDE Almer\u00eda - Centro de Documentaci\u00f3n Europea - Universidad de Almer\u00eda\" \/>\n<meta property=\"og:description\" content=\"This year&#8217;s International Day of the World\u2019s Indigenous Peoples, celebrated the past 9th of August, was dedicated to Indigenous Peoples\u2019 Languages. Around 5,000 of the 7,000 languages spoken in the world are indigenous, and one of them dies every two weeks. The EU invests \u20ac500 million every year on education programmes to revitalize these ancient [&hellip;]\" \/>\n<meta property=\"og:url\" content=\"https:\/\/www.cde.ual.es\/en\/protecting-endangered-languages-key-to-save-millennia-old-cultures\/\" \/>\n<meta property=\"og:site_name\" content=\"CDE Almer\u00eda - Centro de Documentaci\u00f3n Europea - Universidad de Almer\u00eda\" \/>\n<meta property=\"article:publisher\" content=\"https:\/\/www.facebook.com\/cdeuniversidadalmeria\/\" \/>\n<meta property=\"article:published_time\" content=\"2019-08-12T23:30:36+00:00\" \/>\n<meta property=\"og:image\" content=\"https:\/\/www.cde.ual.es\/wp-content\/uploads\/2019\/08\/iyil2019_visual_extra3_en-1100x733.jpg\" \/>\n\t<meta property=\"og:image:width\" content=\"1100\" \/>\n\t<meta property=\"og:image:height\" content=\"733\" \/>\n\t<meta property=\"og:image:type\" content=\"image\/jpeg\" \/>\n<meta name=\"author\" content=\"BECA 2 CDE\" \/>\n<meta name=\"twitter:card\" content=\"summary_large_image\" \/>\n<meta name=\"twitter:creator\" content=\"@cdeualmeria\" \/>\n<meta name=\"twitter:site\" content=\"@cdeualmeria\" \/>\n<meta name=\"twitter:label1\" content=\"Written by\" \/>\n\t<meta name=\"twitter:data1\" content=\"BECA 2 CDE\" \/>\n\t<meta name=\"twitter:label2\" content=\"Est. reading time\" \/>\n\t<meta name=\"twitter:data2\" content=\"2 minutes\" \/>\n<script type=\"application\/ld+json\" class=\"yoast-schema-graph\">{\"@context\":\"https:\\\/\\\/schema.org\",\"@graph\":[{\"@type\":\"Article\",\"@id\":\"https:\\\/\\\/www.cde.ual.es\\\/en\\\/protecting-endangered-languages-key-to-save-millennia-old-cultures\\\/#article\",\"isPartOf\":{\"@id\":\"https:\\\/\\\/www.cde.ual.es\\\/en\\\/protecting-endangered-languages-key-to-save-millennia-old-cultures\\\/\"},\"author\":{\"name\":\"BECA 2 CDE\",\"@id\":\"https:\\\/\\\/www.cde.ual.es\\\/#\\\/schema\\\/person\\\/ee46ebc19edfa19598c02cff83335acc\"},\"headline\":\"Protecting endangered languages, key to save millennia-old cultures\",\"datePublished\":\"2019-08-12T23:30:36+00:00\",\"mainEntityOfPage\":{\"@id\":\"https:\\\/\\\/www.cde.ual.es\\\/en\\\/protecting-endangered-languages-key-to-save-millennia-old-cultures\\\/\"},\"wordCount\":426,\"commentCount\":0,\"publisher\":{\"@id\":\"https:\\\/\\\/www.cde.ual.es\\\/#organization\"},\"image\":{\"@id\":\"https:\\\/\\\/www.cde.ual.es\\\/en\\\/protecting-endangered-languages-key-to-save-millennia-old-cultures\\\/#primaryimage\"},\"thumbnailUrl\":\"https:\\\/\\\/www.cde.ual.es\\\/wp-content\\\/uploads\\\/2019\\\/08\\\/iyil2019_visual_extra3_en-1100x733.jpg\",\"keywords\":[\"culture\"],\"articleSection\":[\"EU News\"],\"inLanguage\":\"en-US\",\"potentialAction\":[{\"@type\":\"CommentAction\",\"name\":\"Comment\",\"target\":[\"https:\\\/\\\/www.cde.ual.es\\\/en\\\/protecting-endangered-languages-key-to-save-millennia-old-cultures\\\/#respond\"]}]},{\"@type\":\"WebPage\",\"@id\":\"https:\\\/\\\/www.cde.ual.es\\\/en\\\/protecting-endangered-languages-key-to-save-millennia-old-cultures\\\/\",\"url\":\"https:\\\/\\\/www.cde.ual.es\\\/en\\\/protecting-endangered-languages-key-to-save-millennia-old-cultures\\\/\",\"name\":\"Protecting endangered languages, key to save millennia-old cultures | CDE Almer\u00eda - Centro de Documentaci\u00f3n Europea - Universidad de Almer\u00eda\",\"isPartOf\":{\"@id\":\"https:\\\/\\\/www.cde.ual.es\\\/#website\"},\"primaryImageOfPage\":{\"@id\":\"https:\\\/\\\/www.cde.ual.es\\\/en\\\/protecting-endangered-languages-key-to-save-millennia-old-cultures\\\/#primaryimage\"},\"image\":{\"@id\":\"https:\\\/\\\/www.cde.ual.es\\\/en\\\/protecting-endangered-languages-key-to-save-millennia-old-cultures\\\/#primaryimage\"},\"thumbnailUrl\":\"https:\\\/\\\/www.cde.ual.es\\\/wp-content\\\/uploads\\\/2019\\\/08\\\/iyil2019_visual_extra3_en-1100x733.jpg\",\"datePublished\":\"2019-08-12T23:30:36+00:00\",\"breadcrumb\":{\"@id\":\"https:\\\/\\\/www.cde.ual.es\\\/en\\\/protecting-endangered-languages-key-to-save-millennia-old-cultures\\\/#breadcrumb\"},\"inLanguage\":\"en-US\",\"potentialAction\":[{\"@type\":\"ReadAction\",\"target\":[\"https:\\\/\\\/www.cde.ual.es\\\/en\\\/protecting-endangered-languages-key-to-save-millennia-old-cultures\\\/\"]}]},{\"@type\":\"ImageObject\",\"inLanguage\":\"en-US\",\"@id\":\"https:\\\/\\\/www.cde.ual.es\\\/en\\\/protecting-endangered-languages-key-to-save-millennia-old-cultures\\\/#primaryimage\",\"url\":\"https:\\\/\\\/www.cde.ual.es\\\/wp-content\\\/uploads\\\/2019\\\/08\\\/iyil2019_visual_extra3_en-1100x733.jpg\",\"contentUrl\":\"https:\\\/\\\/www.cde.ual.es\\\/wp-content\\\/uploads\\\/2019\\\/08\\\/iyil2019_visual_extra3_en-1100x733.jpg\",\"width\":1100,\"height\":733,\"caption\":\"Hombre esquimal sobre un trineo rodeado de nieve\"},{\"@type\":\"BreadcrumbList\",\"@id\":\"https:\\\/\\\/www.cde.ual.es\\\/en\\\/protecting-endangered-languages-key-to-save-millennia-old-cultures\\\/#breadcrumb\",\"itemListElement\":[{\"@type\":\"ListItem\",\"position\":1,\"name\":\"Inicio\",\"item\":\"https:\\\/\\\/www.cde.ual.es\\\/en\\\/\"},{\"@type\":\"ListItem\",\"position\":2,\"name\":\"EU News\",\"item\":\"https:\\\/\\\/www.cde.ual.es\\\/en\\\/category\\\/eu-news\\\/\"},{\"@type\":\"ListItem\",\"position\":3,\"name\":\"Protecting endangered languages, key to save millennia-old cultures\"}]},{\"@type\":\"WebSite\",\"@id\":\"https:\\\/\\\/www.cde.ual.es\\\/#website\",\"url\":\"https:\\\/\\\/www.cde.ual.es\\\/\",\"name\":\"CDE Almer\u00eda - Centro de Documentaci\u00f3n Europea - Universidad de Almer\u00eda\",\"description\":\"Centro de Documentaci\u00f3n Europea de la Universidad de Almer\u00eda\",\"publisher\":{\"@id\":\"https:\\\/\\\/www.cde.ual.es\\\/#organization\"},\"alternateName\":\"CDE Almer\u00eda\",\"potentialAction\":[{\"@type\":\"SearchAction\",\"target\":{\"@type\":\"EntryPoint\",\"urlTemplate\":\"https:\\\/\\\/www.cde.ual.es\\\/?s={search_term_string}\"},\"query-input\":{\"@type\":\"PropertyValueSpecification\",\"valueRequired\":true,\"valueName\":\"search_term_string\"}}],\"inLanguage\":\"en-US\"},{\"@type\":\"Organization\",\"@id\":\"https:\\\/\\\/www.cde.ual.es\\\/#organization\",\"name\":\"Centro de Documentaci\u00f3n Europea de Almer\u00eda\",\"url\":\"https:\\\/\\\/www.cde.ual.es\\\/\",\"logo\":{\"@type\":\"ImageObject\",\"inLanguage\":\"en-US\",\"@id\":\"https:\\\/\\\/www.cde.ual.es\\\/#\\\/schema\\\/logo\\\/image\\\/\",\"url\":\"https:\\\/\\\/www.cde.ual.es\\\/wp-content\\\/uploads\\\/2025\\\/07\\\/cde-logo-3.png\",\"contentUrl\":\"https:\\\/\\\/www.cde.ual.es\\\/wp-content\\\/uploads\\\/2025\\\/07\\\/cde-logo-3.png\",\"width\":1400,\"height\":300,\"caption\":\"Centro de Documentaci\u00f3n Europea de Almer\u00eda\"},\"image\":{\"@id\":\"https:\\\/\\\/www.cde.ual.es\\\/#\\\/schema\\\/logo\\\/image\\\/\"},\"sameAs\":[\"https:\\\/\\\/www.facebook.com\\\/cdeuniversidadalmeria\\\/\",\"https:\\\/\\\/x.com\\\/cdeualmeria\",\"https:\\\/\\\/www.tiktok.com\\\/@cdealmeria\",\"https:\\\/\\\/www.instagram.com\\\/cdealmeria\\\/\",\"https:\\\/\\\/www.linkedin.com\\\/in\\\/cde-almera-812b26a9\\\/\"]},{\"@type\":\"Person\",\"@id\":\"https:\\\/\\\/www.cde.ual.es\\\/#\\\/schema\\\/person\\\/ee46ebc19edfa19598c02cff83335acc\",\"name\":\"BECA 2 CDE\",\"image\":{\"@type\":\"ImageObject\",\"inLanguage\":\"en-US\",\"@id\":\"https:\\\/\\\/secure.gravatar.com\\\/avatar\\\/35a481bbc04bbd90e91bdfa3b0b5541036c222a49b9ad37b6889a2afcb5311a5?s=96&d=mm&r=g\",\"url\":\"https:\\\/\\\/secure.gravatar.com\\\/avatar\\\/35a481bbc04bbd90e91bdfa3b0b5541036c222a49b9ad37b6889a2afcb5311a5?s=96&d=mm&r=g\",\"contentUrl\":\"https:\\\/\\\/secure.gravatar.com\\\/avatar\\\/35a481bbc04bbd90e91bdfa3b0b5541036c222a49b9ad37b6889a2afcb5311a5?s=96&d=mm&r=g\",\"caption\":\"BECA 2 CDE\"},\"sameAs\":[\"http:\\\/\\\/www.cdealmeria.com\"]}]}<\/script>\n<!-- \/ Yoast SEO plugin. -->","yoast_head_json":{"title":"Protecting endangered languages, key to save millennia-old cultures | CDE Almer\u00eda - Centro de Documentaci\u00f3n Europea - Universidad de Almer\u00eda","robots":{"index":"index","follow":"follow","max-snippet":"max-snippet:-1","max-image-preview":"max-image-preview:large","max-video-preview":"max-video-preview:-1"},"canonical":"https:\/\/www.cde.ual.es\/en\/protecting-endangered-languages-key-to-save-millennia-old-cultures\/","og_locale":"en_US","og_type":"article","og_title":"Protecting endangered languages, key to save millennia-old cultures | CDE Almer\u00eda - Centro de Documentaci\u00f3n Europea - Universidad de Almer\u00eda","og_description":"This year&#8217;s International Day of the World\u2019s Indigenous Peoples, celebrated the past 9th of August, was dedicated to Indigenous Peoples\u2019 Languages. Around 5,000 of the 7,000 languages spoken in the world are indigenous, and one of them dies every two weeks. The EU invests \u20ac500 million every year on education programmes to revitalize these ancient [&hellip;]","og_url":"https:\/\/www.cde.ual.es\/en\/protecting-endangered-languages-key-to-save-millennia-old-cultures\/","og_site_name":"CDE Almer\u00eda - Centro de Documentaci\u00f3n Europea - Universidad de Almer\u00eda","article_publisher":"https:\/\/www.facebook.com\/cdeuniversidadalmeria\/","article_published_time":"2019-08-12T23:30:36+00:00","og_image":[{"width":1100,"height":733,"url":"https:\/\/www.cde.ual.es\/wp-content\/uploads\/2019\/08\/iyil2019_visual_extra3_en-1100x733.jpg","type":"image\/jpeg"}],"author":"BECA 2 CDE","twitter_card":"summary_large_image","twitter_creator":"@cdeualmeria","twitter_site":"@cdeualmeria","twitter_misc":{"Written by":"BECA 2 CDE","Est. reading time":"2 minutes"},"schema":{"@context":"https:\/\/schema.org","@graph":[{"@type":"Article","@id":"https:\/\/www.cde.ual.es\/en\/protecting-endangered-languages-key-to-save-millennia-old-cultures\/#article","isPartOf":{"@id":"https:\/\/www.cde.ual.es\/en\/protecting-endangered-languages-key-to-save-millennia-old-cultures\/"},"author":{"name":"BECA 2 CDE","@id":"https:\/\/www.cde.ual.es\/#\/schema\/person\/ee46ebc19edfa19598c02cff83335acc"},"headline":"Protecting endangered languages, key to save millennia-old cultures","datePublished":"2019-08-12T23:30:36+00:00","mainEntityOfPage":{"@id":"https:\/\/www.cde.ual.es\/en\/protecting-endangered-languages-key-to-save-millennia-old-cultures\/"},"wordCount":426,"commentCount":0,"publisher":{"@id":"https:\/\/www.cde.ual.es\/#organization"},"image":{"@id":"https:\/\/www.cde.ual.es\/en\/protecting-endangered-languages-key-to-save-millennia-old-cultures\/#primaryimage"},"thumbnailUrl":"https:\/\/www.cde.ual.es\/wp-content\/uploads\/2019\/08\/iyil2019_visual_extra3_en-1100x733.jpg","keywords":["culture"],"articleSection":["EU News"],"inLanguage":"en-US","potentialAction":[{"@type":"CommentAction","name":"Comment","target":["https:\/\/www.cde.ual.es\/en\/protecting-endangered-languages-key-to-save-millennia-old-cultures\/#respond"]}]},{"@type":"WebPage","@id":"https:\/\/www.cde.ual.es\/en\/protecting-endangered-languages-key-to-save-millennia-old-cultures\/","url":"https:\/\/www.cde.ual.es\/en\/protecting-endangered-languages-key-to-save-millennia-old-cultures\/","name":"Protecting endangered languages, key to save millennia-old cultures | CDE Almer\u00eda - Centro de Documentaci\u00f3n Europea - Universidad de Almer\u00eda","isPartOf":{"@id":"https:\/\/www.cde.ual.es\/#website"},"primaryImageOfPage":{"@id":"https:\/\/www.cde.ual.es\/en\/protecting-endangered-languages-key-to-save-millennia-old-cultures\/#primaryimage"},"image":{"@id":"https:\/\/www.cde.ual.es\/en\/protecting-endangered-languages-key-to-save-millennia-old-cultures\/#primaryimage"},"thumbnailUrl":"https:\/\/www.cde.ual.es\/wp-content\/uploads\/2019\/08\/iyil2019_visual_extra3_en-1100x733.jpg","datePublished":"2019-08-12T23:30:36+00:00","breadcrumb":{"@id":"https:\/\/www.cde.ual.es\/en\/protecting-endangered-languages-key-to-save-millennia-old-cultures\/#breadcrumb"},"inLanguage":"en-US","potentialAction":[{"@type":"ReadAction","target":["https:\/\/www.cde.ual.es\/en\/protecting-endangered-languages-key-to-save-millennia-old-cultures\/"]}]},{"@type":"ImageObject","inLanguage":"en-US","@id":"https:\/\/www.cde.ual.es\/en\/protecting-endangered-languages-key-to-save-millennia-old-cultures\/#primaryimage","url":"https:\/\/www.cde.ual.es\/wp-content\/uploads\/2019\/08\/iyil2019_visual_extra3_en-1100x733.jpg","contentUrl":"https:\/\/www.cde.ual.es\/wp-content\/uploads\/2019\/08\/iyil2019_visual_extra3_en-1100x733.jpg","width":1100,"height":733,"caption":"Hombre esquimal sobre un trineo rodeado de nieve"},{"@type":"BreadcrumbList","@id":"https:\/\/www.cde.ual.es\/en\/protecting-endangered-languages-key-to-save-millennia-old-cultures\/#breadcrumb","itemListElement":[{"@type":"ListItem","position":1,"name":"Inicio","item":"https:\/\/www.cde.ual.es\/en\/"},{"@type":"ListItem","position":2,"name":"EU News","item":"https:\/\/www.cde.ual.es\/en\/category\/eu-news\/"},{"@type":"ListItem","position":3,"name":"Protecting endangered languages, key to save millennia-old cultures"}]},{"@type":"WebSite","@id":"https:\/\/www.cde.ual.es\/#website","url":"https:\/\/www.cde.ual.es\/","name":"CDE Almer\u00eda - Centro de Documentaci\u00f3n Europea - Universidad de Almer\u00eda","description":"Centro de Documentaci\u00f3n Europea de la Universidad de Almer\u00eda","publisher":{"@id":"https:\/\/www.cde.ual.es\/#organization"},"alternateName":"CDE Almer\u00eda","potentialAction":[{"@type":"SearchAction","target":{"@type":"EntryPoint","urlTemplate":"https:\/\/www.cde.ual.es\/?s={search_term_string}"},"query-input":{"@type":"PropertyValueSpecification","valueRequired":true,"valueName":"search_term_string"}}],"inLanguage":"en-US"},{"@type":"Organization","@id":"https:\/\/www.cde.ual.es\/#organization","name":"Centro de Documentaci\u00f3n Europea de Almer\u00eda","url":"https:\/\/www.cde.ual.es\/","logo":{"@type":"ImageObject","inLanguage":"en-US","@id":"https:\/\/www.cde.ual.es\/#\/schema\/logo\/image\/","url":"https:\/\/www.cde.ual.es\/wp-content\/uploads\/2025\/07\/cde-logo-3.png","contentUrl":"https:\/\/www.cde.ual.es\/wp-content\/uploads\/2025\/07\/cde-logo-3.png","width":1400,"height":300,"caption":"Centro de Documentaci\u00f3n Europea de Almer\u00eda"},"image":{"@id":"https:\/\/www.cde.ual.es\/#\/schema\/logo\/image\/"},"sameAs":["https:\/\/www.facebook.com\/cdeuniversidadalmeria\/","https:\/\/x.com\/cdeualmeria","https:\/\/www.tiktok.com\/@cdealmeria","https:\/\/www.instagram.com\/cdealmeria\/","https:\/\/www.linkedin.com\/in\/cde-almera-812b26a9\/"]},{"@type":"Person","@id":"https:\/\/www.cde.ual.es\/#\/schema\/person\/ee46ebc19edfa19598c02cff83335acc","name":"BECA 2 CDE","image":{"@type":"ImageObject","inLanguage":"en-US","@id":"https:\/\/secure.gravatar.com\/avatar\/35a481bbc04bbd90e91bdfa3b0b5541036c222a49b9ad37b6889a2afcb5311a5?s=96&d=mm&r=g","url":"https:\/\/secure.gravatar.com\/avatar\/35a481bbc04bbd90e91bdfa3b0b5541036c222a49b9ad37b6889a2afcb5311a5?s=96&d=mm&r=g","contentUrl":"https:\/\/secure.gravatar.com\/avatar\/35a481bbc04bbd90e91bdfa3b0b5541036c222a49b9ad37b6889a2afcb5311a5?s=96&d=mm&r=g","caption":"BECA 2 CDE"},"sameAs":["http:\/\/www.cdealmeria.com"]}]}},"_links":{"self":[{"href":"https:\/\/www.cde.ual.es\/en\/wp-json\/wp\/v2\/posts\/23865","targetHints":{"allow":["GET"]}}],"collection":[{"href":"https:\/\/www.cde.ual.es\/en\/wp-json\/wp\/v2\/posts"}],"about":[{"href":"https:\/\/www.cde.ual.es\/en\/wp-json\/wp\/v2\/types\/post"}],"author":[{"embeddable":true,"href":"https:\/\/www.cde.ual.es\/en\/wp-json\/wp\/v2\/users\/101011"}],"replies":[{"embeddable":true,"href":"https:\/\/www.cde.ual.es\/en\/wp-json\/wp\/v2\/comments?post=23865"}],"version-history":[{"count":0,"href":"https:\/\/www.cde.ual.es\/en\/wp-json\/wp\/v2\/posts\/23865\/revisions"}],"wp:featuredmedia":[{"embeddable":true,"href":"https:\/\/www.cde.ual.es\/en\/wp-json\/wp\/v2\/media\/23863"}],"wp:attachment":[{"href":"https:\/\/www.cde.ual.es\/en\/wp-json\/wp\/v2\/media?parent=23865"}],"wp:term":[{"taxonomy":"category","embeddable":true,"href":"https:\/\/www.cde.ual.es\/en\/wp-json\/wp\/v2\/categories?post=23865"},{"taxonomy":"post_tag","embeddable":true,"href":"https:\/\/www.cde.ual.es\/en\/wp-json\/wp\/v2\/tags?post=23865"}],"curies":[{"name":"wp","href":"https:\/\/api.w.org\/{rel}","templated":true}]}}