{"id":2377,"date":"2017-12-20T17:19:15","date_gmt":"2017-12-20T16:19:15","guid":{"rendered":"http:\/\/www.cde.ual.es\/?p=2377"},"modified":"2017-12-20T17:23:44","modified_gmt":"2017-12-20T16:23:44","slug":"concurso-de-fotografia-europa-patrimonio-de-todos","status":"publish","type":"post","link":"https:\/\/www.cde.ual.es\/en\/concurso-de-fotografia-europa-patrimonio-de-todos\/","title":{"rendered":"Concurso de Fotograf\u00eda  \u201cEuropa, patrimonio de todos\u201d"},"content":{"rendered":"<p style=\"font-weight: 400;\">Si eres un apasionad@ de la fotograf\u00eda o si haces tus pinitos con el m\u00f3vil esta informaci\u00f3n te interesa&#8230;<\/p>\n<p style=\"font-weight: 400;\">Arranca el Concurso de Fotograf\u00eda<strong>\u00a0<\/strong><strong>\u201cEuropa, patrimonio de todos\u201d, <\/strong>una iniciativa de las Instituciones Europeas en Espa\u00f1a en colaboraci\u00f3n con el Ministerio de Educaci\u00f3n, Cultura y Deporte, enmarcada en el A\u00f1o Europeo del Patrimonio Cultural 2018.\u00a0El certamen anima a los ciudadanos europeos residentes en Espa\u00f1a a reflejar en sus propuestas la importancia del patrimonio cultural europeo a trav\u00e9s de sus paisajes, tradiciones, arte, gastronom\u00eda, etc.<\/p>\n<h3>Plazo de presentaci\u00f3n:<\/h3>\n<p style=\"font-weight: 400;\">\u00a0Los trabajos podr\u00e1n presentarse hasta el 19 de febrero de 2018<\/p>\n<h3 style=\"font-weight: 400;\"><strong>\u00a0Organiza:<\/strong><\/h3>\n<p style=\"font-weight: 400;\">Las Instituciones Europeas en Espa\u00f1a (Parlamento y Comisi\u00f3n), en colaboraci\u00f3n con la Subdirecci\u00f3n General de Cooperaci\u00f3n y Promoci\u00f3n Internacional de la Cultura del Ministerio de Educaci\u00f3n, Cultura y Deporte<\/p>\n<p style=\"font-weight: 400;\">El certamen se enmarca en el\u00a0<strong><em>A\u00f1o Europeo del Patrimonio Cultural 2018<\/em><\/strong>\u00a0e invita a los participantes a implicarse en los objetivos de esta tem\u00e1tica, destacando la importancia de la riqueza cultural europea no solo como un legado del pasado, sino como un recurso imprescindible para nuestro futuro por su calado educativo y social, por el potencial econ\u00f3mico que representa y por su dimensi\u00f3n en cooperaci\u00f3n internacional.<\/p>\n<h3>Premios:<\/h3>\n<p style=\"font-weight: 400;\">Se conceder\u00e1n tres premios para comprar material fotogr\u00e1fico: el primero, dotado con 700 euros, el segundo, con 400 euros y un tercer premio por importe de 300 euros.<\/p>\n<h3>Tem\u00e1tica:<\/h3>\n<p style=\"font-weight: 400;\">Las fotograf\u00edas deber\u00e1n reflejar espacios de inter\u00e9s, tradiciones, costumbres,\u00a0 arte, folclore, gastronom\u00eda, etc., pertenecientes a cualquier lugar de la UE.\u00a0Adem\u00e1s, han de tener un enfoque creativo, art\u00edstico y positivo que contribuya a\u00a0 sensibilizar a la opini\u00f3n p\u00fablica sobre el turismo sostenible y\/o sobre la riqueza del patrimonio cultural de Europa.<\/p>\n<h3>Jurado:<\/h3>\n<p style=\"font-weight: 400;\">El Jurado estar\u00e1 compuesto por un miembro de la Representaci\u00f3n en Espa\u00f1a de la Comisi\u00f3n Europea, un miembro de la Oficina del Parlamento Europeo en Espa\u00f1a y un representante de la Subdirecci\u00f3n General de Cooperaci\u00f3n y Promoci\u00f3n Internacional de la Cultura del Ministerio de Educaci\u00f3n, Cultura y Deporte (MECD).<\/p>\n<p style=\"font-weight: 400;\"><strong>Un concurso enmarcado en A\u00f1o Europeo del Patrimonio Cultural 2018<\/strong><\/p>\n<p style=\"font-weight: 400;\">Con esta iniciativa, tanto las Instituciones Europeas en Espa\u00f1a como el Ministerio de Educaci\u00f3n, Cultura y Deporte desean sensibilizar a los ciudadanos sobre el incalculable valor de nuestro acervo cultural, sobre la importancia de la historia europea y los valores compartidos, as\u00ed como fomentar el di\u00e1logo intercultural.<\/p>\n<p style=\"font-weight: 400;\"><strong>\u00a0<\/strong><strong>Para enviar la fotograf\u00eda:<\/strong><\/p>\n<p style=\"font-weight: 400;\"><a href=\"mailto:concursofotoseuropa@asecom.es\">concursofotoseuropa@asecom.es<\/a><\/p>\n<p>&nbsp;<\/p>\n","protected":false},"excerpt":{"rendered":"<p>Si eres un apasionad@ de la fotograf\u00eda o si haces tus pinitos con el m\u00f3vil esta informaci\u00f3n te interesa&#8230; Arranca el Concurso de Fotograf\u00eda\u00a0\u201cEuropa, patrimonio de todos\u201d, una iniciativa de las Instituciones Europeas en Espa\u00f1a en colaboraci\u00f3n con el Ministerio de Educaci\u00f3n, Cultura y Deporte, enmarcada en el A\u00f1o Europeo del Patrimonio Cultural 2018.\u00a0El certamen [&hellip;]<\/p>\n","protected":false},"author":1,"featured_media":2382,"comment_status":"open","ping_status":"open","sticky":false,"template":"","format":"standard","meta":{"_acf_changed":false,"_relevanssi_hide_post":"","_relevanssi_hide_content":"","_relevanssi_pin_for_all":"","_relevanssi_pin_keywords":"","_relevanssi_unpin_keywords":"","_relevanssi_related_keywords":"","_relevanssi_related_include_ids":"","_relevanssi_related_exclude_ids":"","_relevanssi_related_no_append":"","_relevanssi_related_not_related":"","_relevanssi_related_posts":"","_relevanssi_noindex_reason":"","_monsterinsights_skip_tracking":false,"_monsterinsights_sitenote_active":false,"_monsterinsights_sitenote_note":"","_monsterinsights_sitenote_category":0,"_genesis_hide_title":false,"_genesis_hide_breadcrumbs":false,"_genesis_hide_singular_image":false,"_genesis_hide_footer_widgets":false,"_genesis_custom_body_class":"","_genesis_custom_post_class":"","_genesis_layout":"","footnotes":""},"categories":[1],"tags":[],"class_list":{"0":"post-2377","1":"post","2":"type-post","3":"status-publish","4":"format-standard","5":"has-post-thumbnail","7":"category-sin-categorizar","8":"entry"},"acf":[],"yoast_head":"<!-- This site is optimized with the Yoast SEO plugin v27.4 - https:\/\/yoast.com\/product\/yoast-seo-wordpress\/ -->\n<title>Concurso de Fotograf\u00eda \u201cEuropa, patrimonio de todos\u201d | CDE Almer\u00eda - Centro de Documentaci\u00f3n Europea - Universidad de Almer\u00eda<\/title>\n<meta name=\"robots\" content=\"index, follow, max-snippet:-1, max-image-preview:large, max-video-preview:-1\" \/>\n<link rel=\"canonical\" href=\"https:\/\/www.cde.ual.es\/concurso-de-fotografia-europa-patrimonio-de-todos\/\" \/>\n<meta property=\"og:locale\" content=\"en_US\" \/>\n<meta property=\"og:type\" content=\"article\" \/>\n<meta property=\"og:title\" content=\"Concurso de Fotograf\u00eda \u201cEuropa, patrimonio de todos\u201d | CDE Almer\u00eda - Centro de Documentaci\u00f3n Europea - Universidad de Almer\u00eda\" \/>\n<meta property=\"og:description\" content=\"Si eres un apasionad@ de la fotograf\u00eda o si haces tus pinitos con el m\u00f3vil esta informaci\u00f3n te interesa&#8230; Arranca el Concurso de Fotograf\u00eda\u00a0\u201cEuropa, patrimonio de todos\u201d, una iniciativa de las Instituciones Europeas en Espa\u00f1a en colaboraci\u00f3n con el Ministerio de Educaci\u00f3n, Cultura y Deporte, enmarcada en el A\u00f1o Europeo del Patrimonio Cultural 2018.\u00a0El certamen [&hellip;]\" \/>\n<meta property=\"og:url\" content=\"https:\/\/www.cde.ual.es\/concurso-de-fotografia-europa-patrimonio-de-todos\/\" \/>\n<meta property=\"og:site_name\" content=\"CDE Almer\u00eda - Centro de Documentaci\u00f3n Europea - Universidad de Almer\u00eda\" \/>\n<meta property=\"article:publisher\" content=\"https:\/\/www.facebook.com\/cdeuniversidadalmeria\/\" \/>\n<meta property=\"article:published_time\" content=\"2017-12-20T16:19:15+00:00\" \/>\n<meta property=\"article:modified_time\" content=\"2017-12-20T16:23:44+00:00\" \/>\n<meta property=\"og:image\" content=\"https:\/\/www.cde.ual.es\/wp-content\/uploads\/2017\/12\/Premio-fotograf\u00eda.jpg\" \/>\n\t<meta property=\"og:image:width\" content=\"960\" \/>\n\t<meta property=\"og:image:height\" content=\"720\" \/>\n\t<meta property=\"og:image:type\" content=\"image\/jpeg\" \/>\n<meta name=\"author\" content=\"AdminCDE\" \/>\n<meta name=\"twitter:card\" content=\"summary_large_image\" \/>\n<meta name=\"twitter:creator\" content=\"@cdeualmeria\" \/>\n<meta name=\"twitter:site\" content=\"@cdeualmeria\" \/>\n<meta name=\"twitter:label1\" content=\"Written by\" \/>\n\t<meta name=\"twitter:data1\" content=\"AdminCDE\" \/>\n\t<meta name=\"twitter:label2\" content=\"Est. reading time\" \/>\n\t<meta name=\"twitter:data2\" content=\"2 minutes\" \/>\n<script type=\"application\/ld+json\" class=\"yoast-schema-graph\">{\"@context\":\"https:\\\/\\\/schema.org\",\"@graph\":[{\"@type\":\"Article\",\"@id\":\"https:\\\/\\\/www.cde.ual.es\\\/concurso-de-fotografia-europa-patrimonio-de-todos\\\/#article\",\"isPartOf\":{\"@id\":\"https:\\\/\\\/www.cde.ual.es\\\/concurso-de-fotografia-europa-patrimonio-de-todos\\\/\"},\"author\":{\"name\":\"AdminCDE\",\"@id\":\"https:\\\/\\\/www.cde.ual.es\\\/#\\\/schema\\\/person\\\/224ef08c8bcc005f319d2713ce37ee5f\"},\"headline\":\"Concurso de Fotograf\u00eda \u201cEuropa, patrimonio de todos\u201d\",\"datePublished\":\"2017-12-20T16:19:15+00:00\",\"dateModified\":\"2017-12-20T16:23:44+00:00\",\"mainEntityOfPage\":{\"@id\":\"https:\\\/\\\/www.cde.ual.es\\\/concurso-de-fotografia-europa-patrimonio-de-todos\\\/\"},\"wordCount\":442,\"commentCount\":0,\"publisher\":{\"@id\":\"https:\\\/\\\/www.cde.ual.es\\\/#organization\"},\"image\":{\"@id\":\"https:\\\/\\\/www.cde.ual.es\\\/concurso-de-fotografia-europa-patrimonio-de-todos\\\/#primaryimage\"},\"thumbnailUrl\":\"https:\\\/\\\/www.cde.ual.es\\\/wp-content\\\/uploads\\\/2017\\\/12\\\/Premio-fotograf\u00eda.jpg\",\"articleSection\":[\"Sin categorizar\"],\"inLanguage\":\"en-US\",\"potentialAction\":[{\"@type\":\"CommentAction\",\"name\":\"Comment\",\"target\":[\"https:\\\/\\\/www.cde.ual.es\\\/concurso-de-fotografia-europa-patrimonio-de-todos\\\/#respond\"]}]},{\"@type\":\"WebPage\",\"@id\":\"https:\\\/\\\/www.cde.ual.es\\\/concurso-de-fotografia-europa-patrimonio-de-todos\\\/\",\"url\":\"https:\\\/\\\/www.cde.ual.es\\\/concurso-de-fotografia-europa-patrimonio-de-todos\\\/\",\"name\":\"Concurso de Fotograf\u00eda \u201cEuropa, patrimonio de todos\u201d | CDE Almer\u00eda - Centro de Documentaci\u00f3n Europea - Universidad de Almer\u00eda\",\"isPartOf\":{\"@id\":\"https:\\\/\\\/www.cde.ual.es\\\/#website\"},\"primaryImageOfPage\":{\"@id\":\"https:\\\/\\\/www.cde.ual.es\\\/concurso-de-fotografia-europa-patrimonio-de-todos\\\/#primaryimage\"},\"image\":{\"@id\":\"https:\\\/\\\/www.cde.ual.es\\\/concurso-de-fotografia-europa-patrimonio-de-todos\\\/#primaryimage\"},\"thumbnailUrl\":\"https:\\\/\\\/www.cde.ual.es\\\/wp-content\\\/uploads\\\/2017\\\/12\\\/Premio-fotograf\u00eda.jpg\",\"datePublished\":\"2017-12-20T16:19:15+00:00\",\"dateModified\":\"2017-12-20T16:23:44+00:00\",\"breadcrumb\":{\"@id\":\"https:\\\/\\\/www.cde.ual.es\\\/concurso-de-fotografia-europa-patrimonio-de-todos\\\/#breadcrumb\"},\"inLanguage\":\"en-US\",\"potentialAction\":[{\"@type\":\"ReadAction\",\"target\":[\"https:\\\/\\\/www.cde.ual.es\\\/concurso-de-fotografia-europa-patrimonio-de-todos\\\/\"]}]},{\"@type\":\"ImageObject\",\"inLanguage\":\"en-US\",\"@id\":\"https:\\\/\\\/www.cde.ual.es\\\/concurso-de-fotografia-europa-patrimonio-de-todos\\\/#primaryimage\",\"url\":\"https:\\\/\\\/www.cde.ual.es\\\/wp-content\\\/uploads\\\/2017\\\/12\\\/Premio-fotograf\u00eda.jpg\",\"contentUrl\":\"https:\\\/\\\/www.cde.ual.es\\\/wp-content\\\/uploads\\\/2017\\\/12\\\/Premio-fotograf\u00eda.jpg\",\"width\":960,\"height\":720},{\"@type\":\"BreadcrumbList\",\"@id\":\"https:\\\/\\\/www.cde.ual.es\\\/concurso-de-fotografia-europa-patrimonio-de-todos\\\/#breadcrumb\",\"itemListElement\":[{\"@type\":\"ListItem\",\"position\":1,\"name\":\"Inicio\",\"item\":\"https:\\\/\\\/www.cde.ual.es\\\/en\\\/\"},{\"@type\":\"ListItem\",\"position\":2,\"name\":\"Sin categorizar\",\"item\":\"https:\\\/\\\/www.cde.ual.es\\\/category\\\/sin-categorizar\\\/\"},{\"@type\":\"ListItem\",\"position\":3,\"name\":\"Concurso de Fotograf\u00eda \u201cEuropa, patrimonio de todos\u201d\"}]},{\"@type\":\"WebSite\",\"@id\":\"https:\\\/\\\/www.cde.ual.es\\\/#website\",\"url\":\"https:\\\/\\\/www.cde.ual.es\\\/\",\"name\":\"CDE Almer\u00eda - Centro de Documentaci\u00f3n Europea - Universidad de Almer\u00eda\",\"description\":\"Centro de Documentaci\u00f3n Europea de la Universidad de Almer\u00eda\",\"publisher\":{\"@id\":\"https:\\\/\\\/www.cde.ual.es\\\/#organization\"},\"alternateName\":\"CDE Almer\u00eda\",\"potentialAction\":[{\"@type\":\"SearchAction\",\"target\":{\"@type\":\"EntryPoint\",\"urlTemplate\":\"https:\\\/\\\/www.cde.ual.es\\\/?s={search_term_string}\"},\"query-input\":{\"@type\":\"PropertyValueSpecification\",\"valueRequired\":true,\"valueName\":\"search_term_string\"}}],\"inLanguage\":\"en-US\"},{\"@type\":\"Organization\",\"@id\":\"https:\\\/\\\/www.cde.ual.es\\\/#organization\",\"name\":\"Centro de Documentaci\u00f3n Europea de Almer\u00eda\",\"url\":\"https:\\\/\\\/www.cde.ual.es\\\/\",\"logo\":{\"@type\":\"ImageObject\",\"inLanguage\":\"en-US\",\"@id\":\"https:\\\/\\\/www.cde.ual.es\\\/#\\\/schema\\\/logo\\\/image\\\/\",\"url\":\"https:\\\/\\\/www.cde.ual.es\\\/wp-content\\\/uploads\\\/2025\\\/07\\\/cde-logo-3.png\",\"contentUrl\":\"https:\\\/\\\/www.cde.ual.es\\\/wp-content\\\/uploads\\\/2025\\\/07\\\/cde-logo-3.png\",\"width\":1400,\"height\":300,\"caption\":\"Centro de Documentaci\u00f3n Europea de Almer\u00eda\"},\"image\":{\"@id\":\"https:\\\/\\\/www.cde.ual.es\\\/#\\\/schema\\\/logo\\\/image\\\/\"},\"sameAs\":[\"https:\\\/\\\/www.facebook.com\\\/cdeuniversidadalmeria\\\/\",\"https:\\\/\\\/x.com\\\/cdeualmeria\",\"https:\\\/\\\/www.tiktok.com\\\/@cdealmeria\",\"https:\\\/\\\/www.instagram.com\\\/cdealmeria\\\/\",\"https:\\\/\\\/www.linkedin.com\\\/in\\\/cde-almera-812b26a9\\\/\"]},{\"@type\":\"Person\",\"@id\":\"https:\\\/\\\/www.cde.ual.es\\\/#\\\/schema\\\/person\\\/224ef08c8bcc005f319d2713ce37ee5f\",\"name\":\"AdminCDE\",\"image\":{\"@type\":\"ImageObject\",\"inLanguage\":\"en-US\",\"@id\":\"https:\\\/\\\/secure.gravatar.com\\\/avatar\\\/a72d038d371f995cd13706fac32274b7952a52e8fb0a84b5f80c85426f2a98a8?s=96&d=mm&r=g\",\"url\":\"https:\\\/\\\/secure.gravatar.com\\\/avatar\\\/a72d038d371f995cd13706fac32274b7952a52e8fb0a84b5f80c85426f2a98a8?s=96&d=mm&r=g\",\"contentUrl\":\"https:\\\/\\\/secure.gravatar.com\\\/avatar\\\/a72d038d371f995cd13706fac32274b7952a52e8fb0a84b5f80c85426f2a98a8?s=96&d=mm&r=g\",\"caption\":\"AdminCDE\"}}]}<\/script>\n<!-- \/ Yoast SEO plugin. -->","yoast_head_json":{"title":"Concurso de Fotograf\u00eda \u201cEuropa, patrimonio de todos\u201d | CDE Almer\u00eda - Centro de Documentaci\u00f3n Europea - Universidad de Almer\u00eda","robots":{"index":"index","follow":"follow","max-snippet":"max-snippet:-1","max-image-preview":"max-image-preview:large","max-video-preview":"max-video-preview:-1"},"canonical":"https:\/\/www.cde.ual.es\/concurso-de-fotografia-europa-patrimonio-de-todos\/","og_locale":"en_US","og_type":"article","og_title":"Concurso de Fotograf\u00eda \u201cEuropa, patrimonio de todos\u201d | CDE Almer\u00eda - Centro de Documentaci\u00f3n Europea - Universidad de Almer\u00eda","og_description":"Si eres un apasionad@ de la fotograf\u00eda o si haces tus pinitos con el m\u00f3vil esta informaci\u00f3n te interesa&#8230; Arranca el Concurso de Fotograf\u00eda\u00a0\u201cEuropa, patrimonio de todos\u201d, una iniciativa de las Instituciones Europeas en Espa\u00f1a en colaboraci\u00f3n con el Ministerio de Educaci\u00f3n, Cultura y Deporte, enmarcada en el A\u00f1o Europeo del Patrimonio Cultural 2018.\u00a0El certamen [&hellip;]","og_url":"https:\/\/www.cde.ual.es\/concurso-de-fotografia-europa-patrimonio-de-todos\/","og_site_name":"CDE Almer\u00eda - Centro de Documentaci\u00f3n Europea - Universidad de Almer\u00eda","article_publisher":"https:\/\/www.facebook.com\/cdeuniversidadalmeria\/","article_published_time":"2017-12-20T16:19:15+00:00","article_modified_time":"2017-12-20T16:23:44+00:00","og_image":[{"width":960,"height":720,"url":"https:\/\/www.cde.ual.es\/wp-content\/uploads\/2017\/12\/Premio-fotograf\u00eda.jpg","type":"image\/jpeg"}],"author":"AdminCDE","twitter_card":"summary_large_image","twitter_creator":"@cdeualmeria","twitter_site":"@cdeualmeria","twitter_misc":{"Written by":"AdminCDE","Est. reading time":"2 minutes"},"schema":{"@context":"https:\/\/schema.org","@graph":[{"@type":"Article","@id":"https:\/\/www.cde.ual.es\/concurso-de-fotografia-europa-patrimonio-de-todos\/#article","isPartOf":{"@id":"https:\/\/www.cde.ual.es\/concurso-de-fotografia-europa-patrimonio-de-todos\/"},"author":{"name":"AdminCDE","@id":"https:\/\/www.cde.ual.es\/#\/schema\/person\/224ef08c8bcc005f319d2713ce37ee5f"},"headline":"Concurso de Fotograf\u00eda \u201cEuropa, patrimonio de todos\u201d","datePublished":"2017-12-20T16:19:15+00:00","dateModified":"2017-12-20T16:23:44+00:00","mainEntityOfPage":{"@id":"https:\/\/www.cde.ual.es\/concurso-de-fotografia-europa-patrimonio-de-todos\/"},"wordCount":442,"commentCount":0,"publisher":{"@id":"https:\/\/www.cde.ual.es\/#organization"},"image":{"@id":"https:\/\/www.cde.ual.es\/concurso-de-fotografia-europa-patrimonio-de-todos\/#primaryimage"},"thumbnailUrl":"https:\/\/www.cde.ual.es\/wp-content\/uploads\/2017\/12\/Premio-fotograf\u00eda.jpg","articleSection":["Sin categorizar"],"inLanguage":"en-US","potentialAction":[{"@type":"CommentAction","name":"Comment","target":["https:\/\/www.cde.ual.es\/concurso-de-fotografia-europa-patrimonio-de-todos\/#respond"]}]},{"@type":"WebPage","@id":"https:\/\/www.cde.ual.es\/concurso-de-fotografia-europa-patrimonio-de-todos\/","url":"https:\/\/www.cde.ual.es\/concurso-de-fotografia-europa-patrimonio-de-todos\/","name":"Concurso de Fotograf\u00eda \u201cEuropa, patrimonio de todos\u201d | CDE Almer\u00eda - Centro de Documentaci\u00f3n Europea - Universidad de Almer\u00eda","isPartOf":{"@id":"https:\/\/www.cde.ual.es\/#website"},"primaryImageOfPage":{"@id":"https:\/\/www.cde.ual.es\/concurso-de-fotografia-europa-patrimonio-de-todos\/#primaryimage"},"image":{"@id":"https:\/\/www.cde.ual.es\/concurso-de-fotografia-europa-patrimonio-de-todos\/#primaryimage"},"thumbnailUrl":"https:\/\/www.cde.ual.es\/wp-content\/uploads\/2017\/12\/Premio-fotograf\u00eda.jpg","datePublished":"2017-12-20T16:19:15+00:00","dateModified":"2017-12-20T16:23:44+00:00","breadcrumb":{"@id":"https:\/\/www.cde.ual.es\/concurso-de-fotografia-europa-patrimonio-de-todos\/#breadcrumb"},"inLanguage":"en-US","potentialAction":[{"@type":"ReadAction","target":["https:\/\/www.cde.ual.es\/concurso-de-fotografia-europa-patrimonio-de-todos\/"]}]},{"@type":"ImageObject","inLanguage":"en-US","@id":"https:\/\/www.cde.ual.es\/concurso-de-fotografia-europa-patrimonio-de-todos\/#primaryimage","url":"https:\/\/www.cde.ual.es\/wp-content\/uploads\/2017\/12\/Premio-fotograf\u00eda.jpg","contentUrl":"https:\/\/www.cde.ual.es\/wp-content\/uploads\/2017\/12\/Premio-fotograf\u00eda.jpg","width":960,"height":720},{"@type":"BreadcrumbList","@id":"https:\/\/www.cde.ual.es\/concurso-de-fotografia-europa-patrimonio-de-todos\/#breadcrumb","itemListElement":[{"@type":"ListItem","position":1,"name":"Inicio","item":"https:\/\/www.cde.ual.es\/en\/"},{"@type":"ListItem","position":2,"name":"Sin categorizar","item":"https:\/\/www.cde.ual.es\/category\/sin-categorizar\/"},{"@type":"ListItem","position":3,"name":"Concurso de Fotograf\u00eda \u201cEuropa, patrimonio de todos\u201d"}]},{"@type":"WebSite","@id":"https:\/\/www.cde.ual.es\/#website","url":"https:\/\/www.cde.ual.es\/","name":"CDE Almer\u00eda - Centro de Documentaci\u00f3n Europea - Universidad de Almer\u00eda","description":"Centro de Documentaci\u00f3n Europea de la Universidad de Almer\u00eda","publisher":{"@id":"https:\/\/www.cde.ual.es\/#organization"},"alternateName":"CDE Almer\u00eda","potentialAction":[{"@type":"SearchAction","target":{"@type":"EntryPoint","urlTemplate":"https:\/\/www.cde.ual.es\/?s={search_term_string}"},"query-input":{"@type":"PropertyValueSpecification","valueRequired":true,"valueName":"search_term_string"}}],"inLanguage":"en-US"},{"@type":"Organization","@id":"https:\/\/www.cde.ual.es\/#organization","name":"Centro de Documentaci\u00f3n Europea de Almer\u00eda","url":"https:\/\/www.cde.ual.es\/","logo":{"@type":"ImageObject","inLanguage":"en-US","@id":"https:\/\/www.cde.ual.es\/#\/schema\/logo\/image\/","url":"https:\/\/www.cde.ual.es\/wp-content\/uploads\/2025\/07\/cde-logo-3.png","contentUrl":"https:\/\/www.cde.ual.es\/wp-content\/uploads\/2025\/07\/cde-logo-3.png","width":1400,"height":300,"caption":"Centro de Documentaci\u00f3n Europea de Almer\u00eda"},"image":{"@id":"https:\/\/www.cde.ual.es\/#\/schema\/logo\/image\/"},"sameAs":["https:\/\/www.facebook.com\/cdeuniversidadalmeria\/","https:\/\/x.com\/cdeualmeria","https:\/\/www.tiktok.com\/@cdealmeria","https:\/\/www.instagram.com\/cdealmeria\/","https:\/\/www.linkedin.com\/in\/cde-almera-812b26a9\/"]},{"@type":"Person","@id":"https:\/\/www.cde.ual.es\/#\/schema\/person\/224ef08c8bcc005f319d2713ce37ee5f","name":"AdminCDE","image":{"@type":"ImageObject","inLanguage":"en-US","@id":"https:\/\/secure.gravatar.com\/avatar\/a72d038d371f995cd13706fac32274b7952a52e8fb0a84b5f80c85426f2a98a8?s=96&d=mm&r=g","url":"https:\/\/secure.gravatar.com\/avatar\/a72d038d371f995cd13706fac32274b7952a52e8fb0a84b5f80c85426f2a98a8?s=96&d=mm&r=g","contentUrl":"https:\/\/secure.gravatar.com\/avatar\/a72d038d371f995cd13706fac32274b7952a52e8fb0a84b5f80c85426f2a98a8?s=96&d=mm&r=g","caption":"AdminCDE"}}]}},"_links":{"self":[{"href":"https:\/\/www.cde.ual.es\/en\/wp-json\/wp\/v2\/posts\/2377","targetHints":{"allow":["GET"]}}],"collection":[{"href":"https:\/\/www.cde.ual.es\/en\/wp-json\/wp\/v2\/posts"}],"about":[{"href":"https:\/\/www.cde.ual.es\/en\/wp-json\/wp\/v2\/types\/post"}],"author":[{"embeddable":true,"href":"https:\/\/www.cde.ual.es\/en\/wp-json\/wp\/v2\/users\/1"}],"replies":[{"embeddable":true,"href":"https:\/\/www.cde.ual.es\/en\/wp-json\/wp\/v2\/comments?post=2377"}],"version-history":[{"count":0,"href":"https:\/\/www.cde.ual.es\/en\/wp-json\/wp\/v2\/posts\/2377\/revisions"}],"wp:featuredmedia":[{"embeddable":true,"href":"https:\/\/www.cde.ual.es\/en\/wp-json\/wp\/v2\/media\/2382"}],"wp:attachment":[{"href":"https:\/\/www.cde.ual.es\/en\/wp-json\/wp\/v2\/media?parent=2377"}],"wp:term":[{"taxonomy":"category","embeddable":true,"href":"https:\/\/www.cde.ual.es\/en\/wp-json\/wp\/v2\/categories?post=2377"},{"taxonomy":"post_tag","embeddable":true,"href":"https:\/\/www.cde.ual.es\/en\/wp-json\/wp\/v2\/tags?post=2377"}],"curies":[{"name":"wp","href":"https:\/\/api.w.org\/{rel}","templated":true}]}}