{"id":23630,"date":"2019-08-06T01:30:25","date_gmt":"2019-08-05T23:30:25","guid":{"rendered":"https:\/\/www.cde.ual.es\/?p=23630"},"modified":"2019-08-06T01:39:09","modified_gmt":"2019-08-05T23:39:09","slug":"cosme-programme-for-the-competitiveness-of-smes-entrecomp","status":"publish","type":"post","link":"https:\/\/www.cde.ual.es\/en\/cosme-programme-for-the-competitiveness-of-smes-entrecomp\/","title":{"rendered":"COSME: Programme for the Competitiveness of SMEs: ENTRECOMP"},"content":{"rendered":"<p><strong><em>This call (COS-ENTRECOMP-2018-3-01) aims to bring together relevant actors from various countries to test how the EntreComp framework can work as a catalyst and as a tool to foster the entrepreneurial capacities of young people and citizens in general. This call belongs to the Programme for the Competitiveness of Small and Medium Enterprises of the COSME Programme.<\/em><\/strong><\/p>\n<p><a href=\"https:\/\/www.cde.ual.es\/wp-content\/uploads\/2018\/10\/american-cheerful-colleagues-1432942.jpg\"><img decoding=\"async\" class=\"size-medium wp-image-9207 aligncenter\" src=\"https:\/\/www.cde.ual.es\/wp-content\/uploads\/2018\/10\/american-cheerful-colleagues-1432942-300x181.jpg\" alt=\"\" width=\"300\" height=\"181\" \/><\/a><\/p>\n<p>The purpose of this call is to encourage system level use of EntreComp to support development of entrepreneurial competence in Europe, within a lifelong learning perspective, involving stakeholders and actors from across different sectors, including target beneficiaries relevant to specific contexts. The call seeks to support a holistic approach to the development of entrepreneurial competence using EntreComp, from education of young people to subsequent support for upskilling and learning for adults to ensure entrepreneurial competences are developed throughout life. The call seeks to encourage innovation and new approaches to entrepreneurship competence development in different learning settings, the involvement of new stakeholders, in particular employers from the private, public and third sector alike, and also to encourage responses to the changing nature of labour market and education and training due to digital technology.<\/p>\n<h2>Measures<\/h2>\n<ol>\n<li>Bringing together key stakeholders for interactive discussions around the European Entrepreneurship Framework, with the objective to build collaboration between education and training providers, enterprises and other stakeholders and to actively involve the target user groups in a co-design process;<\/li>\n<li>Understanding and defining the role of each category of stakeholders in the usage of the framework;<\/li>\n<li>Adapting and updating the framework to local needs, taking into account the specific educational settings and cultures involved;<\/li>\n<li>Translating the learning outcomes included in the framework into concrete programmes and activities to take place at school, at university and in informal and non-formal settings;<\/li>\n<li>Assessing results in terms of an improved offer of entrepreneurship education and of the impact on skills acquired by young people. Eligible projects will include the development of education and training focused on entrepreneurial competences, in either formal, informal and non-formal settings, as set out in the framework.<\/li>\n<\/ol>\n<h2>Deadline<\/h2>\n<p>22nd of August, 2019<\/p>\n<h2>More information<\/h2>\n<p><a href=\"https:\/\/ec.europa.eu\/info\/funding-tenders\/opportunities\/portal\/screen\/opportunities\/topic-details\/cos-entrecomp-2018-3-01;freeTextSearchKeyword=;typeCodes=1;statusCodes=31094502;programCode=COSME;programDivisionCode=null;focusAreaCode=null;crossCuttingPriorityCode=null;callCode=Default;sortQuery=deadline;orderBy=asc;onlyTenders=false;topicListKey=topicSearchTablePageState\">Funding &amp; tenders<\/a><\/p>\n","protected":false},"excerpt":{"rendered":"<p>This call (COS-ENTRECOMP-2018-3-01) aims to bring together relevant actors from various countries to test how the EntreComp framework can work as a catalyst and as a tool to foster the entrepreneurial capacities of young people and citizens in general. This call belongs to the Programme for the Competitiveness of Small and Medium Enterprises of the [&hellip;]<\/p>\n","protected":false},"author":101011,"featured_media":23631,"comment_status":"open","ping_status":"open","sticky":false,"template":"","format":"standard","meta":{"_acf_changed":false,"_relevanssi_hide_post":"","_relevanssi_hide_content":"","_relevanssi_pin_for_all":"","_relevanssi_pin_keywords":"","_relevanssi_unpin_keywords":"","_relevanssi_related_keywords":"","_relevanssi_related_include_ids":"","_relevanssi_related_exclude_ids":"","_relevanssi_related_no_append":"","_relevanssi_related_not_related":"","_relevanssi_related_posts":"","_relevanssi_noindex_reason":"","_monsterinsights_skip_tracking":false,"_monsterinsights_sitenote_active":false,"_monsterinsights_sitenote_note":"","_monsterinsights_sitenote_category":0,"_genesis_hide_title":false,"_genesis_hide_breadcrumbs":false,"_genesis_hide_singular_image":false,"_genesis_hide_footer_widgets":false,"_genesis_custom_body_class":"","_genesis_custom_post_class":"","_genesis_layout":"","footnotes":""},"categories":[366],"tags":[511,609,473],"class_list":{"0":"post-23630","1":"post","2":"type-post","3":"status-publish","4":"format-standard","5":"has-post-thumbnail","7":"category-eu-calls-and-awards","8":"tag-competence","9":"tag-entrepeneurship","10":"tag-youth","11":"entry"},"acf":[],"yoast_head":"<!-- This site is optimized with the Yoast SEO plugin v27.4 - https:\/\/yoast.com\/product\/yoast-seo-wordpress\/ -->\n<title>COSME: Programme for the Competitiveness of SMEs: ENTRECOMP | CDE Almer\u00eda - Centro de Documentaci\u00f3n Europea - Universidad de Almer\u00eda<\/title>\n<meta name=\"robots\" content=\"index, follow, max-snippet:-1, max-image-preview:large, max-video-preview:-1\" \/>\n<link rel=\"canonical\" href=\"https:\/\/www.cde.ual.es\/en\/cosme-programme-for-the-competitiveness-of-smes-entrecomp\/\" \/>\n<meta property=\"og:locale\" content=\"en_US\" \/>\n<meta property=\"og:type\" content=\"article\" \/>\n<meta property=\"og:title\" content=\"COSME: Programme for the Competitiveness of SMEs: ENTRECOMP | CDE Almer\u00eda - Centro de Documentaci\u00f3n Europea - Universidad de Almer\u00eda\" \/>\n<meta property=\"og:description\" content=\"This call (COS-ENTRECOMP-2018-3-01) aims to bring together relevant actors from various countries to test how the EntreComp framework can work as a catalyst and as a tool to foster the entrepreneurial capacities of young people and citizens in general. This call belongs to the Programme for the Competitiveness of Small and Medium Enterprises of the [&hellip;]\" \/>\n<meta property=\"og:url\" content=\"https:\/\/www.cde.ual.es\/en\/cosme-programme-for-the-competitiveness-of-smes-entrecomp\/\" \/>\n<meta property=\"og:site_name\" content=\"CDE Almer\u00eda - Centro de Documentaci\u00f3n Europea - Universidad de Almer\u00eda\" \/>\n<meta property=\"article:publisher\" content=\"https:\/\/www.facebook.com\/cdeuniversidadalmeria\/\" \/>\n<meta property=\"article:published_time\" content=\"2019-08-05T23:30:25+00:00\" \/>\n<meta property=\"article:modified_time\" content=\"2019-08-05T23:39:09+00:00\" \/>\n<meta property=\"og:image\" content=\"https:\/\/www.cde.ual.es\/wp-content\/uploads\/2018\/10\/american-cheerful-colleagues-1432942.jpg\" \/>\n\t<meta property=\"og:image:width\" content=\"3354\" \/>\n\t<meta property=\"og:image:height\" content=\"2019\" \/>\n\t<meta property=\"og:image:type\" content=\"image\/jpeg\" \/>\n<meta name=\"author\" content=\"BECA 2 CDE\" \/>\n<meta name=\"twitter:card\" content=\"summary_large_image\" \/>\n<meta name=\"twitter:creator\" content=\"@cdeualmeria\" \/>\n<meta name=\"twitter:site\" content=\"@cdeualmeria\" \/>\n<meta name=\"twitter:label1\" content=\"Written by\" \/>\n\t<meta name=\"twitter:data1\" content=\"BECA 2 CDE\" \/>\n\t<meta name=\"twitter:label2\" content=\"Est. reading time\" \/>\n\t<meta name=\"twitter:data2\" content=\"2 minutes\" \/>\n<script type=\"application\/ld+json\" class=\"yoast-schema-graph\">{\"@context\":\"https:\\\/\\\/schema.org\",\"@graph\":[{\"@type\":\"Article\",\"@id\":\"https:\\\/\\\/www.cde.ual.es\\\/en\\\/cosme-programme-for-the-competitiveness-of-smes-entrecomp\\\/#article\",\"isPartOf\":{\"@id\":\"https:\\\/\\\/www.cde.ual.es\\\/en\\\/cosme-programme-for-the-competitiveness-of-smes-entrecomp\\\/\"},\"author\":{\"name\":\"BECA 2 CDE\",\"@id\":\"https:\\\/\\\/www.cde.ual.es\\\/#\\\/schema\\\/person\\\/ee46ebc19edfa19598c02cff83335acc\"},\"headline\":\"COSME: Programme for the Competitiveness of SMEs: ENTRECOMP\",\"datePublished\":\"2019-08-05T23:30:25+00:00\",\"dateModified\":\"2019-08-05T23:39:09+00:00\",\"mainEntityOfPage\":{\"@id\":\"https:\\\/\\\/www.cde.ual.es\\\/en\\\/cosme-programme-for-the-competitiveness-of-smes-entrecomp\\\/\"},\"wordCount\":356,\"commentCount\":0,\"publisher\":{\"@id\":\"https:\\\/\\\/www.cde.ual.es\\\/#organization\"},\"image\":{\"@id\":\"https:\\\/\\\/www.cde.ual.es\\\/en\\\/cosme-programme-for-the-competitiveness-of-smes-entrecomp\\\/#primaryimage\"},\"thumbnailUrl\":\"https:\\\/\\\/www.cde.ual.es\\\/wp-content\\\/uploads\\\/2018\\\/10\\\/american-cheerful-colleagues-1432942.jpg\",\"keywords\":[\"Competence\",\"Entrepeneurship\",\"youth\"],\"articleSection\":[\"EU Calls and Awards\"],\"inLanguage\":\"en-US\",\"potentialAction\":[{\"@type\":\"CommentAction\",\"name\":\"Comment\",\"target\":[\"https:\\\/\\\/www.cde.ual.es\\\/en\\\/cosme-programme-for-the-competitiveness-of-smes-entrecomp\\\/#respond\"]}]},{\"@type\":\"WebPage\",\"@id\":\"https:\\\/\\\/www.cde.ual.es\\\/en\\\/cosme-programme-for-the-competitiveness-of-smes-entrecomp\\\/\",\"url\":\"https:\\\/\\\/www.cde.ual.es\\\/en\\\/cosme-programme-for-the-competitiveness-of-smes-entrecomp\\\/\",\"name\":\"COSME: Programme for the Competitiveness of SMEs: ENTRECOMP | CDE Almer\u00eda - Centro de Documentaci\u00f3n Europea - Universidad de Almer\u00eda\",\"isPartOf\":{\"@id\":\"https:\\\/\\\/www.cde.ual.es\\\/#website\"},\"primaryImageOfPage\":{\"@id\":\"https:\\\/\\\/www.cde.ual.es\\\/en\\\/cosme-programme-for-the-competitiveness-of-smes-entrecomp\\\/#primaryimage\"},\"image\":{\"@id\":\"https:\\\/\\\/www.cde.ual.es\\\/en\\\/cosme-programme-for-the-competitiveness-of-smes-entrecomp\\\/#primaryimage\"},\"thumbnailUrl\":\"https:\\\/\\\/www.cde.ual.es\\\/wp-content\\\/uploads\\\/2018\\\/10\\\/american-cheerful-colleagues-1432942.jpg\",\"datePublished\":\"2019-08-05T23:30:25+00:00\",\"dateModified\":\"2019-08-05T23:39:09+00:00\",\"breadcrumb\":{\"@id\":\"https:\\\/\\\/www.cde.ual.es\\\/en\\\/cosme-programme-for-the-competitiveness-of-smes-entrecomp\\\/#breadcrumb\"},\"inLanguage\":\"en-US\",\"potentialAction\":[{\"@type\":\"ReadAction\",\"target\":[\"https:\\\/\\\/www.cde.ual.es\\\/en\\\/cosme-programme-for-the-competitiveness-of-smes-entrecomp\\\/\"]}]},{\"@type\":\"ImageObject\",\"inLanguage\":\"en-US\",\"@id\":\"https:\\\/\\\/www.cde.ual.es\\\/en\\\/cosme-programme-for-the-competitiveness-of-smes-entrecomp\\\/#primaryimage\",\"url\":\"https:\\\/\\\/www.cde.ual.es\\\/wp-content\\\/uploads\\\/2018\\\/10\\\/american-cheerful-colleagues-1432942.jpg\",\"contentUrl\":\"https:\\\/\\\/www.cde.ual.es\\\/wp-content\\\/uploads\\\/2018\\\/10\\\/american-cheerful-colleagues-1432942.jpg\",\"width\":3354,\"height\":2019},{\"@type\":\"BreadcrumbList\",\"@id\":\"https:\\\/\\\/www.cde.ual.es\\\/en\\\/cosme-programme-for-the-competitiveness-of-smes-entrecomp\\\/#breadcrumb\",\"itemListElement\":[{\"@type\":\"ListItem\",\"position\":1,\"name\":\"Inicio\",\"item\":\"https:\\\/\\\/www.cde.ual.es\\\/en\\\/\"},{\"@type\":\"ListItem\",\"position\":2,\"name\":\"EU Calls and Awards\",\"item\":\"https:\\\/\\\/www.cde.ual.es\\\/en\\\/category\\\/eu-calls-and-awards\\\/\"},{\"@type\":\"ListItem\",\"position\":3,\"name\":\"COSME: Programme for the Competitiveness of SMEs: ENTRECOMP\"}]},{\"@type\":\"WebSite\",\"@id\":\"https:\\\/\\\/www.cde.ual.es\\\/#website\",\"url\":\"https:\\\/\\\/www.cde.ual.es\\\/\",\"name\":\"CDE Almer\u00eda - Centro de Documentaci\u00f3n Europea - Universidad de Almer\u00eda\",\"description\":\"Centro de Documentaci\u00f3n Europea de la Universidad de Almer\u00eda\",\"publisher\":{\"@id\":\"https:\\\/\\\/www.cde.ual.es\\\/#organization\"},\"alternateName\":\"CDE Almer\u00eda\",\"potentialAction\":[{\"@type\":\"SearchAction\",\"target\":{\"@type\":\"EntryPoint\",\"urlTemplate\":\"https:\\\/\\\/www.cde.ual.es\\\/?s={search_term_string}\"},\"query-input\":{\"@type\":\"PropertyValueSpecification\",\"valueRequired\":true,\"valueName\":\"search_term_string\"}}],\"inLanguage\":\"en-US\"},{\"@type\":\"Organization\",\"@id\":\"https:\\\/\\\/www.cde.ual.es\\\/#organization\",\"name\":\"Centro de Documentaci\u00f3n Europea de Almer\u00eda\",\"url\":\"https:\\\/\\\/www.cde.ual.es\\\/\",\"logo\":{\"@type\":\"ImageObject\",\"inLanguage\":\"en-US\",\"@id\":\"https:\\\/\\\/www.cde.ual.es\\\/#\\\/schema\\\/logo\\\/image\\\/\",\"url\":\"https:\\\/\\\/www.cde.ual.es\\\/wp-content\\\/uploads\\\/2025\\\/07\\\/cde-logo-3.png\",\"contentUrl\":\"https:\\\/\\\/www.cde.ual.es\\\/wp-content\\\/uploads\\\/2025\\\/07\\\/cde-logo-3.png\",\"width\":1400,\"height\":300,\"caption\":\"Centro de Documentaci\u00f3n Europea de Almer\u00eda\"},\"image\":{\"@id\":\"https:\\\/\\\/www.cde.ual.es\\\/#\\\/schema\\\/logo\\\/image\\\/\"},\"sameAs\":[\"https:\\\/\\\/www.facebook.com\\\/cdeuniversidadalmeria\\\/\",\"https:\\\/\\\/x.com\\\/cdeualmeria\",\"https:\\\/\\\/www.tiktok.com\\\/@cdealmeria\",\"https:\\\/\\\/www.instagram.com\\\/cdealmeria\\\/\",\"https:\\\/\\\/www.linkedin.com\\\/in\\\/cde-almera-812b26a9\\\/\"]},{\"@type\":\"Person\",\"@id\":\"https:\\\/\\\/www.cde.ual.es\\\/#\\\/schema\\\/person\\\/ee46ebc19edfa19598c02cff83335acc\",\"name\":\"BECA 2 CDE\",\"image\":{\"@type\":\"ImageObject\",\"inLanguage\":\"en-US\",\"@id\":\"https:\\\/\\\/secure.gravatar.com\\\/avatar\\\/35a481bbc04bbd90e91bdfa3b0b5541036c222a49b9ad37b6889a2afcb5311a5?s=96&d=mm&r=g\",\"url\":\"https:\\\/\\\/secure.gravatar.com\\\/avatar\\\/35a481bbc04bbd90e91bdfa3b0b5541036c222a49b9ad37b6889a2afcb5311a5?s=96&d=mm&r=g\",\"contentUrl\":\"https:\\\/\\\/secure.gravatar.com\\\/avatar\\\/35a481bbc04bbd90e91bdfa3b0b5541036c222a49b9ad37b6889a2afcb5311a5?s=96&d=mm&r=g\",\"caption\":\"BECA 2 CDE\"},\"sameAs\":[\"http:\\\/\\\/www.cdealmeria.com\"]}]}<\/script>\n<!-- \/ Yoast SEO plugin. -->","yoast_head_json":{"title":"COSME: Programme for the Competitiveness of SMEs: ENTRECOMP | CDE Almer\u00eda - Centro de Documentaci\u00f3n Europea - Universidad de Almer\u00eda","robots":{"index":"index","follow":"follow","max-snippet":"max-snippet:-1","max-image-preview":"max-image-preview:large","max-video-preview":"max-video-preview:-1"},"canonical":"https:\/\/www.cde.ual.es\/en\/cosme-programme-for-the-competitiveness-of-smes-entrecomp\/","og_locale":"en_US","og_type":"article","og_title":"COSME: Programme for the Competitiveness of SMEs: ENTRECOMP | CDE Almer\u00eda - Centro de Documentaci\u00f3n Europea - Universidad de Almer\u00eda","og_description":"This call (COS-ENTRECOMP-2018-3-01) aims to bring together relevant actors from various countries to test how the EntreComp framework can work as a catalyst and as a tool to foster the entrepreneurial capacities of young people and citizens in general. This call belongs to the Programme for the Competitiveness of Small and Medium Enterprises of the [&hellip;]","og_url":"https:\/\/www.cde.ual.es\/en\/cosme-programme-for-the-competitiveness-of-smes-entrecomp\/","og_site_name":"CDE Almer\u00eda - Centro de Documentaci\u00f3n Europea - Universidad de Almer\u00eda","article_publisher":"https:\/\/www.facebook.com\/cdeuniversidadalmeria\/","article_published_time":"2019-08-05T23:30:25+00:00","article_modified_time":"2019-08-05T23:39:09+00:00","og_image":[{"width":3354,"height":2019,"url":"https:\/\/www.cde.ual.es\/wp-content\/uploads\/2018\/10\/american-cheerful-colleagues-1432942.jpg","type":"image\/jpeg"}],"author":"BECA 2 CDE","twitter_card":"summary_large_image","twitter_creator":"@cdeualmeria","twitter_site":"@cdeualmeria","twitter_misc":{"Written by":"BECA 2 CDE","Est. reading time":"2 minutes"},"schema":{"@context":"https:\/\/schema.org","@graph":[{"@type":"Article","@id":"https:\/\/www.cde.ual.es\/en\/cosme-programme-for-the-competitiveness-of-smes-entrecomp\/#article","isPartOf":{"@id":"https:\/\/www.cde.ual.es\/en\/cosme-programme-for-the-competitiveness-of-smes-entrecomp\/"},"author":{"name":"BECA 2 CDE","@id":"https:\/\/www.cde.ual.es\/#\/schema\/person\/ee46ebc19edfa19598c02cff83335acc"},"headline":"COSME: Programme for the Competitiveness of SMEs: ENTRECOMP","datePublished":"2019-08-05T23:30:25+00:00","dateModified":"2019-08-05T23:39:09+00:00","mainEntityOfPage":{"@id":"https:\/\/www.cde.ual.es\/en\/cosme-programme-for-the-competitiveness-of-smes-entrecomp\/"},"wordCount":356,"commentCount":0,"publisher":{"@id":"https:\/\/www.cde.ual.es\/#organization"},"image":{"@id":"https:\/\/www.cde.ual.es\/en\/cosme-programme-for-the-competitiveness-of-smes-entrecomp\/#primaryimage"},"thumbnailUrl":"https:\/\/www.cde.ual.es\/wp-content\/uploads\/2018\/10\/american-cheerful-colleagues-1432942.jpg","keywords":["Competence","Entrepeneurship","youth"],"articleSection":["EU Calls and Awards"],"inLanguage":"en-US","potentialAction":[{"@type":"CommentAction","name":"Comment","target":["https:\/\/www.cde.ual.es\/en\/cosme-programme-for-the-competitiveness-of-smes-entrecomp\/#respond"]}]},{"@type":"WebPage","@id":"https:\/\/www.cde.ual.es\/en\/cosme-programme-for-the-competitiveness-of-smes-entrecomp\/","url":"https:\/\/www.cde.ual.es\/en\/cosme-programme-for-the-competitiveness-of-smes-entrecomp\/","name":"COSME: Programme for the Competitiveness of SMEs: ENTRECOMP | CDE Almer\u00eda - Centro de Documentaci\u00f3n Europea - Universidad de Almer\u00eda","isPartOf":{"@id":"https:\/\/www.cde.ual.es\/#website"},"primaryImageOfPage":{"@id":"https:\/\/www.cde.ual.es\/en\/cosme-programme-for-the-competitiveness-of-smes-entrecomp\/#primaryimage"},"image":{"@id":"https:\/\/www.cde.ual.es\/en\/cosme-programme-for-the-competitiveness-of-smes-entrecomp\/#primaryimage"},"thumbnailUrl":"https:\/\/www.cde.ual.es\/wp-content\/uploads\/2018\/10\/american-cheerful-colleagues-1432942.jpg","datePublished":"2019-08-05T23:30:25+00:00","dateModified":"2019-08-05T23:39:09+00:00","breadcrumb":{"@id":"https:\/\/www.cde.ual.es\/en\/cosme-programme-for-the-competitiveness-of-smes-entrecomp\/#breadcrumb"},"inLanguage":"en-US","potentialAction":[{"@type":"ReadAction","target":["https:\/\/www.cde.ual.es\/en\/cosme-programme-for-the-competitiveness-of-smes-entrecomp\/"]}]},{"@type":"ImageObject","inLanguage":"en-US","@id":"https:\/\/www.cde.ual.es\/en\/cosme-programme-for-the-competitiveness-of-smes-entrecomp\/#primaryimage","url":"https:\/\/www.cde.ual.es\/wp-content\/uploads\/2018\/10\/american-cheerful-colleagues-1432942.jpg","contentUrl":"https:\/\/www.cde.ual.es\/wp-content\/uploads\/2018\/10\/american-cheerful-colleagues-1432942.jpg","width":3354,"height":2019},{"@type":"BreadcrumbList","@id":"https:\/\/www.cde.ual.es\/en\/cosme-programme-for-the-competitiveness-of-smes-entrecomp\/#breadcrumb","itemListElement":[{"@type":"ListItem","position":1,"name":"Inicio","item":"https:\/\/www.cde.ual.es\/en\/"},{"@type":"ListItem","position":2,"name":"EU Calls and Awards","item":"https:\/\/www.cde.ual.es\/en\/category\/eu-calls-and-awards\/"},{"@type":"ListItem","position":3,"name":"COSME: Programme for the Competitiveness of SMEs: ENTRECOMP"}]},{"@type":"WebSite","@id":"https:\/\/www.cde.ual.es\/#website","url":"https:\/\/www.cde.ual.es\/","name":"CDE Almer\u00eda - Centro de Documentaci\u00f3n Europea - Universidad de Almer\u00eda","description":"Centro de Documentaci\u00f3n Europea de la Universidad de Almer\u00eda","publisher":{"@id":"https:\/\/www.cde.ual.es\/#organization"},"alternateName":"CDE Almer\u00eda","potentialAction":[{"@type":"SearchAction","target":{"@type":"EntryPoint","urlTemplate":"https:\/\/www.cde.ual.es\/?s={search_term_string}"},"query-input":{"@type":"PropertyValueSpecification","valueRequired":true,"valueName":"search_term_string"}}],"inLanguage":"en-US"},{"@type":"Organization","@id":"https:\/\/www.cde.ual.es\/#organization","name":"Centro de Documentaci\u00f3n Europea de Almer\u00eda","url":"https:\/\/www.cde.ual.es\/","logo":{"@type":"ImageObject","inLanguage":"en-US","@id":"https:\/\/www.cde.ual.es\/#\/schema\/logo\/image\/","url":"https:\/\/www.cde.ual.es\/wp-content\/uploads\/2025\/07\/cde-logo-3.png","contentUrl":"https:\/\/www.cde.ual.es\/wp-content\/uploads\/2025\/07\/cde-logo-3.png","width":1400,"height":300,"caption":"Centro de Documentaci\u00f3n Europea de Almer\u00eda"},"image":{"@id":"https:\/\/www.cde.ual.es\/#\/schema\/logo\/image\/"},"sameAs":["https:\/\/www.facebook.com\/cdeuniversidadalmeria\/","https:\/\/x.com\/cdeualmeria","https:\/\/www.tiktok.com\/@cdealmeria","https:\/\/www.instagram.com\/cdealmeria\/","https:\/\/www.linkedin.com\/in\/cde-almera-812b26a9\/"]},{"@type":"Person","@id":"https:\/\/www.cde.ual.es\/#\/schema\/person\/ee46ebc19edfa19598c02cff83335acc","name":"BECA 2 CDE","image":{"@type":"ImageObject","inLanguage":"en-US","@id":"https:\/\/secure.gravatar.com\/avatar\/35a481bbc04bbd90e91bdfa3b0b5541036c222a49b9ad37b6889a2afcb5311a5?s=96&d=mm&r=g","url":"https:\/\/secure.gravatar.com\/avatar\/35a481bbc04bbd90e91bdfa3b0b5541036c222a49b9ad37b6889a2afcb5311a5?s=96&d=mm&r=g","contentUrl":"https:\/\/secure.gravatar.com\/avatar\/35a481bbc04bbd90e91bdfa3b0b5541036c222a49b9ad37b6889a2afcb5311a5?s=96&d=mm&r=g","caption":"BECA 2 CDE"},"sameAs":["http:\/\/www.cdealmeria.com"]}]}},"_links":{"self":[{"href":"https:\/\/www.cde.ual.es\/en\/wp-json\/wp\/v2\/posts\/23630","targetHints":{"allow":["GET"]}}],"collection":[{"href":"https:\/\/www.cde.ual.es\/en\/wp-json\/wp\/v2\/posts"}],"about":[{"href":"https:\/\/www.cde.ual.es\/en\/wp-json\/wp\/v2\/types\/post"}],"author":[{"embeddable":true,"href":"https:\/\/www.cde.ual.es\/en\/wp-json\/wp\/v2\/users\/101011"}],"replies":[{"embeddable":true,"href":"https:\/\/www.cde.ual.es\/en\/wp-json\/wp\/v2\/comments?post=23630"}],"version-history":[{"count":0,"href":"https:\/\/www.cde.ual.es\/en\/wp-json\/wp\/v2\/posts\/23630\/revisions"}],"wp:featuredmedia":[{"embeddable":true,"href":"https:\/\/www.cde.ual.es\/en\/wp-json\/wp\/v2\/media\/23631"}],"wp:attachment":[{"href":"https:\/\/www.cde.ual.es\/en\/wp-json\/wp\/v2\/media?parent=23630"}],"wp:term":[{"taxonomy":"category","embeddable":true,"href":"https:\/\/www.cde.ual.es\/en\/wp-json\/wp\/v2\/categories?post=23630"},{"taxonomy":"post_tag","embeddable":true,"href":"https:\/\/www.cde.ual.es\/en\/wp-json\/wp\/v2\/tags?post=23630"}],"curies":[{"name":"wp","href":"https:\/\/api.w.org\/{rel}","templated":true}]}}