{"id":2345,"date":"2017-12-18T12:42:35","date_gmt":"2017-12-18T11:42:35","guid":{"rendered":"http:\/\/www.cde.ual.es\/?p=2345"},"modified":"2017-12-18T12:42:35","modified_gmt":"2017-12-18T11:42:35","slug":"xii-edicion-del-premio-escolar-jovenes-andaluces-construyendo-europa-jace","status":"publish","type":"post","link":"https:\/\/www.cde.ual.es\/en\/xii-edicion-del-premio-escolar-jovenes-andaluces-construyendo-europa-jace\/","title":{"rendered":"XII Edici\u00f3n del Premio Escolar J\u00d3VENES ANDALUCES CONSTRUYENDO EUROPA-JACE"},"content":{"rendered":"<p style=\"text-align: justify;\"><a href=\"http:\/\/www.cde.ual.es\/wp-content\/uploads\/2017\/12\/0001.jpg\" target=\"_blank\" rel=\"noopener\"><img decoding=\"async\" class=\"alignleft wp-image-2349\" src=\"http:\/\/www.cde.ual.es\/wp-content\/uploads\/2017\/12\/0001.jpg\" alt=\"\" width=\"300\" height=\"425\" srcset=\"https:\/\/www.cde.ual.es\/wp-content\/uploads\/2017\/12\/0001.jpg 2481w, https:\/\/www.cde.ual.es\/wp-content\/uploads\/2017\/12\/0001-768x1085.jpg 768w\" sizes=\"(max-width: 300px) 100vw, 300px\" \/><\/a><\/p>\n<p style=\"text-align: justify;\">La Red de Informaci\u00f3n Europea de Andaluc\u00eda, que est\u00e1 presidida por la Secretar\u00eda General de Acci\u00f3n\u00a0Exterior de la Junta de Andaluc\u00eda e integrada por los\u00a0centros de informaci\u00f3n europea de Andaluc\u00eda, ha\u00a0convocado la XII Edici\u00f3n del Premio Escolar\u00a0<em><strong>J\u00d3VENES ANDALUCES CONSTRUYENDO\u00a0EUROPA-JACE<\/strong><\/em>, cuyo objetivo es fomentar la dimensi\u00f3n\u00a0europea en la educaci\u00f3n y el mutuo entendimiento\u00a0entre el alumnado de los centros educativos\u00a0andaluces mediante la concesi\u00f3n de un premio\u00a0al mejor trabajo sobre la Uni\u00f3n Europea relativo a\u00a0alguno de los temas se\u00f1alados en las Bases de la\u00a0convocatoria.<\/p>\n<p>&nbsp;<\/p>\n<p><em><strong>PLAZO DE PRESENTACI\u00d3N DE TRABAJOS:\u00a0<\/strong><\/em><\/p>\n<p>Del 15 de enero al 16 de febrero de 2018<\/p>\n<p>&nbsp;<\/p>\n<p><strong>PROPUESTAS DE TRABAJOS Y DOCUMENTACI\u00d3N:<\/strong><\/p>\n<p>Para participar, los grupos de los centros educativos\u00a0que lo deseen presentar\u00e1n una propuesta de\u00a0escenificaci\u00f3n\/presentaci\u00f3n de la tem\u00e1tica europea\u00a0correspondiente al centro <em><strong>EUROPE DIRECT<\/strong> <\/em>de\u00a0su \u00e1mbito, utilizando para ello el formulario incluido\u00a0en las Bases.<\/p>\n<p>Los formularios con las propuestas deber\u00e1n remitirse\u00a0mediante e-mail al centro <strong>EUROPE DIRECT<\/strong> de\u00a0referencia en cada provincia.\u00a0PRESENTACI\u00d3N P\u00daBLICA DE LOS TRABAJOS:<br \/>\nLos centros seleccionados, de todas las provincias\u00a0andaluzas, participar\u00e1n en un encuentro que\u00a0se celebrar\u00e1 en el CEULAJ (Mollina, M\u00e1laga) los\u00a0d\u00edas 9 y 10 de abril de 2018.<\/p>\n<p><em><strong>PREMIO:<\/strong><\/em><\/p>\n<p>Obsequios proporcionados por los miembros de la\u00a0<strong>Red de Informaci\u00f3n Europea<\/strong> <strong>de Andaluc\u00eda<\/strong>.<\/p>\n<p><em><strong>BASES E IMPRESO DE PARTICIPACI\u00d3N:<\/strong><\/em><\/p>\n<p><a href=\"http:\/\/www.andaluciaeuropa.com\" target=\"_blank\" rel=\"noopener\">http:\/\/www.andaluciaeuropa.com<\/a><br \/>\nCentros <strong>EUROPE DIRECT<\/strong> de Andaluc\u00eda<\/p>\n<p>&nbsp;<\/p>\n","protected":false},"excerpt":{"rendered":"<p>La Red de Informaci\u00f3n Europea de Andaluc\u00eda, que est\u00e1 presidida por la Secretar\u00eda General de Acci\u00f3n\u00a0Exterior de la Junta de Andaluc\u00eda e integrada por los\u00a0centros de informaci\u00f3n europea de Andaluc\u00eda, ha\u00a0convocado la XII Edici\u00f3n del Premio Escolar\u00a0J\u00d3VENES ANDALUCES CONSTRUYENDO\u00a0EUROPA-JACE, cuyo objetivo es fomentar la dimensi\u00f3n\u00a0europea en la educaci\u00f3n y el mutuo entendimiento\u00a0entre el alumnado de [&hellip;]<\/p>\n","protected":false},"author":1,"featured_media":0,"comment_status":"open","ping_status":"open","sticky":false,"template":"","format":"standard","meta":{"_acf_changed":false,"_relevanssi_hide_post":"","_relevanssi_hide_content":"","_relevanssi_pin_for_all":"","_relevanssi_pin_keywords":"","_relevanssi_unpin_keywords":"","_relevanssi_related_keywords":"","_relevanssi_related_include_ids":"","_relevanssi_related_exclude_ids":"","_relevanssi_related_no_append":"","_relevanssi_related_not_related":"","_relevanssi_related_posts":"","_relevanssi_noindex_reason":"","_monsterinsights_skip_tracking":false,"_monsterinsights_sitenote_active":false,"_monsterinsights_sitenote_note":"","_monsterinsights_sitenote_category":0,"_genesis_hide_title":false,"_genesis_hide_breadcrumbs":false,"_genesis_hide_singular_image":false,"_genesis_hide_footer_widgets":false,"_genesis_custom_body_class":"","_genesis_custom_post_class":"","_genesis_layout":"","footnotes":""},"categories":[1],"tags":[],"class_list":{"0":"post-2345","1":"post","2":"type-post","3":"status-publish","4":"format-standard","6":"category-sin-categorizar","7":"entry","8":"has-post-thumbnail"},"acf":[],"yoast_head":"<!-- This site is optimized with the Yoast SEO plugin v27.4 - https:\/\/yoast.com\/product\/yoast-seo-wordpress\/ -->\n<title>XII Edici\u00f3n del Premio Escolar J\u00d3VENES ANDALUCES CONSTRUYENDO EUROPA-JACE | CDE Almer\u00eda - Centro de Documentaci\u00f3n Europea - Universidad de Almer\u00eda<\/title>\n<meta name=\"robots\" content=\"index, follow, max-snippet:-1, max-image-preview:large, max-video-preview:-1\" \/>\n<link rel=\"canonical\" href=\"https:\/\/www.cde.ual.es\/xii-edicion-del-premio-escolar-jovenes-andaluces-construyendo-europa-jace\/\" \/>\n<meta property=\"og:locale\" content=\"en_US\" \/>\n<meta property=\"og:type\" content=\"article\" \/>\n<meta property=\"og:title\" content=\"XII Edici\u00f3n del Premio Escolar J\u00d3VENES ANDALUCES CONSTRUYENDO EUROPA-JACE | CDE Almer\u00eda - Centro de Documentaci\u00f3n Europea - Universidad de Almer\u00eda\" \/>\n<meta property=\"og:description\" content=\"La Red de Informaci\u00f3n Europea de Andaluc\u00eda, que est\u00e1 presidida por la Secretar\u00eda General de Acci\u00f3n\u00a0Exterior de la Junta de Andaluc\u00eda e integrada por los\u00a0centros de informaci\u00f3n europea de Andaluc\u00eda, ha\u00a0convocado la XII Edici\u00f3n del Premio Escolar\u00a0J\u00d3VENES ANDALUCES CONSTRUYENDO\u00a0EUROPA-JACE, cuyo objetivo es fomentar la dimensi\u00f3n\u00a0europea en la educaci\u00f3n y el mutuo entendimiento\u00a0entre el alumnado de [&hellip;]\" \/>\n<meta property=\"og:url\" content=\"https:\/\/www.cde.ual.es\/xii-edicion-del-premio-escolar-jovenes-andaluces-construyendo-europa-jace\/\" \/>\n<meta property=\"og:site_name\" content=\"CDE Almer\u00eda - Centro de Documentaci\u00f3n Europea - Universidad de Almer\u00eda\" \/>\n<meta property=\"article:publisher\" content=\"https:\/\/www.facebook.com\/cdeuniversidadalmeria\/\" \/>\n<meta property=\"article:published_time\" content=\"2017-12-18T11:42:35+00:00\" \/>\n<meta property=\"og:image\" content=\"http:\/\/www.cde.ual.es\/wp-content\/uploads\/2017\/12\/0001.jpg\" \/>\n<meta name=\"author\" content=\"AdminCDE\" \/>\n<meta name=\"twitter:card\" content=\"summary_large_image\" \/>\n<meta name=\"twitter:creator\" content=\"@cdeualmeria\" \/>\n<meta name=\"twitter:site\" content=\"@cdeualmeria\" \/>\n<meta name=\"twitter:label1\" content=\"Written by\" \/>\n\t<meta name=\"twitter:data1\" content=\"AdminCDE\" \/>\n\t<meta name=\"twitter:label2\" content=\"Est. reading time\" \/>\n\t<meta name=\"twitter:data2\" content=\"1 minute\" \/>\n<script type=\"application\/ld+json\" class=\"yoast-schema-graph\">{\"@context\":\"https:\\\/\\\/schema.org\",\"@graph\":[{\"@type\":\"Article\",\"@id\":\"https:\\\/\\\/www.cde.ual.es\\\/xii-edicion-del-premio-escolar-jovenes-andaluces-construyendo-europa-jace\\\/#article\",\"isPartOf\":{\"@id\":\"https:\\\/\\\/www.cde.ual.es\\\/xii-edicion-del-premio-escolar-jovenes-andaluces-construyendo-europa-jace\\\/\"},\"author\":{\"name\":\"AdminCDE\",\"@id\":\"https:\\\/\\\/www.cde.ual.es\\\/#\\\/schema\\\/person\\\/224ef08c8bcc005f319d2713ce37ee5f\"},\"headline\":\"XII Edici\u00f3n del Premio Escolar J\u00d3VENES ANDALUCES CONSTRUYENDO EUROPA-JACE\",\"datePublished\":\"2017-12-18T11:42:35+00:00\",\"mainEntityOfPage\":{\"@id\":\"https:\\\/\\\/www.cde.ual.es\\\/xii-edicion-del-premio-escolar-jovenes-andaluces-construyendo-europa-jace\\\/\"},\"wordCount\":268,\"commentCount\":0,\"publisher\":{\"@id\":\"https:\\\/\\\/www.cde.ual.es\\\/#organization\"},\"image\":{\"@id\":\"https:\\\/\\\/www.cde.ual.es\\\/xii-edicion-del-premio-escolar-jovenes-andaluces-construyendo-europa-jace\\\/#primaryimage\"},\"thumbnailUrl\":\"http:\\\/\\\/www.cde.ual.es\\\/wp-content\\\/uploads\\\/2017\\\/12\\\/0001.jpg\",\"articleSection\":[\"Sin categorizar\"],\"inLanguage\":\"en-US\",\"potentialAction\":[{\"@type\":\"CommentAction\",\"name\":\"Comment\",\"target\":[\"https:\\\/\\\/www.cde.ual.es\\\/xii-edicion-del-premio-escolar-jovenes-andaluces-construyendo-europa-jace\\\/#respond\"]}]},{\"@type\":\"WebPage\",\"@id\":\"https:\\\/\\\/www.cde.ual.es\\\/xii-edicion-del-premio-escolar-jovenes-andaluces-construyendo-europa-jace\\\/\",\"url\":\"https:\\\/\\\/www.cde.ual.es\\\/xii-edicion-del-premio-escolar-jovenes-andaluces-construyendo-europa-jace\\\/\",\"name\":\"XII Edici\u00f3n del Premio Escolar J\u00d3VENES ANDALUCES CONSTRUYENDO EUROPA-JACE | CDE Almer\u00eda - Centro de Documentaci\u00f3n Europea - Universidad de Almer\u00eda\",\"isPartOf\":{\"@id\":\"https:\\\/\\\/www.cde.ual.es\\\/#website\"},\"primaryImageOfPage\":{\"@id\":\"https:\\\/\\\/www.cde.ual.es\\\/xii-edicion-del-premio-escolar-jovenes-andaluces-construyendo-europa-jace\\\/#primaryimage\"},\"image\":{\"@id\":\"https:\\\/\\\/www.cde.ual.es\\\/xii-edicion-del-premio-escolar-jovenes-andaluces-construyendo-europa-jace\\\/#primaryimage\"},\"thumbnailUrl\":\"http:\\\/\\\/www.cde.ual.es\\\/wp-content\\\/uploads\\\/2017\\\/12\\\/0001.jpg\",\"datePublished\":\"2017-12-18T11:42:35+00:00\",\"breadcrumb\":{\"@id\":\"https:\\\/\\\/www.cde.ual.es\\\/xii-edicion-del-premio-escolar-jovenes-andaluces-construyendo-europa-jace\\\/#breadcrumb\"},\"inLanguage\":\"en-US\",\"potentialAction\":[{\"@type\":\"ReadAction\",\"target\":[\"https:\\\/\\\/www.cde.ual.es\\\/xii-edicion-del-premio-escolar-jovenes-andaluces-construyendo-europa-jace\\\/\"]}]},{\"@type\":\"ImageObject\",\"inLanguage\":\"en-US\",\"@id\":\"https:\\\/\\\/www.cde.ual.es\\\/xii-edicion-del-premio-escolar-jovenes-andaluces-construyendo-europa-jace\\\/#primaryimage\",\"url\":\"http:\\\/\\\/www.cde.ual.es\\\/wp-content\\\/uploads\\\/2017\\\/12\\\/0001.jpg\",\"contentUrl\":\"http:\\\/\\\/www.cde.ual.es\\\/wp-content\\\/uploads\\\/2017\\\/12\\\/0001.jpg\"},{\"@type\":\"BreadcrumbList\",\"@id\":\"https:\\\/\\\/www.cde.ual.es\\\/xii-edicion-del-premio-escolar-jovenes-andaluces-construyendo-europa-jace\\\/#breadcrumb\",\"itemListElement\":[{\"@type\":\"ListItem\",\"position\":1,\"name\":\"Inicio\",\"item\":\"https:\\\/\\\/www.cde.ual.es\\\/en\\\/\"},{\"@type\":\"ListItem\",\"position\":2,\"name\":\"Sin categorizar\",\"item\":\"https:\\\/\\\/www.cde.ual.es\\\/category\\\/sin-categorizar\\\/\"},{\"@type\":\"ListItem\",\"position\":3,\"name\":\"XII Edici\u00f3n del Premio Escolar J\u00d3VENES ANDALUCES CONSTRUYENDO EUROPA-JACE\"}]},{\"@type\":\"WebSite\",\"@id\":\"https:\\\/\\\/www.cde.ual.es\\\/#website\",\"url\":\"https:\\\/\\\/www.cde.ual.es\\\/\",\"name\":\"CDE Almer\u00eda - Centro de Documentaci\u00f3n Europea - Universidad de Almer\u00eda\",\"description\":\"Centro de Documentaci\u00f3n Europea de la Universidad de Almer\u00eda\",\"publisher\":{\"@id\":\"https:\\\/\\\/www.cde.ual.es\\\/#organization\"},\"alternateName\":\"CDE Almer\u00eda\",\"potentialAction\":[{\"@type\":\"SearchAction\",\"target\":{\"@type\":\"EntryPoint\",\"urlTemplate\":\"https:\\\/\\\/www.cde.ual.es\\\/?s={search_term_string}\"},\"query-input\":{\"@type\":\"PropertyValueSpecification\",\"valueRequired\":true,\"valueName\":\"search_term_string\"}}],\"inLanguage\":\"en-US\"},{\"@type\":\"Organization\",\"@id\":\"https:\\\/\\\/www.cde.ual.es\\\/#organization\",\"name\":\"Centro de Documentaci\u00f3n Europea de Almer\u00eda\",\"url\":\"https:\\\/\\\/www.cde.ual.es\\\/\",\"logo\":{\"@type\":\"ImageObject\",\"inLanguage\":\"en-US\",\"@id\":\"https:\\\/\\\/www.cde.ual.es\\\/#\\\/schema\\\/logo\\\/image\\\/\",\"url\":\"https:\\\/\\\/www.cde.ual.es\\\/wp-content\\\/uploads\\\/2025\\\/07\\\/cde-logo-3.png\",\"contentUrl\":\"https:\\\/\\\/www.cde.ual.es\\\/wp-content\\\/uploads\\\/2025\\\/07\\\/cde-logo-3.png\",\"width\":1400,\"height\":300,\"caption\":\"Centro de Documentaci\u00f3n Europea de Almer\u00eda\"},\"image\":{\"@id\":\"https:\\\/\\\/www.cde.ual.es\\\/#\\\/schema\\\/logo\\\/image\\\/\"},\"sameAs\":[\"https:\\\/\\\/www.facebook.com\\\/cdeuniversidadalmeria\\\/\",\"https:\\\/\\\/x.com\\\/cdeualmeria\",\"https:\\\/\\\/www.tiktok.com\\\/@cdealmeria\",\"https:\\\/\\\/www.instagram.com\\\/cdealmeria\\\/\",\"https:\\\/\\\/www.linkedin.com\\\/in\\\/cde-almera-812b26a9\\\/\"]},{\"@type\":\"Person\",\"@id\":\"https:\\\/\\\/www.cde.ual.es\\\/#\\\/schema\\\/person\\\/224ef08c8bcc005f319d2713ce37ee5f\",\"name\":\"AdminCDE\",\"image\":{\"@type\":\"ImageObject\",\"inLanguage\":\"en-US\",\"@id\":\"https:\\\/\\\/secure.gravatar.com\\\/avatar\\\/a72d038d371f995cd13706fac32274b7952a52e8fb0a84b5f80c85426f2a98a8?s=96&d=mm&r=g\",\"url\":\"https:\\\/\\\/secure.gravatar.com\\\/avatar\\\/a72d038d371f995cd13706fac32274b7952a52e8fb0a84b5f80c85426f2a98a8?s=96&d=mm&r=g\",\"contentUrl\":\"https:\\\/\\\/secure.gravatar.com\\\/avatar\\\/a72d038d371f995cd13706fac32274b7952a52e8fb0a84b5f80c85426f2a98a8?s=96&d=mm&r=g\",\"caption\":\"AdminCDE\"}}]}<\/script>\n<!-- \/ Yoast SEO plugin. -->","yoast_head_json":{"title":"XII Edici\u00f3n del Premio Escolar J\u00d3VENES ANDALUCES CONSTRUYENDO EUROPA-JACE | CDE Almer\u00eda - Centro de Documentaci\u00f3n Europea - Universidad de Almer\u00eda","robots":{"index":"index","follow":"follow","max-snippet":"max-snippet:-1","max-image-preview":"max-image-preview:large","max-video-preview":"max-video-preview:-1"},"canonical":"https:\/\/www.cde.ual.es\/xii-edicion-del-premio-escolar-jovenes-andaluces-construyendo-europa-jace\/","og_locale":"en_US","og_type":"article","og_title":"XII Edici\u00f3n del Premio Escolar J\u00d3VENES ANDALUCES CONSTRUYENDO EUROPA-JACE | CDE Almer\u00eda - Centro de Documentaci\u00f3n Europea - Universidad de Almer\u00eda","og_description":"La Red de Informaci\u00f3n Europea de Andaluc\u00eda, que est\u00e1 presidida por la Secretar\u00eda General de Acci\u00f3n\u00a0Exterior de la Junta de Andaluc\u00eda e integrada por los\u00a0centros de informaci\u00f3n europea de Andaluc\u00eda, ha\u00a0convocado la XII Edici\u00f3n del Premio Escolar\u00a0J\u00d3VENES ANDALUCES CONSTRUYENDO\u00a0EUROPA-JACE, cuyo objetivo es fomentar la dimensi\u00f3n\u00a0europea en la educaci\u00f3n y el mutuo entendimiento\u00a0entre el alumnado de [&hellip;]","og_url":"https:\/\/www.cde.ual.es\/xii-edicion-del-premio-escolar-jovenes-andaluces-construyendo-europa-jace\/","og_site_name":"CDE Almer\u00eda - Centro de Documentaci\u00f3n Europea - Universidad de Almer\u00eda","article_publisher":"https:\/\/www.facebook.com\/cdeuniversidadalmeria\/","article_published_time":"2017-12-18T11:42:35+00:00","og_image":[{"url":"http:\/\/www.cde.ual.es\/wp-content\/uploads\/2017\/12\/0001.jpg","type":"","width":"","height":""}],"author":"AdminCDE","twitter_card":"summary_large_image","twitter_creator":"@cdeualmeria","twitter_site":"@cdeualmeria","twitter_misc":{"Written by":"AdminCDE","Est. reading time":"1 minute"},"schema":{"@context":"https:\/\/schema.org","@graph":[{"@type":"Article","@id":"https:\/\/www.cde.ual.es\/xii-edicion-del-premio-escolar-jovenes-andaluces-construyendo-europa-jace\/#article","isPartOf":{"@id":"https:\/\/www.cde.ual.es\/xii-edicion-del-premio-escolar-jovenes-andaluces-construyendo-europa-jace\/"},"author":{"name":"AdminCDE","@id":"https:\/\/www.cde.ual.es\/#\/schema\/person\/224ef08c8bcc005f319d2713ce37ee5f"},"headline":"XII Edici\u00f3n del Premio Escolar J\u00d3VENES ANDALUCES CONSTRUYENDO EUROPA-JACE","datePublished":"2017-12-18T11:42:35+00:00","mainEntityOfPage":{"@id":"https:\/\/www.cde.ual.es\/xii-edicion-del-premio-escolar-jovenes-andaluces-construyendo-europa-jace\/"},"wordCount":268,"commentCount":0,"publisher":{"@id":"https:\/\/www.cde.ual.es\/#organization"},"image":{"@id":"https:\/\/www.cde.ual.es\/xii-edicion-del-premio-escolar-jovenes-andaluces-construyendo-europa-jace\/#primaryimage"},"thumbnailUrl":"http:\/\/www.cde.ual.es\/wp-content\/uploads\/2017\/12\/0001.jpg","articleSection":["Sin categorizar"],"inLanguage":"en-US","potentialAction":[{"@type":"CommentAction","name":"Comment","target":["https:\/\/www.cde.ual.es\/xii-edicion-del-premio-escolar-jovenes-andaluces-construyendo-europa-jace\/#respond"]}]},{"@type":"WebPage","@id":"https:\/\/www.cde.ual.es\/xii-edicion-del-premio-escolar-jovenes-andaluces-construyendo-europa-jace\/","url":"https:\/\/www.cde.ual.es\/xii-edicion-del-premio-escolar-jovenes-andaluces-construyendo-europa-jace\/","name":"XII Edici\u00f3n del Premio Escolar J\u00d3VENES ANDALUCES CONSTRUYENDO EUROPA-JACE | CDE Almer\u00eda - Centro de Documentaci\u00f3n Europea - Universidad de Almer\u00eda","isPartOf":{"@id":"https:\/\/www.cde.ual.es\/#website"},"primaryImageOfPage":{"@id":"https:\/\/www.cde.ual.es\/xii-edicion-del-premio-escolar-jovenes-andaluces-construyendo-europa-jace\/#primaryimage"},"image":{"@id":"https:\/\/www.cde.ual.es\/xii-edicion-del-premio-escolar-jovenes-andaluces-construyendo-europa-jace\/#primaryimage"},"thumbnailUrl":"http:\/\/www.cde.ual.es\/wp-content\/uploads\/2017\/12\/0001.jpg","datePublished":"2017-12-18T11:42:35+00:00","breadcrumb":{"@id":"https:\/\/www.cde.ual.es\/xii-edicion-del-premio-escolar-jovenes-andaluces-construyendo-europa-jace\/#breadcrumb"},"inLanguage":"en-US","potentialAction":[{"@type":"ReadAction","target":["https:\/\/www.cde.ual.es\/xii-edicion-del-premio-escolar-jovenes-andaluces-construyendo-europa-jace\/"]}]},{"@type":"ImageObject","inLanguage":"en-US","@id":"https:\/\/www.cde.ual.es\/xii-edicion-del-premio-escolar-jovenes-andaluces-construyendo-europa-jace\/#primaryimage","url":"http:\/\/www.cde.ual.es\/wp-content\/uploads\/2017\/12\/0001.jpg","contentUrl":"http:\/\/www.cde.ual.es\/wp-content\/uploads\/2017\/12\/0001.jpg"},{"@type":"BreadcrumbList","@id":"https:\/\/www.cde.ual.es\/xii-edicion-del-premio-escolar-jovenes-andaluces-construyendo-europa-jace\/#breadcrumb","itemListElement":[{"@type":"ListItem","position":1,"name":"Inicio","item":"https:\/\/www.cde.ual.es\/en\/"},{"@type":"ListItem","position":2,"name":"Sin categorizar","item":"https:\/\/www.cde.ual.es\/category\/sin-categorizar\/"},{"@type":"ListItem","position":3,"name":"XII Edici\u00f3n del Premio Escolar J\u00d3VENES ANDALUCES CONSTRUYENDO EUROPA-JACE"}]},{"@type":"WebSite","@id":"https:\/\/www.cde.ual.es\/#website","url":"https:\/\/www.cde.ual.es\/","name":"CDE Almer\u00eda - Centro de Documentaci\u00f3n Europea - Universidad de Almer\u00eda","description":"Centro de Documentaci\u00f3n Europea de la Universidad de Almer\u00eda","publisher":{"@id":"https:\/\/www.cde.ual.es\/#organization"},"alternateName":"CDE Almer\u00eda","potentialAction":[{"@type":"SearchAction","target":{"@type":"EntryPoint","urlTemplate":"https:\/\/www.cde.ual.es\/?s={search_term_string}"},"query-input":{"@type":"PropertyValueSpecification","valueRequired":true,"valueName":"search_term_string"}}],"inLanguage":"en-US"},{"@type":"Organization","@id":"https:\/\/www.cde.ual.es\/#organization","name":"Centro de Documentaci\u00f3n Europea de Almer\u00eda","url":"https:\/\/www.cde.ual.es\/","logo":{"@type":"ImageObject","inLanguage":"en-US","@id":"https:\/\/www.cde.ual.es\/#\/schema\/logo\/image\/","url":"https:\/\/www.cde.ual.es\/wp-content\/uploads\/2025\/07\/cde-logo-3.png","contentUrl":"https:\/\/www.cde.ual.es\/wp-content\/uploads\/2025\/07\/cde-logo-3.png","width":1400,"height":300,"caption":"Centro de Documentaci\u00f3n Europea de Almer\u00eda"},"image":{"@id":"https:\/\/www.cde.ual.es\/#\/schema\/logo\/image\/"},"sameAs":["https:\/\/www.facebook.com\/cdeuniversidadalmeria\/","https:\/\/x.com\/cdeualmeria","https:\/\/www.tiktok.com\/@cdealmeria","https:\/\/www.instagram.com\/cdealmeria\/","https:\/\/www.linkedin.com\/in\/cde-almera-812b26a9\/"]},{"@type":"Person","@id":"https:\/\/www.cde.ual.es\/#\/schema\/person\/224ef08c8bcc005f319d2713ce37ee5f","name":"AdminCDE","image":{"@type":"ImageObject","inLanguage":"en-US","@id":"https:\/\/secure.gravatar.com\/avatar\/a72d038d371f995cd13706fac32274b7952a52e8fb0a84b5f80c85426f2a98a8?s=96&d=mm&r=g","url":"https:\/\/secure.gravatar.com\/avatar\/a72d038d371f995cd13706fac32274b7952a52e8fb0a84b5f80c85426f2a98a8?s=96&d=mm&r=g","contentUrl":"https:\/\/secure.gravatar.com\/avatar\/a72d038d371f995cd13706fac32274b7952a52e8fb0a84b5f80c85426f2a98a8?s=96&d=mm&r=g","caption":"AdminCDE"}}]}},"_links":{"self":[{"href":"https:\/\/www.cde.ual.es\/en\/wp-json\/wp\/v2\/posts\/2345","targetHints":{"allow":["GET"]}}],"collection":[{"href":"https:\/\/www.cde.ual.es\/en\/wp-json\/wp\/v2\/posts"}],"about":[{"href":"https:\/\/www.cde.ual.es\/en\/wp-json\/wp\/v2\/types\/post"}],"author":[{"embeddable":true,"href":"https:\/\/www.cde.ual.es\/en\/wp-json\/wp\/v2\/users\/1"}],"replies":[{"embeddable":true,"href":"https:\/\/www.cde.ual.es\/en\/wp-json\/wp\/v2\/comments?post=2345"}],"version-history":[{"count":0,"href":"https:\/\/www.cde.ual.es\/en\/wp-json\/wp\/v2\/posts\/2345\/revisions"}],"wp:attachment":[{"href":"https:\/\/www.cde.ual.es\/en\/wp-json\/wp\/v2\/media?parent=2345"}],"wp:term":[{"taxonomy":"category","embeddable":true,"href":"https:\/\/www.cde.ual.es\/en\/wp-json\/wp\/v2\/categories?post=2345"},{"taxonomy":"post_tag","embeddable":true,"href":"https:\/\/www.cde.ual.es\/en\/wp-json\/wp\/v2\/tags?post=2345"}],"curies":[{"name":"wp","href":"https:\/\/api.w.org\/{rel}","templated":true}]}}