{"id":2324,"date":"2017-11-06T11:58:50","date_gmt":"2017-11-06T10:58:50","guid":{"rendered":"http:\/\/www.cde.ual.es\/?p=2324"},"modified":"2017-11-06T11:58:50","modified_gmt":"2017-11-06T10:58:50","slug":"evento-europeo-de-la-juventud-2018-parlamento-europeo","status":"publish","type":"post","link":"https:\/\/www.cde.ual.es\/en\/evento-europeo-de-la-juventud-2018-parlamento-europeo\/","title":{"rendered":"Evento Europeo de la Juventud 2018. Parlamento Europeo"},"content":{"rendered":"<div id=\"content\" class=\"clearfix\" dir=\"ltr\">\n<article class=\"node article full clearfix\">\n<div id=\"leer_contenido\">\n<div class=\"content clearfix\">\n<div>\n<h3><a href=\"http:\/\/www.cde.ual.es\/wp-content\/uploads\/2017\/11\/european-youth-event-eye2018-take-part.jpg\"><img decoding=\"async\" class=\"aligncenter size-full wp-image-2325\" src=\"http:\/\/www.cde.ual.es\/wp-content\/uploads\/2017\/11\/european-youth-event-eye2018-take-part.jpg\" alt=\"\" width=\"925\" height=\"322\" srcset=\"https:\/\/www.cde.ual.es\/wp-content\/uploads\/2017\/11\/european-youth-event-eye2018-take-part.jpg 925w, https:\/\/www.cde.ual.es\/wp-content\/uploads\/2017\/11\/european-youth-event-eye2018-take-part-768x267.jpg 768w\" sizes=\"(max-width: 925px) 100vw, 925px\" \/><\/a><\/h3>\n<h2>Fecha de celebraci\u00f3n<\/h2>\n<p>1 y 2 de Junio de 2018<\/p><\/div>\n<div>\n<h2>Informaci\u00f3n<\/h2>\n<p>\u00bfQuieres hacer llegar tus ideas a los eurodiputados y conocer a otros j\u00f3venes de la Uni\u00f3n Europea? La sede del Parlamento Europeo en Estrasburgo abrir\u00e1 sus puertas durante el 1 y 2 de junio a j\u00f3venes de todos los Estados Miembros y\u00a0<strong>celebrar\u00e1 la tercera edici\u00f3n del Evento Europeo de la Juventud, EYE 2018<\/strong>. M\u00e1s de 8.000 participantes entusiastas compartir\u00e1n sus ideas innovadoras sobre Europa y tendr\u00e1n la oportunidad de debatir con los eurodiputados y otros responsables pol\u00edticos sus puntos de vista. Una oportunidad \u00fanica, adem\u00e1s, para conocer a j\u00f3venes de todos los Estados miembros y pasarlo bien.<\/p>\n<p>Las propuestas extra\u00eddas del encuentro se recoger\u00e1n en un informe, que se repartir\u00e1 entre todos los eurodiputados en julio y ser\u00e1n debatidas en oto\u00f1o del pr\u00f3ximo a\u00f1o.<\/p>\n<p><strong>El encuentro es gratuito, pero<\/strong>\u00a0<strong>los participantes se har\u00e1n cargo de los gastos de transporte, alojamiento y manutenci\u00f3n<\/strong>.<\/p>\n<\/div>\n<div>\n<h2>Requisitos<\/h2>\n<p>Al evento pueden asistir j\u00f3venes de toda la Uni\u00f3n Europea conedades comprendidas entre 16 y 30 a\u00f1os e inscribirse en grupos de al menos 10 personas. Las inscripciones se realizar\u00e1n a trav\u00e9s del\u00a0<a title=\"Abre en ventana nueva\" href=\"http:\/\/www.europarl.europa.eu\/european-youth-event\/en\/take-part%21.html\" target=\"_blank\" rel=\"noopener\">portal web del organismo<\/a><\/p>\n<\/div>\n<\/div>\n<\/div>\n<\/article>\n<\/div>\n<div id=\"content-bottom\" class=\"col-1\" dir=\"ltr\">\n<div class=\"inner container clearfix\">\n<div class=\"column\">\n<div id=\"block-multiblock-12\" class=\"block block-multiblock hide-desktop block-views block-views-entradas_relacionadas-block_7-instance\">\n<div class=\"inner-content\">\n<h3 class=\"title\">Enlaces Externos<\/h3>\n<div class=\"content clearfix\">\n<div class=\"view view-entradas-relacionadas view-id-entradas_relacionadas view-display-id-block_7 entradas-relacionadas view-dom-id-6875b2d4d4f32c1837f4f6762cb27d5c\">\n<div class=\"view-content\">\n<div class=\"item-list-flecha\">\n<ul>\n<li class=\"views-row views-row-1 views-row-odd views-row-first clearfix wn21link\">\n<div>\n<div><a class=\"field--item\" href=\"http:\/\/www.europarl.europa.eu\/european-youth-event\/en\/take-part%21.html\" target=\"_blank\" rel=\"noopener\">Evento de la Juventud Europea 2018 (En ingl\u00e9s)<\/a><\/div>\n<\/div>\n<\/li>\n<li class=\"views-row views-row-2 views-row-even views-row-last clearfix wn21link\">\n<div>\n<div><a class=\"field--item\" href=\"http:\/\/www.hablamosdeeuropa.es\/prensa\/noticias\/evento-europeo-de-la-juventud-el-parlamento-da-la-palabra-a-los-mas-jovenes\" target=\"_blank\" rel=\"noopener\">P\u00e1gina web Hablamos de Europa<\/a><\/div>\n<\/div>\n<\/li>\n<\/ul>\n<\/div>\n<\/div>\n<\/div>\n<\/div>\n<\/div>\n<\/div>\n<\/div>\n<\/div>\n<\/div>\n","protected":false},"excerpt":{"rendered":"<p>Fecha de celebraci\u00f3n 1 y 2 de Junio de 2018 Informaci\u00f3n \u00bfQuieres hacer llegar tus ideas a los eurodiputados y conocer a otros j\u00f3venes de la Uni\u00f3n Europea? La sede del Parlamento Europeo en Estrasburgo abrir\u00e1 sus puertas durante el 1 y 2 de junio a j\u00f3venes de todos los Estados Miembros y\u00a0celebrar\u00e1 la tercera [&hellip;]<\/p>\n","protected":false},"author":1,"featured_media":0,"comment_status":"open","ping_status":"open","sticky":false,"template":"","format":"standard","meta":{"_acf_changed":false,"_relevanssi_hide_post":"","_relevanssi_hide_content":"","_relevanssi_pin_for_all":"","_relevanssi_pin_keywords":"","_relevanssi_unpin_keywords":"","_relevanssi_related_keywords":"","_relevanssi_related_include_ids":"","_relevanssi_related_exclude_ids":"","_relevanssi_related_no_append":"","_relevanssi_related_not_related":"","_relevanssi_related_posts":"","_relevanssi_noindex_reason":"","_monsterinsights_skip_tracking":false,"_monsterinsights_sitenote_active":false,"_monsterinsights_sitenote_note":"","_monsterinsights_sitenote_category":0,"_genesis_hide_title":false,"_genesis_hide_breadcrumbs":false,"_genesis_hide_singular_image":false,"_genesis_hide_footer_widgets":false,"_genesis_custom_body_class":"","_genesis_custom_post_class":"","_genesis_layout":"","footnotes":""},"categories":[1],"tags":[],"class_list":{"0":"post-2324","1":"post","2":"type-post","3":"status-publish","4":"format-standard","6":"category-sin-categorizar","7":"entry","8":"has-post-thumbnail"},"acf":[],"yoast_head":"<!-- This site is optimized with the Yoast SEO plugin v27.4 - https:\/\/yoast.com\/product\/yoast-seo-wordpress\/ -->\n<title>Evento Europeo de la Juventud 2018. Parlamento Europeo | CDE Almer\u00eda - Centro de Documentaci\u00f3n Europea - Universidad de Almer\u00eda<\/title>\n<meta name=\"robots\" content=\"index, follow, max-snippet:-1, max-image-preview:large, max-video-preview:-1\" \/>\n<link rel=\"canonical\" href=\"https:\/\/www.cde.ual.es\/evento-europeo-de-la-juventud-2018-parlamento-europeo\/\" \/>\n<meta property=\"og:locale\" content=\"en_US\" \/>\n<meta property=\"og:type\" content=\"article\" \/>\n<meta property=\"og:title\" content=\"Evento Europeo de la Juventud 2018. Parlamento Europeo | CDE Almer\u00eda - Centro de Documentaci\u00f3n Europea - Universidad de Almer\u00eda\" \/>\n<meta property=\"og:description\" content=\"Fecha de celebraci\u00f3n 1 y 2 de Junio de 2018 Informaci\u00f3n \u00bfQuieres hacer llegar tus ideas a los eurodiputados y conocer a otros j\u00f3venes de la Uni\u00f3n Europea? La sede del Parlamento Europeo en Estrasburgo abrir\u00e1 sus puertas durante el 1 y 2 de junio a j\u00f3venes de todos los Estados Miembros y\u00a0celebrar\u00e1 la tercera [&hellip;]\" \/>\n<meta property=\"og:url\" content=\"https:\/\/www.cde.ual.es\/evento-europeo-de-la-juventud-2018-parlamento-europeo\/\" \/>\n<meta property=\"og:site_name\" content=\"CDE Almer\u00eda - Centro de Documentaci\u00f3n Europea - Universidad de Almer\u00eda\" \/>\n<meta property=\"article:publisher\" content=\"https:\/\/www.facebook.com\/cdeuniversidadalmeria\/\" \/>\n<meta property=\"article:published_time\" content=\"2017-11-06T10:58:50+00:00\" \/>\n<meta property=\"og:image\" content=\"http:\/\/www.cde.ual.es\/wp-content\/uploads\/2017\/11\/european-youth-event-eye2018-take-part.jpg\" \/>\n<meta name=\"author\" content=\"AdminCDE\" \/>\n<meta name=\"twitter:card\" content=\"summary_large_image\" \/>\n<meta name=\"twitter:creator\" content=\"@cdeualmeria\" \/>\n<meta name=\"twitter:site\" content=\"@cdeualmeria\" \/>\n<meta name=\"twitter:label1\" content=\"Written by\" \/>\n\t<meta name=\"twitter:data1\" content=\"AdminCDE\" \/>\n\t<meta name=\"twitter:label2\" content=\"Est. reading time\" \/>\n\t<meta name=\"twitter:data2\" content=\"1 minute\" \/>\n<script type=\"application\/ld+json\" class=\"yoast-schema-graph\">{\"@context\":\"https:\\\/\\\/schema.org\",\"@graph\":[{\"@type\":\"Article\",\"@id\":\"https:\\\/\\\/www.cde.ual.es\\\/evento-europeo-de-la-juventud-2018-parlamento-europeo\\\/#article\",\"isPartOf\":{\"@id\":\"https:\\\/\\\/www.cde.ual.es\\\/evento-europeo-de-la-juventud-2018-parlamento-europeo\\\/\"},\"author\":{\"name\":\"AdminCDE\",\"@id\":\"https:\\\/\\\/www.cde.ual.es\\\/#\\\/schema\\\/person\\\/224ef08c8bcc005f319d2713ce37ee5f\"},\"headline\":\"Evento Europeo de la Juventud 2018. Parlamento Europeo\",\"datePublished\":\"2017-11-06T10:58:50+00:00\",\"mainEntityOfPage\":{\"@id\":\"https:\\\/\\\/www.cde.ual.es\\\/evento-europeo-de-la-juventud-2018-parlamento-europeo\\\/\"},\"wordCount\":230,\"commentCount\":0,\"publisher\":{\"@id\":\"https:\\\/\\\/www.cde.ual.es\\\/#organization\"},\"image\":{\"@id\":\"https:\\\/\\\/www.cde.ual.es\\\/evento-europeo-de-la-juventud-2018-parlamento-europeo\\\/#primaryimage\"},\"thumbnailUrl\":\"http:\\\/\\\/www.cde.ual.es\\\/wp-content\\\/uploads\\\/2017\\\/11\\\/european-youth-event-eye2018-take-part.jpg\",\"articleSection\":[\"Sin categorizar\"],\"inLanguage\":\"en-US\",\"potentialAction\":[{\"@type\":\"CommentAction\",\"name\":\"Comment\",\"target\":[\"https:\\\/\\\/www.cde.ual.es\\\/evento-europeo-de-la-juventud-2018-parlamento-europeo\\\/#respond\"]}]},{\"@type\":\"WebPage\",\"@id\":\"https:\\\/\\\/www.cde.ual.es\\\/evento-europeo-de-la-juventud-2018-parlamento-europeo\\\/\",\"url\":\"https:\\\/\\\/www.cde.ual.es\\\/evento-europeo-de-la-juventud-2018-parlamento-europeo\\\/\",\"name\":\"Evento Europeo de la Juventud 2018. Parlamento Europeo | CDE Almer\u00eda - Centro de Documentaci\u00f3n Europea - Universidad de Almer\u00eda\",\"isPartOf\":{\"@id\":\"https:\\\/\\\/www.cde.ual.es\\\/#website\"},\"primaryImageOfPage\":{\"@id\":\"https:\\\/\\\/www.cde.ual.es\\\/evento-europeo-de-la-juventud-2018-parlamento-europeo\\\/#primaryimage\"},\"image\":{\"@id\":\"https:\\\/\\\/www.cde.ual.es\\\/evento-europeo-de-la-juventud-2018-parlamento-europeo\\\/#primaryimage\"},\"thumbnailUrl\":\"http:\\\/\\\/www.cde.ual.es\\\/wp-content\\\/uploads\\\/2017\\\/11\\\/european-youth-event-eye2018-take-part.jpg\",\"datePublished\":\"2017-11-06T10:58:50+00:00\",\"breadcrumb\":{\"@id\":\"https:\\\/\\\/www.cde.ual.es\\\/evento-europeo-de-la-juventud-2018-parlamento-europeo\\\/#breadcrumb\"},\"inLanguage\":\"en-US\",\"potentialAction\":[{\"@type\":\"ReadAction\",\"target\":[\"https:\\\/\\\/www.cde.ual.es\\\/evento-europeo-de-la-juventud-2018-parlamento-europeo\\\/\"]}]},{\"@type\":\"ImageObject\",\"inLanguage\":\"en-US\",\"@id\":\"https:\\\/\\\/www.cde.ual.es\\\/evento-europeo-de-la-juventud-2018-parlamento-europeo\\\/#primaryimage\",\"url\":\"http:\\\/\\\/www.cde.ual.es\\\/wp-content\\\/uploads\\\/2017\\\/11\\\/european-youth-event-eye2018-take-part.jpg\",\"contentUrl\":\"http:\\\/\\\/www.cde.ual.es\\\/wp-content\\\/uploads\\\/2017\\\/11\\\/european-youth-event-eye2018-take-part.jpg\"},{\"@type\":\"BreadcrumbList\",\"@id\":\"https:\\\/\\\/www.cde.ual.es\\\/evento-europeo-de-la-juventud-2018-parlamento-europeo\\\/#breadcrumb\",\"itemListElement\":[{\"@type\":\"ListItem\",\"position\":1,\"name\":\"Inicio\",\"item\":\"https:\\\/\\\/www.cde.ual.es\\\/en\\\/\"},{\"@type\":\"ListItem\",\"position\":2,\"name\":\"Sin categorizar\",\"item\":\"https:\\\/\\\/www.cde.ual.es\\\/category\\\/sin-categorizar\\\/\"},{\"@type\":\"ListItem\",\"position\":3,\"name\":\"Evento Europeo de la Juventud 2018. Parlamento Europeo\"}]},{\"@type\":\"WebSite\",\"@id\":\"https:\\\/\\\/www.cde.ual.es\\\/#website\",\"url\":\"https:\\\/\\\/www.cde.ual.es\\\/\",\"name\":\"CDE Almer\u00eda - Centro de Documentaci\u00f3n Europea - Universidad de Almer\u00eda\",\"description\":\"Centro de Documentaci\u00f3n Europea de la Universidad de Almer\u00eda\",\"publisher\":{\"@id\":\"https:\\\/\\\/www.cde.ual.es\\\/#organization\"},\"alternateName\":\"CDE Almer\u00eda\",\"potentialAction\":[{\"@type\":\"SearchAction\",\"target\":{\"@type\":\"EntryPoint\",\"urlTemplate\":\"https:\\\/\\\/www.cde.ual.es\\\/?s={search_term_string}\"},\"query-input\":{\"@type\":\"PropertyValueSpecification\",\"valueRequired\":true,\"valueName\":\"search_term_string\"}}],\"inLanguage\":\"en-US\"},{\"@type\":\"Organization\",\"@id\":\"https:\\\/\\\/www.cde.ual.es\\\/#organization\",\"name\":\"Centro de Documentaci\u00f3n Europea de Almer\u00eda\",\"url\":\"https:\\\/\\\/www.cde.ual.es\\\/\",\"logo\":{\"@type\":\"ImageObject\",\"inLanguage\":\"en-US\",\"@id\":\"https:\\\/\\\/www.cde.ual.es\\\/#\\\/schema\\\/logo\\\/image\\\/\",\"url\":\"https:\\\/\\\/www.cde.ual.es\\\/wp-content\\\/uploads\\\/2025\\\/07\\\/cde-logo-3.png\",\"contentUrl\":\"https:\\\/\\\/www.cde.ual.es\\\/wp-content\\\/uploads\\\/2025\\\/07\\\/cde-logo-3.png\",\"width\":1400,\"height\":300,\"caption\":\"Centro de Documentaci\u00f3n Europea de Almer\u00eda\"},\"image\":{\"@id\":\"https:\\\/\\\/www.cde.ual.es\\\/#\\\/schema\\\/logo\\\/image\\\/\"},\"sameAs\":[\"https:\\\/\\\/www.facebook.com\\\/cdeuniversidadalmeria\\\/\",\"https:\\\/\\\/x.com\\\/cdeualmeria\",\"https:\\\/\\\/www.tiktok.com\\\/@cdealmeria\",\"https:\\\/\\\/www.instagram.com\\\/cdealmeria\\\/\",\"https:\\\/\\\/www.linkedin.com\\\/in\\\/cde-almera-812b26a9\\\/\"]},{\"@type\":\"Person\",\"@id\":\"https:\\\/\\\/www.cde.ual.es\\\/#\\\/schema\\\/person\\\/224ef08c8bcc005f319d2713ce37ee5f\",\"name\":\"AdminCDE\",\"image\":{\"@type\":\"ImageObject\",\"inLanguage\":\"en-US\",\"@id\":\"https:\\\/\\\/secure.gravatar.com\\\/avatar\\\/a72d038d371f995cd13706fac32274b7952a52e8fb0a84b5f80c85426f2a98a8?s=96&d=mm&r=g\",\"url\":\"https:\\\/\\\/secure.gravatar.com\\\/avatar\\\/a72d038d371f995cd13706fac32274b7952a52e8fb0a84b5f80c85426f2a98a8?s=96&d=mm&r=g\",\"contentUrl\":\"https:\\\/\\\/secure.gravatar.com\\\/avatar\\\/a72d038d371f995cd13706fac32274b7952a52e8fb0a84b5f80c85426f2a98a8?s=96&d=mm&r=g\",\"caption\":\"AdminCDE\"}}]}<\/script>\n<!-- \/ Yoast SEO plugin. -->","yoast_head_json":{"title":"Evento Europeo de la Juventud 2018. Parlamento Europeo | CDE Almer\u00eda - Centro de Documentaci\u00f3n Europea - Universidad de Almer\u00eda","robots":{"index":"index","follow":"follow","max-snippet":"max-snippet:-1","max-image-preview":"max-image-preview:large","max-video-preview":"max-video-preview:-1"},"canonical":"https:\/\/www.cde.ual.es\/evento-europeo-de-la-juventud-2018-parlamento-europeo\/","og_locale":"en_US","og_type":"article","og_title":"Evento Europeo de la Juventud 2018. Parlamento Europeo | CDE Almer\u00eda - Centro de Documentaci\u00f3n Europea - Universidad de Almer\u00eda","og_description":"Fecha de celebraci\u00f3n 1 y 2 de Junio de 2018 Informaci\u00f3n \u00bfQuieres hacer llegar tus ideas a los eurodiputados y conocer a otros j\u00f3venes de la Uni\u00f3n Europea? La sede del Parlamento Europeo en Estrasburgo abrir\u00e1 sus puertas durante el 1 y 2 de junio a j\u00f3venes de todos los Estados Miembros y\u00a0celebrar\u00e1 la tercera [&hellip;]","og_url":"https:\/\/www.cde.ual.es\/evento-europeo-de-la-juventud-2018-parlamento-europeo\/","og_site_name":"CDE Almer\u00eda - Centro de Documentaci\u00f3n Europea - Universidad de Almer\u00eda","article_publisher":"https:\/\/www.facebook.com\/cdeuniversidadalmeria\/","article_published_time":"2017-11-06T10:58:50+00:00","og_image":[{"url":"http:\/\/www.cde.ual.es\/wp-content\/uploads\/2017\/11\/european-youth-event-eye2018-take-part.jpg","type":"","width":"","height":""}],"author":"AdminCDE","twitter_card":"summary_large_image","twitter_creator":"@cdeualmeria","twitter_site":"@cdeualmeria","twitter_misc":{"Written by":"AdminCDE","Est. reading time":"1 minute"},"schema":{"@context":"https:\/\/schema.org","@graph":[{"@type":"Article","@id":"https:\/\/www.cde.ual.es\/evento-europeo-de-la-juventud-2018-parlamento-europeo\/#article","isPartOf":{"@id":"https:\/\/www.cde.ual.es\/evento-europeo-de-la-juventud-2018-parlamento-europeo\/"},"author":{"name":"AdminCDE","@id":"https:\/\/www.cde.ual.es\/#\/schema\/person\/224ef08c8bcc005f319d2713ce37ee5f"},"headline":"Evento Europeo de la Juventud 2018. Parlamento Europeo","datePublished":"2017-11-06T10:58:50+00:00","mainEntityOfPage":{"@id":"https:\/\/www.cde.ual.es\/evento-europeo-de-la-juventud-2018-parlamento-europeo\/"},"wordCount":230,"commentCount":0,"publisher":{"@id":"https:\/\/www.cde.ual.es\/#organization"},"image":{"@id":"https:\/\/www.cde.ual.es\/evento-europeo-de-la-juventud-2018-parlamento-europeo\/#primaryimage"},"thumbnailUrl":"http:\/\/www.cde.ual.es\/wp-content\/uploads\/2017\/11\/european-youth-event-eye2018-take-part.jpg","articleSection":["Sin categorizar"],"inLanguage":"en-US","potentialAction":[{"@type":"CommentAction","name":"Comment","target":["https:\/\/www.cde.ual.es\/evento-europeo-de-la-juventud-2018-parlamento-europeo\/#respond"]}]},{"@type":"WebPage","@id":"https:\/\/www.cde.ual.es\/evento-europeo-de-la-juventud-2018-parlamento-europeo\/","url":"https:\/\/www.cde.ual.es\/evento-europeo-de-la-juventud-2018-parlamento-europeo\/","name":"Evento Europeo de la Juventud 2018. Parlamento Europeo | CDE Almer\u00eda - Centro de Documentaci\u00f3n Europea - Universidad de Almer\u00eda","isPartOf":{"@id":"https:\/\/www.cde.ual.es\/#website"},"primaryImageOfPage":{"@id":"https:\/\/www.cde.ual.es\/evento-europeo-de-la-juventud-2018-parlamento-europeo\/#primaryimage"},"image":{"@id":"https:\/\/www.cde.ual.es\/evento-europeo-de-la-juventud-2018-parlamento-europeo\/#primaryimage"},"thumbnailUrl":"http:\/\/www.cde.ual.es\/wp-content\/uploads\/2017\/11\/european-youth-event-eye2018-take-part.jpg","datePublished":"2017-11-06T10:58:50+00:00","breadcrumb":{"@id":"https:\/\/www.cde.ual.es\/evento-europeo-de-la-juventud-2018-parlamento-europeo\/#breadcrumb"},"inLanguage":"en-US","potentialAction":[{"@type":"ReadAction","target":["https:\/\/www.cde.ual.es\/evento-europeo-de-la-juventud-2018-parlamento-europeo\/"]}]},{"@type":"ImageObject","inLanguage":"en-US","@id":"https:\/\/www.cde.ual.es\/evento-europeo-de-la-juventud-2018-parlamento-europeo\/#primaryimage","url":"http:\/\/www.cde.ual.es\/wp-content\/uploads\/2017\/11\/european-youth-event-eye2018-take-part.jpg","contentUrl":"http:\/\/www.cde.ual.es\/wp-content\/uploads\/2017\/11\/european-youth-event-eye2018-take-part.jpg"},{"@type":"BreadcrumbList","@id":"https:\/\/www.cde.ual.es\/evento-europeo-de-la-juventud-2018-parlamento-europeo\/#breadcrumb","itemListElement":[{"@type":"ListItem","position":1,"name":"Inicio","item":"https:\/\/www.cde.ual.es\/en\/"},{"@type":"ListItem","position":2,"name":"Sin categorizar","item":"https:\/\/www.cde.ual.es\/category\/sin-categorizar\/"},{"@type":"ListItem","position":3,"name":"Evento Europeo de la Juventud 2018. Parlamento Europeo"}]},{"@type":"WebSite","@id":"https:\/\/www.cde.ual.es\/#website","url":"https:\/\/www.cde.ual.es\/","name":"CDE Almer\u00eda - Centro de Documentaci\u00f3n Europea - Universidad de Almer\u00eda","description":"Centro de Documentaci\u00f3n Europea de la Universidad de Almer\u00eda","publisher":{"@id":"https:\/\/www.cde.ual.es\/#organization"},"alternateName":"CDE Almer\u00eda","potentialAction":[{"@type":"SearchAction","target":{"@type":"EntryPoint","urlTemplate":"https:\/\/www.cde.ual.es\/?s={search_term_string}"},"query-input":{"@type":"PropertyValueSpecification","valueRequired":true,"valueName":"search_term_string"}}],"inLanguage":"en-US"},{"@type":"Organization","@id":"https:\/\/www.cde.ual.es\/#organization","name":"Centro de Documentaci\u00f3n Europea de Almer\u00eda","url":"https:\/\/www.cde.ual.es\/","logo":{"@type":"ImageObject","inLanguage":"en-US","@id":"https:\/\/www.cde.ual.es\/#\/schema\/logo\/image\/","url":"https:\/\/www.cde.ual.es\/wp-content\/uploads\/2025\/07\/cde-logo-3.png","contentUrl":"https:\/\/www.cde.ual.es\/wp-content\/uploads\/2025\/07\/cde-logo-3.png","width":1400,"height":300,"caption":"Centro de Documentaci\u00f3n Europea de Almer\u00eda"},"image":{"@id":"https:\/\/www.cde.ual.es\/#\/schema\/logo\/image\/"},"sameAs":["https:\/\/www.facebook.com\/cdeuniversidadalmeria\/","https:\/\/x.com\/cdeualmeria","https:\/\/www.tiktok.com\/@cdealmeria","https:\/\/www.instagram.com\/cdealmeria\/","https:\/\/www.linkedin.com\/in\/cde-almera-812b26a9\/"]},{"@type":"Person","@id":"https:\/\/www.cde.ual.es\/#\/schema\/person\/224ef08c8bcc005f319d2713ce37ee5f","name":"AdminCDE","image":{"@type":"ImageObject","inLanguage":"en-US","@id":"https:\/\/secure.gravatar.com\/avatar\/a72d038d371f995cd13706fac32274b7952a52e8fb0a84b5f80c85426f2a98a8?s=96&d=mm&r=g","url":"https:\/\/secure.gravatar.com\/avatar\/a72d038d371f995cd13706fac32274b7952a52e8fb0a84b5f80c85426f2a98a8?s=96&d=mm&r=g","contentUrl":"https:\/\/secure.gravatar.com\/avatar\/a72d038d371f995cd13706fac32274b7952a52e8fb0a84b5f80c85426f2a98a8?s=96&d=mm&r=g","caption":"AdminCDE"}}]}},"_links":{"self":[{"href":"https:\/\/www.cde.ual.es\/en\/wp-json\/wp\/v2\/posts\/2324","targetHints":{"allow":["GET"]}}],"collection":[{"href":"https:\/\/www.cde.ual.es\/en\/wp-json\/wp\/v2\/posts"}],"about":[{"href":"https:\/\/www.cde.ual.es\/en\/wp-json\/wp\/v2\/types\/post"}],"author":[{"embeddable":true,"href":"https:\/\/www.cde.ual.es\/en\/wp-json\/wp\/v2\/users\/1"}],"replies":[{"embeddable":true,"href":"https:\/\/www.cde.ual.es\/en\/wp-json\/wp\/v2\/comments?post=2324"}],"version-history":[{"count":0,"href":"https:\/\/www.cde.ual.es\/en\/wp-json\/wp\/v2\/posts\/2324\/revisions"}],"wp:attachment":[{"href":"https:\/\/www.cde.ual.es\/en\/wp-json\/wp\/v2\/media?parent=2324"}],"wp:term":[{"taxonomy":"category","embeddable":true,"href":"https:\/\/www.cde.ual.es\/en\/wp-json\/wp\/v2\/categories?post=2324"},{"taxonomy":"post_tag","embeddable":true,"href":"https:\/\/www.cde.ual.es\/en\/wp-json\/wp\/v2\/tags?post=2324"}],"curies":[{"name":"wp","href":"https:\/\/api.w.org\/{rel}","templated":true}]}}