{"id":21638,"date":"2019-07-09T08:00:47","date_gmt":"2019-07-09T06:00:47","guid":{"rendered":"https:\/\/www.cde.ual.es\/?p=21638"},"modified":"2019-07-10T13:54:57","modified_gmt":"2019-07-10T11:54:57","slug":"21st-eu-ukraine-summit-kicks-off-in-kyiv","status":"publish","type":"post","link":"https:\/\/www.cde.ual.es\/en\/21st-eu-ukraine-summit-kicks-off-in-kyiv\/","title":{"rendered":"21st EU-Ukraine Summit: moving forward together in solidarity"},"content":{"rendered":"<p style=\"text-align: center;\"><a href=\"https:\/\/www.cde.ual.es\/wp-content\/uploads\/2019\/07\/Kiev.jpg\"><img decoding=\"async\" class=\"size-medium wp-image-21635 aligncenter\" src=\"https:\/\/www.cde.ual.es\/wp-content\/uploads\/2019\/07\/Kiev-300x200.jpg\" alt=\"\" width=\"300\" height=\"200\" srcset=\"https:\/\/www.cde.ual.es\/wp-content\/uploads\/2019\/07\/Kiev-300x200.jpg 300w, https:\/\/www.cde.ual.es\/wp-content\/uploads\/2019\/07\/Kiev-768x512.jpg 768w, https:\/\/www.cde.ual.es\/wp-content\/uploads\/2019\/07\/Kiev.jpg 960w\" sizes=\"(max-width: 300px) 100vw, 300px\" \/><\/a><\/p>\n<p><em><strong>The 21st bilateral summit between the European Union and Ukraine took place in Kyiv yesterday afternoon, with Ukraine&#8217;s progress in its reform path, supported by the European Union, high on the agenda. <\/strong><\/em><\/p>\n<p>The summit is the first since the new President of Ukraine, Volodymyr Zelenskyy, took office on 20 May, and follows his visit to Brussels \u2013 his first trip as President &#8211; on 4-5 June. The European Union will be represented at the summit by the President of the European Commission, Jean-Claude\u00a0<strong>Juncker<\/strong>, and the President of the European Council, Donald Tusk.<\/p>\n<p>The EU High Representative for Foreign Affairs and Security Policy\/Vice-President of the European Commission, Federica\u00a0<strong>Mogherini<\/strong>, and the Commissioner for European Neighbourhood Policy and Enlargement Negotiations, Johannes\u00a0<strong>Hahn<\/strong>, also participated. Leaders\u00a0 discussed the next steps in the implementation of the Association Agreement, including its Deep and Comprehensive Free Trade Area.<\/p>\n<p>They also discussed the conflict in eastern Ukraine, the implementation of the Minsk agreement, the consequences of the illegal annexation of Crimea and Sevastopol by the Russian Federation, and regional and foreign policy issues.<\/p>\n<h3>Funds<\/h3>\n<p>The European Union, together with the European Financial Institutions, has already mobilised \u20ac15 billion in support of Ukraine&#8217;s reform process since 2014. Further tangible support is expected to be announced at the summit, including in relation to decentralisation, fighting corruption, the energy sector, further empowering civil society, mine action and psychosocial support, and support to the local economy and communities in the Sea of Azov region.<\/p>\n<h3><strong>Macro-Financial Assistance to Ukraine<\/strong><\/h3>\n<p>At the Summit, both parties stressed the importance for Ukraine to maintain macro-economic stability and keeping the International Monetary Fund programme on track. Under the current \u2013 fourth \u2013 Macro-Financial Assistance programme, the European Commission disbursed \u20ac500 million to Ukraine in December 2018. With this disbursement, the total Macro-Financial Assistance extended to Ukraine by the EU since 2014 has reached \u20ac3.3 billion \u2013 the largest amount of such assistance directed at any non-EU country. The EU stands ready to disburse the second tranche (\u20ac500 million) of the current Macro-Financial Assistance programme once the country has implemented the agreed reform measures linked to this tranche.<\/p>\n<h3><strong>Sectorial cooperation<\/strong><\/h3>\n<p>The Summit welcomed the adoption of the updated\u00a0<strong>energy<\/strong>\u00a0annex of the Association Agreement. The annex lists parts of the\u00a0<em>EU acquis<\/em>\u00a0which Ukraine commits to approximating with. This will in turn increase gradual market integration and enhance energy security.<\/p>\n<p>In light of Ukraine&#8217;s commitment under the\u00a0<strong>telecom<\/strong>\u00a0annex of the Association Agreement, the European Commission will be sending a team to assess Ukraine&#8217;s legislative and institutional capacity.<\/p>\n<p>The\u00a0<strong>Deep and Comprehensive Free Trade Area<\/strong>\u00a0has supported the increase of bilateral trade by 49% since the start of its application in January 2016. In addition to the measures foreseen in the Deep and Comprehensive Free Trade Area of the Association Agreement, the Autonomous Trade Measures for Ukraine in place since October 2017 for several Ukrainian industrial goods and agricultural products have helped to improve access for Ukrainian exporters to the EU market.<\/p>\n<p>In line with the increased participation of Ukraine in EU programmes, Ukraine is now one of the largest bene\ufb01ciaries of the\u00a0<strong>Erasmus+<\/strong>programme in the Eastern Partnership region.<\/p>\n<p>The Summit participants also touched upon on the need to counter disproportionate influence of vested domestic interests in the\u00a0<strong>media<\/strong>sector. The EU highlighted the important role that the Public Service Broadcasting plays in providing independent media content and underlined the importance of providing it with sufficient resources.<\/p>\n<h3>For more information<\/h3>\n<p><a href=\"https:\/\/ec.europa.eu\/commission\/presscorner\/detail\/en\/speech_19_3909\">Remarks of the President of the European Commission Jean-Claude Juncker at the EU-Ukraine Summit joint press conference<\/a><\/p>\n<p><a href=\"http:\/\/europa.eu\/rapid\/press-release_IP-19-3812_en.htm\">The EU steps-up its support to the Sea of Azov region<\/a><\/p>\n<p><a href=\"https:\/\/ec.europa.eu\/neighbourhood-enlargement\/sites\/near\/files\/eu_support_to_the_sea_of_azov_region.pdf\">Factsheet on EU support to the Sea of Azov region<\/a><\/p>\n<p><a href=\"http:\/\/europa.eu\/rapid\/press-release_IP-19-3811_en.htm\">EU provides additional support to decentralisation, fight against corruption, empowerment of civil society and accountable and efficient governance in Ukraine EU-Ukraine Summit website<\/a><\/p>\n<p><a href=\"https:\/\/eeas.europa.eu\/headquarters\/headquarters-Homepage\/4081\/eu-ukraine-relations-factsheet_en\">EU-Ukraine relations factsheet<\/a><\/p>\n<p><a href=\"https:\/\/eeas.europa.eu\/delegations\/ukraine_en\">EU Delegation in Ukraine website<\/a><\/p>\n<p><a href=\"https:\/\/ec.europa.eu\/neighbourhood-enlargement\/neighbourhood\/countries\/ukraine\/sgua_en\">European Commission Support Group for Ukraine website<\/a><\/p>\n<p><a href=\"http:\/\/ec.europa.eu\/trade\/policy\/countries-and-regions\/countries\/ukraine\/\">EU-Ukraine Trade relations website<\/a><\/p>\n","protected":false},"excerpt":{"rendered":"<p>The 21st bilateral summit between the European Union and Ukraine took place in Kyiv yesterday afternoon, with Ukraine&#8217;s progress in its reform path, supported by the European Union, high on the agenda. The summit is the first since the new President of Ukraine, Volodymyr Zelenskyy, took office on 20 May, and follows his visit to [&hellip;]<\/p>\n","protected":false},"author":1,"featured_media":21635,"comment_status":"open","ping_status":"open","sticky":false,"template":"","format":"standard","meta":{"_acf_changed":false,"_relevanssi_hide_post":"","_relevanssi_hide_content":"","_relevanssi_pin_for_all":"","_relevanssi_pin_keywords":"","_relevanssi_unpin_keywords":"","_relevanssi_related_keywords":"","_relevanssi_related_include_ids":"","_relevanssi_related_exclude_ids":"","_relevanssi_related_no_append":"","_relevanssi_related_not_related":"","_relevanssi_related_posts":"","_relevanssi_noindex_reason":"","_monsterinsights_skip_tracking":false,"_monsterinsights_sitenote_active":false,"_monsterinsights_sitenote_note":"","_monsterinsights_sitenote_category":0,"_genesis_hide_title":false,"_genesis_hide_breadcrumbs":false,"_genesis_hide_singular_image":false,"_genesis_hide_footer_widgets":false,"_genesis_custom_body_class":"","_genesis_custom_post_class":"","_genesis_layout":"","footnotes":""},"categories":[346],"tags":[440],"class_list":{"0":"post-21638","1":"post","2":"type-post","3":"status-publish","4":"format-standard","5":"has-post-thumbnail","7":"category-eu-news","8":"tag-international-affairs","9":"entry"},"acf":[],"yoast_head":"<!-- This site is optimized with the Yoast SEO plugin v27.4 - https:\/\/yoast.com\/product\/yoast-seo-wordpress\/ -->\n<title>21st EU-Ukraine Summit: moving forward together in solidarity | CDE Almer\u00eda - Centro de Documentaci\u00f3n Europea - Universidad de Almer\u00eda<\/title>\n<meta name=\"robots\" content=\"index, follow, max-snippet:-1, max-image-preview:large, max-video-preview:-1\" \/>\n<link rel=\"canonical\" href=\"https:\/\/www.cde.ual.es\/en\/21st-eu-ukraine-summit-kicks-off-in-kyiv\/\" \/>\n<meta property=\"og:locale\" content=\"en_US\" \/>\n<meta property=\"og:type\" content=\"article\" \/>\n<meta property=\"og:title\" content=\"21st EU-Ukraine Summit: moving forward together in solidarity | CDE Almer\u00eda - Centro de Documentaci\u00f3n Europea - Universidad de Almer\u00eda\" \/>\n<meta property=\"og:description\" content=\"The 21st bilateral summit between the European Union and Ukraine took place in Kyiv yesterday afternoon, with Ukraine&#8217;s progress in its reform path, supported by the European Union, high on the agenda. The summit is the first since the new President of Ukraine, Volodymyr Zelenskyy, took office on 20 May, and follows his visit to [&hellip;]\" \/>\n<meta property=\"og:url\" content=\"https:\/\/www.cde.ual.es\/en\/21st-eu-ukraine-summit-kicks-off-in-kyiv\/\" \/>\n<meta property=\"og:site_name\" content=\"CDE Almer\u00eda - Centro de Documentaci\u00f3n Europea - Universidad de Almer\u00eda\" \/>\n<meta property=\"article:publisher\" content=\"https:\/\/www.facebook.com\/cdeuniversidadalmeria\/\" \/>\n<meta property=\"article:published_time\" content=\"2019-07-09T06:00:47+00:00\" \/>\n<meta property=\"article:modified_time\" content=\"2019-07-10T11:54:57+00:00\" \/>\n<meta property=\"og:image\" content=\"https:\/\/www.cde.ual.es\/wp-content\/uploads\/2019\/07\/Kiev.jpg\" \/>\n\t<meta property=\"og:image:width\" content=\"960\" \/>\n\t<meta property=\"og:image:height\" content=\"640\" \/>\n\t<meta property=\"og:image:type\" content=\"image\/jpeg\" \/>\n<meta name=\"author\" content=\"AdminCDE\" \/>\n<meta name=\"twitter:card\" content=\"summary_large_image\" \/>\n<meta name=\"twitter:creator\" content=\"@cdeualmeria\" \/>\n<meta name=\"twitter:site\" content=\"@cdeualmeria\" \/>\n<meta name=\"twitter:label1\" content=\"Written by\" \/>\n\t<meta name=\"twitter:data1\" content=\"AdminCDE\" \/>\n\t<meta name=\"twitter:label2\" content=\"Est. reading time\" \/>\n\t<meta name=\"twitter:data2\" content=\"3 minutes\" \/>\n<script type=\"application\/ld+json\" class=\"yoast-schema-graph\">{\"@context\":\"https:\\\/\\\/schema.org\",\"@graph\":[{\"@type\":\"Article\",\"@id\":\"https:\\\/\\\/www.cde.ual.es\\\/en\\\/21st-eu-ukraine-summit-kicks-off-in-kyiv\\\/#article\",\"isPartOf\":{\"@id\":\"https:\\\/\\\/www.cde.ual.es\\\/en\\\/21st-eu-ukraine-summit-kicks-off-in-kyiv\\\/\"},\"author\":{\"name\":\"AdminCDE\",\"@id\":\"https:\\\/\\\/www.cde.ual.es\\\/#\\\/schema\\\/person\\\/224ef08c8bcc005f319d2713ce37ee5f\"},\"headline\":\"21st EU-Ukraine Summit: moving forward together in solidarity\",\"datePublished\":\"2019-07-09T06:00:47+00:00\",\"dateModified\":\"2019-07-10T11:54:57+00:00\",\"mainEntityOfPage\":{\"@id\":\"https:\\\/\\\/www.cde.ual.es\\\/en\\\/21st-eu-ukraine-summit-kicks-off-in-kyiv\\\/\"},\"wordCount\":653,\"commentCount\":0,\"publisher\":{\"@id\":\"https:\\\/\\\/www.cde.ual.es\\\/#organization\"},\"image\":{\"@id\":\"https:\\\/\\\/www.cde.ual.es\\\/en\\\/21st-eu-ukraine-summit-kicks-off-in-kyiv\\\/#primaryimage\"},\"thumbnailUrl\":\"https:\\\/\\\/www.cde.ual.es\\\/wp-content\\\/uploads\\\/2019\\\/07\\\/Kiev.jpg\",\"keywords\":[\"International Affairs\"],\"articleSection\":[\"EU News\"],\"inLanguage\":\"en-US\",\"potentialAction\":[{\"@type\":\"CommentAction\",\"name\":\"Comment\",\"target\":[\"https:\\\/\\\/www.cde.ual.es\\\/en\\\/21st-eu-ukraine-summit-kicks-off-in-kyiv\\\/#respond\"]}]},{\"@type\":\"WebPage\",\"@id\":\"https:\\\/\\\/www.cde.ual.es\\\/en\\\/21st-eu-ukraine-summit-kicks-off-in-kyiv\\\/\",\"url\":\"https:\\\/\\\/www.cde.ual.es\\\/en\\\/21st-eu-ukraine-summit-kicks-off-in-kyiv\\\/\",\"name\":\"21st EU-Ukraine Summit: moving forward together in solidarity | CDE Almer\u00eda - Centro de Documentaci\u00f3n Europea - Universidad de Almer\u00eda\",\"isPartOf\":{\"@id\":\"https:\\\/\\\/www.cde.ual.es\\\/#website\"},\"primaryImageOfPage\":{\"@id\":\"https:\\\/\\\/www.cde.ual.es\\\/en\\\/21st-eu-ukraine-summit-kicks-off-in-kyiv\\\/#primaryimage\"},\"image\":{\"@id\":\"https:\\\/\\\/www.cde.ual.es\\\/en\\\/21st-eu-ukraine-summit-kicks-off-in-kyiv\\\/#primaryimage\"},\"thumbnailUrl\":\"https:\\\/\\\/www.cde.ual.es\\\/wp-content\\\/uploads\\\/2019\\\/07\\\/Kiev.jpg\",\"datePublished\":\"2019-07-09T06:00:47+00:00\",\"dateModified\":\"2019-07-10T11:54:57+00:00\",\"breadcrumb\":{\"@id\":\"https:\\\/\\\/www.cde.ual.es\\\/en\\\/21st-eu-ukraine-summit-kicks-off-in-kyiv\\\/#breadcrumb\"},\"inLanguage\":\"en-US\",\"potentialAction\":[{\"@type\":\"ReadAction\",\"target\":[\"https:\\\/\\\/www.cde.ual.es\\\/en\\\/21st-eu-ukraine-summit-kicks-off-in-kyiv\\\/\"]}]},{\"@type\":\"ImageObject\",\"inLanguage\":\"en-US\",\"@id\":\"https:\\\/\\\/www.cde.ual.es\\\/en\\\/21st-eu-ukraine-summit-kicks-off-in-kyiv\\\/#primaryimage\",\"url\":\"https:\\\/\\\/www.cde.ual.es\\\/wp-content\\\/uploads\\\/2019\\\/07\\\/Kiev.jpg\",\"contentUrl\":\"https:\\\/\\\/www.cde.ual.es\\\/wp-content\\\/uploads\\\/2019\\\/07\\\/Kiev.jpg\",\"width\":960,\"height\":640},{\"@type\":\"BreadcrumbList\",\"@id\":\"https:\\\/\\\/www.cde.ual.es\\\/en\\\/21st-eu-ukraine-summit-kicks-off-in-kyiv\\\/#breadcrumb\",\"itemListElement\":[{\"@type\":\"ListItem\",\"position\":1,\"name\":\"Inicio\",\"item\":\"https:\\\/\\\/www.cde.ual.es\\\/en\\\/\"},{\"@type\":\"ListItem\",\"position\":2,\"name\":\"EU News\",\"item\":\"https:\\\/\\\/www.cde.ual.es\\\/en\\\/category\\\/eu-news\\\/\"},{\"@type\":\"ListItem\",\"position\":3,\"name\":\"21st EU-Ukraine Summit: moving forward together in solidarity\"}]},{\"@type\":\"WebSite\",\"@id\":\"https:\\\/\\\/www.cde.ual.es\\\/#website\",\"url\":\"https:\\\/\\\/www.cde.ual.es\\\/\",\"name\":\"CDE Almer\u00eda - Centro de Documentaci\u00f3n Europea - Universidad de Almer\u00eda\",\"description\":\"Centro de Documentaci\u00f3n Europea de la Universidad de Almer\u00eda\",\"publisher\":{\"@id\":\"https:\\\/\\\/www.cde.ual.es\\\/#organization\"},\"alternateName\":\"CDE Almer\u00eda\",\"potentialAction\":[{\"@type\":\"SearchAction\",\"target\":{\"@type\":\"EntryPoint\",\"urlTemplate\":\"https:\\\/\\\/www.cde.ual.es\\\/?s={search_term_string}\"},\"query-input\":{\"@type\":\"PropertyValueSpecification\",\"valueRequired\":true,\"valueName\":\"search_term_string\"}}],\"inLanguage\":\"en-US\"},{\"@type\":\"Organization\",\"@id\":\"https:\\\/\\\/www.cde.ual.es\\\/#organization\",\"name\":\"Centro de Documentaci\u00f3n Europea de Almer\u00eda\",\"url\":\"https:\\\/\\\/www.cde.ual.es\\\/\",\"logo\":{\"@type\":\"ImageObject\",\"inLanguage\":\"en-US\",\"@id\":\"https:\\\/\\\/www.cde.ual.es\\\/#\\\/schema\\\/logo\\\/image\\\/\",\"url\":\"https:\\\/\\\/www.cde.ual.es\\\/wp-content\\\/uploads\\\/2025\\\/07\\\/cde-logo-3.png\",\"contentUrl\":\"https:\\\/\\\/www.cde.ual.es\\\/wp-content\\\/uploads\\\/2025\\\/07\\\/cde-logo-3.png\",\"width\":1400,\"height\":300,\"caption\":\"Centro de Documentaci\u00f3n Europea de Almer\u00eda\"},\"image\":{\"@id\":\"https:\\\/\\\/www.cde.ual.es\\\/#\\\/schema\\\/logo\\\/image\\\/\"},\"sameAs\":[\"https:\\\/\\\/www.facebook.com\\\/cdeuniversidadalmeria\\\/\",\"https:\\\/\\\/x.com\\\/cdeualmeria\",\"https:\\\/\\\/www.tiktok.com\\\/@cdealmeria\",\"https:\\\/\\\/www.instagram.com\\\/cdealmeria\\\/\",\"https:\\\/\\\/www.linkedin.com\\\/in\\\/cde-almera-812b26a9\\\/\"]},{\"@type\":\"Person\",\"@id\":\"https:\\\/\\\/www.cde.ual.es\\\/#\\\/schema\\\/person\\\/224ef08c8bcc005f319d2713ce37ee5f\",\"name\":\"AdminCDE\",\"image\":{\"@type\":\"ImageObject\",\"inLanguage\":\"en-US\",\"@id\":\"https:\\\/\\\/secure.gravatar.com\\\/avatar\\\/a72d038d371f995cd13706fac32274b7952a52e8fb0a84b5f80c85426f2a98a8?s=96&d=mm&r=g\",\"url\":\"https:\\\/\\\/secure.gravatar.com\\\/avatar\\\/a72d038d371f995cd13706fac32274b7952a52e8fb0a84b5f80c85426f2a98a8?s=96&d=mm&r=g\",\"contentUrl\":\"https:\\\/\\\/secure.gravatar.com\\\/avatar\\\/a72d038d371f995cd13706fac32274b7952a52e8fb0a84b5f80c85426f2a98a8?s=96&d=mm&r=g\",\"caption\":\"AdminCDE\"}}]}<\/script>\n<!-- \/ Yoast SEO plugin. -->","yoast_head_json":{"title":"21st EU-Ukraine Summit: moving forward together in solidarity | CDE Almer\u00eda - Centro de Documentaci\u00f3n Europea - Universidad de Almer\u00eda","robots":{"index":"index","follow":"follow","max-snippet":"max-snippet:-1","max-image-preview":"max-image-preview:large","max-video-preview":"max-video-preview:-1"},"canonical":"https:\/\/www.cde.ual.es\/en\/21st-eu-ukraine-summit-kicks-off-in-kyiv\/","og_locale":"en_US","og_type":"article","og_title":"21st EU-Ukraine Summit: moving forward together in solidarity | CDE Almer\u00eda - Centro de Documentaci\u00f3n Europea - Universidad de Almer\u00eda","og_description":"The 21st bilateral summit between the European Union and Ukraine took place in Kyiv yesterday afternoon, with Ukraine&#8217;s progress in its reform path, supported by the European Union, high on the agenda. The summit is the first since the new President of Ukraine, Volodymyr Zelenskyy, took office on 20 May, and follows his visit to [&hellip;]","og_url":"https:\/\/www.cde.ual.es\/en\/21st-eu-ukraine-summit-kicks-off-in-kyiv\/","og_site_name":"CDE Almer\u00eda - Centro de Documentaci\u00f3n Europea - Universidad de Almer\u00eda","article_publisher":"https:\/\/www.facebook.com\/cdeuniversidadalmeria\/","article_published_time":"2019-07-09T06:00:47+00:00","article_modified_time":"2019-07-10T11:54:57+00:00","og_image":[{"width":960,"height":640,"url":"https:\/\/www.cde.ual.es\/wp-content\/uploads\/2019\/07\/Kiev.jpg","type":"image\/jpeg"}],"author":"AdminCDE","twitter_card":"summary_large_image","twitter_creator":"@cdeualmeria","twitter_site":"@cdeualmeria","twitter_misc":{"Written by":"AdminCDE","Est. reading time":"3 minutes"},"schema":{"@context":"https:\/\/schema.org","@graph":[{"@type":"Article","@id":"https:\/\/www.cde.ual.es\/en\/21st-eu-ukraine-summit-kicks-off-in-kyiv\/#article","isPartOf":{"@id":"https:\/\/www.cde.ual.es\/en\/21st-eu-ukraine-summit-kicks-off-in-kyiv\/"},"author":{"name":"AdminCDE","@id":"https:\/\/www.cde.ual.es\/#\/schema\/person\/224ef08c8bcc005f319d2713ce37ee5f"},"headline":"21st EU-Ukraine Summit: moving forward together in solidarity","datePublished":"2019-07-09T06:00:47+00:00","dateModified":"2019-07-10T11:54:57+00:00","mainEntityOfPage":{"@id":"https:\/\/www.cde.ual.es\/en\/21st-eu-ukraine-summit-kicks-off-in-kyiv\/"},"wordCount":653,"commentCount":0,"publisher":{"@id":"https:\/\/www.cde.ual.es\/#organization"},"image":{"@id":"https:\/\/www.cde.ual.es\/en\/21st-eu-ukraine-summit-kicks-off-in-kyiv\/#primaryimage"},"thumbnailUrl":"https:\/\/www.cde.ual.es\/wp-content\/uploads\/2019\/07\/Kiev.jpg","keywords":["International Affairs"],"articleSection":["EU News"],"inLanguage":"en-US","potentialAction":[{"@type":"CommentAction","name":"Comment","target":["https:\/\/www.cde.ual.es\/en\/21st-eu-ukraine-summit-kicks-off-in-kyiv\/#respond"]}]},{"@type":"WebPage","@id":"https:\/\/www.cde.ual.es\/en\/21st-eu-ukraine-summit-kicks-off-in-kyiv\/","url":"https:\/\/www.cde.ual.es\/en\/21st-eu-ukraine-summit-kicks-off-in-kyiv\/","name":"21st EU-Ukraine Summit: moving forward together in solidarity | CDE Almer\u00eda - Centro de Documentaci\u00f3n Europea - Universidad de Almer\u00eda","isPartOf":{"@id":"https:\/\/www.cde.ual.es\/#website"},"primaryImageOfPage":{"@id":"https:\/\/www.cde.ual.es\/en\/21st-eu-ukraine-summit-kicks-off-in-kyiv\/#primaryimage"},"image":{"@id":"https:\/\/www.cde.ual.es\/en\/21st-eu-ukraine-summit-kicks-off-in-kyiv\/#primaryimage"},"thumbnailUrl":"https:\/\/www.cde.ual.es\/wp-content\/uploads\/2019\/07\/Kiev.jpg","datePublished":"2019-07-09T06:00:47+00:00","dateModified":"2019-07-10T11:54:57+00:00","breadcrumb":{"@id":"https:\/\/www.cde.ual.es\/en\/21st-eu-ukraine-summit-kicks-off-in-kyiv\/#breadcrumb"},"inLanguage":"en-US","potentialAction":[{"@type":"ReadAction","target":["https:\/\/www.cde.ual.es\/en\/21st-eu-ukraine-summit-kicks-off-in-kyiv\/"]}]},{"@type":"ImageObject","inLanguage":"en-US","@id":"https:\/\/www.cde.ual.es\/en\/21st-eu-ukraine-summit-kicks-off-in-kyiv\/#primaryimage","url":"https:\/\/www.cde.ual.es\/wp-content\/uploads\/2019\/07\/Kiev.jpg","contentUrl":"https:\/\/www.cde.ual.es\/wp-content\/uploads\/2019\/07\/Kiev.jpg","width":960,"height":640},{"@type":"BreadcrumbList","@id":"https:\/\/www.cde.ual.es\/en\/21st-eu-ukraine-summit-kicks-off-in-kyiv\/#breadcrumb","itemListElement":[{"@type":"ListItem","position":1,"name":"Inicio","item":"https:\/\/www.cde.ual.es\/en\/"},{"@type":"ListItem","position":2,"name":"EU News","item":"https:\/\/www.cde.ual.es\/en\/category\/eu-news\/"},{"@type":"ListItem","position":3,"name":"21st EU-Ukraine Summit: moving forward together in solidarity"}]},{"@type":"WebSite","@id":"https:\/\/www.cde.ual.es\/#website","url":"https:\/\/www.cde.ual.es\/","name":"CDE Almer\u00eda - Centro de Documentaci\u00f3n Europea - Universidad de Almer\u00eda","description":"Centro de Documentaci\u00f3n Europea de la Universidad de Almer\u00eda","publisher":{"@id":"https:\/\/www.cde.ual.es\/#organization"},"alternateName":"CDE Almer\u00eda","potentialAction":[{"@type":"SearchAction","target":{"@type":"EntryPoint","urlTemplate":"https:\/\/www.cde.ual.es\/?s={search_term_string}"},"query-input":{"@type":"PropertyValueSpecification","valueRequired":true,"valueName":"search_term_string"}}],"inLanguage":"en-US"},{"@type":"Organization","@id":"https:\/\/www.cde.ual.es\/#organization","name":"Centro de Documentaci\u00f3n Europea de Almer\u00eda","url":"https:\/\/www.cde.ual.es\/","logo":{"@type":"ImageObject","inLanguage":"en-US","@id":"https:\/\/www.cde.ual.es\/#\/schema\/logo\/image\/","url":"https:\/\/www.cde.ual.es\/wp-content\/uploads\/2025\/07\/cde-logo-3.png","contentUrl":"https:\/\/www.cde.ual.es\/wp-content\/uploads\/2025\/07\/cde-logo-3.png","width":1400,"height":300,"caption":"Centro de Documentaci\u00f3n Europea de Almer\u00eda"},"image":{"@id":"https:\/\/www.cde.ual.es\/#\/schema\/logo\/image\/"},"sameAs":["https:\/\/www.facebook.com\/cdeuniversidadalmeria\/","https:\/\/x.com\/cdeualmeria","https:\/\/www.tiktok.com\/@cdealmeria","https:\/\/www.instagram.com\/cdealmeria\/","https:\/\/www.linkedin.com\/in\/cde-almera-812b26a9\/"]},{"@type":"Person","@id":"https:\/\/www.cde.ual.es\/#\/schema\/person\/224ef08c8bcc005f319d2713ce37ee5f","name":"AdminCDE","image":{"@type":"ImageObject","inLanguage":"en-US","@id":"https:\/\/secure.gravatar.com\/avatar\/a72d038d371f995cd13706fac32274b7952a52e8fb0a84b5f80c85426f2a98a8?s=96&d=mm&r=g","url":"https:\/\/secure.gravatar.com\/avatar\/a72d038d371f995cd13706fac32274b7952a52e8fb0a84b5f80c85426f2a98a8?s=96&d=mm&r=g","contentUrl":"https:\/\/secure.gravatar.com\/avatar\/a72d038d371f995cd13706fac32274b7952a52e8fb0a84b5f80c85426f2a98a8?s=96&d=mm&r=g","caption":"AdminCDE"}}]}},"_links":{"self":[{"href":"https:\/\/www.cde.ual.es\/en\/wp-json\/wp\/v2\/posts\/21638","targetHints":{"allow":["GET"]}}],"collection":[{"href":"https:\/\/www.cde.ual.es\/en\/wp-json\/wp\/v2\/posts"}],"about":[{"href":"https:\/\/www.cde.ual.es\/en\/wp-json\/wp\/v2\/types\/post"}],"author":[{"embeddable":true,"href":"https:\/\/www.cde.ual.es\/en\/wp-json\/wp\/v2\/users\/1"}],"replies":[{"embeddable":true,"href":"https:\/\/www.cde.ual.es\/en\/wp-json\/wp\/v2\/comments?post=21638"}],"version-history":[{"count":0,"href":"https:\/\/www.cde.ual.es\/en\/wp-json\/wp\/v2\/posts\/21638\/revisions"}],"wp:featuredmedia":[{"embeddable":true,"href":"https:\/\/www.cde.ual.es\/en\/wp-json\/wp\/v2\/media\/21635"}],"wp:attachment":[{"href":"https:\/\/www.cde.ual.es\/en\/wp-json\/wp\/v2\/media?parent=21638"}],"wp:term":[{"taxonomy":"category","embeddable":true,"href":"https:\/\/www.cde.ual.es\/en\/wp-json\/wp\/v2\/categories?post=21638"},{"taxonomy":"post_tag","embeddable":true,"href":"https:\/\/www.cde.ual.es\/en\/wp-json\/wp\/v2\/tags?post=21638"}],"curies":[{"name":"wp","href":"https:\/\/api.w.org\/{rel}","templated":true}]}}