{"id":21596,"date":"2019-07-09T08:00:19","date_gmt":"2019-07-09T06:00:19","guid":{"rendered":"https:\/\/www.cde.ual.es\/?p=21596"},"modified":"2019-07-10T13:55:33","modified_gmt":"2019-07-10T11:55:33","slug":"europeans-on-todays-food-issues-new-eu-wide-survey-comes-out","status":"publish","type":"post","link":"https:\/\/www.cde.ual.es\/en\/europeans-on-todays-food-issues-new-eu-wide-survey-comes-out\/","title":{"rendered":"Europeans on today\u2019s food issues: new EU-wide survey comes out"},"content":{"rendered":"<p style=\"text-align: center;\"><a href=\"https:\/\/www.cde.ual.es\/wp-content\/uploads\/2019\/04\/Alimentos.jpg\"><img decoding=\"async\" class=\"alignnone size-medium wp-image-16126\" src=\"https:\/\/www.cde.ual.es\/wp-content\/uploads\/2019\/04\/Alimentos-300x193.jpg\" alt=\"\" width=\"300\" height=\"193\" srcset=\"https:\/\/www.cde.ual.es\/wp-content\/uploads\/2019\/04\/Alimentos-300x193.jpg 300w, https:\/\/www.cde.ual.es\/wp-content\/uploads\/2019\/04\/Alimentos-768x495.jpg 768w, https:\/\/www.cde.ual.es\/wp-content\/uploads\/2019\/04\/Alimentos.jpg 960w\" sizes=\"(max-width: 300px) 100vw, 300px\" \/><\/a><\/p>\n<p><em><strong>Two in 5 Europeans take a personal interest in food safety and only 1 in 5 say it is their main concern when choosing food. For most Europeans it is one of several factors &#8211; together with price, taste, nutrition and food origin \u2013 that influence their eating habits and food choices.<\/strong><\/em><\/p>\n<p>These are some of the many insights from a new Eurobarometer survey by EFSA, published last 8th of July on\u00a0<a href=\"https:\/\/www.efsa.europa.eu\/en\/press\/news\/190607-0\">the first ever World Food Safety Day<\/a>.<\/p>\n<p>World Food Safety Day gives \u201cconsumers, producers and governments a chance to focus on an issue that is often taken for granted\u201d according to the United Nations. Our survey results suggest that most Europeans (55%) have a high level of awareness of food safety topics and two-thirds have changed their behaviour as a result of receiving information about food safety issues.<\/p>\n<h3 class=\"topicH2\">First EU food safety survey since 2010<\/h3>\n<p>The 2019 survey was developed together with EU Member States to take on board new perspectives and ensure closer contact with citizens. It still allows some useful comparisons with previous surveys.<\/p>\n<h3 class=\"topicH2\">No single over-riding safety concern<\/h3>\n<p>When food safety is a factor, there is no single concern that predominates in all EU countries. However, there are three issues that surface most frequently in 20 EU Member States or more: the misuse of antibiotics, hormones and steroids in farm animals (44%), pesticide residues in food (39%), and food additives (36%).<\/p>\n<p>These were also among the main concerns reported in the 2010 Eurobarometer on food safety. Yet, Europeans seem less concerned than they were before about issues such as GMOs and new issues such as microplastics have appeared on the food safety radar for the first time.<\/p>\n<h3 class=\"topicH2\">Information and trust<\/h3>\n<p>For World Food Safety Day, the UN agencies have highlighted the trust citizens place on governments and producers to keep food safe.<\/p>\n<p>In Europe, scientists (82% &#8211; an increase from 73% in 2010), consumer organisations (79%) and farmers (69%) enjoy the highest levels of trust among Europeans when it comes to information on food risks.<\/p>\n<p>Trust in both national authorities (60%) and European Union institutions (58%) are quite high and in line with the 2010 results. However, the report shows that Europeans have quite limited understanding of how the EU food safety system works.<\/p>\n<p>As in 2010, television is the main source of information about food risks for seven in ten of all Europeans. But, whereas more younger people turn to social media after TV (45% of 15-24-year olds), older people opt for traditional sources such as newspapers (46%) and radio (30%).<\/p>\n<h3 class=\"topicH2\">Selected results from the Eurobarometer survey<\/h3>\n<ul>\n<li>The most important factors for Europeans when buying food are where the food comes from (53%), cost (51%), food safety (50%) and taste (49%). Nutritional content is slightly less important (44%), while ethics and beliefs rank lowest (19%). Overall, 41% of respondents say that they are \u2018personally interested in the topic of food safety\u2019. Just over one fifth of Europeans (22%) say that safety is their main concern when choosing food.<\/li>\n<li>Two-thirds of Europeans (66%) have changed their consumption after receiving information about a food risk. For 33% the change was permanent; for the other 33% only for a while.<\/li>\n<li>Changes in consumption behaviour are more common among women, those in the middle age bands, and those with higher levels of education.<\/li>\n<li>The most frequently cited concerns are \u2018antibiotic, hormone or steroid residues in meat\u2019 (44%), \u2018pesticide residues in food\u2019 (39%), \u2018environmental pollutants in fish, meat or dairy\u2019 (37%) and \u2018additives like colours, preservatives or flavourings used in food or drinks\u2019 (36%).<\/li>\n<li>Trust is highest in scientists (82%) and consumer organisations (79%) for information on food-related risks, followed by farmers (69%), national authorities (60%), EU institutions (58%), NGOs (56%) and journalists (50%). Fewer people trust supermarkets and restaurants (43%), food industries (36%) and celebrities, bloggers and influencers (19%).<\/li>\n<li>Just over 2 in 5 respondents (43%) say that \u2018there are regulations in place to make sure that the food you eat is safe\u2019. Three in ten (28%) know that \u2018to decide how risky something could be for you to eat, the EU relies on scientists to give expert advice\u2019.<\/li>\n<\/ul>\n<h3>For more information<\/h3>\n<ul>\n<li><a href=\"https:\/\/www.efsa.europa.eu\/en\/press\/news\/190607\">Complete news\u00a0<\/a><\/li>\n<li><a href=\"https:\/\/www.efsa.europa.eu\/en\/corporate\/pub\/eurobarometer19\">Eurobarometer 91.3: Report on food safety in the EU<\/a><\/li>\n<li><a href=\"https:\/\/www.efsa.europa.eu\/en\/corporate\/pub\/eurobarometer19\">Factsheets by country (in English and local languages)<\/a><\/li>\n<li><a href=\"https:\/\/www.efsa.europa.eu\/en\/interactive-pages\/eurobarometer-2019\">Maps of food safety concerns across EU countries<\/a><\/li>\n<li><a href=\"https:\/\/www.efsa.europa.eu\/en\/press\/news\/190607-0\">WFSD 2019: \u2018Food safety, everybody\u2019s business\u2019<\/a><\/li>\n<\/ul>\n","protected":false},"excerpt":{"rendered":"<p>Two in 5 Europeans take a personal interest in food safety and only 1 in 5 say it is their main concern when choosing food. For most Europeans it is one of several factors &#8211; together with price, taste, nutrition and food origin \u2013 that influence their eating habits and food choices. These are some [&hellip;]<\/p>\n","protected":false},"author":1,"featured_media":16126,"comment_status":"open","ping_status":"open","sticky":false,"template":"","format":"standard","meta":{"_acf_changed":false,"_relevanssi_hide_post":"","_relevanssi_hide_content":"","_relevanssi_pin_for_all":"","_relevanssi_pin_keywords":"","_relevanssi_unpin_keywords":"","_relevanssi_related_keywords":"","_relevanssi_related_include_ids":"","_relevanssi_related_exclude_ids":"","_relevanssi_related_no_append":"","_relevanssi_related_not_related":"","_relevanssi_related_posts":"","_relevanssi_noindex_reason":"","_monsterinsights_skip_tracking":false,"_monsterinsights_sitenote_active":false,"_monsterinsights_sitenote_note":"","_monsterinsights_sitenote_category":0,"_genesis_hide_title":false,"_genesis_hide_breadcrumbs":false,"_genesis_hide_singular_image":false,"_genesis_hide_footer_widgets":false,"_genesis_custom_body_class":"","_genesis_custom_post_class":"","_genesis_layout":"","footnotes":""},"categories":[346],"tags":[482,437],"class_list":{"0":"post-21596","1":"post","2":"type-post","3":"status-publish","4":"format-standard","5":"has-post-thumbnail","7":"category-eu-news","8":"tag-food-safety","9":"tag-health","10":"entry"},"acf":[],"yoast_head":"<!-- This site is optimized with the Yoast SEO plugin v27.5 - https:\/\/yoast.com\/product\/yoast-seo-wordpress\/ -->\n<title>Europeans on today\u2019s food issues: new EU-wide survey comes out | CDE Almer\u00eda - Centro de Documentaci\u00f3n Europea - Universidad de Almer\u00eda<\/title>\n<meta name=\"robots\" content=\"index, follow, max-snippet:-1, max-image-preview:large, max-video-preview:-1\" \/>\n<link rel=\"canonical\" href=\"https:\/\/www.cde.ual.es\/en\/europeans-on-todays-food-issues-new-eu-wide-survey-comes-out\/\" \/>\n<meta property=\"og:locale\" content=\"en_US\" \/>\n<meta property=\"og:type\" content=\"article\" \/>\n<meta property=\"og:title\" content=\"Europeans on today\u2019s food issues: new EU-wide survey comes out | CDE Almer\u00eda - Centro de Documentaci\u00f3n Europea - Universidad de Almer\u00eda\" \/>\n<meta property=\"og:description\" content=\"Two in 5 Europeans take a personal interest in food safety and only 1 in 5 say it is their main concern when choosing food. For most Europeans it is one of several factors &#8211; together with price, taste, nutrition and food origin \u2013 that influence their eating habits and food choices. These are some [&hellip;]\" \/>\n<meta property=\"og:url\" content=\"https:\/\/www.cde.ual.es\/en\/europeans-on-todays-food-issues-new-eu-wide-survey-comes-out\/\" \/>\n<meta property=\"og:site_name\" content=\"CDE Almer\u00eda - Centro de Documentaci\u00f3n Europea - Universidad de Almer\u00eda\" \/>\n<meta property=\"article:publisher\" content=\"https:\/\/www.facebook.com\/cdeuniversidadalmeria\/\" \/>\n<meta property=\"article:published_time\" content=\"2019-07-09T06:00:19+00:00\" \/>\n<meta property=\"article:modified_time\" content=\"2019-07-10T11:55:33+00:00\" \/>\n<meta property=\"og:image\" content=\"https:\/\/www.cde.ual.es\/wp-content\/uploads\/2019\/04\/Alimentos.jpg\" \/>\n\t<meta property=\"og:image:width\" content=\"960\" \/>\n\t<meta property=\"og:image:height\" content=\"619\" \/>\n\t<meta property=\"og:image:type\" content=\"image\/jpeg\" \/>\n<meta name=\"author\" content=\"AdminCDE\" \/>\n<meta name=\"twitter:card\" content=\"summary_large_image\" \/>\n<meta name=\"twitter:creator\" content=\"@cdeualmeria\" \/>\n<meta name=\"twitter:site\" content=\"@cdeualmeria\" \/>\n<meta name=\"twitter:label1\" content=\"Written by\" \/>\n\t<meta name=\"twitter:data1\" content=\"AdminCDE\" \/>\n\t<meta name=\"twitter:label2\" content=\"Est. reading time\" \/>\n\t<meta name=\"twitter:data2\" content=\"3 minutes\" \/>\n<script type=\"application\/ld+json\" class=\"yoast-schema-graph\">{\"@context\":\"https:\\\/\\\/schema.org\",\"@graph\":[{\"@type\":\"Article\",\"@id\":\"https:\\\/\\\/www.cde.ual.es\\\/en\\\/europeans-on-todays-food-issues-new-eu-wide-survey-comes-out\\\/#article\",\"isPartOf\":{\"@id\":\"https:\\\/\\\/www.cde.ual.es\\\/en\\\/europeans-on-todays-food-issues-new-eu-wide-survey-comes-out\\\/\"},\"author\":{\"name\":\"AdminCDE\",\"@id\":\"https:\\\/\\\/www.cde.ual.es\\\/#\\\/schema\\\/person\\\/224ef08c8bcc005f319d2713ce37ee5f\"},\"headline\":\"Europeans on today\u2019s food issues: new EU-wide survey comes out\",\"datePublished\":\"2019-07-09T06:00:19+00:00\",\"dateModified\":\"2019-07-10T11:55:33+00:00\",\"mainEntityOfPage\":{\"@id\":\"https:\\\/\\\/www.cde.ual.es\\\/en\\\/europeans-on-todays-food-issues-new-eu-wide-survey-comes-out\\\/\"},\"wordCount\":685,\"commentCount\":0,\"publisher\":{\"@id\":\"https:\\\/\\\/www.cde.ual.es\\\/#organization\"},\"image\":{\"@id\":\"https:\\\/\\\/www.cde.ual.es\\\/en\\\/europeans-on-todays-food-issues-new-eu-wide-survey-comes-out\\\/#primaryimage\"},\"thumbnailUrl\":\"https:\\\/\\\/www.cde.ual.es\\\/wp-content\\\/uploads\\\/2019\\\/04\\\/Alimentos.jpg\",\"keywords\":[\"Food Safety\",\"health\"],\"articleSection\":[\"EU News\"],\"inLanguage\":\"en-US\",\"potentialAction\":[{\"@type\":\"CommentAction\",\"name\":\"Comment\",\"target\":[\"https:\\\/\\\/www.cde.ual.es\\\/en\\\/europeans-on-todays-food-issues-new-eu-wide-survey-comes-out\\\/#respond\"]}]},{\"@type\":\"WebPage\",\"@id\":\"https:\\\/\\\/www.cde.ual.es\\\/en\\\/europeans-on-todays-food-issues-new-eu-wide-survey-comes-out\\\/\",\"url\":\"https:\\\/\\\/www.cde.ual.es\\\/en\\\/europeans-on-todays-food-issues-new-eu-wide-survey-comes-out\\\/\",\"name\":\"Europeans on today\u2019s food issues: new EU-wide survey comes out | CDE Almer\u00eda - Centro de Documentaci\u00f3n Europea - Universidad de Almer\u00eda\",\"isPartOf\":{\"@id\":\"https:\\\/\\\/www.cde.ual.es\\\/#website\"},\"primaryImageOfPage\":{\"@id\":\"https:\\\/\\\/www.cde.ual.es\\\/en\\\/europeans-on-todays-food-issues-new-eu-wide-survey-comes-out\\\/#primaryimage\"},\"image\":{\"@id\":\"https:\\\/\\\/www.cde.ual.es\\\/en\\\/europeans-on-todays-food-issues-new-eu-wide-survey-comes-out\\\/#primaryimage\"},\"thumbnailUrl\":\"https:\\\/\\\/www.cde.ual.es\\\/wp-content\\\/uploads\\\/2019\\\/04\\\/Alimentos.jpg\",\"datePublished\":\"2019-07-09T06:00:19+00:00\",\"dateModified\":\"2019-07-10T11:55:33+00:00\",\"breadcrumb\":{\"@id\":\"https:\\\/\\\/www.cde.ual.es\\\/en\\\/europeans-on-todays-food-issues-new-eu-wide-survey-comes-out\\\/#breadcrumb\"},\"inLanguage\":\"en-US\",\"potentialAction\":[{\"@type\":\"ReadAction\",\"target\":[\"https:\\\/\\\/www.cde.ual.es\\\/en\\\/europeans-on-todays-food-issues-new-eu-wide-survey-comes-out\\\/\"]}]},{\"@type\":\"ImageObject\",\"inLanguage\":\"en-US\",\"@id\":\"https:\\\/\\\/www.cde.ual.es\\\/en\\\/europeans-on-todays-food-issues-new-eu-wide-survey-comes-out\\\/#primaryimage\",\"url\":\"https:\\\/\\\/www.cde.ual.es\\\/wp-content\\\/uploads\\\/2019\\\/04\\\/Alimentos.jpg\",\"contentUrl\":\"https:\\\/\\\/www.cde.ual.es\\\/wp-content\\\/uploads\\\/2019\\\/04\\\/Alimentos.jpg\",\"width\":960,\"height\":619},{\"@type\":\"BreadcrumbList\",\"@id\":\"https:\\\/\\\/www.cde.ual.es\\\/en\\\/europeans-on-todays-food-issues-new-eu-wide-survey-comes-out\\\/#breadcrumb\",\"itemListElement\":[{\"@type\":\"ListItem\",\"position\":1,\"name\":\"Inicio\",\"item\":\"https:\\\/\\\/www.cde.ual.es\\\/en\\\/\"},{\"@type\":\"ListItem\",\"position\":2,\"name\":\"EU News\",\"item\":\"https:\\\/\\\/www.cde.ual.es\\\/en\\\/category\\\/eu-news\\\/\"},{\"@type\":\"ListItem\",\"position\":3,\"name\":\"Europeans on today\u2019s food issues: new EU-wide survey comes out\"}]},{\"@type\":\"WebSite\",\"@id\":\"https:\\\/\\\/www.cde.ual.es\\\/#website\",\"url\":\"https:\\\/\\\/www.cde.ual.es\\\/\",\"name\":\"CDE Almer\u00eda - Centro de Documentaci\u00f3n Europea - Universidad de Almer\u00eda\",\"description\":\"Centro de Documentaci\u00f3n Europea de la Universidad de Almer\u00eda\",\"publisher\":{\"@id\":\"https:\\\/\\\/www.cde.ual.es\\\/#organization\"},\"alternateName\":\"CDE Almer\u00eda\",\"potentialAction\":[{\"@type\":\"SearchAction\",\"target\":{\"@type\":\"EntryPoint\",\"urlTemplate\":\"https:\\\/\\\/www.cde.ual.es\\\/?s={search_term_string}\"},\"query-input\":{\"@type\":\"PropertyValueSpecification\",\"valueRequired\":true,\"valueName\":\"search_term_string\"}}],\"inLanguage\":\"en-US\"},{\"@type\":\"Organization\",\"@id\":\"https:\\\/\\\/www.cde.ual.es\\\/#organization\",\"name\":\"Centro de Documentaci\u00f3n Europea de Almer\u00eda\",\"url\":\"https:\\\/\\\/www.cde.ual.es\\\/\",\"logo\":{\"@type\":\"ImageObject\",\"inLanguage\":\"en-US\",\"@id\":\"https:\\\/\\\/www.cde.ual.es\\\/#\\\/schema\\\/logo\\\/image\\\/\",\"url\":\"https:\\\/\\\/www.cde.ual.es\\\/wp-content\\\/uploads\\\/2025\\\/07\\\/cde-logo-3.png\",\"contentUrl\":\"https:\\\/\\\/www.cde.ual.es\\\/wp-content\\\/uploads\\\/2025\\\/07\\\/cde-logo-3.png\",\"width\":1400,\"height\":300,\"caption\":\"Centro de Documentaci\u00f3n Europea de Almer\u00eda\"},\"image\":{\"@id\":\"https:\\\/\\\/www.cde.ual.es\\\/#\\\/schema\\\/logo\\\/image\\\/\"},\"sameAs\":[\"https:\\\/\\\/www.facebook.com\\\/cdeuniversidadalmeria\\\/\",\"https:\\\/\\\/x.com\\\/cdeualmeria\",\"https:\\\/\\\/www.tiktok.com\\\/@cdealmeria\",\"https:\\\/\\\/www.instagram.com\\\/cdealmeria\\\/\",\"https:\\\/\\\/www.linkedin.com\\\/in\\\/cde-almera-812b26a9\\\/\"]},{\"@type\":\"Person\",\"@id\":\"https:\\\/\\\/www.cde.ual.es\\\/#\\\/schema\\\/person\\\/224ef08c8bcc005f319d2713ce37ee5f\",\"name\":\"AdminCDE\",\"image\":{\"@type\":\"ImageObject\",\"inLanguage\":\"en-US\",\"@id\":\"https:\\\/\\\/secure.gravatar.com\\\/avatar\\\/a72d038d371f995cd13706fac32274b7952a52e8fb0a84b5f80c85426f2a98a8?s=96&d=mm&r=g\",\"url\":\"https:\\\/\\\/secure.gravatar.com\\\/avatar\\\/a72d038d371f995cd13706fac32274b7952a52e8fb0a84b5f80c85426f2a98a8?s=96&d=mm&r=g\",\"contentUrl\":\"https:\\\/\\\/secure.gravatar.com\\\/avatar\\\/a72d038d371f995cd13706fac32274b7952a52e8fb0a84b5f80c85426f2a98a8?s=96&d=mm&r=g\",\"caption\":\"AdminCDE\"}}]}<\/script>\n<!-- \/ Yoast SEO plugin. -->","yoast_head_json":{"title":"Europeans on today\u2019s food issues: new EU-wide survey comes out | CDE Almer\u00eda - Centro de Documentaci\u00f3n Europea - Universidad de Almer\u00eda","robots":{"index":"index","follow":"follow","max-snippet":"max-snippet:-1","max-image-preview":"max-image-preview:large","max-video-preview":"max-video-preview:-1"},"canonical":"https:\/\/www.cde.ual.es\/en\/europeans-on-todays-food-issues-new-eu-wide-survey-comes-out\/","og_locale":"en_US","og_type":"article","og_title":"Europeans on today\u2019s food issues: new EU-wide survey comes out | CDE Almer\u00eda - Centro de Documentaci\u00f3n Europea - Universidad de Almer\u00eda","og_description":"Two in 5 Europeans take a personal interest in food safety and only 1 in 5 say it is their main concern when choosing food. For most Europeans it is one of several factors &#8211; together with price, taste, nutrition and food origin \u2013 that influence their eating habits and food choices. These are some [&hellip;]","og_url":"https:\/\/www.cde.ual.es\/en\/europeans-on-todays-food-issues-new-eu-wide-survey-comes-out\/","og_site_name":"CDE Almer\u00eda - Centro de Documentaci\u00f3n Europea - Universidad de Almer\u00eda","article_publisher":"https:\/\/www.facebook.com\/cdeuniversidadalmeria\/","article_published_time":"2019-07-09T06:00:19+00:00","article_modified_time":"2019-07-10T11:55:33+00:00","og_image":[{"width":960,"height":619,"url":"https:\/\/www.cde.ual.es\/wp-content\/uploads\/2019\/04\/Alimentos.jpg","type":"image\/jpeg"}],"author":"AdminCDE","twitter_card":"summary_large_image","twitter_creator":"@cdeualmeria","twitter_site":"@cdeualmeria","twitter_misc":{"Written by":"AdminCDE","Est. reading time":"3 minutes"},"schema":{"@context":"https:\/\/schema.org","@graph":[{"@type":"Article","@id":"https:\/\/www.cde.ual.es\/en\/europeans-on-todays-food-issues-new-eu-wide-survey-comes-out\/#article","isPartOf":{"@id":"https:\/\/www.cde.ual.es\/en\/europeans-on-todays-food-issues-new-eu-wide-survey-comes-out\/"},"author":{"name":"AdminCDE","@id":"https:\/\/www.cde.ual.es\/#\/schema\/person\/224ef08c8bcc005f319d2713ce37ee5f"},"headline":"Europeans on today\u2019s food issues: new EU-wide survey comes out","datePublished":"2019-07-09T06:00:19+00:00","dateModified":"2019-07-10T11:55:33+00:00","mainEntityOfPage":{"@id":"https:\/\/www.cde.ual.es\/en\/europeans-on-todays-food-issues-new-eu-wide-survey-comes-out\/"},"wordCount":685,"commentCount":0,"publisher":{"@id":"https:\/\/www.cde.ual.es\/#organization"},"image":{"@id":"https:\/\/www.cde.ual.es\/en\/europeans-on-todays-food-issues-new-eu-wide-survey-comes-out\/#primaryimage"},"thumbnailUrl":"https:\/\/www.cde.ual.es\/wp-content\/uploads\/2019\/04\/Alimentos.jpg","keywords":["Food Safety","health"],"articleSection":["EU News"],"inLanguage":"en-US","potentialAction":[{"@type":"CommentAction","name":"Comment","target":["https:\/\/www.cde.ual.es\/en\/europeans-on-todays-food-issues-new-eu-wide-survey-comes-out\/#respond"]}]},{"@type":"WebPage","@id":"https:\/\/www.cde.ual.es\/en\/europeans-on-todays-food-issues-new-eu-wide-survey-comes-out\/","url":"https:\/\/www.cde.ual.es\/en\/europeans-on-todays-food-issues-new-eu-wide-survey-comes-out\/","name":"Europeans on today\u2019s food issues: new EU-wide survey comes out | CDE Almer\u00eda - Centro de Documentaci\u00f3n Europea - Universidad de Almer\u00eda","isPartOf":{"@id":"https:\/\/www.cde.ual.es\/#website"},"primaryImageOfPage":{"@id":"https:\/\/www.cde.ual.es\/en\/europeans-on-todays-food-issues-new-eu-wide-survey-comes-out\/#primaryimage"},"image":{"@id":"https:\/\/www.cde.ual.es\/en\/europeans-on-todays-food-issues-new-eu-wide-survey-comes-out\/#primaryimage"},"thumbnailUrl":"https:\/\/www.cde.ual.es\/wp-content\/uploads\/2019\/04\/Alimentos.jpg","datePublished":"2019-07-09T06:00:19+00:00","dateModified":"2019-07-10T11:55:33+00:00","breadcrumb":{"@id":"https:\/\/www.cde.ual.es\/en\/europeans-on-todays-food-issues-new-eu-wide-survey-comes-out\/#breadcrumb"},"inLanguage":"en-US","potentialAction":[{"@type":"ReadAction","target":["https:\/\/www.cde.ual.es\/en\/europeans-on-todays-food-issues-new-eu-wide-survey-comes-out\/"]}]},{"@type":"ImageObject","inLanguage":"en-US","@id":"https:\/\/www.cde.ual.es\/en\/europeans-on-todays-food-issues-new-eu-wide-survey-comes-out\/#primaryimage","url":"https:\/\/www.cde.ual.es\/wp-content\/uploads\/2019\/04\/Alimentos.jpg","contentUrl":"https:\/\/www.cde.ual.es\/wp-content\/uploads\/2019\/04\/Alimentos.jpg","width":960,"height":619},{"@type":"BreadcrumbList","@id":"https:\/\/www.cde.ual.es\/en\/europeans-on-todays-food-issues-new-eu-wide-survey-comes-out\/#breadcrumb","itemListElement":[{"@type":"ListItem","position":1,"name":"Inicio","item":"https:\/\/www.cde.ual.es\/en\/"},{"@type":"ListItem","position":2,"name":"EU News","item":"https:\/\/www.cde.ual.es\/en\/category\/eu-news\/"},{"@type":"ListItem","position":3,"name":"Europeans on today\u2019s food issues: new EU-wide survey comes out"}]},{"@type":"WebSite","@id":"https:\/\/www.cde.ual.es\/#website","url":"https:\/\/www.cde.ual.es\/","name":"CDE Almer\u00eda - Centro de Documentaci\u00f3n Europea - Universidad de Almer\u00eda","description":"Centro de Documentaci\u00f3n Europea de la Universidad de Almer\u00eda","publisher":{"@id":"https:\/\/www.cde.ual.es\/#organization"},"alternateName":"CDE Almer\u00eda","potentialAction":[{"@type":"SearchAction","target":{"@type":"EntryPoint","urlTemplate":"https:\/\/www.cde.ual.es\/?s={search_term_string}"},"query-input":{"@type":"PropertyValueSpecification","valueRequired":true,"valueName":"search_term_string"}}],"inLanguage":"en-US"},{"@type":"Organization","@id":"https:\/\/www.cde.ual.es\/#organization","name":"Centro de Documentaci\u00f3n Europea de Almer\u00eda","url":"https:\/\/www.cde.ual.es\/","logo":{"@type":"ImageObject","inLanguage":"en-US","@id":"https:\/\/www.cde.ual.es\/#\/schema\/logo\/image\/","url":"https:\/\/www.cde.ual.es\/wp-content\/uploads\/2025\/07\/cde-logo-3.png","contentUrl":"https:\/\/www.cde.ual.es\/wp-content\/uploads\/2025\/07\/cde-logo-3.png","width":1400,"height":300,"caption":"Centro de Documentaci\u00f3n Europea de Almer\u00eda"},"image":{"@id":"https:\/\/www.cde.ual.es\/#\/schema\/logo\/image\/"},"sameAs":["https:\/\/www.facebook.com\/cdeuniversidadalmeria\/","https:\/\/x.com\/cdeualmeria","https:\/\/www.tiktok.com\/@cdealmeria","https:\/\/www.instagram.com\/cdealmeria\/","https:\/\/www.linkedin.com\/in\/cde-almera-812b26a9\/"]},{"@type":"Person","@id":"https:\/\/www.cde.ual.es\/#\/schema\/person\/224ef08c8bcc005f319d2713ce37ee5f","name":"AdminCDE","image":{"@type":"ImageObject","inLanguage":"en-US","@id":"https:\/\/secure.gravatar.com\/avatar\/a72d038d371f995cd13706fac32274b7952a52e8fb0a84b5f80c85426f2a98a8?s=96&d=mm&r=g","url":"https:\/\/secure.gravatar.com\/avatar\/a72d038d371f995cd13706fac32274b7952a52e8fb0a84b5f80c85426f2a98a8?s=96&d=mm&r=g","contentUrl":"https:\/\/secure.gravatar.com\/avatar\/a72d038d371f995cd13706fac32274b7952a52e8fb0a84b5f80c85426f2a98a8?s=96&d=mm&r=g","caption":"AdminCDE"}}]}},"_links":{"self":[{"href":"https:\/\/www.cde.ual.es\/en\/wp-json\/wp\/v2\/posts\/21596","targetHints":{"allow":["GET"]}}],"collection":[{"href":"https:\/\/www.cde.ual.es\/en\/wp-json\/wp\/v2\/posts"}],"about":[{"href":"https:\/\/www.cde.ual.es\/en\/wp-json\/wp\/v2\/types\/post"}],"author":[{"embeddable":true,"href":"https:\/\/www.cde.ual.es\/en\/wp-json\/wp\/v2\/users\/1"}],"replies":[{"embeddable":true,"href":"https:\/\/www.cde.ual.es\/en\/wp-json\/wp\/v2\/comments?post=21596"}],"version-history":[{"count":0,"href":"https:\/\/www.cde.ual.es\/en\/wp-json\/wp\/v2\/posts\/21596\/revisions"}],"wp:featuredmedia":[{"embeddable":true,"href":"https:\/\/www.cde.ual.es\/en\/wp-json\/wp\/v2\/media\/16126"}],"wp:attachment":[{"href":"https:\/\/www.cde.ual.es\/en\/wp-json\/wp\/v2\/media?parent=21596"}],"wp:term":[{"taxonomy":"category","embeddable":true,"href":"https:\/\/www.cde.ual.es\/en\/wp-json\/wp\/v2\/categories?post=21596"},{"taxonomy":"post_tag","embeddable":true,"href":"https:\/\/www.cde.ual.es\/en\/wp-json\/wp\/v2\/tags?post=21596"}],"curies":[{"name":"wp","href":"https:\/\/api.w.org\/{rel}","templated":true}]}}