{"id":21395,"date":"2019-07-05T08:00:07","date_gmt":"2019-07-05T06:00:07","guid":{"rendered":"https:\/\/www.cde.ual.es\/?p=21395"},"modified":"2019-07-04T09:53:15","modified_gmt":"2019-07-04T07:53:15","slug":"erasmus-european-youth-together-2019","status":"publish","type":"post","link":"https:\/\/www.cde.ual.es\/en\/erasmus-european-youth-together-2019\/","title":{"rendered":"Erasmus+: European Youth Together 2019"},"content":{"rendered":"<p><strong><em>The &#8220;European Youth Together&#8221; projects seek to create networks which promote regional associations and which develop in close cooperation with young people from all over Europe (in the Erasmus+ countries). The networks will organise exchanges, promote training (e.g. for youth leaders) and allow young people to create their own joint projects. This initiative is part of the Erasmus+ programme of the Education, Audiovisual and Culture Executive Agency.<\/em><\/strong><\/p>\n<p><a href=\"https:\/\/www.cde.ual.es\/wp-content\/uploads\/2019\/02\/New-Erasmus-1.png\"><img decoding=\"async\" class=\"size-medium wp-image-13275 aligncenter\" src=\"https:\/\/www.cde.ual.es\/wp-content\/uploads\/2019\/02\/New-Erasmus-1-300x198.png\" alt=\"\" width=\"300\" height=\"198\" srcset=\"https:\/\/www.cde.ual.es\/wp-content\/uploads\/2019\/02\/New-Erasmus-1-300x198.png 300w, https:\/\/www.cde.ual.es\/wp-content\/uploads\/2019\/02\/New-Erasmus-1.png 569w\" sizes=\"(max-width: 300px) 100vw, 300px\" \/><\/a><\/p>\n<h2>Objective<\/h2>\n<p>&#8220;European Youth Together aims to support the initiatives of at least five youth organisations from five of the Erasmus+ eligible countries to share their ideas about the EU, to promote greater civic participation and to help foster a sense of European citizenship. The initiative aims to bring together European youth from across Europe: East, West, North and South.<\/p>\n<p>Thematic priorities include active citizenship, networking, European values and European citizenship, democratic participation, democratic resilience and social inclusion applied to youth.<\/p>\n<p>The initiative aims to support in particular:<\/p>\n<ul>\n<li>the <strong>promotion and development of more structured cooperation<\/strong> between different youth organisations in order to create or strengthen partnerships;<\/li>\n<li><strong>youth organisations participating in initiatives aimed at encouraging young people to participate in the democratic process<\/strong> and in society, through the organisation of training courses, exhibitions on common ground among young Europeans and the promotion of the debate on their connection with the EU, its democratic values and foundations;<\/li>\n<li><strong>promoting the participation of under-represented groups of young people in political life<\/strong>, youth organisations and other civil society organisations involving vulnerable and socially and economically disadvantaged young people.<\/li>\n<\/ul>\n<p>It is <strong>aimed at NGOs working with young people, public bodies and informal groups of young people<\/strong>, particularly those active at Community level, to propose projects involving at least five partners with the capacity to mobilise young people in partnerships involving different countries and regions within the Erasmus+ countries.<\/p>\n<p>Large-scale mobility activities for young people should be a key component of European Youth Together projects. This<strong> mobility should provide cross-border exchanges and non-formal or informal training opportunities for young people across Europe (East, West, North and South)<\/strong> to support the objectives of this call. These mobility activities must be clearly justified in accordance with the objectives of the call.<\/p>\n<h2>Actions<\/h2>\n<p>European Union funding under this call for proposals takes the form of an action grant to cover part of the costs incurred by the bodies selected to carry out a range of activities. These activities must be directly linked to the general and specific objectives of the call and must be detailed in a description of the project covering the whole period of the grant requested.<\/p>\n<p>The following types of activities are eligible:<\/p>\n<ul>\n<li><strong>mobility activities,<\/strong> including large-scale youth exchanges and, inter alia, networking and non-formal or informal training opportunities and project development by young people;<\/li>\n<li><strong>activities facilitating access and participation by young people in EU policy<\/strong> area activities relevant to young people;<\/li>\n<li><strong>exchanges of experience and good practice;<\/strong> networking and partnerships with other youth organisations; participation in meetings or seminars with other stakeholders and\/or policy makers in order to increase the impact of the policy on target groups, sectors and\/or systems;<\/li>\n<li><strong>initiatives and events for the development of European NGOs\/civil society organisations<\/strong>\/networks at European level;<\/li>\n<li><strong>awareness-raising, information, dissemination and promotional activities<\/strong> (seminars, workshops, campaigns, meetings, public debates, consultations, etc.) on EU policy priorities in the youth field.<\/li>\n<\/ul>\n<p>Activities <strong>must be of a cross-border nature and may be carried out at European, national, regional or local level.\u00a0<\/strong>As a cross-cutting principle, participating organisations should implement strategies to connect with young people from different backgrounds at Community level in order to ensure that more and more young people are reached at Community level.<\/p>\n<h2>Deadline<\/h2>\n<p>18th of July, 2019<\/p>\n<h2>More information<\/h2>\n<p><a href=\"https:\/\/eacea.ec.europa.eu\/erasmus-plus\/funding\/european-youth-together-2019_en\">Call<\/a><\/p>\n<p><a href=\"https:\/\/eacea.ec.europa.eu\/sites\/eacea-site\/files\/application_guidelines_european_youth_together_2019_en_0.pdf\">Applicants guidelines<\/a><\/p>\n","protected":false},"excerpt":{"rendered":"<p>The &#8220;European Youth Together&#8221; projects seek to create networks which promote regional associations and which develop in close cooperation with young people from all over Europe (in the Erasmus+ countries). The networks will organise exchanges, promote training (e.g. for youth leaders) and allow young people to create their own joint projects. This initiative is part [&hellip;]<\/p>\n","protected":false},"author":101011,"featured_media":21396,"comment_status":"open","ping_status":"open","sticky":false,"template":"","format":"standard","meta":{"_acf_changed":false,"_relevanssi_hide_post":"","_relevanssi_hide_content":"","_relevanssi_pin_for_all":"","_relevanssi_pin_keywords":"","_relevanssi_unpin_keywords":"","_relevanssi_related_keywords":"","_relevanssi_related_include_ids":"","_relevanssi_related_exclude_ids":"","_relevanssi_related_no_append":"","_relevanssi_related_not_related":"","_relevanssi_related_posts":"","_relevanssi_noindex_reason":"","_monsterinsights_skip_tracking":false,"_monsterinsights_sitenote_active":false,"_monsterinsights_sitenote_note":"","_monsterinsights_sitenote_category":0,"_genesis_hide_title":false,"_genesis_hide_breadcrumbs":false,"_genesis_hide_singular_image":false,"_genesis_hide_footer_widgets":false,"_genesis_custom_body_class":"","_genesis_custom_post_class":"","_genesis_layout":"","footnotes":""},"categories":[366],"tags":[480,547,473],"class_list":{"0":"post-21395","1":"post","2":"type-post","3":"status-publish","4":"format-standard","5":"has-post-thumbnail","7":"category-eu-calls-and-awards","8":"tag-erasmus-en","9":"tag-mobility","10":"tag-youth","11":"entry"},"acf":[],"yoast_head":"<!-- This site is optimized with the Yoast SEO plugin v27.5 - https:\/\/yoast.com\/product\/yoast-seo-wordpress\/ -->\n<title>Erasmus+: European Youth Together 2019 | CDE Almer\u00eda - Centro de Documentaci\u00f3n Europea - Universidad de Almer\u00eda<\/title>\n<meta name=\"robots\" content=\"index, follow, max-snippet:-1, max-image-preview:large, max-video-preview:-1\" \/>\n<link rel=\"canonical\" href=\"https:\/\/www.cde.ual.es\/en\/erasmus-european-youth-together-2019\/\" \/>\n<meta property=\"og:locale\" content=\"en_US\" \/>\n<meta property=\"og:type\" content=\"article\" \/>\n<meta property=\"og:title\" content=\"Erasmus+: European Youth Together 2019 | CDE Almer\u00eda - Centro de Documentaci\u00f3n Europea - Universidad de Almer\u00eda\" \/>\n<meta property=\"og:description\" content=\"The &#8220;European Youth Together&#8221; projects seek to create networks which promote regional associations and which develop in close cooperation with young people from all over Europe (in the Erasmus+ countries). The networks will organise exchanges, promote training (e.g. for youth leaders) and allow young people to create their own joint projects. This initiative is part [&hellip;]\" \/>\n<meta property=\"og:url\" content=\"https:\/\/www.cde.ual.es\/en\/erasmus-european-youth-together-2019\/\" \/>\n<meta property=\"og:site_name\" content=\"CDE Almer\u00eda - Centro de Documentaci\u00f3n Europea - Universidad de Almer\u00eda\" \/>\n<meta property=\"article:publisher\" content=\"https:\/\/www.facebook.com\/cdeuniversidadalmeria\/\" \/>\n<meta property=\"article:published_time\" content=\"2019-07-05T06:00:07+00:00\" \/>\n<meta property=\"og:image\" content=\"https:\/\/www.cde.ual.es\/wp-content\/uploads\/2019\/02\/New-Erasmus-1.png\" \/>\n\t<meta property=\"og:image:width\" content=\"569\" \/>\n\t<meta property=\"og:image:height\" content=\"375\" \/>\n\t<meta property=\"og:image:type\" content=\"image\/png\" \/>\n<meta name=\"author\" content=\"BECA 2 CDE\" \/>\n<meta name=\"twitter:card\" content=\"summary_large_image\" \/>\n<meta name=\"twitter:creator\" content=\"@cdeualmeria\" \/>\n<meta name=\"twitter:site\" content=\"@cdeualmeria\" \/>\n<meta name=\"twitter:label1\" content=\"Written by\" \/>\n\t<meta name=\"twitter:data1\" content=\"BECA 2 CDE\" \/>\n\t<meta name=\"twitter:label2\" content=\"Est. reading time\" \/>\n\t<meta name=\"twitter:data2\" content=\"3 minutes\" \/>\n<script type=\"application\/ld+json\" class=\"yoast-schema-graph\">{\"@context\":\"https:\\\/\\\/schema.org\",\"@graph\":[{\"@type\":\"Article\",\"@id\":\"https:\\\/\\\/www.cde.ual.es\\\/en\\\/erasmus-european-youth-together-2019\\\/#article\",\"isPartOf\":{\"@id\":\"https:\\\/\\\/www.cde.ual.es\\\/en\\\/erasmus-european-youth-together-2019\\\/\"},\"author\":{\"name\":\"BECA 2 CDE\",\"@id\":\"https:\\\/\\\/www.cde.ual.es\\\/#\\\/schema\\\/person\\\/ee46ebc19edfa19598c02cff83335acc\"},\"headline\":\"Erasmus+: European Youth Together 2019\",\"datePublished\":\"2019-07-05T06:00:07+00:00\",\"mainEntityOfPage\":{\"@id\":\"https:\\\/\\\/www.cde.ual.es\\\/en\\\/erasmus-european-youth-together-2019\\\/\"},\"wordCount\":619,\"commentCount\":0,\"publisher\":{\"@id\":\"https:\\\/\\\/www.cde.ual.es\\\/#organization\"},\"image\":{\"@id\":\"https:\\\/\\\/www.cde.ual.es\\\/en\\\/erasmus-european-youth-together-2019\\\/#primaryimage\"},\"thumbnailUrl\":\"https:\\\/\\\/www.cde.ual.es\\\/wp-content\\\/uploads\\\/2019\\\/02\\\/New-Erasmus-1.png\",\"keywords\":[\"Erasmus +\",\"Mobility\",\"youth\"],\"articleSection\":[\"EU Calls and Awards\"],\"inLanguage\":\"en-US\",\"potentialAction\":[{\"@type\":\"CommentAction\",\"name\":\"Comment\",\"target\":[\"https:\\\/\\\/www.cde.ual.es\\\/en\\\/erasmus-european-youth-together-2019\\\/#respond\"]}]},{\"@type\":\"WebPage\",\"@id\":\"https:\\\/\\\/www.cde.ual.es\\\/en\\\/erasmus-european-youth-together-2019\\\/\",\"url\":\"https:\\\/\\\/www.cde.ual.es\\\/en\\\/erasmus-european-youth-together-2019\\\/\",\"name\":\"Erasmus+: European Youth Together 2019 | CDE Almer\u00eda - Centro de Documentaci\u00f3n Europea - Universidad de Almer\u00eda\",\"isPartOf\":{\"@id\":\"https:\\\/\\\/www.cde.ual.es\\\/#website\"},\"primaryImageOfPage\":{\"@id\":\"https:\\\/\\\/www.cde.ual.es\\\/en\\\/erasmus-european-youth-together-2019\\\/#primaryimage\"},\"image\":{\"@id\":\"https:\\\/\\\/www.cde.ual.es\\\/en\\\/erasmus-european-youth-together-2019\\\/#primaryimage\"},\"thumbnailUrl\":\"https:\\\/\\\/www.cde.ual.es\\\/wp-content\\\/uploads\\\/2019\\\/02\\\/New-Erasmus-1.png\",\"datePublished\":\"2019-07-05T06:00:07+00:00\",\"breadcrumb\":{\"@id\":\"https:\\\/\\\/www.cde.ual.es\\\/en\\\/erasmus-european-youth-together-2019\\\/#breadcrumb\"},\"inLanguage\":\"en-US\",\"potentialAction\":[{\"@type\":\"ReadAction\",\"target\":[\"https:\\\/\\\/www.cde.ual.es\\\/en\\\/erasmus-european-youth-together-2019\\\/\"]}]},{\"@type\":\"ImageObject\",\"inLanguage\":\"en-US\",\"@id\":\"https:\\\/\\\/www.cde.ual.es\\\/en\\\/erasmus-european-youth-together-2019\\\/#primaryimage\",\"url\":\"https:\\\/\\\/www.cde.ual.es\\\/wp-content\\\/uploads\\\/2019\\\/02\\\/New-Erasmus-1.png\",\"contentUrl\":\"https:\\\/\\\/www.cde.ual.es\\\/wp-content\\\/uploads\\\/2019\\\/02\\\/New-Erasmus-1.png\",\"width\":569,\"height\":375},{\"@type\":\"BreadcrumbList\",\"@id\":\"https:\\\/\\\/www.cde.ual.es\\\/en\\\/erasmus-european-youth-together-2019\\\/#breadcrumb\",\"itemListElement\":[{\"@type\":\"ListItem\",\"position\":1,\"name\":\"Inicio\",\"item\":\"https:\\\/\\\/www.cde.ual.es\\\/en\\\/\"},{\"@type\":\"ListItem\",\"position\":2,\"name\":\"EU Calls and Awards\",\"item\":\"https:\\\/\\\/www.cde.ual.es\\\/en\\\/category\\\/eu-calls-and-awards\\\/\"},{\"@type\":\"ListItem\",\"position\":3,\"name\":\"Erasmus+: European Youth Together 2019\"}]},{\"@type\":\"WebSite\",\"@id\":\"https:\\\/\\\/www.cde.ual.es\\\/#website\",\"url\":\"https:\\\/\\\/www.cde.ual.es\\\/\",\"name\":\"CDE Almer\u00eda - Centro de Documentaci\u00f3n Europea - Universidad de Almer\u00eda\",\"description\":\"Centro de Documentaci\u00f3n Europea de la Universidad de Almer\u00eda\",\"publisher\":{\"@id\":\"https:\\\/\\\/www.cde.ual.es\\\/#organization\"},\"alternateName\":\"CDE Almer\u00eda\",\"potentialAction\":[{\"@type\":\"SearchAction\",\"target\":{\"@type\":\"EntryPoint\",\"urlTemplate\":\"https:\\\/\\\/www.cde.ual.es\\\/?s={search_term_string}\"},\"query-input\":{\"@type\":\"PropertyValueSpecification\",\"valueRequired\":true,\"valueName\":\"search_term_string\"}}],\"inLanguage\":\"en-US\"},{\"@type\":\"Organization\",\"@id\":\"https:\\\/\\\/www.cde.ual.es\\\/#organization\",\"name\":\"Centro de Documentaci\u00f3n Europea de Almer\u00eda\",\"url\":\"https:\\\/\\\/www.cde.ual.es\\\/\",\"logo\":{\"@type\":\"ImageObject\",\"inLanguage\":\"en-US\",\"@id\":\"https:\\\/\\\/www.cde.ual.es\\\/#\\\/schema\\\/logo\\\/image\\\/\",\"url\":\"https:\\\/\\\/www.cde.ual.es\\\/wp-content\\\/uploads\\\/2025\\\/07\\\/cde-logo-3.png\",\"contentUrl\":\"https:\\\/\\\/www.cde.ual.es\\\/wp-content\\\/uploads\\\/2025\\\/07\\\/cde-logo-3.png\",\"width\":1400,\"height\":300,\"caption\":\"Centro de Documentaci\u00f3n Europea de Almer\u00eda\"},\"image\":{\"@id\":\"https:\\\/\\\/www.cde.ual.es\\\/#\\\/schema\\\/logo\\\/image\\\/\"},\"sameAs\":[\"https:\\\/\\\/www.facebook.com\\\/cdeuniversidadalmeria\\\/\",\"https:\\\/\\\/x.com\\\/cdeualmeria\",\"https:\\\/\\\/www.tiktok.com\\\/@cdealmeria\",\"https:\\\/\\\/www.instagram.com\\\/cdealmeria\\\/\",\"https:\\\/\\\/www.linkedin.com\\\/in\\\/cde-almera-812b26a9\\\/\"]},{\"@type\":\"Person\",\"@id\":\"https:\\\/\\\/www.cde.ual.es\\\/#\\\/schema\\\/person\\\/ee46ebc19edfa19598c02cff83335acc\",\"name\":\"BECA 2 CDE\",\"image\":{\"@type\":\"ImageObject\",\"inLanguage\":\"en-US\",\"@id\":\"https:\\\/\\\/secure.gravatar.com\\\/avatar\\\/35a481bbc04bbd90e91bdfa3b0b5541036c222a49b9ad37b6889a2afcb5311a5?s=96&d=mm&r=g\",\"url\":\"https:\\\/\\\/secure.gravatar.com\\\/avatar\\\/35a481bbc04bbd90e91bdfa3b0b5541036c222a49b9ad37b6889a2afcb5311a5?s=96&d=mm&r=g\",\"contentUrl\":\"https:\\\/\\\/secure.gravatar.com\\\/avatar\\\/35a481bbc04bbd90e91bdfa3b0b5541036c222a49b9ad37b6889a2afcb5311a5?s=96&d=mm&r=g\",\"caption\":\"BECA 2 CDE\"},\"sameAs\":[\"http:\\\/\\\/www.cdealmeria.com\"]}]}<\/script>\n<!-- \/ Yoast SEO plugin. -->","yoast_head_json":{"title":"Erasmus+: European Youth Together 2019 | CDE Almer\u00eda - Centro de Documentaci\u00f3n Europea - Universidad de Almer\u00eda","robots":{"index":"index","follow":"follow","max-snippet":"max-snippet:-1","max-image-preview":"max-image-preview:large","max-video-preview":"max-video-preview:-1"},"canonical":"https:\/\/www.cde.ual.es\/en\/erasmus-european-youth-together-2019\/","og_locale":"en_US","og_type":"article","og_title":"Erasmus+: European Youth Together 2019 | CDE Almer\u00eda - Centro de Documentaci\u00f3n Europea - Universidad de Almer\u00eda","og_description":"The &#8220;European Youth Together&#8221; projects seek to create networks which promote regional associations and which develop in close cooperation with young people from all over Europe (in the Erasmus+ countries). The networks will organise exchanges, promote training (e.g. for youth leaders) and allow young people to create their own joint projects. This initiative is part [&hellip;]","og_url":"https:\/\/www.cde.ual.es\/en\/erasmus-european-youth-together-2019\/","og_site_name":"CDE Almer\u00eda - Centro de Documentaci\u00f3n Europea - Universidad de Almer\u00eda","article_publisher":"https:\/\/www.facebook.com\/cdeuniversidadalmeria\/","article_published_time":"2019-07-05T06:00:07+00:00","og_image":[{"width":569,"height":375,"url":"https:\/\/www.cde.ual.es\/wp-content\/uploads\/2019\/02\/New-Erasmus-1.png","type":"image\/png"}],"author":"BECA 2 CDE","twitter_card":"summary_large_image","twitter_creator":"@cdeualmeria","twitter_site":"@cdeualmeria","twitter_misc":{"Written by":"BECA 2 CDE","Est. reading time":"3 minutes"},"schema":{"@context":"https:\/\/schema.org","@graph":[{"@type":"Article","@id":"https:\/\/www.cde.ual.es\/en\/erasmus-european-youth-together-2019\/#article","isPartOf":{"@id":"https:\/\/www.cde.ual.es\/en\/erasmus-european-youth-together-2019\/"},"author":{"name":"BECA 2 CDE","@id":"https:\/\/www.cde.ual.es\/#\/schema\/person\/ee46ebc19edfa19598c02cff83335acc"},"headline":"Erasmus+: European Youth Together 2019","datePublished":"2019-07-05T06:00:07+00:00","mainEntityOfPage":{"@id":"https:\/\/www.cde.ual.es\/en\/erasmus-european-youth-together-2019\/"},"wordCount":619,"commentCount":0,"publisher":{"@id":"https:\/\/www.cde.ual.es\/#organization"},"image":{"@id":"https:\/\/www.cde.ual.es\/en\/erasmus-european-youth-together-2019\/#primaryimage"},"thumbnailUrl":"https:\/\/www.cde.ual.es\/wp-content\/uploads\/2019\/02\/New-Erasmus-1.png","keywords":["Erasmus +","Mobility","youth"],"articleSection":["EU Calls and Awards"],"inLanguage":"en-US","potentialAction":[{"@type":"CommentAction","name":"Comment","target":["https:\/\/www.cde.ual.es\/en\/erasmus-european-youth-together-2019\/#respond"]}]},{"@type":"WebPage","@id":"https:\/\/www.cde.ual.es\/en\/erasmus-european-youth-together-2019\/","url":"https:\/\/www.cde.ual.es\/en\/erasmus-european-youth-together-2019\/","name":"Erasmus+: European Youth Together 2019 | CDE Almer\u00eda - Centro de Documentaci\u00f3n Europea - Universidad de Almer\u00eda","isPartOf":{"@id":"https:\/\/www.cde.ual.es\/#website"},"primaryImageOfPage":{"@id":"https:\/\/www.cde.ual.es\/en\/erasmus-european-youth-together-2019\/#primaryimage"},"image":{"@id":"https:\/\/www.cde.ual.es\/en\/erasmus-european-youth-together-2019\/#primaryimage"},"thumbnailUrl":"https:\/\/www.cde.ual.es\/wp-content\/uploads\/2019\/02\/New-Erasmus-1.png","datePublished":"2019-07-05T06:00:07+00:00","breadcrumb":{"@id":"https:\/\/www.cde.ual.es\/en\/erasmus-european-youth-together-2019\/#breadcrumb"},"inLanguage":"en-US","potentialAction":[{"@type":"ReadAction","target":["https:\/\/www.cde.ual.es\/en\/erasmus-european-youth-together-2019\/"]}]},{"@type":"ImageObject","inLanguage":"en-US","@id":"https:\/\/www.cde.ual.es\/en\/erasmus-european-youth-together-2019\/#primaryimage","url":"https:\/\/www.cde.ual.es\/wp-content\/uploads\/2019\/02\/New-Erasmus-1.png","contentUrl":"https:\/\/www.cde.ual.es\/wp-content\/uploads\/2019\/02\/New-Erasmus-1.png","width":569,"height":375},{"@type":"BreadcrumbList","@id":"https:\/\/www.cde.ual.es\/en\/erasmus-european-youth-together-2019\/#breadcrumb","itemListElement":[{"@type":"ListItem","position":1,"name":"Inicio","item":"https:\/\/www.cde.ual.es\/en\/"},{"@type":"ListItem","position":2,"name":"EU Calls and Awards","item":"https:\/\/www.cde.ual.es\/en\/category\/eu-calls-and-awards\/"},{"@type":"ListItem","position":3,"name":"Erasmus+: European Youth Together 2019"}]},{"@type":"WebSite","@id":"https:\/\/www.cde.ual.es\/#website","url":"https:\/\/www.cde.ual.es\/","name":"CDE Almer\u00eda - Centro de Documentaci\u00f3n Europea - Universidad de Almer\u00eda","description":"Centro de Documentaci\u00f3n Europea de la Universidad de Almer\u00eda","publisher":{"@id":"https:\/\/www.cde.ual.es\/#organization"},"alternateName":"CDE Almer\u00eda","potentialAction":[{"@type":"SearchAction","target":{"@type":"EntryPoint","urlTemplate":"https:\/\/www.cde.ual.es\/?s={search_term_string}"},"query-input":{"@type":"PropertyValueSpecification","valueRequired":true,"valueName":"search_term_string"}}],"inLanguage":"en-US"},{"@type":"Organization","@id":"https:\/\/www.cde.ual.es\/#organization","name":"Centro de Documentaci\u00f3n Europea de Almer\u00eda","url":"https:\/\/www.cde.ual.es\/","logo":{"@type":"ImageObject","inLanguage":"en-US","@id":"https:\/\/www.cde.ual.es\/#\/schema\/logo\/image\/","url":"https:\/\/www.cde.ual.es\/wp-content\/uploads\/2025\/07\/cde-logo-3.png","contentUrl":"https:\/\/www.cde.ual.es\/wp-content\/uploads\/2025\/07\/cde-logo-3.png","width":1400,"height":300,"caption":"Centro de Documentaci\u00f3n Europea de Almer\u00eda"},"image":{"@id":"https:\/\/www.cde.ual.es\/#\/schema\/logo\/image\/"},"sameAs":["https:\/\/www.facebook.com\/cdeuniversidadalmeria\/","https:\/\/x.com\/cdeualmeria","https:\/\/www.tiktok.com\/@cdealmeria","https:\/\/www.instagram.com\/cdealmeria\/","https:\/\/www.linkedin.com\/in\/cde-almera-812b26a9\/"]},{"@type":"Person","@id":"https:\/\/www.cde.ual.es\/#\/schema\/person\/ee46ebc19edfa19598c02cff83335acc","name":"BECA 2 CDE","image":{"@type":"ImageObject","inLanguage":"en-US","@id":"https:\/\/secure.gravatar.com\/avatar\/35a481bbc04bbd90e91bdfa3b0b5541036c222a49b9ad37b6889a2afcb5311a5?s=96&d=mm&r=g","url":"https:\/\/secure.gravatar.com\/avatar\/35a481bbc04bbd90e91bdfa3b0b5541036c222a49b9ad37b6889a2afcb5311a5?s=96&d=mm&r=g","contentUrl":"https:\/\/secure.gravatar.com\/avatar\/35a481bbc04bbd90e91bdfa3b0b5541036c222a49b9ad37b6889a2afcb5311a5?s=96&d=mm&r=g","caption":"BECA 2 CDE"},"sameAs":["http:\/\/www.cdealmeria.com"]}]}},"_links":{"self":[{"href":"https:\/\/www.cde.ual.es\/en\/wp-json\/wp\/v2\/posts\/21395","targetHints":{"allow":["GET"]}}],"collection":[{"href":"https:\/\/www.cde.ual.es\/en\/wp-json\/wp\/v2\/posts"}],"about":[{"href":"https:\/\/www.cde.ual.es\/en\/wp-json\/wp\/v2\/types\/post"}],"author":[{"embeddable":true,"href":"https:\/\/www.cde.ual.es\/en\/wp-json\/wp\/v2\/users\/101011"}],"replies":[{"embeddable":true,"href":"https:\/\/www.cde.ual.es\/en\/wp-json\/wp\/v2\/comments?post=21395"}],"version-history":[{"count":0,"href":"https:\/\/www.cde.ual.es\/en\/wp-json\/wp\/v2\/posts\/21395\/revisions"}],"wp:featuredmedia":[{"embeddable":true,"href":"https:\/\/www.cde.ual.es\/en\/wp-json\/wp\/v2\/media\/21396"}],"wp:attachment":[{"href":"https:\/\/www.cde.ual.es\/en\/wp-json\/wp\/v2\/media?parent=21395"}],"wp:term":[{"taxonomy":"category","embeddable":true,"href":"https:\/\/www.cde.ual.es\/en\/wp-json\/wp\/v2\/categories?post=21395"},{"taxonomy":"post_tag","embeddable":true,"href":"https:\/\/www.cde.ual.es\/en\/wp-json\/wp\/v2\/tags?post=21395"}],"curies":[{"name":"wp","href":"https:\/\/api.w.org\/{rel}","templated":true}]}}