{"id":2053,"date":"2017-06-27T10:41:31","date_gmt":"2017-06-27T08:41:31","guid":{"rendered":"http:\/\/www.cde.ual.es\/?p=2053"},"modified":"2017-06-27T10:41:31","modified_gmt":"2017-06-27T08:41:31","slug":"ayudas-convocatoria-horizonte-pyme","status":"publish","type":"post","link":"https:\/\/www.cde.ual.es\/en\/ayudas-convocatoria-horizonte-pyme\/","title":{"rendered":"Ayudas convocatoria Horizonte Pyme"},"content":{"rendered":"<div id=\"campos_adiciones\" class=\"panel-pane pane-entity-field pane-node-field-fecha-caducidad titulo_panel\"><img decoding=\"async\" class=\"aligncenter size-full wp-image-2055\" src=\"http:\/\/www.cde.ual.es\/wp-content\/uploads\/2017\/06\/h2020.png\" alt=\"\" width=\"772\" height=\"427\" srcset=\"https:\/\/www.cde.ual.es\/wp-content\/uploads\/2017\/06\/h2020.png 772w, https:\/\/www.cde.ual.es\/wp-content\/uploads\/2017\/06\/h2020-768x424.png 768w\" sizes=\"(max-width: 772px) 100vw, 772px\" \/><\/div>\n<div class=\"panel-pane pane-node-body titulo_panel\"><\/div>\n<div class=\"panel-pane pane-node-body titulo_panel\"><\/div>\n<h3 id=\"campos_adiciones\" class=\"panel-pane pane-node-body titulo_panel\"><span style=\"text-decoration: underline;\">Informaci\u00f3n<\/span><\/h3>\n<div class=\"panel-pane pane-node-body titulo_panel\">\n<div class=\"pane-content\" style=\"text-align: justify;\">\n<div class=\"field field--name-body field--type-text-with-summary field--label-hidden\">\n<div class=\"field__items\">\n<div class=\"field__item even\">\n<p>El objetivo de la convocatoria es <strong>financiar un estudio de viabilidad (t\u00e9cnico y comercial) que incluya un plan de negocio de un proyecto innovador<\/strong> a aquellas pymes que, habi\u00e9ndose presentado a la Fase I del Instrumento Pyme del Programa Marco de Investigaci\u00f3n e Innovaci\u00f3n de la Uni\u00f3n Europea para el periodo 2014-2020, Horizonte 2020, hayan obtenido el &#8216;seal of excellence&#8217; otorgado por la Comisi\u00f3n Europea por haber alcanzado una puntuaci\u00f3n igual o superior a 13 puntos, y que por razones presupuestarias no hayan podido obtener financiaci\u00f3n, con el fin de facilitar a dichas pymes la presentaci\u00f3n de una propuesta a la Fase II del Instrumento Pyme, o, alternativamente, que puedan abordar por s\u00ed mismas la realizaci\u00f3n y puesta en marcha de su estrategia de innovaci\u00f3n disruptiva.<\/p>\n<p><strong>El plazo de presentaci\u00f3n de las solicitudes de participaci\u00f3n ser\u00e1 del 23 de junio de 2017 al 6 de julio de 2017, a las 15:00 horas<\/strong> (hora peninsular espa\u00f1ola).<\/p>\n<p>La cumplimentaci\u00f3n y presentaci\u00f3n telem\u00e1tica de la solicitud deber\u00e1 realizarse obligatoriamente a trav\u00e9s de los medios electr\u00f3nicos habilitados para ello en la sede electr\u00f3nica de la Secretar\u00eda de Estado de Investigaci\u00f3n, Desarrollo e Innovaci\u00f3n. <a href=\"http:\/\/www.idi.mineco.gob.es\/portal\/site\/MICINN\/menuitem.dbc68b34d11ccbd5d52ffeb801432ea0\/?vgnextoid=01243df570deb510VgnVCM1000001d04140aRCRD\" target=\"_blank\" rel=\"noopener noreferrer\">La encontrar\u00e1s aqu\u00ed.<\/a><\/p>\n<h3><span style=\"text-decoration: underline;\">Convoca<\/span><\/h3>\n<\/div>\n<\/div>\n<\/div>\n<\/div>\n<\/div>\n<div class=\"panel-pane pane-custom pane-6\">\n<div class=\"pane-content\">\n<div class=\"field field--name-field-convoca field--type-text field--label-hidden\" style=\"text-align: justify;\">\n<div class=\"field__items\">\n<div class=\"field__item even\">\n<p>Agencia Estatal de Investigaci\u00f3n. Ministerio de Econom\u00eda, Industria y Competitividad<\/p>\n<\/div>\n<\/div>\n<\/div>\n<h3 class=\"pane-title\" style=\"text-align: justify;\"><span style=\"text-decoration: underline;\">Requisitos<\/span><\/h3>\n<div class=\"field field--name-field-requisitos field--type-text field--label-hidden\">\n<div class=\"field__items\">\n<div class=\"field__item even\" style=\"text-align: justify;\">\n<p>Podr\u00e1n ser beneficiarios de las ayudas las entidades que dispongan de personalidad jur\u00eddica propia, desarrollen actividades econ\u00f3micas, posean un establecimiento permanente en Espa\u00f1a v\u00e1lidamente constituido en el momento de la presentaci\u00f3n de la solicitud de ayuda y tengan la consideraci\u00f3n de pyme de acuerdo a la definici\u00f3n del art\u00edculo 2. b) de la Orden ECC\/1333\/2015, de 2 de julio.<\/p>\n<\/div>\n<div class=\"field__item odd\">\n<p style=\"text-align: justify;\">La entidad solicitante deber\u00e1 haber presentado una propuesta individual, no en cooperaci\u00f3n, a alguna de las convocatorias de la Fase I del Instrumento Pyme del Programa Horizonte 2020 de la Uni\u00f3n Europea en los a\u00f1os 2016 o 2017 resueltas antes de la fecha de finalizaci\u00f3n de presentaci\u00f3n de solicitudes y haber obtenido, de acuerdo con el documento &#8220;Informe resumido de evaluaci\u00f3n&#8221; emitido por la Comisi\u00f3n Europea, una puntaci\u00f3n igual o superior a 13 puntos.<\/p>\n<\/div>\n<div class=\"field__item even\"><\/div>\n<\/div>\n<\/div>\n<\/div>\n<\/div>\n","protected":false},"excerpt":{"rendered":"<p>Informaci\u00f3n El objetivo de la convocatoria es financiar un estudio de viabilidad (t\u00e9cnico y comercial) que incluya un plan de negocio de un proyecto innovador a aquellas pymes que, habi\u00e9ndose presentado a la Fase I del Instrumento Pyme del Programa Marco de Investigaci\u00f3n e Innovaci\u00f3n de la Uni\u00f3n Europea para el periodo 2014-2020, Horizonte 2020, [&hellip;]<\/p>\n","protected":false},"author":1,"featured_media":0,"comment_status":"open","ping_status":"open","sticky":false,"template":"","format":"standard","meta":{"_acf_changed":false,"_relevanssi_hide_post":"","_relevanssi_hide_content":"","_relevanssi_pin_for_all":"","_relevanssi_pin_keywords":"","_relevanssi_unpin_keywords":"","_relevanssi_related_keywords":"","_relevanssi_related_include_ids":"","_relevanssi_related_exclude_ids":"","_relevanssi_related_no_append":"","_relevanssi_related_not_related":"","_relevanssi_related_posts":"","_relevanssi_noindex_reason":"","_monsterinsights_skip_tracking":false,"_monsterinsights_sitenote_active":false,"_monsterinsights_sitenote_note":"","_monsterinsights_sitenote_category":0,"_genesis_hide_title":false,"_genesis_hide_breadcrumbs":false,"_genesis_hide_singular_image":false,"_genesis_hide_footer_widgets":false,"_genesis_custom_body_class":"","_genesis_custom_post_class":"","_genesis_layout":"","footnotes":""},"categories":[1],"tags":[],"class_list":{"0":"post-2053","1":"post","2":"type-post","3":"status-publish","4":"format-standard","6":"category-sin-categorizar","7":"entry","8":"has-post-thumbnail"},"acf":[],"yoast_head":"<!-- This site is optimized with the Yoast SEO plugin v27.4 - https:\/\/yoast.com\/product\/yoast-seo-wordpress\/ -->\n<title>Ayudas convocatoria Horizonte Pyme | CDE Almer\u00eda - Centro de Documentaci\u00f3n Europea - Universidad de Almer\u00eda<\/title>\n<meta name=\"robots\" content=\"index, follow, max-snippet:-1, max-image-preview:large, max-video-preview:-1\" \/>\n<link rel=\"canonical\" href=\"https:\/\/www.cde.ual.es\/ayudas-convocatoria-horizonte-pyme\/\" \/>\n<meta property=\"og:locale\" content=\"en_US\" \/>\n<meta property=\"og:type\" content=\"article\" \/>\n<meta property=\"og:title\" content=\"Ayudas convocatoria Horizonte Pyme | CDE Almer\u00eda - Centro de Documentaci\u00f3n Europea - Universidad de Almer\u00eda\" \/>\n<meta property=\"og:description\" content=\"Informaci\u00f3n El objetivo de la convocatoria es financiar un estudio de viabilidad (t\u00e9cnico y comercial) que incluya un plan de negocio de un proyecto innovador a aquellas pymes que, habi\u00e9ndose presentado a la Fase I del Instrumento Pyme del Programa Marco de Investigaci\u00f3n e Innovaci\u00f3n de la Uni\u00f3n Europea para el periodo 2014-2020, Horizonte 2020, [&hellip;]\" \/>\n<meta property=\"og:url\" content=\"https:\/\/www.cde.ual.es\/ayudas-convocatoria-horizonte-pyme\/\" \/>\n<meta property=\"og:site_name\" content=\"CDE Almer\u00eda - Centro de Documentaci\u00f3n Europea - Universidad de Almer\u00eda\" \/>\n<meta property=\"article:publisher\" content=\"https:\/\/www.facebook.com\/cdeuniversidadalmeria\/\" \/>\n<meta property=\"article:published_time\" content=\"2017-06-27T08:41:31+00:00\" \/>\n<meta property=\"og:image\" content=\"http:\/\/www.cde.ual.es\/wp-content\/uploads\/2017\/06\/h2020.png\" \/>\n<meta name=\"author\" content=\"AdminCDE\" \/>\n<meta name=\"twitter:card\" content=\"summary_large_image\" \/>\n<meta name=\"twitter:creator\" content=\"@cdeualmeria\" \/>\n<meta name=\"twitter:site\" content=\"@cdeualmeria\" \/>\n<meta name=\"twitter:label1\" content=\"Written by\" \/>\n\t<meta name=\"twitter:data1\" content=\"AdminCDE\" \/>\n\t<meta name=\"twitter:label2\" content=\"Est. reading time\" \/>\n\t<meta name=\"twitter:data2\" content=\"2 minutes\" \/>\n<script type=\"application\/ld+json\" class=\"yoast-schema-graph\">{\"@context\":\"https:\\\/\\\/schema.org\",\"@graph\":[{\"@type\":\"Article\",\"@id\":\"https:\\\/\\\/www.cde.ual.es\\\/ayudas-convocatoria-horizonte-pyme\\\/#article\",\"isPartOf\":{\"@id\":\"https:\\\/\\\/www.cde.ual.es\\\/ayudas-convocatoria-horizonte-pyme\\\/\"},\"author\":{\"name\":\"AdminCDE\",\"@id\":\"https:\\\/\\\/www.cde.ual.es\\\/#\\\/schema\\\/person\\\/224ef08c8bcc005f319d2713ce37ee5f\"},\"headline\":\"Ayudas convocatoria Horizonte Pyme\",\"datePublished\":\"2017-06-27T08:41:31+00:00\",\"mainEntityOfPage\":{\"@id\":\"https:\\\/\\\/www.cde.ual.es\\\/ayudas-convocatoria-horizonte-pyme\\\/\"},\"wordCount\":373,\"commentCount\":0,\"publisher\":{\"@id\":\"https:\\\/\\\/www.cde.ual.es\\\/#organization\"},\"image\":{\"@id\":\"https:\\\/\\\/www.cde.ual.es\\\/ayudas-convocatoria-horizonte-pyme\\\/#primaryimage\"},\"thumbnailUrl\":\"http:\\\/\\\/www.cde.ual.es\\\/wp-content\\\/uploads\\\/2017\\\/06\\\/h2020.png\",\"articleSection\":[\"Sin categorizar\"],\"inLanguage\":\"en-US\",\"potentialAction\":[{\"@type\":\"CommentAction\",\"name\":\"Comment\",\"target\":[\"https:\\\/\\\/www.cde.ual.es\\\/ayudas-convocatoria-horizonte-pyme\\\/#respond\"]}]},{\"@type\":\"WebPage\",\"@id\":\"https:\\\/\\\/www.cde.ual.es\\\/ayudas-convocatoria-horizonte-pyme\\\/\",\"url\":\"https:\\\/\\\/www.cde.ual.es\\\/ayudas-convocatoria-horizonte-pyme\\\/\",\"name\":\"Ayudas convocatoria Horizonte Pyme | CDE Almer\u00eda - Centro de Documentaci\u00f3n Europea - Universidad de Almer\u00eda\",\"isPartOf\":{\"@id\":\"https:\\\/\\\/www.cde.ual.es\\\/#website\"},\"primaryImageOfPage\":{\"@id\":\"https:\\\/\\\/www.cde.ual.es\\\/ayudas-convocatoria-horizonte-pyme\\\/#primaryimage\"},\"image\":{\"@id\":\"https:\\\/\\\/www.cde.ual.es\\\/ayudas-convocatoria-horizonte-pyme\\\/#primaryimage\"},\"thumbnailUrl\":\"http:\\\/\\\/www.cde.ual.es\\\/wp-content\\\/uploads\\\/2017\\\/06\\\/h2020.png\",\"datePublished\":\"2017-06-27T08:41:31+00:00\",\"breadcrumb\":{\"@id\":\"https:\\\/\\\/www.cde.ual.es\\\/ayudas-convocatoria-horizonte-pyme\\\/#breadcrumb\"},\"inLanguage\":\"en-US\",\"potentialAction\":[{\"@type\":\"ReadAction\",\"target\":[\"https:\\\/\\\/www.cde.ual.es\\\/ayudas-convocatoria-horizonte-pyme\\\/\"]}]},{\"@type\":\"ImageObject\",\"inLanguage\":\"en-US\",\"@id\":\"https:\\\/\\\/www.cde.ual.es\\\/ayudas-convocatoria-horizonte-pyme\\\/#primaryimage\",\"url\":\"http:\\\/\\\/www.cde.ual.es\\\/wp-content\\\/uploads\\\/2017\\\/06\\\/h2020.png\",\"contentUrl\":\"http:\\\/\\\/www.cde.ual.es\\\/wp-content\\\/uploads\\\/2017\\\/06\\\/h2020.png\"},{\"@type\":\"BreadcrumbList\",\"@id\":\"https:\\\/\\\/www.cde.ual.es\\\/ayudas-convocatoria-horizonte-pyme\\\/#breadcrumb\",\"itemListElement\":[{\"@type\":\"ListItem\",\"position\":1,\"name\":\"Inicio\",\"item\":\"https:\\\/\\\/www.cde.ual.es\\\/en\\\/\"},{\"@type\":\"ListItem\",\"position\":2,\"name\":\"Sin categorizar\",\"item\":\"https:\\\/\\\/www.cde.ual.es\\\/category\\\/sin-categorizar\\\/\"},{\"@type\":\"ListItem\",\"position\":3,\"name\":\"Ayudas convocatoria Horizonte Pyme\"}]},{\"@type\":\"WebSite\",\"@id\":\"https:\\\/\\\/www.cde.ual.es\\\/#website\",\"url\":\"https:\\\/\\\/www.cde.ual.es\\\/\",\"name\":\"CDE Almer\u00eda - Centro de Documentaci\u00f3n Europea - Universidad de Almer\u00eda\",\"description\":\"Centro de Documentaci\u00f3n Europea de la Universidad de Almer\u00eda\",\"publisher\":{\"@id\":\"https:\\\/\\\/www.cde.ual.es\\\/#organization\"},\"alternateName\":\"CDE Almer\u00eda\",\"potentialAction\":[{\"@type\":\"SearchAction\",\"target\":{\"@type\":\"EntryPoint\",\"urlTemplate\":\"https:\\\/\\\/www.cde.ual.es\\\/?s={search_term_string}\"},\"query-input\":{\"@type\":\"PropertyValueSpecification\",\"valueRequired\":true,\"valueName\":\"search_term_string\"}}],\"inLanguage\":\"en-US\"},{\"@type\":\"Organization\",\"@id\":\"https:\\\/\\\/www.cde.ual.es\\\/#organization\",\"name\":\"Centro de Documentaci\u00f3n Europea de Almer\u00eda\",\"url\":\"https:\\\/\\\/www.cde.ual.es\\\/\",\"logo\":{\"@type\":\"ImageObject\",\"inLanguage\":\"en-US\",\"@id\":\"https:\\\/\\\/www.cde.ual.es\\\/#\\\/schema\\\/logo\\\/image\\\/\",\"url\":\"https:\\\/\\\/www.cde.ual.es\\\/wp-content\\\/uploads\\\/2025\\\/07\\\/cde-logo-3.png\",\"contentUrl\":\"https:\\\/\\\/www.cde.ual.es\\\/wp-content\\\/uploads\\\/2025\\\/07\\\/cde-logo-3.png\",\"width\":1400,\"height\":300,\"caption\":\"Centro de Documentaci\u00f3n Europea de Almer\u00eda\"},\"image\":{\"@id\":\"https:\\\/\\\/www.cde.ual.es\\\/#\\\/schema\\\/logo\\\/image\\\/\"},\"sameAs\":[\"https:\\\/\\\/www.facebook.com\\\/cdeuniversidadalmeria\\\/\",\"https:\\\/\\\/x.com\\\/cdeualmeria\",\"https:\\\/\\\/www.tiktok.com\\\/@cdealmeria\",\"https:\\\/\\\/www.instagram.com\\\/cdealmeria\\\/\",\"https:\\\/\\\/www.linkedin.com\\\/in\\\/cde-almera-812b26a9\\\/\"]},{\"@type\":\"Person\",\"@id\":\"https:\\\/\\\/www.cde.ual.es\\\/#\\\/schema\\\/person\\\/224ef08c8bcc005f319d2713ce37ee5f\",\"name\":\"AdminCDE\",\"image\":{\"@type\":\"ImageObject\",\"inLanguage\":\"en-US\",\"@id\":\"https:\\\/\\\/secure.gravatar.com\\\/avatar\\\/a72d038d371f995cd13706fac32274b7952a52e8fb0a84b5f80c85426f2a98a8?s=96&d=mm&r=g\",\"url\":\"https:\\\/\\\/secure.gravatar.com\\\/avatar\\\/a72d038d371f995cd13706fac32274b7952a52e8fb0a84b5f80c85426f2a98a8?s=96&d=mm&r=g\",\"contentUrl\":\"https:\\\/\\\/secure.gravatar.com\\\/avatar\\\/a72d038d371f995cd13706fac32274b7952a52e8fb0a84b5f80c85426f2a98a8?s=96&d=mm&r=g\",\"caption\":\"AdminCDE\"}}]}<\/script>\n<!-- \/ Yoast SEO plugin. -->","yoast_head_json":{"title":"Ayudas convocatoria Horizonte Pyme | CDE Almer\u00eda - Centro de Documentaci\u00f3n Europea - Universidad de Almer\u00eda","robots":{"index":"index","follow":"follow","max-snippet":"max-snippet:-1","max-image-preview":"max-image-preview:large","max-video-preview":"max-video-preview:-1"},"canonical":"https:\/\/www.cde.ual.es\/ayudas-convocatoria-horizonte-pyme\/","og_locale":"en_US","og_type":"article","og_title":"Ayudas convocatoria Horizonte Pyme | CDE Almer\u00eda - Centro de Documentaci\u00f3n Europea - Universidad de Almer\u00eda","og_description":"Informaci\u00f3n El objetivo de la convocatoria es financiar un estudio de viabilidad (t\u00e9cnico y comercial) que incluya un plan de negocio de un proyecto innovador a aquellas pymes que, habi\u00e9ndose presentado a la Fase I del Instrumento Pyme del Programa Marco de Investigaci\u00f3n e Innovaci\u00f3n de la Uni\u00f3n Europea para el periodo 2014-2020, Horizonte 2020, [&hellip;]","og_url":"https:\/\/www.cde.ual.es\/ayudas-convocatoria-horizonte-pyme\/","og_site_name":"CDE Almer\u00eda - Centro de Documentaci\u00f3n Europea - Universidad de Almer\u00eda","article_publisher":"https:\/\/www.facebook.com\/cdeuniversidadalmeria\/","article_published_time":"2017-06-27T08:41:31+00:00","og_image":[{"url":"http:\/\/www.cde.ual.es\/wp-content\/uploads\/2017\/06\/h2020.png","type":"","width":"","height":""}],"author":"AdminCDE","twitter_card":"summary_large_image","twitter_creator":"@cdeualmeria","twitter_site":"@cdeualmeria","twitter_misc":{"Written by":"AdminCDE","Est. reading time":"2 minutes"},"schema":{"@context":"https:\/\/schema.org","@graph":[{"@type":"Article","@id":"https:\/\/www.cde.ual.es\/ayudas-convocatoria-horizonte-pyme\/#article","isPartOf":{"@id":"https:\/\/www.cde.ual.es\/ayudas-convocatoria-horizonte-pyme\/"},"author":{"name":"AdminCDE","@id":"https:\/\/www.cde.ual.es\/#\/schema\/person\/224ef08c8bcc005f319d2713ce37ee5f"},"headline":"Ayudas convocatoria Horizonte Pyme","datePublished":"2017-06-27T08:41:31+00:00","mainEntityOfPage":{"@id":"https:\/\/www.cde.ual.es\/ayudas-convocatoria-horizonte-pyme\/"},"wordCount":373,"commentCount":0,"publisher":{"@id":"https:\/\/www.cde.ual.es\/#organization"},"image":{"@id":"https:\/\/www.cde.ual.es\/ayudas-convocatoria-horizonte-pyme\/#primaryimage"},"thumbnailUrl":"http:\/\/www.cde.ual.es\/wp-content\/uploads\/2017\/06\/h2020.png","articleSection":["Sin categorizar"],"inLanguage":"en-US","potentialAction":[{"@type":"CommentAction","name":"Comment","target":["https:\/\/www.cde.ual.es\/ayudas-convocatoria-horizonte-pyme\/#respond"]}]},{"@type":"WebPage","@id":"https:\/\/www.cde.ual.es\/ayudas-convocatoria-horizonte-pyme\/","url":"https:\/\/www.cde.ual.es\/ayudas-convocatoria-horizonte-pyme\/","name":"Ayudas convocatoria Horizonte Pyme | CDE Almer\u00eda - Centro de Documentaci\u00f3n Europea - Universidad de Almer\u00eda","isPartOf":{"@id":"https:\/\/www.cde.ual.es\/#website"},"primaryImageOfPage":{"@id":"https:\/\/www.cde.ual.es\/ayudas-convocatoria-horizonte-pyme\/#primaryimage"},"image":{"@id":"https:\/\/www.cde.ual.es\/ayudas-convocatoria-horizonte-pyme\/#primaryimage"},"thumbnailUrl":"http:\/\/www.cde.ual.es\/wp-content\/uploads\/2017\/06\/h2020.png","datePublished":"2017-06-27T08:41:31+00:00","breadcrumb":{"@id":"https:\/\/www.cde.ual.es\/ayudas-convocatoria-horizonte-pyme\/#breadcrumb"},"inLanguage":"en-US","potentialAction":[{"@type":"ReadAction","target":["https:\/\/www.cde.ual.es\/ayudas-convocatoria-horizonte-pyme\/"]}]},{"@type":"ImageObject","inLanguage":"en-US","@id":"https:\/\/www.cde.ual.es\/ayudas-convocatoria-horizonte-pyme\/#primaryimage","url":"http:\/\/www.cde.ual.es\/wp-content\/uploads\/2017\/06\/h2020.png","contentUrl":"http:\/\/www.cde.ual.es\/wp-content\/uploads\/2017\/06\/h2020.png"},{"@type":"BreadcrumbList","@id":"https:\/\/www.cde.ual.es\/ayudas-convocatoria-horizonte-pyme\/#breadcrumb","itemListElement":[{"@type":"ListItem","position":1,"name":"Inicio","item":"https:\/\/www.cde.ual.es\/en\/"},{"@type":"ListItem","position":2,"name":"Sin categorizar","item":"https:\/\/www.cde.ual.es\/category\/sin-categorizar\/"},{"@type":"ListItem","position":3,"name":"Ayudas convocatoria Horizonte Pyme"}]},{"@type":"WebSite","@id":"https:\/\/www.cde.ual.es\/#website","url":"https:\/\/www.cde.ual.es\/","name":"CDE Almer\u00eda - Centro de Documentaci\u00f3n Europea - Universidad de Almer\u00eda","description":"Centro de Documentaci\u00f3n Europea de la Universidad de Almer\u00eda","publisher":{"@id":"https:\/\/www.cde.ual.es\/#organization"},"alternateName":"CDE Almer\u00eda","potentialAction":[{"@type":"SearchAction","target":{"@type":"EntryPoint","urlTemplate":"https:\/\/www.cde.ual.es\/?s={search_term_string}"},"query-input":{"@type":"PropertyValueSpecification","valueRequired":true,"valueName":"search_term_string"}}],"inLanguage":"en-US"},{"@type":"Organization","@id":"https:\/\/www.cde.ual.es\/#organization","name":"Centro de Documentaci\u00f3n Europea de Almer\u00eda","url":"https:\/\/www.cde.ual.es\/","logo":{"@type":"ImageObject","inLanguage":"en-US","@id":"https:\/\/www.cde.ual.es\/#\/schema\/logo\/image\/","url":"https:\/\/www.cde.ual.es\/wp-content\/uploads\/2025\/07\/cde-logo-3.png","contentUrl":"https:\/\/www.cde.ual.es\/wp-content\/uploads\/2025\/07\/cde-logo-3.png","width":1400,"height":300,"caption":"Centro de Documentaci\u00f3n Europea de Almer\u00eda"},"image":{"@id":"https:\/\/www.cde.ual.es\/#\/schema\/logo\/image\/"},"sameAs":["https:\/\/www.facebook.com\/cdeuniversidadalmeria\/","https:\/\/x.com\/cdeualmeria","https:\/\/www.tiktok.com\/@cdealmeria","https:\/\/www.instagram.com\/cdealmeria\/","https:\/\/www.linkedin.com\/in\/cde-almera-812b26a9\/"]},{"@type":"Person","@id":"https:\/\/www.cde.ual.es\/#\/schema\/person\/224ef08c8bcc005f319d2713ce37ee5f","name":"AdminCDE","image":{"@type":"ImageObject","inLanguage":"en-US","@id":"https:\/\/secure.gravatar.com\/avatar\/a72d038d371f995cd13706fac32274b7952a52e8fb0a84b5f80c85426f2a98a8?s=96&d=mm&r=g","url":"https:\/\/secure.gravatar.com\/avatar\/a72d038d371f995cd13706fac32274b7952a52e8fb0a84b5f80c85426f2a98a8?s=96&d=mm&r=g","contentUrl":"https:\/\/secure.gravatar.com\/avatar\/a72d038d371f995cd13706fac32274b7952a52e8fb0a84b5f80c85426f2a98a8?s=96&d=mm&r=g","caption":"AdminCDE"}}]}},"_links":{"self":[{"href":"https:\/\/www.cde.ual.es\/en\/wp-json\/wp\/v2\/posts\/2053","targetHints":{"allow":["GET"]}}],"collection":[{"href":"https:\/\/www.cde.ual.es\/en\/wp-json\/wp\/v2\/posts"}],"about":[{"href":"https:\/\/www.cde.ual.es\/en\/wp-json\/wp\/v2\/types\/post"}],"author":[{"embeddable":true,"href":"https:\/\/www.cde.ual.es\/en\/wp-json\/wp\/v2\/users\/1"}],"replies":[{"embeddable":true,"href":"https:\/\/www.cde.ual.es\/en\/wp-json\/wp\/v2\/comments?post=2053"}],"version-history":[{"count":0,"href":"https:\/\/www.cde.ual.es\/en\/wp-json\/wp\/v2\/posts\/2053\/revisions"}],"wp:attachment":[{"href":"https:\/\/www.cde.ual.es\/en\/wp-json\/wp\/v2\/media?parent=2053"}],"wp:term":[{"taxonomy":"category","embeddable":true,"href":"https:\/\/www.cde.ual.es\/en\/wp-json\/wp\/v2\/categories?post=2053"},{"taxonomy":"post_tag","embeddable":true,"href":"https:\/\/www.cde.ual.es\/en\/wp-json\/wp\/v2\/tags?post=2053"}],"curies":[{"name":"wp","href":"https:\/\/api.w.org\/{rel}","templated":true}]}}