{"id":2048,"date":"2017-06-22T13:30:10","date_gmt":"2017-06-22T11:30:10","guid":{"rendered":"http:\/\/www.cde.ual.es\/?p=2048"},"modified":"2017-06-22T13:30:10","modified_gmt":"2017-06-22T11:30:10","slug":"oportunidades-de-empleo-y-voluntariado-en-greenpeace","status":"publish","type":"post","link":"https:\/\/www.cde.ual.es\/en\/oportunidades-de-empleo-y-voluntariado-en-greenpeace\/","title":{"rendered":"Oportunidades de empleo y Voluntariado en Greenpeace"},"content":{"rendered":"<p style=\"text-align: justify;\"><img decoding=\"async\" class=\"aligncenter  wp-image-2049\" src=\"http:\/\/www.cde.ual.es\/wp-content\/uploads\/2017\/06\/Greenpeace-logo.png\" alt=\"\" width=\"673\" height=\"266\" srcset=\"https:\/\/www.cde.ual.es\/wp-content\/uploads\/2017\/06\/Greenpeace-logo.png 890w, https:\/\/www.cde.ual.es\/wp-content\/uploads\/2017\/06\/Greenpeace-logo-768x303.png 768w\" sizes=\"(max-width: 673px) 100vw, 673px\" \/><\/p>\n<p style=\"text-align: justify;\">Defensores de la naturaleza, futuros o presentes activistas, personas que quieren luchar por un mundo mejor, ecologistas\u2026 hoy os queremos hablar de c\u00f3mo puedes acceder a las\u00a0<strong>oportunidades para trabajar en Greenpeace<\/strong>, una de las organizaciones m\u00e1s conocidas de todo el mundo.<\/p>\n<p style=\"text-align: justify;\"><strong>Greenpeace<\/strong>\u00a0es una ONG de tipo ambientalista fundada en el a\u00f1o 1971 en Vancouver, Canad\u00e1. El objetivo de esta archiconocida organizaci\u00f3n ecologista se fundamenta en proteger y defender el medio ambiente interviniendo y llevando a cabo acciones en diferentes puntos del planeta para evitar los atentados contra la naturaleza.<\/p>\n<div class=\"td-g-rec td-g-rec-id-content_inline \" style=\"text-align: justify;\"><\/div>\n<p style=\"text-align: justify;\">El cambio clim\u00e1tico, proteger la biodiversidad, disminuir la contaminaci\u00f3n, acabar con el uso de energ\u00eda nuclear, con la contaminaci\u00f3n, proteger la biodiversidad\u2026 son algunos de los muchos objetivos a cumplir por esta Organizaci\u00f3n.<\/p>\n<p style=\"text-align: justify;\"><strong>Greenpeace\u00a0<\/strong>cuenta con oficinas tanto a nivel nacional como a nivel regional en m\u00e1s de 43 pa\u00edses diferentes de todo el mundo. La organizaci\u00f3n es seguida por m\u00e1s de 3 millones de personas que act\u00faan como socios y de los cuales obtienen los ingresos para poder llevar a cabo las campa\u00f1as pertinentes.<\/p>\n<p style=\"text-align: justify;\">En cuanto a sus empleados, son\u00a0<strong>m\u00e1s de 250 las personas<\/strong>\u00a0que hay contratadas actualmente por esta Organizaci\u00f3n dedicados a cumplir con los est\u00e1ndares profesionales que se esperan de la organizaci\u00f3n de campa\u00f1as m\u00e1s importantes del mundo para el medio ambiente.<\/p>\n<h2 style=\"text-align: justify;\"><strong>Oportunidades para trabajar en Greenpeace<\/strong><\/h2>\n<p style=\"text-align: justify;\">Greenpeace da la bienvenida a las personas que dirigen sus campa\u00f1as, acciones y personal de la unidad de buques, as\u00ed como los investigadores, recaudadores de fondos, los jefes de prensa, asesores de recursos pol\u00edticos, legales y humanos, especialistas en finanzas, y otros muchos m\u00e1s.<\/p>\n<p style=\"text-align: justify;\">Si quieres conocer todas las oportunidades de empleo que hay disponibles en estos momentos en la Organizaci\u00f3n en cada uno de los pa\u00edses donde est\u00e1 presente, aqu\u00ed hemos recopilado este directorio donde vas a encontrar todos enlaces a las p\u00e1ginas de empleo de Greenpeace en los diferentes pa\u00edses.<\/p>\n<p style=\"text-align: justify;\"><strong>Listado de p\u00e1ginas web de empleo de Greenpeace por pa\u00edses:<\/strong><\/p>\n<ul style=\"text-align: justify;\">\n<li>Italia \u2014&gt;\u00a0<a href=\"http:\/\/www.greenpeace.org\/italy\/it\/Cosa-puoi-fare-tu\/lavoro\/\" target=\"_blank\" rel=\"noopener noreferrer\">Empleo<\/a><\/li>\n<li>Este de Asia \u2014&gt;\u00a0<a href=\"http:\/\/www.greenpeace.org\/eastasia\/about\/jobs\/\" target=\"_blank\" rel=\"noopener noreferrer\">Empleo<\/a><\/li>\n<li>Dinamarca \u2014&gt;\u00a0<a href=\"http:\/\/www.greenpeace.org\/denmark\/da\/om-greenpeace\/job\/\" target=\"_blank\" rel=\"noopener noreferrer\">Empleo<\/a><\/li>\n<li>China \u2014&gt;\u00a0<a href=\"http:\/\/www.greenpeace.org\/china\/zh\/about\/jobs\/\" target=\"_blank\" rel=\"noopener noreferrer\">Empleo<\/a><\/li>\n<li>Unidad de Trabajo de Europa \u2014&gt;\u00a0<a href=\"http:\/\/www.greenpeace.org\/eu-unit\/en\/about\/vacancies\/\" target=\"_blank\" rel=\"noopener noreferrer\">Empleo<\/a><\/li>\n<li>Canad\u00e1 \u2014&gt;\u00a0<a href=\"http:\/\/www.greenpeace.org\/canada\/en\/About-us\/Employment\/\" target=\"_blank\" rel=\"noopener noreferrer\">Empleo<\/a><\/li>\n<li>Australia \u2014&gt;\u00a0<a href=\"http:\/\/www.greenpeace.org\/australia\/en\/about\/jobs\/\" target=\"_blank\" rel=\"noopener noreferrer\">Empleo<\/a><\/li>\n<li>B\u00e9lgica \u2014&gt;\u00a0<a href=\"http:\/\/www.greenpeace.org\/belgium\/nl\/wie-zijn-we\/vacatures\/\" target=\"_blank\" rel=\"noopener noreferrer\">Empleo<\/a><\/li>\n<li>Brasil \u2014&gt;\u00a0<a href=\"http:\/\/www.greenpeace.org\/brasil\/pt\/quemsomos\/Trabalhe-conosco1\/\" target=\"_blank\" rel=\"noopener noreferrer\">Empleo<\/a><\/li>\n<li>Finlandia \u2014&gt;\u00a0<a href=\"http:\/\/www.greenpeace.org\/finland\/fi\/greenpeace\/Avoimet-tyopaikat\/\" target=\"_blank\" rel=\"noopener noreferrer\">Empleo<\/a><\/li>\n<li>Francia \u2014&gt;\u00a0<a href=\"http:\/\/www.greenpeace.org\/france\/fr\/jobs\/\" target=\"_blank\" rel=\"noopener noreferrer\">Empleo<\/a><\/li>\n<li>Grecia \u2014&gt;\u00a0<a href=\"http:\/\/www.greenpeace.org\/greece\/el\/getinvolved\/jobs\/\" target=\"_blank\" rel=\"noopener noreferrer\">Empleo<\/a><\/li>\n<li>Hungr\u00eda \u2014&gt;\u00a0<a href=\"http:\/\/www.greenpeace.org\/hungary\/hu\/rolunk\/Dolgozz-nalunk\/\" target=\"_blank\" rel=\"noopener noreferrer\">Empleo<\/a><\/li>\n<li>Indonesia \u2014&gt;\u00a0<a href=\"http:\/\/www.greenpeace.org\/seasia\/id\/aksi-kamu\/jobs\/\" target=\"_blank\" rel=\"noopener noreferrer\">Empleo<\/a><\/li>\n<li>Israel \u2014&gt;\u00a0<a href=\"http:\/\/www.greenpeace.org\/israel\/he\/wanted\/\" target=\"_blank\" rel=\"noopener noreferrer\">Empleo<\/a><\/li>\n<li>Estados Unidos \u2014&gt;\u00a0<a href=\"http:\/\/www.greenpeace.org\/usa\/en\/about\/jobs\/\" target=\"_blank\" rel=\"noopener noreferrer\">Empleo<\/a><\/li>\n<li>Jap\u00f3n \u2014&gt;\u00a0<a href=\"http:\/\/www.greenpeace.org\/japan\/ja\/info\/recruit\/\" target=\"_blank\" rel=\"noopener noreferrer\">Empleo<\/a><\/li>\n<li>Korea\u2014&gt;\u00a0<a href=\"http:\/\/www.greenpeace.org\/korea\/about-us\/jobs\/\" target=\"_blank\" rel=\"noopener noreferrer\">Empleo<\/a><\/li>\n<li>Luxemburgo \u2014&gt;\u00a0<a href=\"http:\/\/www.greenpeace.org\/luxembourg\/fr\/a-propos\/jobs\/\">Empleo<\/a><\/li>\n<li>M\u00e9xico \u2014&gt;\u00a0<a href=\"http:\/\/www.greenpeace.org\/mexico\/es\/Unete\/Trabaja-con-nosotros\/\" target=\"_blank\" rel=\"noopener noreferrer\">Empleo<\/a><\/li>\n<li>Holanda\u2014&gt;\u00a0<a href=\"http:\/\/www.greenpeace.nl\/getinvolved\/Kom-werken-bij-Greenpeace\/\" target=\"_blank\" rel=\"noopener noreferrer\">Empleo<\/a><\/li>\n<li>Noruega \u2014&gt;\u00a0<a href=\"http:\/\/www.greenpeace.org\/norway\/no\/om\/jobber\/\" target=\"_blank\" rel=\"noopener noreferrer\">Empleo<\/a><\/li>\n<li>Polonia \u2014&gt;\u00a0<a href=\"http:\/\/www.greenpeace.org\/poland\/pl\/dolacz-do-nas\/jobs\/\" target=\"_blank\" rel=\"noopener noreferrer\">Empleo<\/a><\/li>\n<li>Rusia \u2014&gt;\u00a0<a href=\"http:\/\/www.greenpeace.org\/russia\/ru\/about\/job\/\" target=\"_blank\" rel=\"noopener noreferrer\">Empleo<\/a><\/li>\n<li>Eslovenia \u2014&gt;\u00a0<a href=\"http:\/\/www.greenpeace.org\/slovenia\/si\/about\/prosta-delovna-mesta\/\" target=\"_blank\" rel=\"noopener noreferrer\">Empleo<\/a><\/li>\n<li>Suiza \u2014&gt;\u00a0<a href=\"http:\/\/www.greenpeace.org\/switzerland\/fr\/notre-sujet\/offres-emploi\/\" target=\"_blank\" rel=\"noopener noreferrer\">Empleo<\/a><\/li>\n<li>Taiwan \u2014&gt;\u00a0<a href=\"http:\/\/www.greenpeace.org\/taiwan\/zh\/aboutus\/jobs\/\" target=\"_blank\" rel=\"noopener noreferrer\">Empleo<\/a><\/li>\n<li>Sur de Asia \u2014&gt;\u00a0<a href=\"http:\/\/www.greenpeace.org\/seasia\/th\/about\/jobs\/\" target=\"_blank\" rel=\"noopener noreferrer\">Empleo<\/a><\/li>\n<li>Reino Unido \u2013&gt;\u00a0<a href=\"http:\/\/www.greenpeace.org.uk\/what-you-can-do\/jobs\" target=\"_blank\" rel=\"noopener noreferrer\">Empleo<\/a><\/li>\n<\/ul>\n<p style=\"text-align: justify;\">Tal vez se haya escapado alg\u00fan pa\u00eds, no obstante vas a poder encontrar el correspondiente apartado de empleo en la p\u00e1gina de dicho pa\u00eds.<\/p>\n<h2 style=\"text-align: justify;\"><strong>Colabora con Greenpeace como Voluntario<\/strong><\/h2>\n<p style=\"text-align: justify;\">Otra de las grandes oportunidades que ofrece esta organizaci\u00f3n, es participar como voluntario.<\/p>\n<p style=\"text-align: justify;\">Los voluntarios est\u00e1n comprometidos con los principios de independencia y pacifismo de la organizaci\u00f3n, y ofrecen su tiempo y habilidades para colaborar en las campa\u00f1as de Greenpeace.<\/p>\n<p style=\"text-align: justify;\">A trav\u00e9s de\u00a0<strong><a href=\"http:\/\/www.greenpeace.org\/espana\/es\/Que-puedes-hacer-tu\/Ser-voluntario\/\" target=\"_blank\" rel=\"noopener noreferrer\">este enlace<\/a><\/strong>\u00a0puedes acceder a la web dedicada a voluntariado en Espa\u00f1a aunque si quieres realizar tus acciones desde otro pa\u00eds, s\u00f3lo tienes que dirigirte a la web oficial de Greenpeace en el pa\u00eds en concreto y acceder a la secci\u00f3n de \u201cVoluntarios\u201d (cabe mencionar que esto aparecer\u00e1 en el idioma correspondiente).<\/p>\n","protected":false},"excerpt":{"rendered":"<p>Defensores de la naturaleza, futuros o presentes activistas, personas que quieren luchar por un mundo mejor, ecologistas\u2026 hoy os queremos hablar de c\u00f3mo puedes acceder a las\u00a0oportunidades para trabajar en Greenpeace, una de las organizaciones m\u00e1s conocidas de todo el mundo. Greenpeace\u00a0es una ONG de tipo ambientalista fundada en el a\u00f1o 1971 en Vancouver, Canad\u00e1. [&hellip;]<\/p>\n","protected":false},"author":1,"featured_media":0,"comment_status":"open","ping_status":"open","sticky":false,"template":"","format":"standard","meta":{"_acf_changed":false,"_relevanssi_hide_post":"","_relevanssi_hide_content":"","_relevanssi_pin_for_all":"","_relevanssi_pin_keywords":"","_relevanssi_unpin_keywords":"","_relevanssi_related_keywords":"","_relevanssi_related_include_ids":"","_relevanssi_related_exclude_ids":"","_relevanssi_related_no_append":"","_relevanssi_related_not_related":"","_relevanssi_related_posts":"","_relevanssi_noindex_reason":"","_monsterinsights_skip_tracking":false,"_monsterinsights_sitenote_active":false,"_monsterinsights_sitenote_note":"","_monsterinsights_sitenote_category":0,"_genesis_hide_title":false,"_genesis_hide_breadcrumbs":false,"_genesis_hide_singular_image":false,"_genesis_hide_footer_widgets":false,"_genesis_custom_body_class":"","_genesis_custom_post_class":"","_genesis_layout":"","footnotes":""},"categories":[1],"tags":[],"class_list":{"0":"post-2048","1":"post","2":"type-post","3":"status-publish","4":"format-standard","6":"category-sin-categorizar","7":"entry","8":"has-post-thumbnail"},"acf":[],"yoast_head":"<!-- This site is optimized with the Yoast SEO plugin v27.4 - https:\/\/yoast.com\/product\/yoast-seo-wordpress\/ -->\n<title>Oportunidades de empleo y Voluntariado en Greenpeace | CDE Almer\u00eda - Centro de Documentaci\u00f3n Europea - Universidad de Almer\u00eda<\/title>\n<meta name=\"robots\" content=\"index, follow, max-snippet:-1, max-image-preview:large, max-video-preview:-1\" \/>\n<link rel=\"canonical\" href=\"https:\/\/www.cde.ual.es\/oportunidades-de-empleo-y-voluntariado-en-greenpeace\/\" \/>\n<meta property=\"og:locale\" content=\"en_US\" \/>\n<meta property=\"og:type\" content=\"article\" \/>\n<meta property=\"og:title\" content=\"Oportunidades de empleo y Voluntariado en Greenpeace | CDE Almer\u00eda - Centro de Documentaci\u00f3n Europea - Universidad de Almer\u00eda\" \/>\n<meta property=\"og:description\" content=\"Defensores de la naturaleza, futuros o presentes activistas, personas que quieren luchar por un mundo mejor, ecologistas\u2026 hoy os queremos hablar de c\u00f3mo puedes acceder a las\u00a0oportunidades para trabajar en Greenpeace, una de las organizaciones m\u00e1s conocidas de todo el mundo. Greenpeace\u00a0es una ONG de tipo ambientalista fundada en el a\u00f1o 1971 en Vancouver, Canad\u00e1. [&hellip;]\" \/>\n<meta property=\"og:url\" content=\"https:\/\/www.cde.ual.es\/oportunidades-de-empleo-y-voluntariado-en-greenpeace\/\" \/>\n<meta property=\"og:site_name\" content=\"CDE Almer\u00eda - Centro de Documentaci\u00f3n Europea - Universidad de Almer\u00eda\" \/>\n<meta property=\"article:publisher\" content=\"https:\/\/www.facebook.com\/cdeuniversidadalmeria\/\" \/>\n<meta property=\"article:published_time\" content=\"2017-06-22T11:30:10+00:00\" \/>\n<meta property=\"og:image\" content=\"http:\/\/www.cde.ual.es\/wp-content\/uploads\/2017\/06\/Greenpeace-logo.png\" \/>\n<meta name=\"author\" content=\"AdminCDE\" \/>\n<meta name=\"twitter:card\" content=\"summary_large_image\" \/>\n<meta name=\"twitter:creator\" content=\"@cdeualmeria\" \/>\n<meta name=\"twitter:site\" content=\"@cdeualmeria\" \/>\n<meta name=\"twitter:label1\" content=\"Written by\" \/>\n\t<meta name=\"twitter:data1\" content=\"AdminCDE\" \/>\n\t<meta name=\"twitter:label2\" content=\"Est. reading time\" \/>\n\t<meta name=\"twitter:data2\" content=\"3 minutes\" \/>\n<script type=\"application\/ld+json\" class=\"yoast-schema-graph\">{\"@context\":\"https:\\\/\\\/schema.org\",\"@graph\":[{\"@type\":\"Article\",\"@id\":\"https:\\\/\\\/www.cde.ual.es\\\/oportunidades-de-empleo-y-voluntariado-en-greenpeace\\\/#article\",\"isPartOf\":{\"@id\":\"https:\\\/\\\/www.cde.ual.es\\\/oportunidades-de-empleo-y-voluntariado-en-greenpeace\\\/\"},\"author\":{\"name\":\"AdminCDE\",\"@id\":\"https:\\\/\\\/www.cde.ual.es\\\/#\\\/schema\\\/person\\\/224ef08c8bcc005f319d2713ce37ee5f\"},\"headline\":\"Oportunidades de empleo y Voluntariado en Greenpeace\",\"datePublished\":\"2017-06-22T11:30:10+00:00\",\"mainEntityOfPage\":{\"@id\":\"https:\\\/\\\/www.cde.ual.es\\\/oportunidades-de-empleo-y-voluntariado-en-greenpeace\\\/\"},\"wordCount\":596,\"commentCount\":0,\"publisher\":{\"@id\":\"https:\\\/\\\/www.cde.ual.es\\\/#organization\"},\"image\":{\"@id\":\"https:\\\/\\\/www.cde.ual.es\\\/oportunidades-de-empleo-y-voluntariado-en-greenpeace\\\/#primaryimage\"},\"thumbnailUrl\":\"http:\\\/\\\/www.cde.ual.es\\\/wp-content\\\/uploads\\\/2017\\\/06\\\/Greenpeace-logo.png\",\"articleSection\":[\"Sin categorizar\"],\"inLanguage\":\"en-US\",\"potentialAction\":[{\"@type\":\"CommentAction\",\"name\":\"Comment\",\"target\":[\"https:\\\/\\\/www.cde.ual.es\\\/oportunidades-de-empleo-y-voluntariado-en-greenpeace\\\/#respond\"]}]},{\"@type\":\"WebPage\",\"@id\":\"https:\\\/\\\/www.cde.ual.es\\\/oportunidades-de-empleo-y-voluntariado-en-greenpeace\\\/\",\"url\":\"https:\\\/\\\/www.cde.ual.es\\\/oportunidades-de-empleo-y-voluntariado-en-greenpeace\\\/\",\"name\":\"Oportunidades de empleo y Voluntariado en Greenpeace | CDE Almer\u00eda - Centro de Documentaci\u00f3n Europea - Universidad de Almer\u00eda\",\"isPartOf\":{\"@id\":\"https:\\\/\\\/www.cde.ual.es\\\/#website\"},\"primaryImageOfPage\":{\"@id\":\"https:\\\/\\\/www.cde.ual.es\\\/oportunidades-de-empleo-y-voluntariado-en-greenpeace\\\/#primaryimage\"},\"image\":{\"@id\":\"https:\\\/\\\/www.cde.ual.es\\\/oportunidades-de-empleo-y-voluntariado-en-greenpeace\\\/#primaryimage\"},\"thumbnailUrl\":\"http:\\\/\\\/www.cde.ual.es\\\/wp-content\\\/uploads\\\/2017\\\/06\\\/Greenpeace-logo.png\",\"datePublished\":\"2017-06-22T11:30:10+00:00\",\"breadcrumb\":{\"@id\":\"https:\\\/\\\/www.cde.ual.es\\\/oportunidades-de-empleo-y-voluntariado-en-greenpeace\\\/#breadcrumb\"},\"inLanguage\":\"en-US\",\"potentialAction\":[{\"@type\":\"ReadAction\",\"target\":[\"https:\\\/\\\/www.cde.ual.es\\\/oportunidades-de-empleo-y-voluntariado-en-greenpeace\\\/\"]}]},{\"@type\":\"ImageObject\",\"inLanguage\":\"en-US\",\"@id\":\"https:\\\/\\\/www.cde.ual.es\\\/oportunidades-de-empleo-y-voluntariado-en-greenpeace\\\/#primaryimage\",\"url\":\"http:\\\/\\\/www.cde.ual.es\\\/wp-content\\\/uploads\\\/2017\\\/06\\\/Greenpeace-logo.png\",\"contentUrl\":\"http:\\\/\\\/www.cde.ual.es\\\/wp-content\\\/uploads\\\/2017\\\/06\\\/Greenpeace-logo.png\"},{\"@type\":\"BreadcrumbList\",\"@id\":\"https:\\\/\\\/www.cde.ual.es\\\/oportunidades-de-empleo-y-voluntariado-en-greenpeace\\\/#breadcrumb\",\"itemListElement\":[{\"@type\":\"ListItem\",\"position\":1,\"name\":\"Inicio\",\"item\":\"https:\\\/\\\/www.cde.ual.es\\\/en\\\/\"},{\"@type\":\"ListItem\",\"position\":2,\"name\":\"Sin categorizar\",\"item\":\"https:\\\/\\\/www.cde.ual.es\\\/category\\\/sin-categorizar\\\/\"},{\"@type\":\"ListItem\",\"position\":3,\"name\":\"Oportunidades de empleo y Voluntariado en Greenpeace\"}]},{\"@type\":\"WebSite\",\"@id\":\"https:\\\/\\\/www.cde.ual.es\\\/#website\",\"url\":\"https:\\\/\\\/www.cde.ual.es\\\/\",\"name\":\"CDE Almer\u00eda - Centro de Documentaci\u00f3n Europea - Universidad de Almer\u00eda\",\"description\":\"Centro de Documentaci\u00f3n Europea de la Universidad de Almer\u00eda\",\"publisher\":{\"@id\":\"https:\\\/\\\/www.cde.ual.es\\\/#organization\"},\"alternateName\":\"CDE Almer\u00eda\",\"potentialAction\":[{\"@type\":\"SearchAction\",\"target\":{\"@type\":\"EntryPoint\",\"urlTemplate\":\"https:\\\/\\\/www.cde.ual.es\\\/?s={search_term_string}\"},\"query-input\":{\"@type\":\"PropertyValueSpecification\",\"valueRequired\":true,\"valueName\":\"search_term_string\"}}],\"inLanguage\":\"en-US\"},{\"@type\":\"Organization\",\"@id\":\"https:\\\/\\\/www.cde.ual.es\\\/#organization\",\"name\":\"Centro de Documentaci\u00f3n Europea de Almer\u00eda\",\"url\":\"https:\\\/\\\/www.cde.ual.es\\\/\",\"logo\":{\"@type\":\"ImageObject\",\"inLanguage\":\"en-US\",\"@id\":\"https:\\\/\\\/www.cde.ual.es\\\/#\\\/schema\\\/logo\\\/image\\\/\",\"url\":\"https:\\\/\\\/www.cde.ual.es\\\/wp-content\\\/uploads\\\/2025\\\/07\\\/cde-logo-3.png\",\"contentUrl\":\"https:\\\/\\\/www.cde.ual.es\\\/wp-content\\\/uploads\\\/2025\\\/07\\\/cde-logo-3.png\",\"width\":1400,\"height\":300,\"caption\":\"Centro de Documentaci\u00f3n Europea de Almer\u00eda\"},\"image\":{\"@id\":\"https:\\\/\\\/www.cde.ual.es\\\/#\\\/schema\\\/logo\\\/image\\\/\"},\"sameAs\":[\"https:\\\/\\\/www.facebook.com\\\/cdeuniversidadalmeria\\\/\",\"https:\\\/\\\/x.com\\\/cdeualmeria\",\"https:\\\/\\\/www.tiktok.com\\\/@cdealmeria\",\"https:\\\/\\\/www.instagram.com\\\/cdealmeria\\\/\",\"https:\\\/\\\/www.linkedin.com\\\/in\\\/cde-almera-812b26a9\\\/\"]},{\"@type\":\"Person\",\"@id\":\"https:\\\/\\\/www.cde.ual.es\\\/#\\\/schema\\\/person\\\/224ef08c8bcc005f319d2713ce37ee5f\",\"name\":\"AdminCDE\",\"image\":{\"@type\":\"ImageObject\",\"inLanguage\":\"en-US\",\"@id\":\"https:\\\/\\\/secure.gravatar.com\\\/avatar\\\/a72d038d371f995cd13706fac32274b7952a52e8fb0a84b5f80c85426f2a98a8?s=96&d=mm&r=g\",\"url\":\"https:\\\/\\\/secure.gravatar.com\\\/avatar\\\/a72d038d371f995cd13706fac32274b7952a52e8fb0a84b5f80c85426f2a98a8?s=96&d=mm&r=g\",\"contentUrl\":\"https:\\\/\\\/secure.gravatar.com\\\/avatar\\\/a72d038d371f995cd13706fac32274b7952a52e8fb0a84b5f80c85426f2a98a8?s=96&d=mm&r=g\",\"caption\":\"AdminCDE\"}}]}<\/script>\n<!-- \/ Yoast SEO plugin. -->","yoast_head_json":{"title":"Oportunidades de empleo y Voluntariado en Greenpeace | CDE Almer\u00eda - Centro de Documentaci\u00f3n Europea - Universidad de Almer\u00eda","robots":{"index":"index","follow":"follow","max-snippet":"max-snippet:-1","max-image-preview":"max-image-preview:large","max-video-preview":"max-video-preview:-1"},"canonical":"https:\/\/www.cde.ual.es\/oportunidades-de-empleo-y-voluntariado-en-greenpeace\/","og_locale":"en_US","og_type":"article","og_title":"Oportunidades de empleo y Voluntariado en Greenpeace | CDE Almer\u00eda - Centro de Documentaci\u00f3n Europea - Universidad de Almer\u00eda","og_description":"Defensores de la naturaleza, futuros o presentes activistas, personas que quieren luchar por un mundo mejor, ecologistas\u2026 hoy os queremos hablar de c\u00f3mo puedes acceder a las\u00a0oportunidades para trabajar en Greenpeace, una de las organizaciones m\u00e1s conocidas de todo el mundo. Greenpeace\u00a0es una ONG de tipo ambientalista fundada en el a\u00f1o 1971 en Vancouver, Canad\u00e1. [&hellip;]","og_url":"https:\/\/www.cde.ual.es\/oportunidades-de-empleo-y-voluntariado-en-greenpeace\/","og_site_name":"CDE Almer\u00eda - Centro de Documentaci\u00f3n Europea - Universidad de Almer\u00eda","article_publisher":"https:\/\/www.facebook.com\/cdeuniversidadalmeria\/","article_published_time":"2017-06-22T11:30:10+00:00","og_image":[{"url":"http:\/\/www.cde.ual.es\/wp-content\/uploads\/2017\/06\/Greenpeace-logo.png","type":"","width":"","height":""}],"author":"AdminCDE","twitter_card":"summary_large_image","twitter_creator":"@cdeualmeria","twitter_site":"@cdeualmeria","twitter_misc":{"Written by":"AdminCDE","Est. reading time":"3 minutes"},"schema":{"@context":"https:\/\/schema.org","@graph":[{"@type":"Article","@id":"https:\/\/www.cde.ual.es\/oportunidades-de-empleo-y-voluntariado-en-greenpeace\/#article","isPartOf":{"@id":"https:\/\/www.cde.ual.es\/oportunidades-de-empleo-y-voluntariado-en-greenpeace\/"},"author":{"name":"AdminCDE","@id":"https:\/\/www.cde.ual.es\/#\/schema\/person\/224ef08c8bcc005f319d2713ce37ee5f"},"headline":"Oportunidades de empleo y Voluntariado en Greenpeace","datePublished":"2017-06-22T11:30:10+00:00","mainEntityOfPage":{"@id":"https:\/\/www.cde.ual.es\/oportunidades-de-empleo-y-voluntariado-en-greenpeace\/"},"wordCount":596,"commentCount":0,"publisher":{"@id":"https:\/\/www.cde.ual.es\/#organization"},"image":{"@id":"https:\/\/www.cde.ual.es\/oportunidades-de-empleo-y-voluntariado-en-greenpeace\/#primaryimage"},"thumbnailUrl":"http:\/\/www.cde.ual.es\/wp-content\/uploads\/2017\/06\/Greenpeace-logo.png","articleSection":["Sin categorizar"],"inLanguage":"en-US","potentialAction":[{"@type":"CommentAction","name":"Comment","target":["https:\/\/www.cde.ual.es\/oportunidades-de-empleo-y-voluntariado-en-greenpeace\/#respond"]}]},{"@type":"WebPage","@id":"https:\/\/www.cde.ual.es\/oportunidades-de-empleo-y-voluntariado-en-greenpeace\/","url":"https:\/\/www.cde.ual.es\/oportunidades-de-empleo-y-voluntariado-en-greenpeace\/","name":"Oportunidades de empleo y Voluntariado en Greenpeace | CDE Almer\u00eda - Centro de Documentaci\u00f3n Europea - Universidad de Almer\u00eda","isPartOf":{"@id":"https:\/\/www.cde.ual.es\/#website"},"primaryImageOfPage":{"@id":"https:\/\/www.cde.ual.es\/oportunidades-de-empleo-y-voluntariado-en-greenpeace\/#primaryimage"},"image":{"@id":"https:\/\/www.cde.ual.es\/oportunidades-de-empleo-y-voluntariado-en-greenpeace\/#primaryimage"},"thumbnailUrl":"http:\/\/www.cde.ual.es\/wp-content\/uploads\/2017\/06\/Greenpeace-logo.png","datePublished":"2017-06-22T11:30:10+00:00","breadcrumb":{"@id":"https:\/\/www.cde.ual.es\/oportunidades-de-empleo-y-voluntariado-en-greenpeace\/#breadcrumb"},"inLanguage":"en-US","potentialAction":[{"@type":"ReadAction","target":["https:\/\/www.cde.ual.es\/oportunidades-de-empleo-y-voluntariado-en-greenpeace\/"]}]},{"@type":"ImageObject","inLanguage":"en-US","@id":"https:\/\/www.cde.ual.es\/oportunidades-de-empleo-y-voluntariado-en-greenpeace\/#primaryimage","url":"http:\/\/www.cde.ual.es\/wp-content\/uploads\/2017\/06\/Greenpeace-logo.png","contentUrl":"http:\/\/www.cde.ual.es\/wp-content\/uploads\/2017\/06\/Greenpeace-logo.png"},{"@type":"BreadcrumbList","@id":"https:\/\/www.cde.ual.es\/oportunidades-de-empleo-y-voluntariado-en-greenpeace\/#breadcrumb","itemListElement":[{"@type":"ListItem","position":1,"name":"Inicio","item":"https:\/\/www.cde.ual.es\/en\/"},{"@type":"ListItem","position":2,"name":"Sin categorizar","item":"https:\/\/www.cde.ual.es\/category\/sin-categorizar\/"},{"@type":"ListItem","position":3,"name":"Oportunidades de empleo y Voluntariado en Greenpeace"}]},{"@type":"WebSite","@id":"https:\/\/www.cde.ual.es\/#website","url":"https:\/\/www.cde.ual.es\/","name":"CDE Almer\u00eda - Centro de Documentaci\u00f3n Europea - Universidad de Almer\u00eda","description":"Centro de Documentaci\u00f3n Europea de la Universidad de Almer\u00eda","publisher":{"@id":"https:\/\/www.cde.ual.es\/#organization"},"alternateName":"CDE Almer\u00eda","potentialAction":[{"@type":"SearchAction","target":{"@type":"EntryPoint","urlTemplate":"https:\/\/www.cde.ual.es\/?s={search_term_string}"},"query-input":{"@type":"PropertyValueSpecification","valueRequired":true,"valueName":"search_term_string"}}],"inLanguage":"en-US"},{"@type":"Organization","@id":"https:\/\/www.cde.ual.es\/#organization","name":"Centro de Documentaci\u00f3n Europea de Almer\u00eda","url":"https:\/\/www.cde.ual.es\/","logo":{"@type":"ImageObject","inLanguage":"en-US","@id":"https:\/\/www.cde.ual.es\/#\/schema\/logo\/image\/","url":"https:\/\/www.cde.ual.es\/wp-content\/uploads\/2025\/07\/cde-logo-3.png","contentUrl":"https:\/\/www.cde.ual.es\/wp-content\/uploads\/2025\/07\/cde-logo-3.png","width":1400,"height":300,"caption":"Centro de Documentaci\u00f3n Europea de Almer\u00eda"},"image":{"@id":"https:\/\/www.cde.ual.es\/#\/schema\/logo\/image\/"},"sameAs":["https:\/\/www.facebook.com\/cdeuniversidadalmeria\/","https:\/\/x.com\/cdeualmeria","https:\/\/www.tiktok.com\/@cdealmeria","https:\/\/www.instagram.com\/cdealmeria\/","https:\/\/www.linkedin.com\/in\/cde-almera-812b26a9\/"]},{"@type":"Person","@id":"https:\/\/www.cde.ual.es\/#\/schema\/person\/224ef08c8bcc005f319d2713ce37ee5f","name":"AdminCDE","image":{"@type":"ImageObject","inLanguage":"en-US","@id":"https:\/\/secure.gravatar.com\/avatar\/a72d038d371f995cd13706fac32274b7952a52e8fb0a84b5f80c85426f2a98a8?s=96&d=mm&r=g","url":"https:\/\/secure.gravatar.com\/avatar\/a72d038d371f995cd13706fac32274b7952a52e8fb0a84b5f80c85426f2a98a8?s=96&d=mm&r=g","contentUrl":"https:\/\/secure.gravatar.com\/avatar\/a72d038d371f995cd13706fac32274b7952a52e8fb0a84b5f80c85426f2a98a8?s=96&d=mm&r=g","caption":"AdminCDE"}}]}},"_links":{"self":[{"href":"https:\/\/www.cde.ual.es\/en\/wp-json\/wp\/v2\/posts\/2048","targetHints":{"allow":["GET"]}}],"collection":[{"href":"https:\/\/www.cde.ual.es\/en\/wp-json\/wp\/v2\/posts"}],"about":[{"href":"https:\/\/www.cde.ual.es\/en\/wp-json\/wp\/v2\/types\/post"}],"author":[{"embeddable":true,"href":"https:\/\/www.cde.ual.es\/en\/wp-json\/wp\/v2\/users\/1"}],"replies":[{"embeddable":true,"href":"https:\/\/www.cde.ual.es\/en\/wp-json\/wp\/v2\/comments?post=2048"}],"version-history":[{"count":0,"href":"https:\/\/www.cde.ual.es\/en\/wp-json\/wp\/v2\/posts\/2048\/revisions"}],"wp:attachment":[{"href":"https:\/\/www.cde.ual.es\/en\/wp-json\/wp\/v2\/media?parent=2048"}],"wp:term":[{"taxonomy":"category","embeddable":true,"href":"https:\/\/www.cde.ual.es\/en\/wp-json\/wp\/v2\/categories?post=2048"},{"taxonomy":"post_tag","embeddable":true,"href":"https:\/\/www.cde.ual.es\/en\/wp-json\/wp\/v2\/tags?post=2048"}],"curies":[{"name":"wp","href":"https:\/\/api.w.org\/{rel}","templated":true}]}}