{"id":20318,"date":"2019-06-25T08:00:24","date_gmt":"2019-06-25T06:00:24","guid":{"rendered":"https:\/\/www.cde.ual.es\/?p=20318"},"modified":"2019-06-21T09:20:11","modified_gmt":"2019-06-21T07:20:11","slug":"member-states-agree-to-commission-proposal-to-support-irish-beef-producers-impacted-by-market-uncertainty","status":"publish","type":"post","link":"https:\/\/www.cde.ual.es\/en\/member-states-agree-to-commission-proposal-to-support-irish-beef-producers-impacted-by-market-uncertainty\/","title":{"rendered":"Member States agree to Commission proposal to support Irish beef producers impacted by market uncertainty"},"content":{"rendered":"<p><strong><em>EU Member States last week agreed to a proposal from the European Commission to make \u20ac50 million available to Irish beef farmers, which can be matched by national funds to reach a maximum of \u20ac100 million.<\/em><\/strong><\/p>\n<p><a href=\"https:\/\/www.cde.ual.es\/wp-content\/uploads\/2019\/06\/animal-cattle-clouds-1297307.jpg\"><img decoding=\"async\" class=\"size-medium wp-image-20315 aligncenter\" src=\"https:\/\/www.cde.ual.es\/wp-content\/uploads\/2019\/06\/animal-cattle-clouds-1297307-300x200.jpg\" alt=\"Vacas pastan en un paraje verdoso\" width=\"300\" height=\"200\" srcset=\"https:\/\/www.cde.ual.es\/wp-content\/uploads\/2019\/06\/animal-cattle-clouds-1297307-300x200.jpg 300w, https:\/\/www.cde.ual.es\/wp-content\/uploads\/2019\/06\/animal-cattle-clouds-1297307.jpg 600w\" sizes=\"(max-width: 300px) 100vw, 300px\" \/><\/a><\/p>\n<p>The establishment of the fund reflects the Commission recognition of the particular challenges facing the Irish beef and veal sector due to market uncertainty and an unprecedented and sustained period of low prices. This exceptional measure, provided under the <a href=\"https:\/\/ec.europa.eu\/agriculture\/markets_en\">Common Market Organisation<\/a> of the Common Agricultural Policy (CAP), will offer support to the Irish farmers affected.<\/p>\n<p>Due to the drop in prices, with a fall in margins estimated at 11 to 19% in the past year for the beef and veal sector, the Irish authorities have calculated that beef farmers have lost just over \u20ac100 million.<\/p>\n<p>Once formally adopted by the Commission early next month, the Irish authorities will have until the end of July to design the criteria within a set framework for granting the aid. They must avoid the distortion of competition when distributing it. One of the key objectives should be to ensure the beef and veal sector&#8217;s long-term viability through, for example, the development of new markets, the implementation of quality schemes, or the improvement of farmers&#8217; environmental sustainability.<\/p>\n<h2>Background<\/h2>\n<p>The Commission has, over the last four years, been very supportive of a number of sectors which have experienced specific problems, whether arising from the introduction of the <a href=\"https:\/\/ec.europa.eu\/agriculture\/russian-import-ban_en\">Russian ba<\/a>n or particular difficulties in the European animal product sectors in recent years.<\/p>\n<h3>More Information<\/h3>\n<p>Access the<a href=\"http:\/\/europa.eu\/rapid\/press-release_IP-19-3324_en.htm\"> complete news<\/a><\/p>\n<p>Related document:\u00a0<a href=\"https:\/\/www.cde.ual.es\/ficha\/study-on-producer-organisations-and-their-activities-in-the-olive-oil-beef-and-veal-arable-crops-sectors\/\">Study on producer organisations and their activities in the olive oil, beef and veal, arable crops sectors<\/a><\/p>\n<p><a href=\"https:\/\/ec.europa.eu\/agriculture\/markets_en\">Agricultural Markets<\/a><\/p>\n<p><a href=\"https:\/\/ec.europa.eu\/agriculture\/market-observatory\/meat_en\">EU meat market observatory<\/a><\/p>\n<p>&nbsp;<\/p>\n","protected":false},"excerpt":{"rendered":"<p>EU Member States last week agreed to a proposal from the European Commission to make \u20ac50 million available to Irish beef farmers, which can be matched by national funds to reach a maximum of \u20ac100 million. The establishment of the fund reflects the Commission recognition of the particular challenges facing the Irish beef and veal [&hellip;]<\/p>\n","protected":false},"author":101011,"featured_media":20316,"comment_status":"open","ping_status":"open","sticky":false,"template":"","format":"standard","meta":{"_acf_changed":false,"_relevanssi_hide_post":"","_relevanssi_hide_content":"","_relevanssi_pin_for_all":"","_relevanssi_pin_keywords":"","_relevanssi_unpin_keywords":"","_relevanssi_related_keywords":"","_relevanssi_related_include_ids":"","_relevanssi_related_exclude_ids":"","_relevanssi_related_no_append":"","_relevanssi_related_not_related":"","_relevanssi_related_posts":"","_relevanssi_noindex_reason":"","_monsterinsights_skip_tracking":false,"_monsterinsights_sitenote_active":false,"_monsterinsights_sitenote_note":"","_monsterinsights_sitenote_category":0,"_genesis_hide_title":false,"_genesis_hide_breadcrumbs":false,"_genesis_hide_singular_image":false,"_genesis_hide_footer_widgets":false,"_genesis_custom_body_class":"","_genesis_custom_post_class":"","_genesis_layout":"","footnotes":""},"categories":[346],"tags":[610,497],"class_list":{"0":"post-20318","1":"post","2":"type-post","3":"status-publish","4":"format-standard","5":"has-post-thumbnail","7":"category-eu-news","8":"tag-agrifood-sector","9":"tag-european-union-market","10":"entry"},"acf":[],"yoast_head":"<!-- This site is optimized with the Yoast SEO plugin v27.5 - https:\/\/yoast.com\/product\/yoast-seo-wordpress\/ -->\n<title>Member States agree to Commission proposal to support Irish beef producers impacted by market uncertainty | CDE Almer\u00eda - Centro de Documentaci\u00f3n Europea - Universidad de Almer\u00eda<\/title>\n<meta name=\"robots\" content=\"index, follow, max-snippet:-1, max-image-preview:large, max-video-preview:-1\" \/>\n<link rel=\"canonical\" href=\"https:\/\/www.cde.ual.es\/en\/member-states-agree-to-commission-proposal-to-support-irish-beef-producers-impacted-by-market-uncertainty\/\" \/>\n<meta property=\"og:locale\" content=\"en_US\" \/>\n<meta property=\"og:type\" content=\"article\" \/>\n<meta property=\"og:title\" content=\"Member States agree to Commission proposal to support Irish beef producers impacted by market uncertainty | CDE Almer\u00eda - Centro de Documentaci\u00f3n Europea - Universidad de Almer\u00eda\" \/>\n<meta property=\"og:description\" content=\"EU Member States last week agreed to a proposal from the European Commission to make \u20ac50 million available to Irish beef farmers, which can be matched by national funds to reach a maximum of \u20ac100 million. The establishment of the fund reflects the Commission recognition of the particular challenges facing the Irish beef and veal [&hellip;]\" \/>\n<meta property=\"og:url\" content=\"https:\/\/www.cde.ual.es\/en\/member-states-agree-to-commission-proposal-to-support-irish-beef-producers-impacted-by-market-uncertainty\/\" \/>\n<meta property=\"og:site_name\" content=\"CDE Almer\u00eda - Centro de Documentaci\u00f3n Europea - Universidad de Almer\u00eda\" \/>\n<meta property=\"article:publisher\" content=\"https:\/\/www.facebook.com\/cdeuniversidadalmeria\/\" \/>\n<meta property=\"article:published_time\" content=\"2019-06-25T06:00:24+00:00\" \/>\n<meta property=\"og:image\" content=\"https:\/\/www.cde.ual.es\/wp-content\/uploads\/2019\/06\/animal-cattle-clouds-1297307.jpg\" \/>\n\t<meta property=\"og:image:width\" content=\"600\" \/>\n\t<meta property=\"og:image:height\" content=\"400\" \/>\n\t<meta property=\"og:image:type\" content=\"image\/jpeg\" \/>\n<meta name=\"author\" content=\"BECA 2 CDE\" \/>\n<meta name=\"twitter:card\" content=\"summary_large_image\" \/>\n<meta name=\"twitter:creator\" content=\"@cdeualmeria\" \/>\n<meta name=\"twitter:site\" content=\"@cdeualmeria\" \/>\n<meta name=\"twitter:label1\" content=\"Written by\" \/>\n\t<meta name=\"twitter:data1\" content=\"BECA 2 CDE\" \/>\n\t<meta name=\"twitter:label2\" content=\"Est. reading time\" \/>\n\t<meta name=\"twitter:data2\" content=\"1 minute\" \/>\n<script type=\"application\/ld+json\" class=\"yoast-schema-graph\">{\"@context\":\"https:\\\/\\\/schema.org\",\"@graph\":[{\"@type\":\"Article\",\"@id\":\"https:\\\/\\\/www.cde.ual.es\\\/en\\\/member-states-agree-to-commission-proposal-to-support-irish-beef-producers-impacted-by-market-uncertainty\\\/#article\",\"isPartOf\":{\"@id\":\"https:\\\/\\\/www.cde.ual.es\\\/en\\\/member-states-agree-to-commission-proposal-to-support-irish-beef-producers-impacted-by-market-uncertainty\\\/\"},\"author\":{\"name\":\"BECA 2 CDE\",\"@id\":\"https:\\\/\\\/www.cde.ual.es\\\/#\\\/schema\\\/person\\\/ee46ebc19edfa19598c02cff83335acc\"},\"headline\":\"Member States agree to Commission proposal to support Irish beef producers impacted by market uncertainty\",\"datePublished\":\"2019-06-25T06:00:24+00:00\",\"mainEntityOfPage\":{\"@id\":\"https:\\\/\\\/www.cde.ual.es\\\/en\\\/member-states-agree-to-commission-proposal-to-support-irish-beef-producers-impacted-by-market-uncertainty\\\/\"},\"wordCount\":295,\"commentCount\":0,\"publisher\":{\"@id\":\"https:\\\/\\\/www.cde.ual.es\\\/#organization\"},\"image\":{\"@id\":\"https:\\\/\\\/www.cde.ual.es\\\/en\\\/member-states-agree-to-commission-proposal-to-support-irish-beef-producers-impacted-by-market-uncertainty\\\/#primaryimage\"},\"thumbnailUrl\":\"https:\\\/\\\/www.cde.ual.es\\\/wp-content\\\/uploads\\\/2019\\\/06\\\/animal-cattle-clouds-1297307.jpg\",\"keywords\":[\"agrifood sector\",\"European Union Market\"],\"articleSection\":[\"EU News\"],\"inLanguage\":\"en-US\",\"potentialAction\":[{\"@type\":\"CommentAction\",\"name\":\"Comment\",\"target\":[\"https:\\\/\\\/www.cde.ual.es\\\/en\\\/member-states-agree-to-commission-proposal-to-support-irish-beef-producers-impacted-by-market-uncertainty\\\/#respond\"]}]},{\"@type\":\"WebPage\",\"@id\":\"https:\\\/\\\/www.cde.ual.es\\\/en\\\/member-states-agree-to-commission-proposal-to-support-irish-beef-producers-impacted-by-market-uncertainty\\\/\",\"url\":\"https:\\\/\\\/www.cde.ual.es\\\/en\\\/member-states-agree-to-commission-proposal-to-support-irish-beef-producers-impacted-by-market-uncertainty\\\/\",\"name\":\"Member States agree to Commission proposal to support Irish beef producers impacted by market uncertainty | CDE Almer\u00eda - Centro de Documentaci\u00f3n Europea - Universidad de Almer\u00eda\",\"isPartOf\":{\"@id\":\"https:\\\/\\\/www.cde.ual.es\\\/#website\"},\"primaryImageOfPage\":{\"@id\":\"https:\\\/\\\/www.cde.ual.es\\\/en\\\/member-states-agree-to-commission-proposal-to-support-irish-beef-producers-impacted-by-market-uncertainty\\\/#primaryimage\"},\"image\":{\"@id\":\"https:\\\/\\\/www.cde.ual.es\\\/en\\\/member-states-agree-to-commission-proposal-to-support-irish-beef-producers-impacted-by-market-uncertainty\\\/#primaryimage\"},\"thumbnailUrl\":\"https:\\\/\\\/www.cde.ual.es\\\/wp-content\\\/uploads\\\/2019\\\/06\\\/animal-cattle-clouds-1297307.jpg\",\"datePublished\":\"2019-06-25T06:00:24+00:00\",\"breadcrumb\":{\"@id\":\"https:\\\/\\\/www.cde.ual.es\\\/en\\\/member-states-agree-to-commission-proposal-to-support-irish-beef-producers-impacted-by-market-uncertainty\\\/#breadcrumb\"},\"inLanguage\":\"en-US\",\"potentialAction\":[{\"@type\":\"ReadAction\",\"target\":[\"https:\\\/\\\/www.cde.ual.es\\\/en\\\/member-states-agree-to-commission-proposal-to-support-irish-beef-producers-impacted-by-market-uncertainty\\\/\"]}]},{\"@type\":\"ImageObject\",\"inLanguage\":\"en-US\",\"@id\":\"https:\\\/\\\/www.cde.ual.es\\\/en\\\/member-states-agree-to-commission-proposal-to-support-irish-beef-producers-impacted-by-market-uncertainty\\\/#primaryimage\",\"url\":\"https:\\\/\\\/www.cde.ual.es\\\/wp-content\\\/uploads\\\/2019\\\/06\\\/animal-cattle-clouds-1297307.jpg\",\"contentUrl\":\"https:\\\/\\\/www.cde.ual.es\\\/wp-content\\\/uploads\\\/2019\\\/06\\\/animal-cattle-clouds-1297307.jpg\",\"width\":600,\"height\":400,\"caption\":\"Vacas pastan en un paraje verdoso\"},{\"@type\":\"BreadcrumbList\",\"@id\":\"https:\\\/\\\/www.cde.ual.es\\\/en\\\/member-states-agree-to-commission-proposal-to-support-irish-beef-producers-impacted-by-market-uncertainty\\\/#breadcrumb\",\"itemListElement\":[{\"@type\":\"ListItem\",\"position\":1,\"name\":\"Inicio\",\"item\":\"https:\\\/\\\/www.cde.ual.es\\\/en\\\/\"},{\"@type\":\"ListItem\",\"position\":2,\"name\":\"Noticias UE\",\"item\":\"https:\\\/\\\/www.cde.ual.es\\\/category\\\/noticias-ue\\\/\"},{\"@type\":\"ListItem\",\"position\":3,\"name\":\"Member States agree to Commission proposal to support Irish beef producers impacted by market uncertainty\"}]},{\"@type\":\"WebSite\",\"@id\":\"https:\\\/\\\/www.cde.ual.es\\\/#website\",\"url\":\"https:\\\/\\\/www.cde.ual.es\\\/\",\"name\":\"CDE Almer\u00eda - Centro de Documentaci\u00f3n Europea - Universidad de Almer\u00eda\",\"description\":\"Centro de Documentaci\u00f3n Europea de la Universidad de Almer\u00eda\",\"publisher\":{\"@id\":\"https:\\\/\\\/www.cde.ual.es\\\/#organization\"},\"alternateName\":\"CDE Almer\u00eda\",\"potentialAction\":[{\"@type\":\"SearchAction\",\"target\":{\"@type\":\"EntryPoint\",\"urlTemplate\":\"https:\\\/\\\/www.cde.ual.es\\\/?s={search_term_string}\"},\"query-input\":{\"@type\":\"PropertyValueSpecification\",\"valueRequired\":true,\"valueName\":\"search_term_string\"}}],\"inLanguage\":\"en-US\"},{\"@type\":\"Organization\",\"@id\":\"https:\\\/\\\/www.cde.ual.es\\\/#organization\",\"name\":\"Centro de Documentaci\u00f3n Europea de Almer\u00eda\",\"url\":\"https:\\\/\\\/www.cde.ual.es\\\/\",\"logo\":{\"@type\":\"ImageObject\",\"inLanguage\":\"en-US\",\"@id\":\"https:\\\/\\\/www.cde.ual.es\\\/#\\\/schema\\\/logo\\\/image\\\/\",\"url\":\"https:\\\/\\\/www.cde.ual.es\\\/wp-content\\\/uploads\\\/2025\\\/07\\\/cde-logo-3.png\",\"contentUrl\":\"https:\\\/\\\/www.cde.ual.es\\\/wp-content\\\/uploads\\\/2025\\\/07\\\/cde-logo-3.png\",\"width\":1400,\"height\":300,\"caption\":\"Centro de Documentaci\u00f3n Europea de Almer\u00eda\"},\"image\":{\"@id\":\"https:\\\/\\\/www.cde.ual.es\\\/#\\\/schema\\\/logo\\\/image\\\/\"},\"sameAs\":[\"https:\\\/\\\/www.facebook.com\\\/cdeuniversidadalmeria\\\/\",\"https:\\\/\\\/x.com\\\/cdeualmeria\",\"https:\\\/\\\/www.tiktok.com\\\/@cdealmeria\",\"https:\\\/\\\/www.instagram.com\\\/cdealmeria\\\/\",\"https:\\\/\\\/www.linkedin.com\\\/in\\\/cde-almera-812b26a9\\\/\"]},{\"@type\":\"Person\",\"@id\":\"https:\\\/\\\/www.cde.ual.es\\\/#\\\/schema\\\/person\\\/ee46ebc19edfa19598c02cff83335acc\",\"name\":\"BECA 2 CDE\",\"image\":{\"@type\":\"ImageObject\",\"inLanguage\":\"en-US\",\"@id\":\"https:\\\/\\\/secure.gravatar.com\\\/avatar\\\/35a481bbc04bbd90e91bdfa3b0b5541036c222a49b9ad37b6889a2afcb5311a5?s=96&d=mm&r=g\",\"url\":\"https:\\\/\\\/secure.gravatar.com\\\/avatar\\\/35a481bbc04bbd90e91bdfa3b0b5541036c222a49b9ad37b6889a2afcb5311a5?s=96&d=mm&r=g\",\"contentUrl\":\"https:\\\/\\\/secure.gravatar.com\\\/avatar\\\/35a481bbc04bbd90e91bdfa3b0b5541036c222a49b9ad37b6889a2afcb5311a5?s=96&d=mm&r=g\",\"caption\":\"BECA 2 CDE\"},\"sameAs\":[\"http:\\\/\\\/www.cdealmeria.com\"]}]}<\/script>\n<!-- \/ Yoast SEO plugin. -->","yoast_head_json":{"title":"Member States agree to Commission proposal to support Irish beef producers impacted by market uncertainty | CDE Almer\u00eda - Centro de Documentaci\u00f3n Europea - Universidad de Almer\u00eda","robots":{"index":"index","follow":"follow","max-snippet":"max-snippet:-1","max-image-preview":"max-image-preview:large","max-video-preview":"max-video-preview:-1"},"canonical":"https:\/\/www.cde.ual.es\/en\/member-states-agree-to-commission-proposal-to-support-irish-beef-producers-impacted-by-market-uncertainty\/","og_locale":"en_US","og_type":"article","og_title":"Member States agree to Commission proposal to support Irish beef producers impacted by market uncertainty | CDE Almer\u00eda - Centro de Documentaci\u00f3n Europea - Universidad de Almer\u00eda","og_description":"EU Member States last week agreed to a proposal from the European Commission to make \u20ac50 million available to Irish beef farmers, which can be matched by national funds to reach a maximum of \u20ac100 million. The establishment of the fund reflects the Commission recognition of the particular challenges facing the Irish beef and veal [&hellip;]","og_url":"https:\/\/www.cde.ual.es\/en\/member-states-agree-to-commission-proposal-to-support-irish-beef-producers-impacted-by-market-uncertainty\/","og_site_name":"CDE Almer\u00eda - Centro de Documentaci\u00f3n Europea - Universidad de Almer\u00eda","article_publisher":"https:\/\/www.facebook.com\/cdeuniversidadalmeria\/","article_published_time":"2019-06-25T06:00:24+00:00","og_image":[{"width":600,"height":400,"url":"https:\/\/www.cde.ual.es\/wp-content\/uploads\/2019\/06\/animal-cattle-clouds-1297307.jpg","type":"image\/jpeg"}],"author":"BECA 2 CDE","twitter_card":"summary_large_image","twitter_creator":"@cdeualmeria","twitter_site":"@cdeualmeria","twitter_misc":{"Written by":"BECA 2 CDE","Est. reading time":"1 minute"},"schema":{"@context":"https:\/\/schema.org","@graph":[{"@type":"Article","@id":"https:\/\/www.cde.ual.es\/en\/member-states-agree-to-commission-proposal-to-support-irish-beef-producers-impacted-by-market-uncertainty\/#article","isPartOf":{"@id":"https:\/\/www.cde.ual.es\/en\/member-states-agree-to-commission-proposal-to-support-irish-beef-producers-impacted-by-market-uncertainty\/"},"author":{"name":"BECA 2 CDE","@id":"https:\/\/www.cde.ual.es\/#\/schema\/person\/ee46ebc19edfa19598c02cff83335acc"},"headline":"Member States agree to Commission proposal to support Irish beef producers impacted by market uncertainty","datePublished":"2019-06-25T06:00:24+00:00","mainEntityOfPage":{"@id":"https:\/\/www.cde.ual.es\/en\/member-states-agree-to-commission-proposal-to-support-irish-beef-producers-impacted-by-market-uncertainty\/"},"wordCount":295,"commentCount":0,"publisher":{"@id":"https:\/\/www.cde.ual.es\/#organization"},"image":{"@id":"https:\/\/www.cde.ual.es\/en\/member-states-agree-to-commission-proposal-to-support-irish-beef-producers-impacted-by-market-uncertainty\/#primaryimage"},"thumbnailUrl":"https:\/\/www.cde.ual.es\/wp-content\/uploads\/2019\/06\/animal-cattle-clouds-1297307.jpg","keywords":["agrifood sector","European Union Market"],"articleSection":["EU News"],"inLanguage":"en-US","potentialAction":[{"@type":"CommentAction","name":"Comment","target":["https:\/\/www.cde.ual.es\/en\/member-states-agree-to-commission-proposal-to-support-irish-beef-producers-impacted-by-market-uncertainty\/#respond"]}]},{"@type":"WebPage","@id":"https:\/\/www.cde.ual.es\/en\/member-states-agree-to-commission-proposal-to-support-irish-beef-producers-impacted-by-market-uncertainty\/","url":"https:\/\/www.cde.ual.es\/en\/member-states-agree-to-commission-proposal-to-support-irish-beef-producers-impacted-by-market-uncertainty\/","name":"Member States agree to Commission proposal to support Irish beef producers impacted by market uncertainty | CDE Almer\u00eda - Centro de Documentaci\u00f3n Europea - Universidad de Almer\u00eda","isPartOf":{"@id":"https:\/\/www.cde.ual.es\/#website"},"primaryImageOfPage":{"@id":"https:\/\/www.cde.ual.es\/en\/member-states-agree-to-commission-proposal-to-support-irish-beef-producers-impacted-by-market-uncertainty\/#primaryimage"},"image":{"@id":"https:\/\/www.cde.ual.es\/en\/member-states-agree-to-commission-proposal-to-support-irish-beef-producers-impacted-by-market-uncertainty\/#primaryimage"},"thumbnailUrl":"https:\/\/www.cde.ual.es\/wp-content\/uploads\/2019\/06\/animal-cattle-clouds-1297307.jpg","datePublished":"2019-06-25T06:00:24+00:00","breadcrumb":{"@id":"https:\/\/www.cde.ual.es\/en\/member-states-agree-to-commission-proposal-to-support-irish-beef-producers-impacted-by-market-uncertainty\/#breadcrumb"},"inLanguage":"en-US","potentialAction":[{"@type":"ReadAction","target":["https:\/\/www.cde.ual.es\/en\/member-states-agree-to-commission-proposal-to-support-irish-beef-producers-impacted-by-market-uncertainty\/"]}]},{"@type":"ImageObject","inLanguage":"en-US","@id":"https:\/\/www.cde.ual.es\/en\/member-states-agree-to-commission-proposal-to-support-irish-beef-producers-impacted-by-market-uncertainty\/#primaryimage","url":"https:\/\/www.cde.ual.es\/wp-content\/uploads\/2019\/06\/animal-cattle-clouds-1297307.jpg","contentUrl":"https:\/\/www.cde.ual.es\/wp-content\/uploads\/2019\/06\/animal-cattle-clouds-1297307.jpg","width":600,"height":400,"caption":"Vacas pastan en un paraje verdoso"},{"@type":"BreadcrumbList","@id":"https:\/\/www.cde.ual.es\/en\/member-states-agree-to-commission-proposal-to-support-irish-beef-producers-impacted-by-market-uncertainty\/#breadcrumb","itemListElement":[{"@type":"ListItem","position":1,"name":"Inicio","item":"https:\/\/www.cde.ual.es\/en\/"},{"@type":"ListItem","position":2,"name":"Noticias UE","item":"https:\/\/www.cde.ual.es\/category\/noticias-ue\/"},{"@type":"ListItem","position":3,"name":"Member States agree to Commission proposal to support Irish beef producers impacted by market uncertainty"}]},{"@type":"WebSite","@id":"https:\/\/www.cde.ual.es\/#website","url":"https:\/\/www.cde.ual.es\/","name":"CDE Almer\u00eda - Centro de Documentaci\u00f3n Europea - Universidad de Almer\u00eda","description":"Centro de Documentaci\u00f3n Europea de la Universidad de Almer\u00eda","publisher":{"@id":"https:\/\/www.cde.ual.es\/#organization"},"alternateName":"CDE Almer\u00eda","potentialAction":[{"@type":"SearchAction","target":{"@type":"EntryPoint","urlTemplate":"https:\/\/www.cde.ual.es\/?s={search_term_string}"},"query-input":{"@type":"PropertyValueSpecification","valueRequired":true,"valueName":"search_term_string"}}],"inLanguage":"en-US"},{"@type":"Organization","@id":"https:\/\/www.cde.ual.es\/#organization","name":"Centro de Documentaci\u00f3n Europea de Almer\u00eda","url":"https:\/\/www.cde.ual.es\/","logo":{"@type":"ImageObject","inLanguage":"en-US","@id":"https:\/\/www.cde.ual.es\/#\/schema\/logo\/image\/","url":"https:\/\/www.cde.ual.es\/wp-content\/uploads\/2025\/07\/cde-logo-3.png","contentUrl":"https:\/\/www.cde.ual.es\/wp-content\/uploads\/2025\/07\/cde-logo-3.png","width":1400,"height":300,"caption":"Centro de Documentaci\u00f3n Europea de Almer\u00eda"},"image":{"@id":"https:\/\/www.cde.ual.es\/#\/schema\/logo\/image\/"},"sameAs":["https:\/\/www.facebook.com\/cdeuniversidadalmeria\/","https:\/\/x.com\/cdeualmeria","https:\/\/www.tiktok.com\/@cdealmeria","https:\/\/www.instagram.com\/cdealmeria\/","https:\/\/www.linkedin.com\/in\/cde-almera-812b26a9\/"]},{"@type":"Person","@id":"https:\/\/www.cde.ual.es\/#\/schema\/person\/ee46ebc19edfa19598c02cff83335acc","name":"BECA 2 CDE","image":{"@type":"ImageObject","inLanguage":"en-US","@id":"https:\/\/secure.gravatar.com\/avatar\/35a481bbc04bbd90e91bdfa3b0b5541036c222a49b9ad37b6889a2afcb5311a5?s=96&d=mm&r=g","url":"https:\/\/secure.gravatar.com\/avatar\/35a481bbc04bbd90e91bdfa3b0b5541036c222a49b9ad37b6889a2afcb5311a5?s=96&d=mm&r=g","contentUrl":"https:\/\/secure.gravatar.com\/avatar\/35a481bbc04bbd90e91bdfa3b0b5541036c222a49b9ad37b6889a2afcb5311a5?s=96&d=mm&r=g","caption":"BECA 2 CDE"},"sameAs":["http:\/\/www.cdealmeria.com"]}]}},"_links":{"self":[{"href":"https:\/\/www.cde.ual.es\/en\/wp-json\/wp\/v2\/posts\/20318","targetHints":{"allow":["GET"]}}],"collection":[{"href":"https:\/\/www.cde.ual.es\/en\/wp-json\/wp\/v2\/posts"}],"about":[{"href":"https:\/\/www.cde.ual.es\/en\/wp-json\/wp\/v2\/types\/post"}],"author":[{"embeddable":true,"href":"https:\/\/www.cde.ual.es\/en\/wp-json\/wp\/v2\/users\/101011"}],"replies":[{"embeddable":true,"href":"https:\/\/www.cde.ual.es\/en\/wp-json\/wp\/v2\/comments?post=20318"}],"version-history":[{"count":0,"href":"https:\/\/www.cde.ual.es\/en\/wp-json\/wp\/v2\/posts\/20318\/revisions"}],"wp:featuredmedia":[{"embeddable":true,"href":"https:\/\/www.cde.ual.es\/en\/wp-json\/wp\/v2\/media\/20316"}],"wp:attachment":[{"href":"https:\/\/www.cde.ual.es\/en\/wp-json\/wp\/v2\/media?parent=20318"}],"wp:term":[{"taxonomy":"category","embeddable":true,"href":"https:\/\/www.cde.ual.es\/en\/wp-json\/wp\/v2\/categories?post=20318"},{"taxonomy":"post_tag","embeddable":true,"href":"https:\/\/www.cde.ual.es\/en\/wp-json\/wp\/v2\/tags?post=20318"}],"curies":[{"name":"wp","href":"https:\/\/api.w.org\/{rel}","templated":true}]}}