{"id":20282,"date":"2019-06-24T08:00:20","date_gmt":"2019-06-24T06:00:20","guid":{"rendered":"https:\/\/www.cde.ual.es\/?p=20282"},"modified":"2019-06-20T14:39:03","modified_gmt":"2019-06-20T12:39:03","slug":"education-and-climate-change","status":"publish","type":"post","link":"https:\/\/www.cde.ual.es\/en\/education-and-climate-change\/","title":{"rendered":"Education and climate change"},"content":{"rendered":"<p><em>&#8220;We can create transformational action that will safeguard the living conditions for future generations.&#8221; \u2013 Greta Thunberg<\/em><\/p>\n<p>Climate change is a topic unlike any other. While the prospect of human-induced global destruction may sometimes seem too overwhelming to address, everyone has a part to play in halting it. This is the message of a major social movement of schoolchildren that has risen up in response to the inadequate actions of our politicians. But if we all need to act differently, what does this imply for the way in which we educate our children?<\/p>\n<p>Those who now are children will be affected most \u2013 or certainly longest \u2013 by climate change. What kind of future will there be for them? What will they do about climate change? Do they know what it is and what it implies?<\/p>\n<h3>What the UNESCO has to say<\/h3>\n<p>According to\u00a0<a href=\"https:\/\/unesdoc.unesco.org\/ark:\/48223\/pf0000233083\">Unesco<\/a>,\u00a0<em>&#8220;education is critical in helping populations understand and address the impacts of climate change, and in encouraging the changes in attitudes and behaviour needed to help them address the causes of climate change, adopt more sustainable lifestyles and develop skills that support different modules of economies, as well as to adapt to the impact of climate change&#8221;<\/em>. Unesco promotes climate change education (ECC) as part of its\u00a0<a href=\"https:\/\/en.unesco.org\/gap\">Global Action Programme on Education for Sustainable Development (ESD)<\/a>. Education for sustainable development is a component of the\u00a0<a href=\"https:\/\/en.unesco.org\/node\/265600\">fourth\u00a0<\/a>sustainable development goal on education. Goal number\u00a0<a href=\"https:\/\/sustainabledevelopment.un.org\/sdg13\">13\u00a0<\/a>on climate action targets the improvement of education on climate change. Indeed, education is about teaching young generations to understand and reflect on the physical and social world surrounding us so that they become citizens able to think critically, participate in decision-making and take action. Climate change education is therefore also\u00a0<a href=\"https:\/\/eacea.ec.europa.eu\/national-policies\/eurydice\/content\/eurydice-brief-citizenship-education-school-europe-%E2%80%93-2017_en\">citizenship education<\/a>.<\/p>\n<p>The international community has recognised the importance of climate change education. In article 6 of the United Nations\u00a0<a href=\"https:\/\/unfccc.int\/sites\/default\/files\/conveng.pdf\">Framework Convention on Climate Change<\/a>, the 197 parties commit to\u00a0<em>&#8220;the development and implementation of educational and public awareness programmes on climate change and its effects&#8221;<\/em>, on national and international levels. Equally, the parties to the\u00a0<a href=\"https:\/\/unfccc.int\/sites\/default\/files\/english_paris_agreement.pdf\">Paris Agreement<\/a>\u00a0commit to enhance climate change education in article 12.<\/p>\n<p>But how do these commitments, acknowledgements and programmes translate into practice?\u00a0<a href=\"https:\/\/unesdoc.unesco.org\/ark:\/48223\/pf0000233083\">Unesco\u00a0<\/a>has published guidelines on how to promote\u00a0<em>&#8220;climate literacy&#8221;<\/em>. It is the responsibility of governments to integrate climate change education into all levels and aspects of education systems. This requires coordination, support and resources. Education experts can develop curricula and teaching methods. It should be included in initial and ongoing teacher training so that teachers acquire the necessary knowledge and competences for climate change education. Climate change should also be widely communicated and discussed in the public spheres.<\/p>\n<p>But what exactly would high quality education on climate change be like? Climate change can be a challenging topic for teachers to address with their students. Education on climate change is grounded in science \u2013 but it is also about behaviour and action. It is about the environment and economy, but also about equality and social organisation. It promotes future citizenship that is environmentally and socially responsible on a global scale.<\/p>\n<p>Whatever it will become in the future, climate change education has not yet been established as an\u00a0<a href=\"https:\/\/eacea.ec.europa.eu\/national-policies\/eurydice\/content\/recommended-annual-instruction-time-full-time-compulsory-education-europe-%E2%80%93-201718_en\">independent subject anywhere<\/a>. Where it exists, it is usually integrated within different school subjects and considered as part of the policies and practices on education for sustainable development. The level of policy adoption and implementation of the\u00a0<a href=\"https:\/\/en.unesco.org\/gap\">Global Action Programme on Education for Sustainable Development\u00a0<\/a>varies across countries. However, there are promising commitments and initiatives.\u00a0<a href=\"https:\/\/unesdoc.unesco.org\/ark:\/48223\/pf0000245752\">The Global Education Monitoring Report 2016<\/a>\u00a0found that of the 78 countries investigated, about three-quarters had included sustainable development in their curricula.<\/p>\n<p>Authors: Jasmin M\u00e4ki and David Crosier<\/p>\n<h3>More information<\/h3>\n<p><a href=\"https:\/\/eacea.ec.europa.eu\/national-policies\/eurydice\/content\/how-can-education-contribute-awareness-and-action-climate-change_en\">Complete article on Eurydice<\/a><\/p>\n<p>&nbsp;<\/p>\n","protected":false},"excerpt":{"rendered":"<p>&#8220;We can create transformational action that will safeguard the living conditions for future generations.&#8221; \u2013 Greta Thunberg Climate change is a topic unlike any other. While the prospect of human-induced global destruction may sometimes seem too overwhelming to address, everyone has a part to play in halting it. This is the message of a major [&hellip;]<\/p>\n","protected":false},"author":1,"featured_media":20283,"comment_status":"open","ping_status":"open","sticky":false,"template":"","format":"standard","meta":{"_acf_changed":false,"_relevanssi_hide_post":"","_relevanssi_hide_content":"","_relevanssi_pin_for_all":"","_relevanssi_pin_keywords":"","_relevanssi_unpin_keywords":"","_relevanssi_related_keywords":"","_relevanssi_related_include_ids":"","_relevanssi_related_exclude_ids":"","_relevanssi_related_no_append":"","_relevanssi_related_not_related":"","_relevanssi_related_posts":"","_relevanssi_noindex_reason":"","_monsterinsights_skip_tracking":false,"_monsterinsights_sitenote_active":false,"_monsterinsights_sitenote_note":"","_monsterinsights_sitenote_category":0,"_genesis_hide_title":false,"_genesis_hide_breadcrumbs":false,"_genesis_hide_singular_image":false,"_genesis_hide_footer_widgets":false,"_genesis_custom_body_class":"","_genesis_custom_post_class":"","_genesis_layout":"","footnotes":""},"categories":[346],"tags":[422,353,449],"class_list":{"0":"post-20282","1":"post","2":"type-post","3":"status-publish","4":"format-standard","5":"has-post-thumbnail","7":"category-eu-news","8":"tag-climate-change","9":"tag-educacion-en","10":"tag-education","11":"entry"},"acf":[],"yoast_head":"<!-- This site is optimized with the Yoast SEO plugin v27.5 - https:\/\/yoast.com\/product\/yoast-seo-wordpress\/ -->\n<title>Education and climate change | CDE Almer\u00eda - Centro de Documentaci\u00f3n Europea - Universidad de Almer\u00eda<\/title>\n<meta name=\"robots\" content=\"index, follow, max-snippet:-1, max-image-preview:large, max-video-preview:-1\" \/>\n<link rel=\"canonical\" href=\"https:\/\/www.cde.ual.es\/en\/education-and-climate-change\/\" \/>\n<meta property=\"og:locale\" content=\"en_US\" \/>\n<meta property=\"og:type\" content=\"article\" \/>\n<meta property=\"og:title\" content=\"Education and climate change | CDE Almer\u00eda - Centro de Documentaci\u00f3n Europea - Universidad de Almer\u00eda\" \/>\n<meta property=\"og:description\" content=\"&#8220;We can create transformational action that will safeguard the living conditions for future generations.&#8221; \u2013 Greta Thunberg Climate change is a topic unlike any other. While the prospect of human-induced global destruction may sometimes seem too overwhelming to address, everyone has a part to play in halting it. This is the message of a major [&hellip;]\" \/>\n<meta property=\"og:url\" content=\"https:\/\/www.cde.ual.es\/en\/education-and-climate-change\/\" \/>\n<meta property=\"og:site_name\" content=\"CDE Almer\u00eda - Centro de Documentaci\u00f3n Europea - Universidad de Almer\u00eda\" \/>\n<meta property=\"article:publisher\" content=\"https:\/\/www.facebook.com\/cdeuniversidadalmeria\/\" \/>\n<meta property=\"article:published_time\" content=\"2019-06-24T06:00:20+00:00\" \/>\n<meta property=\"og:image\" content=\"https:\/\/www.cde.ual.es\/wp-content\/uploads\/2018\/10\/Cambio-Clim\u00e1tico.jpg\" \/>\n\t<meta property=\"og:image:width\" content=\"960\" \/>\n\t<meta property=\"og:image:height\" content=\"637\" \/>\n\t<meta property=\"og:image:type\" content=\"image\/jpeg\" \/>\n<meta name=\"author\" content=\"AdminCDE\" \/>\n<meta name=\"twitter:card\" content=\"summary_large_image\" \/>\n<meta name=\"twitter:creator\" content=\"@cdeualmeria\" \/>\n<meta name=\"twitter:site\" content=\"@cdeualmeria\" \/>\n<meta name=\"twitter:label1\" content=\"Written by\" \/>\n\t<meta name=\"twitter:data1\" content=\"AdminCDE\" \/>\n\t<meta name=\"twitter:label2\" content=\"Est. reading time\" \/>\n\t<meta name=\"twitter:data2\" content=\"3 minutes\" \/>\n<script type=\"application\/ld+json\" class=\"yoast-schema-graph\">{\"@context\":\"https:\\\/\\\/schema.org\",\"@graph\":[{\"@type\":\"Article\",\"@id\":\"https:\\\/\\\/www.cde.ual.es\\\/en\\\/education-and-climate-change\\\/#article\",\"isPartOf\":{\"@id\":\"https:\\\/\\\/www.cde.ual.es\\\/en\\\/education-and-climate-change\\\/\"},\"author\":{\"name\":\"AdminCDE\",\"@id\":\"https:\\\/\\\/www.cde.ual.es\\\/#\\\/schema\\\/person\\\/224ef08c8bcc005f319d2713ce37ee5f\"},\"headline\":\"Education and climate change\",\"datePublished\":\"2019-06-24T06:00:20+00:00\",\"mainEntityOfPage\":{\"@id\":\"https:\\\/\\\/www.cde.ual.es\\\/en\\\/education-and-climate-change\\\/\"},\"wordCount\":620,\"commentCount\":0,\"publisher\":{\"@id\":\"https:\\\/\\\/www.cde.ual.es\\\/#organization\"},\"image\":{\"@id\":\"https:\\\/\\\/www.cde.ual.es\\\/en\\\/education-and-climate-change\\\/#primaryimage\"},\"thumbnailUrl\":\"https:\\\/\\\/www.cde.ual.es\\\/wp-content\\\/uploads\\\/2018\\\/10\\\/Cambio-Clim\u00e1tico.jpg\",\"keywords\":[\"Climate Change\",\"Educaci\u00f3n\",\"education\"],\"articleSection\":[\"EU News\"],\"inLanguage\":\"en-US\",\"potentialAction\":[{\"@type\":\"CommentAction\",\"name\":\"Comment\",\"target\":[\"https:\\\/\\\/www.cde.ual.es\\\/en\\\/education-and-climate-change\\\/#respond\"]}]},{\"@type\":\"WebPage\",\"@id\":\"https:\\\/\\\/www.cde.ual.es\\\/en\\\/education-and-climate-change\\\/\",\"url\":\"https:\\\/\\\/www.cde.ual.es\\\/en\\\/education-and-climate-change\\\/\",\"name\":\"Education and climate change | CDE Almer\u00eda - Centro de Documentaci\u00f3n Europea - Universidad de Almer\u00eda\",\"isPartOf\":{\"@id\":\"https:\\\/\\\/www.cde.ual.es\\\/#website\"},\"primaryImageOfPage\":{\"@id\":\"https:\\\/\\\/www.cde.ual.es\\\/en\\\/education-and-climate-change\\\/#primaryimage\"},\"image\":{\"@id\":\"https:\\\/\\\/www.cde.ual.es\\\/en\\\/education-and-climate-change\\\/#primaryimage\"},\"thumbnailUrl\":\"https:\\\/\\\/www.cde.ual.es\\\/wp-content\\\/uploads\\\/2018\\\/10\\\/Cambio-Clim\u00e1tico.jpg\",\"datePublished\":\"2019-06-24T06:00:20+00:00\",\"breadcrumb\":{\"@id\":\"https:\\\/\\\/www.cde.ual.es\\\/en\\\/education-and-climate-change\\\/#breadcrumb\"},\"inLanguage\":\"en-US\",\"potentialAction\":[{\"@type\":\"ReadAction\",\"target\":[\"https:\\\/\\\/www.cde.ual.es\\\/en\\\/education-and-climate-change\\\/\"]}]},{\"@type\":\"ImageObject\",\"inLanguage\":\"en-US\",\"@id\":\"https:\\\/\\\/www.cde.ual.es\\\/en\\\/education-and-climate-change\\\/#primaryimage\",\"url\":\"https:\\\/\\\/www.cde.ual.es\\\/wp-content\\\/uploads\\\/2018\\\/10\\\/Cambio-Clim\u00e1tico.jpg\",\"contentUrl\":\"https:\\\/\\\/www.cde.ual.es\\\/wp-content\\\/uploads\\\/2018\\\/10\\\/Cambio-Clim\u00e1tico.jpg\",\"width\":960,\"height\":637},{\"@type\":\"BreadcrumbList\",\"@id\":\"https:\\\/\\\/www.cde.ual.es\\\/en\\\/education-and-climate-change\\\/#breadcrumb\",\"itemListElement\":[{\"@type\":\"ListItem\",\"position\":1,\"name\":\"Inicio\",\"item\":\"https:\\\/\\\/www.cde.ual.es\\\/en\\\/\"},{\"@type\":\"ListItem\",\"position\":2,\"name\":\"EU News\",\"item\":\"https:\\\/\\\/www.cde.ual.es\\\/en\\\/category\\\/eu-news\\\/\"},{\"@type\":\"ListItem\",\"position\":3,\"name\":\"Education and climate change\"}]},{\"@type\":\"WebSite\",\"@id\":\"https:\\\/\\\/www.cde.ual.es\\\/#website\",\"url\":\"https:\\\/\\\/www.cde.ual.es\\\/\",\"name\":\"CDE Almer\u00eda - Centro de Documentaci\u00f3n Europea - Universidad de Almer\u00eda\",\"description\":\"Centro de Documentaci\u00f3n Europea de la Universidad de Almer\u00eda\",\"publisher\":{\"@id\":\"https:\\\/\\\/www.cde.ual.es\\\/#organization\"},\"alternateName\":\"CDE Almer\u00eda\",\"potentialAction\":[{\"@type\":\"SearchAction\",\"target\":{\"@type\":\"EntryPoint\",\"urlTemplate\":\"https:\\\/\\\/www.cde.ual.es\\\/?s={search_term_string}\"},\"query-input\":{\"@type\":\"PropertyValueSpecification\",\"valueRequired\":true,\"valueName\":\"search_term_string\"}}],\"inLanguage\":\"en-US\"},{\"@type\":\"Organization\",\"@id\":\"https:\\\/\\\/www.cde.ual.es\\\/#organization\",\"name\":\"Centro de Documentaci\u00f3n Europea de Almer\u00eda\",\"url\":\"https:\\\/\\\/www.cde.ual.es\\\/\",\"logo\":{\"@type\":\"ImageObject\",\"inLanguage\":\"en-US\",\"@id\":\"https:\\\/\\\/www.cde.ual.es\\\/#\\\/schema\\\/logo\\\/image\\\/\",\"url\":\"https:\\\/\\\/www.cde.ual.es\\\/wp-content\\\/uploads\\\/2025\\\/07\\\/cde-logo-3.png\",\"contentUrl\":\"https:\\\/\\\/www.cde.ual.es\\\/wp-content\\\/uploads\\\/2025\\\/07\\\/cde-logo-3.png\",\"width\":1400,\"height\":300,\"caption\":\"Centro de Documentaci\u00f3n Europea de Almer\u00eda\"},\"image\":{\"@id\":\"https:\\\/\\\/www.cde.ual.es\\\/#\\\/schema\\\/logo\\\/image\\\/\"},\"sameAs\":[\"https:\\\/\\\/www.facebook.com\\\/cdeuniversidadalmeria\\\/\",\"https:\\\/\\\/x.com\\\/cdeualmeria\",\"https:\\\/\\\/www.tiktok.com\\\/@cdealmeria\",\"https:\\\/\\\/www.instagram.com\\\/cdealmeria\\\/\",\"https:\\\/\\\/www.linkedin.com\\\/in\\\/cde-almera-812b26a9\\\/\"]},{\"@type\":\"Person\",\"@id\":\"https:\\\/\\\/www.cde.ual.es\\\/#\\\/schema\\\/person\\\/224ef08c8bcc005f319d2713ce37ee5f\",\"name\":\"AdminCDE\",\"image\":{\"@type\":\"ImageObject\",\"inLanguage\":\"en-US\",\"@id\":\"https:\\\/\\\/secure.gravatar.com\\\/avatar\\\/a72d038d371f995cd13706fac32274b7952a52e8fb0a84b5f80c85426f2a98a8?s=96&d=mm&r=g\",\"url\":\"https:\\\/\\\/secure.gravatar.com\\\/avatar\\\/a72d038d371f995cd13706fac32274b7952a52e8fb0a84b5f80c85426f2a98a8?s=96&d=mm&r=g\",\"contentUrl\":\"https:\\\/\\\/secure.gravatar.com\\\/avatar\\\/a72d038d371f995cd13706fac32274b7952a52e8fb0a84b5f80c85426f2a98a8?s=96&d=mm&r=g\",\"caption\":\"AdminCDE\"}}]}<\/script>\n<!-- \/ Yoast SEO plugin. -->","yoast_head_json":{"title":"Education and climate change | CDE Almer\u00eda - Centro de Documentaci\u00f3n Europea - Universidad de Almer\u00eda","robots":{"index":"index","follow":"follow","max-snippet":"max-snippet:-1","max-image-preview":"max-image-preview:large","max-video-preview":"max-video-preview:-1"},"canonical":"https:\/\/www.cde.ual.es\/en\/education-and-climate-change\/","og_locale":"en_US","og_type":"article","og_title":"Education and climate change | CDE Almer\u00eda - Centro de Documentaci\u00f3n Europea - Universidad de Almer\u00eda","og_description":"&#8220;We can create transformational action that will safeguard the living conditions for future generations.&#8221; \u2013 Greta Thunberg Climate change is a topic unlike any other. While the prospect of human-induced global destruction may sometimes seem too overwhelming to address, everyone has a part to play in halting it. This is the message of a major [&hellip;]","og_url":"https:\/\/www.cde.ual.es\/en\/education-and-climate-change\/","og_site_name":"CDE Almer\u00eda - Centro de Documentaci\u00f3n Europea - Universidad de Almer\u00eda","article_publisher":"https:\/\/www.facebook.com\/cdeuniversidadalmeria\/","article_published_time":"2019-06-24T06:00:20+00:00","og_image":[{"width":960,"height":637,"url":"https:\/\/www.cde.ual.es\/wp-content\/uploads\/2018\/10\/Cambio-Clim\u00e1tico.jpg","type":"image\/jpeg"}],"author":"AdminCDE","twitter_card":"summary_large_image","twitter_creator":"@cdeualmeria","twitter_site":"@cdeualmeria","twitter_misc":{"Written by":"AdminCDE","Est. reading time":"3 minutes"},"schema":{"@context":"https:\/\/schema.org","@graph":[{"@type":"Article","@id":"https:\/\/www.cde.ual.es\/en\/education-and-climate-change\/#article","isPartOf":{"@id":"https:\/\/www.cde.ual.es\/en\/education-and-climate-change\/"},"author":{"name":"AdminCDE","@id":"https:\/\/www.cde.ual.es\/#\/schema\/person\/224ef08c8bcc005f319d2713ce37ee5f"},"headline":"Education and climate change","datePublished":"2019-06-24T06:00:20+00:00","mainEntityOfPage":{"@id":"https:\/\/www.cde.ual.es\/en\/education-and-climate-change\/"},"wordCount":620,"commentCount":0,"publisher":{"@id":"https:\/\/www.cde.ual.es\/#organization"},"image":{"@id":"https:\/\/www.cde.ual.es\/en\/education-and-climate-change\/#primaryimage"},"thumbnailUrl":"https:\/\/www.cde.ual.es\/wp-content\/uploads\/2018\/10\/Cambio-Clim\u00e1tico.jpg","keywords":["Climate Change","Educaci\u00f3n","education"],"articleSection":["EU News"],"inLanguage":"en-US","potentialAction":[{"@type":"CommentAction","name":"Comment","target":["https:\/\/www.cde.ual.es\/en\/education-and-climate-change\/#respond"]}]},{"@type":"WebPage","@id":"https:\/\/www.cde.ual.es\/en\/education-and-climate-change\/","url":"https:\/\/www.cde.ual.es\/en\/education-and-climate-change\/","name":"Education and climate change | CDE Almer\u00eda - Centro de Documentaci\u00f3n Europea - Universidad de Almer\u00eda","isPartOf":{"@id":"https:\/\/www.cde.ual.es\/#website"},"primaryImageOfPage":{"@id":"https:\/\/www.cde.ual.es\/en\/education-and-climate-change\/#primaryimage"},"image":{"@id":"https:\/\/www.cde.ual.es\/en\/education-and-climate-change\/#primaryimage"},"thumbnailUrl":"https:\/\/www.cde.ual.es\/wp-content\/uploads\/2018\/10\/Cambio-Clim\u00e1tico.jpg","datePublished":"2019-06-24T06:00:20+00:00","breadcrumb":{"@id":"https:\/\/www.cde.ual.es\/en\/education-and-climate-change\/#breadcrumb"},"inLanguage":"en-US","potentialAction":[{"@type":"ReadAction","target":["https:\/\/www.cde.ual.es\/en\/education-and-climate-change\/"]}]},{"@type":"ImageObject","inLanguage":"en-US","@id":"https:\/\/www.cde.ual.es\/en\/education-and-climate-change\/#primaryimage","url":"https:\/\/www.cde.ual.es\/wp-content\/uploads\/2018\/10\/Cambio-Clim\u00e1tico.jpg","contentUrl":"https:\/\/www.cde.ual.es\/wp-content\/uploads\/2018\/10\/Cambio-Clim\u00e1tico.jpg","width":960,"height":637},{"@type":"BreadcrumbList","@id":"https:\/\/www.cde.ual.es\/en\/education-and-climate-change\/#breadcrumb","itemListElement":[{"@type":"ListItem","position":1,"name":"Inicio","item":"https:\/\/www.cde.ual.es\/en\/"},{"@type":"ListItem","position":2,"name":"EU News","item":"https:\/\/www.cde.ual.es\/en\/category\/eu-news\/"},{"@type":"ListItem","position":3,"name":"Education and climate change"}]},{"@type":"WebSite","@id":"https:\/\/www.cde.ual.es\/#website","url":"https:\/\/www.cde.ual.es\/","name":"CDE Almer\u00eda - Centro de Documentaci\u00f3n Europea - Universidad de Almer\u00eda","description":"Centro de Documentaci\u00f3n Europea de la Universidad de Almer\u00eda","publisher":{"@id":"https:\/\/www.cde.ual.es\/#organization"},"alternateName":"CDE Almer\u00eda","potentialAction":[{"@type":"SearchAction","target":{"@type":"EntryPoint","urlTemplate":"https:\/\/www.cde.ual.es\/?s={search_term_string}"},"query-input":{"@type":"PropertyValueSpecification","valueRequired":true,"valueName":"search_term_string"}}],"inLanguage":"en-US"},{"@type":"Organization","@id":"https:\/\/www.cde.ual.es\/#organization","name":"Centro de Documentaci\u00f3n Europea de Almer\u00eda","url":"https:\/\/www.cde.ual.es\/","logo":{"@type":"ImageObject","inLanguage":"en-US","@id":"https:\/\/www.cde.ual.es\/#\/schema\/logo\/image\/","url":"https:\/\/www.cde.ual.es\/wp-content\/uploads\/2025\/07\/cde-logo-3.png","contentUrl":"https:\/\/www.cde.ual.es\/wp-content\/uploads\/2025\/07\/cde-logo-3.png","width":1400,"height":300,"caption":"Centro de Documentaci\u00f3n Europea de Almer\u00eda"},"image":{"@id":"https:\/\/www.cde.ual.es\/#\/schema\/logo\/image\/"},"sameAs":["https:\/\/www.facebook.com\/cdeuniversidadalmeria\/","https:\/\/x.com\/cdeualmeria","https:\/\/www.tiktok.com\/@cdealmeria","https:\/\/www.instagram.com\/cdealmeria\/","https:\/\/www.linkedin.com\/in\/cde-almera-812b26a9\/"]},{"@type":"Person","@id":"https:\/\/www.cde.ual.es\/#\/schema\/person\/224ef08c8bcc005f319d2713ce37ee5f","name":"AdminCDE","image":{"@type":"ImageObject","inLanguage":"en-US","@id":"https:\/\/secure.gravatar.com\/avatar\/a72d038d371f995cd13706fac32274b7952a52e8fb0a84b5f80c85426f2a98a8?s=96&d=mm&r=g","url":"https:\/\/secure.gravatar.com\/avatar\/a72d038d371f995cd13706fac32274b7952a52e8fb0a84b5f80c85426f2a98a8?s=96&d=mm&r=g","contentUrl":"https:\/\/secure.gravatar.com\/avatar\/a72d038d371f995cd13706fac32274b7952a52e8fb0a84b5f80c85426f2a98a8?s=96&d=mm&r=g","caption":"AdminCDE"}}]}},"_links":{"self":[{"href":"https:\/\/www.cde.ual.es\/en\/wp-json\/wp\/v2\/posts\/20282","targetHints":{"allow":["GET"]}}],"collection":[{"href":"https:\/\/www.cde.ual.es\/en\/wp-json\/wp\/v2\/posts"}],"about":[{"href":"https:\/\/www.cde.ual.es\/en\/wp-json\/wp\/v2\/types\/post"}],"author":[{"embeddable":true,"href":"https:\/\/www.cde.ual.es\/en\/wp-json\/wp\/v2\/users\/1"}],"replies":[{"embeddable":true,"href":"https:\/\/www.cde.ual.es\/en\/wp-json\/wp\/v2\/comments?post=20282"}],"version-history":[{"count":0,"href":"https:\/\/www.cde.ual.es\/en\/wp-json\/wp\/v2\/posts\/20282\/revisions"}],"wp:featuredmedia":[{"embeddable":true,"href":"https:\/\/www.cde.ual.es\/en\/wp-json\/wp\/v2\/media\/20283"}],"wp:attachment":[{"href":"https:\/\/www.cde.ual.es\/en\/wp-json\/wp\/v2\/media?parent=20282"}],"wp:term":[{"taxonomy":"category","embeddable":true,"href":"https:\/\/www.cde.ual.es\/en\/wp-json\/wp\/v2\/categories?post=20282"},{"taxonomy":"post_tag","embeddable":true,"href":"https:\/\/www.cde.ual.es\/en\/wp-json\/wp\/v2\/tags?post=20282"}],"curies":[{"name":"wp","href":"https:\/\/api.w.org\/{rel}","templated":true}]}}