{"id":20274,"date":"2019-06-24T08:00:34","date_gmt":"2019-06-24T06:00:34","guid":{"rendered":"https:\/\/www.cde.ual.es\/?p=20274"},"modified":"2019-06-20T14:10:18","modified_gmt":"2019-06-20T12:10:18","slug":"south-sudan-e48-5-million-in-additional-eu-humanitarian-aid","status":"publish","type":"post","link":"https:\/\/www.cde.ual.es\/en\/south-sudan-e48-5-million-in-additional-eu-humanitarian-aid\/","title":{"rendered":"South Sudan: \u20ac48.5 million in additional EU humanitarian aid"},"content":{"rendered":"<p style=\"text-align: center;\"><a href=\"https:\/\/www.cde.ual.es\/wp-content\/uploads\/2019\/06\/Sudan.jpg\"><img decoding=\"async\" class=\"alignnone size-medium wp-image-20272\" src=\"https:\/\/www.cde.ual.es\/wp-content\/uploads\/2019\/06\/Sudan-300x225.jpg\" alt=\"\" width=\"300\" height=\"225\" srcset=\"https:\/\/www.cde.ual.es\/wp-content\/uploads\/2019\/06\/Sudan-300x225.jpg 300w, https:\/\/www.cde.ual.es\/wp-content\/uploads\/2019\/06\/Sudan-768x576.jpg 768w, https:\/\/www.cde.ual.es\/wp-content\/uploads\/2019\/06\/Sudan.jpg 960w\" sizes=\"(max-width: 300px) 100vw, 300px\" \/><\/a><\/p>\n<div class=\"content\">\n<p>Despite a recent peace deal, humanitarian needs remain high in South Sudan with nearly two million people internally displaced and almost seven million in need of emergency food aid.<\/p>\n<p>To help the most vulnerable in the country, the European Commission today announces \u20ac48.5 million in humanitarian assistance. This comes on top of last week&#8217;s \u20ac1 million to step up\u00a0<a href=\"http:\/\/europa.eu\/rapid\/press-release_IP-19-2990_en.htm\">Ebola prevention<\/a>\u00a0in the country.<\/p>\n<p>\u201c<em>The EU continues to stand by people in need in South Sudan. Today on World Refugee Day let us not forget the 4 million South Sudanese who remain uprooted, either within their country or as refugees in the region. Our new funding will help partners save lives on the ground. It is therefore essential that humanitarian workers have full and safe access to do their lifesaving job. While humanitarian support is a matter of urgency, ultimately only a solid commitment to restore peace and stability can bring a long-lasting solution,&#8221;<\/em>\u00a0said Christos\u00a0<strong>Stylianides<\/strong>, Commissioner for Humanitarian Aid and Crisis Management.<\/p>\n<p>The EU-funded humanitarian projects will address, in particular:<\/p>\n<ul>\n<li>the\u00a0<strong>protection<\/strong>\u00a0of the most vulnerable, including displaced people in the country, women, andchildren;<\/li>\n<li>the provision of\u00a0<strong>food and nutrition assistance<\/strong>\u00a0to families in need;<\/li>\n<li>the provision of basic\u00a0<strong>health care<\/strong>\u00a0in hard-to-reach areas, and the prevention of epidemic outbreaks, and<\/li>\n<li>the setting up and running of accelerated\u00a0<strong>education<\/strong>\u00a0programmes for children who lost out on years of schooling in conflict-affected areas, giving them a safe environment and a chance for a better future.<\/li>\n<\/ul>\n<p>Since 2014, the EU has contributed more than \u20ac551 million in aid in South Sudan. EU support has helped provide food assistance, protection services and assistance, healthcare, water and sanitation, essential household items and education to those most in need.<\/p>\n<h3><strong>Background<\/strong><\/h3>\n<p>Humanitarian needs in South Sudan stand at unprecedented levels since 2013, the year when civil war broke out. A third of the South Sudanese population are now internally displaced, with a further 2.3 million having found refuge in neighbouring countries. The conditions are not yet in place allowing for displaced people&#8217;s assisted return to their homes and for them to rebuild their lives. Outside of the country, the EU continues to provide life-saving assistance to South Sudanese refugees and their host communities in the region.Thanks to a recent peace deal, albeit fragile, violence has significantly reduced in South Sudan. The situation, however, remains volatile and an upsurge of hostilities in Yei River State at the beginning of 2019 led to new displacement.<\/p>\n<h3><strong>For more information<\/strong><\/h3>\n<p><a href=\"http:\/\/europa.eu\/rapid\/press-release_IP-19-3059_en.htm\">Press release<\/a><\/p>\n<p><a href=\"https:\/\/ec.europa.eu\/echo\/where\/africa\/south-sudan_en\">Factsheet &#8211; South Sudan<\/a><\/p>\n<\/div>\n","protected":false},"excerpt":{"rendered":"<p>Despite a recent peace deal, humanitarian needs remain high in South Sudan with nearly two million people internally displaced and almost seven million in need of emergency food aid. To help the most vulnerable in the country, the European Commission today announces \u20ac48.5 million in humanitarian assistance. This comes on top of last week&#8217;s \u20ac1 [&hellip;]<\/p>\n","protected":false},"author":1,"featured_media":20272,"comment_status":"open","ping_status":"open","sticky":false,"template":"","format":"standard","meta":{"_acf_changed":false,"_relevanssi_hide_post":"","_relevanssi_hide_content":"","_relevanssi_pin_for_all":"","_relevanssi_pin_keywords":"","_relevanssi_unpin_keywords":"","_relevanssi_related_keywords":"","_relevanssi_related_include_ids":"","_relevanssi_related_exclude_ids":"","_relevanssi_related_no_append":"","_relevanssi_related_not_related":"","_relevanssi_related_posts":"","_relevanssi_noindex_reason":"","_monsterinsights_skip_tracking":false,"_monsterinsights_sitenote_active":false,"_monsterinsights_sitenote_note":"","_monsterinsights_sitenote_category":0,"_genesis_hide_title":false,"_genesis_hide_breadcrumbs":false,"_genesis_hide_singular_image":false,"_genesis_hide_footer_widgets":false,"_genesis_custom_body_class":"","_genesis_custom_post_class":"","_genesis_layout":"","footnotes":""},"categories":[346],"tags":[370],"class_list":{"0":"post-20274","1":"post","2":"type-post","3":"status-publish","4":"format-standard","5":"has-post-thumbnail","7":"category-eu-news","8":"tag-humanitarian-aid","9":"entry"},"acf":[],"yoast_head":"<!-- This site is optimized with the Yoast SEO plugin v27.5 - https:\/\/yoast.com\/product\/yoast-seo-wordpress\/ -->\n<title>South Sudan: \u20ac48.5 million in additional EU humanitarian aid | CDE Almer\u00eda - Centro de Documentaci\u00f3n Europea - Universidad de Almer\u00eda<\/title>\n<meta name=\"robots\" content=\"index, follow, max-snippet:-1, max-image-preview:large, max-video-preview:-1\" \/>\n<link rel=\"canonical\" href=\"https:\/\/www.cde.ual.es\/en\/south-sudan-e48-5-million-in-additional-eu-humanitarian-aid\/\" \/>\n<meta property=\"og:locale\" content=\"en_US\" \/>\n<meta property=\"og:type\" content=\"article\" \/>\n<meta property=\"og:title\" content=\"South Sudan: \u20ac48.5 million in additional EU humanitarian aid | CDE Almer\u00eda - Centro de Documentaci\u00f3n Europea - Universidad de Almer\u00eda\" \/>\n<meta property=\"og:description\" content=\"Despite a recent peace deal, humanitarian needs remain high in South Sudan with nearly two million people internally displaced and almost seven million in need of emergency food aid. To help the most vulnerable in the country, the European Commission today announces \u20ac48.5 million in humanitarian assistance. This comes on top of last week&#8217;s \u20ac1 [&hellip;]\" \/>\n<meta property=\"og:url\" content=\"https:\/\/www.cde.ual.es\/en\/south-sudan-e48-5-million-in-additional-eu-humanitarian-aid\/\" \/>\n<meta property=\"og:site_name\" content=\"CDE Almer\u00eda - Centro de Documentaci\u00f3n Europea - Universidad de Almer\u00eda\" \/>\n<meta property=\"article:publisher\" content=\"https:\/\/www.facebook.com\/cdeuniversidadalmeria\/\" \/>\n<meta property=\"article:published_time\" content=\"2019-06-24T06:00:34+00:00\" \/>\n<meta property=\"og:image\" content=\"https:\/\/www.cde.ual.es\/wp-content\/uploads\/2019\/06\/Sudan.jpg\" \/>\n\t<meta property=\"og:image:width\" content=\"960\" \/>\n\t<meta property=\"og:image:height\" content=\"720\" \/>\n\t<meta property=\"og:image:type\" content=\"image\/jpeg\" \/>\n<meta name=\"author\" content=\"AdminCDE\" \/>\n<meta name=\"twitter:card\" content=\"summary_large_image\" \/>\n<meta name=\"twitter:creator\" content=\"@cdeualmeria\" \/>\n<meta name=\"twitter:site\" content=\"@cdeualmeria\" \/>\n<meta name=\"twitter:label1\" content=\"Written by\" \/>\n\t<meta name=\"twitter:data1\" content=\"AdminCDE\" \/>\n\t<meta name=\"twitter:label2\" content=\"Est. reading time\" \/>\n\t<meta name=\"twitter:data2\" content=\"2 minutes\" \/>\n<script type=\"application\/ld+json\" class=\"yoast-schema-graph\">{\"@context\":\"https:\\\/\\\/schema.org\",\"@graph\":[{\"@type\":\"Article\",\"@id\":\"https:\\\/\\\/www.cde.ual.es\\\/en\\\/south-sudan-e48-5-million-in-additional-eu-humanitarian-aid\\\/#article\",\"isPartOf\":{\"@id\":\"https:\\\/\\\/www.cde.ual.es\\\/en\\\/south-sudan-e48-5-million-in-additional-eu-humanitarian-aid\\\/\"},\"author\":{\"name\":\"AdminCDE\",\"@id\":\"https:\\\/\\\/www.cde.ual.es\\\/#\\\/schema\\\/person\\\/224ef08c8bcc005f319d2713ce37ee5f\"},\"headline\":\"South Sudan: \u20ac48.5 million in additional EU humanitarian aid\",\"datePublished\":\"2019-06-24T06:00:34+00:00\",\"mainEntityOfPage\":{\"@id\":\"https:\\\/\\\/www.cde.ual.es\\\/en\\\/south-sudan-e48-5-million-in-additional-eu-humanitarian-aid\\\/\"},\"wordCount\":421,\"commentCount\":0,\"publisher\":{\"@id\":\"https:\\\/\\\/www.cde.ual.es\\\/#organization\"},\"image\":{\"@id\":\"https:\\\/\\\/www.cde.ual.es\\\/en\\\/south-sudan-e48-5-million-in-additional-eu-humanitarian-aid\\\/#primaryimage\"},\"thumbnailUrl\":\"https:\\\/\\\/www.cde.ual.es\\\/wp-content\\\/uploads\\\/2019\\\/06\\\/Sudan.jpg\",\"keywords\":[\"Humanitarian Aid\"],\"articleSection\":[\"EU News\"],\"inLanguage\":\"en-US\",\"potentialAction\":[{\"@type\":\"CommentAction\",\"name\":\"Comment\",\"target\":[\"https:\\\/\\\/www.cde.ual.es\\\/en\\\/south-sudan-e48-5-million-in-additional-eu-humanitarian-aid\\\/#respond\"]}]},{\"@type\":\"WebPage\",\"@id\":\"https:\\\/\\\/www.cde.ual.es\\\/en\\\/south-sudan-e48-5-million-in-additional-eu-humanitarian-aid\\\/\",\"url\":\"https:\\\/\\\/www.cde.ual.es\\\/en\\\/south-sudan-e48-5-million-in-additional-eu-humanitarian-aid\\\/\",\"name\":\"South Sudan: \u20ac48.5 million in additional EU humanitarian aid | CDE Almer\u00eda - Centro de Documentaci\u00f3n Europea - Universidad de Almer\u00eda\",\"isPartOf\":{\"@id\":\"https:\\\/\\\/www.cde.ual.es\\\/#website\"},\"primaryImageOfPage\":{\"@id\":\"https:\\\/\\\/www.cde.ual.es\\\/en\\\/south-sudan-e48-5-million-in-additional-eu-humanitarian-aid\\\/#primaryimage\"},\"image\":{\"@id\":\"https:\\\/\\\/www.cde.ual.es\\\/en\\\/south-sudan-e48-5-million-in-additional-eu-humanitarian-aid\\\/#primaryimage\"},\"thumbnailUrl\":\"https:\\\/\\\/www.cde.ual.es\\\/wp-content\\\/uploads\\\/2019\\\/06\\\/Sudan.jpg\",\"datePublished\":\"2019-06-24T06:00:34+00:00\",\"breadcrumb\":{\"@id\":\"https:\\\/\\\/www.cde.ual.es\\\/en\\\/south-sudan-e48-5-million-in-additional-eu-humanitarian-aid\\\/#breadcrumb\"},\"inLanguage\":\"en-US\",\"potentialAction\":[{\"@type\":\"ReadAction\",\"target\":[\"https:\\\/\\\/www.cde.ual.es\\\/en\\\/south-sudan-e48-5-million-in-additional-eu-humanitarian-aid\\\/\"]}]},{\"@type\":\"ImageObject\",\"inLanguage\":\"en-US\",\"@id\":\"https:\\\/\\\/www.cde.ual.es\\\/en\\\/south-sudan-e48-5-million-in-additional-eu-humanitarian-aid\\\/#primaryimage\",\"url\":\"https:\\\/\\\/www.cde.ual.es\\\/wp-content\\\/uploads\\\/2019\\\/06\\\/Sudan.jpg\",\"contentUrl\":\"https:\\\/\\\/www.cde.ual.es\\\/wp-content\\\/uploads\\\/2019\\\/06\\\/Sudan.jpg\",\"width\":960,\"height\":720},{\"@type\":\"BreadcrumbList\",\"@id\":\"https:\\\/\\\/www.cde.ual.es\\\/en\\\/south-sudan-e48-5-million-in-additional-eu-humanitarian-aid\\\/#breadcrumb\",\"itemListElement\":[{\"@type\":\"ListItem\",\"position\":1,\"name\":\"Inicio\",\"item\":\"https:\\\/\\\/www.cde.ual.es\\\/en\\\/\"},{\"@type\":\"ListItem\",\"position\":2,\"name\":\"EU News\",\"item\":\"https:\\\/\\\/www.cde.ual.es\\\/en\\\/category\\\/eu-news\\\/\"},{\"@type\":\"ListItem\",\"position\":3,\"name\":\"South Sudan: \u20ac48.5 million in additional EU humanitarian aid\"}]},{\"@type\":\"WebSite\",\"@id\":\"https:\\\/\\\/www.cde.ual.es\\\/#website\",\"url\":\"https:\\\/\\\/www.cde.ual.es\\\/\",\"name\":\"CDE Almer\u00eda - Centro de Documentaci\u00f3n Europea - Universidad de Almer\u00eda\",\"description\":\"Centro de Documentaci\u00f3n Europea de la Universidad de Almer\u00eda\",\"publisher\":{\"@id\":\"https:\\\/\\\/www.cde.ual.es\\\/#organization\"},\"alternateName\":\"CDE Almer\u00eda\",\"potentialAction\":[{\"@type\":\"SearchAction\",\"target\":{\"@type\":\"EntryPoint\",\"urlTemplate\":\"https:\\\/\\\/www.cde.ual.es\\\/?s={search_term_string}\"},\"query-input\":{\"@type\":\"PropertyValueSpecification\",\"valueRequired\":true,\"valueName\":\"search_term_string\"}}],\"inLanguage\":\"en-US\"},{\"@type\":\"Organization\",\"@id\":\"https:\\\/\\\/www.cde.ual.es\\\/#organization\",\"name\":\"Centro de Documentaci\u00f3n Europea de Almer\u00eda\",\"url\":\"https:\\\/\\\/www.cde.ual.es\\\/\",\"logo\":{\"@type\":\"ImageObject\",\"inLanguage\":\"en-US\",\"@id\":\"https:\\\/\\\/www.cde.ual.es\\\/#\\\/schema\\\/logo\\\/image\\\/\",\"url\":\"https:\\\/\\\/www.cde.ual.es\\\/wp-content\\\/uploads\\\/2025\\\/07\\\/cde-logo-3.png\",\"contentUrl\":\"https:\\\/\\\/www.cde.ual.es\\\/wp-content\\\/uploads\\\/2025\\\/07\\\/cde-logo-3.png\",\"width\":1400,\"height\":300,\"caption\":\"Centro de Documentaci\u00f3n Europea de Almer\u00eda\"},\"image\":{\"@id\":\"https:\\\/\\\/www.cde.ual.es\\\/#\\\/schema\\\/logo\\\/image\\\/\"},\"sameAs\":[\"https:\\\/\\\/www.facebook.com\\\/cdeuniversidadalmeria\\\/\",\"https:\\\/\\\/x.com\\\/cdeualmeria\",\"https:\\\/\\\/www.tiktok.com\\\/@cdealmeria\",\"https:\\\/\\\/www.instagram.com\\\/cdealmeria\\\/\",\"https:\\\/\\\/www.linkedin.com\\\/in\\\/cde-almera-812b26a9\\\/\"]},{\"@type\":\"Person\",\"@id\":\"https:\\\/\\\/www.cde.ual.es\\\/#\\\/schema\\\/person\\\/224ef08c8bcc005f319d2713ce37ee5f\",\"name\":\"AdminCDE\",\"image\":{\"@type\":\"ImageObject\",\"inLanguage\":\"en-US\",\"@id\":\"https:\\\/\\\/secure.gravatar.com\\\/avatar\\\/a72d038d371f995cd13706fac32274b7952a52e8fb0a84b5f80c85426f2a98a8?s=96&d=mm&r=g\",\"url\":\"https:\\\/\\\/secure.gravatar.com\\\/avatar\\\/a72d038d371f995cd13706fac32274b7952a52e8fb0a84b5f80c85426f2a98a8?s=96&d=mm&r=g\",\"contentUrl\":\"https:\\\/\\\/secure.gravatar.com\\\/avatar\\\/a72d038d371f995cd13706fac32274b7952a52e8fb0a84b5f80c85426f2a98a8?s=96&d=mm&r=g\",\"caption\":\"AdminCDE\"}}]}<\/script>\n<!-- \/ Yoast SEO plugin. -->","yoast_head_json":{"title":"South Sudan: \u20ac48.5 million in additional EU humanitarian aid | CDE Almer\u00eda - Centro de Documentaci\u00f3n Europea - Universidad de Almer\u00eda","robots":{"index":"index","follow":"follow","max-snippet":"max-snippet:-1","max-image-preview":"max-image-preview:large","max-video-preview":"max-video-preview:-1"},"canonical":"https:\/\/www.cde.ual.es\/en\/south-sudan-e48-5-million-in-additional-eu-humanitarian-aid\/","og_locale":"en_US","og_type":"article","og_title":"South Sudan: \u20ac48.5 million in additional EU humanitarian aid | CDE Almer\u00eda - Centro de Documentaci\u00f3n Europea - Universidad de Almer\u00eda","og_description":"Despite a recent peace deal, humanitarian needs remain high in South Sudan with nearly two million people internally displaced and almost seven million in need of emergency food aid. To help the most vulnerable in the country, the European Commission today announces \u20ac48.5 million in humanitarian assistance. This comes on top of last week&#8217;s \u20ac1 [&hellip;]","og_url":"https:\/\/www.cde.ual.es\/en\/south-sudan-e48-5-million-in-additional-eu-humanitarian-aid\/","og_site_name":"CDE Almer\u00eda - Centro de Documentaci\u00f3n Europea - Universidad de Almer\u00eda","article_publisher":"https:\/\/www.facebook.com\/cdeuniversidadalmeria\/","article_published_time":"2019-06-24T06:00:34+00:00","og_image":[{"width":960,"height":720,"url":"https:\/\/www.cde.ual.es\/wp-content\/uploads\/2019\/06\/Sudan.jpg","type":"image\/jpeg"}],"author":"AdminCDE","twitter_card":"summary_large_image","twitter_creator":"@cdeualmeria","twitter_site":"@cdeualmeria","twitter_misc":{"Written by":"AdminCDE","Est. reading time":"2 minutes"},"schema":{"@context":"https:\/\/schema.org","@graph":[{"@type":"Article","@id":"https:\/\/www.cde.ual.es\/en\/south-sudan-e48-5-million-in-additional-eu-humanitarian-aid\/#article","isPartOf":{"@id":"https:\/\/www.cde.ual.es\/en\/south-sudan-e48-5-million-in-additional-eu-humanitarian-aid\/"},"author":{"name":"AdminCDE","@id":"https:\/\/www.cde.ual.es\/#\/schema\/person\/224ef08c8bcc005f319d2713ce37ee5f"},"headline":"South Sudan: \u20ac48.5 million in additional EU humanitarian aid","datePublished":"2019-06-24T06:00:34+00:00","mainEntityOfPage":{"@id":"https:\/\/www.cde.ual.es\/en\/south-sudan-e48-5-million-in-additional-eu-humanitarian-aid\/"},"wordCount":421,"commentCount":0,"publisher":{"@id":"https:\/\/www.cde.ual.es\/#organization"},"image":{"@id":"https:\/\/www.cde.ual.es\/en\/south-sudan-e48-5-million-in-additional-eu-humanitarian-aid\/#primaryimage"},"thumbnailUrl":"https:\/\/www.cde.ual.es\/wp-content\/uploads\/2019\/06\/Sudan.jpg","keywords":["Humanitarian Aid"],"articleSection":["EU News"],"inLanguage":"en-US","potentialAction":[{"@type":"CommentAction","name":"Comment","target":["https:\/\/www.cde.ual.es\/en\/south-sudan-e48-5-million-in-additional-eu-humanitarian-aid\/#respond"]}]},{"@type":"WebPage","@id":"https:\/\/www.cde.ual.es\/en\/south-sudan-e48-5-million-in-additional-eu-humanitarian-aid\/","url":"https:\/\/www.cde.ual.es\/en\/south-sudan-e48-5-million-in-additional-eu-humanitarian-aid\/","name":"South Sudan: \u20ac48.5 million in additional EU humanitarian aid | CDE Almer\u00eda - Centro de Documentaci\u00f3n Europea - Universidad de Almer\u00eda","isPartOf":{"@id":"https:\/\/www.cde.ual.es\/#website"},"primaryImageOfPage":{"@id":"https:\/\/www.cde.ual.es\/en\/south-sudan-e48-5-million-in-additional-eu-humanitarian-aid\/#primaryimage"},"image":{"@id":"https:\/\/www.cde.ual.es\/en\/south-sudan-e48-5-million-in-additional-eu-humanitarian-aid\/#primaryimage"},"thumbnailUrl":"https:\/\/www.cde.ual.es\/wp-content\/uploads\/2019\/06\/Sudan.jpg","datePublished":"2019-06-24T06:00:34+00:00","breadcrumb":{"@id":"https:\/\/www.cde.ual.es\/en\/south-sudan-e48-5-million-in-additional-eu-humanitarian-aid\/#breadcrumb"},"inLanguage":"en-US","potentialAction":[{"@type":"ReadAction","target":["https:\/\/www.cde.ual.es\/en\/south-sudan-e48-5-million-in-additional-eu-humanitarian-aid\/"]}]},{"@type":"ImageObject","inLanguage":"en-US","@id":"https:\/\/www.cde.ual.es\/en\/south-sudan-e48-5-million-in-additional-eu-humanitarian-aid\/#primaryimage","url":"https:\/\/www.cde.ual.es\/wp-content\/uploads\/2019\/06\/Sudan.jpg","contentUrl":"https:\/\/www.cde.ual.es\/wp-content\/uploads\/2019\/06\/Sudan.jpg","width":960,"height":720},{"@type":"BreadcrumbList","@id":"https:\/\/www.cde.ual.es\/en\/south-sudan-e48-5-million-in-additional-eu-humanitarian-aid\/#breadcrumb","itemListElement":[{"@type":"ListItem","position":1,"name":"Inicio","item":"https:\/\/www.cde.ual.es\/en\/"},{"@type":"ListItem","position":2,"name":"EU News","item":"https:\/\/www.cde.ual.es\/en\/category\/eu-news\/"},{"@type":"ListItem","position":3,"name":"South Sudan: \u20ac48.5 million in additional EU humanitarian aid"}]},{"@type":"WebSite","@id":"https:\/\/www.cde.ual.es\/#website","url":"https:\/\/www.cde.ual.es\/","name":"CDE Almer\u00eda - Centro de Documentaci\u00f3n Europea - Universidad de Almer\u00eda","description":"Centro de Documentaci\u00f3n Europea de la Universidad de Almer\u00eda","publisher":{"@id":"https:\/\/www.cde.ual.es\/#organization"},"alternateName":"CDE Almer\u00eda","potentialAction":[{"@type":"SearchAction","target":{"@type":"EntryPoint","urlTemplate":"https:\/\/www.cde.ual.es\/?s={search_term_string}"},"query-input":{"@type":"PropertyValueSpecification","valueRequired":true,"valueName":"search_term_string"}}],"inLanguage":"en-US"},{"@type":"Organization","@id":"https:\/\/www.cde.ual.es\/#organization","name":"Centro de Documentaci\u00f3n Europea de Almer\u00eda","url":"https:\/\/www.cde.ual.es\/","logo":{"@type":"ImageObject","inLanguage":"en-US","@id":"https:\/\/www.cde.ual.es\/#\/schema\/logo\/image\/","url":"https:\/\/www.cde.ual.es\/wp-content\/uploads\/2025\/07\/cde-logo-3.png","contentUrl":"https:\/\/www.cde.ual.es\/wp-content\/uploads\/2025\/07\/cde-logo-3.png","width":1400,"height":300,"caption":"Centro de Documentaci\u00f3n Europea de Almer\u00eda"},"image":{"@id":"https:\/\/www.cde.ual.es\/#\/schema\/logo\/image\/"},"sameAs":["https:\/\/www.facebook.com\/cdeuniversidadalmeria\/","https:\/\/x.com\/cdeualmeria","https:\/\/www.tiktok.com\/@cdealmeria","https:\/\/www.instagram.com\/cdealmeria\/","https:\/\/www.linkedin.com\/in\/cde-almera-812b26a9\/"]},{"@type":"Person","@id":"https:\/\/www.cde.ual.es\/#\/schema\/person\/224ef08c8bcc005f319d2713ce37ee5f","name":"AdminCDE","image":{"@type":"ImageObject","inLanguage":"en-US","@id":"https:\/\/secure.gravatar.com\/avatar\/a72d038d371f995cd13706fac32274b7952a52e8fb0a84b5f80c85426f2a98a8?s=96&d=mm&r=g","url":"https:\/\/secure.gravatar.com\/avatar\/a72d038d371f995cd13706fac32274b7952a52e8fb0a84b5f80c85426f2a98a8?s=96&d=mm&r=g","contentUrl":"https:\/\/secure.gravatar.com\/avatar\/a72d038d371f995cd13706fac32274b7952a52e8fb0a84b5f80c85426f2a98a8?s=96&d=mm&r=g","caption":"AdminCDE"}}]}},"_links":{"self":[{"href":"https:\/\/www.cde.ual.es\/en\/wp-json\/wp\/v2\/posts\/20274","targetHints":{"allow":["GET"]}}],"collection":[{"href":"https:\/\/www.cde.ual.es\/en\/wp-json\/wp\/v2\/posts"}],"about":[{"href":"https:\/\/www.cde.ual.es\/en\/wp-json\/wp\/v2\/types\/post"}],"author":[{"embeddable":true,"href":"https:\/\/www.cde.ual.es\/en\/wp-json\/wp\/v2\/users\/1"}],"replies":[{"embeddable":true,"href":"https:\/\/www.cde.ual.es\/en\/wp-json\/wp\/v2\/comments?post=20274"}],"version-history":[{"count":0,"href":"https:\/\/www.cde.ual.es\/en\/wp-json\/wp\/v2\/posts\/20274\/revisions"}],"wp:featuredmedia":[{"embeddable":true,"href":"https:\/\/www.cde.ual.es\/en\/wp-json\/wp\/v2\/media\/20272"}],"wp:attachment":[{"href":"https:\/\/www.cde.ual.es\/en\/wp-json\/wp\/v2\/media?parent=20274"}],"wp:term":[{"taxonomy":"category","embeddable":true,"href":"https:\/\/www.cde.ual.es\/en\/wp-json\/wp\/v2\/categories?post=20274"},{"taxonomy":"post_tag","embeddable":true,"href":"https:\/\/www.cde.ual.es\/en\/wp-json\/wp\/v2\/tags?post=20274"}],"curies":[{"name":"wp","href":"https:\/\/api.w.org\/{rel}","templated":true}]}}