{"id":2004,"date":"2017-06-06T12:10:54","date_gmt":"2017-06-06T10:10:54","guid":{"rendered":"http:\/\/www.cde.ual.es\/?p=2004"},"modified":"2017-06-06T12:10:54","modified_gmt":"2017-06-06T10:10:54","slug":"plazas-de-profesores-en-secciones-bilingues-de-espanol","status":"publish","type":"post","link":"https:\/\/www.cde.ual.es\/en\/plazas-de-profesores-en-secciones-bilingues-de-espanol\/","title":{"rendered":"Plazas de profesores en secciones biling\u00fces de espa\u00f1ol"},"content":{"rendered":"<div id=\"campos_adiciones\" class=\"panel-pane pane-entity-field pane-node-field-fecha-caducidad titulo_panel\"><\/div>\n<div id=\"campos_adiciones\" class=\"panel-pane pane-node-body titulo_panel\">\n<h3 class=\"pane-title\" style=\"text-align: justify;\"><img decoding=\"async\" class=\"aligncenter size-full wp-image-2005\" src=\"http:\/\/www.cde.ual.es\/wp-content\/uploads\/2017\/06\/math-1500720_960_720.jpg\" alt=\"\" width=\"960\" height=\"539\" srcset=\"https:\/\/www.cde.ual.es\/wp-content\/uploads\/2017\/06\/math-1500720_960_720.jpg 960w, https:\/\/www.cde.ual.es\/wp-content\/uploads\/2017\/06\/math-1500720_960_720-768x431.jpg 768w\" sizes=\"(max-width: 960px) 100vw, 960px\" \/><\/h3>\n<h3 class=\"pane-title\" style=\"text-align: justify;\">Informaci\u00f3n<\/h3>\n<div class=\"pane-content\" style=\"text-align: justify;\">\n<div class=\"field field--name-body field--type-text-with-summary field--label-hidden\">\n<div class=\"field__items\">\n<div class=\"field__item even\">\n<p>Se convocan un m\u00e1ximo de 128 plazas de profesores para impartir lengua y cultura espa\u00f1olas y otras \u00e1reas en espa\u00f1ol, en las Secciones biling\u00fces de espa\u00f1ol en Centros educativos de <strong>Bulgaria, China, Eslovaquia, Hungr\u00eda, Polonia, Rep\u00fablica Checa, Ruman\u00eda, Rusia y Turqu\u00eda<\/strong> para el curso 2017-2018.<\/p>\n<p>La dotaci\u00f3n de cada ayuda ser\u00e1 por una cuant\u00eda m\u00e1xima de <strong>13.176 euros<\/strong> por curso acad\u00e9mico, excepto para los profesores destinados a <strong>Rusia<\/strong>, en cuyo caso la cuant\u00eda ser\u00e1 de <strong>17.580 euros<\/strong> y para los profesores destinados a <strong>China y a Turqu\u00eda<\/strong>, en cuyo caso la cuant\u00eda ser\u00e1 de<strong> 9.600 euros.<\/strong> Una <strong>ayuda de gastos de viaje de ida y vuelta<\/strong> de 1.000 euros, salvo en el caso de China, que ser\u00e1 de 1.200 euros.<\/p>\n<div class=\"field field--name-field-convoca field--type-text field--label-hidden\">\n<div class=\"field__items\">\n<h3 class=\"field__item odd\">Requisitos<\/h3>\n<\/div>\n<\/div>\n<div class=\"field field--name-field-requisitos field--type-text field--label-hidden\">\n<div class=\"field__items\">\n<div class=\"field__item even\">\n<p>Espa\u00f1oles en posesi\u00f3n de un t\u00edtulo de grado o licenciatura en el \u00e1rea de filolog\u00eda, traducci\u00f3n e interpretaci\u00f3n, humanidades, historia del arte, geograf\u00eda e historia, matem\u00e1ticas, f\u00edsica, qu\u00edmica, biolog\u00eda, periodismo, arquitectura y maestros. Deben estar en posesi\u00f3n del Certificado de Aptitud Pedag\u00f3gica o del t\u00edtulo de Master que habilita para el ejercicio de la funci\u00f3n docente en Educaci\u00f3n Secundaria Obligatoria, Formaci\u00f3n Profesional y Bachillerato, y que posean la nacionalidad espa\u00f1ola, a excepci\u00f3n de las plazas previstas para maestros.<\/p>\n<\/div>\n<\/div>\n<\/div>\n<p><strong>Plazo de presentaci\u00f3n de solicitudes:<\/strong> del 6 al 20 de junio, ambos inclusive,\u00a0<a href=\"http:\/\/www.mecd.gob.es\/servicios-al-ciudadano-mecd\/catalogo\/educacion\/profesorado\/convocatorias-para-el-extranjero\/secciones-bilingues-centros-europa-central-oriental-turquia-y-china.html\" target=\"_blank\" rel=\"noopener noreferrer\">aqu\u00ed<\/a><\/p>\n<\/div>\n<\/div>\n<\/div>\n<\/div>\n<\/div>\n<div class=\"panel-pane pane-custom pane-6\">\n<div class=\"pane-content\">\n<div class=\"field field--name-field-convoca field--type-text field--label-hidden\">\n<div class=\"field__items\">\n<div class=\"field__item even\">\n<p style=\"text-align: justify;\"><em>Plazas convocadas por el Ministerio de Educaci\u00f3n, Cultura y Deporte. Secretar\u00eda de Estado de Educaci\u00f3n, Formaci\u00f3n Profesional y Universidades<\/em><\/p>\n<\/div>\n<div class=\"field__item odd\"><\/div>\n<\/div>\n<\/div>\n<div class=\"field field--name-field-requisitos field--type-text field--label-hidden\"><\/div>\n<\/div>\n<\/div>\n","protected":false},"excerpt":{"rendered":"<p>Informaci\u00f3n Se convocan un m\u00e1ximo de 128 plazas de profesores para impartir lengua y cultura espa\u00f1olas y otras \u00e1reas en espa\u00f1ol, en las Secciones biling\u00fces de espa\u00f1ol en Centros educativos de Bulgaria, China, Eslovaquia, Hungr\u00eda, Polonia, Rep\u00fablica Checa, Ruman\u00eda, Rusia y Turqu\u00eda para el curso 2017-2018. La dotaci\u00f3n de cada ayuda ser\u00e1 por una cuant\u00eda [&hellip;]<\/p>\n","protected":false},"author":1,"featured_media":0,"comment_status":"open","ping_status":"open","sticky":false,"template":"","format":"standard","meta":{"_acf_changed":false,"_relevanssi_hide_post":"","_relevanssi_hide_content":"","_relevanssi_pin_for_all":"","_relevanssi_pin_keywords":"","_relevanssi_unpin_keywords":"","_relevanssi_related_keywords":"","_relevanssi_related_include_ids":"","_relevanssi_related_exclude_ids":"","_relevanssi_related_no_append":"","_relevanssi_related_not_related":"","_relevanssi_related_posts":"","_relevanssi_noindex_reason":"","_monsterinsights_skip_tracking":false,"_monsterinsights_sitenote_active":false,"_monsterinsights_sitenote_note":"","_monsterinsights_sitenote_category":0,"_genesis_hide_title":false,"_genesis_hide_breadcrumbs":false,"_genesis_hide_singular_image":false,"_genesis_hide_footer_widgets":false,"_genesis_custom_body_class":"","_genesis_custom_post_class":"","_genesis_layout":"","footnotes":""},"categories":[1],"tags":[],"class_list":{"0":"post-2004","1":"post","2":"type-post","3":"status-publish","4":"format-standard","6":"category-sin-categorizar","7":"entry","8":"has-post-thumbnail"},"acf":[],"yoast_head":"<!-- This site is optimized with the Yoast SEO plugin v27.4 - https:\/\/yoast.com\/product\/yoast-seo-wordpress\/ -->\n<title>Plazas de profesores en secciones biling\u00fces de espa\u00f1ol | CDE Almer\u00eda - Centro de Documentaci\u00f3n Europea - Universidad de Almer\u00eda<\/title>\n<meta name=\"robots\" content=\"index, follow, max-snippet:-1, max-image-preview:large, max-video-preview:-1\" \/>\n<link rel=\"canonical\" href=\"https:\/\/www.cde.ual.es\/plazas-de-profesores-en-secciones-bilingues-de-espanol\/\" \/>\n<meta property=\"og:locale\" content=\"en_US\" \/>\n<meta property=\"og:type\" content=\"article\" \/>\n<meta property=\"og:title\" content=\"Plazas de profesores en secciones biling\u00fces de espa\u00f1ol | CDE Almer\u00eda - Centro de Documentaci\u00f3n Europea - Universidad de Almer\u00eda\" \/>\n<meta property=\"og:description\" content=\"Informaci\u00f3n Se convocan un m\u00e1ximo de 128 plazas de profesores para impartir lengua y cultura espa\u00f1olas y otras \u00e1reas en espa\u00f1ol, en las Secciones biling\u00fces de espa\u00f1ol en Centros educativos de Bulgaria, China, Eslovaquia, Hungr\u00eda, Polonia, Rep\u00fablica Checa, Ruman\u00eda, Rusia y Turqu\u00eda para el curso 2017-2018. La dotaci\u00f3n de cada ayuda ser\u00e1 por una cuant\u00eda [&hellip;]\" \/>\n<meta property=\"og:url\" content=\"https:\/\/www.cde.ual.es\/plazas-de-profesores-en-secciones-bilingues-de-espanol\/\" \/>\n<meta property=\"og:site_name\" content=\"CDE Almer\u00eda - Centro de Documentaci\u00f3n Europea - Universidad de Almer\u00eda\" \/>\n<meta property=\"article:publisher\" content=\"https:\/\/www.facebook.com\/cdeuniversidadalmeria\/\" \/>\n<meta property=\"article:published_time\" content=\"2017-06-06T10:10:54+00:00\" \/>\n<meta property=\"og:image\" content=\"http:\/\/www.cde.ual.es\/wp-content\/uploads\/2017\/06\/math-1500720_960_720.jpg\" \/>\n<meta name=\"author\" content=\"AdminCDE\" \/>\n<meta name=\"twitter:card\" content=\"summary_large_image\" \/>\n<meta name=\"twitter:creator\" content=\"@cdeualmeria\" \/>\n<meta name=\"twitter:site\" content=\"@cdeualmeria\" \/>\n<meta name=\"twitter:label1\" content=\"Written by\" \/>\n\t<meta name=\"twitter:data1\" content=\"AdminCDE\" \/>\n\t<meta name=\"twitter:label2\" content=\"Est. reading time\" \/>\n\t<meta name=\"twitter:data2\" content=\"1 minute\" \/>\n<script type=\"application\/ld+json\" class=\"yoast-schema-graph\">{\"@context\":\"https:\\\/\\\/schema.org\",\"@graph\":[{\"@type\":\"Article\",\"@id\":\"https:\\\/\\\/www.cde.ual.es\\\/plazas-de-profesores-en-secciones-bilingues-de-espanol\\\/#article\",\"isPartOf\":{\"@id\":\"https:\\\/\\\/www.cde.ual.es\\\/plazas-de-profesores-en-secciones-bilingues-de-espanol\\\/\"},\"author\":{\"name\":\"AdminCDE\",\"@id\":\"https:\\\/\\\/www.cde.ual.es\\\/#\\\/schema\\\/person\\\/224ef08c8bcc005f319d2713ce37ee5f\"},\"headline\":\"Plazas de profesores en secciones biling\u00fces de espa\u00f1ol\",\"datePublished\":\"2017-06-06T10:10:54+00:00\",\"mainEntityOfPage\":{\"@id\":\"https:\\\/\\\/www.cde.ual.es\\\/plazas-de-profesores-en-secciones-bilingues-de-espanol\\\/\"},\"wordCount\":276,\"commentCount\":0,\"publisher\":{\"@id\":\"https:\\\/\\\/www.cde.ual.es\\\/#organization\"},\"image\":{\"@id\":\"https:\\\/\\\/www.cde.ual.es\\\/plazas-de-profesores-en-secciones-bilingues-de-espanol\\\/#primaryimage\"},\"thumbnailUrl\":\"http:\\\/\\\/www.cde.ual.es\\\/wp-content\\\/uploads\\\/2017\\\/06\\\/math-1500720_960_720.jpg\",\"articleSection\":[\"Sin categorizar\"],\"inLanguage\":\"en-US\",\"potentialAction\":[{\"@type\":\"CommentAction\",\"name\":\"Comment\",\"target\":[\"https:\\\/\\\/www.cde.ual.es\\\/plazas-de-profesores-en-secciones-bilingues-de-espanol\\\/#respond\"]}]},{\"@type\":\"WebPage\",\"@id\":\"https:\\\/\\\/www.cde.ual.es\\\/plazas-de-profesores-en-secciones-bilingues-de-espanol\\\/\",\"url\":\"https:\\\/\\\/www.cde.ual.es\\\/plazas-de-profesores-en-secciones-bilingues-de-espanol\\\/\",\"name\":\"Plazas de profesores en secciones biling\u00fces de espa\u00f1ol | CDE Almer\u00eda - Centro de Documentaci\u00f3n Europea - Universidad de Almer\u00eda\",\"isPartOf\":{\"@id\":\"https:\\\/\\\/www.cde.ual.es\\\/#website\"},\"primaryImageOfPage\":{\"@id\":\"https:\\\/\\\/www.cde.ual.es\\\/plazas-de-profesores-en-secciones-bilingues-de-espanol\\\/#primaryimage\"},\"image\":{\"@id\":\"https:\\\/\\\/www.cde.ual.es\\\/plazas-de-profesores-en-secciones-bilingues-de-espanol\\\/#primaryimage\"},\"thumbnailUrl\":\"http:\\\/\\\/www.cde.ual.es\\\/wp-content\\\/uploads\\\/2017\\\/06\\\/math-1500720_960_720.jpg\",\"datePublished\":\"2017-06-06T10:10:54+00:00\",\"breadcrumb\":{\"@id\":\"https:\\\/\\\/www.cde.ual.es\\\/plazas-de-profesores-en-secciones-bilingues-de-espanol\\\/#breadcrumb\"},\"inLanguage\":\"en-US\",\"potentialAction\":[{\"@type\":\"ReadAction\",\"target\":[\"https:\\\/\\\/www.cde.ual.es\\\/plazas-de-profesores-en-secciones-bilingues-de-espanol\\\/\"]}]},{\"@type\":\"ImageObject\",\"inLanguage\":\"en-US\",\"@id\":\"https:\\\/\\\/www.cde.ual.es\\\/plazas-de-profesores-en-secciones-bilingues-de-espanol\\\/#primaryimage\",\"url\":\"http:\\\/\\\/www.cde.ual.es\\\/wp-content\\\/uploads\\\/2017\\\/06\\\/math-1500720_960_720.jpg\",\"contentUrl\":\"http:\\\/\\\/www.cde.ual.es\\\/wp-content\\\/uploads\\\/2017\\\/06\\\/math-1500720_960_720.jpg\"},{\"@type\":\"BreadcrumbList\",\"@id\":\"https:\\\/\\\/www.cde.ual.es\\\/plazas-de-profesores-en-secciones-bilingues-de-espanol\\\/#breadcrumb\",\"itemListElement\":[{\"@type\":\"ListItem\",\"position\":1,\"name\":\"Inicio\",\"item\":\"https:\\\/\\\/www.cde.ual.es\\\/en\\\/\"},{\"@type\":\"ListItem\",\"position\":2,\"name\":\"Sin categorizar\",\"item\":\"https:\\\/\\\/www.cde.ual.es\\\/category\\\/sin-categorizar\\\/\"},{\"@type\":\"ListItem\",\"position\":3,\"name\":\"Plazas de profesores en secciones biling\u00fces de espa\u00f1ol\"}]},{\"@type\":\"WebSite\",\"@id\":\"https:\\\/\\\/www.cde.ual.es\\\/#website\",\"url\":\"https:\\\/\\\/www.cde.ual.es\\\/\",\"name\":\"CDE Almer\u00eda - Centro de Documentaci\u00f3n Europea - Universidad de Almer\u00eda\",\"description\":\"Centro de Documentaci\u00f3n Europea de la Universidad de Almer\u00eda\",\"publisher\":{\"@id\":\"https:\\\/\\\/www.cde.ual.es\\\/#organization\"},\"alternateName\":\"CDE Almer\u00eda\",\"potentialAction\":[{\"@type\":\"SearchAction\",\"target\":{\"@type\":\"EntryPoint\",\"urlTemplate\":\"https:\\\/\\\/www.cde.ual.es\\\/?s={search_term_string}\"},\"query-input\":{\"@type\":\"PropertyValueSpecification\",\"valueRequired\":true,\"valueName\":\"search_term_string\"}}],\"inLanguage\":\"en-US\"},{\"@type\":\"Organization\",\"@id\":\"https:\\\/\\\/www.cde.ual.es\\\/#organization\",\"name\":\"Centro de Documentaci\u00f3n Europea de Almer\u00eda\",\"url\":\"https:\\\/\\\/www.cde.ual.es\\\/\",\"logo\":{\"@type\":\"ImageObject\",\"inLanguage\":\"en-US\",\"@id\":\"https:\\\/\\\/www.cde.ual.es\\\/#\\\/schema\\\/logo\\\/image\\\/\",\"url\":\"https:\\\/\\\/www.cde.ual.es\\\/wp-content\\\/uploads\\\/2025\\\/07\\\/cde-logo-3.png\",\"contentUrl\":\"https:\\\/\\\/www.cde.ual.es\\\/wp-content\\\/uploads\\\/2025\\\/07\\\/cde-logo-3.png\",\"width\":1400,\"height\":300,\"caption\":\"Centro de Documentaci\u00f3n Europea de Almer\u00eda\"},\"image\":{\"@id\":\"https:\\\/\\\/www.cde.ual.es\\\/#\\\/schema\\\/logo\\\/image\\\/\"},\"sameAs\":[\"https:\\\/\\\/www.facebook.com\\\/cdeuniversidadalmeria\\\/\",\"https:\\\/\\\/x.com\\\/cdeualmeria\",\"https:\\\/\\\/www.tiktok.com\\\/@cdealmeria\",\"https:\\\/\\\/www.instagram.com\\\/cdealmeria\\\/\",\"https:\\\/\\\/www.linkedin.com\\\/in\\\/cde-almera-812b26a9\\\/\"]},{\"@type\":\"Person\",\"@id\":\"https:\\\/\\\/www.cde.ual.es\\\/#\\\/schema\\\/person\\\/224ef08c8bcc005f319d2713ce37ee5f\",\"name\":\"AdminCDE\",\"image\":{\"@type\":\"ImageObject\",\"inLanguage\":\"en-US\",\"@id\":\"https:\\\/\\\/secure.gravatar.com\\\/avatar\\\/a72d038d371f995cd13706fac32274b7952a52e8fb0a84b5f80c85426f2a98a8?s=96&d=mm&r=g\",\"url\":\"https:\\\/\\\/secure.gravatar.com\\\/avatar\\\/a72d038d371f995cd13706fac32274b7952a52e8fb0a84b5f80c85426f2a98a8?s=96&d=mm&r=g\",\"contentUrl\":\"https:\\\/\\\/secure.gravatar.com\\\/avatar\\\/a72d038d371f995cd13706fac32274b7952a52e8fb0a84b5f80c85426f2a98a8?s=96&d=mm&r=g\",\"caption\":\"AdminCDE\"}}]}<\/script>\n<!-- \/ Yoast SEO plugin. -->","yoast_head_json":{"title":"Plazas de profesores en secciones biling\u00fces de espa\u00f1ol | CDE Almer\u00eda - Centro de Documentaci\u00f3n Europea - Universidad de Almer\u00eda","robots":{"index":"index","follow":"follow","max-snippet":"max-snippet:-1","max-image-preview":"max-image-preview:large","max-video-preview":"max-video-preview:-1"},"canonical":"https:\/\/www.cde.ual.es\/plazas-de-profesores-en-secciones-bilingues-de-espanol\/","og_locale":"en_US","og_type":"article","og_title":"Plazas de profesores en secciones biling\u00fces de espa\u00f1ol | CDE Almer\u00eda - Centro de Documentaci\u00f3n Europea - Universidad de Almer\u00eda","og_description":"Informaci\u00f3n Se convocan un m\u00e1ximo de 128 plazas de profesores para impartir lengua y cultura espa\u00f1olas y otras \u00e1reas en espa\u00f1ol, en las Secciones biling\u00fces de espa\u00f1ol en Centros educativos de Bulgaria, China, Eslovaquia, Hungr\u00eda, Polonia, Rep\u00fablica Checa, Ruman\u00eda, Rusia y Turqu\u00eda para el curso 2017-2018. La dotaci\u00f3n de cada ayuda ser\u00e1 por una cuant\u00eda [&hellip;]","og_url":"https:\/\/www.cde.ual.es\/plazas-de-profesores-en-secciones-bilingues-de-espanol\/","og_site_name":"CDE Almer\u00eda - Centro de Documentaci\u00f3n Europea - Universidad de Almer\u00eda","article_publisher":"https:\/\/www.facebook.com\/cdeuniversidadalmeria\/","article_published_time":"2017-06-06T10:10:54+00:00","og_image":[{"url":"http:\/\/www.cde.ual.es\/wp-content\/uploads\/2017\/06\/math-1500720_960_720.jpg","type":"","width":"","height":""}],"author":"AdminCDE","twitter_card":"summary_large_image","twitter_creator":"@cdeualmeria","twitter_site":"@cdeualmeria","twitter_misc":{"Written by":"AdminCDE","Est. reading time":"1 minute"},"schema":{"@context":"https:\/\/schema.org","@graph":[{"@type":"Article","@id":"https:\/\/www.cde.ual.es\/plazas-de-profesores-en-secciones-bilingues-de-espanol\/#article","isPartOf":{"@id":"https:\/\/www.cde.ual.es\/plazas-de-profesores-en-secciones-bilingues-de-espanol\/"},"author":{"name":"AdminCDE","@id":"https:\/\/www.cde.ual.es\/#\/schema\/person\/224ef08c8bcc005f319d2713ce37ee5f"},"headline":"Plazas de profesores en secciones biling\u00fces de espa\u00f1ol","datePublished":"2017-06-06T10:10:54+00:00","mainEntityOfPage":{"@id":"https:\/\/www.cde.ual.es\/plazas-de-profesores-en-secciones-bilingues-de-espanol\/"},"wordCount":276,"commentCount":0,"publisher":{"@id":"https:\/\/www.cde.ual.es\/#organization"},"image":{"@id":"https:\/\/www.cde.ual.es\/plazas-de-profesores-en-secciones-bilingues-de-espanol\/#primaryimage"},"thumbnailUrl":"http:\/\/www.cde.ual.es\/wp-content\/uploads\/2017\/06\/math-1500720_960_720.jpg","articleSection":["Sin categorizar"],"inLanguage":"en-US","potentialAction":[{"@type":"CommentAction","name":"Comment","target":["https:\/\/www.cde.ual.es\/plazas-de-profesores-en-secciones-bilingues-de-espanol\/#respond"]}]},{"@type":"WebPage","@id":"https:\/\/www.cde.ual.es\/plazas-de-profesores-en-secciones-bilingues-de-espanol\/","url":"https:\/\/www.cde.ual.es\/plazas-de-profesores-en-secciones-bilingues-de-espanol\/","name":"Plazas de profesores en secciones biling\u00fces de espa\u00f1ol | CDE Almer\u00eda - Centro de Documentaci\u00f3n Europea - Universidad de Almer\u00eda","isPartOf":{"@id":"https:\/\/www.cde.ual.es\/#website"},"primaryImageOfPage":{"@id":"https:\/\/www.cde.ual.es\/plazas-de-profesores-en-secciones-bilingues-de-espanol\/#primaryimage"},"image":{"@id":"https:\/\/www.cde.ual.es\/plazas-de-profesores-en-secciones-bilingues-de-espanol\/#primaryimage"},"thumbnailUrl":"http:\/\/www.cde.ual.es\/wp-content\/uploads\/2017\/06\/math-1500720_960_720.jpg","datePublished":"2017-06-06T10:10:54+00:00","breadcrumb":{"@id":"https:\/\/www.cde.ual.es\/plazas-de-profesores-en-secciones-bilingues-de-espanol\/#breadcrumb"},"inLanguage":"en-US","potentialAction":[{"@type":"ReadAction","target":["https:\/\/www.cde.ual.es\/plazas-de-profesores-en-secciones-bilingues-de-espanol\/"]}]},{"@type":"ImageObject","inLanguage":"en-US","@id":"https:\/\/www.cde.ual.es\/plazas-de-profesores-en-secciones-bilingues-de-espanol\/#primaryimage","url":"http:\/\/www.cde.ual.es\/wp-content\/uploads\/2017\/06\/math-1500720_960_720.jpg","contentUrl":"http:\/\/www.cde.ual.es\/wp-content\/uploads\/2017\/06\/math-1500720_960_720.jpg"},{"@type":"BreadcrumbList","@id":"https:\/\/www.cde.ual.es\/plazas-de-profesores-en-secciones-bilingues-de-espanol\/#breadcrumb","itemListElement":[{"@type":"ListItem","position":1,"name":"Inicio","item":"https:\/\/www.cde.ual.es\/en\/"},{"@type":"ListItem","position":2,"name":"Sin categorizar","item":"https:\/\/www.cde.ual.es\/category\/sin-categorizar\/"},{"@type":"ListItem","position":3,"name":"Plazas de profesores en secciones biling\u00fces de espa\u00f1ol"}]},{"@type":"WebSite","@id":"https:\/\/www.cde.ual.es\/#website","url":"https:\/\/www.cde.ual.es\/","name":"CDE Almer\u00eda - Centro de Documentaci\u00f3n Europea - Universidad de Almer\u00eda","description":"Centro de Documentaci\u00f3n Europea de la Universidad de Almer\u00eda","publisher":{"@id":"https:\/\/www.cde.ual.es\/#organization"},"alternateName":"CDE Almer\u00eda","potentialAction":[{"@type":"SearchAction","target":{"@type":"EntryPoint","urlTemplate":"https:\/\/www.cde.ual.es\/?s={search_term_string}"},"query-input":{"@type":"PropertyValueSpecification","valueRequired":true,"valueName":"search_term_string"}}],"inLanguage":"en-US"},{"@type":"Organization","@id":"https:\/\/www.cde.ual.es\/#organization","name":"Centro de Documentaci\u00f3n Europea de Almer\u00eda","url":"https:\/\/www.cde.ual.es\/","logo":{"@type":"ImageObject","inLanguage":"en-US","@id":"https:\/\/www.cde.ual.es\/#\/schema\/logo\/image\/","url":"https:\/\/www.cde.ual.es\/wp-content\/uploads\/2025\/07\/cde-logo-3.png","contentUrl":"https:\/\/www.cde.ual.es\/wp-content\/uploads\/2025\/07\/cde-logo-3.png","width":1400,"height":300,"caption":"Centro de Documentaci\u00f3n Europea de Almer\u00eda"},"image":{"@id":"https:\/\/www.cde.ual.es\/#\/schema\/logo\/image\/"},"sameAs":["https:\/\/www.facebook.com\/cdeuniversidadalmeria\/","https:\/\/x.com\/cdeualmeria","https:\/\/www.tiktok.com\/@cdealmeria","https:\/\/www.instagram.com\/cdealmeria\/","https:\/\/www.linkedin.com\/in\/cde-almera-812b26a9\/"]},{"@type":"Person","@id":"https:\/\/www.cde.ual.es\/#\/schema\/person\/224ef08c8bcc005f319d2713ce37ee5f","name":"AdminCDE","image":{"@type":"ImageObject","inLanguage":"en-US","@id":"https:\/\/secure.gravatar.com\/avatar\/a72d038d371f995cd13706fac32274b7952a52e8fb0a84b5f80c85426f2a98a8?s=96&d=mm&r=g","url":"https:\/\/secure.gravatar.com\/avatar\/a72d038d371f995cd13706fac32274b7952a52e8fb0a84b5f80c85426f2a98a8?s=96&d=mm&r=g","contentUrl":"https:\/\/secure.gravatar.com\/avatar\/a72d038d371f995cd13706fac32274b7952a52e8fb0a84b5f80c85426f2a98a8?s=96&d=mm&r=g","caption":"AdminCDE"}}]}},"_links":{"self":[{"href":"https:\/\/www.cde.ual.es\/en\/wp-json\/wp\/v2\/posts\/2004","targetHints":{"allow":["GET"]}}],"collection":[{"href":"https:\/\/www.cde.ual.es\/en\/wp-json\/wp\/v2\/posts"}],"about":[{"href":"https:\/\/www.cde.ual.es\/en\/wp-json\/wp\/v2\/types\/post"}],"author":[{"embeddable":true,"href":"https:\/\/www.cde.ual.es\/en\/wp-json\/wp\/v2\/users\/1"}],"replies":[{"embeddable":true,"href":"https:\/\/www.cde.ual.es\/en\/wp-json\/wp\/v2\/comments?post=2004"}],"version-history":[{"count":0,"href":"https:\/\/www.cde.ual.es\/en\/wp-json\/wp\/v2\/posts\/2004\/revisions"}],"wp:attachment":[{"href":"https:\/\/www.cde.ual.es\/en\/wp-json\/wp\/v2\/media?parent=2004"}],"wp:term":[{"taxonomy":"category","embeddable":true,"href":"https:\/\/www.cde.ual.es\/en\/wp-json\/wp\/v2\/categories?post=2004"},{"taxonomy":"post_tag","embeddable":true,"href":"https:\/\/www.cde.ual.es\/en\/wp-json\/wp\/v2\/tags?post=2004"}],"curies":[{"name":"wp","href":"https:\/\/api.w.org\/{rel}","templated":true}]}}