{"id":20033,"date":"2019-06-19T08:00:43","date_gmt":"2019-06-19T06:00:43","guid":{"rendered":"https:\/\/www.cde.ual.es\/?p=20033"},"modified":"2019-06-18T14:22:14","modified_gmt":"2019-06-18T12:22:14","slug":"european-commission-increases-support-for-the-eus-beekeeping-sector","status":"publish","type":"post","link":"https:\/\/www.cde.ual.es\/en\/european-commission-increases-support-for-the-eus-beekeeping-sector\/","title":{"rendered":"European Commission increases support for the EU&#8217;s beekeeping sector"},"content":{"rendered":"<p style=\"text-align: center;\"><a href=\"https:\/\/www.cde.ual.es\/wp-content\/uploads\/2019\/05\/Abejas.jpg\"><img decoding=\"async\" class=\"alignnone size-medium wp-image-17573\" src=\"https:\/\/www.cde.ual.es\/wp-content\/uploads\/2019\/05\/Abejas-300x213.jpg\" alt=\"\" width=\"300\" height=\"213\" srcset=\"https:\/\/www.cde.ual.es\/wp-content\/uploads\/2019\/05\/Abejas-300x213.jpg 300w, https:\/\/www.cde.ual.es\/wp-content\/uploads\/2019\/05\/Abejas-768x546.jpg 768w, https:\/\/www.cde.ual.es\/wp-content\/uploads\/2019\/05\/Abejas.jpg 960w\" sizes=\"(max-width: 300px) 100vw, 300px\" \/><\/a><\/p>\n<p><strong>The European Commission will\u00a0<a href=\"https:\/\/eur-lex.europa.eu\/legal-content\/EN\/TXT\/PDF\/?uri=OJ:L:2019:157:FULL&amp;from=EN\">provide \u20ac120 million<\/a>\u00a0to the EU&#8217;s beekeeping sector over the next three years to support its essential role in agriculture and the environment. This represents an increase of \u20ac12 million compared to the support provided for the period from 2017 to 2019.<\/strong><\/p>\n<p>EU Commissioner for Agriculture Phil\u00a0<strong>Hogan\u00a0<\/strong>said:\u00a0&#8220;<em>Beekeeping is an important part of the EU agri-food sector, helping to keep jobs in our rural areas. Bees are also vitally important for the sustainability of our agriculture and for healthy ecosystems. Therefore it is to be welcomed that the Common Agricultural Policy, working in synergy with other key European and national funds, is now providing stronger tools to support the sector.&#8221;<\/em><\/p>\n<p>The EU support, doubled\u00a0by\u00a0contributions from Member States, will apply to\u00a0<a href=\"https:\/\/ec.europa.eu\/agriculture\/honey\/programmes_en\">national apiculture programmes\u00a0<\/a>starting on 1 August 2019\u00a0and running\u00a0until 31 July 2022. These programmes are designed at national level\u00a0in cooperation with the sector with the aim to improve the conditions for the apiculture sector and the marketing of their products. Measures include for example education to beekeepers, support to start a beekeeping business, fighting against parasites damaging hives, and research or measures on improving honey quality.<\/p>\n<p>In 2018, the EU had over 17.5 million hives divided over 600,000 beekeepers. Beekeeping is practiced in all EU Member States and the European Union is the world&#8217;s second largest honey producer. Honeybee colonies are essential for agriculture and environment, ensuring plant reproduction by pollination, while beekeeping participates to the development of rural areas.<\/p>\n<p><strong>For More Information<\/strong><\/p>\n<p><a href=\"http:\/\/europa.eu\/rapid\/press-release_IP-19-3032_en.htm\">Access to complete news<\/a><\/p>\n<p><a href=\"https:\/\/ec.europa.eu\/agriculture\/honey_en\">EU&#8217;s support to the beekeeping sector<\/a><\/p>\n","protected":false},"excerpt":{"rendered":"<p>The European Commission will\u00a0provide \u20ac120 million\u00a0to the EU&#8217;s beekeeping sector over the next three years to support its essential role in agriculture and the environment. This represents an increase of \u20ac12 million compared to the support provided for the period from 2017 to 2019. EU Commissioner for Agriculture Phil\u00a0Hogan\u00a0said:\u00a0&#8220;Beekeeping is an important part of the [&hellip;]<\/p>\n","protected":false},"author":1,"featured_media":17573,"comment_status":"open","ping_status":"open","sticky":false,"template":"","format":"standard","meta":{"_acf_changed":false,"_relevanssi_hide_post":"","_relevanssi_hide_content":"","_relevanssi_pin_for_all":"","_relevanssi_pin_keywords":"","_relevanssi_unpin_keywords":"","_relevanssi_related_keywords":"","_relevanssi_related_include_ids":"","_relevanssi_related_exclude_ids":"","_relevanssi_related_no_append":"","_relevanssi_related_not_related":"","_relevanssi_related_posts":"","_relevanssi_noindex_reason":"","_monsterinsights_skip_tracking":false,"_monsterinsights_sitenote_active":false,"_monsterinsights_sitenote_note":"","_monsterinsights_sitenote_category":0,"_genesis_hide_title":false,"_genesis_hide_breadcrumbs":false,"_genesis_hide_singular_image":false,"_genesis_hide_footer_widgets":false,"_genesis_custom_body_class":"","_genesis_custom_post_class":"","_genesis_layout":"","footnotes":""},"categories":[346],"tags":[],"class_list":{"0":"post-20033","1":"post","2":"type-post","3":"status-publish","4":"format-standard","5":"has-post-thumbnail","7":"category-eu-news","8":"entry"},"acf":[],"yoast_head":"<!-- This site is optimized with the Yoast SEO plugin v27.4 - https:\/\/yoast.com\/product\/yoast-seo-wordpress\/ -->\n<title>European Commission increases support for the EU&#039;s beekeeping sector | CDE Almer\u00eda - Centro de Documentaci\u00f3n Europea - Universidad de Almer\u00eda<\/title>\n<meta name=\"robots\" content=\"index, follow, max-snippet:-1, max-image-preview:large, max-video-preview:-1\" \/>\n<link rel=\"canonical\" href=\"https:\/\/www.cde.ual.es\/en\/european-commission-increases-support-for-the-eus-beekeeping-sector\/\" \/>\n<meta property=\"og:locale\" content=\"en_US\" \/>\n<meta property=\"og:type\" content=\"article\" \/>\n<meta property=\"og:title\" content=\"European Commission increases support for the EU&#039;s beekeeping sector | CDE Almer\u00eda - Centro de Documentaci\u00f3n Europea - Universidad de Almer\u00eda\" \/>\n<meta property=\"og:description\" content=\"The European Commission will\u00a0provide \u20ac120 million\u00a0to the EU&#8217;s beekeeping sector over the next three years to support its essential role in agriculture and the environment. This represents an increase of \u20ac12 million compared to the support provided for the period from 2017 to 2019. EU Commissioner for Agriculture Phil\u00a0Hogan\u00a0said:\u00a0&#8220;Beekeeping is an important part of the [&hellip;]\" \/>\n<meta property=\"og:url\" content=\"https:\/\/www.cde.ual.es\/en\/european-commission-increases-support-for-the-eus-beekeeping-sector\/\" \/>\n<meta property=\"og:site_name\" content=\"CDE Almer\u00eda - Centro de Documentaci\u00f3n Europea - Universidad de Almer\u00eda\" \/>\n<meta property=\"article:publisher\" content=\"https:\/\/www.facebook.com\/cdeuniversidadalmeria\/\" \/>\n<meta property=\"article:published_time\" content=\"2019-06-19T06:00:43+00:00\" \/>\n<meta property=\"og:image\" content=\"https:\/\/www.cde.ual.es\/wp-content\/uploads\/2019\/05\/Abejas.jpg\" \/>\n\t<meta property=\"og:image:width\" content=\"960\" \/>\n\t<meta property=\"og:image:height\" content=\"682\" \/>\n\t<meta property=\"og:image:type\" content=\"image\/jpeg\" \/>\n<meta name=\"author\" content=\"AdminCDE\" \/>\n<meta name=\"twitter:card\" content=\"summary_large_image\" \/>\n<meta name=\"twitter:creator\" content=\"@cdeualmeria\" \/>\n<meta name=\"twitter:site\" content=\"@cdeualmeria\" \/>\n<meta name=\"twitter:label1\" content=\"Written by\" \/>\n\t<meta name=\"twitter:data1\" content=\"AdminCDE\" \/>\n\t<meta name=\"twitter:label2\" content=\"Est. reading time\" \/>\n\t<meta name=\"twitter:data2\" content=\"1 minute\" \/>\n<script type=\"application\/ld+json\" class=\"yoast-schema-graph\">{\"@context\":\"https:\\\/\\\/schema.org\",\"@graph\":[{\"@type\":\"Article\",\"@id\":\"https:\\\/\\\/www.cde.ual.es\\\/en\\\/european-commission-increases-support-for-the-eus-beekeeping-sector\\\/#article\",\"isPartOf\":{\"@id\":\"https:\\\/\\\/www.cde.ual.es\\\/en\\\/european-commission-increases-support-for-the-eus-beekeeping-sector\\\/\"},\"author\":{\"name\":\"AdminCDE\",\"@id\":\"https:\\\/\\\/www.cde.ual.es\\\/#\\\/schema\\\/person\\\/224ef08c8bcc005f319d2713ce37ee5f\"},\"headline\":\"European Commission increases support for the EU&#8217;s beekeeping sector\",\"datePublished\":\"2019-06-19T06:00:43+00:00\",\"mainEntityOfPage\":{\"@id\":\"https:\\\/\\\/www.cde.ual.es\\\/en\\\/european-commission-increases-support-for-the-eus-beekeeping-sector\\\/\"},\"wordCount\":266,\"commentCount\":0,\"publisher\":{\"@id\":\"https:\\\/\\\/www.cde.ual.es\\\/#organization\"},\"image\":{\"@id\":\"https:\\\/\\\/www.cde.ual.es\\\/en\\\/european-commission-increases-support-for-the-eus-beekeeping-sector\\\/#primaryimage\"},\"thumbnailUrl\":\"https:\\\/\\\/www.cde.ual.es\\\/wp-content\\\/uploads\\\/2019\\\/05\\\/Abejas.jpg\",\"articleSection\":[\"EU News\"],\"inLanguage\":\"en-US\",\"potentialAction\":[{\"@type\":\"CommentAction\",\"name\":\"Comment\",\"target\":[\"https:\\\/\\\/www.cde.ual.es\\\/en\\\/european-commission-increases-support-for-the-eus-beekeeping-sector\\\/#respond\"]}]},{\"@type\":\"WebPage\",\"@id\":\"https:\\\/\\\/www.cde.ual.es\\\/en\\\/european-commission-increases-support-for-the-eus-beekeeping-sector\\\/\",\"url\":\"https:\\\/\\\/www.cde.ual.es\\\/en\\\/european-commission-increases-support-for-the-eus-beekeeping-sector\\\/\",\"name\":\"European Commission increases support for the EU's beekeeping sector | CDE Almer\u00eda - Centro de Documentaci\u00f3n Europea - Universidad de Almer\u00eda\",\"isPartOf\":{\"@id\":\"https:\\\/\\\/www.cde.ual.es\\\/#website\"},\"primaryImageOfPage\":{\"@id\":\"https:\\\/\\\/www.cde.ual.es\\\/en\\\/european-commission-increases-support-for-the-eus-beekeeping-sector\\\/#primaryimage\"},\"image\":{\"@id\":\"https:\\\/\\\/www.cde.ual.es\\\/en\\\/european-commission-increases-support-for-the-eus-beekeeping-sector\\\/#primaryimage\"},\"thumbnailUrl\":\"https:\\\/\\\/www.cde.ual.es\\\/wp-content\\\/uploads\\\/2019\\\/05\\\/Abejas.jpg\",\"datePublished\":\"2019-06-19T06:00:43+00:00\",\"breadcrumb\":{\"@id\":\"https:\\\/\\\/www.cde.ual.es\\\/en\\\/european-commission-increases-support-for-the-eus-beekeeping-sector\\\/#breadcrumb\"},\"inLanguage\":\"en-US\",\"potentialAction\":[{\"@type\":\"ReadAction\",\"target\":[\"https:\\\/\\\/www.cde.ual.es\\\/en\\\/european-commission-increases-support-for-the-eus-beekeeping-sector\\\/\"]}]},{\"@type\":\"ImageObject\",\"inLanguage\":\"en-US\",\"@id\":\"https:\\\/\\\/www.cde.ual.es\\\/en\\\/european-commission-increases-support-for-the-eus-beekeeping-sector\\\/#primaryimage\",\"url\":\"https:\\\/\\\/www.cde.ual.es\\\/wp-content\\\/uploads\\\/2019\\\/05\\\/Abejas.jpg\",\"contentUrl\":\"https:\\\/\\\/www.cde.ual.es\\\/wp-content\\\/uploads\\\/2019\\\/05\\\/Abejas.jpg\",\"width\":960,\"height\":682},{\"@type\":\"BreadcrumbList\",\"@id\":\"https:\\\/\\\/www.cde.ual.es\\\/en\\\/european-commission-increases-support-for-the-eus-beekeeping-sector\\\/#breadcrumb\",\"itemListElement\":[{\"@type\":\"ListItem\",\"position\":1,\"name\":\"Inicio\",\"item\":\"https:\\\/\\\/www.cde.ual.es\\\/en\\\/\"},{\"@type\":\"ListItem\",\"position\":2,\"name\":\"EU News\",\"item\":\"https:\\\/\\\/www.cde.ual.es\\\/en\\\/category\\\/eu-news\\\/\"},{\"@type\":\"ListItem\",\"position\":3,\"name\":\"European Commission increases support for the EU&#8217;s beekeeping sector\"}]},{\"@type\":\"WebSite\",\"@id\":\"https:\\\/\\\/www.cde.ual.es\\\/#website\",\"url\":\"https:\\\/\\\/www.cde.ual.es\\\/\",\"name\":\"CDE Almer\u00eda - Centro de Documentaci\u00f3n Europea - Universidad de Almer\u00eda\",\"description\":\"Centro de Documentaci\u00f3n Europea de la Universidad de Almer\u00eda\",\"publisher\":{\"@id\":\"https:\\\/\\\/www.cde.ual.es\\\/#organization\"},\"alternateName\":\"CDE Almer\u00eda\",\"potentialAction\":[{\"@type\":\"SearchAction\",\"target\":{\"@type\":\"EntryPoint\",\"urlTemplate\":\"https:\\\/\\\/www.cde.ual.es\\\/?s={search_term_string}\"},\"query-input\":{\"@type\":\"PropertyValueSpecification\",\"valueRequired\":true,\"valueName\":\"search_term_string\"}}],\"inLanguage\":\"en-US\"},{\"@type\":\"Organization\",\"@id\":\"https:\\\/\\\/www.cde.ual.es\\\/#organization\",\"name\":\"Centro de Documentaci\u00f3n Europea de Almer\u00eda\",\"url\":\"https:\\\/\\\/www.cde.ual.es\\\/\",\"logo\":{\"@type\":\"ImageObject\",\"inLanguage\":\"en-US\",\"@id\":\"https:\\\/\\\/www.cde.ual.es\\\/#\\\/schema\\\/logo\\\/image\\\/\",\"url\":\"https:\\\/\\\/www.cde.ual.es\\\/wp-content\\\/uploads\\\/2025\\\/07\\\/cde-logo-3.png\",\"contentUrl\":\"https:\\\/\\\/www.cde.ual.es\\\/wp-content\\\/uploads\\\/2025\\\/07\\\/cde-logo-3.png\",\"width\":1400,\"height\":300,\"caption\":\"Centro de Documentaci\u00f3n Europea de Almer\u00eda\"},\"image\":{\"@id\":\"https:\\\/\\\/www.cde.ual.es\\\/#\\\/schema\\\/logo\\\/image\\\/\"},\"sameAs\":[\"https:\\\/\\\/www.facebook.com\\\/cdeuniversidadalmeria\\\/\",\"https:\\\/\\\/x.com\\\/cdeualmeria\",\"https:\\\/\\\/www.tiktok.com\\\/@cdealmeria\",\"https:\\\/\\\/www.instagram.com\\\/cdealmeria\\\/\",\"https:\\\/\\\/www.linkedin.com\\\/in\\\/cde-almera-812b26a9\\\/\"]},{\"@type\":\"Person\",\"@id\":\"https:\\\/\\\/www.cde.ual.es\\\/#\\\/schema\\\/person\\\/224ef08c8bcc005f319d2713ce37ee5f\",\"name\":\"AdminCDE\",\"image\":{\"@type\":\"ImageObject\",\"inLanguage\":\"en-US\",\"@id\":\"https:\\\/\\\/secure.gravatar.com\\\/avatar\\\/a72d038d371f995cd13706fac32274b7952a52e8fb0a84b5f80c85426f2a98a8?s=96&d=mm&r=g\",\"url\":\"https:\\\/\\\/secure.gravatar.com\\\/avatar\\\/a72d038d371f995cd13706fac32274b7952a52e8fb0a84b5f80c85426f2a98a8?s=96&d=mm&r=g\",\"contentUrl\":\"https:\\\/\\\/secure.gravatar.com\\\/avatar\\\/a72d038d371f995cd13706fac32274b7952a52e8fb0a84b5f80c85426f2a98a8?s=96&d=mm&r=g\",\"caption\":\"AdminCDE\"}}]}<\/script>\n<!-- \/ Yoast SEO plugin. -->","yoast_head_json":{"title":"European Commission increases support for the EU's beekeeping sector | CDE Almer\u00eda - Centro de Documentaci\u00f3n Europea - Universidad de Almer\u00eda","robots":{"index":"index","follow":"follow","max-snippet":"max-snippet:-1","max-image-preview":"max-image-preview:large","max-video-preview":"max-video-preview:-1"},"canonical":"https:\/\/www.cde.ual.es\/en\/european-commission-increases-support-for-the-eus-beekeeping-sector\/","og_locale":"en_US","og_type":"article","og_title":"European Commission increases support for the EU's beekeeping sector | CDE Almer\u00eda - Centro de Documentaci\u00f3n Europea - Universidad de Almer\u00eda","og_description":"The European Commission will\u00a0provide \u20ac120 million\u00a0to the EU&#8217;s beekeeping sector over the next three years to support its essential role in agriculture and the environment. This represents an increase of \u20ac12 million compared to the support provided for the period from 2017 to 2019. EU Commissioner for Agriculture Phil\u00a0Hogan\u00a0said:\u00a0&#8220;Beekeeping is an important part of the [&hellip;]","og_url":"https:\/\/www.cde.ual.es\/en\/european-commission-increases-support-for-the-eus-beekeeping-sector\/","og_site_name":"CDE Almer\u00eda - Centro de Documentaci\u00f3n Europea - Universidad de Almer\u00eda","article_publisher":"https:\/\/www.facebook.com\/cdeuniversidadalmeria\/","article_published_time":"2019-06-19T06:00:43+00:00","og_image":[{"width":960,"height":682,"url":"https:\/\/www.cde.ual.es\/wp-content\/uploads\/2019\/05\/Abejas.jpg","type":"image\/jpeg"}],"author":"AdminCDE","twitter_card":"summary_large_image","twitter_creator":"@cdeualmeria","twitter_site":"@cdeualmeria","twitter_misc":{"Written by":"AdminCDE","Est. reading time":"1 minute"},"schema":{"@context":"https:\/\/schema.org","@graph":[{"@type":"Article","@id":"https:\/\/www.cde.ual.es\/en\/european-commission-increases-support-for-the-eus-beekeeping-sector\/#article","isPartOf":{"@id":"https:\/\/www.cde.ual.es\/en\/european-commission-increases-support-for-the-eus-beekeeping-sector\/"},"author":{"name":"AdminCDE","@id":"https:\/\/www.cde.ual.es\/#\/schema\/person\/224ef08c8bcc005f319d2713ce37ee5f"},"headline":"European Commission increases support for the EU&#8217;s beekeeping sector","datePublished":"2019-06-19T06:00:43+00:00","mainEntityOfPage":{"@id":"https:\/\/www.cde.ual.es\/en\/european-commission-increases-support-for-the-eus-beekeeping-sector\/"},"wordCount":266,"commentCount":0,"publisher":{"@id":"https:\/\/www.cde.ual.es\/#organization"},"image":{"@id":"https:\/\/www.cde.ual.es\/en\/european-commission-increases-support-for-the-eus-beekeeping-sector\/#primaryimage"},"thumbnailUrl":"https:\/\/www.cde.ual.es\/wp-content\/uploads\/2019\/05\/Abejas.jpg","articleSection":["EU News"],"inLanguage":"en-US","potentialAction":[{"@type":"CommentAction","name":"Comment","target":["https:\/\/www.cde.ual.es\/en\/european-commission-increases-support-for-the-eus-beekeeping-sector\/#respond"]}]},{"@type":"WebPage","@id":"https:\/\/www.cde.ual.es\/en\/european-commission-increases-support-for-the-eus-beekeeping-sector\/","url":"https:\/\/www.cde.ual.es\/en\/european-commission-increases-support-for-the-eus-beekeeping-sector\/","name":"European Commission increases support for the EU's beekeeping sector | CDE Almer\u00eda - Centro de Documentaci\u00f3n Europea - Universidad de Almer\u00eda","isPartOf":{"@id":"https:\/\/www.cde.ual.es\/#website"},"primaryImageOfPage":{"@id":"https:\/\/www.cde.ual.es\/en\/european-commission-increases-support-for-the-eus-beekeeping-sector\/#primaryimage"},"image":{"@id":"https:\/\/www.cde.ual.es\/en\/european-commission-increases-support-for-the-eus-beekeeping-sector\/#primaryimage"},"thumbnailUrl":"https:\/\/www.cde.ual.es\/wp-content\/uploads\/2019\/05\/Abejas.jpg","datePublished":"2019-06-19T06:00:43+00:00","breadcrumb":{"@id":"https:\/\/www.cde.ual.es\/en\/european-commission-increases-support-for-the-eus-beekeeping-sector\/#breadcrumb"},"inLanguage":"en-US","potentialAction":[{"@type":"ReadAction","target":["https:\/\/www.cde.ual.es\/en\/european-commission-increases-support-for-the-eus-beekeeping-sector\/"]}]},{"@type":"ImageObject","inLanguage":"en-US","@id":"https:\/\/www.cde.ual.es\/en\/european-commission-increases-support-for-the-eus-beekeeping-sector\/#primaryimage","url":"https:\/\/www.cde.ual.es\/wp-content\/uploads\/2019\/05\/Abejas.jpg","contentUrl":"https:\/\/www.cde.ual.es\/wp-content\/uploads\/2019\/05\/Abejas.jpg","width":960,"height":682},{"@type":"BreadcrumbList","@id":"https:\/\/www.cde.ual.es\/en\/european-commission-increases-support-for-the-eus-beekeeping-sector\/#breadcrumb","itemListElement":[{"@type":"ListItem","position":1,"name":"Inicio","item":"https:\/\/www.cde.ual.es\/en\/"},{"@type":"ListItem","position":2,"name":"EU News","item":"https:\/\/www.cde.ual.es\/en\/category\/eu-news\/"},{"@type":"ListItem","position":3,"name":"European Commission increases support for the EU&#8217;s beekeeping sector"}]},{"@type":"WebSite","@id":"https:\/\/www.cde.ual.es\/#website","url":"https:\/\/www.cde.ual.es\/","name":"CDE Almer\u00eda - Centro de Documentaci\u00f3n Europea - Universidad de Almer\u00eda","description":"Centro de Documentaci\u00f3n Europea de la Universidad de Almer\u00eda","publisher":{"@id":"https:\/\/www.cde.ual.es\/#organization"},"alternateName":"CDE Almer\u00eda","potentialAction":[{"@type":"SearchAction","target":{"@type":"EntryPoint","urlTemplate":"https:\/\/www.cde.ual.es\/?s={search_term_string}"},"query-input":{"@type":"PropertyValueSpecification","valueRequired":true,"valueName":"search_term_string"}}],"inLanguage":"en-US"},{"@type":"Organization","@id":"https:\/\/www.cde.ual.es\/#organization","name":"Centro de Documentaci\u00f3n Europea de Almer\u00eda","url":"https:\/\/www.cde.ual.es\/","logo":{"@type":"ImageObject","inLanguage":"en-US","@id":"https:\/\/www.cde.ual.es\/#\/schema\/logo\/image\/","url":"https:\/\/www.cde.ual.es\/wp-content\/uploads\/2025\/07\/cde-logo-3.png","contentUrl":"https:\/\/www.cde.ual.es\/wp-content\/uploads\/2025\/07\/cde-logo-3.png","width":1400,"height":300,"caption":"Centro de Documentaci\u00f3n Europea de Almer\u00eda"},"image":{"@id":"https:\/\/www.cde.ual.es\/#\/schema\/logo\/image\/"},"sameAs":["https:\/\/www.facebook.com\/cdeuniversidadalmeria\/","https:\/\/x.com\/cdeualmeria","https:\/\/www.tiktok.com\/@cdealmeria","https:\/\/www.instagram.com\/cdealmeria\/","https:\/\/www.linkedin.com\/in\/cde-almera-812b26a9\/"]},{"@type":"Person","@id":"https:\/\/www.cde.ual.es\/#\/schema\/person\/224ef08c8bcc005f319d2713ce37ee5f","name":"AdminCDE","image":{"@type":"ImageObject","inLanguage":"en-US","@id":"https:\/\/secure.gravatar.com\/avatar\/a72d038d371f995cd13706fac32274b7952a52e8fb0a84b5f80c85426f2a98a8?s=96&d=mm&r=g","url":"https:\/\/secure.gravatar.com\/avatar\/a72d038d371f995cd13706fac32274b7952a52e8fb0a84b5f80c85426f2a98a8?s=96&d=mm&r=g","contentUrl":"https:\/\/secure.gravatar.com\/avatar\/a72d038d371f995cd13706fac32274b7952a52e8fb0a84b5f80c85426f2a98a8?s=96&d=mm&r=g","caption":"AdminCDE"}}]}},"_links":{"self":[{"href":"https:\/\/www.cde.ual.es\/en\/wp-json\/wp\/v2\/posts\/20033","targetHints":{"allow":["GET"]}}],"collection":[{"href":"https:\/\/www.cde.ual.es\/en\/wp-json\/wp\/v2\/posts"}],"about":[{"href":"https:\/\/www.cde.ual.es\/en\/wp-json\/wp\/v2\/types\/post"}],"author":[{"embeddable":true,"href":"https:\/\/www.cde.ual.es\/en\/wp-json\/wp\/v2\/users\/1"}],"replies":[{"embeddable":true,"href":"https:\/\/www.cde.ual.es\/en\/wp-json\/wp\/v2\/comments?post=20033"}],"version-history":[{"count":0,"href":"https:\/\/www.cde.ual.es\/en\/wp-json\/wp\/v2\/posts\/20033\/revisions"}],"wp:featuredmedia":[{"embeddable":true,"href":"https:\/\/www.cde.ual.es\/en\/wp-json\/wp\/v2\/media\/17573"}],"wp:attachment":[{"href":"https:\/\/www.cde.ual.es\/en\/wp-json\/wp\/v2\/media?parent=20033"}],"wp:term":[{"taxonomy":"category","embeddable":true,"href":"https:\/\/www.cde.ual.es\/en\/wp-json\/wp\/v2\/categories?post=20033"},{"taxonomy":"post_tag","embeddable":true,"href":"https:\/\/www.cde.ual.es\/en\/wp-json\/wp\/v2\/tags?post=20033"}],"curies":[{"name":"wp","href":"https:\/\/api.w.org\/{rel}","templated":true}]}}