{"id":2000,"date":"2017-06-06T10:25:53","date_gmt":"2017-06-06T08:25:53","guid":{"rendered":"http:\/\/www.cde.ual.es\/?p=2000"},"modified":"2017-06-06T10:30:55","modified_gmt":"2017-06-06T08:30:55","slug":"eeuu-abandona-el-acuerdo-de-paris","status":"publish","type":"post","link":"https:\/\/www.cde.ual.es\/en\/eeuu-abandona-el-acuerdo-de-paris\/","title":{"rendered":"EEUU abandona el acuerdo de Par\u00eds"},"content":{"rendered":"<p style=\"text-align: justify;\"><img decoding=\"async\" class=\"aligncenter size-full wp-image-2002\" src=\"http:\/\/www.cde.ual.es\/wp-content\/uploads\/2017\/06\/industry-611668_960_720.jpg\" alt=\"\" width=\"960\" height=\"490\" srcset=\"https:\/\/www.cde.ual.es\/wp-content\/uploads\/2017\/06\/industry-611668_960_720.jpg 960w, https:\/\/www.cde.ual.es\/wp-content\/uploads\/2017\/06\/industry-611668_960_720-768x392.jpg 768w\" sizes=\"(max-width: 960px) 100vw, 960px\" \/><\/p>\n<p style=\"text-align: justify;\">Aunque el presidente de los Estados Unidos, Donald Trump, ya hab\u00eda dejado entrever en su discurso de investidura que su pa\u00eds <strong>abandonar\u00eda el Acuerdo de Par\u00eds<\/strong>, por considerarlo<strong> perjudicial para los intereses de Estados Unidos<\/strong>, el viernes se confirm\u00f3 tal abandono, pese a las presiones que Trump ha soportado dentro de su propio pa\u00eds para que no lo hiciera.<\/p>\n<p style=\"text-align: justify;\"><strong>La Uni\u00f3n Europea ha mostrado su decepci\u00f3n<\/strong>, pese a que la noticia era esperada, pero, al mismo tiempo, se ha reafirmado en su determinaci\u00f3n de seguir adelante con los protocolos firmados en Par\u00eds y apoyados por 195 pa\u00edses para tratar de<strong> evitar el deterioro progresivo del planeta<\/strong>. As\u00ed la Uni\u00f3n Europea junto con China se convierten en los principales valedores de estos acuerdos, por ser tambi\u00e9n dos de las potencias m\u00e1s contaminantes.<\/p>\n<p style=\"text-align: justify;\">El Acuerdo de Par\u00eds, firmado en el a\u00f1o 2015 y que entrar\u00e1 en vigor en el a\u00f1o 2020, <strong>sustituir\u00e1 al Protocolo de Kioto<\/strong>, cuando expire en ese a\u00f1o. Tambi\u00e9n el protocolo de Kioto<strong> fue rechazado por otro presidente republicano norteamericano, George W. Bush<\/strong>, en 2002, con los mismos argumentos que ahora pregona Trump: el da\u00f1o que limitar los gases de efecto invernadero tendr\u00eda para la econom\u00eda de los Estados Unidos.<\/p>\n<p style=\"text-align: justify;\">Pero Trump no se ha librado, no s\u00f3lo de las cr\u00edticas internacionales, sino de las de su propio pa\u00eds, y no solo por parte de los ecologistas sino tambi\u00e9n de <strong>empresas fundamentales en el desarrollo econ\u00f3mico de los Estados Unidos,<\/strong> incluidas algunas de las que basan su estrategia en el petr\u00f3leo. Algunas de estas compa\u00f1\u00edas, que siempre hemos conocido como petrol\u00edferas, tienen grandes inversiones en otras fuentes de energ\u00eda como el gas, mucho menos contaminante que el petr\u00f3leo, y tampoco sufrir\u00edan grandes p\u00e9rdidas si priorizan una fuente de energ\u00eda sobre otra. Muchas empresas de Estados Unidos, tambi\u00e9n son cr\u00edticas con la decisi\u00f3n pues piensan que Estados Unidos, con el abandono del Tratado perder\u00e1 el comp\u00e1s del desarrollo de las energ\u00edas alternativas que otros pa\u00edses comenzar\u00e1n a implementar con m\u00e1s fuerza.<\/p>\n<p style=\"text-align: justify;\"><strong>El presidente ruso<\/strong> por su parte, aunque su pa\u00eds s\u00ed ratific\u00f3 el Tratado de Par\u00eds, <strong>ha quitado hierro a la decisi\u00f3n norteamericana<\/strong> al decir que todav\u00eda hay posibilidades de ajustar un acuerdo en que quiera participar los Estados Unidos. Sin embargo, en ese sentido, la Uni\u00f3n Europea se ha mostrado firme: el Acuerdo de Par\u00eds no es negociable.<\/p>\n<p style=\"text-align: justify;\">Adem\u00e1s del potencial riesgo que supone que Estados Unidos prosiga con sus emisiones de CO2 como hasta ahora, otra parte del acuerdo supon\u00eda que los pa\u00edses desarrollados<strong> apoyar\u00edan con un fondo econ\u00f3mico<\/strong>, que los pa\u00edses no desarrollados pudieran poner l\u00edmite a esas emisiones. <strong>Sin Estados Unidos, el fondo econ\u00f3mico, se ver\u00e1 a su vez reducido.<\/strong><\/p>\n<p style=\"text-align: justify;\"><a href=\"http:\/\/www.rtve.es\/noticias\/20170602\/donald-trump-asesta-duro-mazazo-acuerdo-paris\/1559000.shtml\" target=\"_blank\" rel=\"noopener noreferrer\">M\u00e1s informaci\u00f3n<\/a><\/p>\n","protected":false},"excerpt":{"rendered":"<p>Aunque el presidente de los Estados Unidos, Donald Trump, ya hab\u00eda dejado entrever en su discurso de investidura que su pa\u00eds abandonar\u00eda el Acuerdo de Par\u00eds, por considerarlo perjudicial para los intereses de Estados Unidos, el viernes se confirm\u00f3 tal abandono, pese a las presiones que Trump ha soportado dentro de su propio pa\u00eds para [&hellip;]<\/p>\n","protected":false},"author":1,"featured_media":0,"comment_status":"open","ping_status":"open","sticky":false,"template":"","format":"standard","meta":{"_acf_changed":false,"_relevanssi_hide_post":"","_relevanssi_hide_content":"","_relevanssi_pin_for_all":"","_relevanssi_pin_keywords":"","_relevanssi_unpin_keywords":"","_relevanssi_related_keywords":"","_relevanssi_related_include_ids":"","_relevanssi_related_exclude_ids":"","_relevanssi_related_no_append":"","_relevanssi_related_not_related":"","_relevanssi_related_posts":"","_relevanssi_noindex_reason":"","_monsterinsights_skip_tracking":false,"_monsterinsights_sitenote_active":false,"_monsterinsights_sitenote_note":"","_monsterinsights_sitenote_category":0,"_genesis_hide_title":false,"_genesis_hide_breadcrumbs":false,"_genesis_hide_singular_image":false,"_genesis_hide_footer_widgets":false,"_genesis_custom_body_class":"","_genesis_custom_post_class":"","_genesis_layout":"","footnotes":""},"categories":[1],"tags":[],"class_list":{"0":"post-2000","1":"post","2":"type-post","3":"status-publish","4":"format-standard","6":"category-sin-categorizar","7":"entry","8":"has-post-thumbnail"},"acf":[],"yoast_head":"<!-- This site is optimized with the Yoast SEO plugin v27.4 - https:\/\/yoast.com\/product\/yoast-seo-wordpress\/ -->\n<title>EEUU abandona el acuerdo de Par\u00eds | CDE Almer\u00eda - Centro de Documentaci\u00f3n Europea - Universidad de Almer\u00eda<\/title>\n<meta name=\"robots\" content=\"index, follow, max-snippet:-1, max-image-preview:large, max-video-preview:-1\" \/>\n<link rel=\"canonical\" href=\"https:\/\/www.cde.ual.es\/eeuu-abandona-el-acuerdo-de-paris\/\" \/>\n<meta property=\"og:locale\" content=\"en_US\" \/>\n<meta property=\"og:type\" content=\"article\" \/>\n<meta property=\"og:title\" content=\"EEUU abandona el acuerdo de Par\u00eds | CDE Almer\u00eda - Centro de Documentaci\u00f3n Europea - Universidad de Almer\u00eda\" \/>\n<meta property=\"og:description\" content=\"Aunque el presidente de los Estados Unidos, Donald Trump, ya hab\u00eda dejado entrever en su discurso de investidura que su pa\u00eds abandonar\u00eda el Acuerdo de Par\u00eds, por considerarlo perjudicial para los intereses de Estados Unidos, el viernes se confirm\u00f3 tal abandono, pese a las presiones que Trump ha soportado dentro de su propio pa\u00eds para [&hellip;]\" \/>\n<meta property=\"og:url\" content=\"https:\/\/www.cde.ual.es\/eeuu-abandona-el-acuerdo-de-paris\/\" \/>\n<meta property=\"og:site_name\" content=\"CDE Almer\u00eda - Centro de Documentaci\u00f3n Europea - Universidad de Almer\u00eda\" \/>\n<meta property=\"article:publisher\" content=\"https:\/\/www.facebook.com\/cdeuniversidadalmeria\/\" \/>\n<meta property=\"article:published_time\" content=\"2017-06-06T08:25:53+00:00\" \/>\n<meta property=\"article:modified_time\" content=\"2017-06-06T08:30:55+00:00\" \/>\n<meta property=\"og:image\" content=\"http:\/\/www.cde.ual.es\/wp-content\/uploads\/2017\/06\/industry-611668_960_720.jpg\" \/>\n<meta name=\"author\" content=\"AdminCDE\" \/>\n<meta name=\"twitter:card\" content=\"summary_large_image\" \/>\n<meta name=\"twitter:creator\" content=\"@cdeualmeria\" \/>\n<meta name=\"twitter:site\" content=\"@cdeualmeria\" \/>\n<meta name=\"twitter:label1\" content=\"Written by\" \/>\n\t<meta name=\"twitter:data1\" content=\"AdminCDE\" \/>\n\t<meta name=\"twitter:label2\" content=\"Est. reading time\" \/>\n\t<meta name=\"twitter:data2\" content=\"3 minutes\" \/>\n<script type=\"application\/ld+json\" class=\"yoast-schema-graph\">{\"@context\":\"https:\\\/\\\/schema.org\",\"@graph\":[{\"@type\":\"Article\",\"@id\":\"https:\\\/\\\/www.cde.ual.es\\\/eeuu-abandona-el-acuerdo-de-paris\\\/#article\",\"isPartOf\":{\"@id\":\"https:\\\/\\\/www.cde.ual.es\\\/eeuu-abandona-el-acuerdo-de-paris\\\/\"},\"author\":{\"name\":\"AdminCDE\",\"@id\":\"https:\\\/\\\/www.cde.ual.es\\\/#\\\/schema\\\/person\\\/224ef08c8bcc005f319d2713ce37ee5f\"},\"headline\":\"EEUU abandona el acuerdo de Par\u00eds\",\"datePublished\":\"2017-06-06T08:25:53+00:00\",\"dateModified\":\"2017-06-06T08:30:55+00:00\",\"mainEntityOfPage\":{\"@id\":\"https:\\\/\\\/www.cde.ual.es\\\/eeuu-abandona-el-acuerdo-de-paris\\\/\"},\"wordCount\":507,\"commentCount\":0,\"publisher\":{\"@id\":\"https:\\\/\\\/www.cde.ual.es\\\/#organization\"},\"image\":{\"@id\":\"https:\\\/\\\/www.cde.ual.es\\\/eeuu-abandona-el-acuerdo-de-paris\\\/#primaryimage\"},\"thumbnailUrl\":\"http:\\\/\\\/www.cde.ual.es\\\/wp-content\\\/uploads\\\/2017\\\/06\\\/industry-611668_960_720.jpg\",\"articleSection\":[\"Sin categorizar\"],\"inLanguage\":\"en-US\",\"potentialAction\":[{\"@type\":\"CommentAction\",\"name\":\"Comment\",\"target\":[\"https:\\\/\\\/www.cde.ual.es\\\/eeuu-abandona-el-acuerdo-de-paris\\\/#respond\"]}]},{\"@type\":\"WebPage\",\"@id\":\"https:\\\/\\\/www.cde.ual.es\\\/eeuu-abandona-el-acuerdo-de-paris\\\/\",\"url\":\"https:\\\/\\\/www.cde.ual.es\\\/eeuu-abandona-el-acuerdo-de-paris\\\/\",\"name\":\"EEUU abandona el acuerdo de Par\u00eds | CDE Almer\u00eda - Centro de Documentaci\u00f3n Europea - Universidad de Almer\u00eda\",\"isPartOf\":{\"@id\":\"https:\\\/\\\/www.cde.ual.es\\\/#website\"},\"primaryImageOfPage\":{\"@id\":\"https:\\\/\\\/www.cde.ual.es\\\/eeuu-abandona-el-acuerdo-de-paris\\\/#primaryimage\"},\"image\":{\"@id\":\"https:\\\/\\\/www.cde.ual.es\\\/eeuu-abandona-el-acuerdo-de-paris\\\/#primaryimage\"},\"thumbnailUrl\":\"http:\\\/\\\/www.cde.ual.es\\\/wp-content\\\/uploads\\\/2017\\\/06\\\/industry-611668_960_720.jpg\",\"datePublished\":\"2017-06-06T08:25:53+00:00\",\"dateModified\":\"2017-06-06T08:30:55+00:00\",\"breadcrumb\":{\"@id\":\"https:\\\/\\\/www.cde.ual.es\\\/eeuu-abandona-el-acuerdo-de-paris\\\/#breadcrumb\"},\"inLanguage\":\"en-US\",\"potentialAction\":[{\"@type\":\"ReadAction\",\"target\":[\"https:\\\/\\\/www.cde.ual.es\\\/eeuu-abandona-el-acuerdo-de-paris\\\/\"]}]},{\"@type\":\"ImageObject\",\"inLanguage\":\"en-US\",\"@id\":\"https:\\\/\\\/www.cde.ual.es\\\/eeuu-abandona-el-acuerdo-de-paris\\\/#primaryimage\",\"url\":\"http:\\\/\\\/www.cde.ual.es\\\/wp-content\\\/uploads\\\/2017\\\/06\\\/industry-611668_960_720.jpg\",\"contentUrl\":\"http:\\\/\\\/www.cde.ual.es\\\/wp-content\\\/uploads\\\/2017\\\/06\\\/industry-611668_960_720.jpg\"},{\"@type\":\"BreadcrumbList\",\"@id\":\"https:\\\/\\\/www.cde.ual.es\\\/eeuu-abandona-el-acuerdo-de-paris\\\/#breadcrumb\",\"itemListElement\":[{\"@type\":\"ListItem\",\"position\":1,\"name\":\"Inicio\",\"item\":\"https:\\\/\\\/www.cde.ual.es\\\/en\\\/\"},{\"@type\":\"ListItem\",\"position\":2,\"name\":\"Sin categorizar\",\"item\":\"https:\\\/\\\/www.cde.ual.es\\\/category\\\/sin-categorizar\\\/\"},{\"@type\":\"ListItem\",\"position\":3,\"name\":\"EEUU abandona el acuerdo de Par\u00eds\"}]},{\"@type\":\"WebSite\",\"@id\":\"https:\\\/\\\/www.cde.ual.es\\\/#website\",\"url\":\"https:\\\/\\\/www.cde.ual.es\\\/\",\"name\":\"CDE Almer\u00eda - Centro de Documentaci\u00f3n Europea - Universidad de Almer\u00eda\",\"description\":\"Centro de Documentaci\u00f3n Europea de la Universidad de Almer\u00eda\",\"publisher\":{\"@id\":\"https:\\\/\\\/www.cde.ual.es\\\/#organization\"},\"alternateName\":\"CDE Almer\u00eda\",\"potentialAction\":[{\"@type\":\"SearchAction\",\"target\":{\"@type\":\"EntryPoint\",\"urlTemplate\":\"https:\\\/\\\/www.cde.ual.es\\\/?s={search_term_string}\"},\"query-input\":{\"@type\":\"PropertyValueSpecification\",\"valueRequired\":true,\"valueName\":\"search_term_string\"}}],\"inLanguage\":\"en-US\"},{\"@type\":\"Organization\",\"@id\":\"https:\\\/\\\/www.cde.ual.es\\\/#organization\",\"name\":\"Centro de Documentaci\u00f3n Europea de Almer\u00eda\",\"url\":\"https:\\\/\\\/www.cde.ual.es\\\/\",\"logo\":{\"@type\":\"ImageObject\",\"inLanguage\":\"en-US\",\"@id\":\"https:\\\/\\\/www.cde.ual.es\\\/#\\\/schema\\\/logo\\\/image\\\/\",\"url\":\"https:\\\/\\\/www.cde.ual.es\\\/wp-content\\\/uploads\\\/2025\\\/07\\\/cde-logo-3.png\",\"contentUrl\":\"https:\\\/\\\/www.cde.ual.es\\\/wp-content\\\/uploads\\\/2025\\\/07\\\/cde-logo-3.png\",\"width\":1400,\"height\":300,\"caption\":\"Centro de Documentaci\u00f3n Europea de Almer\u00eda\"},\"image\":{\"@id\":\"https:\\\/\\\/www.cde.ual.es\\\/#\\\/schema\\\/logo\\\/image\\\/\"},\"sameAs\":[\"https:\\\/\\\/www.facebook.com\\\/cdeuniversidadalmeria\\\/\",\"https:\\\/\\\/x.com\\\/cdeualmeria\",\"https:\\\/\\\/www.tiktok.com\\\/@cdealmeria\",\"https:\\\/\\\/www.instagram.com\\\/cdealmeria\\\/\",\"https:\\\/\\\/www.linkedin.com\\\/in\\\/cde-almera-812b26a9\\\/\"]},{\"@type\":\"Person\",\"@id\":\"https:\\\/\\\/www.cde.ual.es\\\/#\\\/schema\\\/person\\\/224ef08c8bcc005f319d2713ce37ee5f\",\"name\":\"AdminCDE\",\"image\":{\"@type\":\"ImageObject\",\"inLanguage\":\"en-US\",\"@id\":\"https:\\\/\\\/secure.gravatar.com\\\/avatar\\\/a72d038d371f995cd13706fac32274b7952a52e8fb0a84b5f80c85426f2a98a8?s=96&d=mm&r=g\",\"url\":\"https:\\\/\\\/secure.gravatar.com\\\/avatar\\\/a72d038d371f995cd13706fac32274b7952a52e8fb0a84b5f80c85426f2a98a8?s=96&d=mm&r=g\",\"contentUrl\":\"https:\\\/\\\/secure.gravatar.com\\\/avatar\\\/a72d038d371f995cd13706fac32274b7952a52e8fb0a84b5f80c85426f2a98a8?s=96&d=mm&r=g\",\"caption\":\"AdminCDE\"}}]}<\/script>\n<!-- \/ Yoast SEO plugin. -->","yoast_head_json":{"title":"EEUU abandona el acuerdo de Par\u00eds | CDE Almer\u00eda - Centro de Documentaci\u00f3n Europea - Universidad de Almer\u00eda","robots":{"index":"index","follow":"follow","max-snippet":"max-snippet:-1","max-image-preview":"max-image-preview:large","max-video-preview":"max-video-preview:-1"},"canonical":"https:\/\/www.cde.ual.es\/eeuu-abandona-el-acuerdo-de-paris\/","og_locale":"en_US","og_type":"article","og_title":"EEUU abandona el acuerdo de Par\u00eds | CDE Almer\u00eda - Centro de Documentaci\u00f3n Europea - Universidad de Almer\u00eda","og_description":"Aunque el presidente de los Estados Unidos, Donald Trump, ya hab\u00eda dejado entrever en su discurso de investidura que su pa\u00eds abandonar\u00eda el Acuerdo de Par\u00eds, por considerarlo perjudicial para los intereses de Estados Unidos, el viernes se confirm\u00f3 tal abandono, pese a las presiones que Trump ha soportado dentro de su propio pa\u00eds para [&hellip;]","og_url":"https:\/\/www.cde.ual.es\/eeuu-abandona-el-acuerdo-de-paris\/","og_site_name":"CDE Almer\u00eda - Centro de Documentaci\u00f3n Europea - Universidad de Almer\u00eda","article_publisher":"https:\/\/www.facebook.com\/cdeuniversidadalmeria\/","article_published_time":"2017-06-06T08:25:53+00:00","article_modified_time":"2017-06-06T08:30:55+00:00","og_image":[{"url":"http:\/\/www.cde.ual.es\/wp-content\/uploads\/2017\/06\/industry-611668_960_720.jpg","type":"","width":"","height":""}],"author":"AdminCDE","twitter_card":"summary_large_image","twitter_creator":"@cdeualmeria","twitter_site":"@cdeualmeria","twitter_misc":{"Written by":"AdminCDE","Est. reading time":"3 minutes"},"schema":{"@context":"https:\/\/schema.org","@graph":[{"@type":"Article","@id":"https:\/\/www.cde.ual.es\/eeuu-abandona-el-acuerdo-de-paris\/#article","isPartOf":{"@id":"https:\/\/www.cde.ual.es\/eeuu-abandona-el-acuerdo-de-paris\/"},"author":{"name":"AdminCDE","@id":"https:\/\/www.cde.ual.es\/#\/schema\/person\/224ef08c8bcc005f319d2713ce37ee5f"},"headline":"EEUU abandona el acuerdo de Par\u00eds","datePublished":"2017-06-06T08:25:53+00:00","dateModified":"2017-06-06T08:30:55+00:00","mainEntityOfPage":{"@id":"https:\/\/www.cde.ual.es\/eeuu-abandona-el-acuerdo-de-paris\/"},"wordCount":507,"commentCount":0,"publisher":{"@id":"https:\/\/www.cde.ual.es\/#organization"},"image":{"@id":"https:\/\/www.cde.ual.es\/eeuu-abandona-el-acuerdo-de-paris\/#primaryimage"},"thumbnailUrl":"http:\/\/www.cde.ual.es\/wp-content\/uploads\/2017\/06\/industry-611668_960_720.jpg","articleSection":["Sin categorizar"],"inLanguage":"en-US","potentialAction":[{"@type":"CommentAction","name":"Comment","target":["https:\/\/www.cde.ual.es\/eeuu-abandona-el-acuerdo-de-paris\/#respond"]}]},{"@type":"WebPage","@id":"https:\/\/www.cde.ual.es\/eeuu-abandona-el-acuerdo-de-paris\/","url":"https:\/\/www.cde.ual.es\/eeuu-abandona-el-acuerdo-de-paris\/","name":"EEUU abandona el acuerdo de Par\u00eds | CDE Almer\u00eda - Centro de Documentaci\u00f3n Europea - Universidad de Almer\u00eda","isPartOf":{"@id":"https:\/\/www.cde.ual.es\/#website"},"primaryImageOfPage":{"@id":"https:\/\/www.cde.ual.es\/eeuu-abandona-el-acuerdo-de-paris\/#primaryimage"},"image":{"@id":"https:\/\/www.cde.ual.es\/eeuu-abandona-el-acuerdo-de-paris\/#primaryimage"},"thumbnailUrl":"http:\/\/www.cde.ual.es\/wp-content\/uploads\/2017\/06\/industry-611668_960_720.jpg","datePublished":"2017-06-06T08:25:53+00:00","dateModified":"2017-06-06T08:30:55+00:00","breadcrumb":{"@id":"https:\/\/www.cde.ual.es\/eeuu-abandona-el-acuerdo-de-paris\/#breadcrumb"},"inLanguage":"en-US","potentialAction":[{"@type":"ReadAction","target":["https:\/\/www.cde.ual.es\/eeuu-abandona-el-acuerdo-de-paris\/"]}]},{"@type":"ImageObject","inLanguage":"en-US","@id":"https:\/\/www.cde.ual.es\/eeuu-abandona-el-acuerdo-de-paris\/#primaryimage","url":"http:\/\/www.cde.ual.es\/wp-content\/uploads\/2017\/06\/industry-611668_960_720.jpg","contentUrl":"http:\/\/www.cde.ual.es\/wp-content\/uploads\/2017\/06\/industry-611668_960_720.jpg"},{"@type":"BreadcrumbList","@id":"https:\/\/www.cde.ual.es\/eeuu-abandona-el-acuerdo-de-paris\/#breadcrumb","itemListElement":[{"@type":"ListItem","position":1,"name":"Inicio","item":"https:\/\/www.cde.ual.es\/en\/"},{"@type":"ListItem","position":2,"name":"Sin categorizar","item":"https:\/\/www.cde.ual.es\/category\/sin-categorizar\/"},{"@type":"ListItem","position":3,"name":"EEUU abandona el acuerdo de Par\u00eds"}]},{"@type":"WebSite","@id":"https:\/\/www.cde.ual.es\/#website","url":"https:\/\/www.cde.ual.es\/","name":"CDE Almer\u00eda - Centro de Documentaci\u00f3n Europea - Universidad de Almer\u00eda","description":"Centro de Documentaci\u00f3n Europea de la Universidad de Almer\u00eda","publisher":{"@id":"https:\/\/www.cde.ual.es\/#organization"},"alternateName":"CDE Almer\u00eda","potentialAction":[{"@type":"SearchAction","target":{"@type":"EntryPoint","urlTemplate":"https:\/\/www.cde.ual.es\/?s={search_term_string}"},"query-input":{"@type":"PropertyValueSpecification","valueRequired":true,"valueName":"search_term_string"}}],"inLanguage":"en-US"},{"@type":"Organization","@id":"https:\/\/www.cde.ual.es\/#organization","name":"Centro de Documentaci\u00f3n Europea de Almer\u00eda","url":"https:\/\/www.cde.ual.es\/","logo":{"@type":"ImageObject","inLanguage":"en-US","@id":"https:\/\/www.cde.ual.es\/#\/schema\/logo\/image\/","url":"https:\/\/www.cde.ual.es\/wp-content\/uploads\/2025\/07\/cde-logo-3.png","contentUrl":"https:\/\/www.cde.ual.es\/wp-content\/uploads\/2025\/07\/cde-logo-3.png","width":1400,"height":300,"caption":"Centro de Documentaci\u00f3n Europea de Almer\u00eda"},"image":{"@id":"https:\/\/www.cde.ual.es\/#\/schema\/logo\/image\/"},"sameAs":["https:\/\/www.facebook.com\/cdeuniversidadalmeria\/","https:\/\/x.com\/cdeualmeria","https:\/\/www.tiktok.com\/@cdealmeria","https:\/\/www.instagram.com\/cdealmeria\/","https:\/\/www.linkedin.com\/in\/cde-almera-812b26a9\/"]},{"@type":"Person","@id":"https:\/\/www.cde.ual.es\/#\/schema\/person\/224ef08c8bcc005f319d2713ce37ee5f","name":"AdminCDE","image":{"@type":"ImageObject","inLanguage":"en-US","@id":"https:\/\/secure.gravatar.com\/avatar\/a72d038d371f995cd13706fac32274b7952a52e8fb0a84b5f80c85426f2a98a8?s=96&d=mm&r=g","url":"https:\/\/secure.gravatar.com\/avatar\/a72d038d371f995cd13706fac32274b7952a52e8fb0a84b5f80c85426f2a98a8?s=96&d=mm&r=g","contentUrl":"https:\/\/secure.gravatar.com\/avatar\/a72d038d371f995cd13706fac32274b7952a52e8fb0a84b5f80c85426f2a98a8?s=96&d=mm&r=g","caption":"AdminCDE"}}]}},"_links":{"self":[{"href":"https:\/\/www.cde.ual.es\/en\/wp-json\/wp\/v2\/posts\/2000","targetHints":{"allow":["GET"]}}],"collection":[{"href":"https:\/\/www.cde.ual.es\/en\/wp-json\/wp\/v2\/posts"}],"about":[{"href":"https:\/\/www.cde.ual.es\/en\/wp-json\/wp\/v2\/types\/post"}],"author":[{"embeddable":true,"href":"https:\/\/www.cde.ual.es\/en\/wp-json\/wp\/v2\/users\/1"}],"replies":[{"embeddable":true,"href":"https:\/\/www.cde.ual.es\/en\/wp-json\/wp\/v2\/comments?post=2000"}],"version-history":[{"count":0,"href":"https:\/\/www.cde.ual.es\/en\/wp-json\/wp\/v2\/posts\/2000\/revisions"}],"wp:attachment":[{"href":"https:\/\/www.cde.ual.es\/en\/wp-json\/wp\/v2\/media?parent=2000"}],"wp:term":[{"taxonomy":"category","embeddable":true,"href":"https:\/\/www.cde.ual.es\/en\/wp-json\/wp\/v2\/categories?post=2000"},{"taxonomy":"post_tag","embeddable":true,"href":"https:\/\/www.cde.ual.es\/en\/wp-json\/wp\/v2\/tags?post=2000"}],"curies":[{"name":"wp","href":"https:\/\/api.w.org\/{rel}","templated":true}]}}