{"id":19817,"date":"2019-06-18T08:00:16","date_gmt":"2019-06-18T06:00:16","guid":{"rendered":"https:\/\/www.cde.ual.es\/?p=19817"},"modified":"2019-06-17T11:15:12","modified_gmt":"2019-06-17T09:15:12","slug":"a-europe-that-protects-eu-reports-on-progress-in-fighting-disinformation-ahead-of-european-council","status":"publish","type":"post","link":"https:\/\/www.cde.ual.es\/en\/a-europe-that-protects-eu-reports-on-progress-in-fighting-disinformation-ahead-of-european-council\/","title":{"rendered":"A Europe that protects: EU reports on progress in fighting disinformation ahead of European Council"},"content":{"rendered":"<p><strong>The Commission and the High Representative <a href=\"https:\/\/eeas.europa.eu\/headquarters\/headquarters-homepage\/63943\/progress-report-action-plan-against-disinformation_en\">report on the progress achieved in the fight against disinformation<\/a> and the main lessons drawn from the European elections, as a contribution to the discussions by EU leaders next week. <\/strong><\/p>\n<p><a href=\"https:\/\/www.cde.ual.es\/wp-content\/uploads\/2019\/06\/casual-couch-fake-1327218.jpg\"><img decoding=\"async\" class=\"size-medium wp-image-19809 aligncenter\" src=\"https:\/\/www.cde.ual.es\/wp-content\/uploads\/2019\/06\/casual-couch-fake-1327218-300x200.jpg\" alt=\"Persona sentada en un sof\u00e1 sostiene un peri\u00f3dico en el que se lee &quot;Fake News&quot;\" width=\"300\" height=\"200\" srcset=\"https:\/\/www.cde.ual.es\/wp-content\/uploads\/2019\/06\/casual-couch-fake-1327218-300x200.jpg 300w, https:\/\/www.cde.ual.es\/wp-content\/uploads\/2019\/06\/casual-couch-fake-1327218.jpg 600w\" sizes=\"(max-width: 300px) 100vw, 300px\" \/><\/a><\/p>\n<p>Protecting our democratic processes and institutions from disinformation is a major challenge for societies across the globe. To tackle this, the EU has demonstrated leadership and put in place a robust framework for coordinated action, with full respect for European values and fundamental rights. This\u00a0<a href=\"https:\/\/eur-lex.europa.eu\/legal-content\/EN\/ALL\/?uri=comnat:JOIN_2019_0012_FIN\">joint Communication<\/a> sets out how the Action <a href=\"http:\/\/europa.eu\/rapid\/press-release_IP-18-6647_es.htm\">Plan against Disinformation<\/a> and the <a href=\"http:\/\/europa.eu\/rapid\/press-release_IP-18-5681_es.htm\">Elections Package<\/a> have helped to fight disinformation and preserve the integrity of the European Parliament elections.<\/p>\n<p>While it is still too early to draw final conclusions about the level and impact of disinformation in the recent European Parliament elections, it is clear that the actions taken by the EU \u2013 together with numerous journalists, fact-checkers, platforms, national authorities, researchers and civil society \u2013 have helped to deter attacks and expose attempts at interfering in our democratic processes. Increased public awareness made it harder for malicious actors to manipulate the public debate.<\/p>\n<p>In particular, EU action focused on four complementary strands:<\/p>\n<ol>\n<li><strong>The EU has strengthened its capabilities to identify and counter disinformation<\/strong>, via the Strategic Communication Task Forces and the EU Hybrid Fusion Cell in the European External Action Service. It has also improved the coordinated response by setting up a Rapid Alert System to facilitate the exchange of information between Member States and the EU institutions.<\/li>\n<li><strong>The EU worked with online platforms and industry through a voluntary Code of Practice on disinformation to increase transparency of political communications<\/strong> and prevent the manipulative use of their services to ensure users know why they see specific political content and ads, where they come from and who is behind them.<\/li>\n<li>The Commission and the High Representative, in cooperation with the European Parliament,<strong> helped increase awareness and resilience to disinformation within society,<\/strong> notably through more dissemination of fact-based messaging and renewed efforts to promote media literacy.<\/li>\n<li>The Commission has<strong> supported Member States&#8217; efforts to secure the integrity of elections and strengthen the resilience of the Union&#8217;s democratic systems.<\/strong> The establishment of election networks at EU and national level, with links to the Rapid Alert System, improved cooperation on potential threats.<\/li>\n<\/ol>\n<p>However, more remains to be done to protect the EU&#8217;s democratic processes and institutions. Disinformation is a rapidly changing threat. The tactics used by internal and external actors, in particular linked to Russian sources, are evolving as quickly as the measures adopted by states and online platforms. Continuous research and adequate human resources are required to counter new trends and practices, to better detect and expose disinformation campaigns, and to raise preparedness at EU and national level.<\/p>\n<h3>More information<\/h3>\n<p>Access the\u00a0<a href=\"http:\/\/europa.eu\/rapid\/press-release_IP-19-2914_en.htm\">complete news<\/a><\/p>\n<p><a href=\"https:\/\/www.cde.ual.es\/ficha\/plan-de-accion-contra-la-desinformacion-informe-sobre-los-progresos-realizados\/\">Related factsheet: Action Plan Against Disinformation: report on progress<\/a><\/p>\n<p><a href=\"https:\/\/eur-lex.europa.eu\/legal-content\/EN\/ALL\/?uri=comnat:JOIN_2019_0012_FIN\">Joint report on the implementation of the Action Plan against Disinformation<\/a><\/p>\n<p><a href=\"https:\/\/www.cde.ual.es\/una-europa-que-protege-la-ue-intensifica-la-lucha-contra-la-desinformacion\/\">Action Plan against Disinformation<\/a><\/p>\n","protected":false},"excerpt":{"rendered":"<p>The Commission and the High Representative report on the progress achieved in the fight against disinformation and the main lessons drawn from the European elections, as a contribution to the discussions by EU leaders next week. Protecting our democratic processes and institutions from disinformation is a major challenge for societies across the globe. To tackle [&hellip;]<\/p>\n","protected":false},"author":101011,"featured_media":19810,"comment_status":"open","ping_status":"open","sticky":false,"template":"","format":"standard","meta":{"_acf_changed":false,"_relevanssi_hide_post":"","_relevanssi_hide_content":"","_relevanssi_pin_for_all":"","_relevanssi_pin_keywords":"","_relevanssi_unpin_keywords":"","_relevanssi_related_keywords":"","_relevanssi_related_include_ids":"","_relevanssi_related_exclude_ids":"","_relevanssi_related_no_append":"","_relevanssi_related_not_related":"","_relevanssi_related_posts":"","_relevanssi_noindex_reason":"","_monsterinsights_skip_tracking":false,"_monsterinsights_sitenote_active":false,"_monsterinsights_sitenote_note":"","_monsterinsights_sitenote_category":0,"_genesis_hide_title":false,"_genesis_hide_breadcrumbs":false,"_genesis_hide_singular_image":false,"_genesis_hide_footer_widgets":false,"_genesis_custom_body_class":"","_genesis_custom_post_class":"","_genesis_layout":"","footnotes":""},"categories":[346],"tags":[549,454],"class_list":{"0":"post-19817","1":"post","2":"type-post","3":"status-publish","4":"format-standard","5":"has-post-thumbnail","7":"category-eu-news","8":"tag-disinformation","9":"tag-security-and-defence","10":"entry"},"acf":[],"yoast_head":"<!-- This site is optimized with the Yoast SEO plugin v27.5 - https:\/\/yoast.com\/product\/yoast-seo-wordpress\/ -->\n<title>A Europe that protects: EU reports on progress in fighting disinformation ahead of European Council | CDE Almer\u00eda - Centro de Documentaci\u00f3n Europea - Universidad de Almer\u00eda<\/title>\n<meta name=\"robots\" content=\"index, follow, max-snippet:-1, max-image-preview:large, max-video-preview:-1\" \/>\n<link rel=\"canonical\" href=\"https:\/\/www.cde.ual.es\/en\/a-europe-that-protects-eu-reports-on-progress-in-fighting-disinformation-ahead-of-european-council\/\" \/>\n<meta property=\"og:locale\" content=\"en_US\" \/>\n<meta property=\"og:type\" content=\"article\" \/>\n<meta property=\"og:title\" content=\"A Europe that protects: EU reports on progress in fighting disinformation ahead of European Council | CDE Almer\u00eda - Centro de Documentaci\u00f3n Europea - Universidad de Almer\u00eda\" \/>\n<meta property=\"og:description\" content=\"The Commission and the High Representative report on the progress achieved in the fight against disinformation and the main lessons drawn from the European elections, as a contribution to the discussions by EU leaders next week. Protecting our democratic processes and institutions from disinformation is a major challenge for societies across the globe. To tackle [&hellip;]\" \/>\n<meta property=\"og:url\" content=\"https:\/\/www.cde.ual.es\/en\/a-europe-that-protects-eu-reports-on-progress-in-fighting-disinformation-ahead-of-european-council\/\" \/>\n<meta property=\"og:site_name\" content=\"CDE Almer\u00eda - Centro de Documentaci\u00f3n Europea - Universidad de Almer\u00eda\" \/>\n<meta property=\"article:publisher\" content=\"https:\/\/www.facebook.com\/cdeuniversidadalmeria\/\" \/>\n<meta property=\"article:published_time\" content=\"2019-06-18T06:00:16+00:00\" \/>\n<meta property=\"og:image\" content=\"https:\/\/www.cde.ual.es\/wp-content\/uploads\/2019\/06\/casual-couch-fake-1327218.jpg\" \/>\n\t<meta property=\"og:image:width\" content=\"600\" \/>\n\t<meta property=\"og:image:height\" content=\"400\" \/>\n\t<meta property=\"og:image:type\" content=\"image\/jpeg\" \/>\n<meta name=\"author\" content=\"BECA 2 CDE\" \/>\n<meta name=\"twitter:card\" content=\"summary_large_image\" \/>\n<meta name=\"twitter:creator\" content=\"@cdeualmeria\" \/>\n<meta name=\"twitter:site\" content=\"@cdeualmeria\" \/>\n<meta name=\"twitter:label1\" content=\"Written by\" \/>\n\t<meta name=\"twitter:data1\" content=\"BECA 2 CDE\" \/>\n\t<meta name=\"twitter:label2\" content=\"Est. reading time\" \/>\n\t<meta name=\"twitter:data2\" content=\"2 minutes\" \/>\n<script type=\"application\/ld+json\" class=\"yoast-schema-graph\">{\"@context\":\"https:\\\/\\\/schema.org\",\"@graph\":[{\"@type\":\"Article\",\"@id\":\"https:\\\/\\\/www.cde.ual.es\\\/en\\\/a-europe-that-protects-eu-reports-on-progress-in-fighting-disinformation-ahead-of-european-council\\\/#article\",\"isPartOf\":{\"@id\":\"https:\\\/\\\/www.cde.ual.es\\\/en\\\/a-europe-that-protects-eu-reports-on-progress-in-fighting-disinformation-ahead-of-european-council\\\/\"},\"author\":{\"name\":\"BECA 2 CDE\",\"@id\":\"https:\\\/\\\/www.cde.ual.es\\\/#\\\/schema\\\/person\\\/ee46ebc19edfa19598c02cff83335acc\"},\"headline\":\"A Europe that protects: EU reports on progress in fighting disinformation ahead of European Council\",\"datePublished\":\"2019-06-18T06:00:16+00:00\",\"mainEntityOfPage\":{\"@id\":\"https:\\\/\\\/www.cde.ual.es\\\/en\\\/a-europe-that-protects-eu-reports-on-progress-in-fighting-disinformation-ahead-of-european-council\\\/\"},\"wordCount\":501,\"commentCount\":0,\"publisher\":{\"@id\":\"https:\\\/\\\/www.cde.ual.es\\\/#organization\"},\"image\":{\"@id\":\"https:\\\/\\\/www.cde.ual.es\\\/en\\\/a-europe-that-protects-eu-reports-on-progress-in-fighting-disinformation-ahead-of-european-council\\\/#primaryimage\"},\"thumbnailUrl\":\"https:\\\/\\\/www.cde.ual.es\\\/wp-content\\\/uploads\\\/2019\\\/06\\\/casual-couch-fake-1327218.jpg\",\"keywords\":[\"disinformation\",\"Security and Defence\"],\"articleSection\":[\"EU News\"],\"inLanguage\":\"en-US\",\"potentialAction\":[{\"@type\":\"CommentAction\",\"name\":\"Comment\",\"target\":[\"https:\\\/\\\/www.cde.ual.es\\\/en\\\/a-europe-that-protects-eu-reports-on-progress-in-fighting-disinformation-ahead-of-european-council\\\/#respond\"]}]},{\"@type\":\"WebPage\",\"@id\":\"https:\\\/\\\/www.cde.ual.es\\\/en\\\/a-europe-that-protects-eu-reports-on-progress-in-fighting-disinformation-ahead-of-european-council\\\/\",\"url\":\"https:\\\/\\\/www.cde.ual.es\\\/en\\\/a-europe-that-protects-eu-reports-on-progress-in-fighting-disinformation-ahead-of-european-council\\\/\",\"name\":\"A Europe that protects: EU reports on progress in fighting disinformation ahead of European Council | CDE Almer\u00eda - Centro de Documentaci\u00f3n Europea - Universidad de Almer\u00eda\",\"isPartOf\":{\"@id\":\"https:\\\/\\\/www.cde.ual.es\\\/#website\"},\"primaryImageOfPage\":{\"@id\":\"https:\\\/\\\/www.cde.ual.es\\\/en\\\/a-europe-that-protects-eu-reports-on-progress-in-fighting-disinformation-ahead-of-european-council\\\/#primaryimage\"},\"image\":{\"@id\":\"https:\\\/\\\/www.cde.ual.es\\\/en\\\/a-europe-that-protects-eu-reports-on-progress-in-fighting-disinformation-ahead-of-european-council\\\/#primaryimage\"},\"thumbnailUrl\":\"https:\\\/\\\/www.cde.ual.es\\\/wp-content\\\/uploads\\\/2019\\\/06\\\/casual-couch-fake-1327218.jpg\",\"datePublished\":\"2019-06-18T06:00:16+00:00\",\"breadcrumb\":{\"@id\":\"https:\\\/\\\/www.cde.ual.es\\\/en\\\/a-europe-that-protects-eu-reports-on-progress-in-fighting-disinformation-ahead-of-european-council\\\/#breadcrumb\"},\"inLanguage\":\"en-US\",\"potentialAction\":[{\"@type\":\"ReadAction\",\"target\":[\"https:\\\/\\\/www.cde.ual.es\\\/en\\\/a-europe-that-protects-eu-reports-on-progress-in-fighting-disinformation-ahead-of-european-council\\\/\"]}]},{\"@type\":\"ImageObject\",\"inLanguage\":\"en-US\",\"@id\":\"https:\\\/\\\/www.cde.ual.es\\\/en\\\/a-europe-that-protects-eu-reports-on-progress-in-fighting-disinformation-ahead-of-european-council\\\/#primaryimage\",\"url\":\"https:\\\/\\\/www.cde.ual.es\\\/wp-content\\\/uploads\\\/2019\\\/06\\\/casual-couch-fake-1327218.jpg\",\"contentUrl\":\"https:\\\/\\\/www.cde.ual.es\\\/wp-content\\\/uploads\\\/2019\\\/06\\\/casual-couch-fake-1327218.jpg\",\"width\":600,\"height\":400,\"caption\":\"Persona sentada en un sof\u00e1 sostiene un peri\u00f3dico en el que se lee \\\"Fake News\\\"\"},{\"@type\":\"BreadcrumbList\",\"@id\":\"https:\\\/\\\/www.cde.ual.es\\\/en\\\/a-europe-that-protects-eu-reports-on-progress-in-fighting-disinformation-ahead-of-european-council\\\/#breadcrumb\",\"itemListElement\":[{\"@type\":\"ListItem\",\"position\":1,\"name\":\"Inicio\",\"item\":\"https:\\\/\\\/www.cde.ual.es\\\/en\\\/\"},{\"@type\":\"ListItem\",\"position\":2,\"name\":\"EU News\",\"item\":\"https:\\\/\\\/www.cde.ual.es\\\/en\\\/category\\\/eu-news\\\/\"},{\"@type\":\"ListItem\",\"position\":3,\"name\":\"A Europe that protects: EU reports on progress in fighting disinformation ahead of European Council\"}]},{\"@type\":\"WebSite\",\"@id\":\"https:\\\/\\\/www.cde.ual.es\\\/#website\",\"url\":\"https:\\\/\\\/www.cde.ual.es\\\/\",\"name\":\"CDE Almer\u00eda - Centro de Documentaci\u00f3n Europea - Universidad de Almer\u00eda\",\"description\":\"Centro de Documentaci\u00f3n Europea de la Universidad de Almer\u00eda\",\"publisher\":{\"@id\":\"https:\\\/\\\/www.cde.ual.es\\\/#organization\"},\"alternateName\":\"CDE Almer\u00eda\",\"potentialAction\":[{\"@type\":\"SearchAction\",\"target\":{\"@type\":\"EntryPoint\",\"urlTemplate\":\"https:\\\/\\\/www.cde.ual.es\\\/?s={search_term_string}\"},\"query-input\":{\"@type\":\"PropertyValueSpecification\",\"valueRequired\":true,\"valueName\":\"search_term_string\"}}],\"inLanguage\":\"en-US\"},{\"@type\":\"Organization\",\"@id\":\"https:\\\/\\\/www.cde.ual.es\\\/#organization\",\"name\":\"Centro de Documentaci\u00f3n Europea de Almer\u00eda\",\"url\":\"https:\\\/\\\/www.cde.ual.es\\\/\",\"logo\":{\"@type\":\"ImageObject\",\"inLanguage\":\"en-US\",\"@id\":\"https:\\\/\\\/www.cde.ual.es\\\/#\\\/schema\\\/logo\\\/image\\\/\",\"url\":\"https:\\\/\\\/www.cde.ual.es\\\/wp-content\\\/uploads\\\/2025\\\/07\\\/cde-logo-3.png\",\"contentUrl\":\"https:\\\/\\\/www.cde.ual.es\\\/wp-content\\\/uploads\\\/2025\\\/07\\\/cde-logo-3.png\",\"width\":1400,\"height\":300,\"caption\":\"Centro de Documentaci\u00f3n Europea de Almer\u00eda\"},\"image\":{\"@id\":\"https:\\\/\\\/www.cde.ual.es\\\/#\\\/schema\\\/logo\\\/image\\\/\"},\"sameAs\":[\"https:\\\/\\\/www.facebook.com\\\/cdeuniversidadalmeria\\\/\",\"https:\\\/\\\/x.com\\\/cdeualmeria\",\"https:\\\/\\\/www.tiktok.com\\\/@cdealmeria\",\"https:\\\/\\\/www.instagram.com\\\/cdealmeria\\\/\",\"https:\\\/\\\/www.linkedin.com\\\/in\\\/cde-almera-812b26a9\\\/\"]},{\"@type\":\"Person\",\"@id\":\"https:\\\/\\\/www.cde.ual.es\\\/#\\\/schema\\\/person\\\/ee46ebc19edfa19598c02cff83335acc\",\"name\":\"BECA 2 CDE\",\"image\":{\"@type\":\"ImageObject\",\"inLanguage\":\"en-US\",\"@id\":\"https:\\\/\\\/secure.gravatar.com\\\/avatar\\\/35a481bbc04bbd90e91bdfa3b0b5541036c222a49b9ad37b6889a2afcb5311a5?s=96&d=mm&r=g\",\"url\":\"https:\\\/\\\/secure.gravatar.com\\\/avatar\\\/35a481bbc04bbd90e91bdfa3b0b5541036c222a49b9ad37b6889a2afcb5311a5?s=96&d=mm&r=g\",\"contentUrl\":\"https:\\\/\\\/secure.gravatar.com\\\/avatar\\\/35a481bbc04bbd90e91bdfa3b0b5541036c222a49b9ad37b6889a2afcb5311a5?s=96&d=mm&r=g\",\"caption\":\"BECA 2 CDE\"},\"sameAs\":[\"http:\\\/\\\/www.cdealmeria.com\"]}]}<\/script>\n<!-- \/ Yoast SEO plugin. -->","yoast_head_json":{"title":"A Europe that protects: EU reports on progress in fighting disinformation ahead of European Council | CDE Almer\u00eda - Centro de Documentaci\u00f3n Europea - Universidad de Almer\u00eda","robots":{"index":"index","follow":"follow","max-snippet":"max-snippet:-1","max-image-preview":"max-image-preview:large","max-video-preview":"max-video-preview:-1"},"canonical":"https:\/\/www.cde.ual.es\/en\/a-europe-that-protects-eu-reports-on-progress-in-fighting-disinformation-ahead-of-european-council\/","og_locale":"en_US","og_type":"article","og_title":"A Europe that protects: EU reports on progress in fighting disinformation ahead of European Council | CDE Almer\u00eda - Centro de Documentaci\u00f3n Europea - Universidad de Almer\u00eda","og_description":"The Commission and the High Representative report on the progress achieved in the fight against disinformation and the main lessons drawn from the European elections, as a contribution to the discussions by EU leaders next week. Protecting our democratic processes and institutions from disinformation is a major challenge for societies across the globe. To tackle [&hellip;]","og_url":"https:\/\/www.cde.ual.es\/en\/a-europe-that-protects-eu-reports-on-progress-in-fighting-disinformation-ahead-of-european-council\/","og_site_name":"CDE Almer\u00eda - Centro de Documentaci\u00f3n Europea - Universidad de Almer\u00eda","article_publisher":"https:\/\/www.facebook.com\/cdeuniversidadalmeria\/","article_published_time":"2019-06-18T06:00:16+00:00","og_image":[{"width":600,"height":400,"url":"https:\/\/www.cde.ual.es\/wp-content\/uploads\/2019\/06\/casual-couch-fake-1327218.jpg","type":"image\/jpeg"}],"author":"BECA 2 CDE","twitter_card":"summary_large_image","twitter_creator":"@cdeualmeria","twitter_site":"@cdeualmeria","twitter_misc":{"Written by":"BECA 2 CDE","Est. reading time":"2 minutes"},"schema":{"@context":"https:\/\/schema.org","@graph":[{"@type":"Article","@id":"https:\/\/www.cde.ual.es\/en\/a-europe-that-protects-eu-reports-on-progress-in-fighting-disinformation-ahead-of-european-council\/#article","isPartOf":{"@id":"https:\/\/www.cde.ual.es\/en\/a-europe-that-protects-eu-reports-on-progress-in-fighting-disinformation-ahead-of-european-council\/"},"author":{"name":"BECA 2 CDE","@id":"https:\/\/www.cde.ual.es\/#\/schema\/person\/ee46ebc19edfa19598c02cff83335acc"},"headline":"A Europe that protects: EU reports on progress in fighting disinformation ahead of European Council","datePublished":"2019-06-18T06:00:16+00:00","mainEntityOfPage":{"@id":"https:\/\/www.cde.ual.es\/en\/a-europe-that-protects-eu-reports-on-progress-in-fighting-disinformation-ahead-of-european-council\/"},"wordCount":501,"commentCount":0,"publisher":{"@id":"https:\/\/www.cde.ual.es\/#organization"},"image":{"@id":"https:\/\/www.cde.ual.es\/en\/a-europe-that-protects-eu-reports-on-progress-in-fighting-disinformation-ahead-of-european-council\/#primaryimage"},"thumbnailUrl":"https:\/\/www.cde.ual.es\/wp-content\/uploads\/2019\/06\/casual-couch-fake-1327218.jpg","keywords":["disinformation","Security and Defence"],"articleSection":["EU News"],"inLanguage":"en-US","potentialAction":[{"@type":"CommentAction","name":"Comment","target":["https:\/\/www.cde.ual.es\/en\/a-europe-that-protects-eu-reports-on-progress-in-fighting-disinformation-ahead-of-european-council\/#respond"]}]},{"@type":"WebPage","@id":"https:\/\/www.cde.ual.es\/en\/a-europe-that-protects-eu-reports-on-progress-in-fighting-disinformation-ahead-of-european-council\/","url":"https:\/\/www.cde.ual.es\/en\/a-europe-that-protects-eu-reports-on-progress-in-fighting-disinformation-ahead-of-european-council\/","name":"A Europe that protects: EU reports on progress in fighting disinformation ahead of European Council | CDE Almer\u00eda - Centro de Documentaci\u00f3n Europea - Universidad de Almer\u00eda","isPartOf":{"@id":"https:\/\/www.cde.ual.es\/#website"},"primaryImageOfPage":{"@id":"https:\/\/www.cde.ual.es\/en\/a-europe-that-protects-eu-reports-on-progress-in-fighting-disinformation-ahead-of-european-council\/#primaryimage"},"image":{"@id":"https:\/\/www.cde.ual.es\/en\/a-europe-that-protects-eu-reports-on-progress-in-fighting-disinformation-ahead-of-european-council\/#primaryimage"},"thumbnailUrl":"https:\/\/www.cde.ual.es\/wp-content\/uploads\/2019\/06\/casual-couch-fake-1327218.jpg","datePublished":"2019-06-18T06:00:16+00:00","breadcrumb":{"@id":"https:\/\/www.cde.ual.es\/en\/a-europe-that-protects-eu-reports-on-progress-in-fighting-disinformation-ahead-of-european-council\/#breadcrumb"},"inLanguage":"en-US","potentialAction":[{"@type":"ReadAction","target":["https:\/\/www.cde.ual.es\/en\/a-europe-that-protects-eu-reports-on-progress-in-fighting-disinformation-ahead-of-european-council\/"]}]},{"@type":"ImageObject","inLanguage":"en-US","@id":"https:\/\/www.cde.ual.es\/en\/a-europe-that-protects-eu-reports-on-progress-in-fighting-disinformation-ahead-of-european-council\/#primaryimage","url":"https:\/\/www.cde.ual.es\/wp-content\/uploads\/2019\/06\/casual-couch-fake-1327218.jpg","contentUrl":"https:\/\/www.cde.ual.es\/wp-content\/uploads\/2019\/06\/casual-couch-fake-1327218.jpg","width":600,"height":400,"caption":"Persona sentada en un sof\u00e1 sostiene un peri\u00f3dico en el que se lee \"Fake News\""},{"@type":"BreadcrumbList","@id":"https:\/\/www.cde.ual.es\/en\/a-europe-that-protects-eu-reports-on-progress-in-fighting-disinformation-ahead-of-european-council\/#breadcrumb","itemListElement":[{"@type":"ListItem","position":1,"name":"Inicio","item":"https:\/\/www.cde.ual.es\/en\/"},{"@type":"ListItem","position":2,"name":"EU News","item":"https:\/\/www.cde.ual.es\/en\/category\/eu-news\/"},{"@type":"ListItem","position":3,"name":"A Europe that protects: EU reports on progress in fighting disinformation ahead of European Council"}]},{"@type":"WebSite","@id":"https:\/\/www.cde.ual.es\/#website","url":"https:\/\/www.cde.ual.es\/","name":"CDE Almer\u00eda - Centro de Documentaci\u00f3n Europea - Universidad de Almer\u00eda","description":"Centro de Documentaci\u00f3n Europea de la Universidad de Almer\u00eda","publisher":{"@id":"https:\/\/www.cde.ual.es\/#organization"},"alternateName":"CDE Almer\u00eda","potentialAction":[{"@type":"SearchAction","target":{"@type":"EntryPoint","urlTemplate":"https:\/\/www.cde.ual.es\/?s={search_term_string}"},"query-input":{"@type":"PropertyValueSpecification","valueRequired":true,"valueName":"search_term_string"}}],"inLanguage":"en-US"},{"@type":"Organization","@id":"https:\/\/www.cde.ual.es\/#organization","name":"Centro de Documentaci\u00f3n Europea de Almer\u00eda","url":"https:\/\/www.cde.ual.es\/","logo":{"@type":"ImageObject","inLanguage":"en-US","@id":"https:\/\/www.cde.ual.es\/#\/schema\/logo\/image\/","url":"https:\/\/www.cde.ual.es\/wp-content\/uploads\/2025\/07\/cde-logo-3.png","contentUrl":"https:\/\/www.cde.ual.es\/wp-content\/uploads\/2025\/07\/cde-logo-3.png","width":1400,"height":300,"caption":"Centro de Documentaci\u00f3n Europea de Almer\u00eda"},"image":{"@id":"https:\/\/www.cde.ual.es\/#\/schema\/logo\/image\/"},"sameAs":["https:\/\/www.facebook.com\/cdeuniversidadalmeria\/","https:\/\/x.com\/cdeualmeria","https:\/\/www.tiktok.com\/@cdealmeria","https:\/\/www.instagram.com\/cdealmeria\/","https:\/\/www.linkedin.com\/in\/cde-almera-812b26a9\/"]},{"@type":"Person","@id":"https:\/\/www.cde.ual.es\/#\/schema\/person\/ee46ebc19edfa19598c02cff83335acc","name":"BECA 2 CDE","image":{"@type":"ImageObject","inLanguage":"en-US","@id":"https:\/\/secure.gravatar.com\/avatar\/35a481bbc04bbd90e91bdfa3b0b5541036c222a49b9ad37b6889a2afcb5311a5?s=96&d=mm&r=g","url":"https:\/\/secure.gravatar.com\/avatar\/35a481bbc04bbd90e91bdfa3b0b5541036c222a49b9ad37b6889a2afcb5311a5?s=96&d=mm&r=g","contentUrl":"https:\/\/secure.gravatar.com\/avatar\/35a481bbc04bbd90e91bdfa3b0b5541036c222a49b9ad37b6889a2afcb5311a5?s=96&d=mm&r=g","caption":"BECA 2 CDE"},"sameAs":["http:\/\/www.cdealmeria.com"]}]}},"_links":{"self":[{"href":"https:\/\/www.cde.ual.es\/en\/wp-json\/wp\/v2\/posts\/19817","targetHints":{"allow":["GET"]}}],"collection":[{"href":"https:\/\/www.cde.ual.es\/en\/wp-json\/wp\/v2\/posts"}],"about":[{"href":"https:\/\/www.cde.ual.es\/en\/wp-json\/wp\/v2\/types\/post"}],"author":[{"embeddable":true,"href":"https:\/\/www.cde.ual.es\/en\/wp-json\/wp\/v2\/users\/101011"}],"replies":[{"embeddable":true,"href":"https:\/\/www.cde.ual.es\/en\/wp-json\/wp\/v2\/comments?post=19817"}],"version-history":[{"count":0,"href":"https:\/\/www.cde.ual.es\/en\/wp-json\/wp\/v2\/posts\/19817\/revisions"}],"wp:featuredmedia":[{"embeddable":true,"href":"https:\/\/www.cde.ual.es\/en\/wp-json\/wp\/v2\/media\/19810"}],"wp:attachment":[{"href":"https:\/\/www.cde.ual.es\/en\/wp-json\/wp\/v2\/media?parent=19817"}],"wp:term":[{"taxonomy":"category","embeddable":true,"href":"https:\/\/www.cde.ual.es\/en\/wp-json\/wp\/v2\/categories?post=19817"},{"taxonomy":"post_tag","embeddable":true,"href":"https:\/\/www.cde.ual.es\/en\/wp-json\/wp\/v2\/tags?post=19817"}],"curies":[{"name":"wp","href":"https:\/\/api.w.org\/{rel}","templated":true}]}}