{"id":19750,"date":"2019-06-17T08:00:04","date_gmt":"2019-06-17T06:00:04","guid":{"rendered":"https:\/\/www.cde.ual.es\/?p=19750"},"modified":"2019-06-14T09:45:29","modified_gmt":"2019-06-14T07:45:29","slug":"ebola-eu-releases-additional-e3-5-million-to-tackle-epidemic","status":"publish","type":"post","link":"https:\/\/www.cde.ual.es\/en\/ebola-eu-releases-additional-e3-5-million-to-tackle-epidemic\/","title":{"rendered":"Ebola: EU releases additional \u20ac3.5 million to tackle epidemic"},"content":{"rendered":"<p><strong>As the deadly Ebola virus outbreak in the Democratic Republic of Congo continues, with the first cases emerging in neighbouring Uganda this week, the EU has announced further emergency funding of \u20ac3.5 million, of which \u20ac2.5 million is for Uganda and \u20ac1 million for South Sudan. The aid package will strengthen rapid detection and reaction to Ebola cases. This funding comes on <a href=\"http:\/\/europa.eu\/rapid\/press-release_IP-19-2475_en.htm\">top of the \u20ac17 million in EU funding for Ebola response since 2018 in the Democratic Republic of Congo<\/a> and prevention and preparedness actions in Uganda, South Sudan, Rwanda and Burundi.<\/strong><\/p>\n<p><a href=\"https:\/\/www.cde.ual.es\/wp-content\/uploads\/2018\/10\/drc_smaller.png\"><img decoding=\"async\" class=\"size-medium wp-image-9310 aligncenter\" src=\"https:\/\/www.cde.ual.es\/wp-content\/uploads\/2018\/10\/drc_smaller-300x130.png\" alt=\"\" width=\"300\" height=\"130\" srcset=\"https:\/\/www.cde.ual.es\/wp-content\/uploads\/2018\/10\/drc_smaller-300x130.png 300w, https:\/\/www.cde.ual.es\/wp-content\/uploads\/2018\/10\/drc_smaller.png 693w\" sizes=\"(max-width: 300px) 100vw, 300px\" \/><\/a><\/p>\n<p>In co-ordination with other international donors and in line with the World Health Organisation&#8217;s Regional Strategic Ebola Response and Preparedness Plans, EU funding is contributing towards measures that include mainly:<\/p>\n<ul>\n<li>the strengthening of disease surveillance at community level, health facilities and points of entry (border crossing points);<\/li>\n<li>the training of rapid response teams;<\/li>\n<li>the training of healthcare and frontline workers on contact-tracing, infection prevention and control measures, psychosocial support, and safe and dignified burials;<\/li>\n<li>local capacity-building by equipping medical treatment facilities; and<\/li>\n<li>community awareness-raising.<\/li>\n<\/ul>\n<p>EU humanitarian health experts in the Democratic Republic of Congo, in Uganda and in the region are coordinating and they are in daily contact with the health authorities in these countries, the World Health Organisation and operational partners.<\/p>\n<h2>Background<\/h2>\n<p>The EU has been assisting countries on the frontline since the beginning of the outbreak in 2018, providing financial support, experts, the use of the ECHO flight service to deliver supplies and has activated the EU Civil Protection Mechanism.<\/p>\n<p>On 11 June 2019, the Minister of Health of Uganda confirmed that a first patient had tested positive to Ebola virus disease (EVD) in Kasese district, in the south-west of the country.Given the high population mobility in the region between Ebola-affected areas in the Democratic Republic of Congo and neighbouring countries, the threat of a cross-border transmission of the Ebola virus has always been evaluated by the World Health Organisation as very high.<\/p>\n<p>The EU Humanitarian Aid department along with the United Kingdom&#8217;s Department for International Development is currently carrying out a field mission in south-west Uganda, with the participation of a regional health expert from the European Commission.<\/p>\n<p>The EU has also financially supported Ebola vaccine development and research on Ebola treatments and diagnostic tests.<\/p>\n<h3>More information<\/h3>\n<p>Access the <a href=\"http:\/\/europa.eu\/rapid\/press-release_IP-19-2990_en.htm\">complete news<\/a><\/p>\n<p>Related factsheet: <a href=\"https:\/\/www.cde.ual.es\/ficha\/eu-response-to-ebola\/\">EU response to the Ebola epidemic<\/a><\/p>\n","protected":false},"excerpt":{"rendered":"<p>As the deadly Ebola virus outbreak in the Democratic Republic of Congo continues, with the first cases emerging in neighbouring Uganda this week, the EU has announced further emergency funding of \u20ac3.5 million, of which \u20ac2.5 million is for Uganda and \u20ac1 million for South Sudan. The aid package will strengthen rapid detection and reaction [&hellip;]<\/p>\n","protected":false},"author":101011,"featured_media":17428,"comment_status":"open","ping_status":"open","sticky":false,"template":"","format":"standard","meta":{"_acf_changed":false,"_relevanssi_hide_post":"","_relevanssi_hide_content":"","_relevanssi_pin_for_all":"","_relevanssi_pin_keywords":"","_relevanssi_unpin_keywords":"","_relevanssi_related_keywords":"","_relevanssi_related_include_ids":"","_relevanssi_related_exclude_ids":"","_relevanssi_related_no_append":"","_relevanssi_related_not_related":"","_relevanssi_related_posts":"","_relevanssi_noindex_reason":"","_monsterinsights_skip_tracking":false,"_monsterinsights_sitenote_active":false,"_monsterinsights_sitenote_note":"","_monsterinsights_sitenote_category":0,"_genesis_hide_title":false,"_genesis_hide_breadcrumbs":false,"_genesis_hide_singular_image":false,"_genesis_hide_footer_widgets":false,"_genesis_custom_body_class":"","_genesis_custom_post_class":"","_genesis_layout":"","footnotes":""},"categories":[346],"tags":[437,370],"class_list":{"0":"post-19750","1":"post","2":"type-post","3":"status-publish","4":"format-standard","5":"has-post-thumbnail","7":"category-eu-news","8":"tag-health","9":"tag-humanitarian-aid","10":"entry"},"acf":[],"yoast_head":"<!-- This site is optimized with the Yoast SEO plugin v27.5 - https:\/\/yoast.com\/product\/yoast-seo-wordpress\/ -->\n<title>Ebola: EU releases additional \u20ac3.5 million to tackle epidemic | CDE Almer\u00eda - Centro de Documentaci\u00f3n Europea - Universidad de Almer\u00eda<\/title>\n<meta name=\"robots\" content=\"index, follow, max-snippet:-1, max-image-preview:large, max-video-preview:-1\" \/>\n<link rel=\"canonical\" href=\"https:\/\/www.cde.ual.es\/en\/ebola-eu-releases-additional-e3-5-million-to-tackle-epidemic\/\" \/>\n<meta property=\"og:locale\" content=\"en_US\" \/>\n<meta property=\"og:type\" content=\"article\" \/>\n<meta property=\"og:title\" content=\"Ebola: EU releases additional \u20ac3.5 million to tackle epidemic | CDE Almer\u00eda - Centro de Documentaci\u00f3n Europea - Universidad de Almer\u00eda\" \/>\n<meta property=\"og:description\" content=\"As the deadly Ebola virus outbreak in the Democratic Republic of Congo continues, with the first cases emerging in neighbouring Uganda this week, the EU has announced further emergency funding of \u20ac3.5 million, of which \u20ac2.5 million is for Uganda and \u20ac1 million for South Sudan. The aid package will strengthen rapid detection and reaction [&hellip;]\" \/>\n<meta property=\"og:url\" content=\"https:\/\/www.cde.ual.es\/en\/ebola-eu-releases-additional-e3-5-million-to-tackle-epidemic\/\" \/>\n<meta property=\"og:site_name\" content=\"CDE Almer\u00eda - Centro de Documentaci\u00f3n Europea - Universidad de Almer\u00eda\" \/>\n<meta property=\"article:publisher\" content=\"https:\/\/www.facebook.com\/cdeuniversidadalmeria\/\" \/>\n<meta property=\"article:published_time\" content=\"2019-06-17T06:00:04+00:00\" \/>\n<meta property=\"og:image\" content=\"https:\/\/www.cde.ual.es\/wp-content\/uploads\/2018\/10\/drc_smaller.png\" \/>\n\t<meta property=\"og:image:width\" content=\"693\" \/>\n\t<meta property=\"og:image:height\" content=\"300\" \/>\n\t<meta property=\"og:image:type\" content=\"image\/png\" \/>\n<meta name=\"author\" content=\"BECA 2 CDE\" \/>\n<meta name=\"twitter:card\" content=\"summary_large_image\" \/>\n<meta name=\"twitter:creator\" content=\"@cdeualmeria\" \/>\n<meta name=\"twitter:site\" content=\"@cdeualmeria\" \/>\n<meta name=\"twitter:label1\" content=\"Written by\" \/>\n\t<meta name=\"twitter:data1\" content=\"BECA 2 CDE\" \/>\n\t<meta name=\"twitter:label2\" content=\"Est. reading time\" \/>\n\t<meta name=\"twitter:data2\" content=\"2 minutes\" \/>\n<script type=\"application\/ld+json\" class=\"yoast-schema-graph\">{\"@context\":\"https:\\\/\\\/schema.org\",\"@graph\":[{\"@type\":\"Article\",\"@id\":\"https:\\\/\\\/www.cde.ual.es\\\/en\\\/ebola-eu-releases-additional-e3-5-million-to-tackle-epidemic\\\/#article\",\"isPartOf\":{\"@id\":\"https:\\\/\\\/www.cde.ual.es\\\/en\\\/ebola-eu-releases-additional-e3-5-million-to-tackle-epidemic\\\/\"},\"author\":{\"name\":\"BECA 2 CDE\",\"@id\":\"https:\\\/\\\/www.cde.ual.es\\\/#\\\/schema\\\/person\\\/ee46ebc19edfa19598c02cff83335acc\"},\"headline\":\"Ebola: EU releases additional \u20ac3.5 million to tackle epidemic\",\"datePublished\":\"2019-06-17T06:00:04+00:00\",\"mainEntityOfPage\":{\"@id\":\"https:\\\/\\\/www.cde.ual.es\\\/en\\\/ebola-eu-releases-additional-e3-5-million-to-tackle-epidemic\\\/\"},\"wordCount\":398,\"commentCount\":0,\"publisher\":{\"@id\":\"https:\\\/\\\/www.cde.ual.es\\\/#organization\"},\"image\":{\"@id\":\"https:\\\/\\\/www.cde.ual.es\\\/en\\\/ebola-eu-releases-additional-e3-5-million-to-tackle-epidemic\\\/#primaryimage\"},\"thumbnailUrl\":\"https:\\\/\\\/www.cde.ual.es\\\/wp-content\\\/uploads\\\/2018\\\/10\\\/drc_smaller.png\",\"keywords\":[\"health\",\"Humanitarian Aid\"],\"articleSection\":[\"EU News\"],\"inLanguage\":\"en-US\",\"potentialAction\":[{\"@type\":\"CommentAction\",\"name\":\"Comment\",\"target\":[\"https:\\\/\\\/www.cde.ual.es\\\/en\\\/ebola-eu-releases-additional-e3-5-million-to-tackle-epidemic\\\/#respond\"]}]},{\"@type\":\"WebPage\",\"@id\":\"https:\\\/\\\/www.cde.ual.es\\\/en\\\/ebola-eu-releases-additional-e3-5-million-to-tackle-epidemic\\\/\",\"url\":\"https:\\\/\\\/www.cde.ual.es\\\/en\\\/ebola-eu-releases-additional-e3-5-million-to-tackle-epidemic\\\/\",\"name\":\"Ebola: EU releases additional \u20ac3.5 million to tackle epidemic | CDE Almer\u00eda - Centro de Documentaci\u00f3n Europea - Universidad de Almer\u00eda\",\"isPartOf\":{\"@id\":\"https:\\\/\\\/www.cde.ual.es\\\/#website\"},\"primaryImageOfPage\":{\"@id\":\"https:\\\/\\\/www.cde.ual.es\\\/en\\\/ebola-eu-releases-additional-e3-5-million-to-tackle-epidemic\\\/#primaryimage\"},\"image\":{\"@id\":\"https:\\\/\\\/www.cde.ual.es\\\/en\\\/ebola-eu-releases-additional-e3-5-million-to-tackle-epidemic\\\/#primaryimage\"},\"thumbnailUrl\":\"https:\\\/\\\/www.cde.ual.es\\\/wp-content\\\/uploads\\\/2018\\\/10\\\/drc_smaller.png\",\"datePublished\":\"2019-06-17T06:00:04+00:00\",\"breadcrumb\":{\"@id\":\"https:\\\/\\\/www.cde.ual.es\\\/en\\\/ebola-eu-releases-additional-e3-5-million-to-tackle-epidemic\\\/#breadcrumb\"},\"inLanguage\":\"en-US\",\"potentialAction\":[{\"@type\":\"ReadAction\",\"target\":[\"https:\\\/\\\/www.cde.ual.es\\\/en\\\/ebola-eu-releases-additional-e3-5-million-to-tackle-epidemic\\\/\"]}]},{\"@type\":\"ImageObject\",\"inLanguage\":\"en-US\",\"@id\":\"https:\\\/\\\/www.cde.ual.es\\\/en\\\/ebola-eu-releases-additional-e3-5-million-to-tackle-epidemic\\\/#primaryimage\",\"url\":\"https:\\\/\\\/www.cde.ual.es\\\/wp-content\\\/uploads\\\/2018\\\/10\\\/drc_smaller.png\",\"contentUrl\":\"https:\\\/\\\/www.cde.ual.es\\\/wp-content\\\/uploads\\\/2018\\\/10\\\/drc_smaller.png\",\"width\":693,\"height\":300},{\"@type\":\"BreadcrumbList\",\"@id\":\"https:\\\/\\\/www.cde.ual.es\\\/en\\\/ebola-eu-releases-additional-e3-5-million-to-tackle-epidemic\\\/#breadcrumb\",\"itemListElement\":[{\"@type\":\"ListItem\",\"position\":1,\"name\":\"Inicio\",\"item\":\"https:\\\/\\\/www.cde.ual.es\\\/en\\\/\"},{\"@type\":\"ListItem\",\"position\":2,\"name\":\"EU News\",\"item\":\"https:\\\/\\\/www.cde.ual.es\\\/en\\\/category\\\/eu-news\\\/\"},{\"@type\":\"ListItem\",\"position\":3,\"name\":\"Ebola: EU releases additional \u20ac3.5 million to tackle epidemic\"}]},{\"@type\":\"WebSite\",\"@id\":\"https:\\\/\\\/www.cde.ual.es\\\/#website\",\"url\":\"https:\\\/\\\/www.cde.ual.es\\\/\",\"name\":\"CDE Almer\u00eda - Centro de Documentaci\u00f3n Europea - Universidad de Almer\u00eda\",\"description\":\"Centro de Documentaci\u00f3n Europea de la Universidad de Almer\u00eda\",\"publisher\":{\"@id\":\"https:\\\/\\\/www.cde.ual.es\\\/#organization\"},\"alternateName\":\"CDE Almer\u00eda\",\"potentialAction\":[{\"@type\":\"SearchAction\",\"target\":{\"@type\":\"EntryPoint\",\"urlTemplate\":\"https:\\\/\\\/www.cde.ual.es\\\/?s={search_term_string}\"},\"query-input\":{\"@type\":\"PropertyValueSpecification\",\"valueRequired\":true,\"valueName\":\"search_term_string\"}}],\"inLanguage\":\"en-US\"},{\"@type\":\"Organization\",\"@id\":\"https:\\\/\\\/www.cde.ual.es\\\/#organization\",\"name\":\"Centro de Documentaci\u00f3n Europea de Almer\u00eda\",\"url\":\"https:\\\/\\\/www.cde.ual.es\\\/\",\"logo\":{\"@type\":\"ImageObject\",\"inLanguage\":\"en-US\",\"@id\":\"https:\\\/\\\/www.cde.ual.es\\\/#\\\/schema\\\/logo\\\/image\\\/\",\"url\":\"https:\\\/\\\/www.cde.ual.es\\\/wp-content\\\/uploads\\\/2025\\\/07\\\/cde-logo-3.png\",\"contentUrl\":\"https:\\\/\\\/www.cde.ual.es\\\/wp-content\\\/uploads\\\/2025\\\/07\\\/cde-logo-3.png\",\"width\":1400,\"height\":300,\"caption\":\"Centro de Documentaci\u00f3n Europea de Almer\u00eda\"},\"image\":{\"@id\":\"https:\\\/\\\/www.cde.ual.es\\\/#\\\/schema\\\/logo\\\/image\\\/\"},\"sameAs\":[\"https:\\\/\\\/www.facebook.com\\\/cdeuniversidadalmeria\\\/\",\"https:\\\/\\\/x.com\\\/cdeualmeria\",\"https:\\\/\\\/www.tiktok.com\\\/@cdealmeria\",\"https:\\\/\\\/www.instagram.com\\\/cdealmeria\\\/\",\"https:\\\/\\\/www.linkedin.com\\\/in\\\/cde-almera-812b26a9\\\/\"]},{\"@type\":\"Person\",\"@id\":\"https:\\\/\\\/www.cde.ual.es\\\/#\\\/schema\\\/person\\\/ee46ebc19edfa19598c02cff83335acc\",\"name\":\"BECA 2 CDE\",\"image\":{\"@type\":\"ImageObject\",\"inLanguage\":\"en-US\",\"@id\":\"https:\\\/\\\/secure.gravatar.com\\\/avatar\\\/35a481bbc04bbd90e91bdfa3b0b5541036c222a49b9ad37b6889a2afcb5311a5?s=96&d=mm&r=g\",\"url\":\"https:\\\/\\\/secure.gravatar.com\\\/avatar\\\/35a481bbc04bbd90e91bdfa3b0b5541036c222a49b9ad37b6889a2afcb5311a5?s=96&d=mm&r=g\",\"contentUrl\":\"https:\\\/\\\/secure.gravatar.com\\\/avatar\\\/35a481bbc04bbd90e91bdfa3b0b5541036c222a49b9ad37b6889a2afcb5311a5?s=96&d=mm&r=g\",\"caption\":\"BECA 2 CDE\"},\"sameAs\":[\"http:\\\/\\\/www.cdealmeria.com\"]}]}<\/script>\n<!-- \/ Yoast SEO plugin. -->","yoast_head_json":{"title":"Ebola: EU releases additional \u20ac3.5 million to tackle epidemic | CDE Almer\u00eda - Centro de Documentaci\u00f3n Europea - Universidad de Almer\u00eda","robots":{"index":"index","follow":"follow","max-snippet":"max-snippet:-1","max-image-preview":"max-image-preview:large","max-video-preview":"max-video-preview:-1"},"canonical":"https:\/\/www.cde.ual.es\/en\/ebola-eu-releases-additional-e3-5-million-to-tackle-epidemic\/","og_locale":"en_US","og_type":"article","og_title":"Ebola: EU releases additional \u20ac3.5 million to tackle epidemic | CDE Almer\u00eda - Centro de Documentaci\u00f3n Europea - Universidad de Almer\u00eda","og_description":"As the deadly Ebola virus outbreak in the Democratic Republic of Congo continues, with the first cases emerging in neighbouring Uganda this week, the EU has announced further emergency funding of \u20ac3.5 million, of which \u20ac2.5 million is for Uganda and \u20ac1 million for South Sudan. The aid package will strengthen rapid detection and reaction [&hellip;]","og_url":"https:\/\/www.cde.ual.es\/en\/ebola-eu-releases-additional-e3-5-million-to-tackle-epidemic\/","og_site_name":"CDE Almer\u00eda - Centro de Documentaci\u00f3n Europea - Universidad de Almer\u00eda","article_publisher":"https:\/\/www.facebook.com\/cdeuniversidadalmeria\/","article_published_time":"2019-06-17T06:00:04+00:00","og_image":[{"width":693,"height":300,"url":"https:\/\/www.cde.ual.es\/wp-content\/uploads\/2018\/10\/drc_smaller.png","type":"image\/png"}],"author":"BECA 2 CDE","twitter_card":"summary_large_image","twitter_creator":"@cdeualmeria","twitter_site":"@cdeualmeria","twitter_misc":{"Written by":"BECA 2 CDE","Est. reading time":"2 minutes"},"schema":{"@context":"https:\/\/schema.org","@graph":[{"@type":"Article","@id":"https:\/\/www.cde.ual.es\/en\/ebola-eu-releases-additional-e3-5-million-to-tackle-epidemic\/#article","isPartOf":{"@id":"https:\/\/www.cde.ual.es\/en\/ebola-eu-releases-additional-e3-5-million-to-tackle-epidemic\/"},"author":{"name":"BECA 2 CDE","@id":"https:\/\/www.cde.ual.es\/#\/schema\/person\/ee46ebc19edfa19598c02cff83335acc"},"headline":"Ebola: EU releases additional \u20ac3.5 million to tackle epidemic","datePublished":"2019-06-17T06:00:04+00:00","mainEntityOfPage":{"@id":"https:\/\/www.cde.ual.es\/en\/ebola-eu-releases-additional-e3-5-million-to-tackle-epidemic\/"},"wordCount":398,"commentCount":0,"publisher":{"@id":"https:\/\/www.cde.ual.es\/#organization"},"image":{"@id":"https:\/\/www.cde.ual.es\/en\/ebola-eu-releases-additional-e3-5-million-to-tackle-epidemic\/#primaryimage"},"thumbnailUrl":"https:\/\/www.cde.ual.es\/wp-content\/uploads\/2018\/10\/drc_smaller.png","keywords":["health","Humanitarian Aid"],"articleSection":["EU News"],"inLanguage":"en-US","potentialAction":[{"@type":"CommentAction","name":"Comment","target":["https:\/\/www.cde.ual.es\/en\/ebola-eu-releases-additional-e3-5-million-to-tackle-epidemic\/#respond"]}]},{"@type":"WebPage","@id":"https:\/\/www.cde.ual.es\/en\/ebola-eu-releases-additional-e3-5-million-to-tackle-epidemic\/","url":"https:\/\/www.cde.ual.es\/en\/ebola-eu-releases-additional-e3-5-million-to-tackle-epidemic\/","name":"Ebola: EU releases additional \u20ac3.5 million to tackle epidemic | CDE Almer\u00eda - Centro de Documentaci\u00f3n Europea - Universidad de Almer\u00eda","isPartOf":{"@id":"https:\/\/www.cde.ual.es\/#website"},"primaryImageOfPage":{"@id":"https:\/\/www.cde.ual.es\/en\/ebola-eu-releases-additional-e3-5-million-to-tackle-epidemic\/#primaryimage"},"image":{"@id":"https:\/\/www.cde.ual.es\/en\/ebola-eu-releases-additional-e3-5-million-to-tackle-epidemic\/#primaryimage"},"thumbnailUrl":"https:\/\/www.cde.ual.es\/wp-content\/uploads\/2018\/10\/drc_smaller.png","datePublished":"2019-06-17T06:00:04+00:00","breadcrumb":{"@id":"https:\/\/www.cde.ual.es\/en\/ebola-eu-releases-additional-e3-5-million-to-tackle-epidemic\/#breadcrumb"},"inLanguage":"en-US","potentialAction":[{"@type":"ReadAction","target":["https:\/\/www.cde.ual.es\/en\/ebola-eu-releases-additional-e3-5-million-to-tackle-epidemic\/"]}]},{"@type":"ImageObject","inLanguage":"en-US","@id":"https:\/\/www.cde.ual.es\/en\/ebola-eu-releases-additional-e3-5-million-to-tackle-epidemic\/#primaryimage","url":"https:\/\/www.cde.ual.es\/wp-content\/uploads\/2018\/10\/drc_smaller.png","contentUrl":"https:\/\/www.cde.ual.es\/wp-content\/uploads\/2018\/10\/drc_smaller.png","width":693,"height":300},{"@type":"BreadcrumbList","@id":"https:\/\/www.cde.ual.es\/en\/ebola-eu-releases-additional-e3-5-million-to-tackle-epidemic\/#breadcrumb","itemListElement":[{"@type":"ListItem","position":1,"name":"Inicio","item":"https:\/\/www.cde.ual.es\/en\/"},{"@type":"ListItem","position":2,"name":"EU News","item":"https:\/\/www.cde.ual.es\/en\/category\/eu-news\/"},{"@type":"ListItem","position":3,"name":"Ebola: EU releases additional \u20ac3.5 million to tackle epidemic"}]},{"@type":"WebSite","@id":"https:\/\/www.cde.ual.es\/#website","url":"https:\/\/www.cde.ual.es\/","name":"CDE Almer\u00eda - Centro de Documentaci\u00f3n Europea - Universidad de Almer\u00eda","description":"Centro de Documentaci\u00f3n Europea de la Universidad de Almer\u00eda","publisher":{"@id":"https:\/\/www.cde.ual.es\/#organization"},"alternateName":"CDE Almer\u00eda","potentialAction":[{"@type":"SearchAction","target":{"@type":"EntryPoint","urlTemplate":"https:\/\/www.cde.ual.es\/?s={search_term_string}"},"query-input":{"@type":"PropertyValueSpecification","valueRequired":true,"valueName":"search_term_string"}}],"inLanguage":"en-US"},{"@type":"Organization","@id":"https:\/\/www.cde.ual.es\/#organization","name":"Centro de Documentaci\u00f3n Europea de Almer\u00eda","url":"https:\/\/www.cde.ual.es\/","logo":{"@type":"ImageObject","inLanguage":"en-US","@id":"https:\/\/www.cde.ual.es\/#\/schema\/logo\/image\/","url":"https:\/\/www.cde.ual.es\/wp-content\/uploads\/2025\/07\/cde-logo-3.png","contentUrl":"https:\/\/www.cde.ual.es\/wp-content\/uploads\/2025\/07\/cde-logo-3.png","width":1400,"height":300,"caption":"Centro de Documentaci\u00f3n Europea de Almer\u00eda"},"image":{"@id":"https:\/\/www.cde.ual.es\/#\/schema\/logo\/image\/"},"sameAs":["https:\/\/www.facebook.com\/cdeuniversidadalmeria\/","https:\/\/x.com\/cdeualmeria","https:\/\/www.tiktok.com\/@cdealmeria","https:\/\/www.instagram.com\/cdealmeria\/","https:\/\/www.linkedin.com\/in\/cde-almera-812b26a9\/"]},{"@type":"Person","@id":"https:\/\/www.cde.ual.es\/#\/schema\/person\/ee46ebc19edfa19598c02cff83335acc","name":"BECA 2 CDE","image":{"@type":"ImageObject","inLanguage":"en-US","@id":"https:\/\/secure.gravatar.com\/avatar\/35a481bbc04bbd90e91bdfa3b0b5541036c222a49b9ad37b6889a2afcb5311a5?s=96&d=mm&r=g","url":"https:\/\/secure.gravatar.com\/avatar\/35a481bbc04bbd90e91bdfa3b0b5541036c222a49b9ad37b6889a2afcb5311a5?s=96&d=mm&r=g","contentUrl":"https:\/\/secure.gravatar.com\/avatar\/35a481bbc04bbd90e91bdfa3b0b5541036c222a49b9ad37b6889a2afcb5311a5?s=96&d=mm&r=g","caption":"BECA 2 CDE"},"sameAs":["http:\/\/www.cdealmeria.com"]}]}},"_links":{"self":[{"href":"https:\/\/www.cde.ual.es\/en\/wp-json\/wp\/v2\/posts\/19750","targetHints":{"allow":["GET"]}}],"collection":[{"href":"https:\/\/www.cde.ual.es\/en\/wp-json\/wp\/v2\/posts"}],"about":[{"href":"https:\/\/www.cde.ual.es\/en\/wp-json\/wp\/v2\/types\/post"}],"author":[{"embeddable":true,"href":"https:\/\/www.cde.ual.es\/en\/wp-json\/wp\/v2\/users\/101011"}],"replies":[{"embeddable":true,"href":"https:\/\/www.cde.ual.es\/en\/wp-json\/wp\/v2\/comments?post=19750"}],"version-history":[{"count":0,"href":"https:\/\/www.cde.ual.es\/en\/wp-json\/wp\/v2\/posts\/19750\/revisions"}],"wp:featuredmedia":[{"embeddable":true,"href":"https:\/\/www.cde.ual.es\/en\/wp-json\/wp\/v2\/media\/17428"}],"wp:attachment":[{"href":"https:\/\/www.cde.ual.es\/en\/wp-json\/wp\/v2\/media?parent=19750"}],"wp:term":[{"taxonomy":"category","embeddable":true,"href":"https:\/\/www.cde.ual.es\/en\/wp-json\/wp\/v2\/categories?post=19750"},{"taxonomy":"post_tag","embeddable":true,"href":"https:\/\/www.cde.ual.es\/en\/wp-json\/wp\/v2\/tags?post=19750"}],"curies":[{"name":"wp","href":"https:\/\/api.w.org\/{rel}","templated":true}]}}