{"id":19574,"date":"2019-06-12T08:00:23","date_gmt":"2019-06-12T06:00:23","guid":{"rendered":"https:\/\/www.cde.ual.es\/?p=19574"},"modified":"2019-06-11T13:23:17","modified_gmt":"2019-06-11T11:23:17","slug":"humanitarian-aid-over-e152-million-for-africas-sahel-region","status":"publish","type":"post","link":"https:\/\/www.cde.ual.es\/en\/humanitarian-aid-over-e152-million-for-africas-sahel-region\/","title":{"rendered":"Humanitarian Aid: over \u20ac152 million for Africa&#8217;s Sahel region"},"content":{"rendered":"<p style=\"text-align: center;\"><a href=\"https:\/\/www.cde.ual.es\/wp-content\/uploads\/2019\/06\/sahel.jpg\"><img decoding=\"async\" class=\"alignnone size-medium wp-image-19572\" src=\"https:\/\/www.cde.ual.es\/wp-content\/uploads\/2019\/06\/sahel-300x130.jpg\" alt=\"\" width=\"300\" height=\"130\" srcset=\"https:\/\/www.cde.ual.es\/wp-content\/uploads\/2019\/06\/sahel-300x130.jpg 300w, https:\/\/www.cde.ual.es\/wp-content\/uploads\/2019\/06\/sahel.jpg 693w\" sizes=\"(max-width: 300px) 100vw, 300px\" \/><\/a><\/p>\n<p><em><strong>As countries in the Sahel continue to suffer from armed conflicts, climate change, and a food and nutrition crisis, the EU is providing \u20ac152.05 million to bring relief to people in need in the region.<\/strong> <\/em><\/p>\n<p>Combined with last year&#8217;s funding, humanitarian assistance to the Sahel has been supported with over \u20ac423 million in EU aid, making the EU a leading donor in the region.<\/p>\n<p>EU funding from this aid package provides humanitarian assistance in the following seven countries:\u00a0<strong>Burkina Faso<\/strong>\u00a0(\u20ac15.7 million),\u00a0<strong>Cameroon\u00a0<\/strong>(\u20ac17.8 million),\u00a0<strong>Chad\u00a0<\/strong>(\u20ac27.2 million),\u00a0<strong>Mali\u00a0<\/strong>(23.55 million),\u00a0<strong>Mauritania<\/strong>\u00a0(\u20ac11.15 million),\u00a0<strong>Niger<\/strong>\u00a0(\u20ac23.15 million) and\u00a0<strong>Nigeria\u00a0<\/strong>(\u20ac28 million). An additional \u20ac5.5 million is allocated to a regional project that fights malnutrition in Burkina Faso, Mali, Mauritania, and Niger.<\/p>\n<h3><strong>How EU aid helps<\/strong><\/h3>\n<ul>\n<li><strong>Food security:<\/strong>\u00a0Lack of sufficient rainfall, scarce vegetation, and high food prices persist in some areas of the Sahel. EU humanitarian aid continues to go towards giving food assistance, health care and water to vulnerable households, especially in the most critical months of the year in-between harvests, where food reserves are severely depleted.<\/li>\n<\/ul>\n<ul>\n<li><strong>Healthcare:<\/strong>\u00a0In a region where nearly 3 million children under the age of five are at risk of severe acute malnutrition, another priority of EU humanitarian support is the prevention and treatment of this life-threatening condition. EU funding also helps awareness-raising about early diagnosis, support to the health system, and the supply of therapeutic foods and essential medicines for undernourished children.<\/li>\n<\/ul>\n<ul>\n<li><strong>Preparedness:<\/strong>\u00a0EU support also strengthens communities&#8217; preparedness and quick response in risk-prone areas, especially as concerns food crises, people displacement, natural disasters and epidemics. By linking humanitarian and development support, the EU is also contributing to measures aimed at building long-term community resilience.<\/li>\n<\/ul>\n<h3><strong>Background<\/strong><\/h3>\n<p>The\u00a0<a href=\"https:\/\/ec.europa.eu\/echo\/where\/africa\/sahel_en\">Sahel<\/a>\u00a0region is marked by extreme vulnerability and poverty. Regional and inter-community armed conflicts trigger mass displacements of people. Violence makes it impossible for people to access their fields or go to markets. It also disrupts the functioning and access to basic social services. At the same time, a succession of droughts have stifled communities&#8217; ability to recover from food shortages. 4.4 million people in the region are in forced displacement, while 10.45 million people are estimated to be in need of emergency food assistance in 2019.<\/p>\n<h3><strong>For more information<\/strong><\/h3>\n<p><a href=\"http:\/\/europa.eu\/rapid\/press-release_IP-19-2830_en.htm\">Press release<\/a><\/p>\n<p><a href=\"https:\/\/ec.europa.eu\/echo\/where\/africa\/sahel_en\">Factsheet &#8211; Sahel<\/a><\/p>\n","protected":false},"excerpt":{"rendered":"<p>As countries in the Sahel continue to suffer from armed conflicts, climate change, and a food and nutrition crisis, the EU is providing \u20ac152.05 million to bring relief to people in need in the region. Combined with last year&#8217;s funding, humanitarian assistance to the Sahel has been supported with over \u20ac423 million in EU aid, [&hellip;]<\/p>\n","protected":false},"author":1,"featured_media":19572,"comment_status":"open","ping_status":"open","sticky":false,"template":"","format":"standard","meta":{"_acf_changed":false,"_relevanssi_hide_post":"","_relevanssi_hide_content":"","_relevanssi_pin_for_all":"","_relevanssi_pin_keywords":"","_relevanssi_unpin_keywords":"","_relevanssi_related_keywords":"","_relevanssi_related_include_ids":"","_relevanssi_related_exclude_ids":"","_relevanssi_related_no_append":"","_relevanssi_related_not_related":"","_relevanssi_related_posts":"","_relevanssi_noindex_reason":"","_monsterinsights_skip_tracking":false,"_monsterinsights_sitenote_active":false,"_monsterinsights_sitenote_note":"","_monsterinsights_sitenote_category":0,"_genesis_hide_title":false,"_genesis_hide_breadcrumbs":false,"_genesis_hide_singular_image":false,"_genesis_hide_footer_widgets":false,"_genesis_custom_body_class":"","_genesis_custom_post_class":"","_genesis_layout":"","footnotes":""},"categories":[346],"tags":[370],"class_list":{"0":"post-19574","1":"post","2":"type-post","3":"status-publish","4":"format-standard","5":"has-post-thumbnail","7":"category-eu-news","8":"tag-humanitarian-aid","9":"entry"},"acf":[],"yoast_head":"<!-- This site is optimized with the Yoast SEO plugin v27.5 - https:\/\/yoast.com\/product\/yoast-seo-wordpress\/ -->\n<title>Humanitarian Aid: over \u20ac152 million for Africa&#039;s Sahel region | CDE Almer\u00eda - Centro de Documentaci\u00f3n Europea - Universidad de Almer\u00eda<\/title>\n<meta name=\"robots\" content=\"index, follow, max-snippet:-1, max-image-preview:large, max-video-preview:-1\" \/>\n<link rel=\"canonical\" href=\"https:\/\/www.cde.ual.es\/en\/humanitarian-aid-over-e152-million-for-africas-sahel-region\/\" \/>\n<meta property=\"og:locale\" content=\"en_US\" \/>\n<meta property=\"og:type\" content=\"article\" \/>\n<meta property=\"og:title\" content=\"Humanitarian Aid: over \u20ac152 million for Africa&#039;s Sahel region | CDE Almer\u00eda - Centro de Documentaci\u00f3n Europea - Universidad de Almer\u00eda\" \/>\n<meta property=\"og:description\" content=\"As countries in the Sahel continue to suffer from armed conflicts, climate change, and a food and nutrition crisis, the EU is providing \u20ac152.05 million to bring relief to people in need in the region. Combined with last year&#8217;s funding, humanitarian assistance to the Sahel has been supported with over \u20ac423 million in EU aid, [&hellip;]\" \/>\n<meta property=\"og:url\" content=\"https:\/\/www.cde.ual.es\/en\/humanitarian-aid-over-e152-million-for-africas-sahel-region\/\" \/>\n<meta property=\"og:site_name\" content=\"CDE Almer\u00eda - Centro de Documentaci\u00f3n Europea - Universidad de Almer\u00eda\" \/>\n<meta property=\"article:publisher\" content=\"https:\/\/www.facebook.com\/cdeuniversidadalmeria\/\" \/>\n<meta property=\"article:published_time\" content=\"2019-06-12T06:00:23+00:00\" \/>\n<meta property=\"og:image\" content=\"https:\/\/www.cde.ual.es\/wp-content\/uploads\/2019\/06\/sahel.jpg\" \/>\n\t<meta property=\"og:image:width\" content=\"693\" \/>\n\t<meta property=\"og:image:height\" content=\"300\" \/>\n\t<meta property=\"og:image:type\" content=\"image\/jpeg\" \/>\n<meta name=\"author\" content=\"AdminCDE\" \/>\n<meta name=\"twitter:card\" content=\"summary_large_image\" \/>\n<meta name=\"twitter:creator\" content=\"@cdeualmeria\" \/>\n<meta name=\"twitter:site\" content=\"@cdeualmeria\" \/>\n<meta name=\"twitter:label1\" content=\"Written by\" \/>\n\t<meta name=\"twitter:data1\" content=\"AdminCDE\" \/>\n\t<meta name=\"twitter:label2\" content=\"Est. reading time\" \/>\n\t<meta name=\"twitter:data2\" content=\"2 minutes\" \/>\n<script type=\"application\/ld+json\" class=\"yoast-schema-graph\">{\"@context\":\"https:\\\/\\\/schema.org\",\"@graph\":[{\"@type\":\"Article\",\"@id\":\"https:\\\/\\\/www.cde.ual.es\\\/en\\\/humanitarian-aid-over-e152-million-for-africas-sahel-region\\\/#article\",\"isPartOf\":{\"@id\":\"https:\\\/\\\/www.cde.ual.es\\\/en\\\/humanitarian-aid-over-e152-million-for-africas-sahel-region\\\/\"},\"author\":{\"name\":\"AdminCDE\",\"@id\":\"https:\\\/\\\/www.cde.ual.es\\\/#\\\/schema\\\/person\\\/224ef08c8bcc005f319d2713ce37ee5f\"},\"headline\":\"Humanitarian Aid: over \u20ac152 million for Africa&#8217;s Sahel region\",\"datePublished\":\"2019-06-12T06:00:23+00:00\",\"mainEntityOfPage\":{\"@id\":\"https:\\\/\\\/www.cde.ual.es\\\/en\\\/humanitarian-aid-over-e152-million-for-africas-sahel-region\\\/\"},\"wordCount\":375,\"commentCount\":0,\"publisher\":{\"@id\":\"https:\\\/\\\/www.cde.ual.es\\\/#organization\"},\"image\":{\"@id\":\"https:\\\/\\\/www.cde.ual.es\\\/en\\\/humanitarian-aid-over-e152-million-for-africas-sahel-region\\\/#primaryimage\"},\"thumbnailUrl\":\"https:\\\/\\\/www.cde.ual.es\\\/wp-content\\\/uploads\\\/2019\\\/06\\\/sahel.jpg\",\"keywords\":[\"Humanitarian Aid\"],\"articleSection\":[\"EU News\"],\"inLanguage\":\"en-US\",\"potentialAction\":[{\"@type\":\"CommentAction\",\"name\":\"Comment\",\"target\":[\"https:\\\/\\\/www.cde.ual.es\\\/en\\\/humanitarian-aid-over-e152-million-for-africas-sahel-region\\\/#respond\"]}]},{\"@type\":\"WebPage\",\"@id\":\"https:\\\/\\\/www.cde.ual.es\\\/en\\\/humanitarian-aid-over-e152-million-for-africas-sahel-region\\\/\",\"url\":\"https:\\\/\\\/www.cde.ual.es\\\/en\\\/humanitarian-aid-over-e152-million-for-africas-sahel-region\\\/\",\"name\":\"Humanitarian Aid: over \u20ac152 million for Africa's Sahel region | CDE Almer\u00eda - Centro de Documentaci\u00f3n Europea - Universidad de Almer\u00eda\",\"isPartOf\":{\"@id\":\"https:\\\/\\\/www.cde.ual.es\\\/#website\"},\"primaryImageOfPage\":{\"@id\":\"https:\\\/\\\/www.cde.ual.es\\\/en\\\/humanitarian-aid-over-e152-million-for-africas-sahel-region\\\/#primaryimage\"},\"image\":{\"@id\":\"https:\\\/\\\/www.cde.ual.es\\\/en\\\/humanitarian-aid-over-e152-million-for-africas-sahel-region\\\/#primaryimage\"},\"thumbnailUrl\":\"https:\\\/\\\/www.cde.ual.es\\\/wp-content\\\/uploads\\\/2019\\\/06\\\/sahel.jpg\",\"datePublished\":\"2019-06-12T06:00:23+00:00\",\"breadcrumb\":{\"@id\":\"https:\\\/\\\/www.cde.ual.es\\\/en\\\/humanitarian-aid-over-e152-million-for-africas-sahel-region\\\/#breadcrumb\"},\"inLanguage\":\"en-US\",\"potentialAction\":[{\"@type\":\"ReadAction\",\"target\":[\"https:\\\/\\\/www.cde.ual.es\\\/en\\\/humanitarian-aid-over-e152-million-for-africas-sahel-region\\\/\"]}]},{\"@type\":\"ImageObject\",\"inLanguage\":\"en-US\",\"@id\":\"https:\\\/\\\/www.cde.ual.es\\\/en\\\/humanitarian-aid-over-e152-million-for-africas-sahel-region\\\/#primaryimage\",\"url\":\"https:\\\/\\\/www.cde.ual.es\\\/wp-content\\\/uploads\\\/2019\\\/06\\\/sahel.jpg\",\"contentUrl\":\"https:\\\/\\\/www.cde.ual.es\\\/wp-content\\\/uploads\\\/2019\\\/06\\\/sahel.jpg\",\"width\":693,\"height\":300},{\"@type\":\"BreadcrumbList\",\"@id\":\"https:\\\/\\\/www.cde.ual.es\\\/en\\\/humanitarian-aid-over-e152-million-for-africas-sahel-region\\\/#breadcrumb\",\"itemListElement\":[{\"@type\":\"ListItem\",\"position\":1,\"name\":\"Inicio\",\"item\":\"https:\\\/\\\/www.cde.ual.es\\\/en\\\/\"},{\"@type\":\"ListItem\",\"position\":2,\"name\":\"EU News\",\"item\":\"https:\\\/\\\/www.cde.ual.es\\\/en\\\/category\\\/eu-news\\\/\"},{\"@type\":\"ListItem\",\"position\":3,\"name\":\"Humanitarian Aid: over \u20ac152 million for Africa&#8217;s Sahel region\"}]},{\"@type\":\"WebSite\",\"@id\":\"https:\\\/\\\/www.cde.ual.es\\\/#website\",\"url\":\"https:\\\/\\\/www.cde.ual.es\\\/\",\"name\":\"CDE Almer\u00eda - Centro de Documentaci\u00f3n Europea - Universidad de Almer\u00eda\",\"description\":\"Centro de Documentaci\u00f3n Europea de la Universidad de Almer\u00eda\",\"publisher\":{\"@id\":\"https:\\\/\\\/www.cde.ual.es\\\/#organization\"},\"alternateName\":\"CDE Almer\u00eda\",\"potentialAction\":[{\"@type\":\"SearchAction\",\"target\":{\"@type\":\"EntryPoint\",\"urlTemplate\":\"https:\\\/\\\/www.cde.ual.es\\\/?s={search_term_string}\"},\"query-input\":{\"@type\":\"PropertyValueSpecification\",\"valueRequired\":true,\"valueName\":\"search_term_string\"}}],\"inLanguage\":\"en-US\"},{\"@type\":\"Organization\",\"@id\":\"https:\\\/\\\/www.cde.ual.es\\\/#organization\",\"name\":\"Centro de Documentaci\u00f3n Europea de Almer\u00eda\",\"url\":\"https:\\\/\\\/www.cde.ual.es\\\/\",\"logo\":{\"@type\":\"ImageObject\",\"inLanguage\":\"en-US\",\"@id\":\"https:\\\/\\\/www.cde.ual.es\\\/#\\\/schema\\\/logo\\\/image\\\/\",\"url\":\"https:\\\/\\\/www.cde.ual.es\\\/wp-content\\\/uploads\\\/2025\\\/07\\\/cde-logo-3.png\",\"contentUrl\":\"https:\\\/\\\/www.cde.ual.es\\\/wp-content\\\/uploads\\\/2025\\\/07\\\/cde-logo-3.png\",\"width\":1400,\"height\":300,\"caption\":\"Centro de Documentaci\u00f3n Europea de Almer\u00eda\"},\"image\":{\"@id\":\"https:\\\/\\\/www.cde.ual.es\\\/#\\\/schema\\\/logo\\\/image\\\/\"},\"sameAs\":[\"https:\\\/\\\/www.facebook.com\\\/cdeuniversidadalmeria\\\/\",\"https:\\\/\\\/x.com\\\/cdeualmeria\",\"https:\\\/\\\/www.tiktok.com\\\/@cdealmeria\",\"https:\\\/\\\/www.instagram.com\\\/cdealmeria\\\/\",\"https:\\\/\\\/www.linkedin.com\\\/in\\\/cde-almera-812b26a9\\\/\"]},{\"@type\":\"Person\",\"@id\":\"https:\\\/\\\/www.cde.ual.es\\\/#\\\/schema\\\/person\\\/224ef08c8bcc005f319d2713ce37ee5f\",\"name\":\"AdminCDE\",\"image\":{\"@type\":\"ImageObject\",\"inLanguage\":\"en-US\",\"@id\":\"https:\\\/\\\/secure.gravatar.com\\\/avatar\\\/a72d038d371f995cd13706fac32274b7952a52e8fb0a84b5f80c85426f2a98a8?s=96&d=mm&r=g\",\"url\":\"https:\\\/\\\/secure.gravatar.com\\\/avatar\\\/a72d038d371f995cd13706fac32274b7952a52e8fb0a84b5f80c85426f2a98a8?s=96&d=mm&r=g\",\"contentUrl\":\"https:\\\/\\\/secure.gravatar.com\\\/avatar\\\/a72d038d371f995cd13706fac32274b7952a52e8fb0a84b5f80c85426f2a98a8?s=96&d=mm&r=g\",\"caption\":\"AdminCDE\"}}]}<\/script>\n<!-- \/ Yoast SEO plugin. -->","yoast_head_json":{"title":"Humanitarian Aid: over \u20ac152 million for Africa's Sahel region | CDE Almer\u00eda - Centro de Documentaci\u00f3n Europea - Universidad de Almer\u00eda","robots":{"index":"index","follow":"follow","max-snippet":"max-snippet:-1","max-image-preview":"max-image-preview:large","max-video-preview":"max-video-preview:-1"},"canonical":"https:\/\/www.cde.ual.es\/en\/humanitarian-aid-over-e152-million-for-africas-sahel-region\/","og_locale":"en_US","og_type":"article","og_title":"Humanitarian Aid: over \u20ac152 million for Africa's Sahel region | CDE Almer\u00eda - Centro de Documentaci\u00f3n Europea - Universidad de Almer\u00eda","og_description":"As countries in the Sahel continue to suffer from armed conflicts, climate change, and a food and nutrition crisis, the EU is providing \u20ac152.05 million to bring relief to people in need in the region. Combined with last year&#8217;s funding, humanitarian assistance to the Sahel has been supported with over \u20ac423 million in EU aid, [&hellip;]","og_url":"https:\/\/www.cde.ual.es\/en\/humanitarian-aid-over-e152-million-for-africas-sahel-region\/","og_site_name":"CDE Almer\u00eda - Centro de Documentaci\u00f3n Europea - Universidad de Almer\u00eda","article_publisher":"https:\/\/www.facebook.com\/cdeuniversidadalmeria\/","article_published_time":"2019-06-12T06:00:23+00:00","og_image":[{"width":693,"height":300,"url":"https:\/\/www.cde.ual.es\/wp-content\/uploads\/2019\/06\/sahel.jpg","type":"image\/jpeg"}],"author":"AdminCDE","twitter_card":"summary_large_image","twitter_creator":"@cdeualmeria","twitter_site":"@cdeualmeria","twitter_misc":{"Written by":"AdminCDE","Est. reading time":"2 minutes"},"schema":{"@context":"https:\/\/schema.org","@graph":[{"@type":"Article","@id":"https:\/\/www.cde.ual.es\/en\/humanitarian-aid-over-e152-million-for-africas-sahel-region\/#article","isPartOf":{"@id":"https:\/\/www.cde.ual.es\/en\/humanitarian-aid-over-e152-million-for-africas-sahel-region\/"},"author":{"name":"AdminCDE","@id":"https:\/\/www.cde.ual.es\/#\/schema\/person\/224ef08c8bcc005f319d2713ce37ee5f"},"headline":"Humanitarian Aid: over \u20ac152 million for Africa&#8217;s Sahel region","datePublished":"2019-06-12T06:00:23+00:00","mainEntityOfPage":{"@id":"https:\/\/www.cde.ual.es\/en\/humanitarian-aid-over-e152-million-for-africas-sahel-region\/"},"wordCount":375,"commentCount":0,"publisher":{"@id":"https:\/\/www.cde.ual.es\/#organization"},"image":{"@id":"https:\/\/www.cde.ual.es\/en\/humanitarian-aid-over-e152-million-for-africas-sahel-region\/#primaryimage"},"thumbnailUrl":"https:\/\/www.cde.ual.es\/wp-content\/uploads\/2019\/06\/sahel.jpg","keywords":["Humanitarian Aid"],"articleSection":["EU News"],"inLanguage":"en-US","potentialAction":[{"@type":"CommentAction","name":"Comment","target":["https:\/\/www.cde.ual.es\/en\/humanitarian-aid-over-e152-million-for-africas-sahel-region\/#respond"]}]},{"@type":"WebPage","@id":"https:\/\/www.cde.ual.es\/en\/humanitarian-aid-over-e152-million-for-africas-sahel-region\/","url":"https:\/\/www.cde.ual.es\/en\/humanitarian-aid-over-e152-million-for-africas-sahel-region\/","name":"Humanitarian Aid: over \u20ac152 million for Africa's Sahel region | CDE Almer\u00eda - Centro de Documentaci\u00f3n Europea - Universidad de Almer\u00eda","isPartOf":{"@id":"https:\/\/www.cde.ual.es\/#website"},"primaryImageOfPage":{"@id":"https:\/\/www.cde.ual.es\/en\/humanitarian-aid-over-e152-million-for-africas-sahel-region\/#primaryimage"},"image":{"@id":"https:\/\/www.cde.ual.es\/en\/humanitarian-aid-over-e152-million-for-africas-sahel-region\/#primaryimage"},"thumbnailUrl":"https:\/\/www.cde.ual.es\/wp-content\/uploads\/2019\/06\/sahel.jpg","datePublished":"2019-06-12T06:00:23+00:00","breadcrumb":{"@id":"https:\/\/www.cde.ual.es\/en\/humanitarian-aid-over-e152-million-for-africas-sahel-region\/#breadcrumb"},"inLanguage":"en-US","potentialAction":[{"@type":"ReadAction","target":["https:\/\/www.cde.ual.es\/en\/humanitarian-aid-over-e152-million-for-africas-sahel-region\/"]}]},{"@type":"ImageObject","inLanguage":"en-US","@id":"https:\/\/www.cde.ual.es\/en\/humanitarian-aid-over-e152-million-for-africas-sahel-region\/#primaryimage","url":"https:\/\/www.cde.ual.es\/wp-content\/uploads\/2019\/06\/sahel.jpg","contentUrl":"https:\/\/www.cde.ual.es\/wp-content\/uploads\/2019\/06\/sahel.jpg","width":693,"height":300},{"@type":"BreadcrumbList","@id":"https:\/\/www.cde.ual.es\/en\/humanitarian-aid-over-e152-million-for-africas-sahel-region\/#breadcrumb","itemListElement":[{"@type":"ListItem","position":1,"name":"Inicio","item":"https:\/\/www.cde.ual.es\/en\/"},{"@type":"ListItem","position":2,"name":"EU News","item":"https:\/\/www.cde.ual.es\/en\/category\/eu-news\/"},{"@type":"ListItem","position":3,"name":"Humanitarian Aid: over \u20ac152 million for Africa&#8217;s Sahel region"}]},{"@type":"WebSite","@id":"https:\/\/www.cde.ual.es\/#website","url":"https:\/\/www.cde.ual.es\/","name":"CDE Almer\u00eda - Centro de Documentaci\u00f3n Europea - Universidad de Almer\u00eda","description":"Centro de Documentaci\u00f3n Europea de la Universidad de Almer\u00eda","publisher":{"@id":"https:\/\/www.cde.ual.es\/#organization"},"alternateName":"CDE Almer\u00eda","potentialAction":[{"@type":"SearchAction","target":{"@type":"EntryPoint","urlTemplate":"https:\/\/www.cde.ual.es\/?s={search_term_string}"},"query-input":{"@type":"PropertyValueSpecification","valueRequired":true,"valueName":"search_term_string"}}],"inLanguage":"en-US"},{"@type":"Organization","@id":"https:\/\/www.cde.ual.es\/#organization","name":"Centro de Documentaci\u00f3n Europea de Almer\u00eda","url":"https:\/\/www.cde.ual.es\/","logo":{"@type":"ImageObject","inLanguage":"en-US","@id":"https:\/\/www.cde.ual.es\/#\/schema\/logo\/image\/","url":"https:\/\/www.cde.ual.es\/wp-content\/uploads\/2025\/07\/cde-logo-3.png","contentUrl":"https:\/\/www.cde.ual.es\/wp-content\/uploads\/2025\/07\/cde-logo-3.png","width":1400,"height":300,"caption":"Centro de Documentaci\u00f3n Europea de Almer\u00eda"},"image":{"@id":"https:\/\/www.cde.ual.es\/#\/schema\/logo\/image\/"},"sameAs":["https:\/\/www.facebook.com\/cdeuniversidadalmeria\/","https:\/\/x.com\/cdeualmeria","https:\/\/www.tiktok.com\/@cdealmeria","https:\/\/www.instagram.com\/cdealmeria\/","https:\/\/www.linkedin.com\/in\/cde-almera-812b26a9\/"]},{"@type":"Person","@id":"https:\/\/www.cde.ual.es\/#\/schema\/person\/224ef08c8bcc005f319d2713ce37ee5f","name":"AdminCDE","image":{"@type":"ImageObject","inLanguage":"en-US","@id":"https:\/\/secure.gravatar.com\/avatar\/a72d038d371f995cd13706fac32274b7952a52e8fb0a84b5f80c85426f2a98a8?s=96&d=mm&r=g","url":"https:\/\/secure.gravatar.com\/avatar\/a72d038d371f995cd13706fac32274b7952a52e8fb0a84b5f80c85426f2a98a8?s=96&d=mm&r=g","contentUrl":"https:\/\/secure.gravatar.com\/avatar\/a72d038d371f995cd13706fac32274b7952a52e8fb0a84b5f80c85426f2a98a8?s=96&d=mm&r=g","caption":"AdminCDE"}}]}},"_links":{"self":[{"href":"https:\/\/www.cde.ual.es\/en\/wp-json\/wp\/v2\/posts\/19574","targetHints":{"allow":["GET"]}}],"collection":[{"href":"https:\/\/www.cde.ual.es\/en\/wp-json\/wp\/v2\/posts"}],"about":[{"href":"https:\/\/www.cde.ual.es\/en\/wp-json\/wp\/v2\/types\/post"}],"author":[{"embeddable":true,"href":"https:\/\/www.cde.ual.es\/en\/wp-json\/wp\/v2\/users\/1"}],"replies":[{"embeddable":true,"href":"https:\/\/www.cde.ual.es\/en\/wp-json\/wp\/v2\/comments?post=19574"}],"version-history":[{"count":0,"href":"https:\/\/www.cde.ual.es\/en\/wp-json\/wp\/v2\/posts\/19574\/revisions"}],"wp:featuredmedia":[{"embeddable":true,"href":"https:\/\/www.cde.ual.es\/en\/wp-json\/wp\/v2\/media\/19572"}],"wp:attachment":[{"href":"https:\/\/www.cde.ual.es\/en\/wp-json\/wp\/v2\/media?parent=19574"}],"wp:term":[{"taxonomy":"category","embeddable":true,"href":"https:\/\/www.cde.ual.es\/en\/wp-json\/wp\/v2\/categories?post=19574"},{"taxonomy":"post_tag","embeddable":true,"href":"https:\/\/www.cde.ual.es\/en\/wp-json\/wp\/v2\/tags?post=19574"}],"curies":[{"name":"wp","href":"https:\/\/api.w.org\/{rel}","templated":true}]}}