{"id":19053,"date":"2019-06-10T08:00:07","date_gmt":"2019-06-10T06:00:07","guid":{"rendered":"https:\/\/www.cde.ual.es\/?p=19053"},"modified":"2019-06-06T08:35:43","modified_gmt":"2019-06-06T06:35:43","slug":"european-commission-reports-on-the-eu-charter-of-fundamental-rights-10-years-on","status":"publish","type":"post","link":"https:\/\/www.cde.ual.es\/en\/european-commission-reports-on-the-eu-charter-of-fundamental-rights-10-years-on\/","title":{"rendered":"European Commission reports on the EU Charter of Fundamental Rights, 10 years on"},"content":{"rendered":"<p style=\"text-align: center;\"><a href=\"https:\/\/www.cde.ual.es\/wp-content\/uploads\/2018\/11\/Declaraci\u00e7on-Derechos-Humanos.png\"><img decoding=\"async\" class=\"alignnone size-medium wp-image-14006\" src=\"https:\/\/www.cde.ual.es\/wp-content\/uploads\/2018\/11\/Declaraci\u00e7on-Derechos-Humanos-300x183.png\" alt=\"\" width=\"300\" height=\"183\" srcset=\"https:\/\/www.cde.ual.es\/wp-content\/uploads\/2018\/11\/Declaraci\u00e7on-Derechos-Humanos-300x183.png 300w, https:\/\/www.cde.ual.es\/wp-content\/uploads\/2018\/11\/Declaraci\u00e7on-Derechos-Humanos-620x380.png 620w, https:\/\/www.cde.ual.es\/wp-content\/uploads\/2018\/11\/Declaraci\u00e7on-Derechos-Humanos.png 754w\" sizes=\"(max-width: 300px) 100vw, 300px\" \/><\/a><\/p>\n<p><strong>\u00a0The Commission has published its annual report on how the EU institutions and Member States have been applying the EU Charter of Fundamental Rights.\u00a0<\/strong>This year marks the 10<sup>th<\/sup>\u00a0anniversary of the Charter. On this occasion, the Commission is also releasing a\u00a0<a href=\"http:\/\/ec.europa.eu\/commfrontoffice\/publicopinion\/index.cfm\/survey\/getsurveydetail\/instruments\/special\/surveyky\/2222\">Eurobarometer survey<\/a>\u00a0on citizens&#8217; awareness of the Charter. Thanks to the Charter, a culture of fundamental rights has developed in the work of the EU institutions over the last ten years. But the Charter is not yet used to its full potential by the enforcement chain and awareness remains low.<\/p>\n<p>The\u00a0<a href=\"https:\/\/ec.europa.eu\/info\/aid-development-cooperation-fundamental-rights\/your-rights-eu\/eu-charter-fundamental-rights\/application-charter\/annual-reports-application-charter_en\">report<\/a>\u00a0shows that European policy makers are increasingly aware of the importance of ensuring that initiatives are Charter compliant and the EU has adopted many initiatives protecting people&#8217;s fundamental rights, such as the\u00a0<a href=\"http:\/\/europa.eu\/rapid\/press-release_STATEMENT-18-3889_en.htm\">General Data Protection Regulation<\/a>.<\/p>\n<p>National authorities, including the courts, are required to apply the Charter when implementing EU law. References to the Charter by the European Court of Justice have increased substantially, up from 27 references in 2010 to 356 times in 2018. National courts are also referring to the Charter in their decisions and increasingly asking the European Court of Justice for guidance.<\/p>\n<p>The Charter is nevertheless still not used to its full potential and awareness remains low, especially at the national level. The EU Agency of Fundamental Rights points to a lack of national policies that promote awareness and implementation of the Charter. Today&#8217;s Eurobarometer survey shows that though the situation has slightly improved since 2012, only four in 10 citizens have heard of the Charter and only one in 10 know what it is. Six out of 10 would like more information on Charter rights and on where to turn to if their rights are violated.<\/p>\n<p>As regards the application of the Charter in 2018, the report mentions key initiatives by the EU such as:<\/p>\n<p>o\u00a0\u00a0\u00a0<strong>establishing<\/strong>\u00a0<strong>whistleblowers protection<\/strong>\u00a0at EU level (<a href=\"http:\/\/europa.eu\/rapid\/press-release_IP-18-3441_en.htm\">Minimum standards to guarantee a high level of whistleblower protection<\/a>),<\/p>\n<p>o\u00a0\u00a0\u00a0<strong>promoting<\/strong>\u00a0<strong>electoral rights\u00a0<\/strong>(<a href=\"https:\/\/ec.europa.eu\/commission\/sites\/beta-political\/files\/soteu2018-free-fair-elections-communication-637_en.pdf\">Measures to promote free and fair elections<\/a>,\u00a0<a href=\"https:\/\/ec.europa.eu\/digital-single-market\/en\/news\/communication-tackling-online-disinformation-european-approach\">Communication on disinformation<\/a>\u00a0and invitation to online platforms and the advertising industry\u00a0<a href=\"https:\/\/ec.europa.eu\/commission\/news\/code-practice-against-disinformation-2019-jan-29_en\">to take action to tackle fake news<\/a>) and<\/p>\n<p>o\u00a0\u00a0\u00a0<strong>fighting illegal hate speech online<\/strong>\u00a0(<a href=\"https:\/\/ec.europa.eu\/newsroom\/just\/item-detail.cfm?item_id=54300\">Monitoring of the impact of the Code of Conduct on countering online hate speech<\/a>).<\/p>\n<p>Finally the report shows that there is room for improvement, especially at national level. Non-respect of the rule of law and of asylum legislation was and remains a problem in part of the EU.<\/p>\n<p>On 12 November this year, the European Commission, the Finnish Presidency of the EU and the EU Agency for Fundamental Rights will hold a 10-year anniversary conference to celebrate the Charter. Participants will reflect on how to improve the use of the Charter on the ground in the Member States.<\/p>\n<h3><strong>Background<\/strong><\/h3>\n<p>With the entry into force of the Lisbon Treaty on 1 December 2009, the<a href=\"https:\/\/ec.europa.eu\/info\/aid-development-cooperation-fundamental-rights\/your-rights-eu\/eu-charter-fundamental-rights_fr\">Charter of Fundamental Rights<\/a>\u00a0became legally binding. Since then, the European Commission has published an annual report on the application of the Charter.<\/p>\n<p>The annual reports monitor progress in the areas where the EU has powers to act, showing how the Charter has been\u00a0taken into account in actual cases, notably when new EU legislation is proposed. It addresses the role that EU institutions and Member States authorities play in making fundamental rights a reality in peoples&#8217; lives.<\/p>\n<p>The Commission works with the relevant authorities at national, local and EU level to better inform people about their fundamental rights and where to find help if their rights have been infringed. Practical information is available on the\u00a0<a href=\"https:\/\/e-justice.europa.eu\/\">e-Justice<\/a>\u00a0portal.<\/p>\n<p><strong>EU Charter of Fundamental rights at the EU Court of Justice<\/strong><\/p>\n<p>In 2018, the Court of Justice of the EU referred to the Charter in 356 cases, up from 27 in 2010.<\/p>\n<p>&nbsp;<\/p>\n<p><img decoding=\"async\" src=\"http:\/\/ec.europa.eu\/avservices\/avs\/files\/video6\/repository\/prod\/photo\/store\/store2\/18\/P040418-185575.jpg\" alt=\"Overview of CJEU case \" width=\"435\" \/><\/p>\n<p>When referring questions to the Court of Justice of the EU (requests for preliminary rulings), national courts increasingly make reference to the Charter (84 in 2018, compared to 19 in 2010).<\/p>\n<p><img decoding=\"async\" src=\"http:\/\/ec.europa.eu\/avservices\/avs\/files\/video6\/repository\/prod\/photo\/store\/store2\/18\/P040418-701773.jpg\" alt=\"Requests for preliminary rulings \" width=\"435\" \/><\/p>\n<p><strong>Eurobarometer results: Awareness of the Charter of Fundamental rights<\/strong><\/p>\n<p>The Eurobarometer on Charter awareness shows that though the situation has slightly improved since 2012, only 42% of respondents have heard of the Charter and only 12% really know what it is.<\/p>\n<p><img decoding=\"async\" src=\"http:\/\/ec.europa.eu\/avservices\/avs\/files\/video6\/repository\/prod\/photo\/store\/store2\/18\/P040418-29910.jpg\" alt=\"Eurobarometer 1\" width=\"435\" \/><\/p>\n<p>Results also show that six in ten respondents would like to have more information on the Charter and on where to turn to if their Charter rights are violated.<\/p>\n<p><img decoding=\"async\" src=\"http:\/\/ec.europa.eu\/avservices\/avs\/files\/video6\/repository\/prod\/photo\/store\/store2\/18\/P040418-414118.jpg\" alt=\"Eurobarometer 2\" width=\"435\" \/><\/p>\n<h3>For more Information<\/h3>\n<p><a href=\"http:\/\/europa.eu\/rapid\/press-release_IP-19-2790_en.htm\">Access to complete news\u00a0 \u00a0 \u00a0 \u00a0<\/a><\/p>\n<p><a href=\"https:\/\/ec.europa.eu\/info\/aid-development-cooperation-fundamental-rights\/your-rights-eu\/eu-charter-fundamental-rights\/application-charter\/annual-reports-application-charter_en\">2018 Report on the application of the EU Charter of Fundamental Rights<\/a><\/p>\n<p><a href=\"http:\/\/ec.europa.eu\/commfrontoffice\/publicopinion\/index.cfm\/survey\/getsurveydetail\/instruments\/special\/surveyky\/2222\">Eurobarometer and factsheets on Awareness of Fundamental Rights<\/a><\/p>\n","protected":false},"excerpt":{"rendered":"<p>\u00a0The Commission has published its annual report on how the EU institutions and Member States have been applying the EU Charter of Fundamental Rights.\u00a0This year marks the 10th\u00a0anniversary of the Charter. On this occasion, the Commission is also releasing a\u00a0Eurobarometer survey\u00a0on citizens&#8217; awareness of the Charter. Thanks to the Charter, a culture of fundamental rights [&hellip;]<\/p>\n","protected":false},"author":1,"featured_media":14006,"comment_status":"open","ping_status":"open","sticky":false,"template":"","format":"standard","meta":{"_acf_changed":false,"_relevanssi_hide_post":"","_relevanssi_hide_content":"","_relevanssi_pin_for_all":"","_relevanssi_pin_keywords":"","_relevanssi_unpin_keywords":"","_relevanssi_related_keywords":"","_relevanssi_related_include_ids":"","_relevanssi_related_exclude_ids":"","_relevanssi_related_no_append":"","_relevanssi_related_not_related":"","_relevanssi_related_posts":"","_relevanssi_noindex_reason":"","_monsterinsights_skip_tracking":false,"_monsterinsights_sitenote_active":false,"_monsterinsights_sitenote_note":"","_monsterinsights_sitenote_category":0,"_genesis_hide_title":false,"_genesis_hide_breadcrumbs":false,"_genesis_hide_singular_image":false,"_genesis_hide_footer_widgets":false,"_genesis_custom_body_class":"","_genesis_custom_post_class":"","_genesis_layout":"","footnotes":""},"categories":[346],"tags":[450,421],"class_list":{"0":"post-19053","1":"post","2":"type-post","3":"status-publish","4":"format-standard","5":"has-post-thumbnail","7":"category-eu-news","8":"tag-fundamental-rights","9":"tag-human-rights","10":"entry"},"acf":[],"yoast_head":"<!-- This site is optimized with the Yoast SEO plugin v27.5 - https:\/\/yoast.com\/product\/yoast-seo-wordpress\/ -->\n<title>European Commission reports on the EU Charter of Fundamental Rights, 10 years on | CDE Almer\u00eda - Centro de Documentaci\u00f3n Europea - Universidad de Almer\u00eda<\/title>\n<meta name=\"robots\" content=\"index, follow, max-snippet:-1, max-image-preview:large, max-video-preview:-1\" \/>\n<link rel=\"canonical\" href=\"https:\/\/www.cde.ual.es\/en\/european-commission-reports-on-the-eu-charter-of-fundamental-rights-10-years-on\/\" \/>\n<meta property=\"og:locale\" content=\"en_US\" \/>\n<meta property=\"og:type\" content=\"article\" \/>\n<meta property=\"og:title\" content=\"European Commission reports on the EU Charter of Fundamental Rights, 10 years on | CDE Almer\u00eda - Centro de Documentaci\u00f3n Europea - Universidad de Almer\u00eda\" \/>\n<meta property=\"og:description\" content=\"\u00a0The Commission has published its annual report on how the EU institutions and Member States have been applying the EU Charter of Fundamental Rights.\u00a0This year marks the 10th\u00a0anniversary of the Charter. On this occasion, the Commission is also releasing a\u00a0Eurobarometer survey\u00a0on citizens&#8217; awareness of the Charter. Thanks to the Charter, a culture of fundamental rights [&hellip;]\" \/>\n<meta property=\"og:url\" content=\"https:\/\/www.cde.ual.es\/en\/european-commission-reports-on-the-eu-charter-of-fundamental-rights-10-years-on\/\" \/>\n<meta property=\"og:site_name\" content=\"CDE Almer\u00eda - Centro de Documentaci\u00f3n Europea - Universidad de Almer\u00eda\" \/>\n<meta property=\"article:publisher\" content=\"https:\/\/www.facebook.com\/cdeuniversidadalmeria\/\" \/>\n<meta property=\"article:published_time\" content=\"2019-06-10T06:00:07+00:00\" \/>\n<meta property=\"og:image\" content=\"https:\/\/www.cde.ual.es\/wp-content\/uploads\/2018\/11\/Declaraci\u00e7on-Derechos-Humanos.png\" \/>\n\t<meta property=\"og:image:width\" content=\"754\" \/>\n\t<meta property=\"og:image:height\" content=\"459\" \/>\n\t<meta property=\"og:image:type\" content=\"image\/png\" \/>\n<meta name=\"author\" content=\"AdminCDE\" \/>\n<meta name=\"twitter:card\" content=\"summary_large_image\" \/>\n<meta name=\"twitter:creator\" content=\"@cdeualmeria\" \/>\n<meta name=\"twitter:site\" content=\"@cdeualmeria\" \/>\n<meta name=\"twitter:label1\" content=\"Written by\" \/>\n\t<meta name=\"twitter:data1\" content=\"AdminCDE\" \/>\n\t<meta name=\"twitter:label2\" content=\"Est. reading time\" \/>\n\t<meta name=\"twitter:data2\" content=\"4 minutes\" \/>\n<script type=\"application\/ld+json\" class=\"yoast-schema-graph\">{\"@context\":\"https:\\\/\\\/schema.org\",\"@graph\":[{\"@type\":\"Article\",\"@id\":\"https:\\\/\\\/www.cde.ual.es\\\/en\\\/european-commission-reports-on-the-eu-charter-of-fundamental-rights-10-years-on\\\/#article\",\"isPartOf\":{\"@id\":\"https:\\\/\\\/www.cde.ual.es\\\/en\\\/european-commission-reports-on-the-eu-charter-of-fundamental-rights-10-years-on\\\/\"},\"author\":{\"name\":\"AdminCDE\",\"@id\":\"https:\\\/\\\/www.cde.ual.es\\\/#\\\/schema\\\/person\\\/224ef08c8bcc005f319d2713ce37ee5f\"},\"headline\":\"European Commission reports on the EU Charter of Fundamental Rights, 10 years on\",\"datePublished\":\"2019-06-10T06:00:07+00:00\",\"mainEntityOfPage\":{\"@id\":\"https:\\\/\\\/www.cde.ual.es\\\/en\\\/european-commission-reports-on-the-eu-charter-of-fundamental-rights-10-years-on\\\/\"},\"wordCount\":739,\"commentCount\":0,\"publisher\":{\"@id\":\"https:\\\/\\\/www.cde.ual.es\\\/#organization\"},\"image\":{\"@id\":\"https:\\\/\\\/www.cde.ual.es\\\/en\\\/european-commission-reports-on-the-eu-charter-of-fundamental-rights-10-years-on\\\/#primaryimage\"},\"thumbnailUrl\":\"https:\\\/\\\/www.cde.ual.es\\\/wp-content\\\/uploads\\\/2018\\\/11\\\/Declaraci\u00e7on-Derechos-Humanos.png\",\"keywords\":[\"Fundamental Rights\",\"Human Rights\"],\"articleSection\":[\"EU News\"],\"inLanguage\":\"en-US\",\"potentialAction\":[{\"@type\":\"CommentAction\",\"name\":\"Comment\",\"target\":[\"https:\\\/\\\/www.cde.ual.es\\\/en\\\/european-commission-reports-on-the-eu-charter-of-fundamental-rights-10-years-on\\\/#respond\"]}]},{\"@type\":\"WebPage\",\"@id\":\"https:\\\/\\\/www.cde.ual.es\\\/en\\\/european-commission-reports-on-the-eu-charter-of-fundamental-rights-10-years-on\\\/\",\"url\":\"https:\\\/\\\/www.cde.ual.es\\\/en\\\/european-commission-reports-on-the-eu-charter-of-fundamental-rights-10-years-on\\\/\",\"name\":\"European Commission reports on the EU Charter of Fundamental Rights, 10 years on | CDE Almer\u00eda - Centro de Documentaci\u00f3n Europea - Universidad de Almer\u00eda\",\"isPartOf\":{\"@id\":\"https:\\\/\\\/www.cde.ual.es\\\/#website\"},\"primaryImageOfPage\":{\"@id\":\"https:\\\/\\\/www.cde.ual.es\\\/en\\\/european-commission-reports-on-the-eu-charter-of-fundamental-rights-10-years-on\\\/#primaryimage\"},\"image\":{\"@id\":\"https:\\\/\\\/www.cde.ual.es\\\/en\\\/european-commission-reports-on-the-eu-charter-of-fundamental-rights-10-years-on\\\/#primaryimage\"},\"thumbnailUrl\":\"https:\\\/\\\/www.cde.ual.es\\\/wp-content\\\/uploads\\\/2018\\\/11\\\/Declaraci\u00e7on-Derechos-Humanos.png\",\"datePublished\":\"2019-06-10T06:00:07+00:00\",\"breadcrumb\":{\"@id\":\"https:\\\/\\\/www.cde.ual.es\\\/en\\\/european-commission-reports-on-the-eu-charter-of-fundamental-rights-10-years-on\\\/#breadcrumb\"},\"inLanguage\":\"en-US\",\"potentialAction\":[{\"@type\":\"ReadAction\",\"target\":[\"https:\\\/\\\/www.cde.ual.es\\\/en\\\/european-commission-reports-on-the-eu-charter-of-fundamental-rights-10-years-on\\\/\"]}]},{\"@type\":\"ImageObject\",\"inLanguage\":\"en-US\",\"@id\":\"https:\\\/\\\/www.cde.ual.es\\\/en\\\/european-commission-reports-on-the-eu-charter-of-fundamental-rights-10-years-on\\\/#primaryimage\",\"url\":\"https:\\\/\\\/www.cde.ual.es\\\/wp-content\\\/uploads\\\/2018\\\/11\\\/Declaraci\u00e7on-Derechos-Humanos.png\",\"contentUrl\":\"https:\\\/\\\/www.cde.ual.es\\\/wp-content\\\/uploads\\\/2018\\\/11\\\/Declaraci\u00e7on-Derechos-Humanos.png\",\"width\":754,\"height\":459},{\"@type\":\"BreadcrumbList\",\"@id\":\"https:\\\/\\\/www.cde.ual.es\\\/en\\\/european-commission-reports-on-the-eu-charter-of-fundamental-rights-10-years-on\\\/#breadcrumb\",\"itemListElement\":[{\"@type\":\"ListItem\",\"position\":1,\"name\":\"Inicio\",\"item\":\"https:\\\/\\\/www.cde.ual.es\\\/en\\\/\"},{\"@type\":\"ListItem\",\"position\":2,\"name\":\"EU News\",\"item\":\"https:\\\/\\\/www.cde.ual.es\\\/en\\\/category\\\/eu-news\\\/\"},{\"@type\":\"ListItem\",\"position\":3,\"name\":\"European Commission reports on the EU Charter of Fundamental Rights, 10 years on\"}]},{\"@type\":\"WebSite\",\"@id\":\"https:\\\/\\\/www.cde.ual.es\\\/#website\",\"url\":\"https:\\\/\\\/www.cde.ual.es\\\/\",\"name\":\"CDE Almer\u00eda - Centro de Documentaci\u00f3n Europea - Universidad de Almer\u00eda\",\"description\":\"Centro de Documentaci\u00f3n Europea de la Universidad de Almer\u00eda\",\"publisher\":{\"@id\":\"https:\\\/\\\/www.cde.ual.es\\\/#organization\"},\"alternateName\":\"CDE Almer\u00eda\",\"potentialAction\":[{\"@type\":\"SearchAction\",\"target\":{\"@type\":\"EntryPoint\",\"urlTemplate\":\"https:\\\/\\\/www.cde.ual.es\\\/?s={search_term_string}\"},\"query-input\":{\"@type\":\"PropertyValueSpecification\",\"valueRequired\":true,\"valueName\":\"search_term_string\"}}],\"inLanguage\":\"en-US\"},{\"@type\":\"Organization\",\"@id\":\"https:\\\/\\\/www.cde.ual.es\\\/#organization\",\"name\":\"Centro de Documentaci\u00f3n Europea de Almer\u00eda\",\"url\":\"https:\\\/\\\/www.cde.ual.es\\\/\",\"logo\":{\"@type\":\"ImageObject\",\"inLanguage\":\"en-US\",\"@id\":\"https:\\\/\\\/www.cde.ual.es\\\/#\\\/schema\\\/logo\\\/image\\\/\",\"url\":\"https:\\\/\\\/www.cde.ual.es\\\/wp-content\\\/uploads\\\/2025\\\/07\\\/cde-logo-3.png\",\"contentUrl\":\"https:\\\/\\\/www.cde.ual.es\\\/wp-content\\\/uploads\\\/2025\\\/07\\\/cde-logo-3.png\",\"width\":1400,\"height\":300,\"caption\":\"Centro de Documentaci\u00f3n Europea de Almer\u00eda\"},\"image\":{\"@id\":\"https:\\\/\\\/www.cde.ual.es\\\/#\\\/schema\\\/logo\\\/image\\\/\"},\"sameAs\":[\"https:\\\/\\\/www.facebook.com\\\/cdeuniversidadalmeria\\\/\",\"https:\\\/\\\/x.com\\\/cdeualmeria\",\"https:\\\/\\\/www.tiktok.com\\\/@cdealmeria\",\"https:\\\/\\\/www.instagram.com\\\/cdealmeria\\\/\",\"https:\\\/\\\/www.linkedin.com\\\/in\\\/cde-almera-812b26a9\\\/\"]},{\"@type\":\"Person\",\"@id\":\"https:\\\/\\\/www.cde.ual.es\\\/#\\\/schema\\\/person\\\/224ef08c8bcc005f319d2713ce37ee5f\",\"name\":\"AdminCDE\",\"image\":{\"@type\":\"ImageObject\",\"inLanguage\":\"en-US\",\"@id\":\"https:\\\/\\\/secure.gravatar.com\\\/avatar\\\/a72d038d371f995cd13706fac32274b7952a52e8fb0a84b5f80c85426f2a98a8?s=96&d=mm&r=g\",\"url\":\"https:\\\/\\\/secure.gravatar.com\\\/avatar\\\/a72d038d371f995cd13706fac32274b7952a52e8fb0a84b5f80c85426f2a98a8?s=96&d=mm&r=g\",\"contentUrl\":\"https:\\\/\\\/secure.gravatar.com\\\/avatar\\\/a72d038d371f995cd13706fac32274b7952a52e8fb0a84b5f80c85426f2a98a8?s=96&d=mm&r=g\",\"caption\":\"AdminCDE\"}}]}<\/script>\n<!-- \/ Yoast SEO plugin. -->","yoast_head_json":{"title":"European Commission reports on the EU Charter of Fundamental Rights, 10 years on | CDE Almer\u00eda - Centro de Documentaci\u00f3n Europea - Universidad de Almer\u00eda","robots":{"index":"index","follow":"follow","max-snippet":"max-snippet:-1","max-image-preview":"max-image-preview:large","max-video-preview":"max-video-preview:-1"},"canonical":"https:\/\/www.cde.ual.es\/en\/european-commission-reports-on-the-eu-charter-of-fundamental-rights-10-years-on\/","og_locale":"en_US","og_type":"article","og_title":"European Commission reports on the EU Charter of Fundamental Rights, 10 years on | CDE Almer\u00eda - Centro de Documentaci\u00f3n Europea - Universidad de Almer\u00eda","og_description":"\u00a0The Commission has published its annual report on how the EU institutions and Member States have been applying the EU Charter of Fundamental Rights.\u00a0This year marks the 10th\u00a0anniversary of the Charter. On this occasion, the Commission is also releasing a\u00a0Eurobarometer survey\u00a0on citizens&#8217; awareness of the Charter. Thanks to the Charter, a culture of fundamental rights [&hellip;]","og_url":"https:\/\/www.cde.ual.es\/en\/european-commission-reports-on-the-eu-charter-of-fundamental-rights-10-years-on\/","og_site_name":"CDE Almer\u00eda - Centro de Documentaci\u00f3n Europea - Universidad de Almer\u00eda","article_publisher":"https:\/\/www.facebook.com\/cdeuniversidadalmeria\/","article_published_time":"2019-06-10T06:00:07+00:00","og_image":[{"width":754,"height":459,"url":"https:\/\/www.cde.ual.es\/wp-content\/uploads\/2018\/11\/Declaraci\u00e7on-Derechos-Humanos.png","type":"image\/png"}],"author":"AdminCDE","twitter_card":"summary_large_image","twitter_creator":"@cdeualmeria","twitter_site":"@cdeualmeria","twitter_misc":{"Written by":"AdminCDE","Est. reading time":"4 minutes"},"schema":{"@context":"https:\/\/schema.org","@graph":[{"@type":"Article","@id":"https:\/\/www.cde.ual.es\/en\/european-commission-reports-on-the-eu-charter-of-fundamental-rights-10-years-on\/#article","isPartOf":{"@id":"https:\/\/www.cde.ual.es\/en\/european-commission-reports-on-the-eu-charter-of-fundamental-rights-10-years-on\/"},"author":{"name":"AdminCDE","@id":"https:\/\/www.cde.ual.es\/#\/schema\/person\/224ef08c8bcc005f319d2713ce37ee5f"},"headline":"European Commission reports on the EU Charter of Fundamental Rights, 10 years on","datePublished":"2019-06-10T06:00:07+00:00","mainEntityOfPage":{"@id":"https:\/\/www.cde.ual.es\/en\/european-commission-reports-on-the-eu-charter-of-fundamental-rights-10-years-on\/"},"wordCount":739,"commentCount":0,"publisher":{"@id":"https:\/\/www.cde.ual.es\/#organization"},"image":{"@id":"https:\/\/www.cde.ual.es\/en\/european-commission-reports-on-the-eu-charter-of-fundamental-rights-10-years-on\/#primaryimage"},"thumbnailUrl":"https:\/\/www.cde.ual.es\/wp-content\/uploads\/2018\/11\/Declaraci\u00e7on-Derechos-Humanos.png","keywords":["Fundamental Rights","Human Rights"],"articleSection":["EU News"],"inLanguage":"en-US","potentialAction":[{"@type":"CommentAction","name":"Comment","target":["https:\/\/www.cde.ual.es\/en\/european-commission-reports-on-the-eu-charter-of-fundamental-rights-10-years-on\/#respond"]}]},{"@type":"WebPage","@id":"https:\/\/www.cde.ual.es\/en\/european-commission-reports-on-the-eu-charter-of-fundamental-rights-10-years-on\/","url":"https:\/\/www.cde.ual.es\/en\/european-commission-reports-on-the-eu-charter-of-fundamental-rights-10-years-on\/","name":"European Commission reports on the EU Charter of Fundamental Rights, 10 years on | CDE Almer\u00eda - Centro de Documentaci\u00f3n Europea - Universidad de Almer\u00eda","isPartOf":{"@id":"https:\/\/www.cde.ual.es\/#website"},"primaryImageOfPage":{"@id":"https:\/\/www.cde.ual.es\/en\/european-commission-reports-on-the-eu-charter-of-fundamental-rights-10-years-on\/#primaryimage"},"image":{"@id":"https:\/\/www.cde.ual.es\/en\/european-commission-reports-on-the-eu-charter-of-fundamental-rights-10-years-on\/#primaryimage"},"thumbnailUrl":"https:\/\/www.cde.ual.es\/wp-content\/uploads\/2018\/11\/Declaraci\u00e7on-Derechos-Humanos.png","datePublished":"2019-06-10T06:00:07+00:00","breadcrumb":{"@id":"https:\/\/www.cde.ual.es\/en\/european-commission-reports-on-the-eu-charter-of-fundamental-rights-10-years-on\/#breadcrumb"},"inLanguage":"en-US","potentialAction":[{"@type":"ReadAction","target":["https:\/\/www.cde.ual.es\/en\/european-commission-reports-on-the-eu-charter-of-fundamental-rights-10-years-on\/"]}]},{"@type":"ImageObject","inLanguage":"en-US","@id":"https:\/\/www.cde.ual.es\/en\/european-commission-reports-on-the-eu-charter-of-fundamental-rights-10-years-on\/#primaryimage","url":"https:\/\/www.cde.ual.es\/wp-content\/uploads\/2018\/11\/Declaraci\u00e7on-Derechos-Humanos.png","contentUrl":"https:\/\/www.cde.ual.es\/wp-content\/uploads\/2018\/11\/Declaraci\u00e7on-Derechos-Humanos.png","width":754,"height":459},{"@type":"BreadcrumbList","@id":"https:\/\/www.cde.ual.es\/en\/european-commission-reports-on-the-eu-charter-of-fundamental-rights-10-years-on\/#breadcrumb","itemListElement":[{"@type":"ListItem","position":1,"name":"Inicio","item":"https:\/\/www.cde.ual.es\/en\/"},{"@type":"ListItem","position":2,"name":"EU News","item":"https:\/\/www.cde.ual.es\/en\/category\/eu-news\/"},{"@type":"ListItem","position":3,"name":"European Commission reports on the EU Charter of Fundamental Rights, 10 years on"}]},{"@type":"WebSite","@id":"https:\/\/www.cde.ual.es\/#website","url":"https:\/\/www.cde.ual.es\/","name":"CDE Almer\u00eda - Centro de Documentaci\u00f3n Europea - Universidad de Almer\u00eda","description":"Centro de Documentaci\u00f3n Europea de la Universidad de Almer\u00eda","publisher":{"@id":"https:\/\/www.cde.ual.es\/#organization"},"alternateName":"CDE Almer\u00eda","potentialAction":[{"@type":"SearchAction","target":{"@type":"EntryPoint","urlTemplate":"https:\/\/www.cde.ual.es\/?s={search_term_string}"},"query-input":{"@type":"PropertyValueSpecification","valueRequired":true,"valueName":"search_term_string"}}],"inLanguage":"en-US"},{"@type":"Organization","@id":"https:\/\/www.cde.ual.es\/#organization","name":"Centro de Documentaci\u00f3n Europea de Almer\u00eda","url":"https:\/\/www.cde.ual.es\/","logo":{"@type":"ImageObject","inLanguage":"en-US","@id":"https:\/\/www.cde.ual.es\/#\/schema\/logo\/image\/","url":"https:\/\/www.cde.ual.es\/wp-content\/uploads\/2025\/07\/cde-logo-3.png","contentUrl":"https:\/\/www.cde.ual.es\/wp-content\/uploads\/2025\/07\/cde-logo-3.png","width":1400,"height":300,"caption":"Centro de Documentaci\u00f3n Europea de Almer\u00eda"},"image":{"@id":"https:\/\/www.cde.ual.es\/#\/schema\/logo\/image\/"},"sameAs":["https:\/\/www.facebook.com\/cdeuniversidadalmeria\/","https:\/\/x.com\/cdeualmeria","https:\/\/www.tiktok.com\/@cdealmeria","https:\/\/www.instagram.com\/cdealmeria\/","https:\/\/www.linkedin.com\/in\/cde-almera-812b26a9\/"]},{"@type":"Person","@id":"https:\/\/www.cde.ual.es\/#\/schema\/person\/224ef08c8bcc005f319d2713ce37ee5f","name":"AdminCDE","image":{"@type":"ImageObject","inLanguage":"en-US","@id":"https:\/\/secure.gravatar.com\/avatar\/a72d038d371f995cd13706fac32274b7952a52e8fb0a84b5f80c85426f2a98a8?s=96&d=mm&r=g","url":"https:\/\/secure.gravatar.com\/avatar\/a72d038d371f995cd13706fac32274b7952a52e8fb0a84b5f80c85426f2a98a8?s=96&d=mm&r=g","contentUrl":"https:\/\/secure.gravatar.com\/avatar\/a72d038d371f995cd13706fac32274b7952a52e8fb0a84b5f80c85426f2a98a8?s=96&d=mm&r=g","caption":"AdminCDE"}}]}},"_links":{"self":[{"href":"https:\/\/www.cde.ual.es\/en\/wp-json\/wp\/v2\/posts\/19053","targetHints":{"allow":["GET"]}}],"collection":[{"href":"https:\/\/www.cde.ual.es\/en\/wp-json\/wp\/v2\/posts"}],"about":[{"href":"https:\/\/www.cde.ual.es\/en\/wp-json\/wp\/v2\/types\/post"}],"author":[{"embeddable":true,"href":"https:\/\/www.cde.ual.es\/en\/wp-json\/wp\/v2\/users\/1"}],"replies":[{"embeddable":true,"href":"https:\/\/www.cde.ual.es\/en\/wp-json\/wp\/v2\/comments?post=19053"}],"version-history":[{"count":0,"href":"https:\/\/www.cde.ual.es\/en\/wp-json\/wp\/v2\/posts\/19053\/revisions"}],"wp:featuredmedia":[{"embeddable":true,"href":"https:\/\/www.cde.ual.es\/en\/wp-json\/wp\/v2\/media\/14006"}],"wp:attachment":[{"href":"https:\/\/www.cde.ual.es\/en\/wp-json\/wp\/v2\/media?parent=19053"}],"wp:term":[{"taxonomy":"category","embeddable":true,"href":"https:\/\/www.cde.ual.es\/en\/wp-json\/wp\/v2\/categories?post=19053"},{"taxonomy":"post_tag","embeddable":true,"href":"https:\/\/www.cde.ual.es\/en\/wp-json\/wp\/v2\/tags?post=19053"}],"curies":[{"name":"wp","href":"https:\/\/api.w.org\/{rel}","templated":true}]}}