{"id":18685,"date":"2019-05-31T09:36:37","date_gmt":"2019-05-31T07:36:37","guid":{"rendered":"https:\/\/www.cde.ual.es\/?p=18685"},"modified":"2019-06-04T09:24:46","modified_gmt":"2019-06-04T07:24:46","slug":"life-nature-and-biodiversity","status":"publish","type":"post","link":"https:\/\/www.cde.ual.es\/en\/life-nature-and-biodiversity\/","title":{"rendered":"LIFE: Nature and biodiversity"},"content":{"rendered":"<div class=\"field field-label-hidden field-name-body field-type-text-with-summary\">\n<div class=\"ecl-field__body\">\n<div class=\"ecl-editor first last\">\n<div class=\"ecl-field__body\">\n<div class=\"ecl-editor first last\">\n<p style=\"text-align: center;\"><a href=\"https:\/\/www.cde.ual.es\/wp-content\/uploads\/2018\/09\/Programa-Aquacross.jpg\"><img decoding=\"async\" class=\"alignnone size-medium wp-image-18688\" src=\"https:\/\/www.cde.ual.es\/wp-content\/uploads\/2018\/09\/Programa-Aquacross-300x225.jpg\" alt=\"\" width=\"300\" height=\"225\" srcset=\"https:\/\/www.cde.ual.es\/wp-content\/uploads\/2018\/09\/Programa-Aquacross-300x225.jpg 300w, https:\/\/www.cde.ual.es\/wp-content\/uploads\/2018\/09\/Programa-Aquacross-768x576.jpg 768w, https:\/\/www.cde.ual.es\/wp-content\/uploads\/2018\/09\/Programa-Aquacross.jpg 960w\" sizes=\"(max-width: 300px) 100vw, 300px\" \/><\/a><\/p>\n<p><em><strong>This call for proposals addresses the priority area &#8220;environment and resource efficiency&#8221; of the\u00a0<a href=\"https:\/\/ec.europa.eu\/easme\/en\/section\/life\/life-environment-sub-programme\">environment sub-programme.<\/a><\/strong><\/em><br \/>\nPlease follow the instructions in the application package. For general information on\u00a0<a href=\"https:\/\/ec.europa.eu\/easme\/en\/section\/life\/life-who-can-apply\">who can apply<\/a>\u00a0and\u00a0<a href=\"https:\/\/ec.europa.eu\/easme\/en\/section\/life\/life-how-apply\">how to appl<\/a>y, please see the respective sections.<\/p>\n<h3>Who can apply<\/h3>\n<p>Anyone registered in the EU can make a proposal for LIFE traditional, integrated, preparatory, and technical assistance projects under the sub-programmes for\u00a0<a href=\"https:\/\/ec.europa.eu\/easme\/en\/section\/life\/life-environment-sub-programme\">environment<\/a>\u00a0and<a href=\"https:\/\/ec.europa.eu\/easme\/en\/section\/life\/life-climate-action-sub-programme\">\u00a0climate action<\/a>.<\/p>\n<p>You could be a:<\/p>\n<ul>\n<li>public body operating under a national government\u2019s authority, e.g. local authority, national administration etc.<\/li>\n<li>private commercial organisation<\/li>\n<li>private non-commercial organisation (NGOs etc.)<\/li>\n<\/ul>\n<p>In contrast to other funding programmes LIFE projects are very flexible in terms of how they are set up. You can decide if you want to run a project on your own, or if you prefer to join forces with\u00a0<a href=\"https:\/\/ec.europa.eu\/easme\/en\/section\/life\/life-who-can-apply#partner\">partners<\/a>\u00a0from your own or another country.<\/p>\n<h3>Deadline for applicants to submit concept notes<\/h3>\n<\/div>\n<\/div>\n<\/div>\n<\/div>\n<\/div>\n<div class=\"ecl-container paragraphs-items paragraphs-items-field-wrapper paragraphs-items-field-wrapper-full paragraphs-items-full\">\n<div class=\"field field-label-hidden field-name-field-wrapper field-type-paragraphs\">\n<div class=\"ecl-field__body\">\n<div class=\"first last\">\n<div class=\"entity entity-paragraphs-item paragraphs-item-programme-hub-wrapper ecl-u-mb-l\">\n<div class=\"content\">\n<div class=\"paragraphs-items paragraphs-items-field-component paragraphs-items-field-component-full paragraphs-items-full\">\n<div class=\"field field-label-hidden field-name-field-component field-type-paragraphs\">\n<div class=\"ecl-field__body\">\n<div class=\"first\">\n<div class=\"entity entity-paragraphs-item paragraphs-item-timeline\">\n<div class=\"content\">\n<section class=\"ecl-timeline\">\n<div class=\"field field-label-hidden field-name-field-timeline-date field-type-paragraphs\">\n<div class=\"ecl-field__body\">\n<div class=\"ecl-timeline__body\">\n<p>19 June 2019<\/p>\n<h3>Application package<\/h3>\n<\/div>\n<\/div>\n<\/div>\n<\/section>\n<\/div>\n<\/div>\n<\/div>\n<div class=\"last\">\n<div class=\"entity entity-paragraphs-item paragraphs-item-simple-text\">\n<div class=\"content\">\n<div class=\"field field-label-hidden field-name-field-text field-type-text-long\">\n<div><a href=\"https:\/\/ec.europa.eu\/easme\/sites\/easme-site\/files\/life2019_nature_and_biodiversity_package.zip\">LIFE 2019 Nature and biodiversity traditional projects package\u00a0<\/a>[.zip]<\/div>\n<div class=\"ecl-field__body\">\n<div class=\"ecl-editor first last\">\n<h3 id=\"inline-nav-2\">How to submit your concept note and proposal<\/h3>\n<p>You must submit your concept note and proposal via the<a href=\"https:\/\/webgate.ec.europa.eu\/eproposalWeb\/\" target=\"_blank\" rel=\"noopener\">\u00a0eProposal<\/a>\u00a0web application.<\/p>\n<h3>For more information<\/h3>\n<p><a href=\"https:\/\/ec.europa.eu\/easme\/en\/section\/life\/2019-life-call-proposals-traditional-projects-nature-and-biodiversity#inline-nav-2\">Call or proposals<\/a><\/p>\n<p>&nbsp;<\/p>\n<p>&nbsp;<\/p>\n<\/div>\n<\/div>\n<\/div>\n<\/div>\n<\/div>\n<\/div>\n<\/div>\n<\/div>\n<\/div>\n<\/div>\n<\/div>\n<\/div>\n<\/div>\n<\/div>\n<\/div>\n","protected":false},"excerpt":{"rendered":"<p>This call for proposals addresses the priority area &#8220;environment and resource efficiency&#8221; of the\u00a0environment sub-programme. Please follow the instructions in the application package. For general information on\u00a0who can apply\u00a0and\u00a0how to apply, please see the respective sections. Who can apply Anyone registered in the EU can make a proposal for LIFE traditional, integrated, preparatory, and technical [&hellip;]<\/p>\n","protected":false},"author":1,"featured_media":18688,"comment_status":"open","ping_status":"open","sticky":false,"template":"","format":"standard","meta":{"_acf_changed":false,"_relevanssi_hide_post":"","_relevanssi_hide_content":"","_relevanssi_pin_for_all":"","_relevanssi_pin_keywords":"","_relevanssi_unpin_keywords":"","_relevanssi_related_keywords":"","_relevanssi_related_include_ids":"","_relevanssi_related_exclude_ids":"","_relevanssi_related_no_append":"","_relevanssi_related_not_related":"","_relevanssi_related_posts":"","_relevanssi_noindex_reason":"","_monsterinsights_skip_tracking":false,"_monsterinsights_sitenote_active":false,"_monsterinsights_sitenote_note":"","_monsterinsights_sitenote_category":0,"_genesis_hide_title":false,"_genesis_hide_breadcrumbs":false,"_genesis_hide_singular_image":false,"_genesis_hide_footer_widgets":false,"_genesis_custom_body_class":"","_genesis_custom_post_class":"","_genesis_layout":"","footnotes":""},"categories":[366],"tags":[427,402],"class_list":{"0":"post-18685","1":"post","2":"type-post","3":"status-publish","4":"format-standard","5":"has-post-thumbnail","7":"category-eu-calls-and-awards","8":"tag-biodiversity","9":"tag-environment","10":"entry"},"acf":[],"yoast_head":"<!-- This site is optimized with the Yoast SEO plugin v27.4 - https:\/\/yoast.com\/product\/yoast-seo-wordpress\/ -->\n<title>LIFE: Nature and biodiversity | CDE Almer\u00eda - Centro de Documentaci\u00f3n Europea - Universidad de Almer\u00eda<\/title>\n<meta name=\"robots\" content=\"index, follow, max-snippet:-1, max-image-preview:large, max-video-preview:-1\" \/>\n<link rel=\"canonical\" href=\"https:\/\/www.cde.ual.es\/en\/life-nature-and-biodiversity\/\" \/>\n<meta property=\"og:locale\" content=\"en_US\" \/>\n<meta property=\"og:type\" content=\"article\" \/>\n<meta property=\"og:title\" content=\"LIFE: Nature and biodiversity | CDE Almer\u00eda - Centro de Documentaci\u00f3n Europea - Universidad de Almer\u00eda\" \/>\n<meta property=\"og:description\" content=\"This call for proposals addresses the priority area &#8220;environment and resource efficiency&#8221; of the\u00a0environment sub-programme. Please follow the instructions in the application package. For general information on\u00a0who can apply\u00a0and\u00a0how to apply, please see the respective sections. Who can apply Anyone registered in the EU can make a proposal for LIFE traditional, integrated, preparatory, and technical [&hellip;]\" \/>\n<meta property=\"og:url\" content=\"https:\/\/www.cde.ual.es\/en\/life-nature-and-biodiversity\/\" \/>\n<meta property=\"og:site_name\" content=\"CDE Almer\u00eda - Centro de Documentaci\u00f3n Europea - Universidad de Almer\u00eda\" \/>\n<meta property=\"article:publisher\" content=\"https:\/\/www.facebook.com\/cdeuniversidadalmeria\/\" \/>\n<meta property=\"article:published_time\" content=\"2019-05-31T07:36:37+00:00\" \/>\n<meta property=\"article:modified_time\" content=\"2019-06-04T07:24:46+00:00\" \/>\n<meta property=\"og:image\" content=\"https:\/\/www.cde.ual.es\/wp-content\/uploads\/2018\/09\/Programa-Aquacross.jpg\" \/>\n\t<meta property=\"og:image:width\" content=\"960\" \/>\n\t<meta property=\"og:image:height\" content=\"720\" \/>\n\t<meta property=\"og:image:type\" content=\"image\/jpeg\" \/>\n<meta name=\"author\" content=\"AdminCDE\" \/>\n<meta name=\"twitter:card\" content=\"summary_large_image\" \/>\n<meta name=\"twitter:creator\" content=\"@cdeualmeria\" \/>\n<meta name=\"twitter:site\" content=\"@cdeualmeria\" \/>\n<meta name=\"twitter:label1\" content=\"Written by\" \/>\n\t<meta name=\"twitter:data1\" content=\"AdminCDE\" \/>\n\t<meta name=\"twitter:label2\" content=\"Est. reading time\" \/>\n\t<meta name=\"twitter:data2\" content=\"1 minute\" \/>\n<script type=\"application\/ld+json\" class=\"yoast-schema-graph\">{\"@context\":\"https:\\\/\\\/schema.org\",\"@graph\":[{\"@type\":\"Article\",\"@id\":\"https:\\\/\\\/www.cde.ual.es\\\/en\\\/life-nature-and-biodiversity\\\/#article\",\"isPartOf\":{\"@id\":\"https:\\\/\\\/www.cde.ual.es\\\/en\\\/life-nature-and-biodiversity\\\/\"},\"author\":{\"name\":\"AdminCDE\",\"@id\":\"https:\\\/\\\/www.cde.ual.es\\\/#\\\/schema\\\/person\\\/224ef08c8bcc005f319d2713ce37ee5f\"},\"headline\":\"LIFE: Nature and biodiversity\",\"datePublished\":\"2019-05-31T07:36:37+00:00\",\"dateModified\":\"2019-06-04T07:24:46+00:00\",\"mainEntityOfPage\":{\"@id\":\"https:\\\/\\\/www.cde.ual.es\\\/en\\\/life-nature-and-biodiversity\\\/\"},\"wordCount\":195,\"commentCount\":0,\"publisher\":{\"@id\":\"https:\\\/\\\/www.cde.ual.es\\\/#organization\"},\"image\":{\"@id\":\"https:\\\/\\\/www.cde.ual.es\\\/en\\\/life-nature-and-biodiversity\\\/#primaryimage\"},\"thumbnailUrl\":\"https:\\\/\\\/www.cde.ual.es\\\/wp-content\\\/uploads\\\/2018\\\/09\\\/Programa-Aquacross.jpg\",\"keywords\":[\"biodiversity\",\"Environment\"],\"articleSection\":[\"EU Calls and Awards\"],\"inLanguage\":\"en-US\",\"potentialAction\":[{\"@type\":\"CommentAction\",\"name\":\"Comment\",\"target\":[\"https:\\\/\\\/www.cde.ual.es\\\/en\\\/life-nature-and-biodiversity\\\/#respond\"]}]},{\"@type\":\"WebPage\",\"@id\":\"https:\\\/\\\/www.cde.ual.es\\\/en\\\/life-nature-and-biodiversity\\\/\",\"url\":\"https:\\\/\\\/www.cde.ual.es\\\/en\\\/life-nature-and-biodiversity\\\/\",\"name\":\"LIFE: Nature and biodiversity | CDE Almer\u00eda - Centro de Documentaci\u00f3n Europea - Universidad de Almer\u00eda\",\"isPartOf\":{\"@id\":\"https:\\\/\\\/www.cde.ual.es\\\/#website\"},\"primaryImageOfPage\":{\"@id\":\"https:\\\/\\\/www.cde.ual.es\\\/en\\\/life-nature-and-biodiversity\\\/#primaryimage\"},\"image\":{\"@id\":\"https:\\\/\\\/www.cde.ual.es\\\/en\\\/life-nature-and-biodiversity\\\/#primaryimage\"},\"thumbnailUrl\":\"https:\\\/\\\/www.cde.ual.es\\\/wp-content\\\/uploads\\\/2018\\\/09\\\/Programa-Aquacross.jpg\",\"datePublished\":\"2019-05-31T07:36:37+00:00\",\"dateModified\":\"2019-06-04T07:24:46+00:00\",\"breadcrumb\":{\"@id\":\"https:\\\/\\\/www.cde.ual.es\\\/en\\\/life-nature-and-biodiversity\\\/#breadcrumb\"},\"inLanguage\":\"en-US\",\"potentialAction\":[{\"@type\":\"ReadAction\",\"target\":[\"https:\\\/\\\/www.cde.ual.es\\\/en\\\/life-nature-and-biodiversity\\\/\"]}]},{\"@type\":\"ImageObject\",\"inLanguage\":\"en-US\",\"@id\":\"https:\\\/\\\/www.cde.ual.es\\\/en\\\/life-nature-and-biodiversity\\\/#primaryimage\",\"url\":\"https:\\\/\\\/www.cde.ual.es\\\/wp-content\\\/uploads\\\/2018\\\/09\\\/Programa-Aquacross.jpg\",\"contentUrl\":\"https:\\\/\\\/www.cde.ual.es\\\/wp-content\\\/uploads\\\/2018\\\/09\\\/Programa-Aquacross.jpg\",\"width\":960,\"height\":720},{\"@type\":\"BreadcrumbList\",\"@id\":\"https:\\\/\\\/www.cde.ual.es\\\/en\\\/life-nature-and-biodiversity\\\/#breadcrumb\",\"itemListElement\":[{\"@type\":\"ListItem\",\"position\":1,\"name\":\"Inicio\",\"item\":\"https:\\\/\\\/www.cde.ual.es\\\/en\\\/\"},{\"@type\":\"ListItem\",\"position\":2,\"name\":\"EU Calls and Awards\",\"item\":\"https:\\\/\\\/www.cde.ual.es\\\/en\\\/category\\\/eu-calls-and-awards\\\/\"},{\"@type\":\"ListItem\",\"position\":3,\"name\":\"LIFE: Nature and biodiversity\"}]},{\"@type\":\"WebSite\",\"@id\":\"https:\\\/\\\/www.cde.ual.es\\\/#website\",\"url\":\"https:\\\/\\\/www.cde.ual.es\\\/\",\"name\":\"CDE Almer\u00eda - Centro de Documentaci\u00f3n Europea - Universidad de Almer\u00eda\",\"description\":\"Centro de Documentaci\u00f3n Europea de la Universidad de Almer\u00eda\",\"publisher\":{\"@id\":\"https:\\\/\\\/www.cde.ual.es\\\/#organization\"},\"alternateName\":\"CDE Almer\u00eda\",\"potentialAction\":[{\"@type\":\"SearchAction\",\"target\":{\"@type\":\"EntryPoint\",\"urlTemplate\":\"https:\\\/\\\/www.cde.ual.es\\\/?s={search_term_string}\"},\"query-input\":{\"@type\":\"PropertyValueSpecification\",\"valueRequired\":true,\"valueName\":\"search_term_string\"}}],\"inLanguage\":\"en-US\"},{\"@type\":\"Organization\",\"@id\":\"https:\\\/\\\/www.cde.ual.es\\\/#organization\",\"name\":\"Centro de Documentaci\u00f3n Europea de Almer\u00eda\",\"url\":\"https:\\\/\\\/www.cde.ual.es\\\/\",\"logo\":{\"@type\":\"ImageObject\",\"inLanguage\":\"en-US\",\"@id\":\"https:\\\/\\\/www.cde.ual.es\\\/#\\\/schema\\\/logo\\\/image\\\/\",\"url\":\"https:\\\/\\\/www.cde.ual.es\\\/wp-content\\\/uploads\\\/2025\\\/07\\\/cde-logo-3.png\",\"contentUrl\":\"https:\\\/\\\/www.cde.ual.es\\\/wp-content\\\/uploads\\\/2025\\\/07\\\/cde-logo-3.png\",\"width\":1400,\"height\":300,\"caption\":\"Centro de Documentaci\u00f3n Europea de Almer\u00eda\"},\"image\":{\"@id\":\"https:\\\/\\\/www.cde.ual.es\\\/#\\\/schema\\\/logo\\\/image\\\/\"},\"sameAs\":[\"https:\\\/\\\/www.facebook.com\\\/cdeuniversidadalmeria\\\/\",\"https:\\\/\\\/x.com\\\/cdeualmeria\",\"https:\\\/\\\/www.tiktok.com\\\/@cdealmeria\",\"https:\\\/\\\/www.instagram.com\\\/cdealmeria\\\/\",\"https:\\\/\\\/www.linkedin.com\\\/in\\\/cde-almera-812b26a9\\\/\"]},{\"@type\":\"Person\",\"@id\":\"https:\\\/\\\/www.cde.ual.es\\\/#\\\/schema\\\/person\\\/224ef08c8bcc005f319d2713ce37ee5f\",\"name\":\"AdminCDE\",\"image\":{\"@type\":\"ImageObject\",\"inLanguage\":\"en-US\",\"@id\":\"https:\\\/\\\/secure.gravatar.com\\\/avatar\\\/a72d038d371f995cd13706fac32274b7952a52e8fb0a84b5f80c85426f2a98a8?s=96&d=mm&r=g\",\"url\":\"https:\\\/\\\/secure.gravatar.com\\\/avatar\\\/a72d038d371f995cd13706fac32274b7952a52e8fb0a84b5f80c85426f2a98a8?s=96&d=mm&r=g\",\"contentUrl\":\"https:\\\/\\\/secure.gravatar.com\\\/avatar\\\/a72d038d371f995cd13706fac32274b7952a52e8fb0a84b5f80c85426f2a98a8?s=96&d=mm&r=g\",\"caption\":\"AdminCDE\"}}]}<\/script>\n<!-- \/ Yoast SEO plugin. -->","yoast_head_json":{"title":"LIFE: Nature and biodiversity | CDE Almer\u00eda - Centro de Documentaci\u00f3n Europea - Universidad de Almer\u00eda","robots":{"index":"index","follow":"follow","max-snippet":"max-snippet:-1","max-image-preview":"max-image-preview:large","max-video-preview":"max-video-preview:-1"},"canonical":"https:\/\/www.cde.ual.es\/en\/life-nature-and-biodiversity\/","og_locale":"en_US","og_type":"article","og_title":"LIFE: Nature and biodiversity | CDE Almer\u00eda - Centro de Documentaci\u00f3n Europea - Universidad de Almer\u00eda","og_description":"This call for proposals addresses the priority area &#8220;environment and resource efficiency&#8221; of the\u00a0environment sub-programme. Please follow the instructions in the application package. For general information on\u00a0who can apply\u00a0and\u00a0how to apply, please see the respective sections. Who can apply Anyone registered in the EU can make a proposal for LIFE traditional, integrated, preparatory, and technical [&hellip;]","og_url":"https:\/\/www.cde.ual.es\/en\/life-nature-and-biodiversity\/","og_site_name":"CDE Almer\u00eda - Centro de Documentaci\u00f3n Europea - Universidad de Almer\u00eda","article_publisher":"https:\/\/www.facebook.com\/cdeuniversidadalmeria\/","article_published_time":"2019-05-31T07:36:37+00:00","article_modified_time":"2019-06-04T07:24:46+00:00","og_image":[{"width":960,"height":720,"url":"https:\/\/www.cde.ual.es\/wp-content\/uploads\/2018\/09\/Programa-Aquacross.jpg","type":"image\/jpeg"}],"author":"AdminCDE","twitter_card":"summary_large_image","twitter_creator":"@cdeualmeria","twitter_site":"@cdeualmeria","twitter_misc":{"Written by":"AdminCDE","Est. reading time":"1 minute"},"schema":{"@context":"https:\/\/schema.org","@graph":[{"@type":"Article","@id":"https:\/\/www.cde.ual.es\/en\/life-nature-and-biodiversity\/#article","isPartOf":{"@id":"https:\/\/www.cde.ual.es\/en\/life-nature-and-biodiversity\/"},"author":{"name":"AdminCDE","@id":"https:\/\/www.cde.ual.es\/#\/schema\/person\/224ef08c8bcc005f319d2713ce37ee5f"},"headline":"LIFE: Nature and biodiversity","datePublished":"2019-05-31T07:36:37+00:00","dateModified":"2019-06-04T07:24:46+00:00","mainEntityOfPage":{"@id":"https:\/\/www.cde.ual.es\/en\/life-nature-and-biodiversity\/"},"wordCount":195,"commentCount":0,"publisher":{"@id":"https:\/\/www.cde.ual.es\/#organization"},"image":{"@id":"https:\/\/www.cde.ual.es\/en\/life-nature-and-biodiversity\/#primaryimage"},"thumbnailUrl":"https:\/\/www.cde.ual.es\/wp-content\/uploads\/2018\/09\/Programa-Aquacross.jpg","keywords":["biodiversity","Environment"],"articleSection":["EU Calls and Awards"],"inLanguage":"en-US","potentialAction":[{"@type":"CommentAction","name":"Comment","target":["https:\/\/www.cde.ual.es\/en\/life-nature-and-biodiversity\/#respond"]}]},{"@type":"WebPage","@id":"https:\/\/www.cde.ual.es\/en\/life-nature-and-biodiversity\/","url":"https:\/\/www.cde.ual.es\/en\/life-nature-and-biodiversity\/","name":"LIFE: Nature and biodiversity | CDE Almer\u00eda - Centro de Documentaci\u00f3n Europea - Universidad de Almer\u00eda","isPartOf":{"@id":"https:\/\/www.cde.ual.es\/#website"},"primaryImageOfPage":{"@id":"https:\/\/www.cde.ual.es\/en\/life-nature-and-biodiversity\/#primaryimage"},"image":{"@id":"https:\/\/www.cde.ual.es\/en\/life-nature-and-biodiversity\/#primaryimage"},"thumbnailUrl":"https:\/\/www.cde.ual.es\/wp-content\/uploads\/2018\/09\/Programa-Aquacross.jpg","datePublished":"2019-05-31T07:36:37+00:00","dateModified":"2019-06-04T07:24:46+00:00","breadcrumb":{"@id":"https:\/\/www.cde.ual.es\/en\/life-nature-and-biodiversity\/#breadcrumb"},"inLanguage":"en-US","potentialAction":[{"@type":"ReadAction","target":["https:\/\/www.cde.ual.es\/en\/life-nature-and-biodiversity\/"]}]},{"@type":"ImageObject","inLanguage":"en-US","@id":"https:\/\/www.cde.ual.es\/en\/life-nature-and-biodiversity\/#primaryimage","url":"https:\/\/www.cde.ual.es\/wp-content\/uploads\/2018\/09\/Programa-Aquacross.jpg","contentUrl":"https:\/\/www.cde.ual.es\/wp-content\/uploads\/2018\/09\/Programa-Aquacross.jpg","width":960,"height":720},{"@type":"BreadcrumbList","@id":"https:\/\/www.cde.ual.es\/en\/life-nature-and-biodiversity\/#breadcrumb","itemListElement":[{"@type":"ListItem","position":1,"name":"Inicio","item":"https:\/\/www.cde.ual.es\/en\/"},{"@type":"ListItem","position":2,"name":"EU Calls and Awards","item":"https:\/\/www.cde.ual.es\/en\/category\/eu-calls-and-awards\/"},{"@type":"ListItem","position":3,"name":"LIFE: Nature and biodiversity"}]},{"@type":"WebSite","@id":"https:\/\/www.cde.ual.es\/#website","url":"https:\/\/www.cde.ual.es\/","name":"CDE Almer\u00eda - Centro de Documentaci\u00f3n Europea - Universidad de Almer\u00eda","description":"Centro de Documentaci\u00f3n Europea de la Universidad de Almer\u00eda","publisher":{"@id":"https:\/\/www.cde.ual.es\/#organization"},"alternateName":"CDE Almer\u00eda","potentialAction":[{"@type":"SearchAction","target":{"@type":"EntryPoint","urlTemplate":"https:\/\/www.cde.ual.es\/?s={search_term_string}"},"query-input":{"@type":"PropertyValueSpecification","valueRequired":true,"valueName":"search_term_string"}}],"inLanguage":"en-US"},{"@type":"Organization","@id":"https:\/\/www.cde.ual.es\/#organization","name":"Centro de Documentaci\u00f3n Europea de Almer\u00eda","url":"https:\/\/www.cde.ual.es\/","logo":{"@type":"ImageObject","inLanguage":"en-US","@id":"https:\/\/www.cde.ual.es\/#\/schema\/logo\/image\/","url":"https:\/\/www.cde.ual.es\/wp-content\/uploads\/2025\/07\/cde-logo-3.png","contentUrl":"https:\/\/www.cde.ual.es\/wp-content\/uploads\/2025\/07\/cde-logo-3.png","width":1400,"height":300,"caption":"Centro de Documentaci\u00f3n Europea de Almer\u00eda"},"image":{"@id":"https:\/\/www.cde.ual.es\/#\/schema\/logo\/image\/"},"sameAs":["https:\/\/www.facebook.com\/cdeuniversidadalmeria\/","https:\/\/x.com\/cdeualmeria","https:\/\/www.tiktok.com\/@cdealmeria","https:\/\/www.instagram.com\/cdealmeria\/","https:\/\/www.linkedin.com\/in\/cde-almera-812b26a9\/"]},{"@type":"Person","@id":"https:\/\/www.cde.ual.es\/#\/schema\/person\/224ef08c8bcc005f319d2713ce37ee5f","name":"AdminCDE","image":{"@type":"ImageObject","inLanguage":"en-US","@id":"https:\/\/secure.gravatar.com\/avatar\/a72d038d371f995cd13706fac32274b7952a52e8fb0a84b5f80c85426f2a98a8?s=96&d=mm&r=g","url":"https:\/\/secure.gravatar.com\/avatar\/a72d038d371f995cd13706fac32274b7952a52e8fb0a84b5f80c85426f2a98a8?s=96&d=mm&r=g","contentUrl":"https:\/\/secure.gravatar.com\/avatar\/a72d038d371f995cd13706fac32274b7952a52e8fb0a84b5f80c85426f2a98a8?s=96&d=mm&r=g","caption":"AdminCDE"}}]}},"_links":{"self":[{"href":"https:\/\/www.cde.ual.es\/en\/wp-json\/wp\/v2\/posts\/18685","targetHints":{"allow":["GET"]}}],"collection":[{"href":"https:\/\/www.cde.ual.es\/en\/wp-json\/wp\/v2\/posts"}],"about":[{"href":"https:\/\/www.cde.ual.es\/en\/wp-json\/wp\/v2\/types\/post"}],"author":[{"embeddable":true,"href":"https:\/\/www.cde.ual.es\/en\/wp-json\/wp\/v2\/users\/1"}],"replies":[{"embeddable":true,"href":"https:\/\/www.cde.ual.es\/en\/wp-json\/wp\/v2\/comments?post=18685"}],"version-history":[{"count":0,"href":"https:\/\/www.cde.ual.es\/en\/wp-json\/wp\/v2\/posts\/18685\/revisions"}],"wp:featuredmedia":[{"embeddable":true,"href":"https:\/\/www.cde.ual.es\/en\/wp-json\/wp\/v2\/media\/18688"}],"wp:attachment":[{"href":"https:\/\/www.cde.ual.es\/en\/wp-json\/wp\/v2\/media?parent=18685"}],"wp:term":[{"taxonomy":"category","embeddable":true,"href":"https:\/\/www.cde.ual.es\/en\/wp-json\/wp\/v2\/categories?post=18685"},{"taxonomy":"post_tag","embeddable":true,"href":"https:\/\/www.cde.ual.es\/en\/wp-json\/wp\/v2\/tags?post=18685"}],"curies":[{"name":"wp","href":"https:\/\/api.w.org\/{rel}","templated":true}]}}