{"id":1848,"date":"2017-04-25T10:07:58","date_gmt":"2017-04-25T08:07:58","guid":{"rendered":"http:\/\/www.cde.ual.es\/?p=1848"},"modified":"2017-04-25T10:07:58","modified_gmt":"2017-04-25T08:07:58","slug":"enfermeros-para-trabajar-en-instituciones-la-union-europea","status":"publish","type":"post","link":"https:\/\/www.cde.ual.es\/en\/enfermeros-para-trabajar-en-instituciones-la-union-europea\/","title":{"rendered":"Enfermeros para trabajar en instituciones la Uni\u00f3n Europea"},"content":{"rendered":"<p style=\"text-align: justify;\">La Oficina Europea de Selecci\u00f3n de Personal (EPSO) ha convocado un\u00a0concurso-oposici\u00f3n para\u00a0<strong>enfermeros y enfermeras que deseen\u00a0trabajar en instituciones la Uni\u00f3n Europea<\/strong>.<\/p>\n<p style=\"text-align: justify;\">Hay un total de <strong>16 plazas<\/strong> y fundamentalmente ocupar\u00e1n estos puestos en el Parlamento Europeo y el Consejo en Bruselas y Luxemburgo.<\/p>\n<p style=\"text-align: justify;\">Las funciones principales de estos profesionales ser\u00e1n las relacionadas con la profesi\u00f3n: recepci\u00f3n de pacientes, triaje, cuidados de enfermer\u00eda, an\u00e1lisis biol\u00f3gicos, primeros auxilios, campa\u00f1as de fomento de salud y vacunaci\u00f3n, colaboraci\u00f3n con el personal m\u00e9dico, etc.<\/p>\n<div class=\"td-g-rec td-g-rec-id-content_inline \" style=\"text-align: justify;\"><\/div>\n<p style=\"text-align: justify;\">Para poder ocupar uno de estos puestos de empleo como enfermero en instituciones de la Uni\u00f3n Europea los participantes deben <strong>cumplir con todos los requisitos<\/strong> que se mencionan en la convocatoria. Algunos de estos requisitos son:<\/p>\n<ul style=\"text-align: justify;\">\n<li>Ser ciudadano de un Estado Miembro de la UE.<\/li>\n<li>Cumplir cuantas obligaciones les imponga la legislaci\u00f3n nacional aplicable en materia de servicio militar.<\/li>\n<li>Reunir las garant\u00edas de integridad requeridas para el ejercicio de las funciones previstas.<\/li>\n<li>Tener conocimientos de <span class=\"bold\"><span class=\"italic\">al menos dos lenguas oficiales de la UE<\/span><\/span>, una con un nivel m\u00ednimo de C1 (conocimiento profundo) y la otra con un nivel m\u00ednimo de B2 (conocimiento satisfactorio).<\/li>\n<li>Tener un nivel de formaci\u00f3n correspondiente a estudios superiores acreditados por un t\u00edtulo que cualifique oficialmente al candidato como enfermero en un Estado miembro de la UE, seguidos por una experiencia profesional pertinente de <span class=\"bold\"><span class=\"italic\">al menos tres a\u00f1os.<\/span><\/span><\/li>\n<\/ul>\n<p style=\"text-align: justify;\">Si est\u00e1s interesado en esta convocatoria, puedes conocer m\u00e1s\u00a0<a href=\"http:\/\/www.cde.ual.es\/wp-content\/uploads\/2017\/04\/aqu\u00ed.pdf\" target=\"_blank\" rel=\"noopener noreferrer\">aqu\u00ed<\/a><\/p>\n<p style=\"text-align: justify;\">El plazo finaliza el d\u00eda\u00a0<strong>23\u00a0de\u00a0mayo<\/strong> de\u00a02017.<\/p>\n","protected":false},"excerpt":{"rendered":"<p>La Oficina Europea de Selecci\u00f3n de Personal (EPSO) ha convocado un\u00a0concurso-oposici\u00f3n para\u00a0enfermeros y enfermeras que deseen\u00a0trabajar en instituciones la Uni\u00f3n Europea. Hay un total de 16 plazas y fundamentalmente ocupar\u00e1n estos puestos en el Parlamento Europeo y el Consejo en Bruselas y Luxemburgo. Las funciones principales de estos profesionales ser\u00e1n las relacionadas con la profesi\u00f3n: [&hellip;]<\/p>\n","protected":false},"author":1,"featured_media":0,"comment_status":"open","ping_status":"open","sticky":false,"template":"","format":"standard","meta":{"_acf_changed":false,"_relevanssi_hide_post":"","_relevanssi_hide_content":"","_relevanssi_pin_for_all":"","_relevanssi_pin_keywords":"","_relevanssi_unpin_keywords":"","_relevanssi_related_keywords":"","_relevanssi_related_include_ids":"","_relevanssi_related_exclude_ids":"","_relevanssi_related_no_append":"","_relevanssi_related_not_related":"","_relevanssi_related_posts":"","_relevanssi_noindex_reason":"","_monsterinsights_skip_tracking":false,"_monsterinsights_sitenote_active":false,"_monsterinsights_sitenote_note":"","_monsterinsights_sitenote_category":0,"_genesis_hide_title":false,"_genesis_hide_breadcrumbs":false,"_genesis_hide_singular_image":false,"_genesis_hide_footer_widgets":false,"_genesis_custom_body_class":"","_genesis_custom_post_class":"","_genesis_layout":"","footnotes":""},"categories":[1],"tags":[],"class_list":{"0":"post-1848","1":"post","2":"type-post","3":"status-publish","4":"format-standard","6":"category-sin-categorizar","7":"entry"},"acf":[],"yoast_head":"<!-- This site is optimized with the Yoast SEO plugin v27.4 - https:\/\/yoast.com\/product\/yoast-seo-wordpress\/ -->\n<title>Enfermeros para trabajar en instituciones la Uni\u00f3n Europea | CDE Almer\u00eda - Centro de Documentaci\u00f3n Europea - Universidad de Almer\u00eda<\/title>\n<meta name=\"robots\" content=\"index, follow, max-snippet:-1, max-image-preview:large, max-video-preview:-1\" \/>\n<link rel=\"canonical\" href=\"https:\/\/www.cde.ual.es\/en\/enfermeros-para-trabajar-en-instituciones-la-union-europea\/\" \/>\n<meta property=\"og:locale\" content=\"en_US\" \/>\n<meta property=\"og:type\" content=\"article\" \/>\n<meta property=\"og:title\" content=\"Enfermeros para trabajar en instituciones la Uni\u00f3n Europea | CDE Almer\u00eda - Centro de Documentaci\u00f3n Europea - Universidad de Almer\u00eda\" \/>\n<meta property=\"og:description\" content=\"La Oficina Europea de Selecci\u00f3n de Personal (EPSO) ha convocado un\u00a0concurso-oposici\u00f3n para\u00a0enfermeros y enfermeras que deseen\u00a0trabajar en instituciones la Uni\u00f3n Europea. Hay un total de 16 plazas y fundamentalmente ocupar\u00e1n estos puestos en el Parlamento Europeo y el Consejo en Bruselas y Luxemburgo. Las funciones principales de estos profesionales ser\u00e1n las relacionadas con la profesi\u00f3n: [&hellip;]\" \/>\n<meta property=\"og:url\" content=\"https:\/\/www.cde.ual.es\/en\/enfermeros-para-trabajar-en-instituciones-la-union-europea\/\" \/>\n<meta property=\"og:site_name\" content=\"CDE Almer\u00eda - Centro de Documentaci\u00f3n Europea - Universidad de Almer\u00eda\" \/>\n<meta property=\"article:publisher\" content=\"https:\/\/www.facebook.com\/cdeuniversidadalmeria\/\" \/>\n<meta property=\"article:published_time\" content=\"2017-04-25T08:07:58+00:00\" \/>\n<meta name=\"author\" content=\"AdminCDE\" \/>\n<meta name=\"twitter:card\" content=\"summary_large_image\" \/>\n<meta name=\"twitter:creator\" content=\"@cdeualmeria\" \/>\n<meta name=\"twitter:site\" content=\"@cdeualmeria\" \/>\n<meta name=\"twitter:label1\" content=\"Written by\" \/>\n\t<meta name=\"twitter:data1\" content=\"AdminCDE\" \/>\n\t<meta name=\"twitter:label2\" content=\"Est. reading time\" \/>\n\t<meta name=\"twitter:data2\" content=\"1 minute\" \/>\n<script type=\"application\/ld+json\" class=\"yoast-schema-graph\">{\"@context\":\"https:\\\/\\\/schema.org\",\"@graph\":[{\"@type\":\"Article\",\"@id\":\"https:\\\/\\\/www.cde.ual.es\\\/en\\\/enfermeros-para-trabajar-en-instituciones-la-union-europea\\\/#article\",\"isPartOf\":{\"@id\":\"https:\\\/\\\/www.cde.ual.es\\\/en\\\/enfermeros-para-trabajar-en-instituciones-la-union-europea\\\/\"},\"author\":{\"name\":\"AdminCDE\",\"@id\":\"https:\\\/\\\/www.cde.ual.es\\\/#\\\/schema\\\/person\\\/224ef08c8bcc005f319d2713ce37ee5f\"},\"headline\":\"Enfermeros para trabajar en instituciones la Uni\u00f3n Europea\",\"datePublished\":\"2017-04-25T08:07:58+00:00\",\"mainEntityOfPage\":{\"@id\":\"https:\\\/\\\/www.cde.ual.es\\\/en\\\/enfermeros-para-trabajar-en-instituciones-la-union-europea\\\/\"},\"wordCount\":274,\"commentCount\":0,\"publisher\":{\"@id\":\"https:\\\/\\\/www.cde.ual.es\\\/#organization\"},\"articleSection\":[\"Sin categorizar\"],\"inLanguage\":\"en-US\",\"potentialAction\":[{\"@type\":\"CommentAction\",\"name\":\"Comment\",\"target\":[\"https:\\\/\\\/www.cde.ual.es\\\/en\\\/enfermeros-para-trabajar-en-instituciones-la-union-europea\\\/#respond\"]}]},{\"@type\":\"WebPage\",\"@id\":\"https:\\\/\\\/www.cde.ual.es\\\/en\\\/enfermeros-para-trabajar-en-instituciones-la-union-europea\\\/\",\"url\":\"https:\\\/\\\/www.cde.ual.es\\\/en\\\/enfermeros-para-trabajar-en-instituciones-la-union-europea\\\/\",\"name\":\"Enfermeros para trabajar en instituciones la Uni\u00f3n Europea | CDE Almer\u00eda - Centro de Documentaci\u00f3n Europea - Universidad de Almer\u00eda\",\"isPartOf\":{\"@id\":\"https:\\\/\\\/www.cde.ual.es\\\/#website\"},\"datePublished\":\"2017-04-25T08:07:58+00:00\",\"breadcrumb\":{\"@id\":\"https:\\\/\\\/www.cde.ual.es\\\/en\\\/enfermeros-para-trabajar-en-instituciones-la-union-europea\\\/#breadcrumb\"},\"inLanguage\":\"en-US\",\"potentialAction\":[{\"@type\":\"ReadAction\",\"target\":[\"https:\\\/\\\/www.cde.ual.es\\\/en\\\/enfermeros-para-trabajar-en-instituciones-la-union-europea\\\/\"]}]},{\"@type\":\"BreadcrumbList\",\"@id\":\"https:\\\/\\\/www.cde.ual.es\\\/en\\\/enfermeros-para-trabajar-en-instituciones-la-union-europea\\\/#breadcrumb\",\"itemListElement\":[{\"@type\":\"ListItem\",\"position\":1,\"name\":\"Inicio\",\"item\":\"https:\\\/\\\/www.cde.ual.es\\\/en\\\/\"},{\"@type\":\"ListItem\",\"position\":2,\"name\":\"Uncategorized\",\"item\":\"https:\\\/\\\/www.cde.ual.es\\\/en\\\/category\\\/uncategorized\\\/\"},{\"@type\":\"ListItem\",\"position\":3,\"name\":\"Enfermeros para trabajar en instituciones la Uni\u00f3n Europea\"}]},{\"@type\":\"WebSite\",\"@id\":\"https:\\\/\\\/www.cde.ual.es\\\/#website\",\"url\":\"https:\\\/\\\/www.cde.ual.es\\\/\",\"name\":\"CDE Almer\u00eda - Centro de Documentaci\u00f3n Europea - Universidad de Almer\u00eda\",\"description\":\"Centro de Documentaci\u00f3n Europea de la Universidad de Almer\u00eda\",\"publisher\":{\"@id\":\"https:\\\/\\\/www.cde.ual.es\\\/#organization\"},\"alternateName\":\"CDE Almer\u00eda\",\"potentialAction\":[{\"@type\":\"SearchAction\",\"target\":{\"@type\":\"EntryPoint\",\"urlTemplate\":\"https:\\\/\\\/www.cde.ual.es\\\/?s={search_term_string}\"},\"query-input\":{\"@type\":\"PropertyValueSpecification\",\"valueRequired\":true,\"valueName\":\"search_term_string\"}}],\"inLanguage\":\"en-US\"},{\"@type\":\"Organization\",\"@id\":\"https:\\\/\\\/www.cde.ual.es\\\/#organization\",\"name\":\"Centro de Documentaci\u00f3n Europea de Almer\u00eda\",\"url\":\"https:\\\/\\\/www.cde.ual.es\\\/\",\"logo\":{\"@type\":\"ImageObject\",\"inLanguage\":\"en-US\",\"@id\":\"https:\\\/\\\/www.cde.ual.es\\\/#\\\/schema\\\/logo\\\/image\\\/\",\"url\":\"https:\\\/\\\/www.cde.ual.es\\\/wp-content\\\/uploads\\\/2025\\\/07\\\/cde-logo-3.png\",\"contentUrl\":\"https:\\\/\\\/www.cde.ual.es\\\/wp-content\\\/uploads\\\/2025\\\/07\\\/cde-logo-3.png\",\"width\":1400,\"height\":300,\"caption\":\"Centro de Documentaci\u00f3n Europea de Almer\u00eda\"},\"image\":{\"@id\":\"https:\\\/\\\/www.cde.ual.es\\\/#\\\/schema\\\/logo\\\/image\\\/\"},\"sameAs\":[\"https:\\\/\\\/www.facebook.com\\\/cdeuniversidadalmeria\\\/\",\"https:\\\/\\\/x.com\\\/cdeualmeria\",\"https:\\\/\\\/www.tiktok.com\\\/@cdealmeria\",\"https:\\\/\\\/www.instagram.com\\\/cdealmeria\\\/\",\"https:\\\/\\\/www.linkedin.com\\\/in\\\/cde-almera-812b26a9\\\/\"]},{\"@type\":\"Person\",\"@id\":\"https:\\\/\\\/www.cde.ual.es\\\/#\\\/schema\\\/person\\\/224ef08c8bcc005f319d2713ce37ee5f\",\"name\":\"AdminCDE\",\"image\":{\"@type\":\"ImageObject\",\"inLanguage\":\"en-US\",\"@id\":\"https:\\\/\\\/secure.gravatar.com\\\/avatar\\\/a72d038d371f995cd13706fac32274b7952a52e8fb0a84b5f80c85426f2a98a8?s=96&d=mm&r=g\",\"url\":\"https:\\\/\\\/secure.gravatar.com\\\/avatar\\\/a72d038d371f995cd13706fac32274b7952a52e8fb0a84b5f80c85426f2a98a8?s=96&d=mm&r=g\",\"contentUrl\":\"https:\\\/\\\/secure.gravatar.com\\\/avatar\\\/a72d038d371f995cd13706fac32274b7952a52e8fb0a84b5f80c85426f2a98a8?s=96&d=mm&r=g\",\"caption\":\"AdminCDE\"}}]}<\/script>\n<!-- \/ Yoast SEO plugin. -->","yoast_head_json":{"title":"Enfermeros para trabajar en instituciones la Uni\u00f3n Europea | CDE Almer\u00eda - Centro de Documentaci\u00f3n Europea - Universidad de Almer\u00eda","robots":{"index":"index","follow":"follow","max-snippet":"max-snippet:-1","max-image-preview":"max-image-preview:large","max-video-preview":"max-video-preview:-1"},"canonical":"https:\/\/www.cde.ual.es\/en\/enfermeros-para-trabajar-en-instituciones-la-union-europea\/","og_locale":"en_US","og_type":"article","og_title":"Enfermeros para trabajar en instituciones la Uni\u00f3n Europea | CDE Almer\u00eda - Centro de Documentaci\u00f3n Europea - Universidad de Almer\u00eda","og_description":"La Oficina Europea de Selecci\u00f3n de Personal (EPSO) ha convocado un\u00a0concurso-oposici\u00f3n para\u00a0enfermeros y enfermeras que deseen\u00a0trabajar en instituciones la Uni\u00f3n Europea. Hay un total de 16 plazas y fundamentalmente ocupar\u00e1n estos puestos en el Parlamento Europeo y el Consejo en Bruselas y Luxemburgo. Las funciones principales de estos profesionales ser\u00e1n las relacionadas con la profesi\u00f3n: [&hellip;]","og_url":"https:\/\/www.cde.ual.es\/en\/enfermeros-para-trabajar-en-instituciones-la-union-europea\/","og_site_name":"CDE Almer\u00eda - Centro de Documentaci\u00f3n Europea - Universidad de Almer\u00eda","article_publisher":"https:\/\/www.facebook.com\/cdeuniversidadalmeria\/","article_published_time":"2017-04-25T08:07:58+00:00","author":"AdminCDE","twitter_card":"summary_large_image","twitter_creator":"@cdeualmeria","twitter_site":"@cdeualmeria","twitter_misc":{"Written by":"AdminCDE","Est. reading time":"1 minute"},"schema":{"@context":"https:\/\/schema.org","@graph":[{"@type":"Article","@id":"https:\/\/www.cde.ual.es\/en\/enfermeros-para-trabajar-en-instituciones-la-union-europea\/#article","isPartOf":{"@id":"https:\/\/www.cde.ual.es\/en\/enfermeros-para-trabajar-en-instituciones-la-union-europea\/"},"author":{"name":"AdminCDE","@id":"https:\/\/www.cde.ual.es\/#\/schema\/person\/224ef08c8bcc005f319d2713ce37ee5f"},"headline":"Enfermeros para trabajar en instituciones la Uni\u00f3n Europea","datePublished":"2017-04-25T08:07:58+00:00","mainEntityOfPage":{"@id":"https:\/\/www.cde.ual.es\/en\/enfermeros-para-trabajar-en-instituciones-la-union-europea\/"},"wordCount":274,"commentCount":0,"publisher":{"@id":"https:\/\/www.cde.ual.es\/#organization"},"articleSection":["Sin categorizar"],"inLanguage":"en-US","potentialAction":[{"@type":"CommentAction","name":"Comment","target":["https:\/\/www.cde.ual.es\/en\/enfermeros-para-trabajar-en-instituciones-la-union-europea\/#respond"]}]},{"@type":"WebPage","@id":"https:\/\/www.cde.ual.es\/en\/enfermeros-para-trabajar-en-instituciones-la-union-europea\/","url":"https:\/\/www.cde.ual.es\/en\/enfermeros-para-trabajar-en-instituciones-la-union-europea\/","name":"Enfermeros para trabajar en instituciones la Uni\u00f3n Europea | CDE Almer\u00eda - Centro de Documentaci\u00f3n Europea - Universidad de Almer\u00eda","isPartOf":{"@id":"https:\/\/www.cde.ual.es\/#website"},"datePublished":"2017-04-25T08:07:58+00:00","breadcrumb":{"@id":"https:\/\/www.cde.ual.es\/en\/enfermeros-para-trabajar-en-instituciones-la-union-europea\/#breadcrumb"},"inLanguage":"en-US","potentialAction":[{"@type":"ReadAction","target":["https:\/\/www.cde.ual.es\/en\/enfermeros-para-trabajar-en-instituciones-la-union-europea\/"]}]},{"@type":"BreadcrumbList","@id":"https:\/\/www.cde.ual.es\/en\/enfermeros-para-trabajar-en-instituciones-la-union-europea\/#breadcrumb","itemListElement":[{"@type":"ListItem","position":1,"name":"Inicio","item":"https:\/\/www.cde.ual.es\/en\/"},{"@type":"ListItem","position":2,"name":"Uncategorized","item":"https:\/\/www.cde.ual.es\/en\/category\/uncategorized\/"},{"@type":"ListItem","position":3,"name":"Enfermeros para trabajar en instituciones la Uni\u00f3n Europea"}]},{"@type":"WebSite","@id":"https:\/\/www.cde.ual.es\/#website","url":"https:\/\/www.cde.ual.es\/","name":"CDE Almer\u00eda - Centro de Documentaci\u00f3n Europea - Universidad de Almer\u00eda","description":"Centro de Documentaci\u00f3n Europea de la Universidad de Almer\u00eda","publisher":{"@id":"https:\/\/www.cde.ual.es\/#organization"},"alternateName":"CDE Almer\u00eda","potentialAction":[{"@type":"SearchAction","target":{"@type":"EntryPoint","urlTemplate":"https:\/\/www.cde.ual.es\/?s={search_term_string}"},"query-input":{"@type":"PropertyValueSpecification","valueRequired":true,"valueName":"search_term_string"}}],"inLanguage":"en-US"},{"@type":"Organization","@id":"https:\/\/www.cde.ual.es\/#organization","name":"Centro de Documentaci\u00f3n Europea de Almer\u00eda","url":"https:\/\/www.cde.ual.es\/","logo":{"@type":"ImageObject","inLanguage":"en-US","@id":"https:\/\/www.cde.ual.es\/#\/schema\/logo\/image\/","url":"https:\/\/www.cde.ual.es\/wp-content\/uploads\/2025\/07\/cde-logo-3.png","contentUrl":"https:\/\/www.cde.ual.es\/wp-content\/uploads\/2025\/07\/cde-logo-3.png","width":1400,"height":300,"caption":"Centro de Documentaci\u00f3n Europea de Almer\u00eda"},"image":{"@id":"https:\/\/www.cde.ual.es\/#\/schema\/logo\/image\/"},"sameAs":["https:\/\/www.facebook.com\/cdeuniversidadalmeria\/","https:\/\/x.com\/cdeualmeria","https:\/\/www.tiktok.com\/@cdealmeria","https:\/\/www.instagram.com\/cdealmeria\/","https:\/\/www.linkedin.com\/in\/cde-almera-812b26a9\/"]},{"@type":"Person","@id":"https:\/\/www.cde.ual.es\/#\/schema\/person\/224ef08c8bcc005f319d2713ce37ee5f","name":"AdminCDE","image":{"@type":"ImageObject","inLanguage":"en-US","@id":"https:\/\/secure.gravatar.com\/avatar\/a72d038d371f995cd13706fac32274b7952a52e8fb0a84b5f80c85426f2a98a8?s=96&d=mm&r=g","url":"https:\/\/secure.gravatar.com\/avatar\/a72d038d371f995cd13706fac32274b7952a52e8fb0a84b5f80c85426f2a98a8?s=96&d=mm&r=g","contentUrl":"https:\/\/secure.gravatar.com\/avatar\/a72d038d371f995cd13706fac32274b7952a52e8fb0a84b5f80c85426f2a98a8?s=96&d=mm&r=g","caption":"AdminCDE"}}]}},"_links":{"self":[{"href":"https:\/\/www.cde.ual.es\/en\/wp-json\/wp\/v2\/posts\/1848","targetHints":{"allow":["GET"]}}],"collection":[{"href":"https:\/\/www.cde.ual.es\/en\/wp-json\/wp\/v2\/posts"}],"about":[{"href":"https:\/\/www.cde.ual.es\/en\/wp-json\/wp\/v2\/types\/post"}],"author":[{"embeddable":true,"href":"https:\/\/www.cde.ual.es\/en\/wp-json\/wp\/v2\/users\/1"}],"replies":[{"embeddable":true,"href":"https:\/\/www.cde.ual.es\/en\/wp-json\/wp\/v2\/comments?post=1848"}],"version-history":[{"count":0,"href":"https:\/\/www.cde.ual.es\/en\/wp-json\/wp\/v2\/posts\/1848\/revisions"}],"wp:attachment":[{"href":"https:\/\/www.cde.ual.es\/en\/wp-json\/wp\/v2\/media?parent=1848"}],"wp:term":[{"taxonomy":"category","embeddable":true,"href":"https:\/\/www.cde.ual.es\/en\/wp-json\/wp\/v2\/categories?post=1848"},{"taxonomy":"post_tag","embeddable":true,"href":"https:\/\/www.cde.ual.es\/en\/wp-json\/wp\/v2\/tags?post=1848"}],"curies":[{"name":"wp","href":"https:\/\/api.w.org\/{rel}","templated":true}]}}