{"id":18219,"date":"2019-05-27T10:13:06","date_gmt":"2019-05-27T08:13:06","guid":{"rendered":"https:\/\/www.cde.ual.es\/?p=18219"},"modified":"2019-05-27T10:13:06","modified_gmt":"2019-05-27T08:13:06","slug":"rec-programme-restricted-call-for-proposals-to-national-authorities-on-closing-gender-gaps-over-the-life-cycle-work-life-balance-for-women-and-men-a-better-sharing-of-care","status":"publish","type":"post","link":"https:\/\/www.cde.ual.es\/en\/rec-programme-restricted-call-for-proposals-to-national-authorities-on-closing-gender-gaps-over-the-life-cycle-work-life-balance-for-women-and-men-a-better-sharing-of-care\/","title":{"rendered":"REC Programme: Restricted call for proposals to national authorities on closing gender gaps over the life cycle &#8211; work-life balance for women and men &#8211; a better sharing of care"},"content":{"rendered":"<p><a href=\"https:\/\/www.cde.ual.es\/wp-content\/uploads\/2019\/01\/Igualdad-salarial.jpg\"><img decoding=\"async\" class=\"size-medium wp-image-18222 aligncenter\" src=\"https:\/\/www.cde.ual.es\/wp-content\/uploads\/2019\/01\/Igualdad-salarial-300x144.jpg\" alt=\"\" width=\"300\" height=\"144\" srcset=\"https:\/\/www.cde.ual.es\/wp-content\/uploads\/2019\/01\/Igualdad-salarial-300x144.jpg 300w, https:\/\/www.cde.ual.es\/wp-content\/uploads\/2019\/01\/Igualdad-salarial-768x370.jpg 768w, https:\/\/www.cde.ual.es\/wp-content\/uploads\/2019\/01\/Igualdad-salarial.jpg 960w\" sizes=\"(max-width: 300px) 100vw, 300px\" \/><\/a><\/p>\n<p><em><strong>The restricted call for proposals will focus on the gender gaps over the life-cycle, looking at work-life balance for women and men, including through a better sharing of care.<\/strong><\/em><\/p>\n<p>The aim is to support Member States in raising awareness and tackling gender stereotypes with regard to roles in work and in private life, and in particular with regard to reconciliation issues (including the promotion of the uptake of family-related leaves by men), taking into account national specificities, complemented by EU broad common messages.<\/p>\n<h3>Description of the activities<\/h3>\n<p>Whereas several measures and initiatives are listed, it is not requested to include all of them in a single project. Projects with a strong focus are very much valued.<\/p>\n<p>Activities may consist of any of the following:<\/p>\n<ul>\n<li>activities tackling negative attitudes and gender stereotypes with regard to care;<\/li>\n<li>awareness-raising, education and empowerment activities; in particular, at individual and company level, awareness-raising activities on behaviours of men and women, their superiors and colleagues, concerning the combination of work and private care, attitudes towards certain working patterns by men and women as well as work-life balance friendly workplace practices;<\/li>\n<li>exchange of good practice, mutual learning, seminars; in particular, activities promoting good practice examples of companies who address work-life balance for all workers in a comprehensive strategy, including innovative workplace practices in terms of space\/time, adapted to different time needs of workers over the life course;<\/li>\n<li>capacity-building and training activities for company actors and authorities.<\/li>\n<\/ul>\n<p>Activities must take place in countries participating to the REC Programme to be eligible for funding.<\/p>\n<h3 style=\"font-weight: 400;\"><strong><span style=\"font-style: inherit;\">Duration of the projects<\/span><\/strong><\/h3>\n<p style=\"font-weight: 400;\"><span style=\"font-style: inherit; font-weight: inherit;\">The initial duration of the projects should not exceed 24 months.\u00a0<\/span><span style=\"font-style: inherit; font-weight: inherit;\">No grant may be\u00a0<\/span><span style=\"font-style: inherit; font-weight: inherit;\">awarded retrospectively for actions already completed.\u00a0<\/span><span style=\"font-style: inherit; font-weight: inherit;\">A grant may be awarded for an action which has already begun only where the applicant can demonstrate the need to start the action before the grant agreement is signed. In such cases, costs eligible for financing may not have been incurred prior to the date of submission of the grant application.<\/span><\/p>\n<h3>Dead line<\/h3>\n<p>June 13en 2019<\/p>\n<h3>For more information<\/h3>\n<ul>\n<li><a href=\"https:\/\/ec.europa.eu\/info\/funding-tenders\/opportunities\/portal\/screen\/opportunities\/topic-details\/rec-rgen-wwlb-ag-2019;freeTextSearchKeyword=;typeCodes=1;statusCodes=31094501,31094502;programCode=REC;programDivisionCode=null;focusAreaCode=null;crossCuttingPriorityCode=null;callCode=Default;sortQuery=openingDate;orderBy=asc;onlyTenders=false;topicListKey=topicSearchTablePageState\">Funding and tenders call<\/a><\/li>\n<li style=\"font-style: inherit; font-weight: inherit;\"><span style=\"font-style: inherit; font-weight: inherit;\"><u style=\"font-style: inherit; font-weight: inherit;\"><a style=\"font-style: inherit; font-weight: inherit;\" href=\"http:\/\/ec.europa.eu\/research\/participants\/data\/ref\/other_eu_prog\/common\/just-rec_annex-call-proposals_ag-19_en.pdf\">Annex on financial provisions<\/a><\/u><\/span><\/li>\n<li style=\"font-style: inherit; font-weight: inherit;\"><span style=\"font-style: inherit; font-weight: inherit;\"><u style=\"font-style: inherit; font-weight: inherit;\"><a style=\"font-style: inherit; font-weight: inherit;\" href=\"http:\/\/ec.europa.eu\/research\/participants\/data\/ref\/other_eu_prog\/common\/just-rec-guide-applicants-19_en.pdf\">Guide for applicants<\/a><\/u><\/span><\/li>\n<li style=\"font-style: inherit; font-weight: inherit;\"><span style=\"font-style: inherit; font-weight: inherit;\"><u style=\"font-style: inherit; font-weight: inherit;\"><a style=\"font-style: inherit; font-weight: inherit;\" href=\"http:\/\/ec.europa.eu\/research\/participants\/data\/ref\/other_eu_prog\/rec\/tpl\/pt\/rec-call-ag-pt-19_en.pdf\">Standard proposal template<\/a><\/u><\/span><\/li>\n<li style=\"font-style: inherit; font-weight: inherit;\"><span style=\"font-style: inherit; font-weight: inherit;\"><u style=\"font-style: inherit; font-weight: inherit;\"><a style=\"font-style: inherit; font-weight: inherit;\" href=\"http:\/\/ec.europa.eu\/research\/participants\/data\/ref\/other_eu_prog\/common\/just-rec-guide-budget-tpl_en.xls\">Detailed budget template to facilitate the planning of your project<\/a><\/u><\/span><\/li>\n<li style=\"font-style: inherit; font-weight: inherit;\"><span style=\"font-style: inherit; font-weight: inherit;\"><u style=\"font-style: inherit; font-weight: inherit;\"><a style=\"font-style: inherit; font-weight: inherit;\" href=\"http:\/\/ec.europa.eu\/research\/participants\/data\/ref\/other_eu_prog\/common\/justice-rec_mga-mono_en.pdf\">Model grant agreement for mono-beneficiary grants<\/a><\/u><\/span><\/li>\n<li style=\"font-style: inherit; font-weight: inherit;\"><span style=\"font-style: inherit; font-weight: inherit;\"><u style=\"font-style: inherit; font-weight: inherit;\"><a style=\"font-style: inherit; font-weight: inherit;\" href=\"http:\/\/ec.europa.eu\/research\/participants\/data\/ref\/other_eu_prog\/common\/justice-rec_mga-multi_en.pdf\">Model grant agreement for multi-beneficiary grants<\/a><\/u><\/span><\/li>\n<li style=\"font-style: inherit; font-weight: inherit;\"><span style=\"font-style: inherit; font-weight: inherit;\"><u style=\"font-style: inherit; font-weight: inherit;\"><a style=\"font-style: inherit; font-weight: inherit;\" href=\"http:\/\/ec.europa.eu\/research\/participants\/data\/ref\/other_eu_prog\/justice\/guide\/pse\/just-legal-b-indicators_en.pdf\">Legal basis indicators<\/a><\/u><\/span><\/li>\n<li style=\"font-style: inherit; font-weight: inherit;\"><span style=\"font-style: inherit; font-weight: inherit;\"><u style=\"font-style: inherit; font-weight: inherit;\"><span style=\"font-style: inherit; font-weight: inherit;\"><a style=\"font-style: inherit; font-weight: inherit;\" href=\"http:\/\/ec.europa.eu\/research\/participants\/data\/ref\/other_eu_prog\/rec\/wp\/rec-awp-2019_en.pdf\"><u style=\"font-style: inherit; font-weight: inherit;\">REC Programme \u2013 Annual work programme 2019<\/u><\/a><\/span><\/u><\/span><\/li>\n<li style=\"font-style: inherit; font-weight: inherit;\"><span style=\"font-style: inherit; font-weight: inherit;\"><u style=\"font-style: inherit; font-weight: inherit;\"><span style=\"font-style: inherit; font-weight: inherit;\"><a style=\"font-style: inherit; font-weight: inherit;\" href=\"http:\/\/ec.europa.eu\/research\/participants\/data\/ref\/other_eu_prog\/rec\/legal\/rec-legalbasis_en.pdf\"><u style=\"font-style: inherit; font-weight: inherit;\"><span style=\"font-style: inherit; font-weight: inherit;\">REC Programme legal basis<\/span><\/u><\/a><\/span><\/u><\/span><\/li>\n<li style=\"font-style: inherit; font-weight: inherit;\"><span style=\"font-style: inherit; font-weight: inherit;\"><u style=\"font-style: inherit; font-weight: inherit;\"><span style=\"font-style: inherit; font-weight: inherit;\"><a style=\"font-style: inherit; font-weight: inherit;\" href=\"https:\/\/eur-lex.europa.eu\/legal-content\/EN\/TXT\/PDF\/?uri=CELEX:32018R1046&amp;rid=9\"><u style=\"font-style: inherit; font-weight: inherit;\"><span style=\"font-style: inherit; font-weight: inherit;\">EU Financial Regulation<\/span><\/u><\/a><\/span><\/u><\/span><\/li>\n<\/ul>\n","protected":false},"excerpt":{"rendered":"<p>The restricted call for proposals will focus on the gender gaps over the life-cycle, looking at work-life balance for women and men, including through a better sharing of care. The aim is to support Member States in raising awareness and tackling gender stereotypes with regard to roles in work and in private life, and in [&hellip;]<\/p>\n","protected":false},"author":1,"featured_media":18222,"comment_status":"open","ping_status":"open","sticky":false,"template":"","format":"standard","meta":{"_acf_changed":false,"_relevanssi_hide_post":"","_relevanssi_hide_content":"","_relevanssi_pin_for_all":"","_relevanssi_pin_keywords":"","_relevanssi_unpin_keywords":"","_relevanssi_related_keywords":"","_relevanssi_related_include_ids":"","_relevanssi_related_exclude_ids":"","_relevanssi_related_no_append":"","_relevanssi_related_not_related":"","_relevanssi_related_posts":"","_relevanssi_noindex_reason":"","_monsterinsights_skip_tracking":false,"_monsterinsights_sitenote_active":false,"_monsterinsights_sitenote_note":"","_monsterinsights_sitenote_category":0,"_genesis_hide_title":false,"_genesis_hide_breadcrumbs":false,"_genesis_hide_singular_image":false,"_genesis_hide_footer_widgets":false,"_genesis_custom_body_class":"","_genesis_custom_post_class":"","_genesis_layout":"","footnotes":""},"categories":[366],"tags":[418],"class_list":{"0":"post-18219","1":"post","2":"type-post","3":"status-publish","4":"format-standard","5":"has-post-thumbnail","7":"category-eu-calls-and-awards","8":"tag-gender-equality","9":"entry"},"acf":[],"yoast_head":"<!-- This site is optimized with the Yoast SEO plugin v27.4 - https:\/\/yoast.com\/product\/yoast-seo-wordpress\/ -->\n<title>REC Programme: Restricted call for proposals to national authorities on closing gender gaps over the life cycle - work-life balance for women and men - a better sharing of care | CDE Almer\u00eda - Centro de Documentaci\u00f3n Europea - Universidad de Almer\u00eda<\/title>\n<meta name=\"robots\" content=\"index, follow, max-snippet:-1, max-image-preview:large, max-video-preview:-1\" \/>\n<link rel=\"canonical\" href=\"https:\/\/www.cde.ual.es\/en\/rec-programme-restricted-call-for-proposals-to-national-authorities-on-closing-gender-gaps-over-the-life-cycle-work-life-balance-for-women-and-men-a-better-sharing-of-care\/\" \/>\n<meta property=\"og:locale\" content=\"en_US\" \/>\n<meta property=\"og:type\" content=\"article\" \/>\n<meta property=\"og:title\" content=\"REC Programme: Restricted call for proposals to national authorities on closing gender gaps over the life cycle - work-life balance for women and men - a better sharing of care | CDE Almer\u00eda - Centro de Documentaci\u00f3n Europea - Universidad de Almer\u00eda\" \/>\n<meta property=\"og:description\" content=\"The restricted call for proposals will focus on the gender gaps over the life-cycle, looking at work-life balance for women and men, including through a better sharing of care. The aim is to support Member States in raising awareness and tackling gender stereotypes with regard to roles in work and in private life, and in [&hellip;]\" \/>\n<meta property=\"og:url\" content=\"https:\/\/www.cde.ual.es\/en\/rec-programme-restricted-call-for-proposals-to-national-authorities-on-closing-gender-gaps-over-the-life-cycle-work-life-balance-for-women-and-men-a-better-sharing-of-care\/\" \/>\n<meta property=\"og:site_name\" content=\"CDE Almer\u00eda - Centro de Documentaci\u00f3n Europea - Universidad de Almer\u00eda\" \/>\n<meta property=\"article:publisher\" content=\"https:\/\/www.facebook.com\/cdeuniversidadalmeria\/\" \/>\n<meta property=\"article:published_time\" content=\"2019-05-27T08:13:06+00:00\" \/>\n<meta property=\"og:image\" content=\"https:\/\/www.cde.ual.es\/wp-content\/uploads\/2019\/01\/Igualdad-salarial.jpg\" \/>\n\t<meta property=\"og:image:width\" content=\"960\" \/>\n\t<meta property=\"og:image:height\" content=\"462\" \/>\n\t<meta property=\"og:image:type\" content=\"image\/jpeg\" \/>\n<meta name=\"author\" content=\"AdminCDE\" \/>\n<meta name=\"twitter:card\" content=\"summary_large_image\" \/>\n<meta name=\"twitter:creator\" content=\"@cdeualmeria\" \/>\n<meta name=\"twitter:site\" content=\"@cdeualmeria\" \/>\n<meta name=\"twitter:label1\" content=\"Written by\" \/>\n\t<meta name=\"twitter:data1\" content=\"AdminCDE\" \/>\n\t<meta name=\"twitter:label2\" content=\"Est. reading time\" \/>\n\t<meta name=\"twitter:data2\" content=\"2 minutes\" \/>\n<script type=\"application\/ld+json\" class=\"yoast-schema-graph\">{\"@context\":\"https:\\\/\\\/schema.org\",\"@graph\":[{\"@type\":\"Article\",\"@id\":\"https:\\\/\\\/www.cde.ual.es\\\/en\\\/rec-programme-restricted-call-for-proposals-to-national-authorities-on-closing-gender-gaps-over-the-life-cycle-work-life-balance-for-women-and-men-a-better-sharing-of-care\\\/#article\",\"isPartOf\":{\"@id\":\"https:\\\/\\\/www.cde.ual.es\\\/en\\\/rec-programme-restricted-call-for-proposals-to-national-authorities-on-closing-gender-gaps-over-the-life-cycle-work-life-balance-for-women-and-men-a-better-sharing-of-care\\\/\"},\"author\":{\"name\":\"AdminCDE\",\"@id\":\"https:\\\/\\\/www.cde.ual.es\\\/#\\\/schema\\\/person\\\/224ef08c8bcc005f319d2713ce37ee5f\"},\"headline\":\"REC Programme: Restricted call for proposals to national authorities on closing gender gaps over the life cycle &#8211; work-life balance for women and men &#8211; a better sharing of care\",\"datePublished\":\"2019-05-27T08:13:06+00:00\",\"mainEntityOfPage\":{\"@id\":\"https:\\\/\\\/www.cde.ual.es\\\/en\\\/rec-programme-restricted-call-for-proposals-to-national-authorities-on-closing-gender-gaps-over-the-life-cycle-work-life-balance-for-women-and-men-a-better-sharing-of-care\\\/\"},\"wordCount\":420,\"commentCount\":0,\"publisher\":{\"@id\":\"https:\\\/\\\/www.cde.ual.es\\\/#organization\"},\"image\":{\"@id\":\"https:\\\/\\\/www.cde.ual.es\\\/en\\\/rec-programme-restricted-call-for-proposals-to-national-authorities-on-closing-gender-gaps-over-the-life-cycle-work-life-balance-for-women-and-men-a-better-sharing-of-care\\\/#primaryimage\"},\"thumbnailUrl\":\"https:\\\/\\\/www.cde.ual.es\\\/wp-content\\\/uploads\\\/2019\\\/01\\\/Igualdad-salarial.jpg\",\"keywords\":[\"gender equality\"],\"articleSection\":[\"EU Calls and Awards\"],\"inLanguage\":\"en-US\",\"potentialAction\":[{\"@type\":\"CommentAction\",\"name\":\"Comment\",\"target\":[\"https:\\\/\\\/www.cde.ual.es\\\/en\\\/rec-programme-restricted-call-for-proposals-to-national-authorities-on-closing-gender-gaps-over-the-life-cycle-work-life-balance-for-women-and-men-a-better-sharing-of-care\\\/#respond\"]}]},{\"@type\":\"WebPage\",\"@id\":\"https:\\\/\\\/www.cde.ual.es\\\/en\\\/rec-programme-restricted-call-for-proposals-to-national-authorities-on-closing-gender-gaps-over-the-life-cycle-work-life-balance-for-women-and-men-a-better-sharing-of-care\\\/\",\"url\":\"https:\\\/\\\/www.cde.ual.es\\\/en\\\/rec-programme-restricted-call-for-proposals-to-national-authorities-on-closing-gender-gaps-over-the-life-cycle-work-life-balance-for-women-and-men-a-better-sharing-of-care\\\/\",\"name\":\"REC Programme: Restricted call for proposals to national authorities on closing gender gaps over the life cycle - work-life balance for women and men - a better sharing of care | CDE Almer\u00eda - Centro de Documentaci\u00f3n Europea - Universidad de Almer\u00eda\",\"isPartOf\":{\"@id\":\"https:\\\/\\\/www.cde.ual.es\\\/#website\"},\"primaryImageOfPage\":{\"@id\":\"https:\\\/\\\/www.cde.ual.es\\\/en\\\/rec-programme-restricted-call-for-proposals-to-national-authorities-on-closing-gender-gaps-over-the-life-cycle-work-life-balance-for-women-and-men-a-better-sharing-of-care\\\/#primaryimage\"},\"image\":{\"@id\":\"https:\\\/\\\/www.cde.ual.es\\\/en\\\/rec-programme-restricted-call-for-proposals-to-national-authorities-on-closing-gender-gaps-over-the-life-cycle-work-life-balance-for-women-and-men-a-better-sharing-of-care\\\/#primaryimage\"},\"thumbnailUrl\":\"https:\\\/\\\/www.cde.ual.es\\\/wp-content\\\/uploads\\\/2019\\\/01\\\/Igualdad-salarial.jpg\",\"datePublished\":\"2019-05-27T08:13:06+00:00\",\"breadcrumb\":{\"@id\":\"https:\\\/\\\/www.cde.ual.es\\\/en\\\/rec-programme-restricted-call-for-proposals-to-national-authorities-on-closing-gender-gaps-over-the-life-cycle-work-life-balance-for-women-and-men-a-better-sharing-of-care\\\/#breadcrumb\"},\"inLanguage\":\"en-US\",\"potentialAction\":[{\"@type\":\"ReadAction\",\"target\":[\"https:\\\/\\\/www.cde.ual.es\\\/en\\\/rec-programme-restricted-call-for-proposals-to-national-authorities-on-closing-gender-gaps-over-the-life-cycle-work-life-balance-for-women-and-men-a-better-sharing-of-care\\\/\"]}]},{\"@type\":\"ImageObject\",\"inLanguage\":\"en-US\",\"@id\":\"https:\\\/\\\/www.cde.ual.es\\\/en\\\/rec-programme-restricted-call-for-proposals-to-national-authorities-on-closing-gender-gaps-over-the-life-cycle-work-life-balance-for-women-and-men-a-better-sharing-of-care\\\/#primaryimage\",\"url\":\"https:\\\/\\\/www.cde.ual.es\\\/wp-content\\\/uploads\\\/2019\\\/01\\\/Igualdad-salarial.jpg\",\"contentUrl\":\"https:\\\/\\\/www.cde.ual.es\\\/wp-content\\\/uploads\\\/2019\\\/01\\\/Igualdad-salarial.jpg\",\"width\":960,\"height\":462},{\"@type\":\"BreadcrumbList\",\"@id\":\"https:\\\/\\\/www.cde.ual.es\\\/en\\\/rec-programme-restricted-call-for-proposals-to-national-authorities-on-closing-gender-gaps-over-the-life-cycle-work-life-balance-for-women-and-men-a-better-sharing-of-care\\\/#breadcrumb\",\"itemListElement\":[{\"@type\":\"ListItem\",\"position\":1,\"name\":\"Inicio\",\"item\":\"https:\\\/\\\/www.cde.ual.es\\\/en\\\/\"},{\"@type\":\"ListItem\",\"position\":2,\"name\":\"EU Calls and Awards\",\"item\":\"https:\\\/\\\/www.cde.ual.es\\\/en\\\/category\\\/eu-calls-and-awards\\\/\"},{\"@type\":\"ListItem\",\"position\":3,\"name\":\"REC Programme: Restricted call for proposals to national authorities on closing gender gaps over the life cycle &#8211; work-life balance for women and men &#8211; a better sharing of care\"}]},{\"@type\":\"WebSite\",\"@id\":\"https:\\\/\\\/www.cde.ual.es\\\/#website\",\"url\":\"https:\\\/\\\/www.cde.ual.es\\\/\",\"name\":\"CDE Almer\u00eda - Centro de Documentaci\u00f3n Europea - Universidad de Almer\u00eda\",\"description\":\"Centro de Documentaci\u00f3n Europea de la Universidad de Almer\u00eda\",\"publisher\":{\"@id\":\"https:\\\/\\\/www.cde.ual.es\\\/#organization\"},\"alternateName\":\"CDE Almer\u00eda\",\"potentialAction\":[{\"@type\":\"SearchAction\",\"target\":{\"@type\":\"EntryPoint\",\"urlTemplate\":\"https:\\\/\\\/www.cde.ual.es\\\/?s={search_term_string}\"},\"query-input\":{\"@type\":\"PropertyValueSpecification\",\"valueRequired\":true,\"valueName\":\"search_term_string\"}}],\"inLanguage\":\"en-US\"},{\"@type\":\"Organization\",\"@id\":\"https:\\\/\\\/www.cde.ual.es\\\/#organization\",\"name\":\"Centro de Documentaci\u00f3n Europea de Almer\u00eda\",\"url\":\"https:\\\/\\\/www.cde.ual.es\\\/\",\"logo\":{\"@type\":\"ImageObject\",\"inLanguage\":\"en-US\",\"@id\":\"https:\\\/\\\/www.cde.ual.es\\\/#\\\/schema\\\/logo\\\/image\\\/\",\"url\":\"https:\\\/\\\/www.cde.ual.es\\\/wp-content\\\/uploads\\\/2025\\\/07\\\/cde-logo-3.png\",\"contentUrl\":\"https:\\\/\\\/www.cde.ual.es\\\/wp-content\\\/uploads\\\/2025\\\/07\\\/cde-logo-3.png\",\"width\":1400,\"height\":300,\"caption\":\"Centro de Documentaci\u00f3n Europea de Almer\u00eda\"},\"image\":{\"@id\":\"https:\\\/\\\/www.cde.ual.es\\\/#\\\/schema\\\/logo\\\/image\\\/\"},\"sameAs\":[\"https:\\\/\\\/www.facebook.com\\\/cdeuniversidadalmeria\\\/\",\"https:\\\/\\\/x.com\\\/cdeualmeria\",\"https:\\\/\\\/www.tiktok.com\\\/@cdealmeria\",\"https:\\\/\\\/www.instagram.com\\\/cdealmeria\\\/\",\"https:\\\/\\\/www.linkedin.com\\\/in\\\/cde-almera-812b26a9\\\/\"]},{\"@type\":\"Person\",\"@id\":\"https:\\\/\\\/www.cde.ual.es\\\/#\\\/schema\\\/person\\\/224ef08c8bcc005f319d2713ce37ee5f\",\"name\":\"AdminCDE\",\"image\":{\"@type\":\"ImageObject\",\"inLanguage\":\"en-US\",\"@id\":\"https:\\\/\\\/secure.gravatar.com\\\/avatar\\\/a72d038d371f995cd13706fac32274b7952a52e8fb0a84b5f80c85426f2a98a8?s=96&d=mm&r=g\",\"url\":\"https:\\\/\\\/secure.gravatar.com\\\/avatar\\\/a72d038d371f995cd13706fac32274b7952a52e8fb0a84b5f80c85426f2a98a8?s=96&d=mm&r=g\",\"contentUrl\":\"https:\\\/\\\/secure.gravatar.com\\\/avatar\\\/a72d038d371f995cd13706fac32274b7952a52e8fb0a84b5f80c85426f2a98a8?s=96&d=mm&r=g\",\"caption\":\"AdminCDE\"}}]}<\/script>\n<!-- \/ Yoast SEO plugin. -->","yoast_head_json":{"title":"REC Programme: Restricted call for proposals to national authorities on closing gender gaps over the life cycle - work-life balance for women and men - a better sharing of care | CDE Almer\u00eda - Centro de Documentaci\u00f3n Europea - Universidad de Almer\u00eda","robots":{"index":"index","follow":"follow","max-snippet":"max-snippet:-1","max-image-preview":"max-image-preview:large","max-video-preview":"max-video-preview:-1"},"canonical":"https:\/\/www.cde.ual.es\/en\/rec-programme-restricted-call-for-proposals-to-national-authorities-on-closing-gender-gaps-over-the-life-cycle-work-life-balance-for-women-and-men-a-better-sharing-of-care\/","og_locale":"en_US","og_type":"article","og_title":"REC Programme: Restricted call for proposals to national authorities on closing gender gaps over the life cycle - work-life balance for women and men - a better sharing of care | CDE Almer\u00eda - Centro de Documentaci\u00f3n Europea - Universidad de Almer\u00eda","og_description":"The restricted call for proposals will focus on the gender gaps over the life-cycle, looking at work-life balance for women and men, including through a better sharing of care. The aim is to support Member States in raising awareness and tackling gender stereotypes with regard to roles in work and in private life, and in [&hellip;]","og_url":"https:\/\/www.cde.ual.es\/en\/rec-programme-restricted-call-for-proposals-to-national-authorities-on-closing-gender-gaps-over-the-life-cycle-work-life-balance-for-women-and-men-a-better-sharing-of-care\/","og_site_name":"CDE Almer\u00eda - Centro de Documentaci\u00f3n Europea - Universidad de Almer\u00eda","article_publisher":"https:\/\/www.facebook.com\/cdeuniversidadalmeria\/","article_published_time":"2019-05-27T08:13:06+00:00","og_image":[{"width":960,"height":462,"url":"https:\/\/www.cde.ual.es\/wp-content\/uploads\/2019\/01\/Igualdad-salarial.jpg","type":"image\/jpeg"}],"author":"AdminCDE","twitter_card":"summary_large_image","twitter_creator":"@cdeualmeria","twitter_site":"@cdeualmeria","twitter_misc":{"Written by":"AdminCDE","Est. reading time":"2 minutes"},"schema":{"@context":"https:\/\/schema.org","@graph":[{"@type":"Article","@id":"https:\/\/www.cde.ual.es\/en\/rec-programme-restricted-call-for-proposals-to-national-authorities-on-closing-gender-gaps-over-the-life-cycle-work-life-balance-for-women-and-men-a-better-sharing-of-care\/#article","isPartOf":{"@id":"https:\/\/www.cde.ual.es\/en\/rec-programme-restricted-call-for-proposals-to-national-authorities-on-closing-gender-gaps-over-the-life-cycle-work-life-balance-for-women-and-men-a-better-sharing-of-care\/"},"author":{"name":"AdminCDE","@id":"https:\/\/www.cde.ual.es\/#\/schema\/person\/224ef08c8bcc005f319d2713ce37ee5f"},"headline":"REC Programme: Restricted call for proposals to national authorities on closing gender gaps over the life cycle &#8211; work-life balance for women and men &#8211; a better sharing of care","datePublished":"2019-05-27T08:13:06+00:00","mainEntityOfPage":{"@id":"https:\/\/www.cde.ual.es\/en\/rec-programme-restricted-call-for-proposals-to-national-authorities-on-closing-gender-gaps-over-the-life-cycle-work-life-balance-for-women-and-men-a-better-sharing-of-care\/"},"wordCount":420,"commentCount":0,"publisher":{"@id":"https:\/\/www.cde.ual.es\/#organization"},"image":{"@id":"https:\/\/www.cde.ual.es\/en\/rec-programme-restricted-call-for-proposals-to-national-authorities-on-closing-gender-gaps-over-the-life-cycle-work-life-balance-for-women-and-men-a-better-sharing-of-care\/#primaryimage"},"thumbnailUrl":"https:\/\/www.cde.ual.es\/wp-content\/uploads\/2019\/01\/Igualdad-salarial.jpg","keywords":["gender equality"],"articleSection":["EU Calls and Awards"],"inLanguage":"en-US","potentialAction":[{"@type":"CommentAction","name":"Comment","target":["https:\/\/www.cde.ual.es\/en\/rec-programme-restricted-call-for-proposals-to-national-authorities-on-closing-gender-gaps-over-the-life-cycle-work-life-balance-for-women-and-men-a-better-sharing-of-care\/#respond"]}]},{"@type":"WebPage","@id":"https:\/\/www.cde.ual.es\/en\/rec-programme-restricted-call-for-proposals-to-national-authorities-on-closing-gender-gaps-over-the-life-cycle-work-life-balance-for-women-and-men-a-better-sharing-of-care\/","url":"https:\/\/www.cde.ual.es\/en\/rec-programme-restricted-call-for-proposals-to-national-authorities-on-closing-gender-gaps-over-the-life-cycle-work-life-balance-for-women-and-men-a-better-sharing-of-care\/","name":"REC Programme: Restricted call for proposals to national authorities on closing gender gaps over the life cycle - work-life balance for women and men - a better sharing of care | CDE Almer\u00eda - Centro de Documentaci\u00f3n Europea - Universidad de Almer\u00eda","isPartOf":{"@id":"https:\/\/www.cde.ual.es\/#website"},"primaryImageOfPage":{"@id":"https:\/\/www.cde.ual.es\/en\/rec-programme-restricted-call-for-proposals-to-national-authorities-on-closing-gender-gaps-over-the-life-cycle-work-life-balance-for-women-and-men-a-better-sharing-of-care\/#primaryimage"},"image":{"@id":"https:\/\/www.cde.ual.es\/en\/rec-programme-restricted-call-for-proposals-to-national-authorities-on-closing-gender-gaps-over-the-life-cycle-work-life-balance-for-women-and-men-a-better-sharing-of-care\/#primaryimage"},"thumbnailUrl":"https:\/\/www.cde.ual.es\/wp-content\/uploads\/2019\/01\/Igualdad-salarial.jpg","datePublished":"2019-05-27T08:13:06+00:00","breadcrumb":{"@id":"https:\/\/www.cde.ual.es\/en\/rec-programme-restricted-call-for-proposals-to-national-authorities-on-closing-gender-gaps-over-the-life-cycle-work-life-balance-for-women-and-men-a-better-sharing-of-care\/#breadcrumb"},"inLanguage":"en-US","potentialAction":[{"@type":"ReadAction","target":["https:\/\/www.cde.ual.es\/en\/rec-programme-restricted-call-for-proposals-to-national-authorities-on-closing-gender-gaps-over-the-life-cycle-work-life-balance-for-women-and-men-a-better-sharing-of-care\/"]}]},{"@type":"ImageObject","inLanguage":"en-US","@id":"https:\/\/www.cde.ual.es\/en\/rec-programme-restricted-call-for-proposals-to-national-authorities-on-closing-gender-gaps-over-the-life-cycle-work-life-balance-for-women-and-men-a-better-sharing-of-care\/#primaryimage","url":"https:\/\/www.cde.ual.es\/wp-content\/uploads\/2019\/01\/Igualdad-salarial.jpg","contentUrl":"https:\/\/www.cde.ual.es\/wp-content\/uploads\/2019\/01\/Igualdad-salarial.jpg","width":960,"height":462},{"@type":"BreadcrumbList","@id":"https:\/\/www.cde.ual.es\/en\/rec-programme-restricted-call-for-proposals-to-national-authorities-on-closing-gender-gaps-over-the-life-cycle-work-life-balance-for-women-and-men-a-better-sharing-of-care\/#breadcrumb","itemListElement":[{"@type":"ListItem","position":1,"name":"Inicio","item":"https:\/\/www.cde.ual.es\/en\/"},{"@type":"ListItem","position":2,"name":"EU Calls and Awards","item":"https:\/\/www.cde.ual.es\/en\/category\/eu-calls-and-awards\/"},{"@type":"ListItem","position":3,"name":"REC Programme: Restricted call for proposals to national authorities on closing gender gaps over the life cycle &#8211; work-life balance for women and men &#8211; a better sharing of care"}]},{"@type":"WebSite","@id":"https:\/\/www.cde.ual.es\/#website","url":"https:\/\/www.cde.ual.es\/","name":"CDE Almer\u00eda - Centro de Documentaci\u00f3n Europea - Universidad de Almer\u00eda","description":"Centro de Documentaci\u00f3n Europea de la Universidad de Almer\u00eda","publisher":{"@id":"https:\/\/www.cde.ual.es\/#organization"},"alternateName":"CDE Almer\u00eda","potentialAction":[{"@type":"SearchAction","target":{"@type":"EntryPoint","urlTemplate":"https:\/\/www.cde.ual.es\/?s={search_term_string}"},"query-input":{"@type":"PropertyValueSpecification","valueRequired":true,"valueName":"search_term_string"}}],"inLanguage":"en-US"},{"@type":"Organization","@id":"https:\/\/www.cde.ual.es\/#organization","name":"Centro de Documentaci\u00f3n Europea de Almer\u00eda","url":"https:\/\/www.cde.ual.es\/","logo":{"@type":"ImageObject","inLanguage":"en-US","@id":"https:\/\/www.cde.ual.es\/#\/schema\/logo\/image\/","url":"https:\/\/www.cde.ual.es\/wp-content\/uploads\/2025\/07\/cde-logo-3.png","contentUrl":"https:\/\/www.cde.ual.es\/wp-content\/uploads\/2025\/07\/cde-logo-3.png","width":1400,"height":300,"caption":"Centro de Documentaci\u00f3n Europea de Almer\u00eda"},"image":{"@id":"https:\/\/www.cde.ual.es\/#\/schema\/logo\/image\/"},"sameAs":["https:\/\/www.facebook.com\/cdeuniversidadalmeria\/","https:\/\/x.com\/cdeualmeria","https:\/\/www.tiktok.com\/@cdealmeria","https:\/\/www.instagram.com\/cdealmeria\/","https:\/\/www.linkedin.com\/in\/cde-almera-812b26a9\/"]},{"@type":"Person","@id":"https:\/\/www.cde.ual.es\/#\/schema\/person\/224ef08c8bcc005f319d2713ce37ee5f","name":"AdminCDE","image":{"@type":"ImageObject","inLanguage":"en-US","@id":"https:\/\/secure.gravatar.com\/avatar\/a72d038d371f995cd13706fac32274b7952a52e8fb0a84b5f80c85426f2a98a8?s=96&d=mm&r=g","url":"https:\/\/secure.gravatar.com\/avatar\/a72d038d371f995cd13706fac32274b7952a52e8fb0a84b5f80c85426f2a98a8?s=96&d=mm&r=g","contentUrl":"https:\/\/secure.gravatar.com\/avatar\/a72d038d371f995cd13706fac32274b7952a52e8fb0a84b5f80c85426f2a98a8?s=96&d=mm&r=g","caption":"AdminCDE"}}]}},"_links":{"self":[{"href":"https:\/\/www.cde.ual.es\/en\/wp-json\/wp\/v2\/posts\/18219","targetHints":{"allow":["GET"]}}],"collection":[{"href":"https:\/\/www.cde.ual.es\/en\/wp-json\/wp\/v2\/posts"}],"about":[{"href":"https:\/\/www.cde.ual.es\/en\/wp-json\/wp\/v2\/types\/post"}],"author":[{"embeddable":true,"href":"https:\/\/www.cde.ual.es\/en\/wp-json\/wp\/v2\/users\/1"}],"replies":[{"embeddable":true,"href":"https:\/\/www.cde.ual.es\/en\/wp-json\/wp\/v2\/comments?post=18219"}],"version-history":[{"count":0,"href":"https:\/\/www.cde.ual.es\/en\/wp-json\/wp\/v2\/posts\/18219\/revisions"}],"wp:featuredmedia":[{"embeddable":true,"href":"https:\/\/www.cde.ual.es\/en\/wp-json\/wp\/v2\/media\/18222"}],"wp:attachment":[{"href":"https:\/\/www.cde.ual.es\/en\/wp-json\/wp\/v2\/media?parent=18219"}],"wp:term":[{"taxonomy":"category","embeddable":true,"href":"https:\/\/www.cde.ual.es\/en\/wp-json\/wp\/v2\/categories?post=18219"},{"taxonomy":"post_tag","embeddable":true,"href":"https:\/\/www.cde.ual.es\/en\/wp-json\/wp\/v2\/tags?post=18219"}],"curies":[{"name":"wp","href":"https:\/\/api.w.org\/{rel}","templated":true}]}}