{"id":1812,"date":"2017-04-19T12:06:21","date_gmt":"2017-04-19T10:06:21","guid":{"rendered":"http:\/\/www.cde.ual.es\/?p=1812"},"modified":"2017-04-21T10:22:39","modified_gmt":"2017-04-21T08:22:39","slug":"reunion-de-redes-de-informacion-europea","status":"publish","type":"post","link":"https:\/\/www.cde.ual.es\/en\/reunion-de-redes-de-informacion-europea\/","title":{"rendered":"Reuni\u00f3n de Redes de Informaci\u00f3n Europea"},"content":{"rendered":"<p><img decoding=\"async\" class=\"alignright size-large wp-image-1815\" src=\"http:\/\/www.cde.ual.es\/wp-content\/uploads\/2017\/04\/IMG_3170-1024x1024.jpg\" alt=\"\" width=\"1024\" height=\"1024\" srcset=\"https:\/\/www.cde.ual.es\/wp-content\/uploads\/2017\/04\/IMG_3170-1024x1024.jpg 1024w, https:\/\/www.cde.ual.es\/wp-content\/uploads\/2017\/04\/IMG_3170-150x150.jpg 150w, https:\/\/www.cde.ual.es\/wp-content\/uploads\/2017\/04\/IMG_3170-300x300.jpg 300w\" sizes=\"(max-width: 1024px) 100vw, 1024px\" \/>El Centro de Documentaci\u00f3n Europea de la Universidad de Almer\u00eda particip\u00f3 en las jornadas de conferencias para miembros de Redes de Informaci\u00f3n Europea en Espa\u00f1a celebradas\u00a0el 6 y 7 de abril en la sede de la Comisi\u00f3n Europea en Madrid.<\/p>\n<p>Las ponencias han sido desarrolladas por personal experto en temas prioritarios de la Comisi\u00f3n Europea. Las intervenciones\u00a0desarrolladas han sido las siguientes:<\/p>\n<p>\u2022 <strong>Agenda Europea de la Seguridad: Lucha contra la delincuencia organizada y el terrorismo<\/strong>. Jos\u00e9 P\u00e9rez Navarrete, Direcci\u00f3n General de Migraci\u00f3n y Asuntos de Interior. Comisi\u00f3n Europea.<\/p>\n<p>\u2022 <strong>Programa Erasmus+ 2014-2020<\/strong>. Pablo Mart\u00edn Gonz\u00e1lez. Director del Servicio Espa\u00f1ol para la Internacionalizaci\u00f3n de la Educaci\u00f3n (SEPIE), Ministerio de Educaci\u00f3n, Cultura y Deporte.<\/p>\n<p>\u2022 <strong>Derechos de los consumidores<\/strong>. Jos\u00e9 Tamames. Oficina Europea del Consumidor en Espa\u00f1a, Ministerio de Sanidad, Servicios Sociales e Igualdad.<\/p>\n<p>\u2022 <strong>Programa Europa Creativa y Programa Europa con los ciudadanos<\/strong>. Augusto P\u00e1ramo, Responsable del Punto de contacto cultural y Punto Europeo de Ciudadan\u00eda, Ministerio de Educaci\u00f3n, Cultura y Deporte.<\/p>\n<p>\u2022 <strong>Libro Blanco sobre el futuro de Europa y Comunicaci\u00f3n estrat\u00e9gica<\/strong>. Mikel Landabaso, Director de &#8220;Estrategia y Comunicaci\u00f3n corporativa&#8221;, Direcci\u00f3n General de Comunicaci\u00f3n de la Comisi\u00f3n Europea.<\/p>\n<p>\u2022 <strong>Plan de inversiones para Europa y campa\u00f1a de comunicaci\u00f3n sobre el Plan de Inversiones y otras iniciativas en favor del empleo, el crecimiento y la inversi\u00f3n<\/strong>. Juergen Foecking, Director adjunto de la Representaci\u00f3n de la Comisi\u00f3n Europea en Espa\u00f1a. Teresa Front\u00e1n, Responsable de Comunicaci\u00f3n en la Representaci\u00f3n de la Comisi\u00f3n Europea en Espa\u00f1a. Ana Rio Quintana, Responsable de la red de informaci\u00f3n Europe Direct en Espa\u00f1a.<\/p>\n<p>\u2022 <strong>Plan de Garant\u00eda Juvenil y acciones para la juventud: Cuerpo Europeo de Solidaridad y Erasmus+ para j\u00f3venes<\/strong>. Daniel J. Solana G\u00e1zquez, Vocal Asesor Secretar\u00eda de Estado de Empleo, Ministerio de Empleo y Seguridad Social. Ann Westman, Consejera Econ\u00f3mica en la Representaci\u00f3n de la Comisi\u00f3n.<\/p>\n<p>\u2022 <strong>Cuerpo Europeo de Solidaridad y Erasmus+ para j\u00f3venes.<\/strong> Enrique Gallardo, Coordinador nacional Red Eurodesk, Instituto de la Juventud de Espa\u00f1a (INJUVE), Ministerio de Sanidad, Servicios Sociales e Igualdad.<\/p>\n<p>&nbsp;<\/p>\n<p>&nbsp;<\/p>\n<p>&nbsp;<\/p>\n","protected":false},"excerpt":{"rendered":"<p>El Centro de Documentaci\u00f3n Europea de la Universidad de Almer\u00eda particip\u00f3 en las jornadas de conferencias para miembros de Redes de Informaci\u00f3n Europea en Espa\u00f1a celebradas\u00a0el 6 y 7 de abril en la sede de la Comisi\u00f3n Europea en Madrid. Las ponencias han sido desarrolladas por personal experto en temas prioritarios de la Comisi\u00f3n Europea. [&hellip;]<\/p>\n","protected":false},"author":1,"featured_media":0,"comment_status":"open","ping_status":"open","sticky":false,"template":"","format":"standard","meta":{"_acf_changed":false,"_relevanssi_hide_post":"","_relevanssi_hide_content":"","_relevanssi_pin_for_all":"","_relevanssi_pin_keywords":"","_relevanssi_unpin_keywords":"","_relevanssi_related_keywords":"","_relevanssi_related_include_ids":"","_relevanssi_related_exclude_ids":"","_relevanssi_related_no_append":"","_relevanssi_related_not_related":"","_relevanssi_related_posts":"","_relevanssi_noindex_reason":"","_monsterinsights_skip_tracking":false,"_monsterinsights_sitenote_active":false,"_monsterinsights_sitenote_note":"","_monsterinsights_sitenote_category":0,"_genesis_hide_title":false,"_genesis_hide_breadcrumbs":false,"_genesis_hide_singular_image":false,"_genesis_hide_footer_widgets":false,"_genesis_custom_body_class":"","_genesis_custom_post_class":"","_genesis_layout":"","footnotes":""},"categories":[1],"tags":[],"class_list":{"0":"post-1812","1":"post","2":"type-post","3":"status-publish","4":"format-standard","6":"category-sin-categorizar","7":"entry","8":"has-post-thumbnail"},"acf":[],"yoast_head":"<!-- This site is optimized with the Yoast SEO plugin v27.4 - https:\/\/yoast.com\/product\/yoast-seo-wordpress\/ -->\n<title>Reuni\u00f3n de Redes de Informaci\u00f3n Europea | CDE Almer\u00eda - Centro de Documentaci\u00f3n Europea - Universidad de Almer\u00eda<\/title>\n<meta name=\"robots\" content=\"index, follow, max-snippet:-1, max-image-preview:large, max-video-preview:-1\" \/>\n<link rel=\"canonical\" href=\"https:\/\/www.cde.ual.es\/reunion-de-redes-de-informacion-europea\/\" \/>\n<meta property=\"og:locale\" content=\"en_US\" \/>\n<meta property=\"og:type\" content=\"article\" \/>\n<meta property=\"og:title\" content=\"Reuni\u00f3n de Redes de Informaci\u00f3n Europea | CDE Almer\u00eda - Centro de Documentaci\u00f3n Europea - Universidad de Almer\u00eda\" \/>\n<meta property=\"og:description\" content=\"El Centro de Documentaci\u00f3n Europea de la Universidad de Almer\u00eda particip\u00f3 en las jornadas de conferencias para miembros de Redes de Informaci\u00f3n Europea en Espa\u00f1a celebradas\u00a0el 6 y 7 de abril en la sede de la Comisi\u00f3n Europea en Madrid. Las ponencias han sido desarrolladas por personal experto en temas prioritarios de la Comisi\u00f3n Europea. [&hellip;]\" \/>\n<meta property=\"og:url\" content=\"https:\/\/www.cde.ual.es\/reunion-de-redes-de-informacion-europea\/\" \/>\n<meta property=\"og:site_name\" content=\"CDE Almer\u00eda - Centro de Documentaci\u00f3n Europea - Universidad de Almer\u00eda\" \/>\n<meta property=\"article:publisher\" content=\"https:\/\/www.facebook.com\/cdeuniversidadalmeria\/\" \/>\n<meta property=\"article:published_time\" content=\"2017-04-19T10:06:21+00:00\" \/>\n<meta property=\"article:modified_time\" content=\"2017-04-21T08:22:39+00:00\" \/>\n<meta property=\"og:image\" content=\"http:\/\/www.cde.ual.es\/wp-content\/uploads\/2017\/04\/IMG_3170-1024x1024.jpg\" \/>\n<meta name=\"author\" content=\"AdminCDE\" \/>\n<meta name=\"twitter:card\" content=\"summary_large_image\" \/>\n<meta name=\"twitter:creator\" content=\"@cdeualmeria\" \/>\n<meta name=\"twitter:site\" content=\"@cdeualmeria\" \/>\n<meta name=\"twitter:label1\" content=\"Written by\" \/>\n\t<meta name=\"twitter:data1\" content=\"AdminCDE\" \/>\n\t<meta name=\"twitter:label2\" content=\"Est. reading time\" \/>\n\t<meta name=\"twitter:data2\" content=\"2 minutes\" \/>\n<script type=\"application\/ld+json\" class=\"yoast-schema-graph\">{\"@context\":\"https:\\\/\\\/schema.org\",\"@graph\":[{\"@type\":\"Article\",\"@id\":\"https:\\\/\\\/www.cde.ual.es\\\/reunion-de-redes-de-informacion-europea\\\/#article\",\"isPartOf\":{\"@id\":\"https:\\\/\\\/www.cde.ual.es\\\/reunion-de-redes-de-informacion-europea\\\/\"},\"author\":{\"name\":\"AdminCDE\",\"@id\":\"https:\\\/\\\/www.cde.ual.es\\\/#\\\/schema\\\/person\\\/224ef08c8bcc005f319d2713ce37ee5f\"},\"headline\":\"Reuni\u00f3n de Redes de Informaci\u00f3n Europea\",\"datePublished\":\"2017-04-19T10:06:21+00:00\",\"dateModified\":\"2017-04-21T08:22:39+00:00\",\"mainEntityOfPage\":{\"@id\":\"https:\\\/\\\/www.cde.ual.es\\\/reunion-de-redes-de-informacion-europea\\\/\"},\"wordCount\":380,\"commentCount\":0,\"publisher\":{\"@id\":\"https:\\\/\\\/www.cde.ual.es\\\/#organization\"},\"image\":{\"@id\":\"https:\\\/\\\/www.cde.ual.es\\\/reunion-de-redes-de-informacion-europea\\\/#primaryimage\"},\"thumbnailUrl\":\"http:\\\/\\\/www.cde.ual.es\\\/wp-content\\\/uploads\\\/2017\\\/04\\\/IMG_3170-1024x1024.jpg\",\"articleSection\":[\"Sin categorizar\"],\"inLanguage\":\"en-US\",\"potentialAction\":[{\"@type\":\"CommentAction\",\"name\":\"Comment\",\"target\":[\"https:\\\/\\\/www.cde.ual.es\\\/reunion-de-redes-de-informacion-europea\\\/#respond\"]}]},{\"@type\":\"WebPage\",\"@id\":\"https:\\\/\\\/www.cde.ual.es\\\/reunion-de-redes-de-informacion-europea\\\/\",\"url\":\"https:\\\/\\\/www.cde.ual.es\\\/reunion-de-redes-de-informacion-europea\\\/\",\"name\":\"Reuni\u00f3n de Redes de Informaci\u00f3n Europea | CDE Almer\u00eda - Centro de Documentaci\u00f3n Europea - Universidad de Almer\u00eda\",\"isPartOf\":{\"@id\":\"https:\\\/\\\/www.cde.ual.es\\\/#website\"},\"primaryImageOfPage\":{\"@id\":\"https:\\\/\\\/www.cde.ual.es\\\/reunion-de-redes-de-informacion-europea\\\/#primaryimage\"},\"image\":{\"@id\":\"https:\\\/\\\/www.cde.ual.es\\\/reunion-de-redes-de-informacion-europea\\\/#primaryimage\"},\"thumbnailUrl\":\"http:\\\/\\\/www.cde.ual.es\\\/wp-content\\\/uploads\\\/2017\\\/04\\\/IMG_3170-1024x1024.jpg\",\"datePublished\":\"2017-04-19T10:06:21+00:00\",\"dateModified\":\"2017-04-21T08:22:39+00:00\",\"breadcrumb\":{\"@id\":\"https:\\\/\\\/www.cde.ual.es\\\/reunion-de-redes-de-informacion-europea\\\/#breadcrumb\"},\"inLanguage\":\"en-US\",\"potentialAction\":[{\"@type\":\"ReadAction\",\"target\":[\"https:\\\/\\\/www.cde.ual.es\\\/reunion-de-redes-de-informacion-europea\\\/\"]}]},{\"@type\":\"ImageObject\",\"inLanguage\":\"en-US\",\"@id\":\"https:\\\/\\\/www.cde.ual.es\\\/reunion-de-redes-de-informacion-europea\\\/#primaryimage\",\"url\":\"http:\\\/\\\/www.cde.ual.es\\\/wp-content\\\/uploads\\\/2017\\\/04\\\/IMG_3170-1024x1024.jpg\",\"contentUrl\":\"http:\\\/\\\/www.cde.ual.es\\\/wp-content\\\/uploads\\\/2017\\\/04\\\/IMG_3170-1024x1024.jpg\"},{\"@type\":\"BreadcrumbList\",\"@id\":\"https:\\\/\\\/www.cde.ual.es\\\/reunion-de-redes-de-informacion-europea\\\/#breadcrumb\",\"itemListElement\":[{\"@type\":\"ListItem\",\"position\":1,\"name\":\"Inicio\",\"item\":\"https:\\\/\\\/www.cde.ual.es\\\/en\\\/\"},{\"@type\":\"ListItem\",\"position\":2,\"name\":\"Sin categorizar\",\"item\":\"https:\\\/\\\/www.cde.ual.es\\\/category\\\/sin-categorizar\\\/\"},{\"@type\":\"ListItem\",\"position\":3,\"name\":\"Reuni\u00f3n de Redes de Informaci\u00f3n Europea\"}]},{\"@type\":\"WebSite\",\"@id\":\"https:\\\/\\\/www.cde.ual.es\\\/#website\",\"url\":\"https:\\\/\\\/www.cde.ual.es\\\/\",\"name\":\"CDE Almer\u00eda - Centro de Documentaci\u00f3n Europea - Universidad de Almer\u00eda\",\"description\":\"Centro de Documentaci\u00f3n Europea de la Universidad de Almer\u00eda\",\"publisher\":{\"@id\":\"https:\\\/\\\/www.cde.ual.es\\\/#organization\"},\"alternateName\":\"CDE Almer\u00eda\",\"potentialAction\":[{\"@type\":\"SearchAction\",\"target\":{\"@type\":\"EntryPoint\",\"urlTemplate\":\"https:\\\/\\\/www.cde.ual.es\\\/?s={search_term_string}\"},\"query-input\":{\"@type\":\"PropertyValueSpecification\",\"valueRequired\":true,\"valueName\":\"search_term_string\"}}],\"inLanguage\":\"en-US\"},{\"@type\":\"Organization\",\"@id\":\"https:\\\/\\\/www.cde.ual.es\\\/#organization\",\"name\":\"Centro de Documentaci\u00f3n Europea de Almer\u00eda\",\"url\":\"https:\\\/\\\/www.cde.ual.es\\\/\",\"logo\":{\"@type\":\"ImageObject\",\"inLanguage\":\"en-US\",\"@id\":\"https:\\\/\\\/www.cde.ual.es\\\/#\\\/schema\\\/logo\\\/image\\\/\",\"url\":\"https:\\\/\\\/www.cde.ual.es\\\/wp-content\\\/uploads\\\/2025\\\/07\\\/cde-logo-3.png\",\"contentUrl\":\"https:\\\/\\\/www.cde.ual.es\\\/wp-content\\\/uploads\\\/2025\\\/07\\\/cde-logo-3.png\",\"width\":1400,\"height\":300,\"caption\":\"Centro de Documentaci\u00f3n Europea de Almer\u00eda\"},\"image\":{\"@id\":\"https:\\\/\\\/www.cde.ual.es\\\/#\\\/schema\\\/logo\\\/image\\\/\"},\"sameAs\":[\"https:\\\/\\\/www.facebook.com\\\/cdeuniversidadalmeria\\\/\",\"https:\\\/\\\/x.com\\\/cdeualmeria\",\"https:\\\/\\\/www.tiktok.com\\\/@cdealmeria\",\"https:\\\/\\\/www.instagram.com\\\/cdealmeria\\\/\",\"https:\\\/\\\/www.linkedin.com\\\/in\\\/cde-almera-812b26a9\\\/\"]},{\"@type\":\"Person\",\"@id\":\"https:\\\/\\\/www.cde.ual.es\\\/#\\\/schema\\\/person\\\/224ef08c8bcc005f319d2713ce37ee5f\",\"name\":\"AdminCDE\",\"image\":{\"@type\":\"ImageObject\",\"inLanguage\":\"en-US\",\"@id\":\"https:\\\/\\\/secure.gravatar.com\\\/avatar\\\/a72d038d371f995cd13706fac32274b7952a52e8fb0a84b5f80c85426f2a98a8?s=96&d=mm&r=g\",\"url\":\"https:\\\/\\\/secure.gravatar.com\\\/avatar\\\/a72d038d371f995cd13706fac32274b7952a52e8fb0a84b5f80c85426f2a98a8?s=96&d=mm&r=g\",\"contentUrl\":\"https:\\\/\\\/secure.gravatar.com\\\/avatar\\\/a72d038d371f995cd13706fac32274b7952a52e8fb0a84b5f80c85426f2a98a8?s=96&d=mm&r=g\",\"caption\":\"AdminCDE\"}}]}<\/script>\n<!-- \/ Yoast SEO plugin. -->","yoast_head_json":{"title":"Reuni\u00f3n de Redes de Informaci\u00f3n Europea | CDE Almer\u00eda - Centro de Documentaci\u00f3n Europea - Universidad de Almer\u00eda","robots":{"index":"index","follow":"follow","max-snippet":"max-snippet:-1","max-image-preview":"max-image-preview:large","max-video-preview":"max-video-preview:-1"},"canonical":"https:\/\/www.cde.ual.es\/reunion-de-redes-de-informacion-europea\/","og_locale":"en_US","og_type":"article","og_title":"Reuni\u00f3n de Redes de Informaci\u00f3n Europea | CDE Almer\u00eda - Centro de Documentaci\u00f3n Europea - Universidad de Almer\u00eda","og_description":"El Centro de Documentaci\u00f3n Europea de la Universidad de Almer\u00eda particip\u00f3 en las jornadas de conferencias para miembros de Redes de Informaci\u00f3n Europea en Espa\u00f1a celebradas\u00a0el 6 y 7 de abril en la sede de la Comisi\u00f3n Europea en Madrid. Las ponencias han sido desarrolladas por personal experto en temas prioritarios de la Comisi\u00f3n Europea. [&hellip;]","og_url":"https:\/\/www.cde.ual.es\/reunion-de-redes-de-informacion-europea\/","og_site_name":"CDE Almer\u00eda - Centro de Documentaci\u00f3n Europea - Universidad de Almer\u00eda","article_publisher":"https:\/\/www.facebook.com\/cdeuniversidadalmeria\/","article_published_time":"2017-04-19T10:06:21+00:00","article_modified_time":"2017-04-21T08:22:39+00:00","og_image":[{"url":"http:\/\/www.cde.ual.es\/wp-content\/uploads\/2017\/04\/IMG_3170-1024x1024.jpg","type":"","width":"","height":""}],"author":"AdminCDE","twitter_card":"summary_large_image","twitter_creator":"@cdeualmeria","twitter_site":"@cdeualmeria","twitter_misc":{"Written by":"AdminCDE","Est. reading time":"2 minutes"},"schema":{"@context":"https:\/\/schema.org","@graph":[{"@type":"Article","@id":"https:\/\/www.cde.ual.es\/reunion-de-redes-de-informacion-europea\/#article","isPartOf":{"@id":"https:\/\/www.cde.ual.es\/reunion-de-redes-de-informacion-europea\/"},"author":{"name":"AdminCDE","@id":"https:\/\/www.cde.ual.es\/#\/schema\/person\/224ef08c8bcc005f319d2713ce37ee5f"},"headline":"Reuni\u00f3n de Redes de Informaci\u00f3n Europea","datePublished":"2017-04-19T10:06:21+00:00","dateModified":"2017-04-21T08:22:39+00:00","mainEntityOfPage":{"@id":"https:\/\/www.cde.ual.es\/reunion-de-redes-de-informacion-europea\/"},"wordCount":380,"commentCount":0,"publisher":{"@id":"https:\/\/www.cde.ual.es\/#organization"},"image":{"@id":"https:\/\/www.cde.ual.es\/reunion-de-redes-de-informacion-europea\/#primaryimage"},"thumbnailUrl":"http:\/\/www.cde.ual.es\/wp-content\/uploads\/2017\/04\/IMG_3170-1024x1024.jpg","articleSection":["Sin categorizar"],"inLanguage":"en-US","potentialAction":[{"@type":"CommentAction","name":"Comment","target":["https:\/\/www.cde.ual.es\/reunion-de-redes-de-informacion-europea\/#respond"]}]},{"@type":"WebPage","@id":"https:\/\/www.cde.ual.es\/reunion-de-redes-de-informacion-europea\/","url":"https:\/\/www.cde.ual.es\/reunion-de-redes-de-informacion-europea\/","name":"Reuni\u00f3n de Redes de Informaci\u00f3n Europea | CDE Almer\u00eda - Centro de Documentaci\u00f3n Europea - Universidad de Almer\u00eda","isPartOf":{"@id":"https:\/\/www.cde.ual.es\/#website"},"primaryImageOfPage":{"@id":"https:\/\/www.cde.ual.es\/reunion-de-redes-de-informacion-europea\/#primaryimage"},"image":{"@id":"https:\/\/www.cde.ual.es\/reunion-de-redes-de-informacion-europea\/#primaryimage"},"thumbnailUrl":"http:\/\/www.cde.ual.es\/wp-content\/uploads\/2017\/04\/IMG_3170-1024x1024.jpg","datePublished":"2017-04-19T10:06:21+00:00","dateModified":"2017-04-21T08:22:39+00:00","breadcrumb":{"@id":"https:\/\/www.cde.ual.es\/reunion-de-redes-de-informacion-europea\/#breadcrumb"},"inLanguage":"en-US","potentialAction":[{"@type":"ReadAction","target":["https:\/\/www.cde.ual.es\/reunion-de-redes-de-informacion-europea\/"]}]},{"@type":"ImageObject","inLanguage":"en-US","@id":"https:\/\/www.cde.ual.es\/reunion-de-redes-de-informacion-europea\/#primaryimage","url":"http:\/\/www.cde.ual.es\/wp-content\/uploads\/2017\/04\/IMG_3170-1024x1024.jpg","contentUrl":"http:\/\/www.cde.ual.es\/wp-content\/uploads\/2017\/04\/IMG_3170-1024x1024.jpg"},{"@type":"BreadcrumbList","@id":"https:\/\/www.cde.ual.es\/reunion-de-redes-de-informacion-europea\/#breadcrumb","itemListElement":[{"@type":"ListItem","position":1,"name":"Inicio","item":"https:\/\/www.cde.ual.es\/en\/"},{"@type":"ListItem","position":2,"name":"Sin categorizar","item":"https:\/\/www.cde.ual.es\/category\/sin-categorizar\/"},{"@type":"ListItem","position":3,"name":"Reuni\u00f3n de Redes de Informaci\u00f3n Europea"}]},{"@type":"WebSite","@id":"https:\/\/www.cde.ual.es\/#website","url":"https:\/\/www.cde.ual.es\/","name":"CDE Almer\u00eda - Centro de Documentaci\u00f3n Europea - Universidad de Almer\u00eda","description":"Centro de Documentaci\u00f3n Europea de la Universidad de Almer\u00eda","publisher":{"@id":"https:\/\/www.cde.ual.es\/#organization"},"alternateName":"CDE Almer\u00eda","potentialAction":[{"@type":"SearchAction","target":{"@type":"EntryPoint","urlTemplate":"https:\/\/www.cde.ual.es\/?s={search_term_string}"},"query-input":{"@type":"PropertyValueSpecification","valueRequired":true,"valueName":"search_term_string"}}],"inLanguage":"en-US"},{"@type":"Organization","@id":"https:\/\/www.cde.ual.es\/#organization","name":"Centro de Documentaci\u00f3n Europea de Almer\u00eda","url":"https:\/\/www.cde.ual.es\/","logo":{"@type":"ImageObject","inLanguage":"en-US","@id":"https:\/\/www.cde.ual.es\/#\/schema\/logo\/image\/","url":"https:\/\/www.cde.ual.es\/wp-content\/uploads\/2025\/07\/cde-logo-3.png","contentUrl":"https:\/\/www.cde.ual.es\/wp-content\/uploads\/2025\/07\/cde-logo-3.png","width":1400,"height":300,"caption":"Centro de Documentaci\u00f3n Europea de Almer\u00eda"},"image":{"@id":"https:\/\/www.cde.ual.es\/#\/schema\/logo\/image\/"},"sameAs":["https:\/\/www.facebook.com\/cdeuniversidadalmeria\/","https:\/\/x.com\/cdeualmeria","https:\/\/www.tiktok.com\/@cdealmeria","https:\/\/www.instagram.com\/cdealmeria\/","https:\/\/www.linkedin.com\/in\/cde-almera-812b26a9\/"]},{"@type":"Person","@id":"https:\/\/www.cde.ual.es\/#\/schema\/person\/224ef08c8bcc005f319d2713ce37ee5f","name":"AdminCDE","image":{"@type":"ImageObject","inLanguage":"en-US","@id":"https:\/\/secure.gravatar.com\/avatar\/a72d038d371f995cd13706fac32274b7952a52e8fb0a84b5f80c85426f2a98a8?s=96&d=mm&r=g","url":"https:\/\/secure.gravatar.com\/avatar\/a72d038d371f995cd13706fac32274b7952a52e8fb0a84b5f80c85426f2a98a8?s=96&d=mm&r=g","contentUrl":"https:\/\/secure.gravatar.com\/avatar\/a72d038d371f995cd13706fac32274b7952a52e8fb0a84b5f80c85426f2a98a8?s=96&d=mm&r=g","caption":"AdminCDE"}}]}},"_links":{"self":[{"href":"https:\/\/www.cde.ual.es\/en\/wp-json\/wp\/v2\/posts\/1812","targetHints":{"allow":["GET"]}}],"collection":[{"href":"https:\/\/www.cde.ual.es\/en\/wp-json\/wp\/v2\/posts"}],"about":[{"href":"https:\/\/www.cde.ual.es\/en\/wp-json\/wp\/v2\/types\/post"}],"author":[{"embeddable":true,"href":"https:\/\/www.cde.ual.es\/en\/wp-json\/wp\/v2\/users\/1"}],"replies":[{"embeddable":true,"href":"https:\/\/www.cde.ual.es\/en\/wp-json\/wp\/v2\/comments?post=1812"}],"version-history":[{"count":0,"href":"https:\/\/www.cde.ual.es\/en\/wp-json\/wp\/v2\/posts\/1812\/revisions"}],"wp:attachment":[{"href":"https:\/\/www.cde.ual.es\/en\/wp-json\/wp\/v2\/media?parent=1812"}],"wp:term":[{"taxonomy":"category","embeddable":true,"href":"https:\/\/www.cde.ual.es\/en\/wp-json\/wp\/v2\/categories?post=1812"},{"taxonomy":"post_tag","embeddable":true,"href":"https:\/\/www.cde.ual.es\/en\/wp-json\/wp\/v2\/tags?post=1812"}],"curies":[{"name":"wp","href":"https:\/\/api.w.org\/{rel}","templated":true}]}}