{"id":1807,"date":"2017-05-02T11:16:09","date_gmt":"2017-05-02T09:16:09","guid":{"rendered":"http:\/\/www.cde.ual.es\/?p=1807"},"modified":"2017-05-17T11:01:42","modified_gmt":"2017-05-17T09:01:42","slug":"9-de-mayo-dia-de-europa","status":"publish","type":"post","link":"https:\/\/www.cde.ual.es\/en\/9-de-mayo-dia-de-europa\/","title":{"rendered":"9 de Mayo D\u00eda de Europa, seminario y actividades programadas"},"content":{"rendered":"<p style=\"text-align: justify;\"><img decoding=\"async\" class=\"aligncenter size-full wp-image-1867\" src=\"http:\/\/www.cde.ual.es\/wp-content\/uploads\/2017\/04\/9-de-Mayo.png\" alt=\"\" width=\"810\" height=\"450\" srcset=\"https:\/\/www.cde.ual.es\/wp-content\/uploads\/2017\/04\/9-de-Mayo.png 810w, https:\/\/www.cde.ual.es\/wp-content\/uploads\/2017\/04\/9-de-Mayo-768x426.png 768w\" sizes=\"(max-width: 810px) 100vw, 810px\" \/><\/p>\n<p style=\"text-align: justify;\">El <b>D\u00eda de Europa<\/b> es una celebraci\u00f3n que tiene lugar cada <strong>9 de mayo<\/strong> en la Uni\u00f3n Europea, en recuerdo de la denominada Declaraci\u00f3n Schuman, en la que el ministro franc\u00e9s de exteriores, Robert Schuman, dio el primer paso para la integraci\u00f3n de los estados europeos al proponer que el carb\u00f3n y el acero de Alemania y Francia (y los dem\u00e1s pa\u00edses que se adhirieran) se sometieran a una administraci\u00f3n conjunta, impulsando la creaci\u00f3n de la primera Comunidad Europea: la del Carb\u00f3n y Acero,\u00a0siendo por tanto el origen de la actual <strong>Uni\u00f3n Europea.<\/strong><\/p>\n<p style=\"text-align: justify;\"><strong>A las 11:30 h<\/strong> Juli\u00e1n Cuevas, Vicerrector de Internacionalizaci\u00f3n, inaugurar\u00e1 la jornada en el pasillo central de la UAL, dando paso a \u00a0la celebraci\u00f3n de las siguientes actividades, tanto formativas como l\u00fadicas:<\/p>\n<ul>\n<li>Un torneo de futbol\u00edn humano, <a href=\"https:\/\/goo.gl\/forms\/P05DTaROmN8wMsRz2\" target=\"_blank\" rel=\"noopener noreferrer\">inscribete aqu\u00ed<\/a><\/li>\n<li>Una\u00a0Gymkana<\/li>\n<li>Un photocall Europeo<\/li>\n<li>Un concurso de micro-relatos<\/li>\n<\/ul>\n<p>Seminario <b>\u201cMi experiencia de movilidad en la UE\u201d <\/b>de 16:00 a 18:00 en Aula Magna Edif. Humanidades &#8220;C&#8221;\u00a0en el que se contar\u00e1 con la participaci\u00f3n de:<\/p>\n<ul>\n<li style=\"font-weight: 400;\">1 laureada EPSO.\n<ul>\n<li style=\"font-weight: 400;\">\u00a0<a href=\"http:\/\/www.cde.ual.es\/wp-content\/uploads\/2017\/05\/Laura-Gil-laureada-EPSO.pdf\" target=\"_blank\" rel=\"noopener noreferrer\">Presentaci\u00f3n: \u201cEl acceso al funcionariado en instituciones europeas\u201d<\/a><\/li>\n<\/ul>\n<\/li>\n<li style=\"font-weight: 400;\"><span style=\"font-weight: 400;\">1 persona que realiz\u00f3 un voluntariado europeo.<\/span>\n<ul>\n<li style=\"font-weight: 400;\"><span style=\"font-weight: 400;\">\u00a0<a href=\"http:\/\/www.cde.ual.es\/wp-content\/uploads\/2017\/05\/Presentaci\u00f3n-Javier-voluntario-europa.pdf\" target=\"_blank\" rel=\"noopener noreferrer\">Presentaci\u00f3n: &#8220;El voluntariado en Europa&#8221;<\/a><\/span><\/li>\n<\/ul>\n<\/li>\n<li style=\"font-weight: 400;\">1 persona que realiz\u00f3 unas pr\u00e1cticas a trav\u00e9s del servicio EURES.\n<ul>\n<li style=\"font-weight: 400;\"><a href=\"http:\/\/www.cde.ual.es\/wp-content\/uploads\/2017\/05\/Movilidad-EURES-Jesus-Caparr\u00f3s.pdf\" target=\"_blank\" rel=\"noopener noreferrer\">Presentaci\u00f3n: \u201cLas pr\u00e1cticas a trav\u00e9s de EURES\u201d<\/a><\/li>\n<\/ul>\n<\/li>\n<li style=\"font-weight: 400;\"><span style=\"font-weight: 400;\">1 Erasmus saliente.\u00a0<\/span><\/li>\n<li style=\"font-weight: 400;\"><span style=\"font-weight: 400;\">El presidente del Erasmus Student Network, que hablar\u00e1 del programa de pr\u00e1cticas Erasmusintern<\/span><\/li>\n<li style=\"font-weight: 400;\"><strong>Inscripci\u00f3n en<\/strong>\u00a0<a href=\"https:\/\/goo.gl\/forms\/YbWVY41vhbe4BO0H3\" target=\"_blank\" rel=\"noopener noreferrer\">https:\/\/goo.gl\/forms\/YbWVY41vhbe4BO0H3<\/a><\/li>\n<\/ul>\n<p>&nbsp;<\/p>\n","protected":false},"excerpt":{"rendered":"<p>El D\u00eda de Europa es una celebraci\u00f3n que tiene lugar cada 9 de mayo en la Uni\u00f3n Europea, en recuerdo de la denominada Declaraci\u00f3n Schuman, en la que el ministro franc\u00e9s de exteriores, Robert Schuman, dio el primer paso para la integraci\u00f3n de los estados europeos al proponer que el carb\u00f3n y el acero de [&hellip;]<\/p>\n","protected":false},"author":1,"featured_media":0,"comment_status":"open","ping_status":"open","sticky":false,"template":"","format":"standard","meta":{"_acf_changed":false,"_relevanssi_hide_post":"","_relevanssi_hide_content":"","_relevanssi_pin_for_all":"","_relevanssi_pin_keywords":"","_relevanssi_unpin_keywords":"","_relevanssi_related_keywords":"","_relevanssi_related_include_ids":"","_relevanssi_related_exclude_ids":"","_relevanssi_related_no_append":"","_relevanssi_related_not_related":"","_relevanssi_related_posts":"","_relevanssi_noindex_reason":"","_monsterinsights_skip_tracking":false,"_monsterinsights_sitenote_active":false,"_monsterinsights_sitenote_note":"","_monsterinsights_sitenote_category":0,"_genesis_hide_title":false,"_genesis_hide_breadcrumbs":false,"_genesis_hide_singular_image":false,"_genesis_hide_footer_widgets":false,"_genesis_custom_body_class":"","_genesis_custom_post_class":"","_genesis_layout":"","footnotes":""},"categories":[1],"tags":[],"class_list":{"0":"post-1807","1":"post","2":"type-post","3":"status-publish","4":"format-standard","6":"category-sin-categorizar","7":"entry","8":"has-post-thumbnail"},"acf":[],"yoast_head":"<!-- This site is optimized with the Yoast SEO plugin v27.4 - https:\/\/yoast.com\/product\/yoast-seo-wordpress\/ -->\n<title>9 de Mayo D\u00eda de Europa, seminario y actividades programadas | CDE Almer\u00eda - Centro de Documentaci\u00f3n Europea - Universidad de Almer\u00eda<\/title>\n<meta name=\"robots\" content=\"index, follow, max-snippet:-1, max-image-preview:large, max-video-preview:-1\" \/>\n<link rel=\"canonical\" href=\"https:\/\/www.cde.ual.es\/9-de-mayo-dia-de-europa\/\" \/>\n<meta property=\"og:locale\" content=\"en_US\" \/>\n<meta property=\"og:type\" content=\"article\" \/>\n<meta property=\"og:title\" content=\"9 de Mayo D\u00eda de Europa, seminario y actividades programadas | CDE Almer\u00eda - Centro de Documentaci\u00f3n Europea - Universidad de Almer\u00eda\" \/>\n<meta property=\"og:description\" content=\"El D\u00eda de Europa es una celebraci\u00f3n que tiene lugar cada 9 de mayo en la Uni\u00f3n Europea, en recuerdo de la denominada Declaraci\u00f3n Schuman, en la que el ministro franc\u00e9s de exteriores, Robert Schuman, dio el primer paso para la integraci\u00f3n de los estados europeos al proponer que el carb\u00f3n y el acero de [&hellip;]\" \/>\n<meta property=\"og:url\" content=\"https:\/\/www.cde.ual.es\/9-de-mayo-dia-de-europa\/\" \/>\n<meta property=\"og:site_name\" content=\"CDE Almer\u00eda - Centro de Documentaci\u00f3n Europea - Universidad de Almer\u00eda\" \/>\n<meta property=\"article:publisher\" content=\"https:\/\/www.facebook.com\/cdeuniversidadalmeria\/\" \/>\n<meta property=\"article:published_time\" content=\"2017-05-02T09:16:09+00:00\" \/>\n<meta property=\"article:modified_time\" content=\"2017-05-17T09:01:42+00:00\" \/>\n<meta property=\"og:image\" content=\"http:\/\/www.cde.ual.es\/wp-content\/uploads\/2017\/04\/9-de-Mayo.png\" \/>\n<meta name=\"author\" content=\"AdminCDE\" \/>\n<meta name=\"twitter:card\" content=\"summary_large_image\" \/>\n<meta name=\"twitter:creator\" content=\"@cdeualmeria\" \/>\n<meta name=\"twitter:site\" content=\"@cdeualmeria\" \/>\n<meta name=\"twitter:label1\" content=\"Written by\" \/>\n\t<meta name=\"twitter:data1\" content=\"AdminCDE\" \/>\n\t<meta name=\"twitter:label2\" content=\"Est. reading time\" \/>\n\t<meta name=\"twitter:data2\" content=\"1 minute\" \/>\n<script type=\"application\/ld+json\" class=\"yoast-schema-graph\">{\"@context\":\"https:\\\/\\\/schema.org\",\"@graph\":[{\"@type\":\"Article\",\"@id\":\"https:\\\/\\\/www.cde.ual.es\\\/9-de-mayo-dia-de-europa\\\/#article\",\"isPartOf\":{\"@id\":\"https:\\\/\\\/www.cde.ual.es\\\/9-de-mayo-dia-de-europa\\\/\"},\"author\":{\"name\":\"AdminCDE\",\"@id\":\"https:\\\/\\\/www.cde.ual.es\\\/#\\\/schema\\\/person\\\/224ef08c8bcc005f319d2713ce37ee5f\"},\"headline\":\"9 de Mayo D\u00eda de Europa, seminario y actividades programadas\",\"datePublished\":\"2017-05-02T09:16:09+00:00\",\"dateModified\":\"2017-05-17T09:01:42+00:00\",\"mainEntityOfPage\":{\"@id\":\"https:\\\/\\\/www.cde.ual.es\\\/9-de-mayo-dia-de-europa\\\/\"},\"wordCount\":267,\"commentCount\":1,\"publisher\":{\"@id\":\"https:\\\/\\\/www.cde.ual.es\\\/#organization\"},\"image\":{\"@id\":\"https:\\\/\\\/www.cde.ual.es\\\/9-de-mayo-dia-de-europa\\\/#primaryimage\"},\"thumbnailUrl\":\"http:\\\/\\\/www.cde.ual.es\\\/wp-content\\\/uploads\\\/2017\\\/04\\\/9-de-Mayo.png\",\"articleSection\":[\"Sin categorizar\"],\"inLanguage\":\"en-US\",\"potentialAction\":[{\"@type\":\"CommentAction\",\"name\":\"Comment\",\"target\":[\"https:\\\/\\\/www.cde.ual.es\\\/9-de-mayo-dia-de-europa\\\/#respond\"]}]},{\"@type\":\"WebPage\",\"@id\":\"https:\\\/\\\/www.cde.ual.es\\\/9-de-mayo-dia-de-europa\\\/\",\"url\":\"https:\\\/\\\/www.cde.ual.es\\\/9-de-mayo-dia-de-europa\\\/\",\"name\":\"9 de Mayo D\u00eda de Europa, seminario y actividades programadas | CDE Almer\u00eda - Centro de Documentaci\u00f3n Europea - Universidad de Almer\u00eda\",\"isPartOf\":{\"@id\":\"https:\\\/\\\/www.cde.ual.es\\\/#website\"},\"primaryImageOfPage\":{\"@id\":\"https:\\\/\\\/www.cde.ual.es\\\/9-de-mayo-dia-de-europa\\\/#primaryimage\"},\"image\":{\"@id\":\"https:\\\/\\\/www.cde.ual.es\\\/9-de-mayo-dia-de-europa\\\/#primaryimage\"},\"thumbnailUrl\":\"http:\\\/\\\/www.cde.ual.es\\\/wp-content\\\/uploads\\\/2017\\\/04\\\/9-de-Mayo.png\",\"datePublished\":\"2017-05-02T09:16:09+00:00\",\"dateModified\":\"2017-05-17T09:01:42+00:00\",\"breadcrumb\":{\"@id\":\"https:\\\/\\\/www.cde.ual.es\\\/9-de-mayo-dia-de-europa\\\/#breadcrumb\"},\"inLanguage\":\"en-US\",\"potentialAction\":[{\"@type\":\"ReadAction\",\"target\":[\"https:\\\/\\\/www.cde.ual.es\\\/9-de-mayo-dia-de-europa\\\/\"]}]},{\"@type\":\"ImageObject\",\"inLanguage\":\"en-US\",\"@id\":\"https:\\\/\\\/www.cde.ual.es\\\/9-de-mayo-dia-de-europa\\\/#primaryimage\",\"url\":\"http:\\\/\\\/www.cde.ual.es\\\/wp-content\\\/uploads\\\/2017\\\/04\\\/9-de-Mayo.png\",\"contentUrl\":\"http:\\\/\\\/www.cde.ual.es\\\/wp-content\\\/uploads\\\/2017\\\/04\\\/9-de-Mayo.png\"},{\"@type\":\"BreadcrumbList\",\"@id\":\"https:\\\/\\\/www.cde.ual.es\\\/9-de-mayo-dia-de-europa\\\/#breadcrumb\",\"itemListElement\":[{\"@type\":\"ListItem\",\"position\":1,\"name\":\"Inicio\",\"item\":\"https:\\\/\\\/www.cde.ual.es\\\/en\\\/\"},{\"@type\":\"ListItem\",\"position\":2,\"name\":\"Sin categorizar\",\"item\":\"https:\\\/\\\/www.cde.ual.es\\\/category\\\/sin-categorizar\\\/\"},{\"@type\":\"ListItem\",\"position\":3,\"name\":\"9 de Mayo D\u00eda de Europa, seminario y actividades programadas\"}]},{\"@type\":\"WebSite\",\"@id\":\"https:\\\/\\\/www.cde.ual.es\\\/#website\",\"url\":\"https:\\\/\\\/www.cde.ual.es\\\/\",\"name\":\"CDE Almer\u00eda - Centro de Documentaci\u00f3n Europea - Universidad de Almer\u00eda\",\"description\":\"Centro de Documentaci\u00f3n Europea de la Universidad de Almer\u00eda\",\"publisher\":{\"@id\":\"https:\\\/\\\/www.cde.ual.es\\\/#organization\"},\"alternateName\":\"CDE Almer\u00eda\",\"potentialAction\":[{\"@type\":\"SearchAction\",\"target\":{\"@type\":\"EntryPoint\",\"urlTemplate\":\"https:\\\/\\\/www.cde.ual.es\\\/?s={search_term_string}\"},\"query-input\":{\"@type\":\"PropertyValueSpecification\",\"valueRequired\":true,\"valueName\":\"search_term_string\"}}],\"inLanguage\":\"en-US\"},{\"@type\":\"Organization\",\"@id\":\"https:\\\/\\\/www.cde.ual.es\\\/#organization\",\"name\":\"Centro de Documentaci\u00f3n Europea de Almer\u00eda\",\"url\":\"https:\\\/\\\/www.cde.ual.es\\\/\",\"logo\":{\"@type\":\"ImageObject\",\"inLanguage\":\"en-US\",\"@id\":\"https:\\\/\\\/www.cde.ual.es\\\/#\\\/schema\\\/logo\\\/image\\\/\",\"url\":\"https:\\\/\\\/www.cde.ual.es\\\/wp-content\\\/uploads\\\/2025\\\/07\\\/cde-logo-3.png\",\"contentUrl\":\"https:\\\/\\\/www.cde.ual.es\\\/wp-content\\\/uploads\\\/2025\\\/07\\\/cde-logo-3.png\",\"width\":1400,\"height\":300,\"caption\":\"Centro de Documentaci\u00f3n Europea de Almer\u00eda\"},\"image\":{\"@id\":\"https:\\\/\\\/www.cde.ual.es\\\/#\\\/schema\\\/logo\\\/image\\\/\"},\"sameAs\":[\"https:\\\/\\\/www.facebook.com\\\/cdeuniversidadalmeria\\\/\",\"https:\\\/\\\/x.com\\\/cdeualmeria\",\"https:\\\/\\\/www.tiktok.com\\\/@cdealmeria\",\"https:\\\/\\\/www.instagram.com\\\/cdealmeria\\\/\",\"https:\\\/\\\/www.linkedin.com\\\/in\\\/cde-almera-812b26a9\\\/\"]},{\"@type\":\"Person\",\"@id\":\"https:\\\/\\\/www.cde.ual.es\\\/#\\\/schema\\\/person\\\/224ef08c8bcc005f319d2713ce37ee5f\",\"name\":\"AdminCDE\",\"image\":{\"@type\":\"ImageObject\",\"inLanguage\":\"en-US\",\"@id\":\"https:\\\/\\\/secure.gravatar.com\\\/avatar\\\/a72d038d371f995cd13706fac32274b7952a52e8fb0a84b5f80c85426f2a98a8?s=96&d=mm&r=g\",\"url\":\"https:\\\/\\\/secure.gravatar.com\\\/avatar\\\/a72d038d371f995cd13706fac32274b7952a52e8fb0a84b5f80c85426f2a98a8?s=96&d=mm&r=g\",\"contentUrl\":\"https:\\\/\\\/secure.gravatar.com\\\/avatar\\\/a72d038d371f995cd13706fac32274b7952a52e8fb0a84b5f80c85426f2a98a8?s=96&d=mm&r=g\",\"caption\":\"AdminCDE\"}}]}<\/script>\n<!-- \/ Yoast SEO plugin. -->","yoast_head_json":{"title":"9 de Mayo D\u00eda de Europa, seminario y actividades programadas | CDE Almer\u00eda - Centro de Documentaci\u00f3n Europea - Universidad de Almer\u00eda","robots":{"index":"index","follow":"follow","max-snippet":"max-snippet:-1","max-image-preview":"max-image-preview:large","max-video-preview":"max-video-preview:-1"},"canonical":"https:\/\/www.cde.ual.es\/9-de-mayo-dia-de-europa\/","og_locale":"en_US","og_type":"article","og_title":"9 de Mayo D\u00eda de Europa, seminario y actividades programadas | CDE Almer\u00eda - Centro de Documentaci\u00f3n Europea - Universidad de Almer\u00eda","og_description":"El D\u00eda de Europa es una celebraci\u00f3n que tiene lugar cada 9 de mayo en la Uni\u00f3n Europea, en recuerdo de la denominada Declaraci\u00f3n Schuman, en la que el ministro franc\u00e9s de exteriores, Robert Schuman, dio el primer paso para la integraci\u00f3n de los estados europeos al proponer que el carb\u00f3n y el acero de [&hellip;]","og_url":"https:\/\/www.cde.ual.es\/9-de-mayo-dia-de-europa\/","og_site_name":"CDE Almer\u00eda - Centro de Documentaci\u00f3n Europea - Universidad de Almer\u00eda","article_publisher":"https:\/\/www.facebook.com\/cdeuniversidadalmeria\/","article_published_time":"2017-05-02T09:16:09+00:00","article_modified_time":"2017-05-17T09:01:42+00:00","og_image":[{"url":"http:\/\/www.cde.ual.es\/wp-content\/uploads\/2017\/04\/9-de-Mayo.png","type":"","width":"","height":""}],"author":"AdminCDE","twitter_card":"summary_large_image","twitter_creator":"@cdeualmeria","twitter_site":"@cdeualmeria","twitter_misc":{"Written by":"AdminCDE","Est. reading time":"1 minute"},"schema":{"@context":"https:\/\/schema.org","@graph":[{"@type":"Article","@id":"https:\/\/www.cde.ual.es\/9-de-mayo-dia-de-europa\/#article","isPartOf":{"@id":"https:\/\/www.cde.ual.es\/9-de-mayo-dia-de-europa\/"},"author":{"name":"AdminCDE","@id":"https:\/\/www.cde.ual.es\/#\/schema\/person\/224ef08c8bcc005f319d2713ce37ee5f"},"headline":"9 de Mayo D\u00eda de Europa, seminario y actividades programadas","datePublished":"2017-05-02T09:16:09+00:00","dateModified":"2017-05-17T09:01:42+00:00","mainEntityOfPage":{"@id":"https:\/\/www.cde.ual.es\/9-de-mayo-dia-de-europa\/"},"wordCount":267,"commentCount":1,"publisher":{"@id":"https:\/\/www.cde.ual.es\/#organization"},"image":{"@id":"https:\/\/www.cde.ual.es\/9-de-mayo-dia-de-europa\/#primaryimage"},"thumbnailUrl":"http:\/\/www.cde.ual.es\/wp-content\/uploads\/2017\/04\/9-de-Mayo.png","articleSection":["Sin categorizar"],"inLanguage":"en-US","potentialAction":[{"@type":"CommentAction","name":"Comment","target":["https:\/\/www.cde.ual.es\/9-de-mayo-dia-de-europa\/#respond"]}]},{"@type":"WebPage","@id":"https:\/\/www.cde.ual.es\/9-de-mayo-dia-de-europa\/","url":"https:\/\/www.cde.ual.es\/9-de-mayo-dia-de-europa\/","name":"9 de Mayo D\u00eda de Europa, seminario y actividades programadas | CDE Almer\u00eda - Centro de Documentaci\u00f3n Europea - Universidad de Almer\u00eda","isPartOf":{"@id":"https:\/\/www.cde.ual.es\/#website"},"primaryImageOfPage":{"@id":"https:\/\/www.cde.ual.es\/9-de-mayo-dia-de-europa\/#primaryimage"},"image":{"@id":"https:\/\/www.cde.ual.es\/9-de-mayo-dia-de-europa\/#primaryimage"},"thumbnailUrl":"http:\/\/www.cde.ual.es\/wp-content\/uploads\/2017\/04\/9-de-Mayo.png","datePublished":"2017-05-02T09:16:09+00:00","dateModified":"2017-05-17T09:01:42+00:00","breadcrumb":{"@id":"https:\/\/www.cde.ual.es\/9-de-mayo-dia-de-europa\/#breadcrumb"},"inLanguage":"en-US","potentialAction":[{"@type":"ReadAction","target":["https:\/\/www.cde.ual.es\/9-de-mayo-dia-de-europa\/"]}]},{"@type":"ImageObject","inLanguage":"en-US","@id":"https:\/\/www.cde.ual.es\/9-de-mayo-dia-de-europa\/#primaryimage","url":"http:\/\/www.cde.ual.es\/wp-content\/uploads\/2017\/04\/9-de-Mayo.png","contentUrl":"http:\/\/www.cde.ual.es\/wp-content\/uploads\/2017\/04\/9-de-Mayo.png"},{"@type":"BreadcrumbList","@id":"https:\/\/www.cde.ual.es\/9-de-mayo-dia-de-europa\/#breadcrumb","itemListElement":[{"@type":"ListItem","position":1,"name":"Inicio","item":"https:\/\/www.cde.ual.es\/en\/"},{"@type":"ListItem","position":2,"name":"Sin categorizar","item":"https:\/\/www.cde.ual.es\/category\/sin-categorizar\/"},{"@type":"ListItem","position":3,"name":"9 de Mayo D\u00eda de Europa, seminario y actividades programadas"}]},{"@type":"WebSite","@id":"https:\/\/www.cde.ual.es\/#website","url":"https:\/\/www.cde.ual.es\/","name":"CDE Almer\u00eda - Centro de Documentaci\u00f3n Europea - Universidad de Almer\u00eda","description":"Centro de Documentaci\u00f3n Europea de la Universidad de Almer\u00eda","publisher":{"@id":"https:\/\/www.cde.ual.es\/#organization"},"alternateName":"CDE Almer\u00eda","potentialAction":[{"@type":"SearchAction","target":{"@type":"EntryPoint","urlTemplate":"https:\/\/www.cde.ual.es\/?s={search_term_string}"},"query-input":{"@type":"PropertyValueSpecification","valueRequired":true,"valueName":"search_term_string"}}],"inLanguage":"en-US"},{"@type":"Organization","@id":"https:\/\/www.cde.ual.es\/#organization","name":"Centro de Documentaci\u00f3n Europea de Almer\u00eda","url":"https:\/\/www.cde.ual.es\/","logo":{"@type":"ImageObject","inLanguage":"en-US","@id":"https:\/\/www.cde.ual.es\/#\/schema\/logo\/image\/","url":"https:\/\/www.cde.ual.es\/wp-content\/uploads\/2025\/07\/cde-logo-3.png","contentUrl":"https:\/\/www.cde.ual.es\/wp-content\/uploads\/2025\/07\/cde-logo-3.png","width":1400,"height":300,"caption":"Centro de Documentaci\u00f3n Europea de Almer\u00eda"},"image":{"@id":"https:\/\/www.cde.ual.es\/#\/schema\/logo\/image\/"},"sameAs":["https:\/\/www.facebook.com\/cdeuniversidadalmeria\/","https:\/\/x.com\/cdeualmeria","https:\/\/www.tiktok.com\/@cdealmeria","https:\/\/www.instagram.com\/cdealmeria\/","https:\/\/www.linkedin.com\/in\/cde-almera-812b26a9\/"]},{"@type":"Person","@id":"https:\/\/www.cde.ual.es\/#\/schema\/person\/224ef08c8bcc005f319d2713ce37ee5f","name":"AdminCDE","image":{"@type":"ImageObject","inLanguage":"en-US","@id":"https:\/\/secure.gravatar.com\/avatar\/a72d038d371f995cd13706fac32274b7952a52e8fb0a84b5f80c85426f2a98a8?s=96&d=mm&r=g","url":"https:\/\/secure.gravatar.com\/avatar\/a72d038d371f995cd13706fac32274b7952a52e8fb0a84b5f80c85426f2a98a8?s=96&d=mm&r=g","contentUrl":"https:\/\/secure.gravatar.com\/avatar\/a72d038d371f995cd13706fac32274b7952a52e8fb0a84b5f80c85426f2a98a8?s=96&d=mm&r=g","caption":"AdminCDE"}}]}},"_links":{"self":[{"href":"https:\/\/www.cde.ual.es\/en\/wp-json\/wp\/v2\/posts\/1807","targetHints":{"allow":["GET"]}}],"collection":[{"href":"https:\/\/www.cde.ual.es\/en\/wp-json\/wp\/v2\/posts"}],"about":[{"href":"https:\/\/www.cde.ual.es\/en\/wp-json\/wp\/v2\/types\/post"}],"author":[{"embeddable":true,"href":"https:\/\/www.cde.ual.es\/en\/wp-json\/wp\/v2\/users\/1"}],"replies":[{"embeddable":true,"href":"https:\/\/www.cde.ual.es\/en\/wp-json\/wp\/v2\/comments?post=1807"}],"version-history":[{"count":0,"href":"https:\/\/www.cde.ual.es\/en\/wp-json\/wp\/v2\/posts\/1807\/revisions"}],"wp:attachment":[{"href":"https:\/\/www.cde.ual.es\/en\/wp-json\/wp\/v2\/media?parent=1807"}],"wp:term":[{"taxonomy":"category","embeddable":true,"href":"https:\/\/www.cde.ual.es\/en\/wp-json\/wp\/v2\/categories?post=1807"},{"taxonomy":"post_tag","embeddable":true,"href":"https:\/\/www.cde.ual.es\/en\/wp-json\/wp\/v2\/tags?post=1807"}],"curies":[{"name":"wp","href":"https:\/\/api.w.org\/{rel}","templated":true}]}}