{"id":17912,"date":"2019-05-23T09:10:38","date_gmt":"2019-05-23T07:10:38","guid":{"rendered":"https:\/\/www.cde.ual.es\/?p=17912"},"modified":"2019-05-31T09:29:16","modified_gmt":"2019-05-31T07:29:16","slug":"who-says-recycling-isnt-exciting","status":"publish","type":"post","link":"https:\/\/www.cde.ual.es\/en\/who-says-recycling-isnt-exciting\/","title":{"rendered":"Who says recycling isn&#8217;t exciting?"},"content":{"rendered":"<p>T\u00edtulo: Who says recycling isn&#8217;t exciting?<\/p>\n<p>Autor:\u00a0<span lang=\"es\" tabindex=\"0\">Comisi\u00f3n Europea<\/span><\/p>\n<p>Duraci\u00f3n: 02:31<\/p>\n<p>Resumen: \u00bfHaciendo un negocio de reciclaje? \u00a1Funciona! Descubre el centro comercial de Anna en Suecia. Esta es la econom\u00eda circular en su mejor momento. Y es fuertemente alentado por la UE.<\/p>\n<p>Fecha de Publicaci\u00f3n: 12-05-2019<\/p>\n<p><a href=\"https:\/\/tvnewsroom.consilium.europa.eu\/permalink\/209604\"><img decoding=\"async\" src=\"https:\/\/councilnewsroomvideo.azureedge.net\/video-thumbnails\/10-05-19-122984-SE-Who_says_recycling_is_not_exciting-LONG-EN_V2_PRV_thumbnail_129_356169.jpg\" \/><\/a><\/p>\n<p>&nbsp;<\/p>\n","protected":false},"excerpt":{"rendered":"<p>T\u00edtulo: Who says recycling isn&#8217;t exciting? Autor:\u00a0Comisi\u00f3n Europea Duraci\u00f3n: 02:31 Resumen: \u00bfHaciendo un negocio de reciclaje? \u00a1Funciona! Descubre el centro comercial de Anna en Suecia. Esta es la econom\u00eda circular en su mejor momento. Y es fuertemente alentado por la UE. Fecha de Publicaci\u00f3n: 12-05-2019 &nbsp;<\/p>\n","protected":false},"author":101011,"featured_media":17916,"comment_status":"open","ping_status":"open","sticky":false,"template":"","format":"standard","meta":{"_acf_changed":false,"_relevanssi_hide_post":"","_relevanssi_hide_content":"","_relevanssi_pin_for_all":"","_relevanssi_pin_keywords":"","_relevanssi_unpin_keywords":"","_relevanssi_related_keywords":"","_relevanssi_related_include_ids":"","_relevanssi_related_exclude_ids":"","_relevanssi_related_no_append":"","_relevanssi_related_not_related":"","_relevanssi_related_posts":"","_relevanssi_noindex_reason":"","_monsterinsights_skip_tracking":false,"_monsterinsights_sitenote_active":false,"_monsterinsights_sitenote_note":"","_monsterinsights_sitenote_category":0,"_genesis_hide_title":false,"_genesis_hide_breadcrumbs":false,"_genesis_hide_singular_image":false,"_genesis_hide_footer_widgets":false,"_genesis_custom_body_class":"","_genesis_custom_post_class":"","_genesis_layout":"","footnotes":""},"categories":[124,119,115],"tags":[192,216],"class_list":{"0":"post-17912","1":"post","2":"type-post","3":"status-publish","4":"format-standard","5":"has-post-thumbnail","7":"category-mediateca-medio-ambiente","8":"category-mediateca-mercado-union-europea","9":"category-repositorio-mediateca","10":"tag-economia-circular","11":"tag-sostenibilidad","12":"entry"},"acf":[],"yoast_head":"<!-- This site is optimized with the Yoast SEO plugin v27.5 - https:\/\/yoast.com\/product\/yoast-seo-wordpress\/ -->\n<title>Who says recycling isn&#039;t exciting? | CDE Almer\u00eda - Centro de Documentaci\u00f3n Europea - Universidad de Almer\u00eda<\/title>\n<meta name=\"robots\" content=\"index, follow, max-snippet:-1, max-image-preview:large, max-video-preview:-1\" \/>\n<link rel=\"canonical\" href=\"https:\/\/www.cde.ual.es\/who-says-recycling-isnt-exciting\/\" \/>\n<meta property=\"og:locale\" content=\"en_US\" \/>\n<meta property=\"og:type\" content=\"article\" \/>\n<meta property=\"og:title\" content=\"Who says recycling isn&#039;t exciting? | CDE Almer\u00eda - Centro de Documentaci\u00f3n Europea - Universidad de Almer\u00eda\" \/>\n<meta property=\"og:description\" content=\"T\u00edtulo: Who says recycling isn&#8217;t exciting? Autor:\u00a0Comisi\u00f3n Europea Duraci\u00f3n: 02:31 Resumen: \u00bfHaciendo un negocio de reciclaje? \u00a1Funciona! Descubre el centro comercial de Anna en Suecia. Esta es la econom\u00eda circular en su mejor momento. Y es fuertemente alentado por la UE. Fecha de Publicaci\u00f3n: 12-05-2019 &nbsp;\" \/>\n<meta property=\"og:url\" content=\"https:\/\/www.cde.ual.es\/who-says-recycling-isnt-exciting\/\" \/>\n<meta property=\"og:site_name\" content=\"CDE Almer\u00eda - Centro de Documentaci\u00f3n Europea - Universidad de Almer\u00eda\" \/>\n<meta property=\"article:publisher\" content=\"https:\/\/www.facebook.com\/cdeuniversidadalmeria\/\" \/>\n<meta property=\"article:published_time\" content=\"2019-05-23T07:10:38+00:00\" \/>\n<meta property=\"article:modified_time\" content=\"2019-05-31T07:29:16+00:00\" \/>\n<meta property=\"og:image\" content=\"https:\/\/www.cde.ual.es\/wp-content\/uploads\/2019\/05\/10-05-19-122984-SE-Who_says_recycling_is_not_exciting-LONG-EN_V2_PRV_thumbnail_129_356169.jpg\" \/>\n\t<meta property=\"og:image:width\" content=\"1024\" \/>\n\t<meta property=\"og:image:height\" content=\"576\" \/>\n\t<meta property=\"og:image:type\" content=\"image\/jpeg\" \/>\n<meta name=\"author\" content=\"BECA 2 CDE\" \/>\n<meta name=\"twitter:card\" content=\"summary_large_image\" \/>\n<meta name=\"twitter:creator\" content=\"@cdeualmeria\" \/>\n<meta name=\"twitter:site\" content=\"@cdeualmeria\" \/>\n<meta name=\"twitter:label1\" content=\"Written by\" \/>\n\t<meta name=\"twitter:data1\" content=\"BECA 2 CDE\" \/>\n<script type=\"application\/ld+json\" class=\"yoast-schema-graph\">{\"@context\":\"https:\\\/\\\/schema.org\",\"@graph\":[{\"@type\":\"Article\",\"@id\":\"https:\\\/\\\/www.cde.ual.es\\\/who-says-recycling-isnt-exciting\\\/#article\",\"isPartOf\":{\"@id\":\"https:\\\/\\\/www.cde.ual.es\\\/who-says-recycling-isnt-exciting\\\/\"},\"author\":{\"name\":\"BECA 2 CDE\",\"@id\":\"https:\\\/\\\/www.cde.ual.es\\\/#\\\/schema\\\/person\\\/ee46ebc19edfa19598c02cff83335acc\"},\"headline\":\"Who says recycling isn&#8217;t exciting?\",\"datePublished\":\"2019-05-23T07:10:38+00:00\",\"dateModified\":\"2019-05-31T07:29:16+00:00\",\"mainEntityOfPage\":{\"@id\":\"https:\\\/\\\/www.cde.ual.es\\\/who-says-recycling-isnt-exciting\\\/\"},\"wordCount\":59,\"commentCount\":0,\"publisher\":{\"@id\":\"https:\\\/\\\/www.cde.ual.es\\\/#organization\"},\"image\":{\"@id\":\"https:\\\/\\\/www.cde.ual.es\\\/who-says-recycling-isnt-exciting\\\/#primaryimage\"},\"thumbnailUrl\":\"https:\\\/\\\/www.cde.ual.es\\\/wp-content\\\/uploads\\\/2019\\\/05\\\/10-05-19-122984-SE-Who_says_recycling_is_not_exciting-LONG-EN_V2_PRV_thumbnail_129_356169.jpg\",\"keywords\":[\"Econom\u00eda Circular\",\"Sostenibilidad\"],\"articleSection\":[\"Mediateca - Medio Ambiente\",\"Mediateca - Mercado en la Uni\u00f3n Europea\",\"Repositorio Mediateca\"],\"inLanguage\":\"en-US\",\"potentialAction\":[{\"@type\":\"CommentAction\",\"name\":\"Comment\",\"target\":[\"https:\\\/\\\/www.cde.ual.es\\\/who-says-recycling-isnt-exciting\\\/#respond\"]}]},{\"@type\":\"WebPage\",\"@id\":\"https:\\\/\\\/www.cde.ual.es\\\/who-says-recycling-isnt-exciting\\\/\",\"url\":\"https:\\\/\\\/www.cde.ual.es\\\/who-says-recycling-isnt-exciting\\\/\",\"name\":\"Who says recycling isn't exciting? | CDE Almer\u00eda - Centro de Documentaci\u00f3n Europea - Universidad de Almer\u00eda\",\"isPartOf\":{\"@id\":\"https:\\\/\\\/www.cde.ual.es\\\/#website\"},\"primaryImageOfPage\":{\"@id\":\"https:\\\/\\\/www.cde.ual.es\\\/who-says-recycling-isnt-exciting\\\/#primaryimage\"},\"image\":{\"@id\":\"https:\\\/\\\/www.cde.ual.es\\\/who-says-recycling-isnt-exciting\\\/#primaryimage\"},\"thumbnailUrl\":\"https:\\\/\\\/www.cde.ual.es\\\/wp-content\\\/uploads\\\/2019\\\/05\\\/10-05-19-122984-SE-Who_says_recycling_is_not_exciting-LONG-EN_V2_PRV_thumbnail_129_356169.jpg\",\"datePublished\":\"2019-05-23T07:10:38+00:00\",\"dateModified\":\"2019-05-31T07:29:16+00:00\",\"breadcrumb\":{\"@id\":\"https:\\\/\\\/www.cde.ual.es\\\/who-says-recycling-isnt-exciting\\\/#breadcrumb\"},\"inLanguage\":\"en-US\",\"potentialAction\":[{\"@type\":\"ReadAction\",\"target\":[\"https:\\\/\\\/www.cde.ual.es\\\/who-says-recycling-isnt-exciting\\\/\"]}]},{\"@type\":\"ImageObject\",\"inLanguage\":\"en-US\",\"@id\":\"https:\\\/\\\/www.cde.ual.es\\\/who-says-recycling-isnt-exciting\\\/#primaryimage\",\"url\":\"https:\\\/\\\/www.cde.ual.es\\\/wp-content\\\/uploads\\\/2019\\\/05\\\/10-05-19-122984-SE-Who_says_recycling_is_not_exciting-LONG-EN_V2_PRV_thumbnail_129_356169.jpg\",\"contentUrl\":\"https:\\\/\\\/www.cde.ual.es\\\/wp-content\\\/uploads\\\/2019\\\/05\\\/10-05-19-122984-SE-Who_says_recycling_is_not_exciting-LONG-EN_V2_PRV_thumbnail_129_356169.jpg\",\"width\":1024,\"height\":576},{\"@type\":\"BreadcrumbList\",\"@id\":\"https:\\\/\\\/www.cde.ual.es\\\/who-says-recycling-isnt-exciting\\\/#breadcrumb\",\"itemListElement\":[{\"@type\":\"ListItem\",\"position\":1,\"name\":\"Inicio\",\"item\":\"https:\\\/\\\/www.cde.ual.es\\\/en\\\/\"},{\"@type\":\"ListItem\",\"position\":2,\"name\":\"Repositorio Mediateca\",\"item\":\"https:\\\/\\\/www.cde.ual.es\\\/category\\\/repositorio-mediateca\\\/\"},{\"@type\":\"ListItem\",\"position\":3,\"name\":\"Mediateca - Medio Ambiente\",\"item\":\"https:\\\/\\\/www.cde.ual.es\\\/category\\\/repositorio-mediateca\\\/mediateca-medio-ambiente\\\/\"},{\"@type\":\"ListItem\",\"position\":4,\"name\":\"Who says recycling isn&#8217;t exciting?\"}]},{\"@type\":\"WebSite\",\"@id\":\"https:\\\/\\\/www.cde.ual.es\\\/#website\",\"url\":\"https:\\\/\\\/www.cde.ual.es\\\/\",\"name\":\"CDE Almer\u00eda - Centro de Documentaci\u00f3n Europea - Universidad de Almer\u00eda\",\"description\":\"Centro de Documentaci\u00f3n Europea de la Universidad de Almer\u00eda\",\"publisher\":{\"@id\":\"https:\\\/\\\/www.cde.ual.es\\\/#organization\"},\"alternateName\":\"CDE Almer\u00eda\",\"potentialAction\":[{\"@type\":\"SearchAction\",\"target\":{\"@type\":\"EntryPoint\",\"urlTemplate\":\"https:\\\/\\\/www.cde.ual.es\\\/?s={search_term_string}\"},\"query-input\":{\"@type\":\"PropertyValueSpecification\",\"valueRequired\":true,\"valueName\":\"search_term_string\"}}],\"inLanguage\":\"en-US\"},{\"@type\":\"Organization\",\"@id\":\"https:\\\/\\\/www.cde.ual.es\\\/#organization\",\"name\":\"Centro de Documentaci\u00f3n Europea de Almer\u00eda\",\"url\":\"https:\\\/\\\/www.cde.ual.es\\\/\",\"logo\":{\"@type\":\"ImageObject\",\"inLanguage\":\"en-US\",\"@id\":\"https:\\\/\\\/www.cde.ual.es\\\/#\\\/schema\\\/logo\\\/image\\\/\",\"url\":\"https:\\\/\\\/www.cde.ual.es\\\/wp-content\\\/uploads\\\/2025\\\/07\\\/cde-logo-3.png\",\"contentUrl\":\"https:\\\/\\\/www.cde.ual.es\\\/wp-content\\\/uploads\\\/2025\\\/07\\\/cde-logo-3.png\",\"width\":1400,\"height\":300,\"caption\":\"Centro de Documentaci\u00f3n Europea de Almer\u00eda\"},\"image\":{\"@id\":\"https:\\\/\\\/www.cde.ual.es\\\/#\\\/schema\\\/logo\\\/image\\\/\"},\"sameAs\":[\"https:\\\/\\\/www.facebook.com\\\/cdeuniversidadalmeria\\\/\",\"https:\\\/\\\/x.com\\\/cdeualmeria\",\"https:\\\/\\\/www.tiktok.com\\\/@cdealmeria\",\"https:\\\/\\\/www.instagram.com\\\/cdealmeria\\\/\",\"https:\\\/\\\/www.linkedin.com\\\/in\\\/cde-almera-812b26a9\\\/\"]},{\"@type\":\"Person\",\"@id\":\"https:\\\/\\\/www.cde.ual.es\\\/#\\\/schema\\\/person\\\/ee46ebc19edfa19598c02cff83335acc\",\"name\":\"BECA 2 CDE\",\"image\":{\"@type\":\"ImageObject\",\"inLanguage\":\"en-US\",\"@id\":\"https:\\\/\\\/secure.gravatar.com\\\/avatar\\\/35a481bbc04bbd90e91bdfa3b0b5541036c222a49b9ad37b6889a2afcb5311a5?s=96&d=mm&r=g\",\"url\":\"https:\\\/\\\/secure.gravatar.com\\\/avatar\\\/35a481bbc04bbd90e91bdfa3b0b5541036c222a49b9ad37b6889a2afcb5311a5?s=96&d=mm&r=g\",\"contentUrl\":\"https:\\\/\\\/secure.gravatar.com\\\/avatar\\\/35a481bbc04bbd90e91bdfa3b0b5541036c222a49b9ad37b6889a2afcb5311a5?s=96&d=mm&r=g\",\"caption\":\"BECA 2 CDE\"},\"sameAs\":[\"http:\\\/\\\/www.cdealmeria.com\"]}]}<\/script>\n<!-- \/ Yoast SEO plugin. -->","yoast_head_json":{"title":"Who says recycling isn't exciting? | CDE Almer\u00eda - Centro de Documentaci\u00f3n Europea - Universidad de Almer\u00eda","robots":{"index":"index","follow":"follow","max-snippet":"max-snippet:-1","max-image-preview":"max-image-preview:large","max-video-preview":"max-video-preview:-1"},"canonical":"https:\/\/www.cde.ual.es\/who-says-recycling-isnt-exciting\/","og_locale":"en_US","og_type":"article","og_title":"Who says recycling isn't exciting? | CDE Almer\u00eda - Centro de Documentaci\u00f3n Europea - Universidad de Almer\u00eda","og_description":"T\u00edtulo: Who says recycling isn&#8217;t exciting? Autor:\u00a0Comisi\u00f3n Europea Duraci\u00f3n: 02:31 Resumen: \u00bfHaciendo un negocio de reciclaje? \u00a1Funciona! Descubre el centro comercial de Anna en Suecia. Esta es la econom\u00eda circular en su mejor momento. Y es fuertemente alentado por la UE. Fecha de Publicaci\u00f3n: 12-05-2019 &nbsp;","og_url":"https:\/\/www.cde.ual.es\/who-says-recycling-isnt-exciting\/","og_site_name":"CDE Almer\u00eda - Centro de Documentaci\u00f3n Europea - Universidad de Almer\u00eda","article_publisher":"https:\/\/www.facebook.com\/cdeuniversidadalmeria\/","article_published_time":"2019-05-23T07:10:38+00:00","article_modified_time":"2019-05-31T07:29:16+00:00","og_image":[{"width":1024,"height":576,"url":"https:\/\/www.cde.ual.es\/wp-content\/uploads\/2019\/05\/10-05-19-122984-SE-Who_says_recycling_is_not_exciting-LONG-EN_V2_PRV_thumbnail_129_356169.jpg","type":"image\/jpeg"}],"author":"BECA 2 CDE","twitter_card":"summary_large_image","twitter_creator":"@cdeualmeria","twitter_site":"@cdeualmeria","twitter_misc":{"Written by":"BECA 2 CDE"},"schema":{"@context":"https:\/\/schema.org","@graph":[{"@type":"Article","@id":"https:\/\/www.cde.ual.es\/who-says-recycling-isnt-exciting\/#article","isPartOf":{"@id":"https:\/\/www.cde.ual.es\/who-says-recycling-isnt-exciting\/"},"author":{"name":"BECA 2 CDE","@id":"https:\/\/www.cde.ual.es\/#\/schema\/person\/ee46ebc19edfa19598c02cff83335acc"},"headline":"Who says recycling isn&#8217;t exciting?","datePublished":"2019-05-23T07:10:38+00:00","dateModified":"2019-05-31T07:29:16+00:00","mainEntityOfPage":{"@id":"https:\/\/www.cde.ual.es\/who-says-recycling-isnt-exciting\/"},"wordCount":59,"commentCount":0,"publisher":{"@id":"https:\/\/www.cde.ual.es\/#organization"},"image":{"@id":"https:\/\/www.cde.ual.es\/who-says-recycling-isnt-exciting\/#primaryimage"},"thumbnailUrl":"https:\/\/www.cde.ual.es\/wp-content\/uploads\/2019\/05\/10-05-19-122984-SE-Who_says_recycling_is_not_exciting-LONG-EN_V2_PRV_thumbnail_129_356169.jpg","keywords":["Econom\u00eda Circular","Sostenibilidad"],"articleSection":["Mediateca - Medio Ambiente","Mediateca - Mercado en la Uni\u00f3n Europea","Repositorio Mediateca"],"inLanguage":"en-US","potentialAction":[{"@type":"CommentAction","name":"Comment","target":["https:\/\/www.cde.ual.es\/who-says-recycling-isnt-exciting\/#respond"]}]},{"@type":"WebPage","@id":"https:\/\/www.cde.ual.es\/who-says-recycling-isnt-exciting\/","url":"https:\/\/www.cde.ual.es\/who-says-recycling-isnt-exciting\/","name":"Who says recycling isn't exciting? | CDE Almer\u00eda - Centro de Documentaci\u00f3n Europea - Universidad de Almer\u00eda","isPartOf":{"@id":"https:\/\/www.cde.ual.es\/#website"},"primaryImageOfPage":{"@id":"https:\/\/www.cde.ual.es\/who-says-recycling-isnt-exciting\/#primaryimage"},"image":{"@id":"https:\/\/www.cde.ual.es\/who-says-recycling-isnt-exciting\/#primaryimage"},"thumbnailUrl":"https:\/\/www.cde.ual.es\/wp-content\/uploads\/2019\/05\/10-05-19-122984-SE-Who_says_recycling_is_not_exciting-LONG-EN_V2_PRV_thumbnail_129_356169.jpg","datePublished":"2019-05-23T07:10:38+00:00","dateModified":"2019-05-31T07:29:16+00:00","breadcrumb":{"@id":"https:\/\/www.cde.ual.es\/who-says-recycling-isnt-exciting\/#breadcrumb"},"inLanguage":"en-US","potentialAction":[{"@type":"ReadAction","target":["https:\/\/www.cde.ual.es\/who-says-recycling-isnt-exciting\/"]}]},{"@type":"ImageObject","inLanguage":"en-US","@id":"https:\/\/www.cde.ual.es\/who-says-recycling-isnt-exciting\/#primaryimage","url":"https:\/\/www.cde.ual.es\/wp-content\/uploads\/2019\/05\/10-05-19-122984-SE-Who_says_recycling_is_not_exciting-LONG-EN_V2_PRV_thumbnail_129_356169.jpg","contentUrl":"https:\/\/www.cde.ual.es\/wp-content\/uploads\/2019\/05\/10-05-19-122984-SE-Who_says_recycling_is_not_exciting-LONG-EN_V2_PRV_thumbnail_129_356169.jpg","width":1024,"height":576},{"@type":"BreadcrumbList","@id":"https:\/\/www.cde.ual.es\/who-says-recycling-isnt-exciting\/#breadcrumb","itemListElement":[{"@type":"ListItem","position":1,"name":"Inicio","item":"https:\/\/www.cde.ual.es\/en\/"},{"@type":"ListItem","position":2,"name":"Repositorio Mediateca","item":"https:\/\/www.cde.ual.es\/category\/repositorio-mediateca\/"},{"@type":"ListItem","position":3,"name":"Mediateca - Medio Ambiente","item":"https:\/\/www.cde.ual.es\/category\/repositorio-mediateca\/mediateca-medio-ambiente\/"},{"@type":"ListItem","position":4,"name":"Who says recycling isn&#8217;t exciting?"}]},{"@type":"WebSite","@id":"https:\/\/www.cde.ual.es\/#website","url":"https:\/\/www.cde.ual.es\/","name":"CDE Almer\u00eda - Centro de Documentaci\u00f3n Europea - Universidad de Almer\u00eda","description":"Centro de Documentaci\u00f3n Europea de la Universidad de Almer\u00eda","publisher":{"@id":"https:\/\/www.cde.ual.es\/#organization"},"alternateName":"CDE Almer\u00eda","potentialAction":[{"@type":"SearchAction","target":{"@type":"EntryPoint","urlTemplate":"https:\/\/www.cde.ual.es\/?s={search_term_string}"},"query-input":{"@type":"PropertyValueSpecification","valueRequired":true,"valueName":"search_term_string"}}],"inLanguage":"en-US"},{"@type":"Organization","@id":"https:\/\/www.cde.ual.es\/#organization","name":"Centro de Documentaci\u00f3n Europea de Almer\u00eda","url":"https:\/\/www.cde.ual.es\/","logo":{"@type":"ImageObject","inLanguage":"en-US","@id":"https:\/\/www.cde.ual.es\/#\/schema\/logo\/image\/","url":"https:\/\/www.cde.ual.es\/wp-content\/uploads\/2025\/07\/cde-logo-3.png","contentUrl":"https:\/\/www.cde.ual.es\/wp-content\/uploads\/2025\/07\/cde-logo-3.png","width":1400,"height":300,"caption":"Centro de Documentaci\u00f3n Europea de Almer\u00eda"},"image":{"@id":"https:\/\/www.cde.ual.es\/#\/schema\/logo\/image\/"},"sameAs":["https:\/\/www.facebook.com\/cdeuniversidadalmeria\/","https:\/\/x.com\/cdeualmeria","https:\/\/www.tiktok.com\/@cdealmeria","https:\/\/www.instagram.com\/cdealmeria\/","https:\/\/www.linkedin.com\/in\/cde-almera-812b26a9\/"]},{"@type":"Person","@id":"https:\/\/www.cde.ual.es\/#\/schema\/person\/ee46ebc19edfa19598c02cff83335acc","name":"BECA 2 CDE","image":{"@type":"ImageObject","inLanguage":"en-US","@id":"https:\/\/secure.gravatar.com\/avatar\/35a481bbc04bbd90e91bdfa3b0b5541036c222a49b9ad37b6889a2afcb5311a5?s=96&d=mm&r=g","url":"https:\/\/secure.gravatar.com\/avatar\/35a481bbc04bbd90e91bdfa3b0b5541036c222a49b9ad37b6889a2afcb5311a5?s=96&d=mm&r=g","contentUrl":"https:\/\/secure.gravatar.com\/avatar\/35a481bbc04bbd90e91bdfa3b0b5541036c222a49b9ad37b6889a2afcb5311a5?s=96&d=mm&r=g","caption":"BECA 2 CDE"},"sameAs":["http:\/\/www.cdealmeria.com"]}]}},"_links":{"self":[{"href":"https:\/\/www.cde.ual.es\/en\/wp-json\/wp\/v2\/posts\/17912","targetHints":{"allow":["GET"]}}],"collection":[{"href":"https:\/\/www.cde.ual.es\/en\/wp-json\/wp\/v2\/posts"}],"about":[{"href":"https:\/\/www.cde.ual.es\/en\/wp-json\/wp\/v2\/types\/post"}],"author":[{"embeddable":true,"href":"https:\/\/www.cde.ual.es\/en\/wp-json\/wp\/v2\/users\/101011"}],"replies":[{"embeddable":true,"href":"https:\/\/www.cde.ual.es\/en\/wp-json\/wp\/v2\/comments?post=17912"}],"version-history":[{"count":0,"href":"https:\/\/www.cde.ual.es\/en\/wp-json\/wp\/v2\/posts\/17912\/revisions"}],"wp:featuredmedia":[{"embeddable":true,"href":"https:\/\/www.cde.ual.es\/en\/wp-json\/wp\/v2\/media\/17916"}],"wp:attachment":[{"href":"https:\/\/www.cde.ual.es\/en\/wp-json\/wp\/v2\/media?parent=17912"}],"wp:term":[{"taxonomy":"category","embeddable":true,"href":"https:\/\/www.cde.ual.es\/en\/wp-json\/wp\/v2\/categories?post=17912"},{"taxonomy":"post_tag","embeddable":true,"href":"https:\/\/www.cde.ual.es\/en\/wp-json\/wp\/v2\/tags?post=17912"}],"curies":[{"name":"wp","href":"https:\/\/api.w.org\/{rel}","templated":true}]}}