{"id":1778,"date":"2017-04-07T11:10:12","date_gmt":"2017-04-07T09:10:12","guid":{"rendered":"http:\/\/www.cde.ual.es\/?p=1778"},"modified":"2017-04-07T11:10:12","modified_gmt":"2017-04-07T09:10:12","slug":"reunion-de-los-centros-de-documentacion-europea-en-madrid","status":"publish","type":"post","link":"https:\/\/www.cde.ual.es\/en\/reunion-de-los-centros-de-documentacion-europea-en-madrid\/","title":{"rendered":"Reuni\u00f3n de los Centros de Documentacion Europea en Madrid"},"content":{"rendered":"<p style=\"text-align: justify;\"><img decoding=\"async\" class=\"wp-image-1779 alignleft\" src=\"http:\/\/www.cde.ual.es\/wp-content\/uploads\/2017\/04\/17799303_1455451661161120_8666455110929702861_n.jpg\" alt=\"\" width=\"350\" height=\"262\" srcset=\"https:\/\/www.cde.ual.es\/wp-content\/uploads\/2017\/04\/17799303_1455451661161120_8666455110929702861_n.jpg 960w, https:\/\/www.cde.ual.es\/wp-content\/uploads\/2017\/04\/17799303_1455451661161120_8666455110929702861_n-768x576.jpg 768w\" sizes=\"(max-width: 350px) 100vw, 350px\" \/>La Uni\u00f3n Europea tiene una <strong>red de centros de informaci\u00f3n<\/strong> sobre temas relacionados con la Uni\u00f3n y que tienen como <strong>misi\u00f3n resolver las dudas<\/strong> que los ciudadanos puedan tener, as\u00ed como la de acercar a los ciudadanos las pol\u00edticas que sigue la Uni\u00f3n y los derechos con los que contamos los que aqu\u00ed vivimos. <strong>En Espa\u00f1a existen 45 centros de Europe Direct, repartidos por el territorio.<\/strong><\/p>\n<p style=\"text-align: justify;\">En el d\u00eda de ayer, <strong>el CDE de la Universidad de Almer\u00eda asisti\u00f3 en Madrid<\/strong>, en la representaci\u00f3n que la Comisi\u00f3n Europea tiene en la capital, a un encuentro entre los representantes de los Centros de Europe Direct y los Centros de Documentaci\u00f3n Europea y otros centros que existen en Espa\u00f1a, relacionados con facilitar informaci\u00f3n sobre normas, oportunidades o derechos que tenemos por el hecho de pertenecer a la UE. El objetivo de la reuni\u00f3n fue <strong>debatir e intercambiar experiencias<\/strong> sobre las mejores maneras de poder comunicar con el p\u00fablico.<\/p>\n<p style=\"text-align: justify;\">Un tema de actualidad del que se habl\u00f3, fue sobre la reciente presentaci\u00f3n del <strong>Libro Blanco de la Comisi\u00f3n sobre el futuro de Europa<\/strong>. El tema a tratar dio para el debate, porque en este Libro, el presidente de la Comisi\u00f3n, Juncker, ha invitado a la ciudadan\u00eda a plantearse el tipo de Uni\u00f3n que queremos, tras los problemas, replanteamientos y discusiones que han tenido lugar. En ese sentido los centros de informaci\u00f3n tuvieron un papel fundamental a la hora de articular el debate. Otros temas como la Agenda Europea de Seguridad, el Programa Erasmus +, el Cuerpo Europeo de Seguridad, entre otros, tambi\u00e9n tuvieron cabida en lo que ayer se discuti\u00f3. Todo ello cont\u00f3 adem\u00e1s con las aportaciones que los centros hayan realizado sobre el 60\u00ba aniversario de la firma del Tratado de Roma.<\/p>\n<p style=\"text-align: justify;\">M\u00e1s informaci\u00f3n <a href=\"https:\/\/ec.europa.eu\/spain\/news\/europe-direct-annual-meeting-2017_es\" target=\"_blank\">aqu\u00ed<\/a><\/p>\n<p style=\"text-align: justify;\">\n","protected":false},"excerpt":{"rendered":"<p>La Uni\u00f3n Europea tiene una red de centros de informaci\u00f3n sobre temas relacionados con la Uni\u00f3n y que tienen como misi\u00f3n resolver las dudas que los ciudadanos puedan tener, as\u00ed como la de acercar a los ciudadanos las pol\u00edticas que sigue la Uni\u00f3n y los derechos con los que contamos los que aqu\u00ed vivimos. En [&hellip;]<\/p>\n","protected":false},"author":1,"featured_media":0,"comment_status":"open","ping_status":"open","sticky":false,"template":"","format":"standard","meta":{"_acf_changed":false,"_relevanssi_hide_post":"","_relevanssi_hide_content":"","_relevanssi_pin_for_all":"","_relevanssi_pin_keywords":"","_relevanssi_unpin_keywords":"","_relevanssi_related_keywords":"","_relevanssi_related_include_ids":"","_relevanssi_related_exclude_ids":"","_relevanssi_related_no_append":"","_relevanssi_related_not_related":"","_relevanssi_related_posts":"","_relevanssi_noindex_reason":"","_monsterinsights_skip_tracking":false,"_monsterinsights_sitenote_active":false,"_monsterinsights_sitenote_note":"","_monsterinsights_sitenote_category":0,"_genesis_hide_title":false,"_genesis_hide_breadcrumbs":false,"_genesis_hide_singular_image":false,"_genesis_hide_footer_widgets":false,"_genesis_custom_body_class":"","_genesis_custom_post_class":"","_genesis_layout":"","footnotes":""},"categories":[1],"tags":[],"class_list":{"0":"post-1778","1":"post","2":"type-post","3":"status-publish","4":"format-standard","6":"category-sin-categorizar","7":"entry","8":"has-post-thumbnail"},"acf":[],"yoast_head":"<!-- This site is optimized with the Yoast SEO plugin v27.4 - https:\/\/yoast.com\/product\/yoast-seo-wordpress\/ -->\n<title>Reuni\u00f3n de los Centros de Documentacion Europea en Madrid | CDE Almer\u00eda - Centro de Documentaci\u00f3n Europea - Universidad de Almer\u00eda<\/title>\n<meta name=\"robots\" content=\"index, follow, max-snippet:-1, max-image-preview:large, max-video-preview:-1\" \/>\n<link rel=\"canonical\" href=\"https:\/\/www.cde.ual.es\/en\/reunion-de-los-centros-de-documentacion-europea-en-madrid\/\" \/>\n<meta property=\"og:locale\" content=\"en_US\" \/>\n<meta property=\"og:type\" content=\"article\" \/>\n<meta property=\"og:title\" content=\"Reuni\u00f3n de los Centros de Documentacion Europea en Madrid | CDE Almer\u00eda - Centro de Documentaci\u00f3n Europea - Universidad de Almer\u00eda\" \/>\n<meta property=\"og:description\" content=\"La Uni\u00f3n Europea tiene una red de centros de informaci\u00f3n sobre temas relacionados con la Uni\u00f3n y que tienen como misi\u00f3n resolver las dudas que los ciudadanos puedan tener, as\u00ed como la de acercar a los ciudadanos las pol\u00edticas que sigue la Uni\u00f3n y los derechos con los que contamos los que aqu\u00ed vivimos. En [&hellip;]\" \/>\n<meta property=\"og:url\" content=\"https:\/\/www.cde.ual.es\/en\/reunion-de-los-centros-de-documentacion-europea-en-madrid\/\" \/>\n<meta property=\"og:site_name\" content=\"CDE Almer\u00eda - Centro de Documentaci\u00f3n Europea - Universidad de Almer\u00eda\" \/>\n<meta property=\"article:publisher\" content=\"https:\/\/www.facebook.com\/cdeuniversidadalmeria\/\" \/>\n<meta property=\"article:published_time\" content=\"2017-04-07T09:10:12+00:00\" \/>\n<meta property=\"og:image\" content=\"http:\/\/www.cde.ual.es\/wp-content\/uploads\/2017\/04\/17799303_1455451661161120_8666455110929702861_n.jpg\" \/>\n<meta name=\"author\" content=\"AdminCDE\" \/>\n<meta name=\"twitter:card\" content=\"summary_large_image\" \/>\n<meta name=\"twitter:creator\" content=\"@cdeualmeria\" \/>\n<meta name=\"twitter:site\" content=\"@cdeualmeria\" \/>\n<meta name=\"twitter:label1\" content=\"Written by\" \/>\n\t<meta name=\"twitter:data1\" content=\"AdminCDE\" \/>\n\t<meta name=\"twitter:label2\" content=\"Est. reading time\" \/>\n\t<meta name=\"twitter:data2\" content=\"2 minutes\" \/>\n<script type=\"application\/ld+json\" class=\"yoast-schema-graph\">{\"@context\":\"https:\\\/\\\/schema.org\",\"@graph\":[{\"@type\":\"Article\",\"@id\":\"https:\\\/\\\/www.cde.ual.es\\\/en\\\/reunion-de-los-centros-de-documentacion-europea-en-madrid\\\/#article\",\"isPartOf\":{\"@id\":\"https:\\\/\\\/www.cde.ual.es\\\/en\\\/reunion-de-los-centros-de-documentacion-europea-en-madrid\\\/\"},\"author\":{\"name\":\"AdminCDE\",\"@id\":\"https:\\\/\\\/www.cde.ual.es\\\/#\\\/schema\\\/person\\\/224ef08c8bcc005f319d2713ce37ee5f\"},\"headline\":\"Reuni\u00f3n de los Centros de Documentacion Europea en Madrid\",\"datePublished\":\"2017-04-07T09:10:12+00:00\",\"mainEntityOfPage\":{\"@id\":\"https:\\\/\\\/www.cde.ual.es\\\/en\\\/reunion-de-los-centros-de-documentacion-europea-en-madrid\\\/\"},\"wordCount\":326,\"commentCount\":0,\"publisher\":{\"@id\":\"https:\\\/\\\/www.cde.ual.es\\\/#organization\"},\"image\":{\"@id\":\"https:\\\/\\\/www.cde.ual.es\\\/en\\\/reunion-de-los-centros-de-documentacion-europea-en-madrid\\\/#primaryimage\"},\"thumbnailUrl\":\"http:\\\/\\\/www.cde.ual.es\\\/wp-content\\\/uploads\\\/2017\\\/04\\\/17799303_1455451661161120_8666455110929702861_n.jpg\",\"articleSection\":[\"Sin categorizar\"],\"inLanguage\":\"en-US\",\"potentialAction\":[{\"@type\":\"CommentAction\",\"name\":\"Comment\",\"target\":[\"https:\\\/\\\/www.cde.ual.es\\\/en\\\/reunion-de-los-centros-de-documentacion-europea-en-madrid\\\/#respond\"]}]},{\"@type\":\"WebPage\",\"@id\":\"https:\\\/\\\/www.cde.ual.es\\\/en\\\/reunion-de-los-centros-de-documentacion-europea-en-madrid\\\/\",\"url\":\"https:\\\/\\\/www.cde.ual.es\\\/en\\\/reunion-de-los-centros-de-documentacion-europea-en-madrid\\\/\",\"name\":\"Reuni\u00f3n de los Centros de Documentacion Europea en Madrid | CDE Almer\u00eda - Centro de Documentaci\u00f3n Europea - Universidad de Almer\u00eda\",\"isPartOf\":{\"@id\":\"https:\\\/\\\/www.cde.ual.es\\\/#website\"},\"primaryImageOfPage\":{\"@id\":\"https:\\\/\\\/www.cde.ual.es\\\/en\\\/reunion-de-los-centros-de-documentacion-europea-en-madrid\\\/#primaryimage\"},\"image\":{\"@id\":\"https:\\\/\\\/www.cde.ual.es\\\/en\\\/reunion-de-los-centros-de-documentacion-europea-en-madrid\\\/#primaryimage\"},\"thumbnailUrl\":\"http:\\\/\\\/www.cde.ual.es\\\/wp-content\\\/uploads\\\/2017\\\/04\\\/17799303_1455451661161120_8666455110929702861_n.jpg\",\"datePublished\":\"2017-04-07T09:10:12+00:00\",\"breadcrumb\":{\"@id\":\"https:\\\/\\\/www.cde.ual.es\\\/en\\\/reunion-de-los-centros-de-documentacion-europea-en-madrid\\\/#breadcrumb\"},\"inLanguage\":\"en-US\",\"potentialAction\":[{\"@type\":\"ReadAction\",\"target\":[\"https:\\\/\\\/www.cde.ual.es\\\/en\\\/reunion-de-los-centros-de-documentacion-europea-en-madrid\\\/\"]}]},{\"@type\":\"ImageObject\",\"inLanguage\":\"en-US\",\"@id\":\"https:\\\/\\\/www.cde.ual.es\\\/en\\\/reunion-de-los-centros-de-documentacion-europea-en-madrid\\\/#primaryimage\",\"url\":\"http:\\\/\\\/www.cde.ual.es\\\/wp-content\\\/uploads\\\/2017\\\/04\\\/17799303_1455451661161120_8666455110929702861_n.jpg\",\"contentUrl\":\"http:\\\/\\\/www.cde.ual.es\\\/wp-content\\\/uploads\\\/2017\\\/04\\\/17799303_1455451661161120_8666455110929702861_n.jpg\"},{\"@type\":\"BreadcrumbList\",\"@id\":\"https:\\\/\\\/www.cde.ual.es\\\/en\\\/reunion-de-los-centros-de-documentacion-europea-en-madrid\\\/#breadcrumb\",\"itemListElement\":[{\"@type\":\"ListItem\",\"position\":1,\"name\":\"Inicio\",\"item\":\"https:\\\/\\\/www.cde.ual.es\\\/en\\\/\"},{\"@type\":\"ListItem\",\"position\":2,\"name\":\"Uncategorized\",\"item\":\"https:\\\/\\\/www.cde.ual.es\\\/en\\\/category\\\/uncategorized\\\/\"},{\"@type\":\"ListItem\",\"position\":3,\"name\":\"Reuni\u00f3n de los Centros de Documentacion Europea en Madrid\"}]},{\"@type\":\"WebSite\",\"@id\":\"https:\\\/\\\/www.cde.ual.es\\\/#website\",\"url\":\"https:\\\/\\\/www.cde.ual.es\\\/\",\"name\":\"CDE Almer\u00eda - Centro de Documentaci\u00f3n Europea - Universidad de Almer\u00eda\",\"description\":\"Centro de Documentaci\u00f3n Europea de la Universidad de Almer\u00eda\",\"publisher\":{\"@id\":\"https:\\\/\\\/www.cde.ual.es\\\/#organization\"},\"alternateName\":\"CDE Almer\u00eda\",\"potentialAction\":[{\"@type\":\"SearchAction\",\"target\":{\"@type\":\"EntryPoint\",\"urlTemplate\":\"https:\\\/\\\/www.cde.ual.es\\\/?s={search_term_string}\"},\"query-input\":{\"@type\":\"PropertyValueSpecification\",\"valueRequired\":true,\"valueName\":\"search_term_string\"}}],\"inLanguage\":\"en-US\"},{\"@type\":\"Organization\",\"@id\":\"https:\\\/\\\/www.cde.ual.es\\\/#organization\",\"name\":\"Centro de Documentaci\u00f3n Europea de Almer\u00eda\",\"url\":\"https:\\\/\\\/www.cde.ual.es\\\/\",\"logo\":{\"@type\":\"ImageObject\",\"inLanguage\":\"en-US\",\"@id\":\"https:\\\/\\\/www.cde.ual.es\\\/#\\\/schema\\\/logo\\\/image\\\/\",\"url\":\"https:\\\/\\\/www.cde.ual.es\\\/wp-content\\\/uploads\\\/2025\\\/07\\\/cde-logo-3.png\",\"contentUrl\":\"https:\\\/\\\/www.cde.ual.es\\\/wp-content\\\/uploads\\\/2025\\\/07\\\/cde-logo-3.png\",\"width\":1400,\"height\":300,\"caption\":\"Centro de Documentaci\u00f3n Europea de Almer\u00eda\"},\"image\":{\"@id\":\"https:\\\/\\\/www.cde.ual.es\\\/#\\\/schema\\\/logo\\\/image\\\/\"},\"sameAs\":[\"https:\\\/\\\/www.facebook.com\\\/cdeuniversidadalmeria\\\/\",\"https:\\\/\\\/x.com\\\/cdeualmeria\",\"https:\\\/\\\/www.tiktok.com\\\/@cdealmeria\",\"https:\\\/\\\/www.instagram.com\\\/cdealmeria\\\/\",\"https:\\\/\\\/www.linkedin.com\\\/in\\\/cde-almera-812b26a9\\\/\"]},{\"@type\":\"Person\",\"@id\":\"https:\\\/\\\/www.cde.ual.es\\\/#\\\/schema\\\/person\\\/224ef08c8bcc005f319d2713ce37ee5f\",\"name\":\"AdminCDE\",\"image\":{\"@type\":\"ImageObject\",\"inLanguage\":\"en-US\",\"@id\":\"https:\\\/\\\/secure.gravatar.com\\\/avatar\\\/a72d038d371f995cd13706fac32274b7952a52e8fb0a84b5f80c85426f2a98a8?s=96&d=mm&r=g\",\"url\":\"https:\\\/\\\/secure.gravatar.com\\\/avatar\\\/a72d038d371f995cd13706fac32274b7952a52e8fb0a84b5f80c85426f2a98a8?s=96&d=mm&r=g\",\"contentUrl\":\"https:\\\/\\\/secure.gravatar.com\\\/avatar\\\/a72d038d371f995cd13706fac32274b7952a52e8fb0a84b5f80c85426f2a98a8?s=96&d=mm&r=g\",\"caption\":\"AdminCDE\"}}]}<\/script>\n<!-- \/ Yoast SEO plugin. -->","yoast_head_json":{"title":"Reuni\u00f3n de los Centros de Documentacion Europea en Madrid | CDE Almer\u00eda - Centro de Documentaci\u00f3n Europea - Universidad de Almer\u00eda","robots":{"index":"index","follow":"follow","max-snippet":"max-snippet:-1","max-image-preview":"max-image-preview:large","max-video-preview":"max-video-preview:-1"},"canonical":"https:\/\/www.cde.ual.es\/en\/reunion-de-los-centros-de-documentacion-europea-en-madrid\/","og_locale":"en_US","og_type":"article","og_title":"Reuni\u00f3n de los Centros de Documentacion Europea en Madrid | CDE Almer\u00eda - Centro de Documentaci\u00f3n Europea - Universidad de Almer\u00eda","og_description":"La Uni\u00f3n Europea tiene una red de centros de informaci\u00f3n sobre temas relacionados con la Uni\u00f3n y que tienen como misi\u00f3n resolver las dudas que los ciudadanos puedan tener, as\u00ed como la de acercar a los ciudadanos las pol\u00edticas que sigue la Uni\u00f3n y los derechos con los que contamos los que aqu\u00ed vivimos. En [&hellip;]","og_url":"https:\/\/www.cde.ual.es\/en\/reunion-de-los-centros-de-documentacion-europea-en-madrid\/","og_site_name":"CDE Almer\u00eda - Centro de Documentaci\u00f3n Europea - Universidad de Almer\u00eda","article_publisher":"https:\/\/www.facebook.com\/cdeuniversidadalmeria\/","article_published_time":"2017-04-07T09:10:12+00:00","og_image":[{"url":"http:\/\/www.cde.ual.es\/wp-content\/uploads\/2017\/04\/17799303_1455451661161120_8666455110929702861_n.jpg","type":"","width":"","height":""}],"author":"AdminCDE","twitter_card":"summary_large_image","twitter_creator":"@cdeualmeria","twitter_site":"@cdeualmeria","twitter_misc":{"Written by":"AdminCDE","Est. reading time":"2 minutes"},"schema":{"@context":"https:\/\/schema.org","@graph":[{"@type":"Article","@id":"https:\/\/www.cde.ual.es\/en\/reunion-de-los-centros-de-documentacion-europea-en-madrid\/#article","isPartOf":{"@id":"https:\/\/www.cde.ual.es\/en\/reunion-de-los-centros-de-documentacion-europea-en-madrid\/"},"author":{"name":"AdminCDE","@id":"https:\/\/www.cde.ual.es\/#\/schema\/person\/224ef08c8bcc005f319d2713ce37ee5f"},"headline":"Reuni\u00f3n de los Centros de Documentacion Europea en Madrid","datePublished":"2017-04-07T09:10:12+00:00","mainEntityOfPage":{"@id":"https:\/\/www.cde.ual.es\/en\/reunion-de-los-centros-de-documentacion-europea-en-madrid\/"},"wordCount":326,"commentCount":0,"publisher":{"@id":"https:\/\/www.cde.ual.es\/#organization"},"image":{"@id":"https:\/\/www.cde.ual.es\/en\/reunion-de-los-centros-de-documentacion-europea-en-madrid\/#primaryimage"},"thumbnailUrl":"http:\/\/www.cde.ual.es\/wp-content\/uploads\/2017\/04\/17799303_1455451661161120_8666455110929702861_n.jpg","articleSection":["Sin categorizar"],"inLanguage":"en-US","potentialAction":[{"@type":"CommentAction","name":"Comment","target":["https:\/\/www.cde.ual.es\/en\/reunion-de-los-centros-de-documentacion-europea-en-madrid\/#respond"]}]},{"@type":"WebPage","@id":"https:\/\/www.cde.ual.es\/en\/reunion-de-los-centros-de-documentacion-europea-en-madrid\/","url":"https:\/\/www.cde.ual.es\/en\/reunion-de-los-centros-de-documentacion-europea-en-madrid\/","name":"Reuni\u00f3n de los Centros de Documentacion Europea en Madrid | CDE Almer\u00eda - Centro de Documentaci\u00f3n Europea - Universidad de Almer\u00eda","isPartOf":{"@id":"https:\/\/www.cde.ual.es\/#website"},"primaryImageOfPage":{"@id":"https:\/\/www.cde.ual.es\/en\/reunion-de-los-centros-de-documentacion-europea-en-madrid\/#primaryimage"},"image":{"@id":"https:\/\/www.cde.ual.es\/en\/reunion-de-los-centros-de-documentacion-europea-en-madrid\/#primaryimage"},"thumbnailUrl":"http:\/\/www.cde.ual.es\/wp-content\/uploads\/2017\/04\/17799303_1455451661161120_8666455110929702861_n.jpg","datePublished":"2017-04-07T09:10:12+00:00","breadcrumb":{"@id":"https:\/\/www.cde.ual.es\/en\/reunion-de-los-centros-de-documentacion-europea-en-madrid\/#breadcrumb"},"inLanguage":"en-US","potentialAction":[{"@type":"ReadAction","target":["https:\/\/www.cde.ual.es\/en\/reunion-de-los-centros-de-documentacion-europea-en-madrid\/"]}]},{"@type":"ImageObject","inLanguage":"en-US","@id":"https:\/\/www.cde.ual.es\/en\/reunion-de-los-centros-de-documentacion-europea-en-madrid\/#primaryimage","url":"http:\/\/www.cde.ual.es\/wp-content\/uploads\/2017\/04\/17799303_1455451661161120_8666455110929702861_n.jpg","contentUrl":"http:\/\/www.cde.ual.es\/wp-content\/uploads\/2017\/04\/17799303_1455451661161120_8666455110929702861_n.jpg"},{"@type":"BreadcrumbList","@id":"https:\/\/www.cde.ual.es\/en\/reunion-de-los-centros-de-documentacion-europea-en-madrid\/#breadcrumb","itemListElement":[{"@type":"ListItem","position":1,"name":"Inicio","item":"https:\/\/www.cde.ual.es\/en\/"},{"@type":"ListItem","position":2,"name":"Uncategorized","item":"https:\/\/www.cde.ual.es\/en\/category\/uncategorized\/"},{"@type":"ListItem","position":3,"name":"Reuni\u00f3n de los Centros de Documentacion Europea en Madrid"}]},{"@type":"WebSite","@id":"https:\/\/www.cde.ual.es\/#website","url":"https:\/\/www.cde.ual.es\/","name":"CDE Almer\u00eda - Centro de Documentaci\u00f3n Europea - Universidad de Almer\u00eda","description":"Centro de Documentaci\u00f3n Europea de la Universidad de Almer\u00eda","publisher":{"@id":"https:\/\/www.cde.ual.es\/#organization"},"alternateName":"CDE Almer\u00eda","potentialAction":[{"@type":"SearchAction","target":{"@type":"EntryPoint","urlTemplate":"https:\/\/www.cde.ual.es\/?s={search_term_string}"},"query-input":{"@type":"PropertyValueSpecification","valueRequired":true,"valueName":"search_term_string"}}],"inLanguage":"en-US"},{"@type":"Organization","@id":"https:\/\/www.cde.ual.es\/#organization","name":"Centro de Documentaci\u00f3n Europea de Almer\u00eda","url":"https:\/\/www.cde.ual.es\/","logo":{"@type":"ImageObject","inLanguage":"en-US","@id":"https:\/\/www.cde.ual.es\/#\/schema\/logo\/image\/","url":"https:\/\/www.cde.ual.es\/wp-content\/uploads\/2025\/07\/cde-logo-3.png","contentUrl":"https:\/\/www.cde.ual.es\/wp-content\/uploads\/2025\/07\/cde-logo-3.png","width":1400,"height":300,"caption":"Centro de Documentaci\u00f3n Europea de Almer\u00eda"},"image":{"@id":"https:\/\/www.cde.ual.es\/#\/schema\/logo\/image\/"},"sameAs":["https:\/\/www.facebook.com\/cdeuniversidadalmeria\/","https:\/\/x.com\/cdeualmeria","https:\/\/www.tiktok.com\/@cdealmeria","https:\/\/www.instagram.com\/cdealmeria\/","https:\/\/www.linkedin.com\/in\/cde-almera-812b26a9\/"]},{"@type":"Person","@id":"https:\/\/www.cde.ual.es\/#\/schema\/person\/224ef08c8bcc005f319d2713ce37ee5f","name":"AdminCDE","image":{"@type":"ImageObject","inLanguage":"en-US","@id":"https:\/\/secure.gravatar.com\/avatar\/a72d038d371f995cd13706fac32274b7952a52e8fb0a84b5f80c85426f2a98a8?s=96&d=mm&r=g","url":"https:\/\/secure.gravatar.com\/avatar\/a72d038d371f995cd13706fac32274b7952a52e8fb0a84b5f80c85426f2a98a8?s=96&d=mm&r=g","contentUrl":"https:\/\/secure.gravatar.com\/avatar\/a72d038d371f995cd13706fac32274b7952a52e8fb0a84b5f80c85426f2a98a8?s=96&d=mm&r=g","caption":"AdminCDE"}}]}},"_links":{"self":[{"href":"https:\/\/www.cde.ual.es\/en\/wp-json\/wp\/v2\/posts\/1778","targetHints":{"allow":["GET"]}}],"collection":[{"href":"https:\/\/www.cde.ual.es\/en\/wp-json\/wp\/v2\/posts"}],"about":[{"href":"https:\/\/www.cde.ual.es\/en\/wp-json\/wp\/v2\/types\/post"}],"author":[{"embeddable":true,"href":"https:\/\/www.cde.ual.es\/en\/wp-json\/wp\/v2\/users\/1"}],"replies":[{"embeddable":true,"href":"https:\/\/www.cde.ual.es\/en\/wp-json\/wp\/v2\/comments?post=1778"}],"version-history":[{"count":0,"href":"https:\/\/www.cde.ual.es\/en\/wp-json\/wp\/v2\/posts\/1778\/revisions"}],"wp:attachment":[{"href":"https:\/\/www.cde.ual.es\/en\/wp-json\/wp\/v2\/media?parent=1778"}],"wp:term":[{"taxonomy":"category","embeddable":true,"href":"https:\/\/www.cde.ual.es\/en\/wp-json\/wp\/v2\/categories?post=1778"},{"taxonomy":"post_tag","embeddable":true,"href":"https:\/\/www.cde.ual.es\/en\/wp-json\/wp\/v2\/tags?post=1778"}],"curies":[{"name":"wp","href":"https:\/\/api.w.org\/{rel}","templated":true}]}}