{"id":17623,"date":"2019-05-17T08:00:40","date_gmt":"2019-05-17T06:00:40","guid":{"rendered":"https:\/\/www.cde.ual.es\/?p=17623"},"modified":"2019-05-16T10:35:22","modified_gmt":"2019-05-16T08:35:22","slug":"eu-solidarity-fund","status":"publish","type":"post","link":"https:\/\/www.cde.ual.es\/en\/eu-solidarity-fund\/","title":{"rendered":"EU Solidarity Fund"},"content":{"rendered":"<p id=\"tw-target-text\" class=\"tw-data-text tw-ta tw-text-small\" dir=\"ltr\" data-placeholder=\"Traducci\u00f3n\"><strong><em>The Commission proposes \u20ac293.5 million under the EU Solidarity Fund\u00a0for Austria, Italy and Romania following natural disasters that occurred in 2018. The Commission also publishes a\u00a0<a href=\"https:\/\/ec.europa.eu\/regional_policy\/sources\/docgener\/evaluation\/pdf\/eusf_2002_2016\/eusf_2002_2016_swd_en.pdf\">report<\/a>\u00a0evaluating the work of the Fund since its creation in 2002 and providing recommendations for the future.<\/em><\/strong><\/p>\n<p dir=\"ltr\" data-placeholder=\"Traducci\u00f3n\"><a href=\"https:\/\/www.cde.ual.es\/wp-content\/uploads\/2019\/05\/hands-1691224_1920.png\"><img decoding=\"async\" class=\"size-medium wp-image-17618 aligncenter\" src=\"https:\/\/www.cde.ual.es\/wp-content\/uploads\/2019\/05\/hands-1691224_1920-300x134.png\" alt=\"\" width=\"300\" height=\"134\" srcset=\"https:\/\/www.cde.ual.es\/wp-content\/uploads\/2019\/05\/hands-1691224_1920-300x134.png 300w, https:\/\/www.cde.ual.es\/wp-content\/uploads\/2019\/05\/hands-1691224_1920-768x342.png 768w, https:\/\/www.cde.ual.es\/wp-content\/uploads\/2019\/05\/hands-1691224_1920-1024x456.png 1024w, https:\/\/www.cde.ual.es\/wp-content\/uploads\/2019\/05\/hands-1691224_1920.png 1920w\" sizes=\"(max-width: 300px) 100vw, 300px\" \/><\/a><\/p>\n<p class=\"tw-data-text tw-ta tw-text-small\" dir=\"ltr\" data-placeholder=\"Traducci\u00f3n\">The \u20ac293.5 million is broken down as follows: \u20ac277.2 million for Italy following heavy rains, strong winds, floods and landslides in the autumn of 2018, \u20ac8.1 million for Austria following the same meteorological events and \u20ac8.2 million for the North East region in Romania after the summer 2018 floods.<\/p>\n<p class=\"tw-data-text tw-ta tw-text-small\" dir=\"ltr\" data-placeholder=\"Traducci\u00f3n\">The evaluation underlines the high added value of the Fund to support emergency and recovery efforts and to alleviate the financial burden on national and regional authorities. The Fund has provided more than \u20ac2 billion of support since the beginning of the\u00a0<strong>Juncker<\/strong>\u00a0Commission, including a record-high \u20ac1.2 billion for the 2016\/2017 earthquakes in Central Italy, and \u20ac5.2 billion overall since 2002.<\/p>\n<h2 class=\"tw-data-text tw-ta tw-text-small\" dir=\"ltr\" data-placeholder=\"Traducci\u00f3n\">The report highlights room for improvement in the following areas:<\/h2>\n<p><strong>Speed:<\/strong>\u00a0the EUSF got faster and more flexible in responding to natural disasters. But it is not an emergency response tool and the release of the full grant is still conditional to the European Parliament and Council&#8217;s green light, which can take some time. The Commission is examining whether increasing advance payments could help EUSF funding reach the ground faster.<\/p>\n<p><strong>Coherence<\/strong>: the EUSF efficiently complements other EU instruments addressing disaster risk management, reconstruction operations and regeneration of economic activity, especially Cohesion Policy funds. In 2014-2020, Cohesion Policy is investing almost \u20ac8 billion in adaptation to climate change and better risk prevention. For the next long-term EU budget 2021-2027, the Commission proposed an even greater focus of investment in this area.<\/p>\n<p><strong>Effectiveness<\/strong>: to make EUSF interventions even more effective, the Commission and the Member States will work together to improve the speed and thoroughness of damage assessment and preparedness for coping with disasters, for example in the field of institutional coordination. The Commission is working on providing guidance, methodology and good practices in these two areas.<\/p>\n<h2 dir=\"ltr\" data-placeholder=\"Traducci\u00f3n\">More Information<\/h2>\n<p><a href=\"https:\/\/ec.europa.eu\/regional_policy\/en\/funding\/solidarity-fund\/\">The EU Solidarity Fund<\/a><\/p>\n<p><a href=\"https:\/\/ec.europa.eu\/regional_policy\/sources\/docgener\/evaluation\/pdf\/eusf_2002_2016\/eusf_2002_2016_exec_en.pdf\">Summary \u2013 Evaluation of the EU Solidarity Fund 2002-2017<\/a><\/p>\n<p><a href=\"https:\/\/ec.europa.eu\/regional_policy\/en\/policy\/evaluations\/ec\/eusf2002_2017\">Evaluation of the EU Solidarity Fund 2002-2017<\/a><\/p>\n<p>Factsheets:<\/p>\n<p><a href=\"https:\/\/ec.europa.eu\/regional_policy\/sources\/docgener\/evaluation\/pdf\/eusf_2002_2016\/eusf_support_austria_en.pdf\">EUSF support to Austria<\/a><\/p>\n<p><a href=\"https:\/\/ec.europa.eu\/regional_policy\/sources\/docgener\/evaluation\/pdf\/eusf_2002_2016\/eusf_support_italy_en.pdf\">EUSF support to Italy<\/a><\/p>\n<p><a href=\"https:\/\/ec.europa.eu\/regional_policy\/sources\/docgener\/evaluation\/pdf\/eusf_2002_2016\/eusf_support_italy_earth_en.pdf\">EUSF support to Italy following the earthquakes<\/a><\/p>\n<p><a href=\"https:\/\/ec.europa.eu\/regional_policy\/sources\/docgener\/evaluation\/pdf\/eusf_2002_2016\/eusf_support_romania_en.pdf\">EUSF support to Romania<\/a><\/p>\n<p>Access to the <a href=\"http:\/\/europa.eu\/rapid\/press-release_IP-19-2476_en.htm\">full news<\/a><\/p>\n","protected":false},"excerpt":{"rendered":"<p>The Commission proposes \u20ac293.5 million under the EU Solidarity Fund\u00a0for Austria, Italy and Romania following natural disasters that occurred in 2018. The Commission also publishes a\u00a0report\u00a0evaluating the work of the Fund since its creation in 2002 and providing recommendations for the future. The \u20ac293.5 million is broken down as follows: \u20ac277.2 million for Italy following [&hellip;]<\/p>\n","protected":false},"author":101012,"featured_media":17619,"comment_status":"open","ping_status":"open","sticky":false,"template":"","format":"standard","meta":{"_acf_changed":false,"_relevanssi_hide_post":"","_relevanssi_hide_content":"","_relevanssi_pin_for_all":"","_relevanssi_pin_keywords":"","_relevanssi_unpin_keywords":"","_relevanssi_related_keywords":"","_relevanssi_related_include_ids":"","_relevanssi_related_exclude_ids":"","_relevanssi_related_no_append":"","_relevanssi_related_not_related":"","_relevanssi_related_posts":"","_relevanssi_noindex_reason":"","_monsterinsights_skip_tracking":false,"_monsterinsights_sitenote_active":false,"_monsterinsights_sitenote_note":"","_monsterinsights_sitenote_category":0,"_genesis_hide_title":false,"_genesis_hide_breadcrumbs":false,"_genesis_hide_singular_image":false,"_genesis_hide_footer_widgets":false,"_genesis_custom_body_class":"","_genesis_custom_post_class":"","_genesis_layout":"","footnotes":""},"categories":[346],"tags":[368,351],"class_list":{"0":"post-17623","1":"post","2":"type-post","3":"status-publish","4":"format-standard","5":"has-post-thumbnail","7":"category-eu-news","8":"tag-european-union","9":"tag-union-europea-en","10":"entry"},"acf":[],"yoast_head":"<!-- This site is optimized with the Yoast SEO plugin v27.5 - https:\/\/yoast.com\/product\/yoast-seo-wordpress\/ -->\n<title>EU Solidarity Fund | CDE Almer\u00eda - Centro de Documentaci\u00f3n Europea - Universidad de Almer\u00eda<\/title>\n<meta name=\"robots\" content=\"index, follow, max-snippet:-1, max-image-preview:large, max-video-preview:-1\" \/>\n<link rel=\"canonical\" href=\"https:\/\/www.cde.ual.es\/en\/eu-solidarity-fund\/\" \/>\n<meta property=\"og:locale\" content=\"en_US\" \/>\n<meta property=\"og:type\" content=\"article\" \/>\n<meta property=\"og:title\" content=\"EU Solidarity Fund | CDE Almer\u00eda - Centro de Documentaci\u00f3n Europea - Universidad de Almer\u00eda\" \/>\n<meta property=\"og:description\" content=\"The Commission proposes \u20ac293.5 million under the EU Solidarity Fund\u00a0for Austria, Italy and Romania following natural disasters that occurred in 2018. The Commission also publishes a\u00a0report\u00a0evaluating the work of the Fund since its creation in 2002 and providing recommendations for the future. The \u20ac293.5 million is broken down as follows: \u20ac277.2 million for Italy following [&hellip;]\" \/>\n<meta property=\"og:url\" content=\"https:\/\/www.cde.ual.es\/en\/eu-solidarity-fund\/\" \/>\n<meta property=\"og:site_name\" content=\"CDE Almer\u00eda - Centro de Documentaci\u00f3n Europea - Universidad de Almer\u00eda\" \/>\n<meta property=\"article:publisher\" content=\"https:\/\/www.facebook.com\/cdeuniversidadalmeria\/\" \/>\n<meta property=\"article:published_time\" content=\"2019-05-17T06:00:40+00:00\" \/>\n<meta property=\"og:image\" content=\"https:\/\/www.cde.ual.es\/wp-content\/uploads\/2019\/05\/hands-1691224_1920.png\" \/>\n\t<meta property=\"og:image:width\" content=\"1920\" \/>\n\t<meta property=\"og:image:height\" content=\"855\" \/>\n\t<meta property=\"og:image:type\" content=\"image\/png\" \/>\n<meta name=\"author\" content=\"BECACDE1\" \/>\n<meta name=\"twitter:card\" content=\"summary_large_image\" \/>\n<meta name=\"twitter:creator\" content=\"@cdeualmeria\" \/>\n<meta name=\"twitter:site\" content=\"@cdeualmeria\" \/>\n<meta name=\"twitter:label1\" content=\"Written by\" \/>\n\t<meta name=\"twitter:data1\" content=\"BECACDE1\" \/>\n\t<meta name=\"twitter:label2\" content=\"Est. reading time\" \/>\n\t<meta name=\"twitter:data2\" content=\"2 minutes\" \/>\n<script type=\"application\/ld+json\" class=\"yoast-schema-graph\">{\"@context\":\"https:\\\/\\\/schema.org\",\"@graph\":[{\"@type\":\"Article\",\"@id\":\"https:\\\/\\\/www.cde.ual.es\\\/en\\\/eu-solidarity-fund\\\/#article\",\"isPartOf\":{\"@id\":\"https:\\\/\\\/www.cde.ual.es\\\/en\\\/eu-solidarity-fund\\\/\"},\"author\":{\"name\":\"BECACDE1\",\"@id\":\"https:\\\/\\\/www.cde.ual.es\\\/#\\\/schema\\\/person\\\/bf2f837cf3353e2161fe1087adbd728f\"},\"headline\":\"EU Solidarity Fund\",\"datePublished\":\"2019-05-17T06:00:40+00:00\",\"mainEntityOfPage\":{\"@id\":\"https:\\\/\\\/www.cde.ual.es\\\/en\\\/eu-solidarity-fund\\\/\"},\"wordCount\":376,\"commentCount\":0,\"publisher\":{\"@id\":\"https:\\\/\\\/www.cde.ual.es\\\/#organization\"},\"image\":{\"@id\":\"https:\\\/\\\/www.cde.ual.es\\\/en\\\/eu-solidarity-fund\\\/#primaryimage\"},\"thumbnailUrl\":\"https:\\\/\\\/www.cde.ual.es\\\/wp-content\\\/uploads\\\/2019\\\/05\\\/hands-1691224_1920.png\",\"keywords\":[\"European Union\",\"Uni\u00f3n Europea\"],\"articleSection\":[\"EU News\"],\"inLanguage\":\"en-US\",\"potentialAction\":[{\"@type\":\"CommentAction\",\"name\":\"Comment\",\"target\":[\"https:\\\/\\\/www.cde.ual.es\\\/en\\\/eu-solidarity-fund\\\/#respond\"]}]},{\"@type\":\"WebPage\",\"@id\":\"https:\\\/\\\/www.cde.ual.es\\\/en\\\/eu-solidarity-fund\\\/\",\"url\":\"https:\\\/\\\/www.cde.ual.es\\\/en\\\/eu-solidarity-fund\\\/\",\"name\":\"EU Solidarity Fund | CDE Almer\u00eda - Centro de Documentaci\u00f3n Europea - Universidad de Almer\u00eda\",\"isPartOf\":{\"@id\":\"https:\\\/\\\/www.cde.ual.es\\\/#website\"},\"primaryImageOfPage\":{\"@id\":\"https:\\\/\\\/www.cde.ual.es\\\/en\\\/eu-solidarity-fund\\\/#primaryimage\"},\"image\":{\"@id\":\"https:\\\/\\\/www.cde.ual.es\\\/en\\\/eu-solidarity-fund\\\/#primaryimage\"},\"thumbnailUrl\":\"https:\\\/\\\/www.cde.ual.es\\\/wp-content\\\/uploads\\\/2019\\\/05\\\/hands-1691224_1920.png\",\"datePublished\":\"2019-05-17T06:00:40+00:00\",\"breadcrumb\":{\"@id\":\"https:\\\/\\\/www.cde.ual.es\\\/en\\\/eu-solidarity-fund\\\/#breadcrumb\"},\"inLanguage\":\"en-US\",\"potentialAction\":[{\"@type\":\"ReadAction\",\"target\":[\"https:\\\/\\\/www.cde.ual.es\\\/en\\\/eu-solidarity-fund\\\/\"]}]},{\"@type\":\"ImageObject\",\"inLanguage\":\"en-US\",\"@id\":\"https:\\\/\\\/www.cde.ual.es\\\/en\\\/eu-solidarity-fund\\\/#primaryimage\",\"url\":\"https:\\\/\\\/www.cde.ual.es\\\/wp-content\\\/uploads\\\/2019\\\/05\\\/hands-1691224_1920.png\",\"contentUrl\":\"https:\\\/\\\/www.cde.ual.es\\\/wp-content\\\/uploads\\\/2019\\\/05\\\/hands-1691224_1920.png\",\"width\":1920,\"height\":855},{\"@type\":\"BreadcrumbList\",\"@id\":\"https:\\\/\\\/www.cde.ual.es\\\/en\\\/eu-solidarity-fund\\\/#breadcrumb\",\"itemListElement\":[{\"@type\":\"ListItem\",\"position\":1,\"name\":\"Inicio\",\"item\":\"https:\\\/\\\/www.cde.ual.es\\\/en\\\/\"},{\"@type\":\"ListItem\",\"position\":2,\"name\":\"EU News\",\"item\":\"https:\\\/\\\/www.cde.ual.es\\\/en\\\/category\\\/eu-news\\\/\"},{\"@type\":\"ListItem\",\"position\":3,\"name\":\"EU Solidarity Fund\"}]},{\"@type\":\"WebSite\",\"@id\":\"https:\\\/\\\/www.cde.ual.es\\\/#website\",\"url\":\"https:\\\/\\\/www.cde.ual.es\\\/\",\"name\":\"CDE Almer\u00eda - Centro de Documentaci\u00f3n Europea - Universidad de Almer\u00eda\",\"description\":\"Centro de Documentaci\u00f3n Europea de la Universidad de Almer\u00eda\",\"publisher\":{\"@id\":\"https:\\\/\\\/www.cde.ual.es\\\/#organization\"},\"alternateName\":\"CDE Almer\u00eda\",\"potentialAction\":[{\"@type\":\"SearchAction\",\"target\":{\"@type\":\"EntryPoint\",\"urlTemplate\":\"https:\\\/\\\/www.cde.ual.es\\\/?s={search_term_string}\"},\"query-input\":{\"@type\":\"PropertyValueSpecification\",\"valueRequired\":true,\"valueName\":\"search_term_string\"}}],\"inLanguage\":\"en-US\"},{\"@type\":\"Organization\",\"@id\":\"https:\\\/\\\/www.cde.ual.es\\\/#organization\",\"name\":\"Centro de Documentaci\u00f3n Europea de Almer\u00eda\",\"url\":\"https:\\\/\\\/www.cde.ual.es\\\/\",\"logo\":{\"@type\":\"ImageObject\",\"inLanguage\":\"en-US\",\"@id\":\"https:\\\/\\\/www.cde.ual.es\\\/#\\\/schema\\\/logo\\\/image\\\/\",\"url\":\"https:\\\/\\\/www.cde.ual.es\\\/wp-content\\\/uploads\\\/2025\\\/07\\\/cde-logo-3.png\",\"contentUrl\":\"https:\\\/\\\/www.cde.ual.es\\\/wp-content\\\/uploads\\\/2025\\\/07\\\/cde-logo-3.png\",\"width\":1400,\"height\":300,\"caption\":\"Centro de Documentaci\u00f3n Europea de Almer\u00eda\"},\"image\":{\"@id\":\"https:\\\/\\\/www.cde.ual.es\\\/#\\\/schema\\\/logo\\\/image\\\/\"},\"sameAs\":[\"https:\\\/\\\/www.facebook.com\\\/cdeuniversidadalmeria\\\/\",\"https:\\\/\\\/x.com\\\/cdeualmeria\",\"https:\\\/\\\/www.tiktok.com\\\/@cdealmeria\",\"https:\\\/\\\/www.instagram.com\\\/cdealmeria\\\/\",\"https:\\\/\\\/www.linkedin.com\\\/in\\\/cde-almera-812b26a9\\\/\"]},{\"@type\":\"Person\",\"@id\":\"https:\\\/\\\/www.cde.ual.es\\\/#\\\/schema\\\/person\\\/bf2f837cf3353e2161fe1087adbd728f\",\"name\":\"BECACDE1\",\"image\":{\"@type\":\"ImageObject\",\"inLanguage\":\"en-US\",\"@id\":\"https:\\\/\\\/secure.gravatar.com\\\/avatar\\\/16a4c1e422b5dec818ee13eab3353b19db9cfd278cc10f9b0e1188a37671d9d4?s=96&d=mm&r=g\",\"url\":\"https:\\\/\\\/secure.gravatar.com\\\/avatar\\\/16a4c1e422b5dec818ee13eab3353b19db9cfd278cc10f9b0e1188a37671d9d4?s=96&d=mm&r=g\",\"contentUrl\":\"https:\\\/\\\/secure.gravatar.com\\\/avatar\\\/16a4c1e422b5dec818ee13eab3353b19db9cfd278cc10f9b0e1188a37671d9d4?s=96&d=mm&r=g\",\"caption\":\"BECACDE1\"},\"sameAs\":[\"http:\\\/\\\/www.cdealmeria.com\"]}]}<\/script>\n<!-- \/ Yoast SEO plugin. -->","yoast_head_json":{"title":"EU Solidarity Fund | CDE Almer\u00eda - Centro de Documentaci\u00f3n Europea - Universidad de Almer\u00eda","robots":{"index":"index","follow":"follow","max-snippet":"max-snippet:-1","max-image-preview":"max-image-preview:large","max-video-preview":"max-video-preview:-1"},"canonical":"https:\/\/www.cde.ual.es\/en\/eu-solidarity-fund\/","og_locale":"en_US","og_type":"article","og_title":"EU Solidarity Fund | CDE Almer\u00eda - Centro de Documentaci\u00f3n Europea - Universidad de Almer\u00eda","og_description":"The Commission proposes \u20ac293.5 million under the EU Solidarity Fund\u00a0for Austria, Italy and Romania following natural disasters that occurred in 2018. The Commission also publishes a\u00a0report\u00a0evaluating the work of the Fund since its creation in 2002 and providing recommendations for the future. The \u20ac293.5 million is broken down as follows: \u20ac277.2 million for Italy following [&hellip;]","og_url":"https:\/\/www.cde.ual.es\/en\/eu-solidarity-fund\/","og_site_name":"CDE Almer\u00eda - Centro de Documentaci\u00f3n Europea - Universidad de Almer\u00eda","article_publisher":"https:\/\/www.facebook.com\/cdeuniversidadalmeria\/","article_published_time":"2019-05-17T06:00:40+00:00","og_image":[{"width":1920,"height":855,"url":"https:\/\/www.cde.ual.es\/wp-content\/uploads\/2019\/05\/hands-1691224_1920.png","type":"image\/png"}],"author":"BECACDE1","twitter_card":"summary_large_image","twitter_creator":"@cdeualmeria","twitter_site":"@cdeualmeria","twitter_misc":{"Written by":"BECACDE1","Est. reading time":"2 minutes"},"schema":{"@context":"https:\/\/schema.org","@graph":[{"@type":"Article","@id":"https:\/\/www.cde.ual.es\/en\/eu-solidarity-fund\/#article","isPartOf":{"@id":"https:\/\/www.cde.ual.es\/en\/eu-solidarity-fund\/"},"author":{"name":"BECACDE1","@id":"https:\/\/www.cde.ual.es\/#\/schema\/person\/bf2f837cf3353e2161fe1087adbd728f"},"headline":"EU Solidarity Fund","datePublished":"2019-05-17T06:00:40+00:00","mainEntityOfPage":{"@id":"https:\/\/www.cde.ual.es\/en\/eu-solidarity-fund\/"},"wordCount":376,"commentCount":0,"publisher":{"@id":"https:\/\/www.cde.ual.es\/#organization"},"image":{"@id":"https:\/\/www.cde.ual.es\/en\/eu-solidarity-fund\/#primaryimage"},"thumbnailUrl":"https:\/\/www.cde.ual.es\/wp-content\/uploads\/2019\/05\/hands-1691224_1920.png","keywords":["European Union","Uni\u00f3n Europea"],"articleSection":["EU News"],"inLanguage":"en-US","potentialAction":[{"@type":"CommentAction","name":"Comment","target":["https:\/\/www.cde.ual.es\/en\/eu-solidarity-fund\/#respond"]}]},{"@type":"WebPage","@id":"https:\/\/www.cde.ual.es\/en\/eu-solidarity-fund\/","url":"https:\/\/www.cde.ual.es\/en\/eu-solidarity-fund\/","name":"EU Solidarity Fund | CDE Almer\u00eda - Centro de Documentaci\u00f3n Europea - Universidad de Almer\u00eda","isPartOf":{"@id":"https:\/\/www.cde.ual.es\/#website"},"primaryImageOfPage":{"@id":"https:\/\/www.cde.ual.es\/en\/eu-solidarity-fund\/#primaryimage"},"image":{"@id":"https:\/\/www.cde.ual.es\/en\/eu-solidarity-fund\/#primaryimage"},"thumbnailUrl":"https:\/\/www.cde.ual.es\/wp-content\/uploads\/2019\/05\/hands-1691224_1920.png","datePublished":"2019-05-17T06:00:40+00:00","breadcrumb":{"@id":"https:\/\/www.cde.ual.es\/en\/eu-solidarity-fund\/#breadcrumb"},"inLanguage":"en-US","potentialAction":[{"@type":"ReadAction","target":["https:\/\/www.cde.ual.es\/en\/eu-solidarity-fund\/"]}]},{"@type":"ImageObject","inLanguage":"en-US","@id":"https:\/\/www.cde.ual.es\/en\/eu-solidarity-fund\/#primaryimage","url":"https:\/\/www.cde.ual.es\/wp-content\/uploads\/2019\/05\/hands-1691224_1920.png","contentUrl":"https:\/\/www.cde.ual.es\/wp-content\/uploads\/2019\/05\/hands-1691224_1920.png","width":1920,"height":855},{"@type":"BreadcrumbList","@id":"https:\/\/www.cde.ual.es\/en\/eu-solidarity-fund\/#breadcrumb","itemListElement":[{"@type":"ListItem","position":1,"name":"Inicio","item":"https:\/\/www.cde.ual.es\/en\/"},{"@type":"ListItem","position":2,"name":"EU News","item":"https:\/\/www.cde.ual.es\/en\/category\/eu-news\/"},{"@type":"ListItem","position":3,"name":"EU Solidarity Fund"}]},{"@type":"WebSite","@id":"https:\/\/www.cde.ual.es\/#website","url":"https:\/\/www.cde.ual.es\/","name":"CDE Almer\u00eda - Centro de Documentaci\u00f3n Europea - Universidad de Almer\u00eda","description":"Centro de Documentaci\u00f3n Europea de la Universidad de Almer\u00eda","publisher":{"@id":"https:\/\/www.cde.ual.es\/#organization"},"alternateName":"CDE Almer\u00eda","potentialAction":[{"@type":"SearchAction","target":{"@type":"EntryPoint","urlTemplate":"https:\/\/www.cde.ual.es\/?s={search_term_string}"},"query-input":{"@type":"PropertyValueSpecification","valueRequired":true,"valueName":"search_term_string"}}],"inLanguage":"en-US"},{"@type":"Organization","@id":"https:\/\/www.cde.ual.es\/#organization","name":"Centro de Documentaci\u00f3n Europea de Almer\u00eda","url":"https:\/\/www.cde.ual.es\/","logo":{"@type":"ImageObject","inLanguage":"en-US","@id":"https:\/\/www.cde.ual.es\/#\/schema\/logo\/image\/","url":"https:\/\/www.cde.ual.es\/wp-content\/uploads\/2025\/07\/cde-logo-3.png","contentUrl":"https:\/\/www.cde.ual.es\/wp-content\/uploads\/2025\/07\/cde-logo-3.png","width":1400,"height":300,"caption":"Centro de Documentaci\u00f3n Europea de Almer\u00eda"},"image":{"@id":"https:\/\/www.cde.ual.es\/#\/schema\/logo\/image\/"},"sameAs":["https:\/\/www.facebook.com\/cdeuniversidadalmeria\/","https:\/\/x.com\/cdeualmeria","https:\/\/www.tiktok.com\/@cdealmeria","https:\/\/www.instagram.com\/cdealmeria\/","https:\/\/www.linkedin.com\/in\/cde-almera-812b26a9\/"]},{"@type":"Person","@id":"https:\/\/www.cde.ual.es\/#\/schema\/person\/bf2f837cf3353e2161fe1087adbd728f","name":"BECACDE1","image":{"@type":"ImageObject","inLanguage":"en-US","@id":"https:\/\/secure.gravatar.com\/avatar\/16a4c1e422b5dec818ee13eab3353b19db9cfd278cc10f9b0e1188a37671d9d4?s=96&d=mm&r=g","url":"https:\/\/secure.gravatar.com\/avatar\/16a4c1e422b5dec818ee13eab3353b19db9cfd278cc10f9b0e1188a37671d9d4?s=96&d=mm&r=g","contentUrl":"https:\/\/secure.gravatar.com\/avatar\/16a4c1e422b5dec818ee13eab3353b19db9cfd278cc10f9b0e1188a37671d9d4?s=96&d=mm&r=g","caption":"BECACDE1"},"sameAs":["http:\/\/www.cdealmeria.com"]}]}},"_links":{"self":[{"href":"https:\/\/www.cde.ual.es\/en\/wp-json\/wp\/v2\/posts\/17623","targetHints":{"allow":["GET"]}}],"collection":[{"href":"https:\/\/www.cde.ual.es\/en\/wp-json\/wp\/v2\/posts"}],"about":[{"href":"https:\/\/www.cde.ual.es\/en\/wp-json\/wp\/v2\/types\/post"}],"author":[{"embeddable":true,"href":"https:\/\/www.cde.ual.es\/en\/wp-json\/wp\/v2\/users\/101012"}],"replies":[{"embeddable":true,"href":"https:\/\/www.cde.ual.es\/en\/wp-json\/wp\/v2\/comments?post=17623"}],"version-history":[{"count":0,"href":"https:\/\/www.cde.ual.es\/en\/wp-json\/wp\/v2\/posts\/17623\/revisions"}],"wp:featuredmedia":[{"embeddable":true,"href":"https:\/\/www.cde.ual.es\/en\/wp-json\/wp\/v2\/media\/17619"}],"wp:attachment":[{"href":"https:\/\/www.cde.ual.es\/en\/wp-json\/wp\/v2\/media?parent=17623"}],"wp:term":[{"taxonomy":"category","embeddable":true,"href":"https:\/\/www.cde.ual.es\/en\/wp-json\/wp\/v2\/categories?post=17623"},{"taxonomy":"post_tag","embeddable":true,"href":"https:\/\/www.cde.ual.es\/en\/wp-json\/wp\/v2\/tags?post=17623"}],"curies":[{"name":"wp","href":"https:\/\/api.w.org\/{rel}","templated":true}]}}