{"id":1760,"date":"2017-04-06T11:19:46","date_gmt":"2017-04-06T09:19:46","guid":{"rendered":"http:\/\/www.cde.ual.es\/?p=1760"},"modified":"2017-04-06T11:20:16","modified_gmt":"2017-04-06T09:20:16","slug":"ofertas-de-empleo-eures-para-trabajar-en-irlanda-mes-de-abril","status":"publish","type":"post","link":"https:\/\/www.cde.ual.es\/en\/ofertas-de-empleo-eures-para-trabajar-en-irlanda-mes-de-abril\/","title":{"rendered":"Ofertas de Empleo Eures para trabajar en Irlanda mes de abril"},"content":{"rendered":"<p><img decoding=\"async\" class=\"aligncenter wp-image-1761\" src=\"http:\/\/www.cde.ual.es\/wp-content\/uploads\/2017\/04\/eures-logo.png\" alt=\"\" width=\"682\" height=\"192\" srcset=\"https:\/\/www.cde.ual.es\/wp-content\/uploads\/2017\/04\/eures-logo.png 764w, https:\/\/www.cde.ual.es\/wp-content\/uploads\/2017\/04\/eures-logo-768x216.png 768w\" sizes=\"(max-width: 682px) 100vw, 682px\" \/><\/p>\n<p style=\"text-align: justify;\">El Servicio P\u00fablico de Empleo Estatal (SEPE), ha publicado en su\u00a0web\u00a0las \u00faltimas ofertas de empleo para <strong>trabajar en Irlanda<\/strong>.<\/p>\n<p style=\"text-align: justify;\">Como vienen siendo\u00a0habitual, la Red Eures lanza\u00a0ofertas\u00a0de trabajo as\u00ed como procesos de selecci\u00f3n en diferentes pa\u00edses de Europa. Todos estas ofertas de trabajo las puedes encontrar a trav\u00e9s de la <a href=\"http:\/\/www.sepe.es\/contenidos\/personas\/encontrar_empleo\/empleo_europa.html\" target=\"_blank\" rel=\"nofollow\">web del SEPE<\/a>.<\/p>\n<p style=\"text-align: justify;\">Recuerda que la mayor\u00eda de las veces, uno de los\u00a0<strong>requisitos fundamentales para trabajar en el\u00a0extranjero\u00a0es tener idiomas<\/strong>, ya sea ingl\u00e9s, franc\u00e9s, alem\u00e1n\u2026 Depender\u00e1 del lugar de destino as\u00ed como de la oferta de empleo.<\/p>\n<div class=\"td-g-rec td-g-rec-id-content_inline \">En este caso, tener conocimientos del idioma ingl\u00e9s ser\u00e1 fundamental para obtener algunas\u00a0de las plazas que se mencionan.<\/div>\n<p style=\"text-align: justify;\">Este mes de abril han aparecido diferentes procesos de selecci\u00f3n para trabajar en Irlanda. Entre los puestos de empleo que encontramos, predominan las convocatorias para profesionales del sector sanitario.<\/p>\n<p style=\"text-align: justify;\">A continuaci\u00f3n encontrar\u00e1s las \u00faltimas\u00a0<strong>ofertas\u00a0de empleo disponibles para trabajar en Irlanda<\/strong>. Haz click en los enlaces para acceder a ellas:<\/p>\n<ul>\n<li><a href=\"http:\/\/www.sepe.es\/contenidos\/personas\/encontrar_empleo\/encontrar_empleo_europa\/paises\/irlanda\/pdf_irlanda\/oferIrl3abril_Nurses_HSE.pdf\" target=\"_blank\">Enfermeras para hospitales p\u00fablicos<\/a>\u00a0\u2013 El plazo finaliza el d\u00eda 31 mayo 2017.<\/li>\n<li><a href=\"http:\/\/www.sepe.es\/contenidos\/personas\/encontrar_empleo\/encontrar_empleo_europa\/paises\/irlanda\/pdf_irlanda\/oferIrl31marzo_EXPERIENCED_FABRICATORS_WELDERS.pdf\" target=\"_blank\">Experienced Fabricator \u2013 Welder<\/a>\u00a0\u2013 El plazo finaliza el d\u00eda\u00a023 mayo 2017.<\/li>\n<li><a href=\"http:\/\/www.sepe.es\/contenidos\/personas\/encontrar_empleo\/encontrar_empleo_europa\/paises\/irlanda\/pdf_irlanda\/oferIrl3mar_RegistrarSpecialistDoctor.pdf\" target=\"_blank\">Specialist Doctors for public hospitals<\/a>\u00a0\u2013\u00a0El plazo finaliza el d\u00eda 10 junio 2017.<\/li>\n<li><a href=\"http:\/\/www.sepe.es\/contenidos\/personas\/encontrar_empleo\/encontrar_empleo_europa\/paises\/irlanda\/pdf_irlanda\/oferIrl3mar_ConsultantSpecialistDoctor.pdf\" target=\"_blank\">Specialist Doctors for public hospitals<\/a>\u00a0\u2013\u00a0El plazo finaliza el d\u00eda 10 junio 2017.<\/li>\n<li><a href=\"http:\/\/www.sepe.es\/contenidos\/personas\/encontrar_empleo\/encontrar_empleo_europa\/paises\/irlanda\/pdf_irlanda\/oferIrl16feb_MIG_WELDERS.pdf\" target=\"_blank\">MIG Welder<\/a>\u00a0\u2013\u00a0El plazo finaliza el d\u00eda 17 abril 2017.<\/li>\n<li><a href=\"http:\/\/www.sepe.es\/contenidos\/personas\/encontrar_empleo\/encontrar_empleo_europa\/paises\/irlanda\/pdf_irlanda\/oferIrl15feb_Care_Assistant.pdf\" target=\"_blank\">Care Assistant<\/a>\u00a0\u2013 El plazo finaliza el d\u00eda\u00a013 mayo 2017<\/li>\n<li><a href=\"http:\/\/www.sepe.es\/contenidos\/personas\/encontrar_empleo\/encontrar_empleo_europa\/paises\/irlanda\/pdf_irlanda\/oferIrl14feb_Nurses_HSE.pdf\" target=\"_blank\">Enfermeras para Hospitales P\u00fablicos<\/a>\u00a0\u2013\u00a0El plazo finaliza el d\u00eda 31 mayo 2017<\/li>\n<li><a href=\"http:\/\/www.sepe.es\/contenidos\/personas\/encontrar_empleo\/encontrar_empleo_europa\/paises\/irlanda\/pdf_irlanda\/oferIrl5ene_Draft_Nurse_Flyer.pdf\" target=\"_blank\">Enfermeras \u2013 NHI<\/a>\u00a0\u2013\u00a0El plazo finaliza el d\u00eda 31 mayo 2017.<\/li>\n<\/ul>\n","protected":false},"excerpt":{"rendered":"<p>El Servicio P\u00fablico de Empleo Estatal (SEPE), ha publicado en su\u00a0web\u00a0las \u00faltimas ofertas de empleo para trabajar en Irlanda. Como vienen siendo\u00a0habitual, la Red Eures lanza\u00a0ofertas\u00a0de trabajo as\u00ed como procesos de selecci\u00f3n en diferentes pa\u00edses de Europa. Todos estas ofertas de trabajo las puedes encontrar a trav\u00e9s de la web del SEPE. Recuerda que la [&hellip;]<\/p>\n","protected":false},"author":1,"featured_media":0,"comment_status":"open","ping_status":"open","sticky":false,"template":"","format":"standard","meta":{"_acf_changed":false,"_relevanssi_hide_post":"","_relevanssi_hide_content":"","_relevanssi_pin_for_all":"","_relevanssi_pin_keywords":"","_relevanssi_unpin_keywords":"","_relevanssi_related_keywords":"","_relevanssi_related_include_ids":"","_relevanssi_related_exclude_ids":"","_relevanssi_related_no_append":"","_relevanssi_related_not_related":"","_relevanssi_related_posts":"","_relevanssi_noindex_reason":"","_monsterinsights_skip_tracking":false,"_monsterinsights_sitenote_active":false,"_monsterinsights_sitenote_note":"","_monsterinsights_sitenote_category":0,"_genesis_hide_title":false,"_genesis_hide_breadcrumbs":false,"_genesis_hide_singular_image":false,"_genesis_hide_footer_widgets":false,"_genesis_custom_body_class":"","_genesis_custom_post_class":"","_genesis_layout":"","footnotes":""},"categories":[1],"tags":[],"class_list":{"0":"post-1760","1":"post","2":"type-post","3":"status-publish","4":"format-standard","6":"category-sin-categorizar","7":"entry","8":"has-post-thumbnail"},"acf":[],"yoast_head":"<!-- This site is optimized with the Yoast SEO plugin v27.4 - https:\/\/yoast.com\/product\/yoast-seo-wordpress\/ -->\n<title>Ofertas de Empleo Eures para trabajar en Irlanda mes de abril | CDE Almer\u00eda - Centro de Documentaci\u00f3n Europea - Universidad de Almer\u00eda<\/title>\n<meta name=\"robots\" content=\"index, follow, max-snippet:-1, max-image-preview:large, max-video-preview:-1\" \/>\n<link rel=\"canonical\" href=\"https:\/\/www.cde.ual.es\/ofertas-de-empleo-eures-para-trabajar-en-irlanda-mes-de-abril\/\" \/>\n<meta property=\"og:locale\" content=\"en_US\" \/>\n<meta property=\"og:type\" content=\"article\" \/>\n<meta property=\"og:title\" content=\"Ofertas de Empleo Eures para trabajar en Irlanda mes de abril | CDE Almer\u00eda - Centro de Documentaci\u00f3n Europea - Universidad de Almer\u00eda\" \/>\n<meta property=\"og:description\" content=\"El Servicio P\u00fablico de Empleo Estatal (SEPE), ha publicado en su\u00a0web\u00a0las \u00faltimas ofertas de empleo para trabajar en Irlanda. Como vienen siendo\u00a0habitual, la Red Eures lanza\u00a0ofertas\u00a0de trabajo as\u00ed como procesos de selecci\u00f3n en diferentes pa\u00edses de Europa. Todos estas ofertas de trabajo las puedes encontrar a trav\u00e9s de la web del SEPE. Recuerda que la [&hellip;]\" \/>\n<meta property=\"og:url\" content=\"https:\/\/www.cde.ual.es\/ofertas-de-empleo-eures-para-trabajar-en-irlanda-mes-de-abril\/\" \/>\n<meta property=\"og:site_name\" content=\"CDE Almer\u00eda - Centro de Documentaci\u00f3n Europea - Universidad de Almer\u00eda\" \/>\n<meta property=\"article:publisher\" content=\"https:\/\/www.facebook.com\/cdeuniversidadalmeria\/\" \/>\n<meta property=\"article:published_time\" content=\"2017-04-06T09:19:46+00:00\" \/>\n<meta property=\"article:modified_time\" content=\"2017-04-06T09:20:16+00:00\" \/>\n<meta property=\"og:image\" content=\"http:\/\/www.cde.ual.es\/wp-content\/uploads\/2017\/04\/eures-logo.png\" \/>\n<meta name=\"author\" content=\"AdminCDE\" \/>\n<meta name=\"twitter:card\" content=\"summary_large_image\" \/>\n<meta name=\"twitter:creator\" content=\"@cdeualmeria\" \/>\n<meta name=\"twitter:site\" content=\"@cdeualmeria\" \/>\n<meta name=\"twitter:label1\" content=\"Written by\" \/>\n\t<meta name=\"twitter:data1\" content=\"AdminCDE\" \/>\n\t<meta name=\"twitter:label2\" content=\"Est. reading time\" \/>\n\t<meta name=\"twitter:data2\" content=\"1 minute\" \/>\n<script type=\"application\/ld+json\" class=\"yoast-schema-graph\">{\"@context\":\"https:\\\/\\\/schema.org\",\"@graph\":[{\"@type\":\"Article\",\"@id\":\"https:\\\/\\\/www.cde.ual.es\\\/ofertas-de-empleo-eures-para-trabajar-en-irlanda-mes-de-abril\\\/#article\",\"isPartOf\":{\"@id\":\"https:\\\/\\\/www.cde.ual.es\\\/ofertas-de-empleo-eures-para-trabajar-en-irlanda-mes-de-abril\\\/\"},\"author\":{\"name\":\"AdminCDE\",\"@id\":\"https:\\\/\\\/www.cde.ual.es\\\/#\\\/schema\\\/person\\\/224ef08c8bcc005f319d2713ce37ee5f\"},\"headline\":\"Ofertas de Empleo Eures para trabajar en Irlanda mes de abril\",\"datePublished\":\"2017-04-06T09:19:46+00:00\",\"dateModified\":\"2017-04-06T09:20:16+00:00\",\"mainEntityOfPage\":{\"@id\":\"https:\\\/\\\/www.cde.ual.es\\\/ofertas-de-empleo-eures-para-trabajar-en-irlanda-mes-de-abril\\\/\"},\"wordCount\":272,\"commentCount\":0,\"publisher\":{\"@id\":\"https:\\\/\\\/www.cde.ual.es\\\/#organization\"},\"image\":{\"@id\":\"https:\\\/\\\/www.cde.ual.es\\\/ofertas-de-empleo-eures-para-trabajar-en-irlanda-mes-de-abril\\\/#primaryimage\"},\"thumbnailUrl\":\"http:\\\/\\\/www.cde.ual.es\\\/wp-content\\\/uploads\\\/2017\\\/04\\\/eures-logo.png\",\"articleSection\":[\"Sin categorizar\"],\"inLanguage\":\"en-US\",\"potentialAction\":[{\"@type\":\"CommentAction\",\"name\":\"Comment\",\"target\":[\"https:\\\/\\\/www.cde.ual.es\\\/ofertas-de-empleo-eures-para-trabajar-en-irlanda-mes-de-abril\\\/#respond\"]}]},{\"@type\":\"WebPage\",\"@id\":\"https:\\\/\\\/www.cde.ual.es\\\/ofertas-de-empleo-eures-para-trabajar-en-irlanda-mes-de-abril\\\/\",\"url\":\"https:\\\/\\\/www.cde.ual.es\\\/ofertas-de-empleo-eures-para-trabajar-en-irlanda-mes-de-abril\\\/\",\"name\":\"Ofertas de Empleo Eures para trabajar en Irlanda mes de abril | CDE Almer\u00eda - Centro de Documentaci\u00f3n Europea - Universidad de Almer\u00eda\",\"isPartOf\":{\"@id\":\"https:\\\/\\\/www.cde.ual.es\\\/#website\"},\"primaryImageOfPage\":{\"@id\":\"https:\\\/\\\/www.cde.ual.es\\\/ofertas-de-empleo-eures-para-trabajar-en-irlanda-mes-de-abril\\\/#primaryimage\"},\"image\":{\"@id\":\"https:\\\/\\\/www.cde.ual.es\\\/ofertas-de-empleo-eures-para-trabajar-en-irlanda-mes-de-abril\\\/#primaryimage\"},\"thumbnailUrl\":\"http:\\\/\\\/www.cde.ual.es\\\/wp-content\\\/uploads\\\/2017\\\/04\\\/eures-logo.png\",\"datePublished\":\"2017-04-06T09:19:46+00:00\",\"dateModified\":\"2017-04-06T09:20:16+00:00\",\"breadcrumb\":{\"@id\":\"https:\\\/\\\/www.cde.ual.es\\\/ofertas-de-empleo-eures-para-trabajar-en-irlanda-mes-de-abril\\\/#breadcrumb\"},\"inLanguage\":\"en-US\",\"potentialAction\":[{\"@type\":\"ReadAction\",\"target\":[\"https:\\\/\\\/www.cde.ual.es\\\/ofertas-de-empleo-eures-para-trabajar-en-irlanda-mes-de-abril\\\/\"]}]},{\"@type\":\"ImageObject\",\"inLanguage\":\"en-US\",\"@id\":\"https:\\\/\\\/www.cde.ual.es\\\/ofertas-de-empleo-eures-para-trabajar-en-irlanda-mes-de-abril\\\/#primaryimage\",\"url\":\"http:\\\/\\\/www.cde.ual.es\\\/wp-content\\\/uploads\\\/2017\\\/04\\\/eures-logo.png\",\"contentUrl\":\"http:\\\/\\\/www.cde.ual.es\\\/wp-content\\\/uploads\\\/2017\\\/04\\\/eures-logo.png\"},{\"@type\":\"BreadcrumbList\",\"@id\":\"https:\\\/\\\/www.cde.ual.es\\\/ofertas-de-empleo-eures-para-trabajar-en-irlanda-mes-de-abril\\\/#breadcrumb\",\"itemListElement\":[{\"@type\":\"ListItem\",\"position\":1,\"name\":\"Inicio\",\"item\":\"https:\\\/\\\/www.cde.ual.es\\\/en\\\/\"},{\"@type\":\"ListItem\",\"position\":2,\"name\":\"Sin categorizar\",\"item\":\"https:\\\/\\\/www.cde.ual.es\\\/category\\\/sin-categorizar\\\/\"},{\"@type\":\"ListItem\",\"position\":3,\"name\":\"Ofertas de Empleo Eures para trabajar en Irlanda mes de abril\"}]},{\"@type\":\"WebSite\",\"@id\":\"https:\\\/\\\/www.cde.ual.es\\\/#website\",\"url\":\"https:\\\/\\\/www.cde.ual.es\\\/\",\"name\":\"CDE Almer\u00eda - Centro de Documentaci\u00f3n Europea - Universidad de Almer\u00eda\",\"description\":\"Centro de Documentaci\u00f3n Europea de la Universidad de Almer\u00eda\",\"publisher\":{\"@id\":\"https:\\\/\\\/www.cde.ual.es\\\/#organization\"},\"alternateName\":\"CDE Almer\u00eda\",\"potentialAction\":[{\"@type\":\"SearchAction\",\"target\":{\"@type\":\"EntryPoint\",\"urlTemplate\":\"https:\\\/\\\/www.cde.ual.es\\\/?s={search_term_string}\"},\"query-input\":{\"@type\":\"PropertyValueSpecification\",\"valueRequired\":true,\"valueName\":\"search_term_string\"}}],\"inLanguage\":\"en-US\"},{\"@type\":\"Organization\",\"@id\":\"https:\\\/\\\/www.cde.ual.es\\\/#organization\",\"name\":\"Centro de Documentaci\u00f3n Europea de Almer\u00eda\",\"url\":\"https:\\\/\\\/www.cde.ual.es\\\/\",\"logo\":{\"@type\":\"ImageObject\",\"inLanguage\":\"en-US\",\"@id\":\"https:\\\/\\\/www.cde.ual.es\\\/#\\\/schema\\\/logo\\\/image\\\/\",\"url\":\"https:\\\/\\\/www.cde.ual.es\\\/wp-content\\\/uploads\\\/2025\\\/07\\\/cde-logo-3.png\",\"contentUrl\":\"https:\\\/\\\/www.cde.ual.es\\\/wp-content\\\/uploads\\\/2025\\\/07\\\/cde-logo-3.png\",\"width\":1400,\"height\":300,\"caption\":\"Centro de Documentaci\u00f3n Europea de Almer\u00eda\"},\"image\":{\"@id\":\"https:\\\/\\\/www.cde.ual.es\\\/#\\\/schema\\\/logo\\\/image\\\/\"},\"sameAs\":[\"https:\\\/\\\/www.facebook.com\\\/cdeuniversidadalmeria\\\/\",\"https:\\\/\\\/x.com\\\/cdeualmeria\",\"https:\\\/\\\/www.tiktok.com\\\/@cdealmeria\",\"https:\\\/\\\/www.instagram.com\\\/cdealmeria\\\/\",\"https:\\\/\\\/www.linkedin.com\\\/in\\\/cde-almera-812b26a9\\\/\"]},{\"@type\":\"Person\",\"@id\":\"https:\\\/\\\/www.cde.ual.es\\\/#\\\/schema\\\/person\\\/224ef08c8bcc005f319d2713ce37ee5f\",\"name\":\"AdminCDE\",\"image\":{\"@type\":\"ImageObject\",\"inLanguage\":\"en-US\",\"@id\":\"https:\\\/\\\/secure.gravatar.com\\\/avatar\\\/a72d038d371f995cd13706fac32274b7952a52e8fb0a84b5f80c85426f2a98a8?s=96&d=mm&r=g\",\"url\":\"https:\\\/\\\/secure.gravatar.com\\\/avatar\\\/a72d038d371f995cd13706fac32274b7952a52e8fb0a84b5f80c85426f2a98a8?s=96&d=mm&r=g\",\"contentUrl\":\"https:\\\/\\\/secure.gravatar.com\\\/avatar\\\/a72d038d371f995cd13706fac32274b7952a52e8fb0a84b5f80c85426f2a98a8?s=96&d=mm&r=g\",\"caption\":\"AdminCDE\"}}]}<\/script>\n<!-- \/ Yoast SEO plugin. -->","yoast_head_json":{"title":"Ofertas de Empleo Eures para trabajar en Irlanda mes de abril | CDE Almer\u00eda - Centro de Documentaci\u00f3n Europea - Universidad de Almer\u00eda","robots":{"index":"index","follow":"follow","max-snippet":"max-snippet:-1","max-image-preview":"max-image-preview:large","max-video-preview":"max-video-preview:-1"},"canonical":"https:\/\/www.cde.ual.es\/ofertas-de-empleo-eures-para-trabajar-en-irlanda-mes-de-abril\/","og_locale":"en_US","og_type":"article","og_title":"Ofertas de Empleo Eures para trabajar en Irlanda mes de abril | CDE Almer\u00eda - Centro de Documentaci\u00f3n Europea - Universidad de Almer\u00eda","og_description":"El Servicio P\u00fablico de Empleo Estatal (SEPE), ha publicado en su\u00a0web\u00a0las \u00faltimas ofertas de empleo para trabajar en Irlanda. Como vienen siendo\u00a0habitual, la Red Eures lanza\u00a0ofertas\u00a0de trabajo as\u00ed como procesos de selecci\u00f3n en diferentes pa\u00edses de Europa. Todos estas ofertas de trabajo las puedes encontrar a trav\u00e9s de la web del SEPE. Recuerda que la [&hellip;]","og_url":"https:\/\/www.cde.ual.es\/ofertas-de-empleo-eures-para-trabajar-en-irlanda-mes-de-abril\/","og_site_name":"CDE Almer\u00eda - Centro de Documentaci\u00f3n Europea - Universidad de Almer\u00eda","article_publisher":"https:\/\/www.facebook.com\/cdeuniversidadalmeria\/","article_published_time":"2017-04-06T09:19:46+00:00","article_modified_time":"2017-04-06T09:20:16+00:00","og_image":[{"url":"http:\/\/www.cde.ual.es\/wp-content\/uploads\/2017\/04\/eures-logo.png","type":"","width":"","height":""}],"author":"AdminCDE","twitter_card":"summary_large_image","twitter_creator":"@cdeualmeria","twitter_site":"@cdeualmeria","twitter_misc":{"Written by":"AdminCDE","Est. reading time":"1 minute"},"schema":{"@context":"https:\/\/schema.org","@graph":[{"@type":"Article","@id":"https:\/\/www.cde.ual.es\/ofertas-de-empleo-eures-para-trabajar-en-irlanda-mes-de-abril\/#article","isPartOf":{"@id":"https:\/\/www.cde.ual.es\/ofertas-de-empleo-eures-para-trabajar-en-irlanda-mes-de-abril\/"},"author":{"name":"AdminCDE","@id":"https:\/\/www.cde.ual.es\/#\/schema\/person\/224ef08c8bcc005f319d2713ce37ee5f"},"headline":"Ofertas de Empleo Eures para trabajar en Irlanda mes de abril","datePublished":"2017-04-06T09:19:46+00:00","dateModified":"2017-04-06T09:20:16+00:00","mainEntityOfPage":{"@id":"https:\/\/www.cde.ual.es\/ofertas-de-empleo-eures-para-trabajar-en-irlanda-mes-de-abril\/"},"wordCount":272,"commentCount":0,"publisher":{"@id":"https:\/\/www.cde.ual.es\/#organization"},"image":{"@id":"https:\/\/www.cde.ual.es\/ofertas-de-empleo-eures-para-trabajar-en-irlanda-mes-de-abril\/#primaryimage"},"thumbnailUrl":"http:\/\/www.cde.ual.es\/wp-content\/uploads\/2017\/04\/eures-logo.png","articleSection":["Sin categorizar"],"inLanguage":"en-US","potentialAction":[{"@type":"CommentAction","name":"Comment","target":["https:\/\/www.cde.ual.es\/ofertas-de-empleo-eures-para-trabajar-en-irlanda-mes-de-abril\/#respond"]}]},{"@type":"WebPage","@id":"https:\/\/www.cde.ual.es\/ofertas-de-empleo-eures-para-trabajar-en-irlanda-mes-de-abril\/","url":"https:\/\/www.cde.ual.es\/ofertas-de-empleo-eures-para-trabajar-en-irlanda-mes-de-abril\/","name":"Ofertas de Empleo Eures para trabajar en Irlanda mes de abril | CDE Almer\u00eda - Centro de Documentaci\u00f3n Europea - Universidad de Almer\u00eda","isPartOf":{"@id":"https:\/\/www.cde.ual.es\/#website"},"primaryImageOfPage":{"@id":"https:\/\/www.cde.ual.es\/ofertas-de-empleo-eures-para-trabajar-en-irlanda-mes-de-abril\/#primaryimage"},"image":{"@id":"https:\/\/www.cde.ual.es\/ofertas-de-empleo-eures-para-trabajar-en-irlanda-mes-de-abril\/#primaryimage"},"thumbnailUrl":"http:\/\/www.cde.ual.es\/wp-content\/uploads\/2017\/04\/eures-logo.png","datePublished":"2017-04-06T09:19:46+00:00","dateModified":"2017-04-06T09:20:16+00:00","breadcrumb":{"@id":"https:\/\/www.cde.ual.es\/ofertas-de-empleo-eures-para-trabajar-en-irlanda-mes-de-abril\/#breadcrumb"},"inLanguage":"en-US","potentialAction":[{"@type":"ReadAction","target":["https:\/\/www.cde.ual.es\/ofertas-de-empleo-eures-para-trabajar-en-irlanda-mes-de-abril\/"]}]},{"@type":"ImageObject","inLanguage":"en-US","@id":"https:\/\/www.cde.ual.es\/ofertas-de-empleo-eures-para-trabajar-en-irlanda-mes-de-abril\/#primaryimage","url":"http:\/\/www.cde.ual.es\/wp-content\/uploads\/2017\/04\/eures-logo.png","contentUrl":"http:\/\/www.cde.ual.es\/wp-content\/uploads\/2017\/04\/eures-logo.png"},{"@type":"BreadcrumbList","@id":"https:\/\/www.cde.ual.es\/ofertas-de-empleo-eures-para-trabajar-en-irlanda-mes-de-abril\/#breadcrumb","itemListElement":[{"@type":"ListItem","position":1,"name":"Inicio","item":"https:\/\/www.cde.ual.es\/en\/"},{"@type":"ListItem","position":2,"name":"Sin categorizar","item":"https:\/\/www.cde.ual.es\/category\/sin-categorizar\/"},{"@type":"ListItem","position":3,"name":"Ofertas de Empleo Eures para trabajar en Irlanda mes de abril"}]},{"@type":"WebSite","@id":"https:\/\/www.cde.ual.es\/#website","url":"https:\/\/www.cde.ual.es\/","name":"CDE Almer\u00eda - Centro de Documentaci\u00f3n Europea - Universidad de Almer\u00eda","description":"Centro de Documentaci\u00f3n Europea de la Universidad de Almer\u00eda","publisher":{"@id":"https:\/\/www.cde.ual.es\/#organization"},"alternateName":"CDE Almer\u00eda","potentialAction":[{"@type":"SearchAction","target":{"@type":"EntryPoint","urlTemplate":"https:\/\/www.cde.ual.es\/?s={search_term_string}"},"query-input":{"@type":"PropertyValueSpecification","valueRequired":true,"valueName":"search_term_string"}}],"inLanguage":"en-US"},{"@type":"Organization","@id":"https:\/\/www.cde.ual.es\/#organization","name":"Centro de Documentaci\u00f3n Europea de Almer\u00eda","url":"https:\/\/www.cde.ual.es\/","logo":{"@type":"ImageObject","inLanguage":"en-US","@id":"https:\/\/www.cde.ual.es\/#\/schema\/logo\/image\/","url":"https:\/\/www.cde.ual.es\/wp-content\/uploads\/2025\/07\/cde-logo-3.png","contentUrl":"https:\/\/www.cde.ual.es\/wp-content\/uploads\/2025\/07\/cde-logo-3.png","width":1400,"height":300,"caption":"Centro de Documentaci\u00f3n Europea de Almer\u00eda"},"image":{"@id":"https:\/\/www.cde.ual.es\/#\/schema\/logo\/image\/"},"sameAs":["https:\/\/www.facebook.com\/cdeuniversidadalmeria\/","https:\/\/x.com\/cdeualmeria","https:\/\/www.tiktok.com\/@cdealmeria","https:\/\/www.instagram.com\/cdealmeria\/","https:\/\/www.linkedin.com\/in\/cde-almera-812b26a9\/"]},{"@type":"Person","@id":"https:\/\/www.cde.ual.es\/#\/schema\/person\/224ef08c8bcc005f319d2713ce37ee5f","name":"AdminCDE","image":{"@type":"ImageObject","inLanguage":"en-US","@id":"https:\/\/secure.gravatar.com\/avatar\/a72d038d371f995cd13706fac32274b7952a52e8fb0a84b5f80c85426f2a98a8?s=96&d=mm&r=g","url":"https:\/\/secure.gravatar.com\/avatar\/a72d038d371f995cd13706fac32274b7952a52e8fb0a84b5f80c85426f2a98a8?s=96&d=mm&r=g","contentUrl":"https:\/\/secure.gravatar.com\/avatar\/a72d038d371f995cd13706fac32274b7952a52e8fb0a84b5f80c85426f2a98a8?s=96&d=mm&r=g","caption":"AdminCDE"}}]}},"_links":{"self":[{"href":"https:\/\/www.cde.ual.es\/en\/wp-json\/wp\/v2\/posts\/1760","targetHints":{"allow":["GET"]}}],"collection":[{"href":"https:\/\/www.cde.ual.es\/en\/wp-json\/wp\/v2\/posts"}],"about":[{"href":"https:\/\/www.cde.ual.es\/en\/wp-json\/wp\/v2\/types\/post"}],"author":[{"embeddable":true,"href":"https:\/\/www.cde.ual.es\/en\/wp-json\/wp\/v2\/users\/1"}],"replies":[{"embeddable":true,"href":"https:\/\/www.cde.ual.es\/en\/wp-json\/wp\/v2\/comments?post=1760"}],"version-history":[{"count":0,"href":"https:\/\/www.cde.ual.es\/en\/wp-json\/wp\/v2\/posts\/1760\/revisions"}],"wp:attachment":[{"href":"https:\/\/www.cde.ual.es\/en\/wp-json\/wp\/v2\/media?parent=1760"}],"wp:term":[{"taxonomy":"category","embeddable":true,"href":"https:\/\/www.cde.ual.es\/en\/wp-json\/wp\/v2\/categories?post=1760"},{"taxonomy":"post_tag","embeddable":true,"href":"https:\/\/www.cde.ual.es\/en\/wp-json\/wp\/v2\/tags?post=1760"}],"curies":[{"name":"wp","href":"https:\/\/api.w.org\/{rel}","templated":true}]}}