{"id":1745,"date":"2017-04-04T10:46:32","date_gmt":"2017-04-04T08:46:32","guid":{"rendered":"http:\/\/www.cde.ual.es\/?p=1745"},"modified":"2017-04-04T10:46:32","modified_gmt":"2017-04-04T08:46:32","slug":"buscan-personas-de-habla-hispana-para-trabajar-en-empresa-de-dinamarca","status":"publish","type":"post","link":"https:\/\/www.cde.ual.es\/en\/buscan-personas-de-habla-hispana-para-trabajar-en-empresa-de-dinamarca\/","title":{"rendered":"Buscan personas de habla hispana para trabajar en empresa de Dinamarca"},"content":{"rendered":"<p style=\"text-align: justify;\"><img decoding=\"async\" class=\"aligncenter size-full wp-image-1750\" src=\"http:\/\/www.cde.ual.es\/wp-content\/uploads\/2017\/04\/ecommerce-2140603_960_720.jpg\" alt=\"\" width=\"960\" height=\"411\" srcset=\"https:\/\/www.cde.ual.es\/wp-content\/uploads\/2017\/04\/ecommerce-2140603_960_720.jpg 960w, https:\/\/www.cde.ual.es\/wp-content\/uploads\/2017\/04\/ecommerce-2140603_960_720-768x328.jpg 768w\" sizes=\"(max-width: 960px) 100vw, 960px\" \/><\/p>\n<p style=\"text-align: justify;\">\n<p style=\"text-align: justify;\">Desde la red Eures nos llega una interesante convocatoria para trabajar en Dinamarca en el \u00e1rea de ventas en un inspirador programa internacional.<\/p>\n<p style=\"text-align: justify;\">Buscan <strong>personas que hablen espa\u00f1ol<\/strong>, alem\u00e1n, sueco, noruego, fin\u00e9s o franc\u00e9s.<\/p>\n<p style=\"text-align: justify;\">La empresa que ofrece esta convocatoria es\u00a0Dancover.\u00a0Se encuentra situada en\u00a0Helleb\u00e6k, una ciudad situada en la costa a cinco kil\u00f3metros y a unos <strong>40 kil\u00f3metros al norte de Copenhague<\/strong>, la capital de Dinamarca.<\/p>\n<div class=\"td-g-rec td-g-rec-id-content_inline \" style=\"text-align: justify;\">Las funciones principales de los seleccionados para estos puestos de empleo ser\u00e1n las relativas a un profesionales de las ventas y estar\u00e1 enfocado en <strong>vender a clientes de toda Europa<\/strong>.<\/div>\n<p style=\"text-align: justify;\">Dancover desarrolla y vende tiendas de campa\u00f1a para fiestas, carpas flexibles, lonas y otras\u00a0soluciones de almacenamiento.<\/p>\n<p style=\"text-align: justify;\">Se requiere tener <strong>experiencia en ventas<\/strong> de, al menos, dos a\u00f1os. El dan\u00e9s no ser\u00e1 obligatorio para ocupar el puesto, eso s\u00ed, tener <strong>conocimientos del idioma ingl\u00e9s<\/strong> y otra lengua, espa\u00f1ol por ejemplo, ser\u00e1 necesario.<\/p>\n<p style=\"text-align: justify;\">En cuanto a las condiciones laborales, se trata de una jornada laboral de trabajo de\u00a09:00 a\u00a017:00 (Viernes 9:30 \u2013 17:00). El salario no se menciona, estar\u00e1 en funci\u00f3n de las calificaciones. El almuerzo los ofrece la\u00a0compa\u00f1\u00eda y podr\u00e1s tener acceso al\u00a0plan de pensiones de la compa\u00f1\u00eda despu\u00e9s de 6 meses de empleo.<\/p>\n<p><a href=\"http:\/\/www.sepe.es\/contenidos\/personas\/encontrar_empleo\/encontrar_empleo_europa\/paises\/dinamarca\/pdf_dinamarca\/OferDina23enero_salesrepresentative.pdf\" target=\"_blank\">M\u00e1s informaci\u00f3n sobre esta oferta de empleo aqu\u00ed<\/a>.<\/p>\n","protected":false},"excerpt":{"rendered":"<p>Desde la red Eures nos llega una interesante convocatoria para trabajar en Dinamarca en el \u00e1rea de ventas en un inspirador programa internacional. Buscan personas que hablen espa\u00f1ol, alem\u00e1n, sueco, noruego, fin\u00e9s o franc\u00e9s. La empresa que ofrece esta convocatoria es\u00a0Dancover.\u00a0Se encuentra situada en\u00a0Helleb\u00e6k, una ciudad situada en la costa a cinco kil\u00f3metros y a [&hellip;]<\/p>\n","protected":false},"author":1,"featured_media":0,"comment_status":"open","ping_status":"open","sticky":false,"template":"","format":"standard","meta":{"_acf_changed":false,"_relevanssi_hide_post":"","_relevanssi_hide_content":"","_relevanssi_pin_for_all":"","_relevanssi_pin_keywords":"","_relevanssi_unpin_keywords":"","_relevanssi_related_keywords":"","_relevanssi_related_include_ids":"","_relevanssi_related_exclude_ids":"","_relevanssi_related_no_append":"","_relevanssi_related_not_related":"","_relevanssi_related_posts":"","_relevanssi_noindex_reason":"","_monsterinsights_skip_tracking":false,"_monsterinsights_sitenote_active":false,"_monsterinsights_sitenote_note":"","_monsterinsights_sitenote_category":0,"_genesis_hide_title":false,"_genesis_hide_breadcrumbs":false,"_genesis_hide_singular_image":false,"_genesis_hide_footer_widgets":false,"_genesis_custom_body_class":"","_genesis_custom_post_class":"","_genesis_layout":"","footnotes":""},"categories":[1],"tags":[],"class_list":{"0":"post-1745","1":"post","2":"type-post","3":"status-publish","4":"format-standard","6":"category-sin-categorizar","7":"entry","8":"has-post-thumbnail"},"acf":[],"yoast_head":"<!-- This site is optimized with the Yoast SEO plugin v27.4 - https:\/\/yoast.com\/product\/yoast-seo-wordpress\/ -->\n<title>Buscan personas de habla hispana para trabajar en empresa de Dinamarca | CDE Almer\u00eda - Centro de Documentaci\u00f3n Europea - Universidad de Almer\u00eda<\/title>\n<meta name=\"robots\" content=\"index, follow, max-snippet:-1, max-image-preview:large, max-video-preview:-1\" \/>\n<link rel=\"canonical\" href=\"https:\/\/www.cde.ual.es\/buscan-personas-de-habla-hispana-para-trabajar-en-empresa-de-dinamarca\/\" \/>\n<meta property=\"og:locale\" content=\"en_US\" \/>\n<meta property=\"og:type\" content=\"article\" \/>\n<meta property=\"og:title\" content=\"Buscan personas de habla hispana para trabajar en empresa de Dinamarca | CDE Almer\u00eda - Centro de Documentaci\u00f3n Europea - Universidad de Almer\u00eda\" \/>\n<meta property=\"og:description\" content=\"Desde la red Eures nos llega una interesante convocatoria para trabajar en Dinamarca en el \u00e1rea de ventas en un inspirador programa internacional. Buscan personas que hablen espa\u00f1ol, alem\u00e1n, sueco, noruego, fin\u00e9s o franc\u00e9s. La empresa que ofrece esta convocatoria es\u00a0Dancover.\u00a0Se encuentra situada en\u00a0Helleb\u00e6k, una ciudad situada en la costa a cinco kil\u00f3metros y a [&hellip;]\" \/>\n<meta property=\"og:url\" content=\"https:\/\/www.cde.ual.es\/buscan-personas-de-habla-hispana-para-trabajar-en-empresa-de-dinamarca\/\" \/>\n<meta property=\"og:site_name\" content=\"CDE Almer\u00eda - Centro de Documentaci\u00f3n Europea - Universidad de Almer\u00eda\" \/>\n<meta property=\"article:publisher\" content=\"https:\/\/www.facebook.com\/cdeuniversidadalmeria\/\" \/>\n<meta property=\"article:published_time\" content=\"2017-04-04T08:46:32+00:00\" \/>\n<meta property=\"og:image\" content=\"http:\/\/www.cde.ual.es\/wp-content\/uploads\/2017\/04\/ecommerce-2140603_960_720.jpg\" \/>\n<meta name=\"author\" content=\"AdminCDE\" \/>\n<meta name=\"twitter:card\" content=\"summary_large_image\" \/>\n<meta name=\"twitter:creator\" content=\"@cdeualmeria\" \/>\n<meta name=\"twitter:site\" content=\"@cdeualmeria\" \/>\n<meta name=\"twitter:label1\" content=\"Written by\" \/>\n\t<meta name=\"twitter:data1\" content=\"AdminCDE\" \/>\n\t<meta name=\"twitter:label2\" content=\"Est. reading time\" \/>\n\t<meta name=\"twitter:data2\" content=\"1 minute\" \/>\n<script type=\"application\/ld+json\" class=\"yoast-schema-graph\">{\"@context\":\"https:\\\/\\\/schema.org\",\"@graph\":[{\"@type\":\"Article\",\"@id\":\"https:\\\/\\\/www.cde.ual.es\\\/buscan-personas-de-habla-hispana-para-trabajar-en-empresa-de-dinamarca\\\/#article\",\"isPartOf\":{\"@id\":\"https:\\\/\\\/www.cde.ual.es\\\/buscan-personas-de-habla-hispana-para-trabajar-en-empresa-de-dinamarca\\\/\"},\"author\":{\"name\":\"AdminCDE\",\"@id\":\"https:\\\/\\\/www.cde.ual.es\\\/#\\\/schema\\\/person\\\/224ef08c8bcc005f319d2713ce37ee5f\"},\"headline\":\"Buscan personas de habla hispana para trabajar en empresa de Dinamarca\",\"datePublished\":\"2017-04-04T08:46:32+00:00\",\"mainEntityOfPage\":{\"@id\":\"https:\\\/\\\/www.cde.ual.es\\\/buscan-personas-de-habla-hispana-para-trabajar-en-empresa-de-dinamarca\\\/\"},\"wordCount\":239,\"commentCount\":0,\"publisher\":{\"@id\":\"https:\\\/\\\/www.cde.ual.es\\\/#organization\"},\"image\":{\"@id\":\"https:\\\/\\\/www.cde.ual.es\\\/buscan-personas-de-habla-hispana-para-trabajar-en-empresa-de-dinamarca\\\/#primaryimage\"},\"thumbnailUrl\":\"http:\\\/\\\/www.cde.ual.es\\\/wp-content\\\/uploads\\\/2017\\\/04\\\/ecommerce-2140603_960_720.jpg\",\"articleSection\":[\"Sin categorizar\"],\"inLanguage\":\"en-US\",\"potentialAction\":[{\"@type\":\"CommentAction\",\"name\":\"Comment\",\"target\":[\"https:\\\/\\\/www.cde.ual.es\\\/buscan-personas-de-habla-hispana-para-trabajar-en-empresa-de-dinamarca\\\/#respond\"]}]},{\"@type\":\"WebPage\",\"@id\":\"https:\\\/\\\/www.cde.ual.es\\\/buscan-personas-de-habla-hispana-para-trabajar-en-empresa-de-dinamarca\\\/\",\"url\":\"https:\\\/\\\/www.cde.ual.es\\\/buscan-personas-de-habla-hispana-para-trabajar-en-empresa-de-dinamarca\\\/\",\"name\":\"Buscan personas de habla hispana para trabajar en empresa de Dinamarca | CDE Almer\u00eda - Centro de Documentaci\u00f3n Europea - Universidad de Almer\u00eda\",\"isPartOf\":{\"@id\":\"https:\\\/\\\/www.cde.ual.es\\\/#website\"},\"primaryImageOfPage\":{\"@id\":\"https:\\\/\\\/www.cde.ual.es\\\/buscan-personas-de-habla-hispana-para-trabajar-en-empresa-de-dinamarca\\\/#primaryimage\"},\"image\":{\"@id\":\"https:\\\/\\\/www.cde.ual.es\\\/buscan-personas-de-habla-hispana-para-trabajar-en-empresa-de-dinamarca\\\/#primaryimage\"},\"thumbnailUrl\":\"http:\\\/\\\/www.cde.ual.es\\\/wp-content\\\/uploads\\\/2017\\\/04\\\/ecommerce-2140603_960_720.jpg\",\"datePublished\":\"2017-04-04T08:46:32+00:00\",\"breadcrumb\":{\"@id\":\"https:\\\/\\\/www.cde.ual.es\\\/buscan-personas-de-habla-hispana-para-trabajar-en-empresa-de-dinamarca\\\/#breadcrumb\"},\"inLanguage\":\"en-US\",\"potentialAction\":[{\"@type\":\"ReadAction\",\"target\":[\"https:\\\/\\\/www.cde.ual.es\\\/buscan-personas-de-habla-hispana-para-trabajar-en-empresa-de-dinamarca\\\/\"]}]},{\"@type\":\"ImageObject\",\"inLanguage\":\"en-US\",\"@id\":\"https:\\\/\\\/www.cde.ual.es\\\/buscan-personas-de-habla-hispana-para-trabajar-en-empresa-de-dinamarca\\\/#primaryimage\",\"url\":\"http:\\\/\\\/www.cde.ual.es\\\/wp-content\\\/uploads\\\/2017\\\/04\\\/ecommerce-2140603_960_720.jpg\",\"contentUrl\":\"http:\\\/\\\/www.cde.ual.es\\\/wp-content\\\/uploads\\\/2017\\\/04\\\/ecommerce-2140603_960_720.jpg\"},{\"@type\":\"BreadcrumbList\",\"@id\":\"https:\\\/\\\/www.cde.ual.es\\\/buscan-personas-de-habla-hispana-para-trabajar-en-empresa-de-dinamarca\\\/#breadcrumb\",\"itemListElement\":[{\"@type\":\"ListItem\",\"position\":1,\"name\":\"Inicio\",\"item\":\"https:\\\/\\\/www.cde.ual.es\\\/en\\\/\"},{\"@type\":\"ListItem\",\"position\":2,\"name\":\"Sin categorizar\",\"item\":\"https:\\\/\\\/www.cde.ual.es\\\/category\\\/sin-categorizar\\\/\"},{\"@type\":\"ListItem\",\"position\":3,\"name\":\"Buscan personas de habla hispana para trabajar en empresa de Dinamarca\"}]},{\"@type\":\"WebSite\",\"@id\":\"https:\\\/\\\/www.cde.ual.es\\\/#website\",\"url\":\"https:\\\/\\\/www.cde.ual.es\\\/\",\"name\":\"CDE Almer\u00eda - Centro de Documentaci\u00f3n Europea - Universidad de Almer\u00eda\",\"description\":\"Centro de Documentaci\u00f3n Europea de la Universidad de Almer\u00eda\",\"publisher\":{\"@id\":\"https:\\\/\\\/www.cde.ual.es\\\/#organization\"},\"alternateName\":\"CDE Almer\u00eda\",\"potentialAction\":[{\"@type\":\"SearchAction\",\"target\":{\"@type\":\"EntryPoint\",\"urlTemplate\":\"https:\\\/\\\/www.cde.ual.es\\\/?s={search_term_string}\"},\"query-input\":{\"@type\":\"PropertyValueSpecification\",\"valueRequired\":true,\"valueName\":\"search_term_string\"}}],\"inLanguage\":\"en-US\"},{\"@type\":\"Organization\",\"@id\":\"https:\\\/\\\/www.cde.ual.es\\\/#organization\",\"name\":\"Centro de Documentaci\u00f3n Europea de Almer\u00eda\",\"url\":\"https:\\\/\\\/www.cde.ual.es\\\/\",\"logo\":{\"@type\":\"ImageObject\",\"inLanguage\":\"en-US\",\"@id\":\"https:\\\/\\\/www.cde.ual.es\\\/#\\\/schema\\\/logo\\\/image\\\/\",\"url\":\"https:\\\/\\\/www.cde.ual.es\\\/wp-content\\\/uploads\\\/2025\\\/07\\\/cde-logo-3.png\",\"contentUrl\":\"https:\\\/\\\/www.cde.ual.es\\\/wp-content\\\/uploads\\\/2025\\\/07\\\/cde-logo-3.png\",\"width\":1400,\"height\":300,\"caption\":\"Centro de Documentaci\u00f3n Europea de Almer\u00eda\"},\"image\":{\"@id\":\"https:\\\/\\\/www.cde.ual.es\\\/#\\\/schema\\\/logo\\\/image\\\/\"},\"sameAs\":[\"https:\\\/\\\/www.facebook.com\\\/cdeuniversidadalmeria\\\/\",\"https:\\\/\\\/x.com\\\/cdeualmeria\",\"https:\\\/\\\/www.tiktok.com\\\/@cdealmeria\",\"https:\\\/\\\/www.instagram.com\\\/cdealmeria\\\/\",\"https:\\\/\\\/www.linkedin.com\\\/in\\\/cde-almera-812b26a9\\\/\"]},{\"@type\":\"Person\",\"@id\":\"https:\\\/\\\/www.cde.ual.es\\\/#\\\/schema\\\/person\\\/224ef08c8bcc005f319d2713ce37ee5f\",\"name\":\"AdminCDE\",\"image\":{\"@type\":\"ImageObject\",\"inLanguage\":\"en-US\",\"@id\":\"https:\\\/\\\/secure.gravatar.com\\\/avatar\\\/a72d038d371f995cd13706fac32274b7952a52e8fb0a84b5f80c85426f2a98a8?s=96&d=mm&r=g\",\"url\":\"https:\\\/\\\/secure.gravatar.com\\\/avatar\\\/a72d038d371f995cd13706fac32274b7952a52e8fb0a84b5f80c85426f2a98a8?s=96&d=mm&r=g\",\"contentUrl\":\"https:\\\/\\\/secure.gravatar.com\\\/avatar\\\/a72d038d371f995cd13706fac32274b7952a52e8fb0a84b5f80c85426f2a98a8?s=96&d=mm&r=g\",\"caption\":\"AdminCDE\"}}]}<\/script>\n<!-- \/ Yoast SEO plugin. -->","yoast_head_json":{"title":"Buscan personas de habla hispana para trabajar en empresa de Dinamarca | CDE Almer\u00eda - Centro de Documentaci\u00f3n Europea - Universidad de Almer\u00eda","robots":{"index":"index","follow":"follow","max-snippet":"max-snippet:-1","max-image-preview":"max-image-preview:large","max-video-preview":"max-video-preview:-1"},"canonical":"https:\/\/www.cde.ual.es\/buscan-personas-de-habla-hispana-para-trabajar-en-empresa-de-dinamarca\/","og_locale":"en_US","og_type":"article","og_title":"Buscan personas de habla hispana para trabajar en empresa de Dinamarca | CDE Almer\u00eda - Centro de Documentaci\u00f3n Europea - Universidad de Almer\u00eda","og_description":"Desde la red Eures nos llega una interesante convocatoria para trabajar en Dinamarca en el \u00e1rea de ventas en un inspirador programa internacional. Buscan personas que hablen espa\u00f1ol, alem\u00e1n, sueco, noruego, fin\u00e9s o franc\u00e9s. La empresa que ofrece esta convocatoria es\u00a0Dancover.\u00a0Se encuentra situada en\u00a0Helleb\u00e6k, una ciudad situada en la costa a cinco kil\u00f3metros y a [&hellip;]","og_url":"https:\/\/www.cde.ual.es\/buscan-personas-de-habla-hispana-para-trabajar-en-empresa-de-dinamarca\/","og_site_name":"CDE Almer\u00eda - Centro de Documentaci\u00f3n Europea - Universidad de Almer\u00eda","article_publisher":"https:\/\/www.facebook.com\/cdeuniversidadalmeria\/","article_published_time":"2017-04-04T08:46:32+00:00","og_image":[{"url":"http:\/\/www.cde.ual.es\/wp-content\/uploads\/2017\/04\/ecommerce-2140603_960_720.jpg","type":"","width":"","height":""}],"author":"AdminCDE","twitter_card":"summary_large_image","twitter_creator":"@cdeualmeria","twitter_site":"@cdeualmeria","twitter_misc":{"Written by":"AdminCDE","Est. reading time":"1 minute"},"schema":{"@context":"https:\/\/schema.org","@graph":[{"@type":"Article","@id":"https:\/\/www.cde.ual.es\/buscan-personas-de-habla-hispana-para-trabajar-en-empresa-de-dinamarca\/#article","isPartOf":{"@id":"https:\/\/www.cde.ual.es\/buscan-personas-de-habla-hispana-para-trabajar-en-empresa-de-dinamarca\/"},"author":{"name":"AdminCDE","@id":"https:\/\/www.cde.ual.es\/#\/schema\/person\/224ef08c8bcc005f319d2713ce37ee5f"},"headline":"Buscan personas de habla hispana para trabajar en empresa de Dinamarca","datePublished":"2017-04-04T08:46:32+00:00","mainEntityOfPage":{"@id":"https:\/\/www.cde.ual.es\/buscan-personas-de-habla-hispana-para-trabajar-en-empresa-de-dinamarca\/"},"wordCount":239,"commentCount":0,"publisher":{"@id":"https:\/\/www.cde.ual.es\/#organization"},"image":{"@id":"https:\/\/www.cde.ual.es\/buscan-personas-de-habla-hispana-para-trabajar-en-empresa-de-dinamarca\/#primaryimage"},"thumbnailUrl":"http:\/\/www.cde.ual.es\/wp-content\/uploads\/2017\/04\/ecommerce-2140603_960_720.jpg","articleSection":["Sin categorizar"],"inLanguage":"en-US","potentialAction":[{"@type":"CommentAction","name":"Comment","target":["https:\/\/www.cde.ual.es\/buscan-personas-de-habla-hispana-para-trabajar-en-empresa-de-dinamarca\/#respond"]}]},{"@type":"WebPage","@id":"https:\/\/www.cde.ual.es\/buscan-personas-de-habla-hispana-para-trabajar-en-empresa-de-dinamarca\/","url":"https:\/\/www.cde.ual.es\/buscan-personas-de-habla-hispana-para-trabajar-en-empresa-de-dinamarca\/","name":"Buscan personas de habla hispana para trabajar en empresa de Dinamarca | CDE Almer\u00eda - Centro de Documentaci\u00f3n Europea - Universidad de Almer\u00eda","isPartOf":{"@id":"https:\/\/www.cde.ual.es\/#website"},"primaryImageOfPage":{"@id":"https:\/\/www.cde.ual.es\/buscan-personas-de-habla-hispana-para-trabajar-en-empresa-de-dinamarca\/#primaryimage"},"image":{"@id":"https:\/\/www.cde.ual.es\/buscan-personas-de-habla-hispana-para-trabajar-en-empresa-de-dinamarca\/#primaryimage"},"thumbnailUrl":"http:\/\/www.cde.ual.es\/wp-content\/uploads\/2017\/04\/ecommerce-2140603_960_720.jpg","datePublished":"2017-04-04T08:46:32+00:00","breadcrumb":{"@id":"https:\/\/www.cde.ual.es\/buscan-personas-de-habla-hispana-para-trabajar-en-empresa-de-dinamarca\/#breadcrumb"},"inLanguage":"en-US","potentialAction":[{"@type":"ReadAction","target":["https:\/\/www.cde.ual.es\/buscan-personas-de-habla-hispana-para-trabajar-en-empresa-de-dinamarca\/"]}]},{"@type":"ImageObject","inLanguage":"en-US","@id":"https:\/\/www.cde.ual.es\/buscan-personas-de-habla-hispana-para-trabajar-en-empresa-de-dinamarca\/#primaryimage","url":"http:\/\/www.cde.ual.es\/wp-content\/uploads\/2017\/04\/ecommerce-2140603_960_720.jpg","contentUrl":"http:\/\/www.cde.ual.es\/wp-content\/uploads\/2017\/04\/ecommerce-2140603_960_720.jpg"},{"@type":"BreadcrumbList","@id":"https:\/\/www.cde.ual.es\/buscan-personas-de-habla-hispana-para-trabajar-en-empresa-de-dinamarca\/#breadcrumb","itemListElement":[{"@type":"ListItem","position":1,"name":"Inicio","item":"https:\/\/www.cde.ual.es\/en\/"},{"@type":"ListItem","position":2,"name":"Sin categorizar","item":"https:\/\/www.cde.ual.es\/category\/sin-categorizar\/"},{"@type":"ListItem","position":3,"name":"Buscan personas de habla hispana para trabajar en empresa de Dinamarca"}]},{"@type":"WebSite","@id":"https:\/\/www.cde.ual.es\/#website","url":"https:\/\/www.cde.ual.es\/","name":"CDE Almer\u00eda - Centro de Documentaci\u00f3n Europea - Universidad de Almer\u00eda","description":"Centro de Documentaci\u00f3n Europea de la Universidad de Almer\u00eda","publisher":{"@id":"https:\/\/www.cde.ual.es\/#organization"},"alternateName":"CDE Almer\u00eda","potentialAction":[{"@type":"SearchAction","target":{"@type":"EntryPoint","urlTemplate":"https:\/\/www.cde.ual.es\/?s={search_term_string}"},"query-input":{"@type":"PropertyValueSpecification","valueRequired":true,"valueName":"search_term_string"}}],"inLanguage":"en-US"},{"@type":"Organization","@id":"https:\/\/www.cde.ual.es\/#organization","name":"Centro de Documentaci\u00f3n Europea de Almer\u00eda","url":"https:\/\/www.cde.ual.es\/","logo":{"@type":"ImageObject","inLanguage":"en-US","@id":"https:\/\/www.cde.ual.es\/#\/schema\/logo\/image\/","url":"https:\/\/www.cde.ual.es\/wp-content\/uploads\/2025\/07\/cde-logo-3.png","contentUrl":"https:\/\/www.cde.ual.es\/wp-content\/uploads\/2025\/07\/cde-logo-3.png","width":1400,"height":300,"caption":"Centro de Documentaci\u00f3n Europea de Almer\u00eda"},"image":{"@id":"https:\/\/www.cde.ual.es\/#\/schema\/logo\/image\/"},"sameAs":["https:\/\/www.facebook.com\/cdeuniversidadalmeria\/","https:\/\/x.com\/cdeualmeria","https:\/\/www.tiktok.com\/@cdealmeria","https:\/\/www.instagram.com\/cdealmeria\/","https:\/\/www.linkedin.com\/in\/cde-almera-812b26a9\/"]},{"@type":"Person","@id":"https:\/\/www.cde.ual.es\/#\/schema\/person\/224ef08c8bcc005f319d2713ce37ee5f","name":"AdminCDE","image":{"@type":"ImageObject","inLanguage":"en-US","@id":"https:\/\/secure.gravatar.com\/avatar\/a72d038d371f995cd13706fac32274b7952a52e8fb0a84b5f80c85426f2a98a8?s=96&d=mm&r=g","url":"https:\/\/secure.gravatar.com\/avatar\/a72d038d371f995cd13706fac32274b7952a52e8fb0a84b5f80c85426f2a98a8?s=96&d=mm&r=g","contentUrl":"https:\/\/secure.gravatar.com\/avatar\/a72d038d371f995cd13706fac32274b7952a52e8fb0a84b5f80c85426f2a98a8?s=96&d=mm&r=g","caption":"AdminCDE"}}]}},"_links":{"self":[{"href":"https:\/\/www.cde.ual.es\/en\/wp-json\/wp\/v2\/posts\/1745","targetHints":{"allow":["GET"]}}],"collection":[{"href":"https:\/\/www.cde.ual.es\/en\/wp-json\/wp\/v2\/posts"}],"about":[{"href":"https:\/\/www.cde.ual.es\/en\/wp-json\/wp\/v2\/types\/post"}],"author":[{"embeddable":true,"href":"https:\/\/www.cde.ual.es\/en\/wp-json\/wp\/v2\/users\/1"}],"replies":[{"embeddable":true,"href":"https:\/\/www.cde.ual.es\/en\/wp-json\/wp\/v2\/comments?post=1745"}],"version-history":[{"count":0,"href":"https:\/\/www.cde.ual.es\/en\/wp-json\/wp\/v2\/posts\/1745\/revisions"}],"wp:attachment":[{"href":"https:\/\/www.cde.ual.es\/en\/wp-json\/wp\/v2\/media?parent=1745"}],"wp:term":[{"taxonomy":"category","embeddable":true,"href":"https:\/\/www.cde.ual.es\/en\/wp-json\/wp\/v2\/categories?post=1745"},{"taxonomy":"post_tag","embeddable":true,"href":"https:\/\/www.cde.ual.es\/en\/wp-json\/wp\/v2\/tags?post=1745"}],"curies":[{"name":"wp","href":"https:\/\/api.w.org\/{rel}","templated":true}]}}