{"id":17427,"date":"2019-05-15T08:00:21","date_gmt":"2019-05-15T06:00:21","guid":{"rendered":"http:\/\/www.cde.ual.es\/?p=17427"},"modified":"2019-05-14T09:36:03","modified_gmt":"2019-05-14T07:36:03","slug":"ebola-eu-provides-further-e5-million-in-humanitarian-aid-in-democratic-republic-of-congo","status":"publish","type":"post","link":"https:\/\/www.cde.ual.es\/en\/ebola-eu-provides-further-e5-million-in-humanitarian-aid-in-democratic-republic-of-congo\/","title":{"rendered":"Ebola: EU provides further \u20ac5 million in humanitarian aid in Democratic Republic of Congo"},"content":{"rendered":"<p><a href=\"http:\/\/www.cde.ual.es\/wp-content\/uploads\/2018\/10\/drc_smaller.png\"><img decoding=\"async\" class=\"size-medium wp-image-17428 aligncenter\" src=\"http:\/\/www.cde.ual.es\/wp-content\/uploads\/2018\/10\/drc_smaller-300x130.png\" alt=\"\" width=\"300\" height=\"130\" srcset=\"https:\/\/www.cde.ual.es\/wp-content\/uploads\/2018\/10\/drc_smaller-300x130.png 300w, https:\/\/www.cde.ual.es\/wp-content\/uploads\/2018\/10\/drc_smaller.png 693w\" sizes=\"(max-width: 300px) 100vw, 300px\" \/><\/a><\/p>\n<p><em><strong>The EU is stepping up humanitarian support with an additional \u20ac5 million as the\u00a0<a href=\"https:\/\/ec.europa.eu\/echo\/where\/africa\/congo_en\">Democratic Republic of Congo<\/a>\u00a0continues to experience its biggest Ebola outbreak to date. The confirmed death toll of the epidemic now stands at over 1,000 people. With today&#8217;s announcement, total EU funding to tackle the disease in the country amounts to \u20ac17 million since 2018.<\/strong><\/em><\/p>\n<p>Christos\u00a0<strong>Stylianides<\/strong>, Commissioner for Humanitarian Aid and Crisis Management and EU Ebola Coordinator said: \u201c<em>The EU is committed to continue helping partners and the authorities fight Ebola in the Democratic Republic of Congo for as long as it takes. Since the outbreak last year, the EU has provided funding, experts, medical evacuation equipment, our humanitarian flight service and helped neighbouring countries. We are also supporting the health sector in the country and the development of Ebola vaccines and treatments. Yet the disease remains a serious threat and all must be done to curb the epidemic. Aid workers must also be free to do their lifesaving job without the threat of violence.<\/em>\u201d<\/p>\n<p>The EU funding announced today supports the World Health Organisation as well as other partners to ensure access to health care and infection and prevention measures, working with local communities to promote understanding, acceptance and support of the response, and social protection and nutritional support to survivors and their families.<\/p>\n<p>The Ebola response in the country has had to face a number of serious and continuous challenges, including high population mobility, weak health structures and poor community acceptance of the contagion prevention measures. On top of these is the ongoing conflict in the affected areas, the violent attacks perpetrated on Ebola treatment centres and response teams.<\/p>\n<p><span class=\"prdnormal\"><strong>Background<\/strong><\/span><\/p>\n<p>The Ebola virus epidemic in the Democratic Republic of Congo has so far been confined to the eastern provinces of North Kivu and Ituri, both torn by long-standing conflicts, aggravating an already fragile humanitarian situation.<\/p>\n<p>In response to the outbreak, the EU provides financial support to humanitarian partners involved in various actions in the Ebola response. EU humanitarian health experts in the\u00a0<a href=\"https:\/\/ec.europa.eu\/echo\/where\/africa\/congo_en\">Democratic Republic of Congo<\/a>\u00a0are involved in the coordination of the response and are in daily contact with health authorities, the World Health Organisation and operational partners. Furthermore, the\u00a0<a href=\"https:\/\/ecdc.europa.eu\/en\/home\">European Centre for Disease Prevention and Control<\/a>\u00a0sent an epidemiologist to Butembo, the second epicentre of the outbreak, between November and December 2018 to provide further technical and specialised support and is closely following the development of the outbreak.<\/p>\n<p>The EU&#8217;s Humanitarian Air Service,\u00a0<a href=\"https:\/\/ec.europa.eu\/echo\/what\/humanitarian-aid\/humanitarian-air-services_en\">ECHO flight<\/a>, regularly transports personnel, supplies and equipment to various Ebola-affected areas. It has operated so far over 80 flights.<\/p>\n<p>The\u00a0<a href=\"https:\/\/ec.europa.eu\/echo\/what\/civil-protection\/mechanism_en\">EU Civil Protection Mechanism<\/a>\u00a0has been activated twice in relation to the outbreak, upon request of World Health Organisation. Norway, which is a participating state in the Mechanism, dispatched a specialised team to the\u00a0<a href=\"https:\/\/ec.europa.eu\/echo\/where\/africa\/congo_en\">Democratic Republic of Congo<\/a>\u00a0to give training to health workers on the use of high-tech isolation units that it had given to support the Ebola response for use in specific medical evacuation cases. Upon a second request by the World Health Organisation, Norway provided three additional isolation units, and is offering further training sessions on their operation. The EU co-finances 85% of the transport costs involved for this assistance deployed through the Mechanism.<\/p>\n<p>The EU has also financially supported Ebola vaccine development and research on Ebola treatments and diagnostic tests.<\/p>\n<p>In addition to the emergency response, the EU is implementing a development cooperation programme to support the health sector.<\/p>\n<p>Outside the DRC, EU humanitarian funds have also been helping in the reinforcement of preparedness and prevention measures in neighbouring countries to avoid a spillover of the outbreak.<\/p>\n<p><span class=\"prdnormal\"><strong>For more information<\/strong><\/span><\/p>\n<p><a href=\"http:\/\/europa.eu\/rapid\/press-release_IP-19-2475_en.htm\">Complete news<\/a><\/p>\n<p>Factsheet:\u00a0<a href=\"http:\/\/ec.europa.eu\/echo\/files\/aid\/countries\/factsheets\/thematic\/wa_ebola_en.pdf\">EU response to the Ebola epidemic<\/a><\/p>\n","protected":false},"excerpt":{"rendered":"<p>The EU is stepping up humanitarian support with an additional \u20ac5 million as the\u00a0Democratic Republic of Congo\u00a0continues to experience its biggest Ebola outbreak to date. The confirmed death toll of the epidemic now stands at over 1,000 people. With today&#8217;s announcement, total EU funding to tackle the disease in the country amounts to \u20ac17 million [&hellip;]<\/p>\n","protected":false},"author":1,"featured_media":17428,"comment_status":"open","ping_status":"open","sticky":false,"template":"","format":"standard","meta":{"_acf_changed":false,"_relevanssi_hide_post":"","_relevanssi_hide_content":"","_relevanssi_pin_for_all":"","_relevanssi_pin_keywords":"","_relevanssi_unpin_keywords":"","_relevanssi_related_keywords":"","_relevanssi_related_include_ids":"","_relevanssi_related_exclude_ids":"","_relevanssi_related_no_append":"","_relevanssi_related_not_related":"","_relevanssi_related_posts":"","_relevanssi_noindex_reason":"","_monsterinsights_skip_tracking":false,"_monsterinsights_sitenote_active":false,"_monsterinsights_sitenote_note":"","_monsterinsights_sitenote_category":0,"_genesis_hide_title":false,"_genesis_hide_breadcrumbs":false,"_genesis_hide_singular_image":false,"_genesis_hide_footer_widgets":false,"_genesis_custom_body_class":"","_genesis_custom_post_class":"","_genesis_layout":"","footnotes":""},"categories":[346],"tags":[437],"class_list":{"0":"post-17427","1":"post","2":"type-post","3":"status-publish","4":"format-standard","5":"has-post-thumbnail","7":"category-eu-news","8":"tag-health","9":"entry"},"acf":[],"yoast_head":"<!-- This site is optimized with the Yoast SEO plugin v27.5 - https:\/\/yoast.com\/product\/yoast-seo-wordpress\/ -->\n<title>Ebola: EU provides further \u20ac5 million in humanitarian aid in Democratic Republic of Congo | CDE Almer\u00eda - Centro de Documentaci\u00f3n Europea - Universidad de Almer\u00eda<\/title>\n<meta name=\"robots\" content=\"index, follow, max-snippet:-1, max-image-preview:large, max-video-preview:-1\" \/>\n<link rel=\"canonical\" href=\"https:\/\/www.cde.ual.es\/en\/ebola-eu-provides-further-e5-million-in-humanitarian-aid-in-democratic-republic-of-congo\/\" \/>\n<meta property=\"og:locale\" content=\"en_US\" \/>\n<meta property=\"og:type\" content=\"article\" \/>\n<meta property=\"og:title\" content=\"Ebola: EU provides further \u20ac5 million in humanitarian aid in Democratic Republic of Congo | CDE Almer\u00eda - Centro de Documentaci\u00f3n Europea - Universidad de Almer\u00eda\" \/>\n<meta property=\"og:description\" content=\"The EU is stepping up humanitarian support with an additional \u20ac5 million as the\u00a0Democratic Republic of Congo\u00a0continues to experience its biggest Ebola outbreak to date. The confirmed death toll of the epidemic now stands at over 1,000 people. With today&#8217;s announcement, total EU funding to tackle the disease in the country amounts to \u20ac17 million [&hellip;]\" \/>\n<meta property=\"og:url\" content=\"https:\/\/www.cde.ual.es\/en\/ebola-eu-provides-further-e5-million-in-humanitarian-aid-in-democratic-republic-of-congo\/\" \/>\n<meta property=\"og:site_name\" content=\"CDE Almer\u00eda - Centro de Documentaci\u00f3n Europea - Universidad de Almer\u00eda\" \/>\n<meta property=\"article:publisher\" content=\"https:\/\/www.facebook.com\/cdeuniversidadalmeria\/\" \/>\n<meta property=\"article:published_time\" content=\"2019-05-15T06:00:21+00:00\" \/>\n<meta property=\"og:image\" content=\"https:\/\/www.cde.ual.es\/wp-content\/uploads\/2018\/10\/drc_smaller.png\" \/>\n\t<meta property=\"og:image:width\" content=\"693\" \/>\n\t<meta property=\"og:image:height\" content=\"300\" \/>\n\t<meta property=\"og:image:type\" content=\"image\/png\" \/>\n<meta name=\"author\" content=\"AdminCDE\" \/>\n<meta name=\"twitter:card\" content=\"summary_large_image\" \/>\n<meta name=\"twitter:creator\" content=\"@cdeualmeria\" \/>\n<meta name=\"twitter:site\" content=\"@cdeualmeria\" \/>\n<meta name=\"twitter:label1\" content=\"Written by\" \/>\n\t<meta name=\"twitter:data1\" content=\"AdminCDE\" \/>\n\t<meta name=\"twitter:label2\" content=\"Est. reading time\" \/>\n\t<meta name=\"twitter:data2\" content=\"3 minutes\" \/>\n<script type=\"application\/ld+json\" class=\"yoast-schema-graph\">{\"@context\":\"https:\\\/\\\/schema.org\",\"@graph\":[{\"@type\":\"Article\",\"@id\":\"https:\\\/\\\/www.cde.ual.es\\\/en\\\/ebola-eu-provides-further-e5-million-in-humanitarian-aid-in-democratic-republic-of-congo\\\/#article\",\"isPartOf\":{\"@id\":\"https:\\\/\\\/www.cde.ual.es\\\/en\\\/ebola-eu-provides-further-e5-million-in-humanitarian-aid-in-democratic-republic-of-congo\\\/\"},\"author\":{\"name\":\"AdminCDE\",\"@id\":\"https:\\\/\\\/www.cde.ual.es\\\/#\\\/schema\\\/person\\\/224ef08c8bcc005f319d2713ce37ee5f\"},\"headline\":\"Ebola: EU provides further \u20ac5 million in humanitarian aid in Democratic Republic of Congo\",\"datePublished\":\"2019-05-15T06:00:21+00:00\",\"mainEntityOfPage\":{\"@id\":\"https:\\\/\\\/www.cde.ual.es\\\/en\\\/ebola-eu-provides-further-e5-million-in-humanitarian-aid-in-democratic-republic-of-congo\\\/\"},\"wordCount\":624,\"commentCount\":0,\"publisher\":{\"@id\":\"https:\\\/\\\/www.cde.ual.es\\\/#organization\"},\"image\":{\"@id\":\"https:\\\/\\\/www.cde.ual.es\\\/en\\\/ebola-eu-provides-further-e5-million-in-humanitarian-aid-in-democratic-republic-of-congo\\\/#primaryimage\"},\"thumbnailUrl\":\"https:\\\/\\\/www.cde.ual.es\\\/wp-content\\\/uploads\\\/2018\\\/10\\\/drc_smaller.png\",\"keywords\":[\"health\"],\"articleSection\":[\"EU News\"],\"inLanguage\":\"en-US\",\"potentialAction\":[{\"@type\":\"CommentAction\",\"name\":\"Comment\",\"target\":[\"https:\\\/\\\/www.cde.ual.es\\\/en\\\/ebola-eu-provides-further-e5-million-in-humanitarian-aid-in-democratic-republic-of-congo\\\/#respond\"]}]},{\"@type\":\"WebPage\",\"@id\":\"https:\\\/\\\/www.cde.ual.es\\\/en\\\/ebola-eu-provides-further-e5-million-in-humanitarian-aid-in-democratic-republic-of-congo\\\/\",\"url\":\"https:\\\/\\\/www.cde.ual.es\\\/en\\\/ebola-eu-provides-further-e5-million-in-humanitarian-aid-in-democratic-republic-of-congo\\\/\",\"name\":\"Ebola: EU provides further \u20ac5 million in humanitarian aid in Democratic Republic of Congo | CDE Almer\u00eda - Centro de Documentaci\u00f3n Europea - Universidad de Almer\u00eda\",\"isPartOf\":{\"@id\":\"https:\\\/\\\/www.cde.ual.es\\\/#website\"},\"primaryImageOfPage\":{\"@id\":\"https:\\\/\\\/www.cde.ual.es\\\/en\\\/ebola-eu-provides-further-e5-million-in-humanitarian-aid-in-democratic-republic-of-congo\\\/#primaryimage\"},\"image\":{\"@id\":\"https:\\\/\\\/www.cde.ual.es\\\/en\\\/ebola-eu-provides-further-e5-million-in-humanitarian-aid-in-democratic-republic-of-congo\\\/#primaryimage\"},\"thumbnailUrl\":\"https:\\\/\\\/www.cde.ual.es\\\/wp-content\\\/uploads\\\/2018\\\/10\\\/drc_smaller.png\",\"datePublished\":\"2019-05-15T06:00:21+00:00\",\"breadcrumb\":{\"@id\":\"https:\\\/\\\/www.cde.ual.es\\\/en\\\/ebola-eu-provides-further-e5-million-in-humanitarian-aid-in-democratic-republic-of-congo\\\/#breadcrumb\"},\"inLanguage\":\"en-US\",\"potentialAction\":[{\"@type\":\"ReadAction\",\"target\":[\"https:\\\/\\\/www.cde.ual.es\\\/en\\\/ebola-eu-provides-further-e5-million-in-humanitarian-aid-in-democratic-republic-of-congo\\\/\"]}]},{\"@type\":\"ImageObject\",\"inLanguage\":\"en-US\",\"@id\":\"https:\\\/\\\/www.cde.ual.es\\\/en\\\/ebola-eu-provides-further-e5-million-in-humanitarian-aid-in-democratic-republic-of-congo\\\/#primaryimage\",\"url\":\"https:\\\/\\\/www.cde.ual.es\\\/wp-content\\\/uploads\\\/2018\\\/10\\\/drc_smaller.png\",\"contentUrl\":\"https:\\\/\\\/www.cde.ual.es\\\/wp-content\\\/uploads\\\/2018\\\/10\\\/drc_smaller.png\",\"width\":693,\"height\":300},{\"@type\":\"BreadcrumbList\",\"@id\":\"https:\\\/\\\/www.cde.ual.es\\\/en\\\/ebola-eu-provides-further-e5-million-in-humanitarian-aid-in-democratic-republic-of-congo\\\/#breadcrumb\",\"itemListElement\":[{\"@type\":\"ListItem\",\"position\":1,\"name\":\"Inicio\",\"item\":\"https:\\\/\\\/www.cde.ual.es\\\/en\\\/\"},{\"@type\":\"ListItem\",\"position\":2,\"name\":\"EU News\",\"item\":\"https:\\\/\\\/www.cde.ual.es\\\/en\\\/category\\\/eu-news\\\/\"},{\"@type\":\"ListItem\",\"position\":3,\"name\":\"Ebola: EU provides further \u20ac5 million in humanitarian aid in Democratic Republic of Congo\"}]},{\"@type\":\"WebSite\",\"@id\":\"https:\\\/\\\/www.cde.ual.es\\\/#website\",\"url\":\"https:\\\/\\\/www.cde.ual.es\\\/\",\"name\":\"CDE Almer\u00eda - Centro de Documentaci\u00f3n Europea - Universidad de Almer\u00eda\",\"description\":\"Centro de Documentaci\u00f3n Europea de la Universidad de Almer\u00eda\",\"publisher\":{\"@id\":\"https:\\\/\\\/www.cde.ual.es\\\/#organization\"},\"alternateName\":\"CDE Almer\u00eda\",\"potentialAction\":[{\"@type\":\"SearchAction\",\"target\":{\"@type\":\"EntryPoint\",\"urlTemplate\":\"https:\\\/\\\/www.cde.ual.es\\\/?s={search_term_string}\"},\"query-input\":{\"@type\":\"PropertyValueSpecification\",\"valueRequired\":true,\"valueName\":\"search_term_string\"}}],\"inLanguage\":\"en-US\"},{\"@type\":\"Organization\",\"@id\":\"https:\\\/\\\/www.cde.ual.es\\\/#organization\",\"name\":\"Centro de Documentaci\u00f3n Europea de Almer\u00eda\",\"url\":\"https:\\\/\\\/www.cde.ual.es\\\/\",\"logo\":{\"@type\":\"ImageObject\",\"inLanguage\":\"en-US\",\"@id\":\"https:\\\/\\\/www.cde.ual.es\\\/#\\\/schema\\\/logo\\\/image\\\/\",\"url\":\"https:\\\/\\\/www.cde.ual.es\\\/wp-content\\\/uploads\\\/2025\\\/07\\\/cde-logo-3.png\",\"contentUrl\":\"https:\\\/\\\/www.cde.ual.es\\\/wp-content\\\/uploads\\\/2025\\\/07\\\/cde-logo-3.png\",\"width\":1400,\"height\":300,\"caption\":\"Centro de Documentaci\u00f3n Europea de Almer\u00eda\"},\"image\":{\"@id\":\"https:\\\/\\\/www.cde.ual.es\\\/#\\\/schema\\\/logo\\\/image\\\/\"},\"sameAs\":[\"https:\\\/\\\/www.facebook.com\\\/cdeuniversidadalmeria\\\/\",\"https:\\\/\\\/x.com\\\/cdeualmeria\",\"https:\\\/\\\/www.tiktok.com\\\/@cdealmeria\",\"https:\\\/\\\/www.instagram.com\\\/cdealmeria\\\/\",\"https:\\\/\\\/www.linkedin.com\\\/in\\\/cde-almera-812b26a9\\\/\"]},{\"@type\":\"Person\",\"@id\":\"https:\\\/\\\/www.cde.ual.es\\\/#\\\/schema\\\/person\\\/224ef08c8bcc005f319d2713ce37ee5f\",\"name\":\"AdminCDE\",\"image\":{\"@type\":\"ImageObject\",\"inLanguage\":\"en-US\",\"@id\":\"https:\\\/\\\/secure.gravatar.com\\\/avatar\\\/a72d038d371f995cd13706fac32274b7952a52e8fb0a84b5f80c85426f2a98a8?s=96&d=mm&r=g\",\"url\":\"https:\\\/\\\/secure.gravatar.com\\\/avatar\\\/a72d038d371f995cd13706fac32274b7952a52e8fb0a84b5f80c85426f2a98a8?s=96&d=mm&r=g\",\"contentUrl\":\"https:\\\/\\\/secure.gravatar.com\\\/avatar\\\/a72d038d371f995cd13706fac32274b7952a52e8fb0a84b5f80c85426f2a98a8?s=96&d=mm&r=g\",\"caption\":\"AdminCDE\"}}]}<\/script>\n<!-- \/ Yoast SEO plugin. -->","yoast_head_json":{"title":"Ebola: EU provides further \u20ac5 million in humanitarian aid in Democratic Republic of Congo | CDE Almer\u00eda - Centro de Documentaci\u00f3n Europea - Universidad de Almer\u00eda","robots":{"index":"index","follow":"follow","max-snippet":"max-snippet:-1","max-image-preview":"max-image-preview:large","max-video-preview":"max-video-preview:-1"},"canonical":"https:\/\/www.cde.ual.es\/en\/ebola-eu-provides-further-e5-million-in-humanitarian-aid-in-democratic-republic-of-congo\/","og_locale":"en_US","og_type":"article","og_title":"Ebola: EU provides further \u20ac5 million in humanitarian aid in Democratic Republic of Congo | CDE Almer\u00eda - Centro de Documentaci\u00f3n Europea - Universidad de Almer\u00eda","og_description":"The EU is stepping up humanitarian support with an additional \u20ac5 million as the\u00a0Democratic Republic of Congo\u00a0continues to experience its biggest Ebola outbreak to date. The confirmed death toll of the epidemic now stands at over 1,000 people. With today&#8217;s announcement, total EU funding to tackle the disease in the country amounts to \u20ac17 million [&hellip;]","og_url":"https:\/\/www.cde.ual.es\/en\/ebola-eu-provides-further-e5-million-in-humanitarian-aid-in-democratic-republic-of-congo\/","og_site_name":"CDE Almer\u00eda - Centro de Documentaci\u00f3n Europea - Universidad de Almer\u00eda","article_publisher":"https:\/\/www.facebook.com\/cdeuniversidadalmeria\/","article_published_time":"2019-05-15T06:00:21+00:00","og_image":[{"width":693,"height":300,"url":"https:\/\/www.cde.ual.es\/wp-content\/uploads\/2018\/10\/drc_smaller.png","type":"image\/png"}],"author":"AdminCDE","twitter_card":"summary_large_image","twitter_creator":"@cdeualmeria","twitter_site":"@cdeualmeria","twitter_misc":{"Written by":"AdminCDE","Est. reading time":"3 minutes"},"schema":{"@context":"https:\/\/schema.org","@graph":[{"@type":"Article","@id":"https:\/\/www.cde.ual.es\/en\/ebola-eu-provides-further-e5-million-in-humanitarian-aid-in-democratic-republic-of-congo\/#article","isPartOf":{"@id":"https:\/\/www.cde.ual.es\/en\/ebola-eu-provides-further-e5-million-in-humanitarian-aid-in-democratic-republic-of-congo\/"},"author":{"name":"AdminCDE","@id":"https:\/\/www.cde.ual.es\/#\/schema\/person\/224ef08c8bcc005f319d2713ce37ee5f"},"headline":"Ebola: EU provides further \u20ac5 million in humanitarian aid in Democratic Republic of Congo","datePublished":"2019-05-15T06:00:21+00:00","mainEntityOfPage":{"@id":"https:\/\/www.cde.ual.es\/en\/ebola-eu-provides-further-e5-million-in-humanitarian-aid-in-democratic-republic-of-congo\/"},"wordCount":624,"commentCount":0,"publisher":{"@id":"https:\/\/www.cde.ual.es\/#organization"},"image":{"@id":"https:\/\/www.cde.ual.es\/en\/ebola-eu-provides-further-e5-million-in-humanitarian-aid-in-democratic-republic-of-congo\/#primaryimage"},"thumbnailUrl":"https:\/\/www.cde.ual.es\/wp-content\/uploads\/2018\/10\/drc_smaller.png","keywords":["health"],"articleSection":["EU News"],"inLanguage":"en-US","potentialAction":[{"@type":"CommentAction","name":"Comment","target":["https:\/\/www.cde.ual.es\/en\/ebola-eu-provides-further-e5-million-in-humanitarian-aid-in-democratic-republic-of-congo\/#respond"]}]},{"@type":"WebPage","@id":"https:\/\/www.cde.ual.es\/en\/ebola-eu-provides-further-e5-million-in-humanitarian-aid-in-democratic-republic-of-congo\/","url":"https:\/\/www.cde.ual.es\/en\/ebola-eu-provides-further-e5-million-in-humanitarian-aid-in-democratic-republic-of-congo\/","name":"Ebola: EU provides further \u20ac5 million in humanitarian aid in Democratic Republic of Congo | CDE Almer\u00eda - Centro de Documentaci\u00f3n Europea - Universidad de Almer\u00eda","isPartOf":{"@id":"https:\/\/www.cde.ual.es\/#website"},"primaryImageOfPage":{"@id":"https:\/\/www.cde.ual.es\/en\/ebola-eu-provides-further-e5-million-in-humanitarian-aid-in-democratic-republic-of-congo\/#primaryimage"},"image":{"@id":"https:\/\/www.cde.ual.es\/en\/ebola-eu-provides-further-e5-million-in-humanitarian-aid-in-democratic-republic-of-congo\/#primaryimage"},"thumbnailUrl":"https:\/\/www.cde.ual.es\/wp-content\/uploads\/2018\/10\/drc_smaller.png","datePublished":"2019-05-15T06:00:21+00:00","breadcrumb":{"@id":"https:\/\/www.cde.ual.es\/en\/ebola-eu-provides-further-e5-million-in-humanitarian-aid-in-democratic-republic-of-congo\/#breadcrumb"},"inLanguage":"en-US","potentialAction":[{"@type":"ReadAction","target":["https:\/\/www.cde.ual.es\/en\/ebola-eu-provides-further-e5-million-in-humanitarian-aid-in-democratic-republic-of-congo\/"]}]},{"@type":"ImageObject","inLanguage":"en-US","@id":"https:\/\/www.cde.ual.es\/en\/ebola-eu-provides-further-e5-million-in-humanitarian-aid-in-democratic-republic-of-congo\/#primaryimage","url":"https:\/\/www.cde.ual.es\/wp-content\/uploads\/2018\/10\/drc_smaller.png","contentUrl":"https:\/\/www.cde.ual.es\/wp-content\/uploads\/2018\/10\/drc_smaller.png","width":693,"height":300},{"@type":"BreadcrumbList","@id":"https:\/\/www.cde.ual.es\/en\/ebola-eu-provides-further-e5-million-in-humanitarian-aid-in-democratic-republic-of-congo\/#breadcrumb","itemListElement":[{"@type":"ListItem","position":1,"name":"Inicio","item":"https:\/\/www.cde.ual.es\/en\/"},{"@type":"ListItem","position":2,"name":"EU News","item":"https:\/\/www.cde.ual.es\/en\/category\/eu-news\/"},{"@type":"ListItem","position":3,"name":"Ebola: EU provides further \u20ac5 million in humanitarian aid in Democratic Republic of Congo"}]},{"@type":"WebSite","@id":"https:\/\/www.cde.ual.es\/#website","url":"https:\/\/www.cde.ual.es\/","name":"CDE Almer\u00eda - Centro de Documentaci\u00f3n Europea - Universidad de Almer\u00eda","description":"Centro de Documentaci\u00f3n Europea de la Universidad de Almer\u00eda","publisher":{"@id":"https:\/\/www.cde.ual.es\/#organization"},"alternateName":"CDE Almer\u00eda","potentialAction":[{"@type":"SearchAction","target":{"@type":"EntryPoint","urlTemplate":"https:\/\/www.cde.ual.es\/?s={search_term_string}"},"query-input":{"@type":"PropertyValueSpecification","valueRequired":true,"valueName":"search_term_string"}}],"inLanguage":"en-US"},{"@type":"Organization","@id":"https:\/\/www.cde.ual.es\/#organization","name":"Centro de Documentaci\u00f3n Europea de Almer\u00eda","url":"https:\/\/www.cde.ual.es\/","logo":{"@type":"ImageObject","inLanguage":"en-US","@id":"https:\/\/www.cde.ual.es\/#\/schema\/logo\/image\/","url":"https:\/\/www.cde.ual.es\/wp-content\/uploads\/2025\/07\/cde-logo-3.png","contentUrl":"https:\/\/www.cde.ual.es\/wp-content\/uploads\/2025\/07\/cde-logo-3.png","width":1400,"height":300,"caption":"Centro de Documentaci\u00f3n Europea de Almer\u00eda"},"image":{"@id":"https:\/\/www.cde.ual.es\/#\/schema\/logo\/image\/"},"sameAs":["https:\/\/www.facebook.com\/cdeuniversidadalmeria\/","https:\/\/x.com\/cdeualmeria","https:\/\/www.tiktok.com\/@cdealmeria","https:\/\/www.instagram.com\/cdealmeria\/","https:\/\/www.linkedin.com\/in\/cde-almera-812b26a9\/"]},{"@type":"Person","@id":"https:\/\/www.cde.ual.es\/#\/schema\/person\/224ef08c8bcc005f319d2713ce37ee5f","name":"AdminCDE","image":{"@type":"ImageObject","inLanguage":"en-US","@id":"https:\/\/secure.gravatar.com\/avatar\/a72d038d371f995cd13706fac32274b7952a52e8fb0a84b5f80c85426f2a98a8?s=96&d=mm&r=g","url":"https:\/\/secure.gravatar.com\/avatar\/a72d038d371f995cd13706fac32274b7952a52e8fb0a84b5f80c85426f2a98a8?s=96&d=mm&r=g","contentUrl":"https:\/\/secure.gravatar.com\/avatar\/a72d038d371f995cd13706fac32274b7952a52e8fb0a84b5f80c85426f2a98a8?s=96&d=mm&r=g","caption":"AdminCDE"}}]}},"_links":{"self":[{"href":"https:\/\/www.cde.ual.es\/en\/wp-json\/wp\/v2\/posts\/17427","targetHints":{"allow":["GET"]}}],"collection":[{"href":"https:\/\/www.cde.ual.es\/en\/wp-json\/wp\/v2\/posts"}],"about":[{"href":"https:\/\/www.cde.ual.es\/en\/wp-json\/wp\/v2\/types\/post"}],"author":[{"embeddable":true,"href":"https:\/\/www.cde.ual.es\/en\/wp-json\/wp\/v2\/users\/1"}],"replies":[{"embeddable":true,"href":"https:\/\/www.cde.ual.es\/en\/wp-json\/wp\/v2\/comments?post=17427"}],"version-history":[{"count":0,"href":"https:\/\/www.cde.ual.es\/en\/wp-json\/wp\/v2\/posts\/17427\/revisions"}],"wp:featuredmedia":[{"embeddable":true,"href":"https:\/\/www.cde.ual.es\/en\/wp-json\/wp\/v2\/media\/17428"}],"wp:attachment":[{"href":"https:\/\/www.cde.ual.es\/en\/wp-json\/wp\/v2\/media?parent=17427"}],"wp:term":[{"taxonomy":"category","embeddable":true,"href":"https:\/\/www.cde.ual.es\/en\/wp-json\/wp\/v2\/categories?post=17427"},{"taxonomy":"post_tag","embeddable":true,"href":"https:\/\/www.cde.ual.es\/en\/wp-json\/wp\/v2\/tags?post=17427"}],"curies":[{"name":"wp","href":"https:\/\/api.w.org\/{rel}","templated":true}]}}