{"id":17345,"date":"2019-05-20T11:15:43","date_gmt":"2019-05-20T09:15:43","guid":{"rendered":"http:\/\/www.cde.ual.es\/?p=17345"},"modified":"2019-05-20T11:15:43","modified_gmt":"2019-05-20T09:15:43","slug":"erasmus-accion-clave-2-universidades-europeas","status":"publish","type":"post","link":"https:\/\/www.cde.ual.es\/en\/erasmus-accion-clave-2-universidades-europeas\/","title":{"rendered":"Erasmus+ Acci\u00f3n Clave 2 \/ Universidades Europeas"},"content":{"rendered":"<p><a href=\"http:\/\/www.cde.ual.es\/wp-content\/uploads\/2019\/05\/universidades-europeas.png\"><img decoding=\"async\" class=\"size-medium wp-image-17342 aligncenter\" src=\"http:\/\/www.cde.ual.es\/wp-content\/uploads\/2019\/05\/universidades-europeas-300x112.png\" alt=\"\" width=\"300\" height=\"112\" srcset=\"https:\/\/www.cde.ual.es\/wp-content\/uploads\/2019\/05\/universidades-europeas-300x112.png 300w, https:\/\/www.cde.ual.es\/wp-content\/uploads\/2019\/05\/universidades-europeas-768x288.png 768w, https:\/\/www.cde.ual.es\/wp-content\/uploads\/2019\/05\/universidades-europeas-1024x384.png 1024w, https:\/\/www.cde.ual.es\/wp-content\/uploads\/2019\/05\/universidades-europeas.png 1110w\" sizes=\"(max-width: 300px) 100vw, 300px\" \/><\/a><\/p>\n<p>En el a\u00f1o 2017, la Comisi\u00f3n Europea aprob\u00f3 el Libro Blanco sobre el futuro de Europa que inici\u00f3 un proceso que llev\u00f3 a la Declaraci\u00f3n de los Jefes de Estado y de Gobierno en el 60\u00ba aniversario del Tratado de Roma a constatar la \u201cnecesidad de una Uni\u00f3n en la que los j\u00f3venes reciban la mejor educaci\u00f3n y formaci\u00f3n, adem\u00e1s de poder estudiar y encontrar trabajo en todo el continente\u201d. Este compromiso llev\u00f3 a que en la Cumbre Social de Gotemburgo se estableciera el pilar de derechos sociales y se fijara como primer principio \u201cel derecho de toda persona a una educaci\u00f3n, formaci\u00f3n y aprendizaje permanente inclusivo y de calidad\u201d<\/p>\n<p>Este compromiso qued\u00f3 reflejado en las Conclusiones del Consejo Europeo de 14 de diciembre de 2017, por el que los Jefes de Estado europeos consolidaron su voluntad de ir m\u00e1s all\u00e1 en la cooperaci\u00f3n en materia de educaci\u00f3n y cultura, y m\u00e1s concretamente en \u201creforzar en toda la Uni\u00f3n Europea las asociaciones estrat\u00e9gicas entre instituciones de ense\u00f1anza superior y promover la constituci\u00f3n, de aqu\u00ed a 2024, de una veintena de \u00abUniversidades Europeas\u00bb, que ser\u00edan redes de universidades de toda la UE creadas desde abajo, lo cual permitir\u00e1 a los estudiantes graduarse combinando periodos de estudio en varios pa\u00edses de la UE y contribuir\u00e1 a la competitividad internacional de las universidades europeas\u201d.<\/p>\n<p>Las Conclusiones del Consejo de Educaci\u00f3n del 22 de mayo de 2018, subrayaron adem\u00e1s que las \u201cUniversidades Europeas tienen el potencial de mejorar significativamente la movilidad y fomentar la calidad y la excelencia en la educaci\u00f3n y la investigaci\u00f3n, con el refuerzo del v\u00ednculo entre ense\u00f1anza, investigaci\u00f3n e innovaci\u00f3n y transferencia de conocimientos, con la demostraci\u00f3n de los beneficios del aprendizaje multiling\u00fce, el reconocimiento de las cualificaciones y con la elaboraci\u00f3n de proyectos y programas conjuntos de educaci\u00f3n e investigaci\u00f3n\u201d. Tambi\u00e9n subrayaron que las universidades europeas \u201cpodr\u00edan desempe\u00f1ar una funci\u00f3n emblem\u00e1tica en la creaci\u00f3n del Espacio Europeo de Educaci\u00f3n en su totalidad\u201d.<\/p>\n<p>Esta iniciativa tiene como objetivo fomentar la creaci\u00f3n de m\u00e1s de 20 \u201cUniversidades Europeas\u201d para el a\u00f1o 2024, consistentes en redes de universidades creadas desde abajo en toda la UE que permitan a los estudiantes obtener un t\u00edtulo al combinar estudios en varios pa\u00edses de la UE y contribuir as\u00ed a la competitividad internacional de las universidades europeas.<\/p>\n<h2>El objetivo de las &#8216;Universidades Europeas&#8217; es establecer:<\/h2>\n<ul>\n<li>Una\u00a0<strong>estrategia conjunta, integrada, a largo plazo<\/strong>\u00a0para la educaci\u00f3n con v\u00ednculos con la investigaci\u00f3n y la innovaci\u00f3n y la sociedad en general.<\/li>\n<li>Un\u00a0<strong>&#8220;campus&#8221; interuniversitario europeo de Educaci\u00f3n Superior<\/strong>\u00a0que ofrezca planes de estudio donde los estudiantes puedan participar en movilidades en todos los niveles.<\/li>\n<li><strong>Equipos europeos de creaci\u00f3n de conocimiento<\/strong>\u00a0que aborden juntos los desaf\u00edos sociales con un enfoque multidisciplinar.<\/li>\n<\/ul>\n<p>Las &#8220;Universidades Europeas&#8221; deber\u00e1n actuar como\u00a0<strong>modelos de buenas pr\u00e1cticas<\/strong>\u00a0para aumentar progresivamente la calidad, la competitividad internacional y el atractivo de la Educaci\u00f3n Superior europea.<\/p>\n<p>Esta iniciativa ayuda a las instituciones de Educaci\u00f3n Superior a\u00a0<strong>ir m\u00e1s all\u00e1 de los modelos existentes de cooperaci\u00f3n en Educaci\u00f3n Superior<\/strong>, para as\u00ed lograr gradualmente la consolidaci\u00f3n a largo plazo de &#8220;Universidades Europeas&#8221;.<\/p>\n<p>Esta acci\u00f3n pondr\u00e1 a prueba diferentes\u00a0<strong>modelos innovadores y estructurales de cooperaci\u00f3n<\/strong>.<\/p>\n<h2>Para obtener m\u00e1s informaci\u00f3n, consulte:<\/h2>\n<ul>\n<li>La\u00a0<a href=\"http:\/\/sepie.es\/doc\/convocatoria\/2019\/erasmus-plus-programme-guide-2019_es_v2.pdf\">Gu\u00eda del programa Erasmus+<\/a>\u00a0(secci\u00f3n sobre Universidades Europeas)<\/li>\n<li>La secci\u00f3n\u00a0<a href=\"https:\/\/eacea.ec.europa.eu\/erasmus-plus\/actions\/key-action-2-european-universities_en\">web<\/a>\u00a0de EACEA (Agencia Ejecutiva en el \u00e1mbito Educativo, Audiovisual y Cultural) dedicada a esta iniciativa.<\/li>\n<li>La secci\u00f3n\u00a0<a href=\"https:\/\/ec.europa.eu\/education\/education-in-the-eu\/european-education-area\/european-universities-initiative_en\">web<\/a>\u00a0de la Comisi\u00f3n Europea dedicada a esta iniciativa.<\/li>\n<li>Los materiales de la\u00a0<a href=\"https:\/\/ec.europa.eu\/education\/events\/information-session-european-universities-0_en\">sesi\u00f3n informativa<\/a>\u00a0de 18 de diciembre de 2018.<\/li>\n<\/ul>\n<h2>Convocatoria de ayudas del SEPIE dirigida a las universidades espa\u00f1olas<\/h2>\n<p>El objetivo de esta convocatoria de ayudas es apoyar la presentaci\u00f3n de proyectos de las universidades espa\u00f1olas a la convocatoria de \u201cUniversidades Europeas\u201d de la Comisi\u00f3n Europea.<\/p>\n<ul class=\"nocircle\">\n<li><i class=\"fa fa-file-pdf-o pdf fa-lg\"><\/i>\u00a0<a href=\"https:\/\/www.boe.es\/boe\/dias\/2019\/05\/11\/pdfs\/BOE-B-2019-20605.pdf\">Convocatoria<\/a><\/li>\n<li><i class=\"fa fa-globe blue fa-lg\"><\/i>\u00a0<a href=\"http:\/\/sepie.es\/aplicaciones-web\/universidadeseuropeas.html\">Formulario de solicitud<\/a><\/li>\n<li><i class=\"fa fa-file-pdf-o pdf fa-lg\"><\/i>\u00a0<a href=\"http:\/\/sepie.es\/doc\/universidades-europeas\/instrucciones_universidades_europeas.pdf\">Instrucciones para la cumplimentaci\u00f3n del formulario de solicitud\u00a0<\/a>.<\/li>\n<\/ul>\n","protected":false},"excerpt":{"rendered":"<p>En el a\u00f1o 2017, la Comisi\u00f3n Europea aprob\u00f3 el Libro Blanco sobre el futuro de Europa que inici\u00f3 un proceso que llev\u00f3 a la Declaraci\u00f3n de los Jefes de Estado y de Gobierno en el 60\u00ba aniversario del Tratado de Roma a constatar la \u201cnecesidad de una Uni\u00f3n en la que los j\u00f3venes reciban la [&hellip;]<\/p>\n","protected":false},"author":101012,"featured_media":17342,"comment_status":"open","ping_status":"open","sticky":false,"template":"","format":"standard","meta":{"_acf_changed":false,"_relevanssi_hide_post":"","_relevanssi_hide_content":"","_relevanssi_pin_for_all":"","_relevanssi_pin_keywords":"","_relevanssi_unpin_keywords":"","_relevanssi_related_keywords":"","_relevanssi_related_include_ids":"","_relevanssi_related_exclude_ids":"","_relevanssi_related_no_append":"","_relevanssi_related_not_related":"","_relevanssi_related_posts":"","_relevanssi_noindex_reason":"","_monsterinsights_skip_tracking":false,"_monsterinsights_sitenote_active":false,"_monsterinsights_sitenote_note":"","_monsterinsights_sitenote_category":0,"_genesis_hide_title":false,"_genesis_hide_breadcrumbs":false,"_genesis_hide_singular_image":false,"_genesis_hide_footer_widgets":false,"_genesis_custom_body_class":"","_genesis_custom_post_class":"","_genesis_layout":"","footnotes":""},"categories":[136],"tags":[128,135],"class_list":{"0":"post-17345","1":"post","2":"type-post","3":"status-publish","4":"format-standard","5":"has-post-thumbnail","7":"category-convocatorias-y-premios-ue","8":"tag-cultura-educacion","9":"tag-union-europea","10":"entry"},"acf":[],"yoast_head":"<!-- This site is optimized with the Yoast SEO plugin v27.4 - https:\/\/yoast.com\/product\/yoast-seo-wordpress\/ -->\n<title>Erasmus+ Acci\u00f3n Clave 2 \/ Universidades Europeas | CDE Almer\u00eda - Centro de Documentaci\u00f3n Europea - Universidad de Almer\u00eda<\/title>\n<meta name=\"robots\" content=\"index, follow, max-snippet:-1, max-image-preview:large, max-video-preview:-1\" \/>\n<link rel=\"canonical\" href=\"https:\/\/www.cde.ual.es\/erasmus-accion-clave-2-universidades-europeas\/\" \/>\n<meta property=\"og:locale\" content=\"en_US\" \/>\n<meta property=\"og:type\" content=\"article\" \/>\n<meta property=\"og:title\" content=\"Erasmus+ Acci\u00f3n Clave 2 \/ Universidades Europeas | CDE Almer\u00eda - Centro de Documentaci\u00f3n Europea - Universidad de Almer\u00eda\" \/>\n<meta property=\"og:description\" content=\"En el a\u00f1o 2017, la Comisi\u00f3n Europea aprob\u00f3 el Libro Blanco sobre el futuro de Europa que inici\u00f3 un proceso que llev\u00f3 a la Declaraci\u00f3n de los Jefes de Estado y de Gobierno en el 60\u00ba aniversario del Tratado de Roma a constatar la \u201cnecesidad de una Uni\u00f3n en la que los j\u00f3venes reciban la [&hellip;]\" \/>\n<meta property=\"og:url\" content=\"https:\/\/www.cde.ual.es\/erasmus-accion-clave-2-universidades-europeas\/\" \/>\n<meta property=\"og:site_name\" content=\"CDE Almer\u00eda - Centro de Documentaci\u00f3n Europea - Universidad de Almer\u00eda\" \/>\n<meta property=\"article:publisher\" content=\"https:\/\/www.facebook.com\/cdeuniversidadalmeria\/\" \/>\n<meta property=\"article:published_time\" content=\"2019-05-20T09:15:43+00:00\" \/>\n<meta property=\"og:image\" content=\"https:\/\/www.cde.ual.es\/wp-content\/uploads\/2019\/05\/universidades-europeas.png\" \/>\n\t<meta property=\"og:image:width\" content=\"1110\" \/>\n\t<meta property=\"og:image:height\" content=\"416\" \/>\n\t<meta property=\"og:image:type\" content=\"image\/png\" \/>\n<meta name=\"author\" content=\"BECACDE1\" \/>\n<meta name=\"twitter:card\" content=\"summary_large_image\" \/>\n<meta name=\"twitter:creator\" content=\"@cdeualmeria\" \/>\n<meta name=\"twitter:site\" content=\"@cdeualmeria\" \/>\n<meta name=\"twitter:label1\" content=\"Written by\" \/>\n\t<meta name=\"twitter:data1\" content=\"BECACDE1\" \/>\n\t<meta name=\"twitter:label2\" content=\"Est. reading time\" \/>\n\t<meta name=\"twitter:data2\" content=\"3 minutes\" \/>\n<script type=\"application\/ld+json\" class=\"yoast-schema-graph\">{\"@context\":\"https:\\\/\\\/schema.org\",\"@graph\":[{\"@type\":\"Article\",\"@id\":\"https:\\\/\\\/www.cde.ual.es\\\/erasmus-accion-clave-2-universidades-europeas\\\/#article\",\"isPartOf\":{\"@id\":\"https:\\\/\\\/www.cde.ual.es\\\/erasmus-accion-clave-2-universidades-europeas\\\/\"},\"author\":{\"name\":\"BECACDE1\",\"@id\":\"https:\\\/\\\/www.cde.ual.es\\\/#\\\/schema\\\/person\\\/bf2f837cf3353e2161fe1087adbd728f\"},\"headline\":\"Erasmus+ Acci\u00f3n Clave 2 \\\/ Universidades Europeas\",\"datePublished\":\"2019-05-20T09:15:43+00:00\",\"mainEntityOfPage\":{\"@id\":\"https:\\\/\\\/www.cde.ual.es\\\/erasmus-accion-clave-2-universidades-europeas\\\/\"},\"wordCount\":697,\"commentCount\":0,\"publisher\":{\"@id\":\"https:\\\/\\\/www.cde.ual.es\\\/#organization\"},\"image\":{\"@id\":\"https:\\\/\\\/www.cde.ual.es\\\/erasmus-accion-clave-2-universidades-europeas\\\/#primaryimage\"},\"thumbnailUrl\":\"https:\\\/\\\/www.cde.ual.es\\\/wp-content\\\/uploads\\\/2019\\\/05\\\/universidades-europeas.png\",\"keywords\":[\"Cultura y Educaci\u00f3n\",\"Uni\u00f3n Europea\"],\"articleSection\":[\"Convocatorias y Premios UE\"],\"inLanguage\":\"en-US\",\"potentialAction\":[{\"@type\":\"CommentAction\",\"name\":\"Comment\",\"target\":[\"https:\\\/\\\/www.cde.ual.es\\\/erasmus-accion-clave-2-universidades-europeas\\\/#respond\"]}]},{\"@type\":\"WebPage\",\"@id\":\"https:\\\/\\\/www.cde.ual.es\\\/erasmus-accion-clave-2-universidades-europeas\\\/\",\"url\":\"https:\\\/\\\/www.cde.ual.es\\\/erasmus-accion-clave-2-universidades-europeas\\\/\",\"name\":\"Erasmus+ Acci\u00f3n Clave 2 \\\/ Universidades Europeas | CDE Almer\u00eda - Centro de Documentaci\u00f3n Europea - Universidad de Almer\u00eda\",\"isPartOf\":{\"@id\":\"https:\\\/\\\/www.cde.ual.es\\\/#website\"},\"primaryImageOfPage\":{\"@id\":\"https:\\\/\\\/www.cde.ual.es\\\/erasmus-accion-clave-2-universidades-europeas\\\/#primaryimage\"},\"image\":{\"@id\":\"https:\\\/\\\/www.cde.ual.es\\\/erasmus-accion-clave-2-universidades-europeas\\\/#primaryimage\"},\"thumbnailUrl\":\"https:\\\/\\\/www.cde.ual.es\\\/wp-content\\\/uploads\\\/2019\\\/05\\\/universidades-europeas.png\",\"datePublished\":\"2019-05-20T09:15:43+00:00\",\"breadcrumb\":{\"@id\":\"https:\\\/\\\/www.cde.ual.es\\\/erasmus-accion-clave-2-universidades-europeas\\\/#breadcrumb\"},\"inLanguage\":\"en-US\",\"potentialAction\":[{\"@type\":\"ReadAction\",\"target\":[\"https:\\\/\\\/www.cde.ual.es\\\/erasmus-accion-clave-2-universidades-europeas\\\/\"]}]},{\"@type\":\"ImageObject\",\"inLanguage\":\"en-US\",\"@id\":\"https:\\\/\\\/www.cde.ual.es\\\/erasmus-accion-clave-2-universidades-europeas\\\/#primaryimage\",\"url\":\"https:\\\/\\\/www.cde.ual.es\\\/wp-content\\\/uploads\\\/2019\\\/05\\\/universidades-europeas.png\",\"contentUrl\":\"https:\\\/\\\/www.cde.ual.es\\\/wp-content\\\/uploads\\\/2019\\\/05\\\/universidades-europeas.png\",\"width\":1110,\"height\":416},{\"@type\":\"BreadcrumbList\",\"@id\":\"https:\\\/\\\/www.cde.ual.es\\\/erasmus-accion-clave-2-universidades-europeas\\\/#breadcrumb\",\"itemListElement\":[{\"@type\":\"ListItem\",\"position\":1,\"name\":\"Inicio\",\"item\":\"https:\\\/\\\/www.cde.ual.es\\\/en\\\/\"},{\"@type\":\"ListItem\",\"position\":2,\"name\":\"Convocatorias y Premios UE\",\"item\":\"https:\\\/\\\/www.cde.ual.es\\\/category\\\/convocatorias-y-premios-ue\\\/\"},{\"@type\":\"ListItem\",\"position\":3,\"name\":\"Erasmus+ Acci\u00f3n Clave 2 \\\/ Universidades Europeas\"}]},{\"@type\":\"WebSite\",\"@id\":\"https:\\\/\\\/www.cde.ual.es\\\/#website\",\"url\":\"https:\\\/\\\/www.cde.ual.es\\\/\",\"name\":\"CDE Almer\u00eda - Centro de Documentaci\u00f3n Europea - Universidad de Almer\u00eda\",\"description\":\"Centro de Documentaci\u00f3n Europea de la Universidad de Almer\u00eda\",\"publisher\":{\"@id\":\"https:\\\/\\\/www.cde.ual.es\\\/#organization\"},\"alternateName\":\"CDE Almer\u00eda\",\"potentialAction\":[{\"@type\":\"SearchAction\",\"target\":{\"@type\":\"EntryPoint\",\"urlTemplate\":\"https:\\\/\\\/www.cde.ual.es\\\/?s={search_term_string}\"},\"query-input\":{\"@type\":\"PropertyValueSpecification\",\"valueRequired\":true,\"valueName\":\"search_term_string\"}}],\"inLanguage\":\"en-US\"},{\"@type\":\"Organization\",\"@id\":\"https:\\\/\\\/www.cde.ual.es\\\/#organization\",\"name\":\"Centro de Documentaci\u00f3n Europea de Almer\u00eda\",\"url\":\"https:\\\/\\\/www.cde.ual.es\\\/\",\"logo\":{\"@type\":\"ImageObject\",\"inLanguage\":\"en-US\",\"@id\":\"https:\\\/\\\/www.cde.ual.es\\\/#\\\/schema\\\/logo\\\/image\\\/\",\"url\":\"https:\\\/\\\/www.cde.ual.es\\\/wp-content\\\/uploads\\\/2025\\\/07\\\/cde-logo-3.png\",\"contentUrl\":\"https:\\\/\\\/www.cde.ual.es\\\/wp-content\\\/uploads\\\/2025\\\/07\\\/cde-logo-3.png\",\"width\":1400,\"height\":300,\"caption\":\"Centro de Documentaci\u00f3n Europea de Almer\u00eda\"},\"image\":{\"@id\":\"https:\\\/\\\/www.cde.ual.es\\\/#\\\/schema\\\/logo\\\/image\\\/\"},\"sameAs\":[\"https:\\\/\\\/www.facebook.com\\\/cdeuniversidadalmeria\\\/\",\"https:\\\/\\\/x.com\\\/cdeualmeria\",\"https:\\\/\\\/www.tiktok.com\\\/@cdealmeria\",\"https:\\\/\\\/www.instagram.com\\\/cdealmeria\\\/\",\"https:\\\/\\\/www.linkedin.com\\\/in\\\/cde-almera-812b26a9\\\/\"]},{\"@type\":\"Person\",\"@id\":\"https:\\\/\\\/www.cde.ual.es\\\/#\\\/schema\\\/person\\\/bf2f837cf3353e2161fe1087adbd728f\",\"name\":\"BECACDE1\",\"image\":{\"@type\":\"ImageObject\",\"inLanguage\":\"en-US\",\"@id\":\"https:\\\/\\\/secure.gravatar.com\\\/avatar\\\/16a4c1e422b5dec818ee13eab3353b19db9cfd278cc10f9b0e1188a37671d9d4?s=96&d=mm&r=g\",\"url\":\"https:\\\/\\\/secure.gravatar.com\\\/avatar\\\/16a4c1e422b5dec818ee13eab3353b19db9cfd278cc10f9b0e1188a37671d9d4?s=96&d=mm&r=g\",\"contentUrl\":\"https:\\\/\\\/secure.gravatar.com\\\/avatar\\\/16a4c1e422b5dec818ee13eab3353b19db9cfd278cc10f9b0e1188a37671d9d4?s=96&d=mm&r=g\",\"caption\":\"BECACDE1\"},\"sameAs\":[\"http:\\\/\\\/www.cdealmeria.com\"]}]}<\/script>\n<!-- \/ Yoast SEO plugin. -->","yoast_head_json":{"title":"Erasmus+ Acci\u00f3n Clave 2 \/ Universidades Europeas | CDE Almer\u00eda - Centro de Documentaci\u00f3n Europea - Universidad de Almer\u00eda","robots":{"index":"index","follow":"follow","max-snippet":"max-snippet:-1","max-image-preview":"max-image-preview:large","max-video-preview":"max-video-preview:-1"},"canonical":"https:\/\/www.cde.ual.es\/erasmus-accion-clave-2-universidades-europeas\/","og_locale":"en_US","og_type":"article","og_title":"Erasmus+ Acci\u00f3n Clave 2 \/ Universidades Europeas | CDE Almer\u00eda - Centro de Documentaci\u00f3n Europea - Universidad de Almer\u00eda","og_description":"En el a\u00f1o 2017, la Comisi\u00f3n Europea aprob\u00f3 el Libro Blanco sobre el futuro de Europa que inici\u00f3 un proceso que llev\u00f3 a la Declaraci\u00f3n de los Jefes de Estado y de Gobierno en el 60\u00ba aniversario del Tratado de Roma a constatar la \u201cnecesidad de una Uni\u00f3n en la que los j\u00f3venes reciban la [&hellip;]","og_url":"https:\/\/www.cde.ual.es\/erasmus-accion-clave-2-universidades-europeas\/","og_site_name":"CDE Almer\u00eda - Centro de Documentaci\u00f3n Europea - Universidad de Almer\u00eda","article_publisher":"https:\/\/www.facebook.com\/cdeuniversidadalmeria\/","article_published_time":"2019-05-20T09:15:43+00:00","og_image":[{"width":1110,"height":416,"url":"https:\/\/www.cde.ual.es\/wp-content\/uploads\/2019\/05\/universidades-europeas.png","type":"image\/png"}],"author":"BECACDE1","twitter_card":"summary_large_image","twitter_creator":"@cdeualmeria","twitter_site":"@cdeualmeria","twitter_misc":{"Written by":"BECACDE1","Est. reading time":"3 minutes"},"schema":{"@context":"https:\/\/schema.org","@graph":[{"@type":"Article","@id":"https:\/\/www.cde.ual.es\/erasmus-accion-clave-2-universidades-europeas\/#article","isPartOf":{"@id":"https:\/\/www.cde.ual.es\/erasmus-accion-clave-2-universidades-europeas\/"},"author":{"name":"BECACDE1","@id":"https:\/\/www.cde.ual.es\/#\/schema\/person\/bf2f837cf3353e2161fe1087adbd728f"},"headline":"Erasmus+ Acci\u00f3n Clave 2 \/ Universidades Europeas","datePublished":"2019-05-20T09:15:43+00:00","mainEntityOfPage":{"@id":"https:\/\/www.cde.ual.es\/erasmus-accion-clave-2-universidades-europeas\/"},"wordCount":697,"commentCount":0,"publisher":{"@id":"https:\/\/www.cde.ual.es\/#organization"},"image":{"@id":"https:\/\/www.cde.ual.es\/erasmus-accion-clave-2-universidades-europeas\/#primaryimage"},"thumbnailUrl":"https:\/\/www.cde.ual.es\/wp-content\/uploads\/2019\/05\/universidades-europeas.png","keywords":["Cultura y Educaci\u00f3n","Uni\u00f3n Europea"],"articleSection":["Convocatorias y Premios UE"],"inLanguage":"en-US","potentialAction":[{"@type":"CommentAction","name":"Comment","target":["https:\/\/www.cde.ual.es\/erasmus-accion-clave-2-universidades-europeas\/#respond"]}]},{"@type":"WebPage","@id":"https:\/\/www.cde.ual.es\/erasmus-accion-clave-2-universidades-europeas\/","url":"https:\/\/www.cde.ual.es\/erasmus-accion-clave-2-universidades-europeas\/","name":"Erasmus+ Acci\u00f3n Clave 2 \/ Universidades Europeas | CDE Almer\u00eda - Centro de Documentaci\u00f3n Europea - Universidad de Almer\u00eda","isPartOf":{"@id":"https:\/\/www.cde.ual.es\/#website"},"primaryImageOfPage":{"@id":"https:\/\/www.cde.ual.es\/erasmus-accion-clave-2-universidades-europeas\/#primaryimage"},"image":{"@id":"https:\/\/www.cde.ual.es\/erasmus-accion-clave-2-universidades-europeas\/#primaryimage"},"thumbnailUrl":"https:\/\/www.cde.ual.es\/wp-content\/uploads\/2019\/05\/universidades-europeas.png","datePublished":"2019-05-20T09:15:43+00:00","breadcrumb":{"@id":"https:\/\/www.cde.ual.es\/erasmus-accion-clave-2-universidades-europeas\/#breadcrumb"},"inLanguage":"en-US","potentialAction":[{"@type":"ReadAction","target":["https:\/\/www.cde.ual.es\/erasmus-accion-clave-2-universidades-europeas\/"]}]},{"@type":"ImageObject","inLanguage":"en-US","@id":"https:\/\/www.cde.ual.es\/erasmus-accion-clave-2-universidades-europeas\/#primaryimage","url":"https:\/\/www.cde.ual.es\/wp-content\/uploads\/2019\/05\/universidades-europeas.png","contentUrl":"https:\/\/www.cde.ual.es\/wp-content\/uploads\/2019\/05\/universidades-europeas.png","width":1110,"height":416},{"@type":"BreadcrumbList","@id":"https:\/\/www.cde.ual.es\/erasmus-accion-clave-2-universidades-europeas\/#breadcrumb","itemListElement":[{"@type":"ListItem","position":1,"name":"Inicio","item":"https:\/\/www.cde.ual.es\/en\/"},{"@type":"ListItem","position":2,"name":"Convocatorias y Premios UE","item":"https:\/\/www.cde.ual.es\/category\/convocatorias-y-premios-ue\/"},{"@type":"ListItem","position":3,"name":"Erasmus+ Acci\u00f3n Clave 2 \/ Universidades Europeas"}]},{"@type":"WebSite","@id":"https:\/\/www.cde.ual.es\/#website","url":"https:\/\/www.cde.ual.es\/","name":"CDE Almer\u00eda - Centro de Documentaci\u00f3n Europea - Universidad de Almer\u00eda","description":"Centro de Documentaci\u00f3n Europea de la Universidad de Almer\u00eda","publisher":{"@id":"https:\/\/www.cde.ual.es\/#organization"},"alternateName":"CDE Almer\u00eda","potentialAction":[{"@type":"SearchAction","target":{"@type":"EntryPoint","urlTemplate":"https:\/\/www.cde.ual.es\/?s={search_term_string}"},"query-input":{"@type":"PropertyValueSpecification","valueRequired":true,"valueName":"search_term_string"}}],"inLanguage":"en-US"},{"@type":"Organization","@id":"https:\/\/www.cde.ual.es\/#organization","name":"Centro de Documentaci\u00f3n Europea de Almer\u00eda","url":"https:\/\/www.cde.ual.es\/","logo":{"@type":"ImageObject","inLanguage":"en-US","@id":"https:\/\/www.cde.ual.es\/#\/schema\/logo\/image\/","url":"https:\/\/www.cde.ual.es\/wp-content\/uploads\/2025\/07\/cde-logo-3.png","contentUrl":"https:\/\/www.cde.ual.es\/wp-content\/uploads\/2025\/07\/cde-logo-3.png","width":1400,"height":300,"caption":"Centro de Documentaci\u00f3n Europea de Almer\u00eda"},"image":{"@id":"https:\/\/www.cde.ual.es\/#\/schema\/logo\/image\/"},"sameAs":["https:\/\/www.facebook.com\/cdeuniversidadalmeria\/","https:\/\/x.com\/cdeualmeria","https:\/\/www.tiktok.com\/@cdealmeria","https:\/\/www.instagram.com\/cdealmeria\/","https:\/\/www.linkedin.com\/in\/cde-almera-812b26a9\/"]},{"@type":"Person","@id":"https:\/\/www.cde.ual.es\/#\/schema\/person\/bf2f837cf3353e2161fe1087adbd728f","name":"BECACDE1","image":{"@type":"ImageObject","inLanguage":"en-US","@id":"https:\/\/secure.gravatar.com\/avatar\/16a4c1e422b5dec818ee13eab3353b19db9cfd278cc10f9b0e1188a37671d9d4?s=96&d=mm&r=g","url":"https:\/\/secure.gravatar.com\/avatar\/16a4c1e422b5dec818ee13eab3353b19db9cfd278cc10f9b0e1188a37671d9d4?s=96&d=mm&r=g","contentUrl":"https:\/\/secure.gravatar.com\/avatar\/16a4c1e422b5dec818ee13eab3353b19db9cfd278cc10f9b0e1188a37671d9d4?s=96&d=mm&r=g","caption":"BECACDE1"},"sameAs":["http:\/\/www.cdealmeria.com"]}]}},"_links":{"self":[{"href":"https:\/\/www.cde.ual.es\/en\/wp-json\/wp\/v2\/posts\/17345","targetHints":{"allow":["GET"]}}],"collection":[{"href":"https:\/\/www.cde.ual.es\/en\/wp-json\/wp\/v2\/posts"}],"about":[{"href":"https:\/\/www.cde.ual.es\/en\/wp-json\/wp\/v2\/types\/post"}],"author":[{"embeddable":true,"href":"https:\/\/www.cde.ual.es\/en\/wp-json\/wp\/v2\/users\/101012"}],"replies":[{"embeddable":true,"href":"https:\/\/www.cde.ual.es\/en\/wp-json\/wp\/v2\/comments?post=17345"}],"version-history":[{"count":0,"href":"https:\/\/www.cde.ual.es\/en\/wp-json\/wp\/v2\/posts\/17345\/revisions"}],"wp:featuredmedia":[{"embeddable":true,"href":"https:\/\/www.cde.ual.es\/en\/wp-json\/wp\/v2\/media\/17342"}],"wp:attachment":[{"href":"https:\/\/www.cde.ual.es\/en\/wp-json\/wp\/v2\/media?parent=17345"}],"wp:term":[{"taxonomy":"category","embeddable":true,"href":"https:\/\/www.cde.ual.es\/en\/wp-json\/wp\/v2\/categories?post=17345"},{"taxonomy":"post_tag","embeddable":true,"href":"https:\/\/www.cde.ual.es\/en\/wp-json\/wp\/v2\/tags?post=17345"}],"curies":[{"name":"wp","href":"https:\/\/api.w.org\/{rel}","templated":true}]}}