{"id":17272,"date":"2019-05-13T08:00:04","date_gmt":"2019-05-13T06:00:04","guid":{"rendered":"http:\/\/www.cde.ual.es\/?p=17272"},"modified":"2019-05-13T13:00:07","modified_gmt":"2019-05-13T11:00:07","slug":"10-years-of-the-eastern-partnership-celebrations-take-place-in-brussels","status":"publish","type":"post","link":"https:\/\/www.cde.ual.es\/en\/10-years-of-the-eastern-partnership-celebrations-take-place-in-brussels\/","title":{"rendered":"10 years of the Eastern Partnership: celebrations take place in Brussels"},"content":{"rendered":"<p><a href=\"http:\/\/www.cde.ual.es\/wp-content\/uploads\/2019\/05\/Partnership-East.jpg\"><img decoding=\"async\" class=\"size-medium wp-image-17269\" src=\"http:\/\/www.cde.ual.es\/wp-content\/uploads\/2019\/05\/Partnership-East-300x200.jpg\" alt=\"\" width=\"300\" height=\"200\" srcset=\"https:\/\/www.cde.ual.es\/wp-content\/uploads\/2019\/05\/Partnership-East-300x200.jpg 300w, https:\/\/www.cde.ual.es\/wp-content\/uploads\/2019\/05\/Partnership-East-768x512.jpg 768w, https:\/\/www.cde.ual.es\/wp-content\/uploads\/2019\/05\/Partnership-East-1024x683.jpg 1024w, https:\/\/www.cde.ual.es\/wp-content\/uploads\/2019\/05\/Partnership-East.jpg 1600w\" sizes=\"(max-width: 300px) 100vw, 300px\" \/><\/a><\/p>\n<p>Today Monday 13 and Tuesday 14 May, to mark the 10th Anniversary of the Eastern Partnership (#EaP10), the President of the European Commission, Jean-Claude\u00a0<strong>Juncker<\/strong>, the President of the European Council, Donald Tusk, and High Representative of the Union for Foreign Affairs and Security Policy\/Vice-President of the European Commission, Federica\u00a0<strong>Mogherini<\/strong>, are hosting a series of high-level gatherings in Brussels with the participation of the six Eastern partner countries, EU Member States and other stakeholders.<\/p>\n<p>High Representative \/Vice-President, Federica\u00a0<strong>Mogherini<\/strong>, will chair the annual Eastern Partnership Foreign Affairs Ministerial Meeting on 13 May with the 28 EU Member States, the EU&#8217;s six Eastern partners and the Commissioner for European Neighbourhood Policy and Enlargement Negotiations, Johannes\u00a0<strong>Hahn<\/strong>. The meeting will take stock of the progress made under the ambitious\u00a0<a href=\"https:\/\/ec.europa.eu\/neighbourhood-enlargement\/sites\/near\/files\/eap_20_deliverables_for_2020.pdf\">20 Deliverables for 2020<\/a>\u00a0work plan adopted at the last\u00a0<a href=\"http:\/\/www.consilium.europa.eu\/en\/meetings\/international-summit\/2017\/11\/24\/\">Eastern Partnership Summit of November 2017<\/a>.<\/p>\n<p>President\u00a0<strong>Juncker<\/strong>, High Representative\/Vice-President\u00a0<strong>Mogherini<\/strong>\u00a0and Commissioner\u00a0<strong>Hahn<\/strong>\u00a0will attend on Monday evening a celebratory dinner hosted by the President of the European Council, Donald Tusk, for the six Heads of State or Government of the Eastern partner countries &#8211;\u00a0<a href=\"https:\/\/eeas.europa.eu\/topics\/education\/4080\/fact-sheet-eu-armenia-relations_en\">Armenia<\/a>,\u00a0<a href=\"https:\/\/eeas.europa.eu\/headquarters\/headquarters-homepage_en\/4013\/EU-Azerbaijan%20relations\">Azerbaijan<\/a>,\u00a0<a href=\"https:\/\/eeas.europa.eu\/headquarters\/headquarters-homepage_en\/35606\/EU-Belarus%20relations\">Belarus<\/a>,\u00a0<a href=\"https:\/\/eeas.europa.eu\/headquarters\/headquarters-homepage_en\/23634\/EU-Georgia%20relations,%20factsheet\">Georgia<\/a>, the\u00a0<a href=\"https:\/\/eeas.europa.eu\/headquarters\/headquarters-homepage_en\/4011\/EU-Moldova%20relations,%20Factsheet\">Republic of Moldova<\/a>\u00a0and\u00a0<a href=\"https:\/\/eeas.europa.eu\/headquarters\/headquarters-Homepage\/4081\/eu-ukraine-relations-factsheet_en\">Ukraine<\/a>. On Tuesday 14 May, President\u00a0<strong>Juncker<\/strong>\u00a0will host a High-level Conference in the European Commission&#8217;s Charlemagne building. High Representative\/Vice-President Federica\u00a0<strong>Mogherini<\/strong>, Commissioner\u00a0<strong>Hahn<\/strong>\u00a0and the Commissioner for Trade, Cecilia\u00a0<strong>Malmstr\u00f6m<\/strong>, will also participate. The event will be an opportunity to discuss the developments of the partnership during this first decade and exchange on its future among a wide audience of key stakeholders active in the region or directly involved in this policy framework.<\/p>\n<p>Coverage will be provided by\u00a0<a href=\"https:\/\/audiovisual.ec.europa.eu\/en\/ebs\/both\/20190513\">EbS<\/a>. The full press release and dedicated factsheets are available\u00a0<a href=\"http:\/\/europa.eu\/rapid\/press-release_IP-19-2449_en.htm\">here<\/a>. Further information is available on\u00a0<a href=\"https:\/\/www.euneighbours.eu\/en\/east\/eu-in-action\/eap10\">the website of the 10<sup>th<\/sup>Anniversary of the Eastern Partnership<\/a>.<\/p>\n","protected":false},"excerpt":{"rendered":"<p>Today Monday 13 and Tuesday 14 May, to mark the 10th Anniversary of the Eastern Partnership (#EaP10), the President of the European Commission, Jean-Claude\u00a0Juncker, the President of the European Council, Donald Tusk, and High Representative of the Union for Foreign Affairs and Security Policy\/Vice-President of the European Commission, Federica\u00a0Mogherini, are hosting a series of high-level [&hellip;]<\/p>\n","protected":false},"author":1,"featured_media":17269,"comment_status":"open","ping_status":"open","sticky":false,"template":"","format":"standard","meta":{"_acf_changed":false,"_relevanssi_hide_post":"","_relevanssi_hide_content":"","_relevanssi_pin_for_all":"","_relevanssi_pin_keywords":"","_relevanssi_unpin_keywords":"","_relevanssi_related_keywords":"","_relevanssi_related_include_ids":"","_relevanssi_related_exclude_ids":"","_relevanssi_related_no_append":"","_relevanssi_related_not_related":"","_relevanssi_related_posts":"","_relevanssi_noindex_reason":"","_monsterinsights_skip_tracking":false,"_monsterinsights_sitenote_active":false,"_monsterinsights_sitenote_note":"","_monsterinsights_sitenote_category":0,"_genesis_hide_title":false,"_genesis_hide_breadcrumbs":false,"_genesis_hide_singular_image":false,"_genesis_hide_footer_widgets":false,"_genesis_custom_body_class":"","_genesis_custom_post_class":"","_genesis_layout":"","footnotes":""},"categories":[346],"tags":[526],"class_list":{"0":"post-17272","1":"post","2":"type-post","3":"status-publish","4":"format-standard","5":"has-post-thumbnail","7":"category-eu-news","8":"tag-external-action","9":"entry"},"acf":[],"yoast_head":"<!-- This site is optimized with the Yoast SEO plugin v27.5 - https:\/\/yoast.com\/product\/yoast-seo-wordpress\/ -->\n<title>10 years of the Eastern Partnership: celebrations take place in Brussels | CDE Almer\u00eda - Centro de Documentaci\u00f3n Europea - Universidad de Almer\u00eda<\/title>\n<meta name=\"robots\" content=\"index, follow, max-snippet:-1, max-image-preview:large, max-video-preview:-1\" \/>\n<link rel=\"canonical\" href=\"https:\/\/www.cde.ual.es\/en\/10-years-of-the-eastern-partnership-celebrations-take-place-in-brussels\/\" \/>\n<meta property=\"og:locale\" content=\"en_US\" \/>\n<meta property=\"og:type\" content=\"article\" \/>\n<meta property=\"og:title\" content=\"10 years of the Eastern Partnership: celebrations take place in Brussels | CDE Almer\u00eda - Centro de Documentaci\u00f3n Europea - Universidad de Almer\u00eda\" \/>\n<meta property=\"og:description\" content=\"Today Monday 13 and Tuesday 14 May, to mark the 10th Anniversary of the Eastern Partnership (#EaP10), the President of the European Commission, Jean-Claude\u00a0Juncker, the President of the European Council, Donald Tusk, and High Representative of the Union for Foreign Affairs and Security Policy\/Vice-President of the European Commission, Federica\u00a0Mogherini, are hosting a series of high-level [&hellip;]\" \/>\n<meta property=\"og:url\" content=\"https:\/\/www.cde.ual.es\/en\/10-years-of-the-eastern-partnership-celebrations-take-place-in-brussels\/\" \/>\n<meta property=\"og:site_name\" content=\"CDE Almer\u00eda - Centro de Documentaci\u00f3n Europea - Universidad de Almer\u00eda\" \/>\n<meta property=\"article:publisher\" content=\"https:\/\/www.facebook.com\/cdeuniversidadalmeria\/\" \/>\n<meta property=\"article:published_time\" content=\"2019-05-13T06:00:04+00:00\" \/>\n<meta property=\"article:modified_time\" content=\"2019-05-13T11:00:07+00:00\" \/>\n<meta property=\"og:image\" content=\"https:\/\/www.cde.ual.es\/wp-content\/uploads\/2019\/05\/Partnership-East.jpg\" \/>\n\t<meta property=\"og:image:width\" content=\"1600\" \/>\n\t<meta property=\"og:image:height\" content=\"1067\" \/>\n\t<meta property=\"og:image:type\" content=\"image\/jpeg\" \/>\n<meta name=\"author\" content=\"AdminCDE\" \/>\n<meta name=\"twitter:card\" content=\"summary_large_image\" \/>\n<meta name=\"twitter:creator\" content=\"@cdeualmeria\" \/>\n<meta name=\"twitter:site\" content=\"@cdeualmeria\" \/>\n<meta name=\"twitter:label1\" content=\"Written by\" \/>\n\t<meta name=\"twitter:data1\" content=\"AdminCDE\" \/>\n\t<meta name=\"twitter:label2\" content=\"Est. reading time\" \/>\n\t<meta name=\"twitter:data2\" content=\"1 minute\" \/>\n<script type=\"application\/ld+json\" class=\"yoast-schema-graph\">{\"@context\":\"https:\\\/\\\/schema.org\",\"@graph\":[{\"@type\":\"Article\",\"@id\":\"https:\\\/\\\/www.cde.ual.es\\\/en\\\/10-years-of-the-eastern-partnership-celebrations-take-place-in-brussels\\\/#article\",\"isPartOf\":{\"@id\":\"https:\\\/\\\/www.cde.ual.es\\\/en\\\/10-years-of-the-eastern-partnership-celebrations-take-place-in-brussels\\\/\"},\"author\":{\"name\":\"AdminCDE\",\"@id\":\"https:\\\/\\\/www.cde.ual.es\\\/#\\\/schema\\\/person\\\/224ef08c8bcc005f319d2713ce37ee5f\"},\"headline\":\"10 years of the Eastern Partnership: celebrations take place in Brussels\",\"datePublished\":\"2019-05-13T06:00:04+00:00\",\"dateModified\":\"2019-05-13T11:00:07+00:00\",\"mainEntityOfPage\":{\"@id\":\"https:\\\/\\\/www.cde.ual.es\\\/en\\\/10-years-of-the-eastern-partnership-celebrations-take-place-in-brussels\\\/\"},\"wordCount\":305,\"commentCount\":0,\"publisher\":{\"@id\":\"https:\\\/\\\/www.cde.ual.es\\\/#organization\"},\"image\":{\"@id\":\"https:\\\/\\\/www.cde.ual.es\\\/en\\\/10-years-of-the-eastern-partnership-celebrations-take-place-in-brussels\\\/#primaryimage\"},\"thumbnailUrl\":\"https:\\\/\\\/www.cde.ual.es\\\/wp-content\\\/uploads\\\/2019\\\/05\\\/Partnership-East.jpg\",\"keywords\":[\"External Action\"],\"articleSection\":[\"EU News\"],\"inLanguage\":\"en-US\",\"potentialAction\":[{\"@type\":\"CommentAction\",\"name\":\"Comment\",\"target\":[\"https:\\\/\\\/www.cde.ual.es\\\/en\\\/10-years-of-the-eastern-partnership-celebrations-take-place-in-brussels\\\/#respond\"]}]},{\"@type\":\"WebPage\",\"@id\":\"https:\\\/\\\/www.cde.ual.es\\\/en\\\/10-years-of-the-eastern-partnership-celebrations-take-place-in-brussels\\\/\",\"url\":\"https:\\\/\\\/www.cde.ual.es\\\/en\\\/10-years-of-the-eastern-partnership-celebrations-take-place-in-brussels\\\/\",\"name\":\"10 years of the Eastern Partnership: celebrations take place in Brussels | CDE Almer\u00eda - Centro de Documentaci\u00f3n Europea - Universidad de Almer\u00eda\",\"isPartOf\":{\"@id\":\"https:\\\/\\\/www.cde.ual.es\\\/#website\"},\"primaryImageOfPage\":{\"@id\":\"https:\\\/\\\/www.cde.ual.es\\\/en\\\/10-years-of-the-eastern-partnership-celebrations-take-place-in-brussels\\\/#primaryimage\"},\"image\":{\"@id\":\"https:\\\/\\\/www.cde.ual.es\\\/en\\\/10-years-of-the-eastern-partnership-celebrations-take-place-in-brussels\\\/#primaryimage\"},\"thumbnailUrl\":\"https:\\\/\\\/www.cde.ual.es\\\/wp-content\\\/uploads\\\/2019\\\/05\\\/Partnership-East.jpg\",\"datePublished\":\"2019-05-13T06:00:04+00:00\",\"dateModified\":\"2019-05-13T11:00:07+00:00\",\"breadcrumb\":{\"@id\":\"https:\\\/\\\/www.cde.ual.es\\\/en\\\/10-years-of-the-eastern-partnership-celebrations-take-place-in-brussels\\\/#breadcrumb\"},\"inLanguage\":\"en-US\",\"potentialAction\":[{\"@type\":\"ReadAction\",\"target\":[\"https:\\\/\\\/www.cde.ual.es\\\/en\\\/10-years-of-the-eastern-partnership-celebrations-take-place-in-brussels\\\/\"]}]},{\"@type\":\"ImageObject\",\"inLanguage\":\"en-US\",\"@id\":\"https:\\\/\\\/www.cde.ual.es\\\/en\\\/10-years-of-the-eastern-partnership-celebrations-take-place-in-brussels\\\/#primaryimage\",\"url\":\"https:\\\/\\\/www.cde.ual.es\\\/wp-content\\\/uploads\\\/2019\\\/05\\\/Partnership-East.jpg\",\"contentUrl\":\"https:\\\/\\\/www.cde.ual.es\\\/wp-content\\\/uploads\\\/2019\\\/05\\\/Partnership-East.jpg\",\"width\":1600,\"height\":1067,\"caption\":\"20190214 Brussel Belgium Young European Ambassadors (YEAs) celebration of 10 years YEAs on the roundabout Schuman in front of the European Commission\"},{\"@type\":\"BreadcrumbList\",\"@id\":\"https:\\\/\\\/www.cde.ual.es\\\/en\\\/10-years-of-the-eastern-partnership-celebrations-take-place-in-brussels\\\/#breadcrumb\",\"itemListElement\":[{\"@type\":\"ListItem\",\"position\":1,\"name\":\"Inicio\",\"item\":\"https:\\\/\\\/www.cde.ual.es\\\/en\\\/\"},{\"@type\":\"ListItem\",\"position\":2,\"name\":\"EU News\",\"item\":\"https:\\\/\\\/www.cde.ual.es\\\/en\\\/category\\\/eu-news\\\/\"},{\"@type\":\"ListItem\",\"position\":3,\"name\":\"10 years of the Eastern Partnership: celebrations take place in Brussels\"}]},{\"@type\":\"WebSite\",\"@id\":\"https:\\\/\\\/www.cde.ual.es\\\/#website\",\"url\":\"https:\\\/\\\/www.cde.ual.es\\\/\",\"name\":\"CDE Almer\u00eda - Centro de Documentaci\u00f3n Europea - Universidad de Almer\u00eda\",\"description\":\"Centro de Documentaci\u00f3n Europea de la Universidad de Almer\u00eda\",\"publisher\":{\"@id\":\"https:\\\/\\\/www.cde.ual.es\\\/#organization\"},\"alternateName\":\"CDE Almer\u00eda\",\"potentialAction\":[{\"@type\":\"SearchAction\",\"target\":{\"@type\":\"EntryPoint\",\"urlTemplate\":\"https:\\\/\\\/www.cde.ual.es\\\/?s={search_term_string}\"},\"query-input\":{\"@type\":\"PropertyValueSpecification\",\"valueRequired\":true,\"valueName\":\"search_term_string\"}}],\"inLanguage\":\"en-US\"},{\"@type\":\"Organization\",\"@id\":\"https:\\\/\\\/www.cde.ual.es\\\/#organization\",\"name\":\"Centro de Documentaci\u00f3n Europea de Almer\u00eda\",\"url\":\"https:\\\/\\\/www.cde.ual.es\\\/\",\"logo\":{\"@type\":\"ImageObject\",\"inLanguage\":\"en-US\",\"@id\":\"https:\\\/\\\/www.cde.ual.es\\\/#\\\/schema\\\/logo\\\/image\\\/\",\"url\":\"https:\\\/\\\/www.cde.ual.es\\\/wp-content\\\/uploads\\\/2025\\\/07\\\/cde-logo-3.png\",\"contentUrl\":\"https:\\\/\\\/www.cde.ual.es\\\/wp-content\\\/uploads\\\/2025\\\/07\\\/cde-logo-3.png\",\"width\":1400,\"height\":300,\"caption\":\"Centro de Documentaci\u00f3n Europea de Almer\u00eda\"},\"image\":{\"@id\":\"https:\\\/\\\/www.cde.ual.es\\\/#\\\/schema\\\/logo\\\/image\\\/\"},\"sameAs\":[\"https:\\\/\\\/www.facebook.com\\\/cdeuniversidadalmeria\\\/\",\"https:\\\/\\\/x.com\\\/cdeualmeria\",\"https:\\\/\\\/www.tiktok.com\\\/@cdealmeria\",\"https:\\\/\\\/www.instagram.com\\\/cdealmeria\\\/\",\"https:\\\/\\\/www.linkedin.com\\\/in\\\/cde-almera-812b26a9\\\/\"]},{\"@type\":\"Person\",\"@id\":\"https:\\\/\\\/www.cde.ual.es\\\/#\\\/schema\\\/person\\\/224ef08c8bcc005f319d2713ce37ee5f\",\"name\":\"AdminCDE\",\"image\":{\"@type\":\"ImageObject\",\"inLanguage\":\"en-US\",\"@id\":\"https:\\\/\\\/secure.gravatar.com\\\/avatar\\\/a72d038d371f995cd13706fac32274b7952a52e8fb0a84b5f80c85426f2a98a8?s=96&d=mm&r=g\",\"url\":\"https:\\\/\\\/secure.gravatar.com\\\/avatar\\\/a72d038d371f995cd13706fac32274b7952a52e8fb0a84b5f80c85426f2a98a8?s=96&d=mm&r=g\",\"contentUrl\":\"https:\\\/\\\/secure.gravatar.com\\\/avatar\\\/a72d038d371f995cd13706fac32274b7952a52e8fb0a84b5f80c85426f2a98a8?s=96&d=mm&r=g\",\"caption\":\"AdminCDE\"}}]}<\/script>\n<!-- \/ Yoast SEO plugin. -->","yoast_head_json":{"title":"10 years of the Eastern Partnership: celebrations take place in Brussels | CDE Almer\u00eda - Centro de Documentaci\u00f3n Europea - Universidad de Almer\u00eda","robots":{"index":"index","follow":"follow","max-snippet":"max-snippet:-1","max-image-preview":"max-image-preview:large","max-video-preview":"max-video-preview:-1"},"canonical":"https:\/\/www.cde.ual.es\/en\/10-years-of-the-eastern-partnership-celebrations-take-place-in-brussels\/","og_locale":"en_US","og_type":"article","og_title":"10 years of the Eastern Partnership: celebrations take place in Brussels | CDE Almer\u00eda - Centro de Documentaci\u00f3n Europea - Universidad de Almer\u00eda","og_description":"Today Monday 13 and Tuesday 14 May, to mark the 10th Anniversary of the Eastern Partnership (#EaP10), the President of the European Commission, Jean-Claude\u00a0Juncker, the President of the European Council, Donald Tusk, and High Representative of the Union for Foreign Affairs and Security Policy\/Vice-President of the European Commission, Federica\u00a0Mogherini, are hosting a series of high-level [&hellip;]","og_url":"https:\/\/www.cde.ual.es\/en\/10-years-of-the-eastern-partnership-celebrations-take-place-in-brussels\/","og_site_name":"CDE Almer\u00eda - Centro de Documentaci\u00f3n Europea - Universidad de Almer\u00eda","article_publisher":"https:\/\/www.facebook.com\/cdeuniversidadalmeria\/","article_published_time":"2019-05-13T06:00:04+00:00","article_modified_time":"2019-05-13T11:00:07+00:00","og_image":[{"width":1600,"height":1067,"url":"https:\/\/www.cde.ual.es\/wp-content\/uploads\/2019\/05\/Partnership-East.jpg","type":"image\/jpeg"}],"author":"AdminCDE","twitter_card":"summary_large_image","twitter_creator":"@cdeualmeria","twitter_site":"@cdeualmeria","twitter_misc":{"Written by":"AdminCDE","Est. reading time":"1 minute"},"schema":{"@context":"https:\/\/schema.org","@graph":[{"@type":"Article","@id":"https:\/\/www.cde.ual.es\/en\/10-years-of-the-eastern-partnership-celebrations-take-place-in-brussels\/#article","isPartOf":{"@id":"https:\/\/www.cde.ual.es\/en\/10-years-of-the-eastern-partnership-celebrations-take-place-in-brussels\/"},"author":{"name":"AdminCDE","@id":"https:\/\/www.cde.ual.es\/#\/schema\/person\/224ef08c8bcc005f319d2713ce37ee5f"},"headline":"10 years of the Eastern Partnership: celebrations take place in Brussels","datePublished":"2019-05-13T06:00:04+00:00","dateModified":"2019-05-13T11:00:07+00:00","mainEntityOfPage":{"@id":"https:\/\/www.cde.ual.es\/en\/10-years-of-the-eastern-partnership-celebrations-take-place-in-brussels\/"},"wordCount":305,"commentCount":0,"publisher":{"@id":"https:\/\/www.cde.ual.es\/#organization"},"image":{"@id":"https:\/\/www.cde.ual.es\/en\/10-years-of-the-eastern-partnership-celebrations-take-place-in-brussels\/#primaryimage"},"thumbnailUrl":"https:\/\/www.cde.ual.es\/wp-content\/uploads\/2019\/05\/Partnership-East.jpg","keywords":["External Action"],"articleSection":["EU News"],"inLanguage":"en-US","potentialAction":[{"@type":"CommentAction","name":"Comment","target":["https:\/\/www.cde.ual.es\/en\/10-years-of-the-eastern-partnership-celebrations-take-place-in-brussels\/#respond"]}]},{"@type":"WebPage","@id":"https:\/\/www.cde.ual.es\/en\/10-years-of-the-eastern-partnership-celebrations-take-place-in-brussels\/","url":"https:\/\/www.cde.ual.es\/en\/10-years-of-the-eastern-partnership-celebrations-take-place-in-brussels\/","name":"10 years of the Eastern Partnership: celebrations take place in Brussels | CDE Almer\u00eda - Centro de Documentaci\u00f3n Europea - Universidad de Almer\u00eda","isPartOf":{"@id":"https:\/\/www.cde.ual.es\/#website"},"primaryImageOfPage":{"@id":"https:\/\/www.cde.ual.es\/en\/10-years-of-the-eastern-partnership-celebrations-take-place-in-brussels\/#primaryimage"},"image":{"@id":"https:\/\/www.cde.ual.es\/en\/10-years-of-the-eastern-partnership-celebrations-take-place-in-brussels\/#primaryimage"},"thumbnailUrl":"https:\/\/www.cde.ual.es\/wp-content\/uploads\/2019\/05\/Partnership-East.jpg","datePublished":"2019-05-13T06:00:04+00:00","dateModified":"2019-05-13T11:00:07+00:00","breadcrumb":{"@id":"https:\/\/www.cde.ual.es\/en\/10-years-of-the-eastern-partnership-celebrations-take-place-in-brussels\/#breadcrumb"},"inLanguage":"en-US","potentialAction":[{"@type":"ReadAction","target":["https:\/\/www.cde.ual.es\/en\/10-years-of-the-eastern-partnership-celebrations-take-place-in-brussels\/"]}]},{"@type":"ImageObject","inLanguage":"en-US","@id":"https:\/\/www.cde.ual.es\/en\/10-years-of-the-eastern-partnership-celebrations-take-place-in-brussels\/#primaryimage","url":"https:\/\/www.cde.ual.es\/wp-content\/uploads\/2019\/05\/Partnership-East.jpg","contentUrl":"https:\/\/www.cde.ual.es\/wp-content\/uploads\/2019\/05\/Partnership-East.jpg","width":1600,"height":1067,"caption":"20190214 Brussel Belgium Young European Ambassadors (YEAs) celebration of 10 years YEAs on the roundabout Schuman in front of the European Commission"},{"@type":"BreadcrumbList","@id":"https:\/\/www.cde.ual.es\/en\/10-years-of-the-eastern-partnership-celebrations-take-place-in-brussels\/#breadcrumb","itemListElement":[{"@type":"ListItem","position":1,"name":"Inicio","item":"https:\/\/www.cde.ual.es\/en\/"},{"@type":"ListItem","position":2,"name":"EU News","item":"https:\/\/www.cde.ual.es\/en\/category\/eu-news\/"},{"@type":"ListItem","position":3,"name":"10 years of the Eastern Partnership: celebrations take place in Brussels"}]},{"@type":"WebSite","@id":"https:\/\/www.cde.ual.es\/#website","url":"https:\/\/www.cde.ual.es\/","name":"CDE Almer\u00eda - Centro de Documentaci\u00f3n Europea - Universidad de Almer\u00eda","description":"Centro de Documentaci\u00f3n Europea de la Universidad de Almer\u00eda","publisher":{"@id":"https:\/\/www.cde.ual.es\/#organization"},"alternateName":"CDE Almer\u00eda","potentialAction":[{"@type":"SearchAction","target":{"@type":"EntryPoint","urlTemplate":"https:\/\/www.cde.ual.es\/?s={search_term_string}"},"query-input":{"@type":"PropertyValueSpecification","valueRequired":true,"valueName":"search_term_string"}}],"inLanguage":"en-US"},{"@type":"Organization","@id":"https:\/\/www.cde.ual.es\/#organization","name":"Centro de Documentaci\u00f3n Europea de Almer\u00eda","url":"https:\/\/www.cde.ual.es\/","logo":{"@type":"ImageObject","inLanguage":"en-US","@id":"https:\/\/www.cde.ual.es\/#\/schema\/logo\/image\/","url":"https:\/\/www.cde.ual.es\/wp-content\/uploads\/2025\/07\/cde-logo-3.png","contentUrl":"https:\/\/www.cde.ual.es\/wp-content\/uploads\/2025\/07\/cde-logo-3.png","width":1400,"height":300,"caption":"Centro de Documentaci\u00f3n Europea de Almer\u00eda"},"image":{"@id":"https:\/\/www.cde.ual.es\/#\/schema\/logo\/image\/"},"sameAs":["https:\/\/www.facebook.com\/cdeuniversidadalmeria\/","https:\/\/x.com\/cdeualmeria","https:\/\/www.tiktok.com\/@cdealmeria","https:\/\/www.instagram.com\/cdealmeria\/","https:\/\/www.linkedin.com\/in\/cde-almera-812b26a9\/"]},{"@type":"Person","@id":"https:\/\/www.cde.ual.es\/#\/schema\/person\/224ef08c8bcc005f319d2713ce37ee5f","name":"AdminCDE","image":{"@type":"ImageObject","inLanguage":"en-US","@id":"https:\/\/secure.gravatar.com\/avatar\/a72d038d371f995cd13706fac32274b7952a52e8fb0a84b5f80c85426f2a98a8?s=96&d=mm&r=g","url":"https:\/\/secure.gravatar.com\/avatar\/a72d038d371f995cd13706fac32274b7952a52e8fb0a84b5f80c85426f2a98a8?s=96&d=mm&r=g","contentUrl":"https:\/\/secure.gravatar.com\/avatar\/a72d038d371f995cd13706fac32274b7952a52e8fb0a84b5f80c85426f2a98a8?s=96&d=mm&r=g","caption":"AdminCDE"}}]}},"_links":{"self":[{"href":"https:\/\/www.cde.ual.es\/en\/wp-json\/wp\/v2\/posts\/17272","targetHints":{"allow":["GET"]}}],"collection":[{"href":"https:\/\/www.cde.ual.es\/en\/wp-json\/wp\/v2\/posts"}],"about":[{"href":"https:\/\/www.cde.ual.es\/en\/wp-json\/wp\/v2\/types\/post"}],"author":[{"embeddable":true,"href":"https:\/\/www.cde.ual.es\/en\/wp-json\/wp\/v2\/users\/1"}],"replies":[{"embeddable":true,"href":"https:\/\/www.cde.ual.es\/en\/wp-json\/wp\/v2\/comments?post=17272"}],"version-history":[{"count":0,"href":"https:\/\/www.cde.ual.es\/en\/wp-json\/wp\/v2\/posts\/17272\/revisions"}],"wp:featuredmedia":[{"embeddable":true,"href":"https:\/\/www.cde.ual.es\/en\/wp-json\/wp\/v2\/media\/17269"}],"wp:attachment":[{"href":"https:\/\/www.cde.ual.es\/en\/wp-json\/wp\/v2\/media?parent=17272"}],"wp:term":[{"taxonomy":"category","embeddable":true,"href":"https:\/\/www.cde.ual.es\/en\/wp-json\/wp\/v2\/categories?post=17272"},{"taxonomy":"post_tag","embeddable":true,"href":"https:\/\/www.cde.ual.es\/en\/wp-json\/wp\/v2\/tags?post=17272"}],"curies":[{"name":"wp","href":"https:\/\/api.w.org\/{rel}","templated":true}]}}