{"id":170770,"date":"2026-09-03T03:00:16","date_gmt":"2026-09-03T01:00:16","guid":{"rendered":"https:\/\/www.cde.ual.es\/?p=170770"},"modified":"2026-09-02T13:01:17","modified_gmt":"2026-09-02T11:01:17","slug":"actividades-concurso-2026-las-lenguas-nos-unen","status":"publish","type":"post","link":"https:\/\/www.cde.ual.es\/en\/actividades-concurso-2026-las-lenguas-nos-unen\/","title":{"rendered":"2026 Competition: \u2018Languages Bring Us Together\u2019"},"content":{"rendered":"<p><img decoding=\"async\" class=\"aligncenter\" src=\"https:\/\/www.cde.ual.es\/wp-content\/uploads\/2026\/09\/tridindia-different-language-7389469_1920.jpg\" width=\"495\" height=\"320\" \/><\/p>\n<p style=\"text-align: justify;\">Celebrate Europe\u2019s linguistic diversity by taking part in the <strong>\u2018Languages Bring Us Together\u2019 competition.<\/strong> Answer the questions correctly as they are published throughout September and you could win daily prizes, as well as a grand prize at the end.<\/p>\n<p style=\"text-align: justify;\">Once again this year, to mark the EUROPEAN DAY OF LANGUAGES #EDLangs, the European Commission\u2019s Directorate-General for Translation and the European Commission\u2019s Representation in Spain are organising the \u2018Languages Bring Us Together\u2019 competition <strong>on Instagram,<\/strong> focusing on the European Union and its languages.<\/p>\n<p style=\"text-align: justify;\">Throughout <strong>September<\/strong> 2026, <strong>10 questions <\/strong>on EU languages \u2013 or relating to culture, multilingualism, translation, literature and EU countries \u2013 will be posted on the <strong>Instagram profile of the European Commission Representation in Spain<\/strong>.<\/p>\n<p style=\"text-align: justify;\">Every day, one winner will be drawn at random from among all those who have correctly answered the question of the day. On the final day of the competition, 26 September, one overall winner will be drawn at random from among all participants and will receive the <strong>competition\u2019s grand prize (an eBook reader).<\/strong><\/p>\n<p style=\"text-align: justify;\"><strong>To take part, you must:<\/strong><\/p>\n<ul style=\"text-align: justify;\" type=\"disc\">\n<li>Follow the<span class=\"ecl-link__label\"> Instagram<\/span>profile<span class=\"ecl-link__label\"> of<\/span>the European Commission Representation in Spain<\/li>\n<li>Like the competition post<\/li>\n<li>Comment with the correct answer to the question of the day<\/li>\n<li>Tag 2 users in your comment<\/li>\n<li>Include the hashtag #EDLangs in your comment<\/li>\n<\/ul>\n<dl class=\"ecl-description-list ecl-description-list--horizontal\">\n<dt><\/dt>\n<dt class=\"ecl-description-list__term\"><strong>When:<\/strong><\/dt>\n<dd class=\"ecl-description-list__definition\">From <strong>Wednesday 2 September 2026 at 13.00<\/strong> until <strong>Sunday 27 September 2026 at 13.00 (CEST).<\/strong><\/dd>\n<\/dl>\n<p>&nbsp;<\/p>\n<p style=\"text-align: justify;\"><strong>More information: <a href=\"https:\/\/spain.representation.ec.europa.eu\/noticias-eventos\/eventos\/espana-concurso-2026-las-lenguas-nos-unen-2026-09-02_es\">European Commission<\/a><\/strong><\/p>\n","protected":false},"excerpt":{"rendered":"<p>Celebrate Europe\u2019s linguistic diversity by taking part in the \u2018Languages Bring Us Together\u2019 competition. Answer the questions correctly as they are published throughout September and you could win daily prizes, as well as a grand prize at the end. Once again this year, to mark the EUROPEAN DAY OF LANGUAGES #EDLangs, the European Commission\u2019s Directorate-General [&hellip;]<\/p>\n","protected":false},"author":1,"featured_media":170767,"comment_status":"open","ping_status":"open","sticky":false,"template":"","format":"standard","meta":{"_acf_changed":false,"_relevanssi_hide_post":"","_relevanssi_hide_content":"","_relevanssi_pin_for_all":"","_relevanssi_pin_keywords":"","_relevanssi_unpin_keywords":"","_relevanssi_related_keywords":"","_relevanssi_related_include_ids":"","_relevanssi_related_exclude_ids":"","_relevanssi_related_no_append":"","_relevanssi_related_not_related":"","_relevanssi_related_posts":"","_relevanssi_noindex_reason":"","_monsterinsights_skip_tracking":false,"_genesis_hide_title":false,"_genesis_hide_breadcrumbs":false,"_genesis_hide_singular_image":false,"_genesis_hide_footer_widgets":false,"_genesis_custom_body_class":"","_genesis_custom_post_class":"","_genesis_layout":"","footnotes":""},"categories":[366,4115],"tags":[19126,2278,1133,555,18830,1488,7782,4287,368,9211,877,19125,478,14908,18810,410,650,351],"class_list":["post-170770","post","type-post","status-publish","format-standard","has-post-thumbnail","category-eu-calls-and-awards","category-other","tag-edlangs","tag-comision-europea-en","tag-comision-europea","tag-contest","tag-eu-languages","tag-european-commission","tag-european-culture","tag-european-day-of-languages","tag-european-union","tag-instagram-en","tag-languages","tag-languages-bring-us-together","tag-literature","tag-multilingualism","tag-participacion","tag-prizes","tag-translation","tag-union-europea-en","entry"],"acf":[],"yoast_head":"<!-- This site is optimized with the Yoast SEO plugin v28.4 - https:\/\/yoast.com\/product\/yoast-seo-wordpress\/ -->\n<title>2026 Competition: \u2018Languages Bring Us Together\u2019 | CDE Almer\u00eda - Centro de Documentaci\u00f3n Europea - Universidad de Almer\u00eda<\/title>\n<meta name=\"robots\" content=\"index, follow, max-snippet:-1, max-image-preview:large, max-video-preview:-1\" \/>\n<link rel=\"canonical\" href=\"https:\/\/www.cde.ual.es\/?p=170757\" \/>\n<meta property=\"og:locale\" content=\"en_US\" \/>\n<meta property=\"og:type\" content=\"article\" \/>\n<meta property=\"og:title\" content=\"2026 Competition: \u2018Languages Bring Us Together\u2019 | CDE Almer\u00eda - Centro de Documentaci\u00f3n Europea - Universidad de Almer\u00eda\" \/>\n<meta property=\"og:description\" content=\"Celebrate Europe\u2019s linguistic diversity by taking part in the \u2018Languages Bring Us Together\u2019 competition. Answer the questions correctly as they are published throughout September and you could win daily prizes, as well as a grand prize at the end. Once again this year, to mark the EUROPEAN DAY OF LANGUAGES #EDLangs, the European Commission\u2019s Directorate-General [&hellip;]\" \/>\n<meta property=\"og:url\" content=\"https:\/\/www.cde.ual.es\/?p=170757\" \/>\n<meta property=\"og:site_name\" content=\"CDE Almer\u00eda - Centro de Documentaci\u00f3n Europea - Universidad de Almer\u00eda\" \/>\n<meta property=\"article:publisher\" content=\"https:\/\/www.facebook.com\/cdeuniversidadalmeria\/\" \/>\n<meta property=\"article:published_time\" content=\"2026-09-03T01:00:16+00:00\" \/>\n<meta property=\"og:image\" content=\"https:\/\/www.cde.ual.es\/wp-content\/uploads\/2026\/09\/tridindia-different-language-7389469_1920.jpg\" \/>\n\t<meta property=\"og:image:width\" content=\"1920\" \/>\n\t<meta property=\"og:image:height\" content=\"1240\" \/>\n\t<meta property=\"og:image:type\" content=\"image\/jpeg\" \/>\n<meta name=\"author\" content=\"AdminCDE\" \/>\n<meta name=\"twitter:card\" content=\"summary_large_image\" \/>\n<meta name=\"twitter:creator\" content=\"@cdeualmeria\" \/>\n<meta name=\"twitter:site\" content=\"@cdeualmeria\" \/>\n<meta name=\"twitter:label1\" content=\"Written by\" \/>\n\t<meta name=\"twitter:data1\" content=\"AdminCDE\" \/>\n\t<meta name=\"twitter:label2\" content=\"Est. reading time\" \/>\n\t<meta name=\"twitter:data2\" content=\"2 minutes\" \/>\n<script type=\"application\/ld+json\" class=\"yoast-schema-graph\">{\"@context\":\"https:\\\/\\\/schema.org\",\"@graph\":[{\"@type\":\"Article\",\"@id\":\"https:\\\/\\\/www.cde.ual.es\\\/?p=170757#article\",\"isPartOf\":{\"@id\":\"https:\\\/\\\/www.cde.ual.es\\\/?p=170757\"},\"author\":{\"name\":\"AdminCDE\",\"@id\":\"https:\\\/\\\/www.cde.ual.es\\\/#\\\/schema\\\/person\\\/13895e824f15237b9d9b0152b5f65d80\"},\"headline\":\"2026 Competition: \u2018Languages Bring Us Together\u2019\",\"datePublished\":\"2026-09-03T01:00:16+00:00\",\"mainEntityOfPage\":{\"@id\":\"https:\\\/\\\/www.cde.ual.es\\\/?p=170757\"},\"wordCount\":229,\"commentCount\":0,\"publisher\":{\"@id\":\"https:\\\/\\\/www.cde.ual.es\\\/#organization\"},\"image\":{\"@id\":\"https:\\\/\\\/www.cde.ual.es\\\/?p=170757#primaryimage\"},\"thumbnailUrl\":\"https:\\\/\\\/www.cde.ual.es\\\/wp-content\\\/uploads\\\/2026\\\/09\\\/tridindia-different-language-7389469_1920.jpg\",\"keywords\":[\"#EDLangs\",\"Comision Europea\",\"Comision Europea\",\"Contest\",\"EU languages\",\"European Commission\",\"European Culture\",\"European Day of Languages\",\"European Union\",\"Instagram\",\"Languages\",\"Languages Bring Us Together\",\"Literature\",\"multilingualism\",\"participaci\u00f3n\",\"prizes\",\"Translation\",\"Uni\u00f3n Europea\"],\"articleSection\":[\"EU Calls and Awards\",\"Other\"],\"inLanguage\":\"en-US\",\"potentialAction\":[{\"@type\":\"CommentAction\",\"name\":\"Comment\",\"target\":[\"https:\\\/\\\/www.cde.ual.es\\\/?p=170757#respond\"]}]},{\"@type\":\"WebPage\",\"@id\":\"https:\\\/\\\/www.cde.ual.es\\\/?p=170757\",\"url\":\"https:\\\/\\\/www.cde.ual.es\\\/?p=170757\",\"name\":\"2026 Competition: \u2018Languages Bring Us Together\u2019 | CDE Almer\u00eda - Centro de Documentaci\u00f3n Europea - Universidad de Almer\u00eda\",\"isPartOf\":{\"@id\":\"https:\\\/\\\/www.cde.ual.es\\\/#website\"},\"primaryImageOfPage\":{\"@id\":\"https:\\\/\\\/www.cde.ual.es\\\/?p=170757#primaryimage\"},\"image\":{\"@id\":\"https:\\\/\\\/www.cde.ual.es\\\/?p=170757#primaryimage\"},\"thumbnailUrl\":\"https:\\\/\\\/www.cde.ual.es\\\/wp-content\\\/uploads\\\/2026\\\/09\\\/tridindia-different-language-7389469_1920.jpg\",\"datePublished\":\"2026-09-03T01:00:16+00:00\",\"breadcrumb\":{\"@id\":\"https:\\\/\\\/www.cde.ual.es\\\/?p=170757#breadcrumb\"},\"inLanguage\":\"en-US\",\"potentialAction\":[{\"@type\":\"ReadAction\",\"target\":[\"https:\\\/\\\/www.cde.ual.es\\\/?p=170757\"]}]},{\"@type\":\"ImageObject\",\"inLanguage\":\"en-US\",\"@id\":\"https:\\\/\\\/www.cde.ual.es\\\/?p=170757#primaryimage\",\"url\":\"https:\\\/\\\/www.cde.ual.es\\\/wp-content\\\/uploads\\\/2026\\\/09\\\/tridindia-different-language-7389469_1920.jpg\",\"contentUrl\":\"https:\\\/\\\/www.cde.ual.es\\\/wp-content\\\/uploads\\\/2026\\\/09\\\/tridindia-different-language-7389469_1920.jpg\",\"width\":1920,\"height\":1240},{\"@type\":\"BreadcrumbList\",\"@id\":\"https:\\\/\\\/www.cde.ual.es\\\/?p=170757#breadcrumb\",\"itemListElement\":[{\"@type\":\"ListItem\",\"position\":1,\"name\":\"Inicio\",\"item\":\"https:\\\/\\\/www.cde.ual.es\\\/en\\\/\"},{\"@type\":\"ListItem\",\"position\":2,\"name\":\"Convocatorias y Premios UE\",\"item\":\"https:\\\/\\\/www.cde.ual.es\\\/category\\\/convocatorias-y-premios-ue\\\/\"},{\"@type\":\"ListItem\",\"position\":3,\"name\":\"Otras\",\"item\":\"https:\\\/\\\/www.cde.ual.es\\\/category\\\/convocatorias-y-premios-ue\\\/otras\\\/\"},{\"@type\":\"ListItem\",\"position\":4,\"name\":\"2026 Competition: \u2018Languages Bring Us Together\u2019\"}]},{\"@type\":\"WebSite\",\"@id\":\"https:\\\/\\\/www.cde.ual.es\\\/#website\",\"url\":\"https:\\\/\\\/www.cde.ual.es\\\/\",\"name\":\"CDE Almer\u00eda - Centro de Documentaci\u00f3n Europea - Universidad de Almer\u00eda\",\"description\":\"Centro de Documentaci\u00f3n Europea de la Universidad de Almer\u00eda\",\"publisher\":{\"@id\":\"https:\\\/\\\/www.cde.ual.es\\\/#organization\"},\"alternateName\":\"CDE Almer\u00eda\",\"potentialAction\":[{\"@type\":\"SearchAction\",\"target\":{\"@type\":\"EntryPoint\",\"urlTemplate\":\"https:\\\/\\\/www.cde.ual.es\\\/?s={search_term_string}\"},\"query-input\":{\"@type\":\"PropertyValueSpecification\",\"valueRequired\":true,\"valueName\":\"search_term_string\"}}],\"inLanguage\":\"en-US\"},{\"@type\":\"Organization\",\"@id\":\"https:\\\/\\\/www.cde.ual.es\\\/#organization\",\"name\":\"Centro de Documentaci\u00f3n Europea de Almer\u00eda\",\"url\":\"https:\\\/\\\/www.cde.ual.es\\\/\",\"logo\":{\"@type\":\"ImageObject\",\"inLanguage\":\"en-US\",\"@id\":\"https:\\\/\\\/www.cde.ual.es\\\/#\\\/schema\\\/logo\\\/image\\\/\",\"url\":\"https:\\\/\\\/www.cde.ual.es\\\/wp-content\\\/uploads\\\/2025\\\/07\\\/cde-logo-3.png\",\"contentUrl\":\"https:\\\/\\\/www.cde.ual.es\\\/wp-content\\\/uploads\\\/2025\\\/07\\\/cde-logo-3.png\",\"width\":1400,\"height\":300,\"caption\":\"Centro de Documentaci\u00f3n Europea de Almer\u00eda\"},\"image\":{\"@id\":\"https:\\\/\\\/www.cde.ual.es\\\/#\\\/schema\\\/logo\\\/image\\\/\"},\"sameAs\":[\"https:\\\/\\\/www.facebook.com\\\/cdeuniversidadalmeria\\\/\",\"https:\\\/\\\/x.com\\\/cdeualmeria\",\"https:\\\/\\\/www.tiktok.com\\\/@cdealmeria\",\"https:\\\/\\\/www.instagram.com\\\/cdealmeria\\\/\",\"https:\\\/\\\/www.linkedin.com\\\/in\\\/cde-almera-812b26a9\\\/\"]},{\"@type\":\"Person\",\"@id\":\"https:\\\/\\\/www.cde.ual.es\\\/#\\\/schema\\\/person\\\/13895e824f15237b9d9b0152b5f65d80\",\"name\":\"AdminCDE\",\"image\":{\"@type\":\"ImageObject\",\"inLanguage\":\"en-US\",\"@id\":\"https:\\\/\\\/secure.gravatar.com\\\/avatar\\\/a72d038d371f995cd13706fac32274b7952a52e8fb0a84b5f80c85426f2a98a8?s=96&d=mm&r=g\",\"url\":\"https:\\\/\\\/secure.gravatar.com\\\/avatar\\\/a72d038d371f995cd13706fac32274b7952a52e8fb0a84b5f80c85426f2a98a8?s=96&d=mm&r=g\",\"contentUrl\":\"https:\\\/\\\/secure.gravatar.com\\\/avatar\\\/a72d038d371f995cd13706fac32274b7952a52e8fb0a84b5f80c85426f2a98a8?s=96&d=mm&r=g\",\"caption\":\"AdminCDE\"}}]}<\/script>\n<!-- \/ Yoast SEO plugin. -->","yoast_head_json":{"title":"2026 Competition: \u2018Languages Bring Us Together\u2019 | CDE Almer\u00eda - Centro de Documentaci\u00f3n Europea - Universidad de Almer\u00eda","robots":{"index":"index","follow":"follow","max-snippet":"max-snippet:-1","max-image-preview":"max-image-preview:large","max-video-preview":"max-video-preview:-1"},"canonical":"https:\/\/www.cde.ual.es\/?p=170757","og_locale":"en_US","og_type":"article","og_title":"2026 Competition: \u2018Languages Bring Us Together\u2019 | CDE Almer\u00eda - Centro de Documentaci\u00f3n Europea - Universidad de Almer\u00eda","og_description":"Celebrate Europe\u2019s linguistic diversity by taking part in the \u2018Languages Bring Us Together\u2019 competition. Answer the questions correctly as they are published throughout September and you could win daily prizes, as well as a grand prize at the end. Once again this year, to mark the EUROPEAN DAY OF LANGUAGES #EDLangs, the European Commission\u2019s Directorate-General [&hellip;]","og_url":"https:\/\/www.cde.ual.es\/?p=170757","og_site_name":"CDE Almer\u00eda - Centro de Documentaci\u00f3n Europea - Universidad de Almer\u00eda","article_publisher":"https:\/\/www.facebook.com\/cdeuniversidadalmeria\/","article_published_time":"2026-09-03T01:00:16+00:00","og_image":[{"width":1920,"height":1240,"url":"https:\/\/www.cde.ual.es\/wp-content\/uploads\/2026\/09\/tridindia-different-language-7389469_1920.jpg","type":"image\/jpeg"}],"author":"AdminCDE","twitter_card":"summary_large_image","twitter_creator":"@cdeualmeria","twitter_site":"@cdeualmeria","twitter_misc":{"Written by":"AdminCDE","Est. reading time":"2 minutes"},"schema":{"@context":"https:\/\/schema.org","@graph":[{"@type":"Article","@id":"https:\/\/www.cde.ual.es\/?p=170757#article","isPartOf":{"@id":"https:\/\/www.cde.ual.es\/?p=170757"},"author":{"name":"AdminCDE","@id":"https:\/\/www.cde.ual.es\/#\/schema\/person\/13895e824f15237b9d9b0152b5f65d80"},"headline":"2026 Competition: \u2018Languages Bring Us Together\u2019","datePublished":"2026-09-03T01:00:16+00:00","mainEntityOfPage":{"@id":"https:\/\/www.cde.ual.es\/?p=170757"},"wordCount":229,"commentCount":0,"publisher":{"@id":"https:\/\/www.cde.ual.es\/#organization"},"image":{"@id":"https:\/\/www.cde.ual.es\/?p=170757#primaryimage"},"thumbnailUrl":"https:\/\/www.cde.ual.es\/wp-content\/uploads\/2026\/09\/tridindia-different-language-7389469_1920.jpg","keywords":["#EDLangs","Comision Europea","Comision Europea","Contest","EU languages","European Commission","European Culture","European Day of Languages","European Union","Instagram","Languages","Languages Bring Us Together","Literature","multilingualism","participaci\u00f3n","prizes","Translation","Uni\u00f3n Europea"],"articleSection":["EU Calls and Awards","Other"],"inLanguage":"en-US","potentialAction":[{"@type":"CommentAction","name":"Comment","target":["https:\/\/www.cde.ual.es\/?p=170757#respond"]}]},{"@type":"WebPage","@id":"https:\/\/www.cde.ual.es\/?p=170757","url":"https:\/\/www.cde.ual.es\/?p=170757","name":"2026 Competition: \u2018Languages Bring Us Together\u2019 | CDE Almer\u00eda - Centro de Documentaci\u00f3n Europea - Universidad de Almer\u00eda","isPartOf":{"@id":"https:\/\/www.cde.ual.es\/#website"},"primaryImageOfPage":{"@id":"https:\/\/www.cde.ual.es\/?p=170757#primaryimage"},"image":{"@id":"https:\/\/www.cde.ual.es\/?p=170757#primaryimage"},"thumbnailUrl":"https:\/\/www.cde.ual.es\/wp-content\/uploads\/2026\/09\/tridindia-different-language-7389469_1920.jpg","datePublished":"2026-09-03T01:00:16+00:00","breadcrumb":{"@id":"https:\/\/www.cde.ual.es\/?p=170757#breadcrumb"},"inLanguage":"en-US","potentialAction":[{"@type":"ReadAction","target":["https:\/\/www.cde.ual.es\/?p=170757"]}]},{"@type":"ImageObject","inLanguage":"en-US","@id":"https:\/\/www.cde.ual.es\/?p=170757#primaryimage","url":"https:\/\/www.cde.ual.es\/wp-content\/uploads\/2026\/09\/tridindia-different-language-7389469_1920.jpg","contentUrl":"https:\/\/www.cde.ual.es\/wp-content\/uploads\/2026\/09\/tridindia-different-language-7389469_1920.jpg","width":1920,"height":1240},{"@type":"BreadcrumbList","@id":"https:\/\/www.cde.ual.es\/?p=170757#breadcrumb","itemListElement":[{"@type":"ListItem","position":1,"name":"Inicio","item":"https:\/\/www.cde.ual.es\/en\/"},{"@type":"ListItem","position":2,"name":"Convocatorias y Premios UE","item":"https:\/\/www.cde.ual.es\/category\/convocatorias-y-premios-ue\/"},{"@type":"ListItem","position":3,"name":"Otras","item":"https:\/\/www.cde.ual.es\/category\/convocatorias-y-premios-ue\/otras\/"},{"@type":"ListItem","position":4,"name":"2026 Competition: \u2018Languages Bring Us Together\u2019"}]},{"@type":"WebSite","@id":"https:\/\/www.cde.ual.es\/#website","url":"https:\/\/www.cde.ual.es\/","name":"CDE Almer\u00eda - Centro de Documentaci\u00f3n Europea - Universidad de Almer\u00eda","description":"Centro de Documentaci\u00f3n Europea de la Universidad de Almer\u00eda","publisher":{"@id":"https:\/\/www.cde.ual.es\/#organization"},"alternateName":"CDE Almer\u00eda","potentialAction":[{"@type":"SearchAction","target":{"@type":"EntryPoint","urlTemplate":"https:\/\/www.cde.ual.es\/?s={search_term_string}"},"query-input":{"@type":"PropertyValueSpecification","valueRequired":true,"valueName":"search_term_string"}}],"inLanguage":"en-US"},{"@type":"Organization","@id":"https:\/\/www.cde.ual.es\/#organization","name":"Centro de Documentaci\u00f3n Europea de Almer\u00eda","url":"https:\/\/www.cde.ual.es\/","logo":{"@type":"ImageObject","inLanguage":"en-US","@id":"https:\/\/www.cde.ual.es\/#\/schema\/logo\/image\/","url":"https:\/\/www.cde.ual.es\/wp-content\/uploads\/2025\/07\/cde-logo-3.png","contentUrl":"https:\/\/www.cde.ual.es\/wp-content\/uploads\/2025\/07\/cde-logo-3.png","width":1400,"height":300,"caption":"Centro de Documentaci\u00f3n Europea de Almer\u00eda"},"image":{"@id":"https:\/\/www.cde.ual.es\/#\/schema\/logo\/image\/"},"sameAs":["https:\/\/www.facebook.com\/cdeuniversidadalmeria\/","https:\/\/x.com\/cdeualmeria","https:\/\/www.tiktok.com\/@cdealmeria","https:\/\/www.instagram.com\/cdealmeria\/","https:\/\/www.linkedin.com\/in\/cde-almera-812b26a9\/"]},{"@type":"Person","@id":"https:\/\/www.cde.ual.es\/#\/schema\/person\/13895e824f15237b9d9b0152b5f65d80","name":"AdminCDE","image":{"@type":"ImageObject","inLanguage":"en-US","@id":"https:\/\/secure.gravatar.com\/avatar\/a72d038d371f995cd13706fac32274b7952a52e8fb0a84b5f80c85426f2a98a8?s=96&d=mm&r=g","url":"https:\/\/secure.gravatar.com\/avatar\/a72d038d371f995cd13706fac32274b7952a52e8fb0a84b5f80c85426f2a98a8?s=96&d=mm&r=g","contentUrl":"https:\/\/secure.gravatar.com\/avatar\/a72d038d371f995cd13706fac32274b7952a52e8fb0a84b5f80c85426f2a98a8?s=96&d=mm&r=g","caption":"AdminCDE"}}]}},"_links":{"self":[{"href":"https:\/\/www.cde.ual.es\/en\/wp-json\/wp\/v2\/posts\/170770","targetHints":{"allow":["GET"]}}],"collection":[{"href":"https:\/\/www.cde.ual.es\/en\/wp-json\/wp\/v2\/posts"}],"about":[{"href":"https:\/\/www.cde.ual.es\/en\/wp-json\/wp\/v2\/types\/post"}],"author":[{"embeddable":true,"href":"https:\/\/www.cde.ual.es\/en\/wp-json\/wp\/v2\/users\/1"}],"replies":[{"embeddable":true,"href":"https:\/\/www.cde.ual.es\/en\/wp-json\/wp\/v2\/comments?post=170770"}],"version-history":[{"count":4,"href":"https:\/\/www.cde.ual.es\/en\/wp-json\/wp\/v2\/posts\/170770\/revisions"}],"predecessor-version":[{"id":170775,"href":"https:\/\/www.cde.ual.es\/en\/wp-json\/wp\/v2\/posts\/170770\/revisions\/170775"}],"wp:featuredmedia":[{"embeddable":true,"href":"https:\/\/www.cde.ual.es\/en\/wp-json\/wp\/v2\/media\/170767"}],"wp:attachment":[{"href":"https:\/\/www.cde.ual.es\/en\/wp-json\/wp\/v2\/media?parent=170770"}],"wp:term":[{"taxonomy":"category","embeddable":true,"href":"https:\/\/www.cde.ual.es\/en\/wp-json\/wp\/v2\/categories?post=170770"},{"taxonomy":"post_tag","embeddable":true,"href":"https:\/\/www.cde.ual.es\/en\/wp-json\/wp\/v2\/tags?post=170770"}],"curies":[{"name":"wp","href":"https:\/\/api.w.org\/{rel}","templated":true}]}}